{"id":10086,"date":"2013-04-16T20:37:11","date_gmt":"2013-04-16T18:37:11","guid":{"rendered":"http:\/\/blog.kunstgriff.net\/?p=10086"},"modified":"2016-08-29T15:06:43","modified_gmt":"2016-08-29T13:06:43","slug":"zurich-sihl-feierabendlauf","status":"publish","type":"post","link":"https:\/\/blog.kunstgriff.net\/?p=10086","title":{"rendered":"Z\u00fcrich-Sihl-Feierabendlauf"},"content":{"rendered":"<span class=\"span-reading-time rt-reading-time\" style=\"display: block;\"><span class=\"rt-label rt-prefix\">Lesezeit: <\/span> <span class=\"rt-time\"> &lt; 1<\/span> <span class=\"rt-label rt-postfix\">Minute<\/span><\/span><h4>oder \u00bbDas ging auch schon mal besser\u2026\u00ab<\/h4>\n<hr \/>\n<p>Vor einer Woche schon versuchte ich mich an einer Laufeinheit nach Feierabend. Meinem <a href=\"http:\/\/www.amazon.de\/gp\/product\/B001JAGZC2\/ref=as_li_ss_tl?ie=UTF8&amp;tag=gaba08-21&amp;linkCode=as2&amp;camp=1638&amp;creative=19454&amp;creativeASIN=B001JAGZC2\">elektronischen Aufzeichnungsger\u00e4t<\/a>\u00a0war der <del datetime=\"2013-04-16T18:09:02+00:00\">Juice<\/del> Saft ausgegangen und das spezielle Ladeger\u00e4t lag in der Heimat, also gab\u2019s keine Aufzeichnung und keinen Blogeintrag.<\/p>\n<p>Die Performance und Laufdistanz war eh unterirdisch und so wollte ich mir nicht vor aller Welt die Bl\u00f6\u00dfe geben. Also heute ein neuer Versuch des Wiedereinstiegs. Vorweg: Mission erf\u00fcllt \u2013 10 Lauf-Kilometer wurden erfolgreich <del>abgerissen<\/del> absolviert. Aber nicht mehr und nicht weniger. In einer Zeit die gerade so akzeptable ist, ach was sag ich. Eigentlich nicht. Ich kam mir vor wie ein Schleicher. H\u00e4tte ich mich wenigstens locker und gut gef\u00fchlt, w\u00e4hrend des Laufs!<\/p>\n<p>Die Rahmenbedingungen waren Ideal: 20\u00b0C, blauer Himmel und ein leises L\u00fcftchen. Es dauerte jedoch wieder ewig, bis ich ein wenig von dem <em>Flow<\/em> versp\u00fcrte, den ich in meinen vergangenen L\u00e4ufen so lieben und sch\u00e4tzen gelernt hatte. Erstaunlich, was doch die fehlende Laufroutine ausmacht!<\/p>\n<p>So konnte ich\u00a0<del>lange<\/del> die ganze Zeit meine Umwelt kaum genie\u00dfen und die erstklassige Laufstrecke entlang des <a href=\"http:\/\/de.wikipedia.org\/wiki\/Sihl\" target=\"_blank\">Sihls<\/a>, einem\u00a0Nebenfluss der Limmat, in mir aufsaugen.<\/p>\n<p>Zur\u00fcck am Hotel freute ich mich dann aber sehr, denn ein Wiedereinstieg war gemacht.<\/p>\n<p>Das Foto zeigt die Teilung von Sihl und Limmat. Im Hintergrund mein Marriot-Hotel. Mal schauen ob ich mich am Donnerstag wieder aufraffen kann!?<\/p>\n<figure style=\"width: 1100px\" class=\"wp-caption aligncenter\"><img decoding=\"async\" class=\"   \" title=\"Platzspitz Sihl Limmat\" alt=\"\" src=\"http:\/\/upload.wikimedia.org\/wikipedia\/commons\/c\/cd\/Platzspitz_Sihl_Limmat.jpg\" width=\"1100\" \/><figcaption class=\"wp-caption-text\">By de:Benutzer:Albinfo (selber fotografiert im Fr\u00fchling 2005.) [GFDL (http:\/\/www.gnu.org\/copyleft\/fdl.html) or CC-BY-SA-3.0 (http:\/\/creativecommons.org\/licenses\/by-sa\/3.0\/)], via Wikimedia Commons<\/figcaption><\/figure>\n<p><iframe height='405' width='590' frameborder='0' allowtransparency='true' scrolling='no' src='https:\/\/www.strava.com\/activities\/49114711\/embed\/e369090a6e4a24d6e13a3993e2e7cc26641f20ae'><\/iframe><\/p>\n","protected":false},"excerpt":{"rendered":"<p>oder \u00bbDas ging auch schon mal besser\u2026\u00ab Vor einer Woche schon versuchte ich mich an einer Laufeinheit nach Feierabend. Meinem elektronischen Aufzeichnungsger\u00e4t\u00a0war der Juice Saft ausgegangen und das spezielle Ladeger\u00e4t lag in der Heimat, also gab\u2019s keine Aufzeichnung und keinen Blogeintrag. Die Performance und Laufdistanz war eh unterirdisch und so wollte ich mir nicht vor &hellip; <\/p>\n<p class=\"link-more\"><a href=\"https:\/\/blog.kunstgriff.net\/?p=10086\" class=\"more-link\"><span class=\"screen-reader-text\">\u201eZ\u00fcrich-Sihl-Feierabendlauf\u201c <\/span>weiterlesen<\/a><\/p>\n","protected":false},"author":2,"featured_media":0,"comment_status":"open","ping_status":"open","sticky":false,"template":"","format":"standard","meta":{"jetpack_post_was_ever_published":false,"_jetpack_newsletter_access":"","_jetpack_dont_email_post_to_subs":false,"_jetpack_newsletter_tier_id":0,"_jetpack_memberships_contains_paywalled_content":false,"_jetpack_memberships_contains_paid_content":false,"footnotes":""},"categories":[10],"tags":[],"class_list":["post-10086","post","type-post","status-publish","format-standard","hentry","category-laufen"],"jetpack_featured_media_url":"","jetpack_shortlink":"https:\/\/wp.me\/p8Cxe7-2CG","jetpack-related-posts":[{"id":1440,"url":"https:\/\/blog.kunstgriff.net\/?p=1440","url_meta":{"origin":10086,"position":0},"title":"Skoda Velothon Berlin 2010","author":"Georg","date":"Mai 30, 2010","format":false,"excerpt":"Die Nacht war kurz, denn der Grand Prix Eurovision mit unserer Lena wollte am Vorabend gesehen werden und so kam ich erst um kurz nach 1 ins Bett und der Wecker klingelte gewohnt um 6:29 Uhr. Ich war sofort hellwach und wagte einen Blick aus dem Wohnzimmerfenster auf die Stra\u00dfe\u2026","rel":"","context":"In &quot;Besonderes Ereignis&quot;","block_context":{"text":"Besonderes Ereignis","link":"https:\/\/blog.kunstgriff.net\/?cat=25"},"img":{"alt_text":"","src":"https:\/\/i0.wp.com\/blog.kunstgriff.net\/wp-content\/uploads\/2010\/05\/DSCF1136.jpg?fit=1000%2C750&ssl=1&resize=350%2C200","width":350,"height":200,"srcset":"https:\/\/i0.wp.com\/blog.kunstgriff.net\/wp-content\/uploads\/2010\/05\/DSCF1136.jpg?fit=1000%2C750&ssl=1&resize=350%2C200 1x, https:\/\/i0.wp.com\/blog.kunstgriff.net\/wp-content\/uploads\/2010\/05\/DSCF1136.jpg?fit=1000%2C750&ssl=1&resize=525%2C300 1.5x, https:\/\/i0.wp.com\/blog.kunstgriff.net\/wp-content\/uploads\/2010\/05\/DSCF1136.jpg?fit=1000%2C750&ssl=1&resize=700%2C400 2x"},"classes":[]},{"id":10708,"url":"https:\/\/blog.kunstgriff.net\/?p=10708","url_meta":{"origin":10086,"position":1},"title":"B\u00e4ckerrunde nach Fehrbellin","author":"Georg","date":"August 11, 2013","format":false,"excerpt":"oder \u00bbSonntags-Tour mit (zu) vielen G\u00e4sten\u00abRecht kurzentschlossen machte ich mich auf den Weg nach Falkensee, denn Susanne hatte zur B\u00e4cker-Runde gerufen. Im Vorfeld gab es einige Diskussionen zur Reisegeschwindigkeit, die mich aber nicht tangierten. Sicher w\u00fcrde sich eine sch\u00f6ne homogene Gruppe finden, ich der auch ich meine Freude haben w\u00fcrde.\u2026","rel":"","context":"In &quot;Radfahren&quot;","block_context":{"text":"Radfahren","link":"https:\/\/blog.kunstgriff.net\/?cat=14"},"img":{"alt_text":"","src":"https:\/\/i0.wp.com\/blog.kunstgriff.net\/wp-content\/uploads\/2013\/08\/Riesen-Bande-vor-dem-Rathaus.jpg?fit=1200%2C900&ssl=1&resize=350%2C200","width":350,"height":200,"srcset":"https:\/\/i0.wp.com\/blog.kunstgriff.net\/wp-content\/uploads\/2013\/08\/Riesen-Bande-vor-dem-Rathaus.jpg?fit=1200%2C900&ssl=1&resize=350%2C200 1x, https:\/\/i0.wp.com\/blog.kunstgriff.net\/wp-content\/uploads\/2013\/08\/Riesen-Bande-vor-dem-Rathaus.jpg?fit=1200%2C900&ssl=1&resize=525%2C300 1.5x, https:\/\/i0.wp.com\/blog.kunstgriff.net\/wp-content\/uploads\/2013\/08\/Riesen-Bande-vor-dem-Rathaus.jpg?fit=1200%2C900&ssl=1&resize=700%2C400 2x, https:\/\/i0.wp.com\/blog.kunstgriff.net\/wp-content\/uploads\/2013\/08\/Riesen-Bande-vor-dem-Rathaus.jpg?fit=1200%2C900&ssl=1&resize=1050%2C600 3x"},"classes":[]},{"id":2470,"url":"https:\/\/blog.kunstgriff.net\/?p=2470","url_meta":{"origin":10086,"position":2},"title":"\u00bbTop-Verpfleger\u00ab beim 37. Berlin Marathon","author":"Georg","date":"September 26, 2010","format":false,"excerpt":"Die Nacht war kurz, denn bedingt durch Mark\u2019s Geburtstagsparty bin ich erst um halb 2 ins Bett gekommen und der Wecker riss mich um 6 Uhr aus dem Tiefschlaf. Benommen riskierte ich einen Blick aus dem Fenster: Vor mir stra\u00dfenlaternen beleuchteter nasser Asphalt und dicke Regentropfen, die auf diesen tropften.\u2026","rel":"","context":"In &quot;Radfahren&quot;","block_context":{"text":"Radfahren","link":"https:\/\/blog.kunstgriff.net\/?cat=14"},"img":{"alt_text":"","src":"https:\/\/i0.wp.com\/blog.kunstgriff.net\/wp-content\/uploads\/2010\/09\/IMG_0003.jpg?resize=350%2C200","width":350,"height":200,"srcset":"https:\/\/i0.wp.com\/blog.kunstgriff.net\/wp-content\/uploads\/2010\/09\/IMG_0003.jpg?resize=350%2C200 1x, https:\/\/i0.wp.com\/blog.kunstgriff.net\/wp-content\/uploads\/2010\/09\/IMG_0003.jpg?resize=525%2C300 1.5x"},"classes":[]},{"id":1380,"url":"https:\/\/blog.kunstgriff.net\/?p=1380","url_meta":{"origin":10086,"position":3},"title":"Rh\u00f6n-Rad Marathon Super-Cup","author":"Georg","date":"Mai 23, 2010","format":false,"excerpt":"212,7 km | 3.726 H\u00f6henmeter Nach einer zweiten kurzen Nacht mit automatischem aufgeregten Aufwachen um 4:29 Uhr in einer komfortablen kleinen Pension in Bad Salzschlirf ging es nach einem recht \u00fcbersichtlichem Fr\u00fchst\u00fcck, bestehend aus drei Honigbr\u00f6tchen und drei Tassen Kaffee mit dem Auto ins 10 km entfernte Bimbach. Die freiwillige\u2026","rel":"","context":"In &quot;Radfahren&quot;","block_context":{"text":"Radfahren","link":"https:\/\/blog.kunstgriff.net\/?cat=14"},"img":{"alt_text":"","src":"https:\/\/i0.wp.com\/blog.kunstgriff.net\/wp-content\/uploads\/2010\/05\/100_3005.jpg?fit=510%2C340&ssl=1&resize=350%2C200","width":350,"height":200},"classes":[]},{"id":2169,"url":"https:\/\/blog.kunstgriff.net\/?p=2169","url_meta":{"origin":10086,"position":4},"title":"21. RTF \u00bbRund um Berlin\u00ab","author":"Georg","date":"August 8, 2010","format":false,"excerpt":"oder \"Wird es dieses Jahr wieder m\u00f6glich sein, unter 6 Stunden zu bleiben?\"Heute stand ja wieder so ein \u00bbJahreshighlight\u00ab an, auf das ich mich schon die ganze Woche freute, deshalb wachte ich auch f\u00fcnfzehn Minuten vor dem eigentlichen Weckerklingeln um 6 Uhr auf und toastete Br\u00f6tchen und bereitete Kaffee. Um\u2026","rel":"","context":"In &quot;Garmin&quot;","block_context":{"text":"Garmin","link":"https:\/\/blog.kunstgriff.net\/?cat=35"},"img":{"alt_text":"","src":"","width":0,"height":0},"classes":[]},{"id":72,"url":"https:\/\/blog.kunstgriff.net\/?p=72","url_meta":{"origin":10086,"position":5},"title":"\u00bbIdentity theft\u00ab Part 1","author":"Georg","date":"Oktober 14, 2009","format":false,"excerpt":"Bisher kannte ich dieses neue Internetwort nur aus der Presse und dachte\u00a0\"So etwas kann mir nicht passieren\" - aber weit gefehlt. Wie jeden Feierabend \u00f6ffnete ich meinen Hausbriefkasten und fand dort\u00a0diesen Brief eines Obergerichtsvollziehers. Ich war nat\u00fcrlich mehr als irritiert, denn Post vom\u00a0Obergerichtsvollzieher bekommt man ja nicht alle Tage und\u2026","rel":"","context":"In &quot;Allgemein&quot;","block_context":{"text":"Allgemein","link":"https:\/\/blog.kunstgriff.net\/?cat=1"},"img":{"alt_text":"Briefkasten","src":"https:\/\/i0.wp.com\/blog.kunstgriff.net\/wp-content\/uploads\/2009\/10\/Briefkasten5.jpg?resize=350%2C200","width":350,"height":200},"classes":[]}],"jetpack_likes_enabled":true,"jetpack_sharing_enabled":true,"_links":{"self":[{"href":"https:\/\/blog.kunstgriff.net\/index.php?rest_route=\/wp\/v2\/posts\/10086","targetHints":{"allow":["GET"]}}],"collection":[{"href":"https:\/\/blog.kunstgriff.net\/index.php?rest_route=\/wp\/v2\/posts"}],"about":[{"href":"https:\/\/blog.kunstgriff.net\/index.php?rest_route=\/wp\/v2\/types\/post"}],"author":[{"embeddable":true,"href":"https:\/\/blog.kunstgriff.net\/index.php?rest_route=\/wp\/v2\/users\/2"}],"replies":[{"embeddable":true,"href":"https:\/\/blog.kunstgriff.net\/index.php?rest_route=%2Fwp%2Fv2%2Fcomments&post=10086"}],"version-history":[{"count":0,"href":"https:\/\/blog.kunstgriff.net\/index.php?rest_route=\/wp\/v2\/posts\/10086\/revisions"}],"wp:attachment":[{"href":"https:\/\/blog.kunstgriff.net\/index.php?rest_route=%2Fwp%2Fv2%2Fmedia&parent=10086"}],"wp:term":[{"taxonomy":"category","embeddable":true,"href":"https:\/\/blog.kunstgriff.net\/index.php?rest_route=%2Fwp%2Fv2%2Fcategories&post=10086"},{"taxonomy":"post_tag","embeddable":true,"href":"https:\/\/blog.kunstgriff.net\/index.php?rest_route=%2Fwp%2Fv2%2Ftags&post=10086"}],"curies":[{"name":"wp","href":"https:\/\/api.w.org\/{rel}","templated":true}]}}