{"id":1018,"date":"2010-03-14T15:19:41","date_gmt":"2010-03-14T14:19:41","guid":{"rendered":"http:\/\/blog.kunstgriff.net\/?p=1018"},"modified":"2017-06-14T17:24:23","modified_gmt":"2017-06-14T15:24:23","slug":"trainingslager-mallorca-9-letzte-tag","status":"publish","type":"post","link":"https:\/\/blog.kunstgriff.net\/?p=1018","title":{"rendered":"Trainingslager Mallorca 9. &#038; letzter Tag"},"content":{"rendered":"<span class=\"span-reading-time rt-reading-time\" style=\"display: block;\"><span class=\"rt-label rt-prefix\">Lesezeit: <\/span> <span class=\"rt-time\"> 2<\/span> <span class=\"rt-label rt-postfix\">Minuten<\/span><\/span><p>Nach dem letzten Fr\u00fchst\u00fcck bekam ich fast den Eindruck als wolle sich die Insel mit mir verw\u00f6hnen: Der Himmel war nur gering bew\u00f6lkt und beim Warten auf den Chef-Trainer und den Rest der kleinen Gruppe w\u00e4rmte die Sonne, wie noch nie in diesem kalten Jahr. Ich f\u00fchlte mich fast zu warm angezogen. Dieser Eindruck verschwand aber schnell als es raus aus der Stadt ging: Der Wind blies doch recht heftig. Aber bei Sonnenschein geht alles gleich viel leichter.<br \/>\nHeute stand f\u00fcr mich nur eine kurze Runde von rund 80 km auf dem Programm. Mein Shuttle zum Flughafen kommt um 16 Uhr und vorher war noch Rad putzen und packen angesagt.<br \/>\nSo ging es z\u00fcgig raus durch das <del datetime=\"2010-03-14T13:52:06+00:00\">beinahe<\/del> legend\u00e4re Schilfffeld nach sa Pobla und dann konnten wir uns an eine gro\u00dfe Gruppe Engl\u00e4nder ranh\u00e4ngen, was die Fahrt doch recht entspannt machte. Am Abzweig nach Binissalem verabschiedete ich mich hastig von Heiko, Christian, Ulle und Dennis, die weiter in Richtung Palma radelten.<br \/>\nIch hatte mir als R\u00fcckweg den Weg durch das Peter-Maffey-Tal ausgesucht, welchen ich noch nie in diese Richtung gefahren bin. Einmal habe ich angehalten, weil die Sonne so sch\u00f6n schien, Einkehr mit Caf\u00e9 con Leche gab es heute nicht.<br \/>\n<strong>Fazit des Mallorca-2010-Trainingslagers:<\/strong> Das Wetter hat uns allen b\u00f6se zugesetzt und die Ausfahrten oft beschwerlich beginnen lassen. Wir haben uns aber nie durch das Wetter unterkriegen lassen und hatten trotzdem riesen Spass auf unseren Touren. Die Gruppe hat wieder super harmoniert und ich habe wieder viele neue nette Leute kennenlernen d\u00fcrfen. Das Hotel <em>Pollentia Club Resort<\/em> hat ein wenig nachgelassen. Das Personal war aber immer sehr bem\u00fcht das Beste aus Unp\u00e4sslichkeiten zu machen. Sehr lobenswert.<br \/>\nMitte letzter Woche w\u00e4re ich wegen des schlechten Wetters gerne abgereist, jetzt wo ich vor der T\u00fcr in der Sonne sitze und diese Zeilen schreibe k\u00f6nnte der Urlaub noch eine Woche dauern. Ich werde n\u00e4chstes Jahr wieder dabei sein, keine Frage, dann gleich in <em>Village<\/em> nicht <em>Maris<\/em> und mit 5 kg weniger auf den Rippen.<\/p>\n<p><strong>Statistik:<\/strong> 921 km in 34:26 Stunden Rennrad gefahren, 11,6 km gelaufen. 5.867 H\u00f6henmeter erklommen und  <em>endlos<\/em> Spass gehabt.<\/p>\n<p><iframe height='405' width='590' frameborder='0' allowtransparency='true' scrolling='no' src='https:\/\/www.strava.com\/activities\/698643301\/embed\/95c1d17e40dd51f7617473d71b020e061aa0d5f4'><\/iframe><\/p>\n","protected":false},"excerpt":{"rendered":"<p>Nach dem letzten Fr\u00fchst\u00fcck bekam ich fast den Eindruck als wolle sich die Insel mit mir verw\u00f6hnen: Der Himmel war nur gering bew\u00f6lkt und beim Warten auf den Chef-Trainer und den Rest der kleinen Gruppe w\u00e4rmte die Sonne, wie noch nie in diesem kalten Jahr. Ich f\u00fchlte mich fast zu warm angezogen. Dieser Eindruck verschwand &hellip; <\/p>\n<p class=\"link-more\"><a href=\"https:\/\/blog.kunstgriff.net\/?p=1018\" class=\"more-link\"><span class=\"screen-reader-text\">\u201eTrainingslager Mallorca 9. &#038; letzter Tag\u201c <\/span>weiterlesen<\/a><\/p>\n","protected":false},"author":2,"featured_media":0,"comment_status":"open","ping_status":"open","sticky":false,"template":"","format":"standard","meta":{"jetpack_post_was_ever_published":false,"_jetpack_newsletter_access":"","_jetpack_dont_email_post_to_subs":false,"_jetpack_newsletter_tier_id":0,"_jetpack_memberships_contains_paywalled_content":false,"_jetpack_memberships_contains_paid_content":false,"footnotes":""},"categories":[14,13,7],"tags":[],"class_list":["post-1018","post","type-post","status-publish","format-standard","hentry","category-radfahren","category-radreise","category-rennradfahren"],"jetpack_featured_media_url":"","jetpack_shortlink":"https:\/\/wp.me\/p8Cxe7-gq","jetpack-related-posts":[{"id":13318,"url":"https:\/\/blog.kunstgriff.net\/?p=13318","url_meta":{"origin":1018,"position":0},"title":"Viertel-Vor-Zehn-Gruppen-S\u00fcd-Runde","author":"Georg","date":"April 9, 2016","format":false,"excerpt":"oder \u00bbRollen mit der grossen Gruppe\u00ab [gcmap act=\"1119285056\" class=\"alignright\"]Eigentlich war geplant mit Oleg nach Treuenbrietzen zu fahren. Der Track war geladen und der Treffpunkt am Tunnel vereinbart. Als dann nur Oleg, Julia und Ralph am Tunnel standen, wurde mir ein wenig mulmig und ich entschloss mich mit der 10-Uhr-Gruppe aus\u2026","rel":"","context":"In &quot;Radfahren&quot;","block_context":{"text":"Radfahren","link":"https:\/\/blog.kunstgriff.net\/?cat=14"},"img":{"alt_text":"","src":"https:\/\/i0.wp.com\/blog.kunstgriff.net\/wp-content\/uploads\/2016\/04\/Nach-Zachwitz.jpg?fit=1200%2C900&ssl=1&resize=350%2C200","width":350,"height":200,"srcset":"https:\/\/i0.wp.com\/blog.kunstgriff.net\/wp-content\/uploads\/2016\/04\/Nach-Zachwitz.jpg?fit=1200%2C900&ssl=1&resize=350%2C200 1x, https:\/\/i0.wp.com\/blog.kunstgriff.net\/wp-content\/uploads\/2016\/04\/Nach-Zachwitz.jpg?fit=1200%2C900&ssl=1&resize=525%2C300 1.5x, https:\/\/i0.wp.com\/blog.kunstgriff.net\/wp-content\/uploads\/2016\/04\/Nach-Zachwitz.jpg?fit=1200%2C900&ssl=1&resize=700%2C400 2x, https:\/\/i0.wp.com\/blog.kunstgriff.net\/wp-content\/uploads\/2016\/04\/Nach-Zachwitz.jpg?fit=1200%2C900&ssl=1&resize=1050%2C600 3x"},"classes":[]},{"id":19328,"url":"https:\/\/blog.kunstgriff.net\/?p=19328","url_meta":{"origin":1018,"position":1},"title":"3-Seen-Runde auf dem Renner","author":"Georg","date":"Mai 1, 2019","format":false,"excerpt":"vom Sacrower See zum Schwielowsee nach Blankensee In Ermangelung geeigneter Tourenangebote der \u00fcblichen Quellen, musste ich mir am heutigen Feiertag selber eine Strecke zusammen klicken. Das geht mit dem Routenplaner von Strava einfach von der Hand. Nicht das ich Angst h\u00e4tte mich zu verfahren, aber ich wollte vorher sehen, wie\u2026","rel":"","context":"In &quot;Cake-Ride&quot;","block_context":{"text":"Cake-Ride","link":"https:\/\/blog.kunstgriff.net\/?cat=34"},"img":{"alt_text":"","src":"https:\/\/i0.wp.com\/blog.kunstgriff.net\/wp-content\/uploads\/2019\/05\/Sacrow-nach-Fahrland.jpg?fit=1200%2C800&ssl=1&resize=350%2C200","width":350,"height":200,"srcset":"https:\/\/i0.wp.com\/blog.kunstgriff.net\/wp-content\/uploads\/2019\/05\/Sacrow-nach-Fahrland.jpg?fit=1200%2C800&ssl=1&resize=350%2C200 1x, https:\/\/i0.wp.com\/blog.kunstgriff.net\/wp-content\/uploads\/2019\/05\/Sacrow-nach-Fahrland.jpg?fit=1200%2C800&ssl=1&resize=525%2C300 1.5x, https:\/\/i0.wp.com\/blog.kunstgriff.net\/wp-content\/uploads\/2019\/05\/Sacrow-nach-Fahrland.jpg?fit=1200%2C800&ssl=1&resize=700%2C400 2x, https:\/\/i0.wp.com\/blog.kunstgriff.net\/wp-content\/uploads\/2019\/05\/Sacrow-nach-Fahrland.jpg?fit=1200%2C800&ssl=1&resize=1050%2C600 3x"},"classes":[]},{"id":4630,"url":"https:\/\/blog.kunstgriff.net\/?p=4630","url_meta":{"origin":1018,"position":2},"title":"Viertel-vor-Zehn-Gruppe","author":"Georg","date":"Mai 21, 2011","format":false,"excerpt":"oder \u00bbDoch ein wenig ruhiger\u00abGeplant war heute mit der \u00bb10-Uhr-Gruppe\u00ab zu fahren. Daf\u00fcr wollte ich p\u00fcnktlich am Auerbachtunnel sein. Als ich dort um 9:47 Uhr eintraf, war die \u00bb\u00bc-vor-10-Gruppe\u00ab gerade mit einem Interview f\u00fcr ein RBB-Team fertig und machte sich auf den Weg die Krone hinunter. \u00dcber 20 Frauen und\u2026","rel":"","context":"In &quot;Radfahren&quot;","block_context":{"text":"Radfahren","link":"https:\/\/blog.kunstgriff.net\/?cat=14"},"img":{"alt_text":"","src":"","width":0,"height":0},"classes":[]},{"id":1944,"url":"https:\/\/blog.kunstgriff.net\/?p=1944","url_meta":{"origin":1018,"position":3},"title":"Sonntags-Tour zum Scharm\u00fctzelsee","author":"Georg","date":"Juli 4, 2010","format":false,"excerpt":"oder \"Der Garmin weiss nicht immer den rechten Weg\"Heute hatte Ralf H. von Rennradtraining zu dieser Tour an den Scharm\u00fctzelsee aufgerufen. Es ging erst recht sp\u00e4t um 10 Uhr vom Bahnhof Neuk\u00f6lln los, zu dem ich mit der S-Bahn anreiste. Dort waren schon einige Radler versammelt: Ralf H., Antje, Dirk,\u2026","rel":"","context":"In &quot;Garmin&quot;","block_context":{"text":"Garmin","link":"https:\/\/blog.kunstgriff.net\/?cat=35"},"img":{"alt_text":"","src":"https:\/\/i0.wp.com\/blog.kunstgriff.net\/wp-content\/uploads\/2010\/07\/Bildschirmfoto-2010-07-04-um-19.37.13.png?resize=350%2C200","width":350,"height":200},"classes":[]},{"id":21899,"url":"https:\/\/blog.kunstgriff.net\/?p=21899","url_meta":{"origin":1018,"position":4},"title":"P\u00e4wesin-Runde #12","author":"Georg","date":"Oktober 25, 2020","format":false,"excerpt":"Heute wieder mit F\u00e4hrfahrt Nachdem ich in letzter Zeit ausschlie\u00dflich auf Zwift unterwegs war, war heute Wetter und Mitfahrer so hervorragend, da\u00df ich das Drau\u00dfen-Fahren nicht verweigern konnte. Trotz der Komfortzone von den eigenen Vier-W\u00e4nden und dem darin komfortabel abzuhaltenden Training als Alternativprogramm. Erstmal gab es schon vor der Haust\u00fcr\u2026","rel":"","context":"In &quot;Cake-Ride&quot;","block_context":{"text":"Cake-Ride","link":"https:\/\/blog.kunstgriff.net\/?cat=34"},"img":{"alt_text":"Die Bande am Tunnel","src":"https:\/\/i0.wp.com\/blog.kunstgriff.net\/wp-content\/uploads\/2020\/10\/Die-Bande-am-Tunnel.jpg?fit=1200%2C800&ssl=1&resize=350%2C200","width":350,"height":200,"srcset":"https:\/\/i0.wp.com\/blog.kunstgriff.net\/wp-content\/uploads\/2020\/10\/Die-Bande-am-Tunnel.jpg?fit=1200%2C800&ssl=1&resize=350%2C200 1x, https:\/\/i0.wp.com\/blog.kunstgriff.net\/wp-content\/uploads\/2020\/10\/Die-Bande-am-Tunnel.jpg?fit=1200%2C800&ssl=1&resize=525%2C300 1.5x, https:\/\/i0.wp.com\/blog.kunstgriff.net\/wp-content\/uploads\/2020\/10\/Die-Bande-am-Tunnel.jpg?fit=1200%2C800&ssl=1&resize=700%2C400 2x, https:\/\/i0.wp.com\/blog.kunstgriff.net\/wp-content\/uploads\/2020\/10\/Die-Bande-am-Tunnel.jpg?fit=1200%2C800&ssl=1&resize=1050%2C600 3x"},"classes":[]},{"id":6570,"url":"https:\/\/blog.kunstgriff.net\/?p=6570","url_meta":{"origin":1018,"position":5},"title":"Tirschenreuther-Ring-Runde v2","author":"Georg","date":"November 13, 2011","format":false,"excerpt":"oder \u00bbJanz sch\u00f6n frisch da drau\u00dfen!\u00abAls ich mich vor gut 8 Wochen mit den Jungs da unten zum Radeln getroffen habe, waren die klimatischen Bedingungen noch ein wenig anders: fast 20\u00b0C mehr an \u00d8-Temperatur waren auf dem Thermometer. Egal, Oleg, Herbert, Stefan H., Dirk S. und ich lie\u00dfen uns vom\u2026","rel":"","context":"In &quot;Radfahren&quot;","block_context":{"text":"Radfahren","link":"https:\/\/blog.kunstgriff.net\/?cat=14"},"img":{"alt_text":"","src":"https:\/\/i0.wp.com\/blog.kunstgriff.net\/wp-content\/uploads\/2011\/11\/Dirk-und-Stefan-kurz-vor-Gro%C3%9Fbeeren-300x225.jpg?resize=350%2C200","width":350,"height":200},"classes":[]}],"jetpack_likes_enabled":true,"jetpack_sharing_enabled":true,"_links":{"self":[{"href":"https:\/\/blog.kunstgriff.net\/index.php?rest_route=\/wp\/v2\/posts\/1018","targetHints":{"allow":["GET"]}}],"collection":[{"href":"https:\/\/blog.kunstgriff.net\/index.php?rest_route=\/wp\/v2\/posts"}],"about":[{"href":"https:\/\/blog.kunstgriff.net\/index.php?rest_route=\/wp\/v2\/types\/post"}],"author":[{"embeddable":true,"href":"https:\/\/blog.kunstgriff.net\/index.php?rest_route=\/wp\/v2\/users\/2"}],"replies":[{"embeddable":true,"href":"https:\/\/blog.kunstgriff.net\/index.php?rest_route=%2Fwp%2Fv2%2Fcomments&post=1018"}],"version-history":[{"count":0,"href":"https:\/\/blog.kunstgriff.net\/index.php?rest_route=\/wp\/v2\/posts\/1018\/revisions"}],"wp:attachment":[{"href":"https:\/\/blog.kunstgriff.net\/index.php?rest_route=%2Fwp%2Fv2%2Fmedia&parent=1018"}],"wp:term":[{"taxonomy":"category","embeddable":true,"href":"https:\/\/blog.kunstgriff.net\/index.php?rest_route=%2Fwp%2Fv2%2Fcategories&post=1018"},{"taxonomy":"post_tag","embeddable":true,"href":"https:\/\/blog.kunstgriff.net\/index.php?rest_route=%2Fwp%2Fv2%2Ftags&post=1018"}],"curies":[{"name":"wp","href":"https:\/\/api.w.org\/{rel}","templated":true}]}}