{"id":10216,"date":"2013-05-01T17:16:10","date_gmt":"2013-05-01T15:16:10","guid":{"rendered":"http:\/\/blog.kunstgriff.net\/?p=10216"},"modified":"2016-08-29T14:59:22","modified_gmt":"2016-08-29T12:59:22","slug":"lowenberger-land-tour","status":"publish","type":"post","link":"https:\/\/blog.kunstgriff.net\/?p=10216","title":{"rendered":"L\u00f6wenberger Land Tour"},"content":{"rendered":"<span class=\"span-reading-time rt-reading-time\" style=\"display: block;\"><span class=\"rt-label rt-prefix\">Lesezeit: <\/span> <span class=\"rt-time\"> 2<\/span> <span class=\"rt-label rt-postfix\">Minuten<\/span><\/span><h4>oder \u00bbTag der Arbeit auf dem Renner\u00ab<\/h4>\n<hr \/>\n<p><a href=\"http:\/\/blog.kunstgriff.net\/?p=5878\" target=\"_blank\">Lange<\/a> ist es her, dass ich im L\u00f6wenberger Land mit dem Renner unterwegs war. So traf es sich hervorragend, dass Tom heute eine Tour in genau diese Region Brandenburgs anbot.<\/p>\n<p>Am bekannten Kreisverkehr in B\u00f6tzow war Treffpunkt, zum dem ich mich mit Stefan B. aufmachte. Als wir um kurz vor 10:30 Uhr dort eintrafen war schon reger Betrieb. Tiefsinnige Gespr\u00e4che wurden bei 12\u00b0C gef\u00fchrt. Zum Beispiel, dass ich zu warm angezogen sein, dem ich widersprach.<\/p>\n<p>Als es dann endlich los ging, war die Freude gross, endlich in gro\u00dfer, windschattiger Gruppe durchstarten zu k\u00f6nnen. Erstmal immer nordw\u00e4rts. Die F\u00fchrungen wurden lange gefahren und so dauerte es eine gef\u00fchlte Ewigkeit, bis ich auch mal vorne mitmischen durfte.<\/p>\n<p><a href=\"https:\/\/i0.wp.com\/blog.kunstgriff.net\/wp-content\/uploads\/2013\/05\/Spass-im-Sattel.jpg\"><img data-recalc-dims=\"1\" loading=\"lazy\" decoding=\"async\" data-attachment-id=\"10220\" data-permalink=\"https:\/\/blog.kunstgriff.net\/?attachment_id=10220\" data-orig-file=\"https:\/\/i0.wp.com\/blog.kunstgriff.net\/wp-content\/uploads\/2013\/05\/Spass-im-Sattel.jpg?fit=1000%2C750&amp;ssl=1\" data-orig-size=\"1000,750\" data-comments-opened=\"1\" data-image-meta=\"{&quot;aperture&quot;:&quot;2.8&quot;,&quot;credit&quot;:&quot;&quot;,&quot;camera&quot;:&quot;Canon DIGITAL IXUS 870 IS&quot;,&quot;caption&quot;:&quot;&quot;,&quot;created_timestamp&quot;:&quot;1367406093&quot;,&quot;copyright&quot;:&quot;&quot;,&quot;focal_length&quot;:&quot;5&quot;,&quot;iso&quot;:&quot;80&quot;,&quot;shutter_speed&quot;:&quot;0.004&quot;,&quot;title&quot;:&quot;&quot;}\" data-image-title=\"Spass im Sattel\" data-image-description=\"\" data-image-caption=\"\" data-large-file=\"https:\/\/i0.wp.com\/blog.kunstgriff.net\/wp-content\/uploads\/2013\/05\/Spass-im-Sattel.jpg?fit=1000%2C750&amp;ssl=1\" class=\"alignleft size-medium wp-image-10220\" alt=\"Spass im Sattel\" src=\"https:\/\/i0.wp.com\/blog.kunstgriff.net\/wp-content\/uploads\/2013\/05\/Spass-im-Sattel-300x225.jpg?resize=300%2C225\" width=\"300\" height=\"225\" srcset=\"https:\/\/i0.wp.com\/blog.kunstgriff.net\/wp-content\/uploads\/2013\/05\/Spass-im-Sattel.jpg?resize=300%2C225&amp;ssl=1 300w, https:\/\/i0.wp.com\/blog.kunstgriff.net\/wp-content\/uploads\/2013\/05\/Spass-im-Sattel.jpg?resize=400%2C300&amp;ssl=1 400w, https:\/\/i0.wp.com\/blog.kunstgriff.net\/wp-content\/uploads\/2013\/05\/Spass-im-Sattel.jpg?w=1000&amp;ssl=1 1000w\" sizes=\"auto, (max-width: 300px) 100vw, 300px\" \/><\/a>Die B\u00e4ume begannen ihr Bl\u00e4tterkleid zu pr\u00e4sentieren und wir genossen das herrliche Gr\u00fcn und die gute Luft. Ein wunderbarer Tag zum Radfahren.<\/p>\n<p>Auch auf der Ost-West-Passage von L\u00f6wenberg nach Herzberg meinte es der Wind heute gut mit uns und blies uns f\u00f6rmlich voran. Gerade diesen Sektor hatte ich in ganz anderer Erinnerung. Wehe wenn hier der Wind aus Westen kommt. Die Kommune wird hier nicht umsonst die vielen gro\u00dfen Windr\u00e4der installiert haben.<\/p>\n<p>In Herzberg verabschiedeten wir uns von Christian und strampelten gemeinsam, nun gegen den Wind, gen S\u00fcden. Unser Etappenziel in Kremmen wurde kurzerhand vom Touren-Guide wegdiskutiert und nach Staffelde verlegt. Keine gute Entscheidung, wie sich sp\u00e4ter heraus stellen sollte.<\/p>\n<p><a href=\"https:\/\/i0.wp.com\/blog.kunstgriff.net\/wp-content\/uploads\/2013\/05\/Durch-gr%C3%BCne-W%C3%A4lder.jpg\"><img data-recalc-dims=\"1\" loading=\"lazy\" decoding=\"async\" data-attachment-id=\"10219\" data-permalink=\"https:\/\/blog.kunstgriff.net\/?attachment_id=10219\" data-orig-file=\"https:\/\/i0.wp.com\/blog.kunstgriff.net\/wp-content\/uploads\/2013\/05\/Durch-gr%C3%BCne-W%C3%A4lder.jpg?fit=1000%2C750&amp;ssl=1\" data-orig-size=\"1000,750\" data-comments-opened=\"1\" data-image-meta=\"{&quot;aperture&quot;:&quot;2.8&quot;,&quot;credit&quot;:&quot;&quot;,&quot;camera&quot;:&quot;Canon DIGITAL IXUS 870 IS&quot;,&quot;caption&quot;:&quot;&quot;,&quot;created_timestamp&quot;:&quot;1367406074&quot;,&quot;copyright&quot;:&quot;&quot;,&quot;focal_length&quot;:&quot;5&quot;,&quot;iso&quot;:&quot;80&quot;,&quot;shutter_speed&quot;:&quot;0.0025&quot;,&quot;title&quot;:&quot;&quot;}\" data-image-title=\"Durch gr\u00fcne W\u00e4lder\" data-image-description=\"\" data-image-caption=\"\" data-large-file=\"https:\/\/i0.wp.com\/blog.kunstgriff.net\/wp-content\/uploads\/2013\/05\/Durch-gr%C3%BCne-W%C3%A4lder.jpg?fit=1000%2C750&amp;ssl=1\" class=\"alignright size-medium wp-image-10219\" alt=\"Durch gr\u00fcne W\u00e4lder\" src=\"https:\/\/i0.wp.com\/blog.kunstgriff.net\/wp-content\/uploads\/2013\/05\/Durch-gr%C3%BCne-W%C3%A4lder-300x225.jpg?resize=300%2C225\" width=\"300\" height=\"225\" srcset=\"https:\/\/i0.wp.com\/blog.kunstgriff.net\/wp-content\/uploads\/2013\/05\/Durch-gr%C3%BCne-W%C3%A4lder.jpg?resize=300%2C225&amp;ssl=1 300w, https:\/\/i0.wp.com\/blog.kunstgriff.net\/wp-content\/uploads\/2013\/05\/Durch-gr%C3%BCne-W%C3%A4lder.jpg?resize=400%2C300&amp;ssl=1 400w, https:\/\/i0.wp.com\/blog.kunstgriff.net\/wp-content\/uploads\/2013\/05\/Durch-gr%C3%BCne-W%C3%A4lder.jpg?w=1000&amp;ssl=1 1000w\" sizes=\"auto, (max-width: 300px) 100vw, 300px\" \/><\/a>Das erste Caf\u00e9 war dort geschlossen und im Zweiten konnten wir zwar drau\u00dfen in der Sonne sitzen, aber dass war es dann auch schon mit der <em>Einkehr-Freude.<\/em><\/p>\n<p>Der f\u00fcr 3,- \u20ac m\u00fcndlich vom Wirt angebotene Apfelstrudel &#8211; Kuchen gab es keinen &#8211; war <a href=\"http:\/\/www.supermarktcheck.de\/aldi-sued\/sortiment\/apfelstrudel\/\" target=\"_blank\">einfachste Industrie-TK-Ware<\/a>. Beim Bezahlen dann, welch \u00dcberraschung, sollte das Teilchen auf einmal 4,50 \u20ac kosten. Nach Einspruch wurde uns der zuvor angebotene Preis gew\u00e4hrt. Solch eine Unverfrorenheit habe ich bisher nur auf <a href=\"http:\/\/blog.kunstgriff.net\/?p=8729\" target=\"_blank\">Touren im sch\u00f6nen Umland<\/a> erlebt. Es sei hiermit vor der Gastst\u00e4tte <a href=\"https:\/\/www.google.de\/url?sa=t&amp;rct=j&amp;q=&amp;esrc=s&amp;source=web&amp;cd=1&amp;ved=0CDMQFjAA&amp;url=https%3A%2F%2Fplus.google.com%2F105967564498246750839%2Fabout%3Fgl%3Dde%26hl%3Dde&amp;ei=di6BUe7bL47WPYyogOAJ&amp;usg=AFQjCNGodRXDD7jkWc1dZnB_FWROSfsz0Q&amp;sig2=cT4elUoTS0qO-oerKyBRyw&amp;bvm=bv.45921128,d.ZWU\" target=\"_blank\"><em>Zur\u00a0Tenne<\/em><\/a> in Staffelde gewarnt.<\/p>\n<p>Nach einem d\u00fcnnen Kaffee ging es nun endlich weiter \u00fcber B\u00f6rnicke auf bekannten Wegen wieder Richtung Heimat. Ich f\u00fchlte mich ersch\u00f6pft und hatte Kopfschmerzen. War die Runde heute zu hart? Hatte ich den Work-Out von gestern noch in den Beinen? Ich sehnte mich nach meiner Couch. Damit war ich nicht allein, auch Alexander wollte nicht mehr wirklich. Egal, beissen und durch.<\/p>\n<p>Vor Sch\u00f6newalde trennten wir uns und ich fuhr allein mit Stefan B. durch den Eiskeller bzw. \u00fcber den Mauerradweg zur\u00fcck nach Spandau.<\/p>\n<p>Sch\u00f6ne 1.Mai-Tour mit netten Kettenschwestern und Br\u00fcdern. Eigentlich kann die ITF jetzt kommen\u2026schauma mal!<\/p>\n<p><iframe height='405' width='590' frameborder='0' allowtransparency='true' scrolling='no' src='https:\/\/www.strava.com\/activities\/51725100\/embed\/3546e7d792b331404634c5211a129396c2272f42'><\/iframe><\/p>\n","protected":false},"excerpt":{"rendered":"<p>oder \u00bbTag der Arbeit auf dem Renner\u00ab Lange ist es her, dass ich im L\u00f6wenberger Land mit dem Renner unterwegs war. So traf es sich hervorragend, dass Tom heute eine Tour in genau diese Region Brandenburgs anbot. Am bekannten Kreisverkehr in B\u00f6tzow war Treffpunkt, zum dem ich mich mit Stefan B. aufmachte. Als wir um &hellip; <\/p>\n<p class=\"link-more\"><a href=\"https:\/\/blog.kunstgriff.net\/?p=10216\" class=\"more-link\"><span class=\"screen-reader-text\">\u201eL\u00f6wenberger Land Tour\u201c <\/span>weiterlesen<\/a><\/p>\n","protected":false},"author":2,"featured_media":10220,"comment_status":"open","ping_status":"open","sticky":false,"template":"","format":"standard","meta":{"jetpack_post_was_ever_published":false,"_jetpack_newsletter_access":"","_jetpack_dont_email_post_to_subs":false,"_jetpack_newsletter_tier_id":0,"_jetpack_memberships_contains_paywalled_content":false,"_jetpack_memberships_contains_paid_content":false,"footnotes":""},"categories":[14,7],"tags":[],"class_list":["post-10216","post","type-post","status-publish","format-standard","has-post-thumbnail","hentry","category-radfahren","category-rennradfahren"],"jetpack_featured_media_url":"https:\/\/i0.wp.com\/blog.kunstgriff.net\/wp-content\/uploads\/2013\/05\/Spass-im-Sattel.jpg?fit=1000%2C750&ssl=1","jetpack_shortlink":"https:\/\/wp.me\/p8Cxe7-2EM","jetpack-related-posts":[{"id":10185,"url":"https:\/\/blog.kunstgriff.net\/?p=10185","url_meta":{"origin":10216,"position":0},"title":"Feierabendrunde durchs M\u00fchlenbecker-Land","author":"Georg","date":"April 30, 2013","format":false,"excerpt":"oder \u00bbMal wieder auf'n Dienstag in den hohen Norden\u00abNachdem ich mit meinem neuen Bike heute schon in der City cruisen war, versp\u00fcrte ich, zur\u00fcck Zuhause an meinem freien Tag, erstmal wenig Motivation, noch einmal auf eine Feierabendrunde aufzubrechen. Dann juckte es mich doch, zum einen nat\u00fcrlich wegen des Trainingsreizes, zum\u2026","rel":"","context":"In &quot;Radfahren&quot;","block_context":{"text":"Radfahren","link":"https:\/\/blog.kunstgriff.net\/?cat=14"},"img":{"alt_text":"Die Stadt liegt hinter uns","src":"https:\/\/i0.wp.com\/blog.kunstgriff.net\/wp-content\/uploads\/2013\/04\/Die-Stadt-liegt-hinter-uns-300x225.jpg?resize=350%2C200","width":350,"height":200},"classes":[]},{"id":21277,"url":"https:\/\/blog.kunstgriff.net\/?p=21277","url_meta":{"origin":10216,"position":1},"title":"Zum Konditor Schmiedel nach Fehrbellin #3","author":"Georg","date":"Juni 7, 2020","format":false,"excerpt":"Neue Wege braucht die Bande Nachdem ich in den vergangenen Wochen meist die Tourenplanung \u00fcbernommen hatte, war ich sehr froh, da\u00df Alex die Initiative ergriff und f\u00fcr heute eine sch\u00f6ne Strecke vorschlug. Treffpunkt war die bekannte Feuerwache in Tegel und es ging zu f\u00fcnft auf die Strecke. Gleich recht sportlich\u2026","rel":"","context":"In &quot;Cake-Ride&quot;","block_context":{"text":"Cake-Ride","link":"https:\/\/blog.kunstgriff.net\/?cat=34"},"img":{"alt_text":"Sehr sch\u00f6nes Lavendelfeld","src":"https:\/\/i0.wp.com\/blog.kunstgriff.net\/wp-content\/uploads\/2020\/06\/Sehr-sch%C3%B6nes-Lavendelfeld.jpg?fit=1200%2C800&ssl=1&resize=350%2C200","width":350,"height":200,"srcset":"https:\/\/i0.wp.com\/blog.kunstgriff.net\/wp-content\/uploads\/2020\/06\/Sehr-sch%C3%B6nes-Lavendelfeld.jpg?fit=1200%2C800&ssl=1&resize=350%2C200 1x, https:\/\/i0.wp.com\/blog.kunstgriff.net\/wp-content\/uploads\/2020\/06\/Sehr-sch%C3%B6nes-Lavendelfeld.jpg?fit=1200%2C800&ssl=1&resize=525%2C300 1.5x, https:\/\/i0.wp.com\/blog.kunstgriff.net\/wp-content\/uploads\/2020\/06\/Sehr-sch%C3%B6nes-Lavendelfeld.jpg?fit=1200%2C800&ssl=1&resize=700%2C400 2x, https:\/\/i0.wp.com\/blog.kunstgriff.net\/wp-content\/uploads\/2020\/06\/Sehr-sch%C3%B6nes-Lavendelfeld.jpg?fit=1200%2C800&ssl=1&resize=1050%2C600 3x"},"classes":[]},{"id":16648,"url":"https:\/\/blog.kunstgriff.net\/?p=16648","url_meta":{"origin":10216,"position":2},"title":"Mit der Nordgruppe ins L\u00f6wenberger Land","author":"Georg","date":"September 3, 2017","format":false,"excerpt":"\u00bbGrosse Gruppe - flotte Runde\u00ab Schon seit Freitag freute ich mich auf diese Runde, denn Sascha T. lud in den Norden. Der Track war von Alex geplant und so war eine hohe Touren-Qualit\u00e4t gewiss. Mit Marc C. fuhr ich locker zum Treffpunkt in Pankow, wo wir uns um kurz nach\u2026","rel":"","context":"In &quot;Cake-Ride&quot;","block_context":{"text":"Cake-Ride","link":"https:\/\/blog.kunstgriff.net\/?cat=34"},"img":{"alt_text":"","src":"https:\/\/i0.wp.com\/blog.kunstgriff.net\/wp-content\/uploads\/2017\/09\/Treffpunkt-AGIP-Dietzgenstrasse.jpg?fit=1200%2C800&ssl=1&resize=350%2C200","width":350,"height":200,"srcset":"https:\/\/i0.wp.com\/blog.kunstgriff.net\/wp-content\/uploads\/2017\/09\/Treffpunkt-AGIP-Dietzgenstrasse.jpg?fit=1200%2C800&ssl=1&resize=350%2C200 1x, https:\/\/i0.wp.com\/blog.kunstgriff.net\/wp-content\/uploads\/2017\/09\/Treffpunkt-AGIP-Dietzgenstrasse.jpg?fit=1200%2C800&ssl=1&resize=525%2C300 1.5x, https:\/\/i0.wp.com\/blog.kunstgriff.net\/wp-content\/uploads\/2017\/09\/Treffpunkt-AGIP-Dietzgenstrasse.jpg?fit=1200%2C800&ssl=1&resize=700%2C400 2x, https:\/\/i0.wp.com\/blog.kunstgriff.net\/wp-content\/uploads\/2017\/09\/Treffpunkt-AGIP-Dietzgenstrasse.jpg?fit=1200%2C800&ssl=1&resize=1050%2C600 3x"},"classes":[]},{"id":23166,"url":"https:\/\/blog.kunstgriff.net\/?p=23166","url_meta":{"origin":10216,"position":3},"title":"Herbsttour nach Fehrbellin","author":"Georg","date":"Oktober 16, 2022","format":false,"excerpt":"Kann ich noch Gruppenausfahrten? Eigentlich ist die Rennradsaison 2022 f\u00fcr mich bereits gelaufen. Mein \u00bbDrau\u00dfenfahren-Motivationstief\u00ab schien un\u00fcberwindbar. Zu kalt, zu lang, zu windig. Irgendeine Ausrede lie\u00df sich immer finden. Kommt Dir bekannt vor? Nein? Gut f\u00fcr Dich! Lange rumgehadert habe ich auch diesmal. Ist allein fahren nicht viel besser? Sich\u2026","rel":"","context":"In &quot;Cake-Ride&quot;","block_context":{"text":"Cake-Ride","link":"https:\/\/blog.kunstgriff.net\/?cat=34"},"img":{"alt_text":"Auf ins L\u00f6wenberger Land","src":"https:\/\/i0.wp.com\/blog.kunstgriff.net\/wp-content\/uploads\/2022\/10\/PA160011.jpeg?fit=1200%2C800&ssl=1&resize=350%2C200","width":350,"height":200,"srcset":"https:\/\/i0.wp.com\/blog.kunstgriff.net\/wp-content\/uploads\/2022\/10\/PA160011.jpeg?fit=1200%2C800&ssl=1&resize=350%2C200 1x, https:\/\/i0.wp.com\/blog.kunstgriff.net\/wp-content\/uploads\/2022\/10\/PA160011.jpeg?fit=1200%2C800&ssl=1&resize=525%2C300 1.5x, https:\/\/i0.wp.com\/blog.kunstgriff.net\/wp-content\/uploads\/2022\/10\/PA160011.jpeg?fit=1200%2C800&ssl=1&resize=700%2C400 2x, https:\/\/i0.wp.com\/blog.kunstgriff.net\/wp-content\/uploads\/2022\/10\/PA160011.jpeg?fit=1200%2C800&ssl=1&resize=1050%2C600 3x"},"classes":[]},{"id":13010,"url":"https:\/\/blog.kunstgriff.net\/?p=13010","url_meta":{"origin":10216,"position":4},"title":"Trebbin-Runde","author":"Georg","date":"Oktober 25, 2015","format":false,"excerpt":"oder \u00bbKurz mit der Tiri-Bande\u00abEine gef\u00fchlte Ewigkeit war ich schon nicht mehr mit dem Renner unterwegs und als die Damen bei der gestrigen Velonistas Party bekundeten, dass sie um 10 Uhr am Tunnel zu Olegs Runde stehen w\u00fcrden, konnte ich einfach nicht widerstehen. Milde 10\u00b0C lie\u00dfen die Anfahrt ohne Fr\u00f6steln\u2026","rel":"","context":"In &quot;Cake-Ride&quot;","block_context":{"text":"Cake-Ride","link":"https:\/\/blog.kunstgriff.net\/?cat=34"},"img":{"alt_text":"","src":"https:\/\/i0.wp.com\/blog.kunstgriff.net\/wp-content\/uploads\/2015\/09\/Brandenburg-Potsdam-Mittelmark-im-Herbst.jpg?fit=1200%2C900&ssl=1&resize=350%2C200","width":350,"height":200,"srcset":"https:\/\/i0.wp.com\/blog.kunstgriff.net\/wp-content\/uploads\/2015\/09\/Brandenburg-Potsdam-Mittelmark-im-Herbst.jpg?fit=1200%2C900&ssl=1&resize=350%2C200 1x, https:\/\/i0.wp.com\/blog.kunstgriff.net\/wp-content\/uploads\/2015\/09\/Brandenburg-Potsdam-Mittelmark-im-Herbst.jpg?fit=1200%2C900&ssl=1&resize=525%2C300 1.5x, https:\/\/i0.wp.com\/blog.kunstgriff.net\/wp-content\/uploads\/2015\/09\/Brandenburg-Potsdam-Mittelmark-im-Herbst.jpg?fit=1200%2C900&ssl=1&resize=700%2C400 2x, https:\/\/i0.wp.com\/blog.kunstgriff.net\/wp-content\/uploads\/2015\/09\/Brandenburg-Potsdam-Mittelmark-im-Herbst.jpg?fit=1200%2C900&ssl=1&resize=1050%2C600 3x"},"classes":[]},{"id":21227,"url":"https:\/\/blog.kunstgriff.net\/?p=21227","url_meta":{"origin":10216,"position":5},"title":"Doppel-Kuchenstop am Pfingstmontag im Havelland","author":"Georg","date":"Juni 1, 2020","format":false,"excerpt":"Das Experiment: Zwei Kuchenstops Nachdem es ja bekanntlich gestern gar keinen Kuchen gab, musste das heute unbedingt nachgeholt werden. Und dann gleich mal im Doppel-Pack. Hatte ich noch nicht unternommen in meiner mehr als zehn Jahre alten Rennrad-Ausfahrten-Historie; also Zeit f\u00fcr was Neues. Und mit wem lie\u00dfe sich das besser\u2026","rel":"","context":"In &quot;Cake-Ride&quot;","block_context":{"text":"Cake-Ride","link":"https:\/\/blog.kunstgriff.net\/?cat=34"},"img":{"alt_text":"Fehrbellin - wir kommen","src":"https:\/\/i0.wp.com\/blog.kunstgriff.net\/wp-content\/uploads\/2020\/06\/Fehrbellin-wir-kommen.jpg?fit=1200%2C800&ssl=1&resize=350%2C200","width":350,"height":200,"srcset":"https:\/\/i0.wp.com\/blog.kunstgriff.net\/wp-content\/uploads\/2020\/06\/Fehrbellin-wir-kommen.jpg?fit=1200%2C800&ssl=1&resize=350%2C200 1x, https:\/\/i0.wp.com\/blog.kunstgriff.net\/wp-content\/uploads\/2020\/06\/Fehrbellin-wir-kommen.jpg?fit=1200%2C800&ssl=1&resize=525%2C300 1.5x, https:\/\/i0.wp.com\/blog.kunstgriff.net\/wp-content\/uploads\/2020\/06\/Fehrbellin-wir-kommen.jpg?fit=1200%2C800&ssl=1&resize=700%2C400 2x, https:\/\/i0.wp.com\/blog.kunstgriff.net\/wp-content\/uploads\/2020\/06\/Fehrbellin-wir-kommen.jpg?fit=1200%2C800&ssl=1&resize=1050%2C600 3x"},"classes":[]}],"jetpack_likes_enabled":true,"jetpack_sharing_enabled":true,"_links":{"self":[{"href":"https:\/\/blog.kunstgriff.net\/index.php?rest_route=\/wp\/v2\/posts\/10216","targetHints":{"allow":["GET"]}}],"collection":[{"href":"https:\/\/blog.kunstgriff.net\/index.php?rest_route=\/wp\/v2\/posts"}],"about":[{"href":"https:\/\/blog.kunstgriff.net\/index.php?rest_route=\/wp\/v2\/types\/post"}],"author":[{"embeddable":true,"href":"https:\/\/blog.kunstgriff.net\/index.php?rest_route=\/wp\/v2\/users\/2"}],"replies":[{"embeddable":true,"href":"https:\/\/blog.kunstgriff.net\/index.php?rest_route=%2Fwp%2Fv2%2Fcomments&post=10216"}],"version-history":[{"count":0,"href":"https:\/\/blog.kunstgriff.net\/index.php?rest_route=\/wp\/v2\/posts\/10216\/revisions"}],"wp:featuredmedia":[{"embeddable":true,"href":"https:\/\/blog.kunstgriff.net\/index.php?rest_route=\/wp\/v2\/media\/10220"}],"wp:attachment":[{"href":"https:\/\/blog.kunstgriff.net\/index.php?rest_route=%2Fwp%2Fv2%2Fmedia&parent=10216"}],"wp:term":[{"taxonomy":"category","embeddable":true,"href":"https:\/\/blog.kunstgriff.net\/index.php?rest_route=%2Fwp%2Fv2%2Fcategories&post=10216"},{"taxonomy":"post_tag","embeddable":true,"href":"https:\/\/blog.kunstgriff.net\/index.php?rest_route=%2Fwp%2Fv2%2Ftags&post=10216"}],"curies":[{"name":"wp","href":"https:\/\/api.w.org\/{rel}","templated":true}]}}