{"id":10384,"date":"2013-05-19T18:33:23","date_gmt":"2013-05-19T16:33:23","guid":{"rendered":"http:\/\/blog.kunstgriff.net\/?p=10384"},"modified":"2016-08-29T14:53:03","modified_gmt":"2016-08-29T12:53:03","slug":"tirschenreuther-ring-runde-nach-markisch-buchholz","status":"publish","type":"post","link":"https:\/\/blog.kunstgriff.net\/?p=10384","title":{"rendered":"Tirschenreuther-Ring-Runde nach M\u00e4rkisch Buchholz"},"content":{"rendered":"<span class=\"span-reading-time rt-reading-time\" style=\"display: block;\"><span class=\"rt-label rt-prefix\">Lesezeit: <\/span> <span class=\"rt-time\"> 2<\/span> <span class=\"rt-label rt-postfix\">Minuten<\/span><\/span><h4>oder \u00bbPfingstsonntagsausfahrt bei Kaiserwetter\u00ab<\/h4>\n<hr \/>\n<p>Zwei Touren waren heute im Angebot: Hoch zum Werbellinsee oder mit der <em>Tiri-G\u00e4ng<\/em> nach m\u00e4rkisch Buchholz. Ich entschied mich f\u00fcr Letzteres, da die Anreise \u00fcberschaubarer war und wohl auch mehr Radler dort aufschlagen w\u00fcrden.<\/p>\n<p>Dem war auch so und es ging mit\u00a0zwei Damen und acht Herren auf den, von Ralph ausbaldowerten, Track. Es fuhr sich angenehm in der Gruppe und die Beine waren locker und der Tritt war Rund. Nette Gespr\u00e4che lie\u00dfen die Zeit auf dem Weg nach S\u00fcdosten im Flug vergehen.<\/p>\n<p>\u00dcberrascht registrierte ich, dass wir Gross K\u00f6ris schon passiert hatten, ein von mir sehr beliebter Badesee, der Tonsee liegt in diesem Ort. Bisher hatte ich diesen immer mit dem Auto angefahren. Vielleicht sollte ich zum Baden mal mit dem Rad da runter?<\/p>\n<p><a href=\"https:\/\/i0.wp.com\/blog.kunstgriff.net\/wp-content\/uploads\/2013\/05\/2-Damen-und-9-Herren-am-TiriStart.jpg\"><img data-recalc-dims=\"1\" loading=\"lazy\" decoding=\"async\" data-attachment-id=\"10387\" data-permalink=\"https:\/\/blog.kunstgriff.net\/?attachment_id=10387\" data-orig-file=\"https:\/\/i0.wp.com\/blog.kunstgriff.net\/wp-content\/uploads\/2013\/05\/2-Damen-und-9-Herren-am-TiriStart.jpg?fit=1200%2C900&amp;ssl=1\" data-orig-size=\"1200,900\" data-comments-opened=\"1\" data-image-meta=\"{&quot;aperture&quot;:&quot;2.8&quot;,&quot;credit&quot;:&quot;&quot;,&quot;camera&quot;:&quot;Canon DIGITAL IXUS 870 IS&quot;,&quot;caption&quot;:&quot;&quot;,&quot;created_timestamp&quot;:&quot;1368958094&quot;,&quot;copyright&quot;:&quot;&quot;,&quot;focal_length&quot;:&quot;5&quot;,&quot;iso&quot;:&quot;80&quot;,&quot;shutter_speed&quot;:&quot;0.003125&quot;,&quot;title&quot;:&quot;&quot;}\" data-image-title=\"2 Damen und 9 Herren am TiriStart\" data-image-description=\"\" data-image-caption=\"\" data-large-file=\"https:\/\/i0.wp.com\/blog.kunstgriff.net\/wp-content\/uploads\/2013\/05\/2-Damen-und-9-Herren-am-TiriStart.jpg?fit=1024%2C768&amp;ssl=1\" class=\"alignleft size-medium wp-image-10387\" src=\"https:\/\/i0.wp.com\/blog.kunstgriff.net\/wp-content\/uploads\/2013\/05\/2-Damen-und-9-Herren-am-TiriStart-300x225.jpg?resize=300%2C225\" alt=\"2 Damen und 9 Herren am TiriStart\" width=\"300\" height=\"225\" srcset=\"https:\/\/i0.wp.com\/blog.kunstgriff.net\/wp-content\/uploads\/2013\/05\/2-Damen-und-9-Herren-am-TiriStart.jpg?resize=300%2C225&amp;ssl=1 300w, https:\/\/i0.wp.com\/blog.kunstgriff.net\/wp-content\/uploads\/2013\/05\/2-Damen-und-9-Herren-am-TiriStart.jpg?resize=1024%2C768&amp;ssl=1 1024w, https:\/\/i0.wp.com\/blog.kunstgriff.net\/wp-content\/uploads\/2013\/05\/2-Damen-und-9-Herren-am-TiriStart.jpg?resize=400%2C300&amp;ssl=1 400w, https:\/\/i0.wp.com\/blog.kunstgriff.net\/wp-content\/uploads\/2013\/05\/2-Damen-und-9-Herren-am-TiriStart.jpg?w=1200&amp;ssl=1 1200w\" sizes=\"auto, (max-width: 300px) 100vw, 300px\" \/><\/a>Weiter ging es, denn wir wollten unseren Pausenort Teupitz erreichen. Oleg kannte dort eine, etwas versteckt gelegene, Einkehr direkt am Teupitzer See. Wir konnten uns zwar recht schnell einen sch\u00f6nen Platz in der Sonne sicher, die Bedienung klappte aber gar nicht und so musste sie am Ende auf Trinkgeld in unbekannter H\u00f6he verzichten.<\/p>\n<p>Weiter ging es Richtung Sperenberg und meine Kollegen zogen ordentlich an der Kette. Es wurde flott gefahren, aber nie so flott, dass jemand <em>\u00bbk\u00fcrzer\u00ab<\/em> oder <em>\u00bbruhiger\u00ab<\/em> rufen musste. Sch\u00f6n homogene Gruppe.<\/p>\n<p><a href=\"https:\/\/i0.wp.com\/blog.kunstgriff.net\/wp-content\/uploads\/2013\/05\/Raus-aus-der-Stadt-bei-Hartmannsdorf.jpg\"><img data-recalc-dims=\"1\" loading=\"lazy\" decoding=\"async\" data-attachment-id=\"10390\" data-permalink=\"https:\/\/blog.kunstgriff.net\/?attachment_id=10390\" data-orig-file=\"https:\/\/i0.wp.com\/blog.kunstgriff.net\/wp-content\/uploads\/2013\/05\/Raus-aus-der-Stadt-bei-Hartmannsdorf.jpg?fit=1200%2C900&amp;ssl=1\" data-orig-size=\"1200,900\" data-comments-opened=\"1\" data-image-meta=\"{&quot;aperture&quot;:&quot;5.6&quot;,&quot;credit&quot;:&quot;&quot;,&quot;camera&quot;:&quot;Canon DIGITAL IXUS 870 IS&quot;,&quot;caption&quot;:&quot;&quot;,&quot;created_timestamp&quot;:&quot;1368958599&quot;,&quot;copyright&quot;:&quot;&quot;,&quot;focal_length&quot;:&quot;5&quot;,&quot;iso&quot;:&quot;80&quot;,&quot;shutter_speed&quot;:&quot;0.0015625&quot;,&quot;title&quot;:&quot;&quot;}\" data-image-title=\"Raus aus der Stadt bei Hartmannsdorf\" data-image-description=\"\" data-image-caption=\"\" data-large-file=\"https:\/\/i0.wp.com\/blog.kunstgriff.net\/wp-content\/uploads\/2013\/05\/Raus-aus-der-Stadt-bei-Hartmannsdorf.jpg?fit=1024%2C768&amp;ssl=1\" class=\"alignright size-medium wp-image-10390\" src=\"https:\/\/i0.wp.com\/blog.kunstgriff.net\/wp-content\/uploads\/2013\/05\/Raus-aus-der-Stadt-bei-Hartmannsdorf-300x225.jpg?resize=300%2C225\" alt=\"Raus aus der Stadt bei Hartmannsdorf\" width=\"300\" height=\"225\" srcset=\"https:\/\/i0.wp.com\/blog.kunstgriff.net\/wp-content\/uploads\/2013\/05\/Raus-aus-der-Stadt-bei-Hartmannsdorf.jpg?resize=300%2C225&amp;ssl=1 300w, https:\/\/i0.wp.com\/blog.kunstgriff.net\/wp-content\/uploads\/2013\/05\/Raus-aus-der-Stadt-bei-Hartmannsdorf.jpg?resize=1024%2C768&amp;ssl=1 1024w, https:\/\/i0.wp.com\/blog.kunstgriff.net\/wp-content\/uploads\/2013\/05\/Raus-aus-der-Stadt-bei-Hartmannsdorf.jpg?resize=400%2C300&amp;ssl=1 400w, https:\/\/i0.wp.com\/blog.kunstgriff.net\/wp-content\/uploads\/2013\/05\/Raus-aus-der-Stadt-bei-Hartmannsdorf.jpg?w=1200&amp;ssl=1 1200w\" sizes=\"auto, (max-width: 300px) 100vw, 300px\" \/><\/a>In Nunsdorf machte ich \u2019ne Biege, da ich nicht wieder in Marienfelde die Stadt erreichen wollte. Ein paar H\u00f6henmeter sollten noch gesammelt werden. Auch wollte ich sehen, was an der Spinnerbr\u00fccke so geht.<\/p>\n<p>Also \u00fcber Thyrow, auf bekannten Wegen, nach G\u00fcterfelde. Obwohl die letzten Kilometer in der Gruppe recht fordernd waren, hatte ich nun wieder gute Beine und die Reisegeschwindigkeit \u00a0konnte auch beim alleine Fahren hoch gehalten werden.<\/p>\n<p><a href=\"https:\/\/i0.wp.com\/blog.kunstgriff.net\/wp-content\/uploads\/2013\/05\/Endlose-gerade-Landstrassen-im-Landkreis-Teltow-Fl%C3%A4ming.jpg\"><img data-recalc-dims=\"1\" loading=\"lazy\" decoding=\"async\" data-attachment-id=\"10388\" data-permalink=\"https:\/\/blog.kunstgriff.net\/?attachment_id=10388\" data-orig-file=\"https:\/\/i0.wp.com\/blog.kunstgriff.net\/wp-content\/uploads\/2013\/05\/Endlose-gerade-Landstrassen-im-Landkreis-Teltow-Fl%C3%A4ming.jpg?fit=1200%2C900&amp;ssl=1\" data-orig-size=\"1200,900\" data-comments-opened=\"1\" data-image-meta=\"{&quot;aperture&quot;:&quot;2.8&quot;,&quot;credit&quot;:&quot;&quot;,&quot;camera&quot;:&quot;Canon DIGITAL IXUS 870 IS&quot;,&quot;caption&quot;:&quot;&quot;,&quot;created_timestamp&quot;:&quot;1368964767&quot;,&quot;copyright&quot;:&quot;&quot;,&quot;focal_length&quot;:&quot;5&quot;,&quot;iso&quot;:&quot;80&quot;,&quot;shutter_speed&quot;:&quot;0.0025&quot;,&quot;title&quot;:&quot;&quot;}\" data-image-title=\"Endlose gerade Landstrassen im Landkreis Teltow Fl\u00e4ming\" data-image-description=\"\" data-image-caption=\"\" data-large-file=\"https:\/\/i0.wp.com\/blog.kunstgriff.net\/wp-content\/uploads\/2013\/05\/Endlose-gerade-Landstrassen-im-Landkreis-Teltow-Fl%C3%A4ming.jpg?fit=1024%2C768&amp;ssl=1\" class=\"alignleft size-medium wp-image-10388\" src=\"https:\/\/i0.wp.com\/blog.kunstgriff.net\/wp-content\/uploads\/2013\/05\/Endlose-gerade-Landstrassen-im-Landkreis-Teltow-Fl%C3%A4ming-300x225.jpg?resize=300%2C225\" alt=\"Endlose gerade Landstrassen im Landkreis Teltow Fl\u00e4ming\" width=\"300\" height=\"225\" srcset=\"https:\/\/i0.wp.com\/blog.kunstgriff.net\/wp-content\/uploads\/2013\/05\/Endlose-gerade-Landstrassen-im-Landkreis-Teltow-Fl%C3%A4ming.jpg?resize=300%2C225&amp;ssl=1 300w, https:\/\/i0.wp.com\/blog.kunstgriff.net\/wp-content\/uploads\/2013\/05\/Endlose-gerade-Landstrassen-im-Landkreis-Teltow-Fl%C3%A4ming.jpg?resize=1024%2C768&amp;ssl=1 1024w, https:\/\/i0.wp.com\/blog.kunstgriff.net\/wp-content\/uploads\/2013\/05\/Endlose-gerade-Landstrassen-im-Landkreis-Teltow-Fl%C3%A4ming.jpg?resize=400%2C300&amp;ssl=1 400w, https:\/\/i0.wp.com\/blog.kunstgriff.net\/wp-content\/uploads\/2013\/05\/Endlose-gerade-Landstrassen-im-Landkreis-Teltow-Fl%C3%A4ming.jpg?w=1200&amp;ssl=1 1200w\" sizes=\"auto, (max-width: 300px) 100vw, 300px\" \/><\/a>Ob es am PowerBar oder an den vielen H\u00f6henmeter der letzten Woche lag, konnte ich nicht herausfinden. Dass ich mich bei der Belastung gut f\u00fchlte, freute mich aber sehr.<\/p>\n<p>Eine klasse Runde, auf der ich fast jeden Meter genossen habe. Sch\u00f6n, vielen Dank f\u00fcr\u2019s Mitnehmen! Was geht am Pfingstmontag?<\/p>\n<p><a href=\"https:\/\/i0.wp.com\/blog.kunstgriff.net\/wp-content\/uploads\/2013\/05\/Kaffee-und-Kuchen-in-Teupitz.jpg\"><img data-recalc-dims=\"1\" loading=\"lazy\" decoding=\"async\" data-attachment-id=\"10389\" data-permalink=\"https:\/\/blog.kunstgriff.net\/?attachment_id=10389\" data-orig-file=\"https:\/\/i0.wp.com\/blog.kunstgriff.net\/wp-content\/uploads\/2013\/05\/Kaffee-und-Kuchen-in-Teupitz.jpg?fit=1200%2C900&amp;ssl=1\" data-orig-size=\"1200,900\" data-comments-opened=\"1\" data-image-meta=\"{&quot;aperture&quot;:&quot;5.6&quot;,&quot;credit&quot;:&quot;&quot;,&quot;camera&quot;:&quot;Canon DIGITAL IXUS 870 IS&quot;,&quot;caption&quot;:&quot;&quot;,&quot;created_timestamp&quot;:&quot;1368966402&quot;,&quot;copyright&quot;:&quot;&quot;,&quot;focal_length&quot;:&quot;5&quot;,&quot;iso&quot;:&quot;80&quot;,&quot;shutter_speed&quot;:&quot;0.003125&quot;,&quot;title&quot;:&quot;&quot;}\" data-image-title=\"Kaffee und Kuchen in Teupitz\" data-image-description=\"\" data-image-caption=\"\" data-large-file=\"https:\/\/i0.wp.com\/blog.kunstgriff.net\/wp-content\/uploads\/2013\/05\/Kaffee-und-Kuchen-in-Teupitz.jpg?fit=1024%2C768&amp;ssl=1\" class=\"aligncenter size-full wp-image-10389\" src=\"https:\/\/i0.wp.com\/blog.kunstgriff.net\/wp-content\/uploads\/2013\/05\/Kaffee-und-Kuchen-in-Teupitz.jpg?resize=525%2C394\" alt=\"Kaffee und Kuchen in Teupitz\" width=\"525\" height=\"394\" srcset=\"https:\/\/i0.wp.com\/blog.kunstgriff.net\/wp-content\/uploads\/2013\/05\/Kaffee-und-Kuchen-in-Teupitz.jpg?w=1200&amp;ssl=1 1200w, https:\/\/i0.wp.com\/blog.kunstgriff.net\/wp-content\/uploads\/2013\/05\/Kaffee-und-Kuchen-in-Teupitz.jpg?resize=300%2C225&amp;ssl=1 300w, https:\/\/i0.wp.com\/blog.kunstgriff.net\/wp-content\/uploads\/2013\/05\/Kaffee-und-Kuchen-in-Teupitz.jpg?resize=1024%2C768&amp;ssl=1 1024w, https:\/\/i0.wp.com\/blog.kunstgriff.net\/wp-content\/uploads\/2013\/05\/Kaffee-und-Kuchen-in-Teupitz.jpg?resize=400%2C300&amp;ssl=1 400w\" sizes=\"auto, (max-width: 767px) 89vw, (max-width: 1000px) 54vw, (max-width: 1071px) 543px, 580px\" \/><\/a><\/p>\n<p><iframe height='405' width='590' frameborder='0' allowtransparency='true' scrolling='no' src='https:\/\/www.strava.com\/activities\/55086166\/embed\/02d30935c9ed05a24b6098b6d7fdd272a2bb7818'><\/iframe><\/p>\n","protected":false},"excerpt":{"rendered":"<p>oder \u00bbPfingstsonntagsausfahrt bei Kaiserwetter\u00ab Zwei Touren waren heute im Angebot: Hoch zum Werbellinsee oder mit der Tiri-G\u00e4ng nach m\u00e4rkisch Buchholz. Ich entschied mich f\u00fcr Letzteres, da die Anreise \u00fcberschaubarer war und wohl auch mehr Radler dort aufschlagen w\u00fcrden. Dem war auch so und es ging mit\u00a0zwei Damen und acht Herren auf den, von Ralph ausbaldowerten, &hellip; <\/p>\n<p class=\"link-more\"><a href=\"https:\/\/blog.kunstgriff.net\/?p=10384\" class=\"more-link\"><span class=\"screen-reader-text\">\u201eTirschenreuther-Ring-Runde nach M\u00e4rkisch Buchholz\u201c <\/span>weiterlesen<\/a><\/p>\n","protected":false},"author":2,"featured_media":10387,"comment_status":"open","ping_status":"open","sticky":false,"template":"","format":"standard","meta":{"jetpack_post_was_ever_published":false,"_jetpack_newsletter_access":"","_jetpack_dont_email_post_to_subs":false,"_jetpack_newsletter_tier_id":0,"_jetpack_memberships_contains_paywalled_content":false,"_jetpack_memberships_contains_paid_content":false,"footnotes":""},"categories":[14,7],"tags":[],"class_list":["post-10384","post","type-post","status-publish","format-standard","has-post-thumbnail","hentry","category-radfahren","category-rennradfahren"],"jetpack_featured_media_url":"https:\/\/i0.wp.com\/blog.kunstgriff.net\/wp-content\/uploads\/2013\/05\/2-Damen-und-9-Herren-am-TiriStart.jpg?fit=1200%2C900&ssl=1","jetpack_shortlink":"https:\/\/wp.me\/p8Cxe7-2Hu","jetpack-related-posts":[{"id":12393,"url":"https:\/\/blog.kunstgriff.net\/?p=12393","url_meta":{"origin":10384,"position":0},"title":"Mallorca Trainingscamp 2015 &#8211; Tag 6 &#8211; Puig &#8211; Soller &#8211; Orient","author":"Georg","date":"M\u00e4rz 26, 2015","format":false,"excerpt":"oder \u00bbH\u00f6henmeter ohne Ende\u00ab Nach zwei regenreichen Ruhetagen wollte heute endlich wieder das Rennrad bewegt werden. Nicht nur ein bisschen in der Horizontalen, nein auch ein paar Steigungen sollten gefahren werden. Daf\u00fcr ging es von Pollen\u00e7a die 14 Kilometer zum Kloster Lluc hoch. Die mitfahrenden Compa\u00f1eros waren schnell entschwunden und\u2026","rel":"","context":"In &quot;Radfahren&quot;","block_context":{"text":"Radfahren","link":"https:\/\/blog.kunstgriff.net\/?cat=14"},"img":{"alt_text":"","src":"https:\/\/i0.wp.com\/blog.kunstgriff.net\/wp-content\/uploads\/2015\/03\/Alles-f%C3%BCr-diesen-Moment.jpg?fit=1200%2C900&ssl=1&resize=350%2C200","width":350,"height":200,"srcset":"https:\/\/i0.wp.com\/blog.kunstgriff.net\/wp-content\/uploads\/2015\/03\/Alles-f%C3%BCr-diesen-Moment.jpg?fit=1200%2C900&ssl=1&resize=350%2C200 1x, https:\/\/i0.wp.com\/blog.kunstgriff.net\/wp-content\/uploads\/2015\/03\/Alles-f%C3%BCr-diesen-Moment.jpg?fit=1200%2C900&ssl=1&resize=525%2C300 1.5x, https:\/\/i0.wp.com\/blog.kunstgriff.net\/wp-content\/uploads\/2015\/03\/Alles-f%C3%BCr-diesen-Moment.jpg?fit=1200%2C900&ssl=1&resize=700%2C400 2x, https:\/\/i0.wp.com\/blog.kunstgriff.net\/wp-content\/uploads\/2015\/03\/Alles-f%C3%BCr-diesen-Moment.jpg?fit=1200%2C900&ssl=1&resize=1050%2C600 3x"},"classes":[]},{"id":13205,"url":"https:\/\/blog.kunstgriff.net\/?p=13205","url_meta":{"origin":10384,"position":1},"title":"Kuba 2016 \u2013 Tag 10: Manzanillo &#8211; Pilon","author":"Georg","date":"Februar 29, 2016","format":false,"excerpt":"oder \u00bbHeute mal echt h\u00fcgelig\u00abAls Fr\u00fchst\u00fcck gab es wieder den Kuba-Klassiker: Obst-Teller mit Ananas, Mango und Guave, dann noch ein Fruchtsaft, heute mal zur Abwechslung Tamarindensaft und als kr\u00f6nenden Abschluss ein Omlette mit Zwiebeln. Eine Tasse heissen Kaffee dazu, dann schnell Sachen packen und im Bus verstauen. Dann ging es\u2026","rel":"","context":"In &quot;Besonderes Ereignis&quot;","block_context":{"text":"Besonderes Ereignis","link":"https:\/\/blog.kunstgriff.net\/?cat=25"},"img":{"alt_text":"","src":"https:\/\/i0.wp.com\/blog.kunstgriff.net\/wp-content\/uploads\/2016\/03\/%C3%9Cber-die-Insel.jpg?fit=1200%2C900&ssl=1&resize=350%2C200","width":350,"height":200,"srcset":"https:\/\/i0.wp.com\/blog.kunstgriff.net\/wp-content\/uploads\/2016\/03\/%C3%9Cber-die-Insel.jpg?fit=1200%2C900&ssl=1&resize=350%2C200 1x, https:\/\/i0.wp.com\/blog.kunstgriff.net\/wp-content\/uploads\/2016\/03\/%C3%9Cber-die-Insel.jpg?fit=1200%2C900&ssl=1&resize=525%2C300 1.5x, https:\/\/i0.wp.com\/blog.kunstgriff.net\/wp-content\/uploads\/2016\/03\/%C3%9Cber-die-Insel.jpg?fit=1200%2C900&ssl=1&resize=700%2C400 2x, https:\/\/i0.wp.com\/blog.kunstgriff.net\/wp-content\/uploads\/2016\/03\/%C3%9Cber-die-Insel.jpg?fit=1200%2C900&ssl=1&resize=1050%2C600 3x"},"classes":[]},{"id":8695,"url":"https:\/\/blog.kunstgriff.net\/?p=8695","url_meta":{"origin":10384,"position":2},"title":"Berlin -> Leipzig","author":"Georg","date":"Juli 21, 2012","format":false,"excerpt":"oder \u00bbMit dem Rad zur Hochzeitsfeier in die Sachsenmetropole\u00abElvira und Klaus, zwei gute Freunde von mir, hatten zur Hochzeitsfeier nach Leipzig geladen. Meine Berlin-Buddies wollten mit dem Auto runterfahren. Das war mir zu schn\u00f6de und so beschloss ich schon im Fr\u00fchjahr, die Anfahrt mit meinem Renner zu bestreiten. Die ganze\u2026","rel":"","context":"In &quot;Radfahren&quot;","block_context":{"text":"Radfahren","link":"https:\/\/blog.kunstgriff.net\/?cat=14"},"img":{"alt_text":"","src":"https:\/\/i0.wp.com\/blog.kunstgriff.net\/wp-content\/uploads\/2012\/07\/Geniales-Rennradwetter-und-beeindruckende-Wolkenformation-300x225.jpg?resize=350%2C200","width":350,"height":200},"classes":[]},{"id":12187,"url":"https:\/\/blog.kunstgriff.net\/?p=12187","url_meta":{"origin":10384,"position":3},"title":"Korsika 2014 &#8211; Tag 2","author":"Georg","date":"Oktober 10, 2014","format":false,"excerpt":"oder \u00bb\u00dcber die H\u00fcgel nach Corte\u00ab Nachdem gestern aktive Regeneration betrieben wurde, wollte heute wieder der Renner bewegt werden. Es sollte ein wenig ins Landesinnere nach Corte gehen. Dorthin hatte ich noch eine kleine Nase eingebaut, die ich aus den Tour-Tourenvorschl\u00e4gen stibitzt hatte. Erstmal musste um kurz nach 10 der\u2026","rel":"","context":"In &quot;Radfahren&quot;","block_context":{"text":"Radfahren","link":"https:\/\/blog.kunstgriff.net\/?cat=14"},"img":{"alt_text":"","src":"https:\/\/i0.wp.com\/blog.kunstgriff.net\/wp-content\/uploads\/2014\/10\/Im-Tal-liegt-Corte.jpg?fit=1200%2C900&ssl=1&resize=350%2C200","width":350,"height":200,"srcset":"https:\/\/i0.wp.com\/blog.kunstgriff.net\/wp-content\/uploads\/2014\/10\/Im-Tal-liegt-Corte.jpg?fit=1200%2C900&ssl=1&resize=350%2C200 1x, https:\/\/i0.wp.com\/blog.kunstgriff.net\/wp-content\/uploads\/2014\/10\/Im-Tal-liegt-Corte.jpg?fit=1200%2C900&ssl=1&resize=525%2C300 1.5x, https:\/\/i0.wp.com\/blog.kunstgriff.net\/wp-content\/uploads\/2014\/10\/Im-Tal-liegt-Corte.jpg?fit=1200%2C900&ssl=1&resize=700%2C400 2x, https:\/\/i0.wp.com\/blog.kunstgriff.net\/wp-content\/uploads\/2014\/10\/Im-Tal-liegt-Corte.jpg?fit=1200%2C900&ssl=1&resize=1050%2C600 3x"},"classes":[]},{"id":7601,"url":"https:\/\/blog.kunstgriff.net\/?p=7601","url_meta":{"origin":10384,"position":4},"title":"Gro\u00dfe B\u00e4cker-Runde nach Fehrbellin","author":"Georg","date":"M\u00e4rz 25, 2012","format":false,"excerpt":"oder \u00bbFlott, lang & kalt\u00abDa von der gestrigen Tour noch ein paar wenige K\u00f6rner \u00fcbrig waren, freute ich mich heute mit dem A-Team die lange Runde zum dem Konditor nach Fehrbellin fahren zu d\u00fcrfen. Die Kleiderwahl war heute morgen besonders schwierig, da das Thermometer nur lausige 4\u00b0C anzeigte, f\u00fcr den\u2026","rel":"","context":"In &quot;Radfahren&quot;","block_context":{"text":"Radfahren","link":"https:\/\/blog.kunstgriff.net\/?cat=14"},"img":{"alt_text":"","src":"https:\/\/i0.wp.com\/blog.kunstgriff.net\/wp-content\/uploads\/2012\/03\/Das-A-Team-gegen-den-Wind-bei-Paulunenaue.jpg?resize=350%2C200","width":350,"height":200,"srcset":"https:\/\/i0.wp.com\/blog.kunstgriff.net\/wp-content\/uploads\/2012\/03\/Das-A-Team-gegen-den-Wind-bei-Paulunenaue.jpg?resize=350%2C200 1x, https:\/\/i0.wp.com\/blog.kunstgriff.net\/wp-content\/uploads\/2012\/03\/Das-A-Team-gegen-den-Wind-bei-Paulunenaue.jpg?resize=525%2C300 1.5x"},"classes":[]},{"id":6233,"url":"https:\/\/blog.kunstgriff.net\/?p=6233","url_meta":{"origin":10384,"position":5},"title":"Hamburg->Berlin 2011","author":"Georg","date":"Oktober 15, 2011","format":false,"excerpt":"oder \u00bbFab-Five auf neuen Wegen\u00ab Der Wecker klingelte p\u00fcnktlich um 5:20 Uhr, nach einer sehr unruhigen Nacht. Immer wieder wurden wir durch Ger\u00e4usche von drau\u00dfen durch das offene Fenster geweckt. Sicher war es auch die Aufregung Vorfreude, welche uns wenige Tiefschlafphasen bescherte. Egal, denn wir wollten ja p\u00fcnktlich auf der\u2026","rel":"","context":"In &quot;Besonderes Ereignis&quot;","block_context":{"text":"Besonderes Ereignis","link":"https:\/\/blog.kunstgriff.net\/?cat=25"},"img":{"alt_text":"","src":"https:\/\/i0.wp.com\/blog.kunstgriff.net\/wp-content\/uploads\/2011\/10\/Weiter-auf-dem-Deich-nach-Wittenberge.jpg?fit=900%2C675&ssl=1&resize=350%2C200","width":350,"height":200,"srcset":"https:\/\/i0.wp.com\/blog.kunstgriff.net\/wp-content\/uploads\/2011\/10\/Weiter-auf-dem-Deich-nach-Wittenberge.jpg?fit=900%2C675&ssl=1&resize=350%2C200 1x, https:\/\/i0.wp.com\/blog.kunstgriff.net\/wp-content\/uploads\/2011\/10\/Weiter-auf-dem-Deich-nach-Wittenberge.jpg?fit=900%2C675&ssl=1&resize=525%2C300 1.5x, https:\/\/i0.wp.com\/blog.kunstgriff.net\/wp-content\/uploads\/2011\/10\/Weiter-auf-dem-Deich-nach-Wittenberge.jpg?fit=900%2C675&ssl=1&resize=700%2C400 2x"},"classes":[]}],"jetpack_likes_enabled":true,"jetpack_sharing_enabled":true,"_links":{"self":[{"href":"https:\/\/blog.kunstgriff.net\/index.php?rest_route=\/wp\/v2\/posts\/10384","targetHints":{"allow":["GET"]}}],"collection":[{"href":"https:\/\/blog.kunstgriff.net\/index.php?rest_route=\/wp\/v2\/posts"}],"about":[{"href":"https:\/\/blog.kunstgriff.net\/index.php?rest_route=\/wp\/v2\/types\/post"}],"author":[{"embeddable":true,"href":"https:\/\/blog.kunstgriff.net\/index.php?rest_route=\/wp\/v2\/users\/2"}],"replies":[{"embeddable":true,"href":"https:\/\/blog.kunstgriff.net\/index.php?rest_route=%2Fwp%2Fv2%2Fcomments&post=10384"}],"version-history":[{"count":0,"href":"https:\/\/blog.kunstgriff.net\/index.php?rest_route=\/wp\/v2\/posts\/10384\/revisions"}],"wp:featuredmedia":[{"embeddable":true,"href":"https:\/\/blog.kunstgriff.net\/index.php?rest_route=\/wp\/v2\/media\/10387"}],"wp:attachment":[{"href":"https:\/\/blog.kunstgriff.net\/index.php?rest_route=%2Fwp%2Fv2%2Fmedia&parent=10384"}],"wp:term":[{"taxonomy":"category","embeddable":true,"href":"https:\/\/blog.kunstgriff.net\/index.php?rest_route=%2Fwp%2Fv2%2Fcategories&post=10384"},{"taxonomy":"post_tag","embeddable":true,"href":"https:\/\/blog.kunstgriff.net\/index.php?rest_route=%2Fwp%2Fv2%2Ftags&post=10384"}],"curies":[{"name":"wp","href":"https:\/\/api.w.org\/{rel}","templated":true}]}}