{"id":10500,"date":"2013-06-22T22:46:05","date_gmt":"2013-06-22T20:46:05","guid":{"rendered":"http:\/\/blog.kunstgriff.net\/?p=10500"},"modified":"2016-08-21T20:46:11","modified_gmt":"2016-08-21T18:46:11","slug":"st-ulrich-klausen-bolzano-kastelruth","status":"publish","type":"post","link":"https:\/\/blog.kunstgriff.net\/?p=10500","title":{"rendered":"St. Ulrich -> Klausen -> Bolzano -> Kastelruth"},"content":{"rendered":"<span class=\"span-reading-time rt-reading-time\" style=\"display: block;\"><span class=\"rt-label rt-prefix\">Lesezeit: <\/span> <span class=\"rt-time\"> 2<\/span> <span class=\"rt-label rt-postfix\">Minuten<\/span><\/span><h4>oder \u00bbK\u00f6nigsetappe gleich mal am 1. Tag\u00ab<\/h4>\n<hr \/>\n<p>Die Anreise gestern nach St. Ulrich war bequem und stressfrei. Nach einer entspannten Nacht auf 1.209 Meter \u00fcber normal Null, hatten wir ein herrliches Fr\u00fchst\u00fcck in der Sonne auf unsere Terrasse des riesigen Hauses. Leckerste Br\u00f6tchen vom lokalen B\u00e4cker brachten uns freudig in den Tag.<\/p>\n<p>Erstmal ging es gef\u00fchlte Ewigkeiten den Berg herunter. Suboptimal zum warm fahren. Dann aber machte der Track von Dirk einen Rechtsknick und es ging ordentlich steil den Berg hinauf. Die Sonne brannte auf den Pelz und die komplette G\u00e4ng war bereits uneinholbar entflogen. Also kein Grund f\u00fcr mich, auf die Tube zu dr\u00fccken.<\/p>\n<p>Oben warteten alle brav auf mich. Ich wolle jedoch nicht pausieren, denn ich freute mich bereits auf den k\u00fchlenden Wind in der Abfahrt.<\/p>\n<p>Landschaftlich ging es recht spektakul\u00e4r weiter. Dirk hatte sich bei der Streckenplanung bei der Datenbank von <a href=\"http:\/\/www.quaeldich.de\" target=\"_blank\">qu\u00e4lDich.de<\/a> bedient. Dabei sind sehr verkehrsarme Wege heraus gekommen, die man sicher ohne entsprechende Technologie nie gefunden h\u00e4tte.<\/p>\n<p>Besonders bemerkenswert empfand ich die Abfahrt herunter nach Bolzano, die teilweise so steil war, dass einige Mitfahrer ihren geliebten Renner lieber schieben wollten, als damit kopf\u00fcber bei 36,8% Gef\u00e4lle, den Berg herunter zu fallen.\u00a0Das Abfahren herunter nach Bozen war dadurch nat\u00fcrlich eine gewisse Nervenprobe.<\/p>\n<p>Unten im Tal dann die verdiente Einkehr bei Apfelstrudel, Vanille-Eis und Eiskaffee im Zentrum von Bolzano. <em>Lecker!<\/em><\/p>\n<p>Nun wurde diskutiert, wie nach Hause gefahren werden sollte. Eigentlich wollten wir noch eine Nase fahren. Ein Extra an rund neunhundert H\u00f6henmetern. Ich war unentschlossen. Als die Bande sich entschloss am Supermarkt erneut die Flaschen zu f\u00fcllen, verabschiedete ich mich und plante <del>eigentlich<\/del> die Nase nicht zu fahren. Es lief allerdings im Tal so gut, dass ich mich kurzfristig entschloss, den Pass doch zu fahren. Ich erwartete, z\u00fcgig kassiert zu werden, was aber ausblieb. Was jedoch nicht ausblieb, war die bei\u00dfende Hitze ohne k\u00fchlende Brise. Auch flache Passagen waren in der ewigen Steigung Fehlanzeige. Ein richtig heftiger Brocken lag vor mir, der nicht enden wollte.<\/p>\n<p>Meine Laune sank gegen null. Ich war dehydriert und ohne Kohlenhydrat-Versorgung. Eigentlich lagen nur rund vierzig Kilometer vor mir. Bergauf mit 10 km\/h bedeutete dies rein rechnerisch vier Stunden netto Fahrzeit. Radfahren machte mir nun keine Freude mehr. Ich \u00e4rgerte mich, dass ich die extra Nase mitgenommen hatte. Flasche leer und Kr\u00e4mpfe. Die verbleibende Kilometer wurden zur Qual. Gl\u00fccklicherweise war ich alleine und konnte meine schlechte Laune ohne Behinderung in den Berg hinein schreien.<\/p>\n<p>\u00dcbergl\u00fccklich und mega-grau erreichte ich die Home-Base in St. Ulrich. Erstaunt stellte ich fest, dass nur Thilo, der die Nase nicht gefahren war, bereits angekommen war. Der Rest trudelte erst rund 45 Minuten nach mir ein. Sie hatten l\u00e4nger pausiert. Nun schnell duschen und Nudeln fassen.<\/p>\n<p>Mal schauen ob wir morgen anst\u00e4ndiges Wetter f\u00fcr die <a href=\"http:\/\/www.sellarondabikeday.com\" target=\"_blank\">Sella Ronda<\/a> haben\u2026<\/p>\n<p><div class=\"tiled-gallery type-rectangular tiled-gallery-unresized\" data-original-width=\"525\" data-carousel-extra='{&quot;blog_id&quot;:1,&quot;permalink&quot;:&quot;https:\\\/\\\/blog.kunstgriff.net\\\/?p=10500&quot;,&quot;likes_blog_id&quot;:127394879}' itemscope itemtype=\"http:\/\/schema.org\/ImageGallery\" > <div class=\"gallery-row\" style=\"width: 525px; height: 149px;\" data-original-width=\"525\" data-original-height=\"149\" > <div class=\"gallery-group images-1\" style=\"width: 263px; height: 149px;\" data-original-width=\"263\" data-original-height=\"149\" > <div class=\"tiled-gallery-item tiled-gallery-item-large\" itemprop=\"associatedMedia\" itemscope itemtype=\"http:\/\/schema.org\/ImageObject\"> <a href=\"https:\/\/i0.wp.com\/blog.kunstgriff.net\/wp-content\/uploads\/2013\/06\/M%C3%BCssen-wir-da-wirklich-hoch.jpg?ssl=1\" border=\"0\" itemprop=\"url\"> <meta itemprop=\"width\" content=\"259\"> <meta itemprop=\"height\" content=\"145\"> <img decoding=\"async\" class=\"\" data-attachment-id=\"10510\" data-orig-file=\"https:\/\/blog.kunstgriff.net\/wp-content\/uploads\/2013\/06\/M\u00fcssen-wir-da-wirklich-hoch.jpg\" data-orig-size=\"1200,674\" data-comments-opened=\"1\" data-image-meta=\"{&quot;aperture&quot;:&quot;8&quot;,&quot;credit&quot;:&quot;&quot;,&quot;camera&quot;:&quot;Canon IXUS 220HS&quot;,&quot;caption&quot;:&quot;&quot;,&quot;created_timestamp&quot;:&quot;1371893836&quot;,&quot;copyright&quot;:&quot;&quot;,&quot;focal_length&quot;:&quot;4.3&quot;,&quot;iso&quot;:&quot;320&quot;,&quot;shutter_speed&quot;:&quot;0.0025&quot;,&quot;title&quot;:&quot;&quot;}\" data-image-title=\"M\u00fcssen wir da wirklich hoch\" data-image-description=\"\" data-medium-file=\"https:\/\/i0.wp.com\/blog.kunstgriff.net\/wp-content\/uploads\/2013\/06\/M%C3%BCssen-wir-da-wirklich-hoch.jpg?fit=300%2C168&#038;ssl=1\" data-large-file=\"https:\/\/i0.wp.com\/blog.kunstgriff.net\/wp-content\/uploads\/2013\/06\/M%C3%BCssen-wir-da-wirklich-hoch.jpg?fit=1024%2C575&#038;ssl=1\" src=\"https:\/\/i0.wp.com\/blog.kunstgriff.net\/wp-content\/uploads\/2013\/06\/M%C3%BCssen-wir-da-wirklich-hoch.jpg?w=259&#038;h=145&#038;ssl=1\" width=\"259\" height=\"145\" loading=\"lazy\" data-original-width=\"259\" data-original-height=\"145\" itemprop=\"http:\/\/schema.org\/image\" title=\"M\u00fcssen wir da wirklich hoch\" alt=\"M\u00fcssen wir da wirklich hoch?\" style=\"width: 259px; height: 145px;\" \/> <\/a> <div class=\"tiled-gallery-caption\" itemprop=\"caption description\"> M\u00fcssen wir da wirklich hoch? <\/div> <\/div> <\/div> <!-- close group --> <div class=\"gallery-group images-1\" style=\"width: 262px; height: 149px;\" data-original-width=\"262\" data-original-height=\"149\" > <div class=\"tiled-gallery-item tiled-gallery-item-large\" itemprop=\"associatedMedia\" itemscope itemtype=\"http:\/\/schema.org\/ImageObject\"> <a href=\"https:\/\/i0.wp.com\/blog.kunstgriff.net\/wp-content\/uploads\/2013\/06\/Fototermin.jpg?ssl=1\" border=\"0\" itemprop=\"url\"> <meta itemprop=\"width\" content=\"258\"> <meta itemprop=\"height\" content=\"145\"> <img decoding=\"async\" class=\"\" data-attachment-id=\"10509\" data-orig-file=\"https:\/\/blog.kunstgriff.net\/wp-content\/uploads\/2013\/06\/Fototermin.jpg\" data-orig-size=\"1200,674\" data-comments-opened=\"1\" data-image-meta=\"{&quot;aperture&quot;:&quot;8&quot;,&quot;credit&quot;:&quot;&quot;,&quot;camera&quot;:&quot;Canon IXUS 220HS&quot;,&quot;caption&quot;:&quot;&quot;,&quot;created_timestamp&quot;:&quot;1371903677&quot;,&quot;copyright&quot;:&quot;&quot;,&quot;focal_length&quot;:&quot;4.3&quot;,&quot;iso&quot;:&quot;200&quot;,&quot;shutter_speed&quot;:&quot;0.005&quot;,&quot;title&quot;:&quot;&quot;}\" data-image-title=\"Fototermin\" data-image-description=\"\" data-medium-file=\"https:\/\/i0.wp.com\/blog.kunstgriff.net\/wp-content\/uploads\/2013\/06\/Fototermin.jpg?fit=300%2C168&#038;ssl=1\" data-large-file=\"https:\/\/i0.wp.com\/blog.kunstgriff.net\/wp-content\/uploads\/2013\/06\/Fototermin.jpg?fit=1024%2C575&#038;ssl=1\" src=\"https:\/\/i0.wp.com\/blog.kunstgriff.net\/wp-content\/uploads\/2013\/06\/Fototermin.jpg?w=258&#038;h=145&#038;ssl=1\" srcset=\"https:\/\/i0.wp.com\/blog.kunstgriff.net\/wp-content\/uploads\/2013\/06\/Fototermin.jpg?w=1200&amp;ssl=1 1200w, https:\/\/i0.wp.com\/blog.kunstgriff.net\/wp-content\/uploads\/2013\/06\/Fototermin.jpg?resize=300%2C168&amp;ssl=1 300w, https:\/\/i0.wp.com\/blog.kunstgriff.net\/wp-content\/uploads\/2013\/06\/Fototermin.jpg?resize=1024%2C575&amp;ssl=1 1024w, https:\/\/i0.wp.com\/blog.kunstgriff.net\/wp-content\/uploads\/2013\/06\/Fototermin.jpg?resize=500%2C280&amp;ssl=1 500w\" width=\"258\" height=\"145\" loading=\"lazy\" data-original-width=\"258\" data-original-height=\"145\" itemprop=\"http:\/\/schema.org\/image\" title=\"Fototermin\" alt=\"Fototermin\" style=\"width: 258px; height: 145px;\" \/> <\/a> <div class=\"tiled-gallery-caption\" itemprop=\"caption description\"> Fototermin <\/div> <\/div> <\/div> <!-- close group --> <\/div> <!-- close row --> <div class=\"gallery-row\" style=\"width: 525px; height: 149px;\" data-original-width=\"525\" data-original-height=\"149\" > <div class=\"gallery-group images-1\" style=\"width: 263px; height: 149px;\" data-original-width=\"263\" data-original-height=\"149\" > <div class=\"tiled-gallery-item tiled-gallery-item-large\" itemprop=\"associatedMedia\" itemscope itemtype=\"http:\/\/schema.org\/ImageObject\"> <a href=\"https:\/\/i0.wp.com\/blog.kunstgriff.net\/wp-content\/uploads\/2013\/06\/Dunkle-Wolken-ziehen-auf.jpg?ssl=1\" border=\"0\" itemprop=\"url\"> <meta itemprop=\"width\" content=\"259\"> <meta itemprop=\"height\" content=\"145\"> <img decoding=\"async\" class=\"\" data-attachment-id=\"10508\" data-orig-file=\"https:\/\/blog.kunstgriff.net\/wp-content\/uploads\/2013\/06\/Dunkle-Wolken-ziehen-auf.jpg\" data-orig-size=\"1200,674\" data-comments-opened=\"1\" data-image-meta=\"{&quot;aperture&quot;:&quot;8&quot;,&quot;credit&quot;:&quot;&quot;,&quot;camera&quot;:&quot;Canon IXUS 220HS&quot;,&quot;caption&quot;:&quot;&quot;,&quot;created_timestamp&quot;:&quot;1371917197&quot;,&quot;copyright&quot;:&quot;&quot;,&quot;focal_length&quot;:&quot;4.3&quot;,&quot;iso&quot;:&quot;160&quot;,&quot;shutter_speed&quot;:&quot;0.003125&quot;,&quot;title&quot;:&quot;&quot;}\" data-image-title=\"Dunkle Wolken ziehen auf\" data-image-description=\"\" data-medium-file=\"https:\/\/i0.wp.com\/blog.kunstgriff.net\/wp-content\/uploads\/2013\/06\/Dunkle-Wolken-ziehen-auf.jpg?fit=300%2C168&#038;ssl=1\" data-large-file=\"https:\/\/i0.wp.com\/blog.kunstgriff.net\/wp-content\/uploads\/2013\/06\/Dunkle-Wolken-ziehen-auf.jpg?fit=1024%2C575&#038;ssl=1\" src=\"https:\/\/i0.wp.com\/blog.kunstgriff.net\/wp-content\/uploads\/2013\/06\/Dunkle-Wolken-ziehen-auf.jpg?w=259&#038;h=145&#038;ssl=1\" srcset=\"https:\/\/i0.wp.com\/blog.kunstgriff.net\/wp-content\/uploads\/2013\/06\/Dunkle-Wolken-ziehen-auf.jpg?w=1200&amp;ssl=1 1200w, https:\/\/i0.wp.com\/blog.kunstgriff.net\/wp-content\/uploads\/2013\/06\/Dunkle-Wolken-ziehen-auf.jpg?resize=300%2C168&amp;ssl=1 300w, https:\/\/i0.wp.com\/blog.kunstgriff.net\/wp-content\/uploads\/2013\/06\/Dunkle-Wolken-ziehen-auf.jpg?resize=1024%2C575&amp;ssl=1 1024w, https:\/\/i0.wp.com\/blog.kunstgriff.net\/wp-content\/uploads\/2013\/06\/Dunkle-Wolken-ziehen-auf.jpg?resize=500%2C280&amp;ssl=1 500w\" width=\"259\" height=\"145\" loading=\"lazy\" data-original-width=\"259\" data-original-height=\"145\" itemprop=\"http:\/\/schema.org\/image\" title=\"Dunkle Wolken ziehen auf\" alt=\"Dunkle Wolken ziehen auf\" style=\"width: 259px; height: 145px;\" \/> <\/a> <div class=\"tiled-gallery-caption\" itemprop=\"caption description\"> Dunkle Wolken ziehen auf <\/div> <\/div> <\/div> <!-- close group --> <div class=\"gallery-group images-1\" style=\"width: 262px; height: 149px;\" data-original-width=\"262\" data-original-height=\"149\" > <div class=\"tiled-gallery-item tiled-gallery-item-large\" itemprop=\"associatedMedia\" itemscope itemtype=\"http:\/\/schema.org\/ImageObject\"> <a href=\"https:\/\/i0.wp.com\/blog.kunstgriff.net\/wp-content\/uploads\/2013\/06\/Blick-auf-Bolzano.jpg?ssl=1\" border=\"0\" itemprop=\"url\"> <meta itemprop=\"width\" content=\"258\"> <meta itemprop=\"height\" content=\"145\"> <img decoding=\"async\" class=\"\" data-attachment-id=\"10507\" data-orig-file=\"https:\/\/blog.kunstgriff.net\/wp-content\/uploads\/2013\/06\/Blick-auf-Bolzano.jpg\" data-orig-size=\"1200,674\" data-comments-opened=\"1\" data-image-meta=\"{&quot;aperture&quot;:&quot;8&quot;,&quot;credit&quot;:&quot;&quot;,&quot;camera&quot;:&quot;Canon IXUS 220HS&quot;,&quot;caption&quot;:&quot;&quot;,&quot;created_timestamp&quot;:&quot;1371903660&quot;,&quot;copyright&quot;:&quot;&quot;,&quot;focal_length&quot;:&quot;4.3&quot;,&quot;iso&quot;:&quot;200&quot;,&quot;shutter_speed&quot;:&quot;0.003125&quot;,&quot;title&quot;:&quot;&quot;}\" data-image-title=\"Blick auf Bolzano\" data-image-description=\"\" data-medium-file=\"https:\/\/i0.wp.com\/blog.kunstgriff.net\/wp-content\/uploads\/2013\/06\/Blick-auf-Bolzano.jpg?fit=300%2C168&#038;ssl=1\" data-large-file=\"https:\/\/i0.wp.com\/blog.kunstgriff.net\/wp-content\/uploads\/2013\/06\/Blick-auf-Bolzano.jpg?fit=1024%2C575&#038;ssl=1\" src=\"https:\/\/i0.wp.com\/blog.kunstgriff.net\/wp-content\/uploads\/2013\/06\/Blick-auf-Bolzano.jpg?w=258&#038;h=145&#038;ssl=1\" srcset=\"https:\/\/i0.wp.com\/blog.kunstgriff.net\/wp-content\/uploads\/2013\/06\/Blick-auf-Bolzano.jpg?w=1200&amp;ssl=1 1200w, https:\/\/i0.wp.com\/blog.kunstgriff.net\/wp-content\/uploads\/2013\/06\/Blick-auf-Bolzano.jpg?resize=300%2C168&amp;ssl=1 300w, https:\/\/i0.wp.com\/blog.kunstgriff.net\/wp-content\/uploads\/2013\/06\/Blick-auf-Bolzano.jpg?resize=1024%2C575&amp;ssl=1 1024w, https:\/\/i0.wp.com\/blog.kunstgriff.net\/wp-content\/uploads\/2013\/06\/Blick-auf-Bolzano.jpg?resize=500%2C280&amp;ssl=1 500w\" width=\"258\" height=\"145\" loading=\"lazy\" data-original-width=\"258\" data-original-height=\"145\" itemprop=\"http:\/\/schema.org\/image\" title=\"Blick auf Bolzano\" alt=\"Blick auf Bolzano\" style=\"width: 258px; height: 145px;\" \/> <\/a> <div class=\"tiled-gallery-caption\" itemprop=\"caption description\"> Blick auf Bolzano <\/div> <\/div> <\/div> <!-- close group --> <\/div> <!-- close row --> <\/div><br \/>\n<iframe height='405' width='590' frameborder='0' allowtransparency='true' scrolling='no' src='https:\/\/www.strava.com\/activities\/62158004\/embed\/f444e34e0d7d0075bd05fb8fe68c4ea4001ee771'><\/iframe><\/p>\n","protected":false},"excerpt":{"rendered":"<p>oder \u00bbK\u00f6nigsetappe gleich mal am 1. Tag\u00ab Die Anreise gestern nach St. Ulrich war bequem und stressfrei. Nach einer entspannten Nacht auf 1.209 Meter \u00fcber normal Null, hatten wir ein herrliches Fr\u00fchst\u00fcck in der Sonne auf unsere Terrasse des riesigen Hauses. Leckerste Br\u00f6tchen vom lokalen B\u00e4cker brachten uns freudig in den Tag. Erstmal ging es &hellip; <\/p>\n<p class=\"link-more\"><a href=\"https:\/\/blog.kunstgriff.net\/?p=10500\" class=\"more-link\"><span class=\"screen-reader-text\">\u201eSt. Ulrich -> Klausen -> Bolzano -> Kastelruth\u201c <\/span>weiterlesen<\/a><\/p>\n","protected":false},"author":2,"featured_media":10507,"comment_status":"open","ping_status":"open","sticky":false,"template":"","format":"standard","meta":{"jetpack_post_was_ever_published":false,"_jetpack_newsletter_access":"","_jetpack_dont_email_post_to_subs":false,"_jetpack_newsletter_tier_id":0,"_jetpack_memberships_contains_paywalled_content":false,"_jetpack_memberships_contains_paid_content":false,"footnotes":""},"categories":[14,13,7],"tags":[],"class_list":["post-10500","post","type-post","status-publish","format-standard","has-post-thumbnail","hentry","category-radfahren","category-radreise","category-rennradfahren"],"jetpack_featured_media_url":"https:\/\/i0.wp.com\/blog.kunstgriff.net\/wp-content\/uploads\/2013\/06\/Blick-auf-Bolzano.jpg?fit=1200%2C674&ssl=1","jetpack_shortlink":"https:\/\/wp.me\/p8Cxe7-2Jm","jetpack-related-posts":[{"id":15620,"url":"https:\/\/blog.kunstgriff.net\/?p=15620","url_meta":{"origin":10500,"position":0},"title":"Auf Friedensfahrt\u2013Kurs 2017 4. Tag: \u010cesk\u00e1 L\u00edpa -> Vrchlab\u00ed","author":"Georg","date":"Mai 26, 2017","format":false,"excerpt":"114,5 km | 1.798 H\u00f6henmeter Nach dem tschechischen 2-Sterne Fr\u00fchst\u00fccksb\u00fcffet ging es mit dem Gep\u00e4ckverladen weiter. Routiniert verstauten wir unsere Habseligkeiten im Anh\u00e4nger von Ulrich. Die Sonne schien am fast wolkenlosen Himmel und so machten wir uns auch umgehend, erneut zu dritt, auf den Weg. Wieder Alexander, Christoph und ich\u2026","rel":"","context":"In &quot;Radfahren&quot;","block_context":{"text":"Radfahren","link":"https:\/\/blog.kunstgriff.net\/?cat=14"},"img":{"alt_text":"","src":"https:\/\/i0.wp.com\/blog.kunstgriff.net\/wp-content\/uploads\/2017\/05\/Selbstausl%C3%B6ser-Spass.jpg?fit=1200%2C800&ssl=1&resize=350%2C200","width":350,"height":200,"srcset":"https:\/\/i0.wp.com\/blog.kunstgriff.net\/wp-content\/uploads\/2017\/05\/Selbstausl%C3%B6ser-Spass.jpg?fit=1200%2C800&ssl=1&resize=350%2C200 1x, https:\/\/i0.wp.com\/blog.kunstgriff.net\/wp-content\/uploads\/2017\/05\/Selbstausl%C3%B6ser-Spass.jpg?fit=1200%2C800&ssl=1&resize=525%2C300 1.5x, https:\/\/i0.wp.com\/blog.kunstgriff.net\/wp-content\/uploads\/2017\/05\/Selbstausl%C3%B6ser-Spass.jpg?fit=1200%2C800&ssl=1&resize=700%2C400 2x, https:\/\/i0.wp.com\/blog.kunstgriff.net\/wp-content\/uploads\/2017\/05\/Selbstausl%C3%B6ser-Spass.jpg?fit=1200%2C800&ssl=1&resize=1050%2C600 3x"},"classes":[]},{"id":13415,"url":"https:\/\/blog.kunstgriff.net\/?p=13415","url_meta":{"origin":10500,"position":1},"title":"Auf Friedensfahrt\u2013Kurs 2016 2. Tag: G\u00f6rlitz -> Liberec","author":"Georg","date":"Mai 5, 2016","format":false,"excerpt":"117 km | 1.891 H\u00f6henmeterNach dem entspannten Fr\u00fchst\u00fcck wurde um 9 Uhr das Gep\u00e4ck verladen. Dann ging es zum Hauptbahnhof um die restlichen 100 Mitfahrer zu begr\u00fc\u00dfen. Nach Peters Ansprache gingen dann die mehr als 100 Radlerinnen und Radler\u00a0auf die Strecke. Ein imposanter Anblick. Erst zur Landeskrone, dann gen S\u00fcden.\u2026","rel":"","context":"In &quot;Besonderes Ereignis&quot;","block_context":{"text":"Besonderes Ereignis","link":"https:\/\/blog.kunstgriff.net\/?cat=25"},"img":{"alt_text":"","src":"https:\/\/i0.wp.com\/blog.kunstgriff.net\/wp-content\/uploads\/2016\/05\/07-Heftige-Anstiege-mit-17.jpg?fit=1200%2C900&ssl=1&resize=350%2C200","width":350,"height":200,"srcset":"https:\/\/i0.wp.com\/blog.kunstgriff.net\/wp-content\/uploads\/2016\/05\/07-Heftige-Anstiege-mit-17.jpg?fit=1200%2C900&ssl=1&resize=350%2C200 1x, https:\/\/i0.wp.com\/blog.kunstgriff.net\/wp-content\/uploads\/2016\/05\/07-Heftige-Anstiege-mit-17.jpg?fit=1200%2C900&ssl=1&resize=525%2C300 1.5x, https:\/\/i0.wp.com\/blog.kunstgriff.net\/wp-content\/uploads\/2016\/05\/07-Heftige-Anstiege-mit-17.jpg?fit=1200%2C900&ssl=1&resize=700%2C400 2x, https:\/\/i0.wp.com\/blog.kunstgriff.net\/wp-content\/uploads\/2016\/05\/07-Heftige-Anstiege-mit-17.jpg?fit=1200%2C900&ssl=1&resize=1050%2C600 3x"},"classes":[]},{"id":7920,"url":"https:\/\/blog.kunstgriff.net\/?p=7920","url_meta":{"origin":10500,"position":2},"title":"Auf Friedensfahrt \u2013 Kurs 2012 5. Tag: Mari\u00e1nsk\u00e9 L\u00e1zn\u011b -> Taltitz","author":"Georg","date":"Mai 19, 2012","format":false,"excerpt":"155,18 km | 1.931 H\u00f6henmeter Nach dem tschechischen\u00a0Fr\u00fchst\u00fcck, hoch oben auf dem Berg \u00fcber Marienbad verlie\u00dfen wir den eleganten Ort, ohne vorher noch eine touristische Ortsdurchfahrt zu absolvieren. Leider hatten wir nicht mehr Zeit, uns die vielen sch\u00f6nen alten Geb\u00e4ude anzusehen. Gemeinsam mit meinem Team ging es auf der geplanten\u2026","rel":"","context":"In &quot;Besonderes Ereignis&quot;","block_context":{"text":"Besonderes Ereignis","link":"https:\/\/blog.kunstgriff.net\/?cat=25"},"img":{"alt_text":"","src":"https:\/\/i0.wp.com\/blog.kunstgriff.net\/wp-content\/uploads\/2012\/05\/Meine-Th%C3%BCringer-Bergziegen-und-icke.jpg?resize=350%2C200","width":350,"height":200,"srcset":"https:\/\/i0.wp.com\/blog.kunstgriff.net\/wp-content\/uploads\/2012\/05\/Meine-Th%C3%BCringer-Bergziegen-und-icke.jpg?resize=350%2C200 1x, https:\/\/i0.wp.com\/blog.kunstgriff.net\/wp-content\/uploads\/2012\/05\/Meine-Th%C3%BCringer-Bergziegen-und-icke.jpg?resize=525%2C300 1.5x, https:\/\/i0.wp.com\/blog.kunstgriff.net\/wp-content\/uploads\/2012\/05\/Meine-Th%C3%BCringer-Bergziegen-und-icke.jpg?resize=700%2C400 2x"},"classes":[]},{"id":15781,"url":"https:\/\/blog.kunstgriff.net\/?p=15781","url_meta":{"origin":10500,"position":3},"title":"ERT 2017 Cles \u2013 Bormio","author":"Georg","date":"Juni 7, 2017","format":false,"excerpt":"103,8 km | 2.752 H\u00f6henmeter Der Blick aus dem Fenster unseres Bed&Breakfast zauberte ein breites L\u00e4cheln auf Iljas und mein Gesicht: fast wolkenloser Himmel und Sonnenschein soweit das Auge reichte. Nach den Regenfahrten der vergangenen Tage eine riesen Freude und die willkommenste \u00a0denkbare Abwechslung! Das von Rosario und seiner Mutter\u2026","rel":"","context":"In &quot;Radreise&quot;","block_context":{"text":"Radreise","link":"https:\/\/blog.kunstgriff.net\/?cat=13"},"img":{"alt_text":"","src":"https:\/\/i0.wp.com\/blog.kunstgriff.net\/wp-content\/uploads\/2017\/06\/Oben-am-Passo-Gavia.jpg?fit=1200%2C800&ssl=1&resize=350%2C200","width":350,"height":200,"srcset":"https:\/\/i0.wp.com\/blog.kunstgriff.net\/wp-content\/uploads\/2017\/06\/Oben-am-Passo-Gavia.jpg?fit=1200%2C800&ssl=1&resize=350%2C200 1x, https:\/\/i0.wp.com\/blog.kunstgriff.net\/wp-content\/uploads\/2017\/06\/Oben-am-Passo-Gavia.jpg?fit=1200%2C800&ssl=1&resize=525%2C300 1.5x, https:\/\/i0.wp.com\/blog.kunstgriff.net\/wp-content\/uploads\/2017\/06\/Oben-am-Passo-Gavia.jpg?fit=1200%2C800&ssl=1&resize=700%2C400 2x, https:\/\/i0.wp.com\/blog.kunstgriff.net\/wp-content\/uploads\/2017\/06\/Oben-am-Passo-Gavia.jpg?fit=1200%2C800&ssl=1&resize=1050%2C600 3x"},"classes":[]},{"id":18526,"url":"https:\/\/blog.kunstgriff.net\/?p=18526","url_meta":{"origin":10500,"position":4},"title":"ERT 2018: Breisgau 2. Tag","author":"Georg","date":"Juli 31, 2018","format":false,"excerpt":"Schauinsland und Belchen Was stand heute auf dem Programm? Nat\u00fcrlich Radfahren! Nach dem pers\u00f6nlich, mit im REWE gekauften Blaubeeren und Kiwi, verfeinerten M\u00fcsli am Fr\u00fchst\u00fcckstisch, war die mittlere Strecke von allen f\u00fcr gut befunden worden. Zwar entging uns so der Feldberg \u2013 immerhin h\u00f6chster Berg im Schwarzwald \u2013 aber es\u2026","rel":"","context":"In &quot;Radfahren&quot;","block_context":{"text":"Radfahren","link":"https:\/\/blog.kunstgriff.net\/?cat=14"},"img":{"alt_text":"","src":"https:\/\/i0.wp.com\/blog.kunstgriff.net\/wp-content\/uploads\/2018\/08\/Gipfelfoto-Belchen.jpg?fit=1200%2C800&ssl=1&resize=350%2C200","width":350,"height":200,"srcset":"https:\/\/i0.wp.com\/blog.kunstgriff.net\/wp-content\/uploads\/2018\/08\/Gipfelfoto-Belchen.jpg?fit=1200%2C800&ssl=1&resize=350%2C200 1x, https:\/\/i0.wp.com\/blog.kunstgriff.net\/wp-content\/uploads\/2018\/08\/Gipfelfoto-Belchen.jpg?fit=1200%2C800&ssl=1&resize=525%2C300 1.5x, https:\/\/i0.wp.com\/blog.kunstgriff.net\/wp-content\/uploads\/2018\/08\/Gipfelfoto-Belchen.jpg?fit=1200%2C800&ssl=1&resize=700%2C400 2x, https:\/\/i0.wp.com\/blog.kunstgriff.net\/wp-content\/uploads\/2018\/08\/Gipfelfoto-Belchen.jpg?fit=1200%2C800&ssl=1&resize=1050%2C600 3x"},"classes":[]},{"id":10538,"url":"https:\/\/blog.kunstgriff.net\/?p=10538","url_meta":{"origin":10500,"position":5},"title":"St. Ulrich -> Bolzano -> Merano","author":"Georg","date":"Juni 25, 2013","format":false,"excerpt":"oder \u00bbH\u00f6henmeter sammeln\u00ab Nach dem gestrigen Regentag wollten wir heute unbedingt wieder aufs Rad. Nach Abw\u00e4gung aller M\u00f6glichkeiten entschlossen wir uns f\u00fcr eine Etappe mit nicht all zu vielen P\u00e4ssen bzw. Anstiegen. Eigentlich nur einem, daf\u00fcr knackigen. Die Beine wollten auch mal lange flach rollen nach den vielen H\u00f6henmetern der\u2026","rel":"","context":"In &quot;Radfahren&quot;","block_context":{"text":"Radfahren","link":"https:\/\/blog.kunstgriff.net\/?cat=14"},"img":{"alt_text":"","src":"https:\/\/i0.wp.com\/blog.kunstgriff.net\/wp-content\/uploads\/2013\/06\/Herrliches-Alpenpanorama.jpg?fit=1200%2C900&ssl=1&resize=350%2C200","width":350,"height":200,"srcset":"https:\/\/i0.wp.com\/blog.kunstgriff.net\/wp-content\/uploads\/2013\/06\/Herrliches-Alpenpanorama.jpg?fit=1200%2C900&ssl=1&resize=350%2C200 1x, https:\/\/i0.wp.com\/blog.kunstgriff.net\/wp-content\/uploads\/2013\/06\/Herrliches-Alpenpanorama.jpg?fit=1200%2C900&ssl=1&resize=525%2C300 1.5x, https:\/\/i0.wp.com\/blog.kunstgriff.net\/wp-content\/uploads\/2013\/06\/Herrliches-Alpenpanorama.jpg?fit=1200%2C900&ssl=1&resize=700%2C400 2x, https:\/\/i0.wp.com\/blog.kunstgriff.net\/wp-content\/uploads\/2013\/06\/Herrliches-Alpenpanorama.jpg?fit=1200%2C900&ssl=1&resize=1050%2C600 3x"},"classes":[]}],"jetpack_likes_enabled":true,"jetpack_sharing_enabled":true,"_links":{"self":[{"href":"https:\/\/blog.kunstgriff.net\/index.php?rest_route=\/wp\/v2\/posts\/10500","targetHints":{"allow":["GET"]}}],"collection":[{"href":"https:\/\/blog.kunstgriff.net\/index.php?rest_route=\/wp\/v2\/posts"}],"about":[{"href":"https:\/\/blog.kunstgriff.net\/index.php?rest_route=\/wp\/v2\/types\/post"}],"author":[{"embeddable":true,"href":"https:\/\/blog.kunstgriff.net\/index.php?rest_route=\/wp\/v2\/users\/2"}],"replies":[{"embeddable":true,"href":"https:\/\/blog.kunstgriff.net\/index.php?rest_route=%2Fwp%2Fv2%2Fcomments&post=10500"}],"version-history":[{"count":0,"href":"https:\/\/blog.kunstgriff.net\/index.php?rest_route=\/wp\/v2\/posts\/10500\/revisions"}],"wp:featuredmedia":[{"embeddable":true,"href":"https:\/\/blog.kunstgriff.net\/index.php?rest_route=\/wp\/v2\/media\/10507"}],"wp:attachment":[{"href":"https:\/\/blog.kunstgriff.net\/index.php?rest_route=%2Fwp%2Fv2%2Fmedia&parent=10500"}],"wp:term":[{"taxonomy":"category","embeddable":true,"href":"https:\/\/blog.kunstgriff.net\/index.php?rest_route=%2Fwp%2Fv2%2Fcategories&post=10500"},{"taxonomy":"post_tag","embeddable":true,"href":"https:\/\/blog.kunstgriff.net\/index.php?rest_route=%2Fwp%2Fv2%2Ftags&post=10500"}],"curies":[{"name":"wp","href":"https:\/\/api.w.org\/{rel}","templated":true}]}}