{"id":10554,"date":"2013-06-26T20:02:09","date_gmt":"2013-06-26T18:02:09","guid":{"rendered":"http:\/\/blog.kunstgriff.net\/?p=10554"},"modified":"2016-08-21T20:41:41","modified_gmt":"2016-08-21T18:41:41","slug":"st-ulrich-rosengarten-sella-joch","status":"publish","type":"post","link":"https:\/\/blog.kunstgriff.net\/?p=10554","title":{"rendered":"St. Ulrich -> Rosengarten -> Sella Joch"},"content":{"rendered":"<span class=\"span-reading-time rt-reading-time\" style=\"display: block;\"><span class=\"rt-label rt-prefix\">Lesezeit: <\/span> <span class=\"rt-time\"> 2<\/span> <span class=\"rt-label rt-postfix\">Minuten<\/span><\/span><h4>oder \u00bbDoppelt h\u00e4lt besser, denn ein Pass ist nicht genug\u00ab<\/h4>\n<hr \/>\n<p>Irgendwie wollte ich eigentlich heute gar nicht fahren. Aber nach dem Br\u00f6tchen holen, als die Sonne langsam hinter den Berggipfeln hervorlugte, hatte ich doch wieder Feuer gefangen. Die Route sah auch zu verlockend aus: Fast schon ein Kreis, mit zwei wirklich attraktiven P\u00e4ssen, die gefahren werden wollten.<\/p>\n<p>Also ab in die Radklamotten und um 10:43 gleich den ersten kleinen Pass, den ich mal in meiner P\u00e4sseliste nicht erw\u00e4hne, hinauf. Warm war ich nun. Leider hatte Uwe zeck mit seinem Umwerfer und wir mussten erst einmal beim n\u00e4chsten Radladen in Kastelruth einkehren. Die Wartezeit wurde von Isabell zur Anschaffung einer neuen Rennradbrille genutzt. Perfektes Zeitmanagement im Urlaub!<\/p>\n<p>Nun st\u00fcrzten wir uns steil den Berg hinunter. F\u00fcr die beiden weiblichen Mitfahrerinnen wohl zu schnell, denn sie verpassten den Abzweig zum leckeren 28% Anstieg. Sie mussten zur Strafe &#8217;ne extra Nase absolvieren.<\/p>\n<p>Nachdem nun alle erstmal wieder beisammen waren, konnten wir unser erstes Tagesziel in Angriff nehmen: Die Bezwingung des Nigerpasses. Ein fast f\u00fcnfzehn Kilometer langer Anstieg, der es in sich hatte. Wenig Flachpassagen zum verschnaufen, sondern kontinuierlich steile Strasse. Aber wir wollten ja schnell nach oben!<\/p>\n<p>Oben angekommen erwartete die Bande mich bereits und wir kehrten zu Apfelstrudel und Buchweizenkuchen ein. Das Aufbrechen fiel wie immer schwer, denn weitere Anstiege bei recht frischen Temperaturen wollten bew\u00e4ltigt werden.<\/p>\n<p>Nach einer eher unspektakul\u00e4ren Abfahrt hinunter nach Canazei machte sich gro\u00dfer Respekt vor dem letzten Anstieg bei mir breit. Das Sella Joch hoch war nicht ohne, denn rund 800 H\u00f6henmeter mussten \u00fcberwunden werden. Da ich mit der roten Laterne fuhr, brauchte ich auch nicht zu hetzen und konnte es, f\u00fcr solch ein Unterfangen, locker angehen lassen.<\/p>\n<p>Oben angekommen froren alle bei windigen 9\u00b0C ganz gewaltig und wollten schnell in die Abfahrt, herunter nach Wolkenstein. Diese genoss ich wieder in vollen Z\u00fcgen und fuhr die Serpentinen mit H\u00f6chstgeschwindigkeit aus.<\/p>\n<p>Zur\u00fcck im Haus freuten sich dann alle \u00fcber die warme Dusch und die Sauna, etwas ausgek\u00fchlt waren wir doch.<\/p>\n<p>Morgen dann wohl wirklich Ruhetag\u2026oder?<\/p>\n<div class=\"tiled-gallery type-rectangular tiled-gallery-unresized\" data-original-width=\"525\" data-carousel-extra='{&quot;blog_id&quot;:1,&quot;permalink&quot;:&quot;https:\\\/\\\/blog.kunstgriff.net\\\/?p=10554&quot;,&quot;likes_blog_id&quot;:127394879}' itemscope itemtype=\"http:\/\/schema.org\/ImageGallery\" > <div class=\"gallery-row\" style=\"width: 525px; height: 264px;\" data-original-width=\"525\" data-original-height=\"264\" > <div class=\"gallery-group images-1\" style=\"width: 350px; height: 264px;\" data-original-width=\"350\" data-original-height=\"264\" > <div class=\"tiled-gallery-item tiled-gallery-item-large\" itemprop=\"associatedMedia\" itemscope itemtype=\"http:\/\/schema.org\/ImageObject\"> <a href=\"https:\/\/i0.wp.com\/blog.kunstgriff.net\/wp-content\/uploads\/2013\/06\/Da-wollen-wir-hoch.jpg?ssl=1\" border=\"0\" itemprop=\"url\"> <meta itemprop=\"width\" content=\"346\"> <meta itemprop=\"height\" content=\"260\"> <img decoding=\"async\" class=\"\" data-attachment-id=\"10558\" data-orig-file=\"https:\/\/blog.kunstgriff.net\/wp-content\/uploads\/2013\/06\/Da-wollen-wir-hoch.jpg\" data-orig-size=\"1200,900\" data-comments-opened=\"1\" data-image-meta=\"{&quot;aperture&quot;:&quot;8&quot;,&quot;credit&quot;:&quot;&quot;,&quot;camera&quot;:&quot;Canon IXUS 220HS&quot;,&quot;caption&quot;:&quot;&quot;,&quot;created_timestamp&quot;:&quot;1372253959&quot;,&quot;copyright&quot;:&quot;&quot;,&quot;focal_length&quot;:&quot;4.3&quot;,&quot;iso&quot;:&quot;250&quot;,&quot;shutter_speed&quot;:&quot;0.0025&quot;,&quot;title&quot;:&quot;&quot;}\" data-image-title=\"Da wollen wir hoch\" data-image-description=\"\" data-medium-file=\"https:\/\/i0.wp.com\/blog.kunstgriff.net\/wp-content\/uploads\/2013\/06\/Da-wollen-wir-hoch.jpg?fit=300%2C225&#038;ssl=1\" data-large-file=\"https:\/\/i0.wp.com\/blog.kunstgriff.net\/wp-content\/uploads\/2013\/06\/Da-wollen-wir-hoch.jpg?fit=1024%2C768&#038;ssl=1\" src=\"https:\/\/i0.wp.com\/blog.kunstgriff.net\/wp-content\/uploads\/2013\/06\/Da-wollen-wir-hoch.jpg?w=346&#038;h=260&#038;ssl=1\" srcset=\"https:\/\/i0.wp.com\/blog.kunstgriff.net\/wp-content\/uploads\/2013\/06\/Da-wollen-wir-hoch.jpg?w=1200&amp;ssl=1 1200w, https:\/\/i0.wp.com\/blog.kunstgriff.net\/wp-content\/uploads\/2013\/06\/Da-wollen-wir-hoch.jpg?resize=300%2C225&amp;ssl=1 300w, https:\/\/i0.wp.com\/blog.kunstgriff.net\/wp-content\/uploads\/2013\/06\/Da-wollen-wir-hoch.jpg?resize=1024%2C768&amp;ssl=1 1024w, https:\/\/i0.wp.com\/blog.kunstgriff.net\/wp-content\/uploads\/2013\/06\/Da-wollen-wir-hoch.jpg?resize=400%2C300&amp;ssl=1 400w\" width=\"346\" height=\"260\" loading=\"lazy\" data-original-width=\"346\" data-original-height=\"260\" itemprop=\"http:\/\/schema.org\/image\" title=\"Da wollen wir hoch\" alt=\"Da wollen wir hoch\" style=\"width: 346px; height: 260px;\" \/> <\/a> <div class=\"tiled-gallery-caption\" itemprop=\"caption description\"> Da wollen wir hoch <\/div> <\/div> <\/div> <!-- close group --> <div class=\"gallery-group images-2\" style=\"width: 175px; height: 264px;\" data-original-width=\"175\" data-original-height=\"264\" > <div class=\"tiled-gallery-item tiled-gallery-item-small\" itemprop=\"associatedMedia\" itemscope itemtype=\"http:\/\/schema.org\/ImageObject\"> <a href=\"https:\/\/i0.wp.com\/blog.kunstgriff.net\/wp-content\/uploads\/2013\/06\/Einkehr-mit-Apfelstrudel-auf-dem-Pass.jpg?ssl=1\" border=\"0\" itemprop=\"url\"> <meta itemprop=\"width\" content=\"171\"> <meta itemprop=\"height\" content=\"128\"> <img decoding=\"async\" class=\"\" data-attachment-id=\"10560\" data-orig-file=\"https:\/\/blog.kunstgriff.net\/wp-content\/uploads\/2013\/06\/Einkehr-mit-Apfelstrudel-auf-dem-Pass.jpg\" data-orig-size=\"1200,900\" data-comments-opened=\"1\" data-image-meta=\"{&quot;aperture&quot;:&quot;2.8&quot;,&quot;credit&quot;:&quot;&quot;,&quot;camera&quot;:&quot;Canon DIGITAL IXUS 870 IS&quot;,&quot;caption&quot;:&quot;&quot;,&quot;created_timestamp&quot;:&quot;1372256975&quot;,&quot;copyright&quot;:&quot;&quot;,&quot;focal_length&quot;:&quot;5&quot;,&quot;iso&quot;:&quot;80&quot;,&quot;shutter_speed&quot;:&quot;0.01&quot;,&quot;title&quot;:&quot;&quot;}\" data-image-title=\"Einkehr mit Apfelstrudel auf dem Pass\" data-image-description=\"\" data-medium-file=\"https:\/\/i0.wp.com\/blog.kunstgriff.net\/wp-content\/uploads\/2013\/06\/Einkehr-mit-Apfelstrudel-auf-dem-Pass.jpg?fit=300%2C225&#038;ssl=1\" data-large-file=\"https:\/\/i0.wp.com\/blog.kunstgriff.net\/wp-content\/uploads\/2013\/06\/Einkehr-mit-Apfelstrudel-auf-dem-Pass.jpg?fit=1024%2C768&#038;ssl=1\" src=\"https:\/\/i0.wp.com\/blog.kunstgriff.net\/wp-content\/uploads\/2013\/06\/Einkehr-mit-Apfelstrudel-auf-dem-Pass.jpg?w=171&#038;h=128&#038;ssl=1\" srcset=\"https:\/\/i0.wp.com\/blog.kunstgriff.net\/wp-content\/uploads\/2013\/06\/Einkehr-mit-Apfelstrudel-auf-dem-Pass.jpg?w=1200&amp;ssl=1 1200w, https:\/\/i0.wp.com\/blog.kunstgriff.net\/wp-content\/uploads\/2013\/06\/Einkehr-mit-Apfelstrudel-auf-dem-Pass.jpg?resize=300%2C225&amp;ssl=1 300w, https:\/\/i0.wp.com\/blog.kunstgriff.net\/wp-content\/uploads\/2013\/06\/Einkehr-mit-Apfelstrudel-auf-dem-Pass.jpg?resize=1024%2C768&amp;ssl=1 1024w, https:\/\/i0.wp.com\/blog.kunstgriff.net\/wp-content\/uploads\/2013\/06\/Einkehr-mit-Apfelstrudel-auf-dem-Pass.jpg?resize=400%2C300&amp;ssl=1 400w\" width=\"171\" height=\"128\" loading=\"lazy\" data-original-width=\"171\" data-original-height=\"128\" itemprop=\"http:\/\/schema.org\/image\" title=\"Einkehr mit Apfelstrudel auf dem Pass\" alt=\"Einkehr mit Apfelstrudel auf dem Pass\" style=\"width: 171px; height: 128px;\" \/> <\/a> <div class=\"tiled-gallery-caption\" itemprop=\"caption description\"> Einkehr mit Apfelstrudel auf dem Pass <\/div> <\/div> <div class=\"tiled-gallery-item tiled-gallery-item-small\" itemprop=\"associatedMedia\" itemscope itemtype=\"http:\/\/schema.org\/ImageObject\"> <a href=\"https:\/\/i0.wp.com\/blog.kunstgriff.net\/wp-content\/uploads\/2013\/06\/Gleich-gehts-weiter.jpg?ssl=1\" border=\"0\" itemprop=\"url\"> <meta itemprop=\"width\" content=\"171\"> <meta itemprop=\"height\" content=\"128\"> <img decoding=\"async\" class=\"\" data-attachment-id=\"10562\" data-orig-file=\"https:\/\/blog.kunstgriff.net\/wp-content\/uploads\/2013\/06\/Gleich-gehts-weiter.jpg\" data-orig-size=\"1200,900\" data-comments-opened=\"1\" data-image-meta=\"{&quot;aperture&quot;:&quot;5.6&quot;,&quot;credit&quot;:&quot;&quot;,&quot;camera&quot;:&quot;Canon DIGITAL IXUS 870 IS&quot;,&quot;caption&quot;:&quot;&quot;,&quot;created_timestamp&quot;:&quot;1372258773&quot;,&quot;copyright&quot;:&quot;&quot;,&quot;focal_length&quot;:&quot;5&quot;,&quot;iso&quot;:&quot;80&quot;,&quot;shutter_speed&quot;:&quot;0.003125&quot;,&quot;title&quot;:&quot;&quot;}\" data-image-title=\"Gleich gehts weiter\" data-image-description=\"\" data-medium-file=\"https:\/\/i0.wp.com\/blog.kunstgriff.net\/wp-content\/uploads\/2013\/06\/Gleich-gehts-weiter.jpg?fit=300%2C225&#038;ssl=1\" data-large-file=\"https:\/\/i0.wp.com\/blog.kunstgriff.net\/wp-content\/uploads\/2013\/06\/Gleich-gehts-weiter.jpg?fit=1024%2C768&#038;ssl=1\" src=\"https:\/\/i0.wp.com\/blog.kunstgriff.net\/wp-content\/uploads\/2013\/06\/Gleich-gehts-weiter.jpg?w=171&#038;h=128&#038;ssl=1\" srcset=\"https:\/\/i0.wp.com\/blog.kunstgriff.net\/wp-content\/uploads\/2013\/06\/Gleich-gehts-weiter.jpg?w=1200&amp;ssl=1 1200w, https:\/\/i0.wp.com\/blog.kunstgriff.net\/wp-content\/uploads\/2013\/06\/Gleich-gehts-weiter.jpg?resize=300%2C225&amp;ssl=1 300w, https:\/\/i0.wp.com\/blog.kunstgriff.net\/wp-content\/uploads\/2013\/06\/Gleich-gehts-weiter.jpg?resize=1024%2C768&amp;ssl=1 1024w, https:\/\/i0.wp.com\/blog.kunstgriff.net\/wp-content\/uploads\/2013\/06\/Gleich-gehts-weiter.jpg?resize=400%2C300&amp;ssl=1 400w\" width=\"171\" height=\"128\" loading=\"lazy\" data-original-width=\"171\" data-original-height=\"128\" itemprop=\"http:\/\/schema.org\/image\" title=\"Gleich gehts weiter\" alt=\"Gleich gehts weiter\" style=\"width: 171px; height: 128px;\" \/> <\/a> <div class=\"tiled-gallery-caption\" itemprop=\"caption description\"> Gleich gehts weiter <\/div> <\/div> <\/div> <!-- close group --> <\/div> <!-- close row --> <div class=\"gallery-row\" style=\"width: 525px; height: 132px;\" data-original-width=\"525\" data-original-height=\"132\" > <div class=\"gallery-group images-1\" style=\"width: 175px; height: 132px;\" data-original-width=\"175\" data-original-height=\"132\" > <div class=\"tiled-gallery-item tiled-gallery-item-small\" itemprop=\"associatedMedia\" itemscope itemtype=\"http:\/\/schema.org\/ImageObject\"> <a href=\"https:\/\/i0.wp.com\/blog.kunstgriff.net\/wp-content\/uploads\/2013\/06\/Faszinierende-Berge.jpg?ssl=1\" border=\"0\" itemprop=\"url\"> <meta itemprop=\"width\" content=\"171\"> <meta itemprop=\"height\" content=\"128\"> <img decoding=\"async\" class=\"\" data-attachment-id=\"10561\" data-orig-file=\"https:\/\/blog.kunstgriff.net\/wp-content\/uploads\/2013\/06\/Faszinierende-Berge.jpg\" data-orig-size=\"1200,900\" data-comments-opened=\"1\" data-image-meta=\"{&quot;aperture&quot;:&quot;5&quot;,&quot;credit&quot;:&quot;&quot;,&quot;camera&quot;:&quot;Canon DIGITAL IXUS 870 IS&quot;,&quot;caption&quot;:&quot;&quot;,&quot;created_timestamp&quot;:&quot;1372262174&quot;,&quot;copyright&quot;:&quot;&quot;,&quot;focal_length&quot;:&quot;14.842998585573&quot;,&quot;iso&quot;:&quot;80&quot;,&quot;shutter_speed&quot;:&quot;0.002&quot;,&quot;title&quot;:&quot;&quot;}\" data-image-title=\"Faszinierende Berge\" data-image-description=\"\" data-medium-file=\"https:\/\/i0.wp.com\/blog.kunstgriff.net\/wp-content\/uploads\/2013\/06\/Faszinierende-Berge.jpg?fit=300%2C225&#038;ssl=1\" data-large-file=\"https:\/\/i0.wp.com\/blog.kunstgriff.net\/wp-content\/uploads\/2013\/06\/Faszinierende-Berge.jpg?fit=1024%2C768&#038;ssl=1\" src=\"https:\/\/i0.wp.com\/blog.kunstgriff.net\/wp-content\/uploads\/2013\/06\/Faszinierende-Berge.jpg?w=171&#038;h=128&#038;ssl=1\" srcset=\"https:\/\/i0.wp.com\/blog.kunstgriff.net\/wp-content\/uploads\/2013\/06\/Faszinierende-Berge.jpg?w=1200&amp;ssl=1 1200w, https:\/\/i0.wp.com\/blog.kunstgriff.net\/wp-content\/uploads\/2013\/06\/Faszinierende-Berge.jpg?resize=300%2C225&amp;ssl=1 300w, https:\/\/i0.wp.com\/blog.kunstgriff.net\/wp-content\/uploads\/2013\/06\/Faszinierende-Berge.jpg?resize=1024%2C768&amp;ssl=1 1024w, https:\/\/i0.wp.com\/blog.kunstgriff.net\/wp-content\/uploads\/2013\/06\/Faszinierende-Berge.jpg?resize=400%2C300&amp;ssl=1 400w\" width=\"171\" height=\"128\" loading=\"lazy\" data-original-width=\"171\" data-original-height=\"128\" itemprop=\"http:\/\/schema.org\/image\" title=\"Faszinierende Berge\" alt=\"Faszinierende Berge\" style=\"width: 171px; height: 128px;\" \/> <\/a> <div class=\"tiled-gallery-caption\" itemprop=\"caption description\"> Faszinierende Berge <\/div> <\/div> <\/div> <!-- close group --> <div class=\"gallery-group images-1\" style=\"width: 175px; height: 132px;\" data-original-width=\"175\" data-original-height=\"132\" > <div class=\"tiled-gallery-item tiled-gallery-item-small\" itemprop=\"associatedMedia\" itemscope itemtype=\"http:\/\/schema.org\/ImageObject\"> <a href=\"https:\/\/i0.wp.com\/blog.kunstgriff.net\/wp-content\/uploads\/2013\/06\/Die-Strasse-h%C3%A4lt-hier-nicht-mehr-viel.jpg?ssl=1\" border=\"0\" itemprop=\"url\"> <meta itemprop=\"width\" content=\"171\"> <meta itemprop=\"height\" content=\"128\"> <img decoding=\"async\" class=\"\" data-attachment-id=\"10559\" data-orig-file=\"https:\/\/blog.kunstgriff.net\/wp-content\/uploads\/2013\/06\/Die-Strasse-h\u00e4lt-hier-nicht-mehr-viel.jpg\" data-orig-size=\"1200,900\" data-comments-opened=\"1\" data-image-meta=\"{&quot;aperture&quot;:&quot;8&quot;,&quot;credit&quot;:&quot;&quot;,&quot;camera&quot;:&quot;Canon IXUS 220HS&quot;,&quot;caption&quot;:&quot;&quot;,&quot;created_timestamp&quot;:&quot;1372266577&quot;,&quot;copyright&quot;:&quot;&quot;,&quot;focal_length&quot;:&quot;4.3&quot;,&quot;iso&quot;:&quot;320&quot;,&quot;shutter_speed&quot;:&quot;0.0025&quot;,&quot;title&quot;:&quot;&quot;}\" data-image-title=\"Die Strasse h\u00e4lt hier nicht mehr viel\" data-image-description=\"\" data-medium-file=\"https:\/\/i0.wp.com\/blog.kunstgriff.net\/wp-content\/uploads\/2013\/06\/Die-Strasse-h%C3%A4lt-hier-nicht-mehr-viel.jpg?fit=300%2C225&#038;ssl=1\" data-large-file=\"https:\/\/i0.wp.com\/blog.kunstgriff.net\/wp-content\/uploads\/2013\/06\/Die-Strasse-h%C3%A4lt-hier-nicht-mehr-viel.jpg?fit=1024%2C768&#038;ssl=1\" src=\"https:\/\/i0.wp.com\/blog.kunstgriff.net\/wp-content\/uploads\/2013\/06\/Die-Strasse-h%C3%A4lt-hier-nicht-mehr-viel.jpg?w=171&#038;h=128&#038;ssl=1\" width=\"171\" height=\"128\" loading=\"lazy\" data-original-width=\"171\" data-original-height=\"128\" itemprop=\"http:\/\/schema.org\/image\" title=\"Die Strasse h\u00e4lt hier nicht mehr viel\" alt=\"Die Strasse h\u00e4lt hier nicht mehr viel\" style=\"width: 171px; height: 128px;\" \/> <\/a> <div class=\"tiled-gallery-caption\" itemprop=\"caption description\"> Die Strasse h\u00e4lt hier nicht mehr viel <\/div> <\/div> <\/div> <!-- close group --> <div class=\"gallery-group images-1\" style=\"width: 175px; height: 132px;\" data-original-width=\"175\" data-original-height=\"132\" > <div class=\"tiled-gallery-item tiled-gallery-item-small\" itemprop=\"associatedMedia\" itemscope itemtype=\"http:\/\/schema.org\/ImageObject\"> <a href=\"https:\/\/i0.wp.com\/blog.kunstgriff.net\/wp-content\/uploads\/2013\/06\/Ausblick-vom-Sella-Joch.jpg?ssl=1\" border=\"0\" itemprop=\"url\"> <meta itemprop=\"width\" content=\"171\"> <meta itemprop=\"height\" content=\"128\"> <img decoding=\"async\" class=\"\" data-attachment-id=\"10557\" data-orig-file=\"https:\/\/blog.kunstgriff.net\/wp-content\/uploads\/2013\/06\/Ausblick-vom-Sella-Joch.jpg\" data-orig-size=\"1200,900\" data-comments-opened=\"1\" data-image-meta=\"{&quot;aperture&quot;:&quot;4.5&quot;,&quot;credit&quot;:&quot;&quot;,&quot;camera&quot;:&quot;Canon IXUS 220HS&quot;,&quot;caption&quot;:&quot;&quot;,&quot;created_timestamp&quot;:&quot;1372266511&quot;,&quot;copyright&quot;:&quot;&quot;,&quot;focal_length&quot;:&quot;8.025&quot;,&quot;iso&quot;:&quot;320&quot;,&quot;shutter_speed&quot;:&quot;0.00125&quot;,&quot;title&quot;:&quot;&quot;}\" data-image-title=\"Ausblick vom Sella Joch\" data-image-description=\"\" data-medium-file=\"https:\/\/i0.wp.com\/blog.kunstgriff.net\/wp-content\/uploads\/2013\/06\/Ausblick-vom-Sella-Joch.jpg?fit=300%2C225&#038;ssl=1\" data-large-file=\"https:\/\/i0.wp.com\/blog.kunstgriff.net\/wp-content\/uploads\/2013\/06\/Ausblick-vom-Sella-Joch.jpg?fit=1024%2C768&#038;ssl=1\" src=\"https:\/\/i0.wp.com\/blog.kunstgriff.net\/wp-content\/uploads\/2013\/06\/Ausblick-vom-Sella-Joch.jpg?w=171&#038;h=128&#038;ssl=1\" srcset=\"https:\/\/i0.wp.com\/blog.kunstgriff.net\/wp-content\/uploads\/2013\/06\/Ausblick-vom-Sella-Joch.jpg?w=1200&amp;ssl=1 1200w, https:\/\/i0.wp.com\/blog.kunstgriff.net\/wp-content\/uploads\/2013\/06\/Ausblick-vom-Sella-Joch.jpg?resize=300%2C225&amp;ssl=1 300w, https:\/\/i0.wp.com\/blog.kunstgriff.net\/wp-content\/uploads\/2013\/06\/Ausblick-vom-Sella-Joch.jpg?resize=1024%2C768&amp;ssl=1 1024w, https:\/\/i0.wp.com\/blog.kunstgriff.net\/wp-content\/uploads\/2013\/06\/Ausblick-vom-Sella-Joch.jpg?resize=400%2C300&amp;ssl=1 400w\" width=\"171\" height=\"128\" loading=\"lazy\" data-original-width=\"171\" data-original-height=\"128\" itemprop=\"http:\/\/schema.org\/image\" title=\"Ausblick vom Sella Joch\" alt=\"Ausblick vom Sella Joch\" style=\"width: 171px; height: 128px;\" \/> <\/a> <div class=\"tiled-gallery-caption\" itemprop=\"caption description\"> Ausblick vom Sella Joch <\/div> <\/div> <\/div> <!-- close group --> <\/div> <!-- close row --> <\/div>\n<p><iframe loading=\"lazy\" src=\"https:\/\/www.strava.com\/activities\/63002420\/embed\/ac7dc4a4a8e67ccda710c34b5f579be07d28eedd\" width=\"590\" height=\"405\" frameborder=\"0\" scrolling=\"no\"><\/iframe><\/p>\n","protected":false},"excerpt":{"rendered":"<p>oder \u00bbDoppelt h\u00e4lt besser, denn ein Pass ist nicht genug\u00ab Irgendwie wollte ich eigentlich heute gar nicht fahren. Aber nach dem Br\u00f6tchen holen, als die Sonne langsam hinter den Berggipfeln hervorlugte, hatte ich doch wieder Feuer gefangen. Die Route sah auch zu verlockend aus: Fast schon ein Kreis, mit zwei wirklich attraktiven P\u00e4ssen, die gefahren &hellip; <\/p>\n<p class=\"link-more\"><a href=\"https:\/\/blog.kunstgriff.net\/?p=10554\" class=\"more-link\"><span class=\"screen-reader-text\">\u201eSt. Ulrich -> Rosengarten -> Sella Joch\u201c <\/span>weiterlesen<\/a><\/p>\n","protected":false},"author":2,"featured_media":10562,"comment_status":"open","ping_status":"open","sticky":false,"template":"","format":"standard","meta":{"jetpack_post_was_ever_published":false,"_jetpack_newsletter_access":"","_jetpack_dont_email_post_to_subs":false,"_jetpack_newsletter_tier_id":0,"_jetpack_memberships_contains_paywalled_content":false,"_jetpack_memberships_contains_paid_content":false,"footnotes":""},"categories":[14,13,7],"tags":[],"class_list":["post-10554","post","type-post","status-publish","format-standard","has-post-thumbnail","hentry","category-radfahren","category-radreise","category-rennradfahren"],"jetpack_featured_media_url":"https:\/\/i0.wp.com\/blog.kunstgriff.net\/wp-content\/uploads\/2013\/06\/Gleich-gehts-weiter.jpg?fit=1200%2C900&ssl=1","jetpack_shortlink":"https:\/\/wp.me\/p8Cxe7-2Ke","jetpack-related-posts":[{"id":1380,"url":"https:\/\/blog.kunstgriff.net\/?p=1380","url_meta":{"origin":10554,"position":0},"title":"Rh\u00f6n-Rad Marathon Super-Cup","author":"Georg","date":"Mai 23, 2010","format":false,"excerpt":"212,7 km | 3.726 H\u00f6henmeter Nach einer zweiten kurzen Nacht mit automatischem aufgeregten Aufwachen um 4:29 Uhr in einer komfortablen kleinen Pension in Bad Salzschlirf ging es nach einem recht \u00fcbersichtlichem Fr\u00fchst\u00fcck, bestehend aus drei Honigbr\u00f6tchen und drei Tassen Kaffee mit dem Auto ins 10 km entfernte Bimbach. Die freiwillige\u2026","rel":"","context":"In &quot;Radfahren&quot;","block_context":{"text":"Radfahren","link":"https:\/\/blog.kunstgriff.net\/?cat=14"},"img":{"alt_text":"","src":"https:\/\/i0.wp.com\/blog.kunstgriff.net\/wp-content\/uploads\/2010\/05\/100_3005.jpg?fit=510%2C340&ssl=1&resize=350%2C200","width":350,"height":200},"classes":[]},{"id":22900,"url":"https:\/\/blog.kunstgriff.net\/?p=22900","url_meta":{"origin":10554,"position":1},"title":"WfF Slowenien Tour 2022 &#8211; Tag 4: Blet nach Bovec","author":"Georg","date":"Mai 12, 2022","format":false,"excerpt":"P\u00e4sse klettern kann ich leider nicht Nach dem erholsamen Ruhetag in Bled, mit einer umfangreichen Wanderung, wollten wir heute wieder die Beine auf den R\u00e4dern bewegen. Das Programm bestand aus einem Pass, der Vr\u0161i\u010d. Richtig informiert, was mich erwarten w\u00fcrde, war ich nicht. Auch nicht so wichtig. Ein wenig mag\u2026","rel":"","context":"In &quot;Radfahren&quot;","block_context":{"text":"Radfahren","link":"https:\/\/blog.kunstgriff.net\/?cat=14"},"img":{"alt_text":"oben","src":"https:\/\/i0.wp.com\/blog.kunstgriff.net\/wp-content\/uploads\/2022\/05\/oben.jpg?fit=1200%2C900&ssl=1&resize=350%2C200","width":350,"height":200,"srcset":"https:\/\/i0.wp.com\/blog.kunstgriff.net\/wp-content\/uploads\/2022\/05\/oben.jpg?fit=1200%2C900&ssl=1&resize=350%2C200 1x, https:\/\/i0.wp.com\/blog.kunstgriff.net\/wp-content\/uploads\/2022\/05\/oben.jpg?fit=1200%2C900&ssl=1&resize=525%2C300 1.5x, https:\/\/i0.wp.com\/blog.kunstgriff.net\/wp-content\/uploads\/2022\/05\/oben.jpg?fit=1200%2C900&ssl=1&resize=700%2C400 2x, https:\/\/i0.wp.com\/blog.kunstgriff.net\/wp-content\/uploads\/2022\/05\/oben.jpg?fit=1200%2C900&ssl=1&resize=1050%2C600 3x"},"classes":[]},{"id":2470,"url":"https:\/\/blog.kunstgriff.net\/?p=2470","url_meta":{"origin":10554,"position":2},"title":"\u00bbTop-Verpfleger\u00ab beim 37. Berlin Marathon","author":"Georg","date":"September 26, 2010","format":false,"excerpt":"Die Nacht war kurz, denn bedingt durch Mark\u2019s Geburtstagsparty bin ich erst um halb 2 ins Bett gekommen und der Wecker riss mich um 6 Uhr aus dem Tiefschlaf. Benommen riskierte ich einen Blick aus dem Fenster: Vor mir stra\u00dfenlaternen beleuchteter nasser Asphalt und dicke Regentropfen, die auf diesen tropften.\u2026","rel":"","context":"In &quot;Radfahren&quot;","block_context":{"text":"Radfahren","link":"https:\/\/blog.kunstgriff.net\/?cat=14"},"img":{"alt_text":"","src":"https:\/\/i0.wp.com\/blog.kunstgriff.net\/wp-content\/uploads\/2010\/09\/IMG_0003.jpg?resize=350%2C200","width":350,"height":200,"srcset":"https:\/\/i0.wp.com\/blog.kunstgriff.net\/wp-content\/uploads\/2010\/09\/IMG_0003.jpg?resize=350%2C200 1x, https:\/\/i0.wp.com\/blog.kunstgriff.net\/wp-content\/uploads\/2010\/09\/IMG_0003.jpg?resize=525%2C300 1.5x"},"classes":[]},{"id":1440,"url":"https:\/\/blog.kunstgriff.net\/?p=1440","url_meta":{"origin":10554,"position":3},"title":"Skoda Velothon Berlin 2010","author":"Georg","date":"Mai 30, 2010","format":false,"excerpt":"Die Nacht war kurz, denn der Grand Prix Eurovision mit unserer Lena wollte am Vorabend gesehen werden und so kam ich erst um kurz nach 1 ins Bett und der Wecker klingelte gewohnt um 6:29 Uhr. Ich war sofort hellwach und wagte einen Blick aus dem Wohnzimmerfenster auf die Stra\u00dfe\u2026","rel":"","context":"In &quot;Besonderes Ereignis&quot;","block_context":{"text":"Besonderes Ereignis","link":"https:\/\/blog.kunstgriff.net\/?cat=25"},"img":{"alt_text":"","src":"https:\/\/i0.wp.com\/blog.kunstgriff.net\/wp-content\/uploads\/2010\/05\/DSCF1136.jpg?fit=1000%2C750&ssl=1&resize=350%2C200","width":350,"height":200,"srcset":"https:\/\/i0.wp.com\/blog.kunstgriff.net\/wp-content\/uploads\/2010\/05\/DSCF1136.jpg?fit=1000%2C750&ssl=1&resize=350%2C200 1x, https:\/\/i0.wp.com\/blog.kunstgriff.net\/wp-content\/uploads\/2010\/05\/DSCF1136.jpg?fit=1000%2C750&ssl=1&resize=525%2C300 1.5x, https:\/\/i0.wp.com\/blog.kunstgriff.net\/wp-content\/uploads\/2010\/05\/DSCF1136.jpg?fit=1000%2C750&ssl=1&resize=700%2C400 2x"},"classes":[]},{"id":8252,"url":"https:\/\/blog.kunstgriff.net\/?p=8252","url_meta":{"origin":10554,"position":4},"title":"Nauders -> Ofen Pass -> Reschen Pass","author":"Georg","date":"Juni 18, 2012","format":false,"excerpt":"oder \u00bbPerfekter erster Tag in den Alpen\u00abAufgewacht bin ich mit dickem Hals und Schniefnase. Keine guten Vorraussetzungen um eine Runde mit meinen Kettenbr\u00fcdern und vielen H\u00f6henmetern in den Alpen zu absolvieren. Unten im Ort waren wir, um 10 Uhr, mit Karsten verabredet um uns gemeinsam auf eine Einf\u00fchrungsrunde zu machen.\u2026","rel":"","context":"In &quot;Radfahren&quot;","block_context":{"text":"Radfahren","link":"https:\/\/blog.kunstgriff.net\/?cat=14"},"img":{"alt_text":"","src":"https:\/\/i0.wp.com\/blog.kunstgriff.net\/wp-content\/uploads\/2012\/06\/Unten-im-Tal-im-schweizer-Martina-300x225.jpg?resize=350%2C200","width":350,"height":200},"classes":[]},{"id":8337,"url":"https:\/\/blog.kunstgriff.net\/?p=8337","url_meta":{"origin":10554,"position":5},"title":"Nauders -> Meran -> Reschen Pass","author":"Georg","date":"Juni 22, 2012","format":false,"excerpt":"oder \u00bbAuf einen Cappuccino nach Meran\u00ab Heute stand eine lange, relativ flache Etappe auf dem Zettel. In den Alpen ist es allerdings nicht wirklich m\u00f6glich, flach zu fahren. Auf einer Distanz von 180 km kommen immer ein paar H\u00f6henmeter zusammen. Dirk hatte die Strecke f\u00fcr uns geplant und so ging\u2026","rel":"","context":"In &quot;Radfahren&quot;","block_context":{"text":"Radfahren","link":"https:\/\/blog.kunstgriff.net\/?cat=14"},"img":{"alt_text":"","src":"https:\/\/i0.wp.com\/blog.kunstgriff.net\/wp-content\/uploads\/2012\/06\/Naturstrasse-entlang-der-Etsch.jpg?resize=350%2C200","width":350,"height":200,"srcset":"https:\/\/i0.wp.com\/blog.kunstgriff.net\/wp-content\/uploads\/2012\/06\/Naturstrasse-entlang-der-Etsch.jpg?resize=350%2C200 1x, https:\/\/i0.wp.com\/blog.kunstgriff.net\/wp-content\/uploads\/2012\/06\/Naturstrasse-entlang-der-Etsch.jpg?resize=525%2C300 1.5x, https:\/\/i0.wp.com\/blog.kunstgriff.net\/wp-content\/uploads\/2012\/06\/Naturstrasse-entlang-der-Etsch.jpg?resize=700%2C400 2x"},"classes":[]}],"jetpack_likes_enabled":true,"jetpack_sharing_enabled":true,"_links":{"self":[{"href":"https:\/\/blog.kunstgriff.net\/index.php?rest_route=\/wp\/v2\/posts\/10554","targetHints":{"allow":["GET"]}}],"collection":[{"href":"https:\/\/blog.kunstgriff.net\/index.php?rest_route=\/wp\/v2\/posts"}],"about":[{"href":"https:\/\/blog.kunstgriff.net\/index.php?rest_route=\/wp\/v2\/types\/post"}],"author":[{"embeddable":true,"href":"https:\/\/blog.kunstgriff.net\/index.php?rest_route=\/wp\/v2\/users\/2"}],"replies":[{"embeddable":true,"href":"https:\/\/blog.kunstgriff.net\/index.php?rest_route=%2Fwp%2Fv2%2Fcomments&post=10554"}],"version-history":[{"count":0,"href":"https:\/\/blog.kunstgriff.net\/index.php?rest_route=\/wp\/v2\/posts\/10554\/revisions"}],"wp:featuredmedia":[{"embeddable":true,"href":"https:\/\/blog.kunstgriff.net\/index.php?rest_route=\/wp\/v2\/media\/10562"}],"wp:attachment":[{"href":"https:\/\/blog.kunstgriff.net\/index.php?rest_route=%2Fwp%2Fv2%2Fmedia&parent=10554"}],"wp:term":[{"taxonomy":"category","embeddable":true,"href":"https:\/\/blog.kunstgriff.net\/index.php?rest_route=%2Fwp%2Fv2%2Fcategories&post=10554"},{"taxonomy":"post_tag","embeddable":true,"href":"https:\/\/blog.kunstgriff.net\/index.php?rest_route=%2Fwp%2Fv2%2Ftags&post=10554"}],"curies":[{"name":"wp","href":"https:\/\/api.w.org\/{rel}","templated":true}]}}