{"id":10572,"date":"2013-06-27T18:16:36","date_gmt":"2013-06-27T16:16:36","guid":{"rendered":"http:\/\/blog.kunstgriff.net\/?p=10572"},"modified":"2016-08-21T20:40:48","modified_gmt":"2016-08-21T18:40:48","slug":"st-ulrich-brixen","status":"publish","type":"post","link":"https:\/\/blog.kunstgriff.net\/?p=10572","title":{"rendered":"St. Ulrich -> Brixen"},"content":{"rendered":"<span class=\"span-reading-time rt-reading-time\" style=\"display: block;\"><span class=\"rt-label rt-prefix\">Lesezeit: <\/span> <span class=\"rt-time\"> &lt; 1<\/span> <span class=\"rt-label rt-postfix\">Minute<\/span><\/span><h4>oder \u00bbVon wegen Ruhetag!\u00ab<\/h4>\n<hr \/>\n<p>Meine Rennradkollegen waren schon abfahrbereit und ich hatte eigentlich vor einen Ruhetag einzulegen, dann entschloss ich mich doch noch mitzufahren. Das Wetter war einfach zu freundlich und die Aussicht auf eine Einkehr und kurze Stadtbesichtigung in Brixen war dann doch sehr verlockend.<\/p>\n<p>Also schnell Sonnencreme auf die Haut und ab in die Rennrad-Hose und den Berg hinunter gest\u00fcrzt. Erst mal laufen lassen, bis zum Abzweig dann ordentlich hoch auf einer herrlichen Hochstrasse \u00fcber dem <a href=\"http:\/\/de.wikipedia.org\/wiki\/Eisacktal\">Eisacktal<\/a>. Immer sch\u00f6n wellig, um H\u00f6henmeter zu sammeln. Dann endlich die wohlverdiente lange Abfahrt herunter nach Klausen, dann gleich wieder hoch in den Berg auf der andere Seite des Tals. Gut motiviert ging es hoch, denn jetzt war es nicht mehr weit nach Brixen, wo wir bei herrlichem Sonnenschein den bisher besten Apfelstrudel S\u00fcdtirols, Cappuccino und Kuchen genossen.<\/p>\n<p>Auf dem R\u00fcckweg d\u00fcsten wir auf dem herrlichen Radweg im Tal immer an der Eisack entlang. Isabell nahm uns ins Schlepptau und dann wurde geklotzt und nicht gekleckert.<\/p>\n<p>Der Vortrieb wurde an unserem Kreisverkehr j\u00e4h gebremst, denn nun kam der Schicksals-Abzweig. 11,2 km Anstieg mit 674 H\u00f6henmetern lagen auch heute wieder vor uns. Etwa 50 Minuten in der Mittagssonne hochkurbeln. Die Beine waren besser als beim letzten mal und ich hatte das Ziel, meine Zeit zu verbessern, was mir auch gelang.<\/p>\n<p>Eine sch\u00f6ner Abschluss der heutigen Tour. Morgen dann aber wirklich Ruhetag!<\/p>\n<div class=\"tiled-gallery type-rectangular tiled-gallery-unresized\" data-original-width=\"525\" data-carousel-extra='{&quot;blog_id&quot;:1,&quot;permalink&quot;:&quot;https:\\\/\\\/blog.kunstgriff.net\\\/?p=10572&quot;,&quot;likes_blog_id&quot;:127394879}' itemscope itemtype=\"http:\/\/schema.org\/ImageGallery\" > <div class=\"gallery-row\" style=\"width: 525px; height: 264px;\" data-original-width=\"525\" data-original-height=\"264\" > <div class=\"gallery-group images-1\" style=\"width: 350px; height: 264px;\" data-original-width=\"350\" data-original-height=\"264\" > <div class=\"tiled-gallery-item tiled-gallery-item-large\" itemprop=\"associatedMedia\" itemscope itemtype=\"http:\/\/schema.org\/ImageObject\"> <a href=\"https:\/\/i0.wp.com\/blog.kunstgriff.net\/wp-content\/uploads\/2013\/06\/Eisacktalhochstrasse.jpg?ssl=1\" border=\"0\" itemprop=\"url\"> <meta itemprop=\"width\" content=\"346\"> <meta itemprop=\"height\" content=\"260\"> <img decoding=\"async\" class=\"\" data-attachment-id=\"10576\" data-orig-file=\"https:\/\/blog.kunstgriff.net\/wp-content\/uploads\/2013\/06\/Eisacktalhochstrasse.jpg\" data-orig-size=\"1200,900\" data-comments-opened=\"1\" data-image-meta=\"{&quot;aperture&quot;:&quot;8&quot;,&quot;credit&quot;:&quot;&quot;,&quot;camera&quot;:&quot;Canon IXUS 220HS&quot;,&quot;caption&quot;:&quot;&quot;,&quot;created_timestamp&quot;:&quot;1372327249&quot;,&quot;copyright&quot;:&quot;&quot;,&quot;focal_length&quot;:&quot;4.3&quot;,&quot;iso&quot;:&quot;100&quot;,&quot;shutter_speed&quot;:&quot;0.005&quot;,&quot;title&quot;:&quot;&quot;}\" data-image-title=\"Eisacktalhochstrasse\" data-image-description=\"\" data-medium-file=\"https:\/\/i0.wp.com\/blog.kunstgriff.net\/wp-content\/uploads\/2013\/06\/Eisacktalhochstrasse.jpg?fit=300%2C225&#038;ssl=1\" data-large-file=\"https:\/\/i0.wp.com\/blog.kunstgriff.net\/wp-content\/uploads\/2013\/06\/Eisacktalhochstrasse.jpg?fit=1024%2C768&#038;ssl=1\" src=\"https:\/\/i0.wp.com\/blog.kunstgriff.net\/wp-content\/uploads\/2013\/06\/Eisacktalhochstrasse.jpg?w=346&#038;h=260&#038;ssl=1\" srcset=\"https:\/\/i0.wp.com\/blog.kunstgriff.net\/wp-content\/uploads\/2013\/06\/Eisacktalhochstrasse.jpg?w=1200&amp;ssl=1 1200w, https:\/\/i0.wp.com\/blog.kunstgriff.net\/wp-content\/uploads\/2013\/06\/Eisacktalhochstrasse.jpg?resize=300%2C225&amp;ssl=1 300w, https:\/\/i0.wp.com\/blog.kunstgriff.net\/wp-content\/uploads\/2013\/06\/Eisacktalhochstrasse.jpg?resize=1024%2C768&amp;ssl=1 1024w, https:\/\/i0.wp.com\/blog.kunstgriff.net\/wp-content\/uploads\/2013\/06\/Eisacktalhochstrasse.jpg?resize=400%2C300&amp;ssl=1 400w\" width=\"346\" height=\"260\" loading=\"lazy\" data-original-width=\"346\" data-original-height=\"260\" itemprop=\"http:\/\/schema.org\/image\" title=\"Eisacktalhochstrasse\" alt=\"Eisacktalhochstrasse\" style=\"width: 346px; height: 260px;\" \/> <\/a> <div class=\"tiled-gallery-caption\" itemprop=\"caption description\"> Eisacktalhochstrasse <\/div> <\/div> <\/div> <!-- close group --> <div class=\"gallery-group images-2\" style=\"width: 175px; height: 264px;\" data-original-width=\"175\" data-original-height=\"264\" > <div class=\"tiled-gallery-item tiled-gallery-item-small\" itemprop=\"associatedMedia\" itemscope itemtype=\"http:\/\/schema.org\/ImageObject\"> <a href=\"https:\/\/i0.wp.com\/blog.kunstgriff.net\/wp-content\/uploads\/2013\/06\/Jetzt-gehts-runter.jpg?ssl=1\" border=\"0\" itemprop=\"url\"> <meta itemprop=\"width\" content=\"171\"> <meta itemprop=\"height\" content=\"128\"> <img decoding=\"async\" class=\"\" data-attachment-id=\"10578\" data-orig-file=\"https:\/\/blog.kunstgriff.net\/wp-content\/uploads\/2013\/06\/Jetzt-gehts-runter.jpg\" data-orig-size=\"1200,900\" data-comments-opened=\"1\" data-image-meta=\"{&quot;aperture&quot;:&quot;8&quot;,&quot;credit&quot;:&quot;&quot;,&quot;camera&quot;:&quot;Canon IXUS 220HS&quot;,&quot;caption&quot;:&quot;&quot;,&quot;created_timestamp&quot;:&quot;1372328268&quot;,&quot;copyright&quot;:&quot;&quot;,&quot;focal_length&quot;:&quot;4.3&quot;,&quot;iso&quot;:&quot;200&quot;,&quot;shutter_speed&quot;:&quot;0.005&quot;,&quot;title&quot;:&quot;&quot;}\" data-image-title=\"Jetzt gehts runter\" data-image-description=\"\" data-medium-file=\"https:\/\/i0.wp.com\/blog.kunstgriff.net\/wp-content\/uploads\/2013\/06\/Jetzt-gehts-runter.jpg?fit=300%2C225&#038;ssl=1\" data-large-file=\"https:\/\/i0.wp.com\/blog.kunstgriff.net\/wp-content\/uploads\/2013\/06\/Jetzt-gehts-runter.jpg?fit=1024%2C768&#038;ssl=1\" src=\"https:\/\/i0.wp.com\/blog.kunstgriff.net\/wp-content\/uploads\/2013\/06\/Jetzt-gehts-runter.jpg?w=171&#038;h=128&#038;ssl=1\" srcset=\"https:\/\/i0.wp.com\/blog.kunstgriff.net\/wp-content\/uploads\/2013\/06\/Jetzt-gehts-runter.jpg?w=1200&amp;ssl=1 1200w, https:\/\/i0.wp.com\/blog.kunstgriff.net\/wp-content\/uploads\/2013\/06\/Jetzt-gehts-runter.jpg?resize=300%2C225&amp;ssl=1 300w, https:\/\/i0.wp.com\/blog.kunstgriff.net\/wp-content\/uploads\/2013\/06\/Jetzt-gehts-runter.jpg?resize=1024%2C768&amp;ssl=1 1024w, https:\/\/i0.wp.com\/blog.kunstgriff.net\/wp-content\/uploads\/2013\/06\/Jetzt-gehts-runter.jpg?resize=400%2C300&amp;ssl=1 400w\" width=\"171\" height=\"128\" loading=\"lazy\" data-original-width=\"171\" data-original-height=\"128\" itemprop=\"http:\/\/schema.org\/image\" title=\"Jetzt gehts runter\" alt=\"Jetzt gehts runter\" style=\"width: 171px; height: 128px;\" \/> <\/a> <div class=\"tiled-gallery-caption\" itemprop=\"caption description\"> Jetzt gehts runter <\/div> <\/div> <div class=\"tiled-gallery-item tiled-gallery-item-small\" itemprop=\"associatedMedia\" itemscope itemtype=\"http:\/\/schema.org\/ImageObject\"> <a href=\"https:\/\/i0.wp.com\/blog.kunstgriff.net\/wp-content\/uploads\/2013\/06\/Brixen-gleich-gibs-Apfelstrudel.jpg?ssl=1\" border=\"0\" itemprop=\"url\"> <meta itemprop=\"width\" content=\"171\"> <meta itemprop=\"height\" content=\"128\"> <img decoding=\"async\" class=\"\" data-attachment-id=\"10575\" data-orig-file=\"https:\/\/blog.kunstgriff.net\/wp-content\/uploads\/2013\/06\/Brixen-gleich-gibs-Apfelstrudel.jpg\" data-orig-size=\"1200,900\" data-comments-opened=\"1\" data-image-meta=\"{&quot;aperture&quot;:&quot;5.6&quot;,&quot;credit&quot;:&quot;&quot;,&quot;camera&quot;:&quot;Canon DIGITAL IXUS 870 IS&quot;,&quot;caption&quot;:&quot;&quot;,&quot;created_timestamp&quot;:&quot;1372331753&quot;,&quot;copyright&quot;:&quot;&quot;,&quot;focal_length&quot;:&quot;5&quot;,&quot;iso&quot;:&quot;80&quot;,&quot;shutter_speed&quot;:&quot;0.004&quot;,&quot;title&quot;:&quot;&quot;}\" data-image-title=\"Brixen gleich gibs Apfelstrudel\" data-image-description=\"\" data-medium-file=\"https:\/\/i0.wp.com\/blog.kunstgriff.net\/wp-content\/uploads\/2013\/06\/Brixen-gleich-gibs-Apfelstrudel.jpg?fit=300%2C225&#038;ssl=1\" data-large-file=\"https:\/\/i0.wp.com\/blog.kunstgriff.net\/wp-content\/uploads\/2013\/06\/Brixen-gleich-gibs-Apfelstrudel.jpg?fit=1024%2C768&#038;ssl=1\" src=\"https:\/\/i0.wp.com\/blog.kunstgriff.net\/wp-content\/uploads\/2013\/06\/Brixen-gleich-gibs-Apfelstrudel.jpg?w=171&#038;h=128&#038;ssl=1\" srcset=\"https:\/\/i0.wp.com\/blog.kunstgriff.net\/wp-content\/uploads\/2013\/06\/Brixen-gleich-gibs-Apfelstrudel.jpg?w=1200&amp;ssl=1 1200w, https:\/\/i0.wp.com\/blog.kunstgriff.net\/wp-content\/uploads\/2013\/06\/Brixen-gleich-gibs-Apfelstrudel.jpg?resize=300%2C225&amp;ssl=1 300w, https:\/\/i0.wp.com\/blog.kunstgriff.net\/wp-content\/uploads\/2013\/06\/Brixen-gleich-gibs-Apfelstrudel.jpg?resize=1024%2C768&amp;ssl=1 1024w, https:\/\/i0.wp.com\/blog.kunstgriff.net\/wp-content\/uploads\/2013\/06\/Brixen-gleich-gibs-Apfelstrudel.jpg?resize=400%2C300&amp;ssl=1 400w\" width=\"171\" height=\"128\" loading=\"lazy\" data-original-width=\"171\" data-original-height=\"128\" itemprop=\"http:\/\/schema.org\/image\" title=\"Brixen gleich gibs Apfelstrudel\" alt=\"Brixen gleich gibs Apfelstrudel\" style=\"width: 171px; height: 128px;\" \/> <\/a> <div class=\"tiled-gallery-caption\" itemprop=\"caption description\"> Brixen gleich gibs Apfelstrudel <\/div> <\/div> <\/div> <!-- close group --> <\/div> <!-- close row --> <div class=\"gallery-row\" style=\"width: 525px; height: 395px;\" data-original-width=\"525\" data-original-height=\"395\" > <div class=\"gallery-group images-1\" style=\"width: 525px; height: 395px;\" data-original-width=\"525\" data-original-height=\"395\" > <div class=\"tiled-gallery-item tiled-gallery-item-large\" itemprop=\"associatedMedia\" itemscope itemtype=\"http:\/\/schema.org\/ImageObject\"> <a href=\"https:\/\/i0.wp.com\/blog.kunstgriff.net\/wp-content\/uploads\/2013\/06\/Endlich-wieder-futtern.jpg?ssl=1\" border=\"0\" itemprop=\"url\"> <meta itemprop=\"width\" content=\"521\"> <meta itemprop=\"height\" content=\"391\"> <img decoding=\"async\" class=\"\" data-attachment-id=\"10577\" data-orig-file=\"https:\/\/blog.kunstgriff.net\/wp-content\/uploads\/2013\/06\/Endlich-wieder-futtern.jpg\" data-orig-size=\"1200,900\" data-comments-opened=\"1\" data-image-meta=\"{&quot;aperture&quot;:&quot;5.6&quot;,&quot;credit&quot;:&quot;&quot;,&quot;camera&quot;:&quot;Canon DIGITAL IXUS 870 IS&quot;,&quot;caption&quot;:&quot;&quot;,&quot;created_timestamp&quot;:&quot;1372332807&quot;,&quot;copyright&quot;:&quot;&quot;,&quot;focal_length&quot;:&quot;5&quot;,&quot;iso&quot;:&quot;80&quot;,&quot;shutter_speed&quot;:&quot;0.004&quot;,&quot;title&quot;:&quot;&quot;}\" data-image-title=\"Endlich wieder futtern\" data-image-description=\"\" data-medium-file=\"https:\/\/i0.wp.com\/blog.kunstgriff.net\/wp-content\/uploads\/2013\/06\/Endlich-wieder-futtern.jpg?fit=300%2C225&#038;ssl=1\" data-large-file=\"https:\/\/i0.wp.com\/blog.kunstgriff.net\/wp-content\/uploads\/2013\/06\/Endlich-wieder-futtern.jpg?fit=1024%2C768&#038;ssl=1\" src=\"https:\/\/i0.wp.com\/blog.kunstgriff.net\/wp-content\/uploads\/2013\/06\/Endlich-wieder-futtern.jpg?w=521&#038;h=391&#038;ssl=1\" srcset=\"https:\/\/i0.wp.com\/blog.kunstgriff.net\/wp-content\/uploads\/2013\/06\/Endlich-wieder-futtern.jpg?w=1200&amp;ssl=1 1200w, https:\/\/i0.wp.com\/blog.kunstgriff.net\/wp-content\/uploads\/2013\/06\/Endlich-wieder-futtern.jpg?resize=300%2C225&amp;ssl=1 300w, https:\/\/i0.wp.com\/blog.kunstgriff.net\/wp-content\/uploads\/2013\/06\/Endlich-wieder-futtern.jpg?resize=1024%2C768&amp;ssl=1 1024w, https:\/\/i0.wp.com\/blog.kunstgriff.net\/wp-content\/uploads\/2013\/06\/Endlich-wieder-futtern.jpg?resize=400%2C300&amp;ssl=1 400w\" width=\"521\" height=\"391\" loading=\"lazy\" data-original-width=\"521\" data-original-height=\"391\" itemprop=\"http:\/\/schema.org\/image\" title=\"Endlich wieder futtern\" alt=\"Endlich wieder futtern\" style=\"width: 521px; height: 391px;\" \/> <\/a> <div class=\"tiled-gallery-caption\" itemprop=\"caption description\"> Endlich wieder futtern <\/div> <\/div> <\/div> <!-- close group --> <\/div> <!-- close row --> <\/div>\n<p><iframe loading=\"lazy\" src=\"https:\/\/www.strava.com\/activities\/63204864\/embed\/041f93cf0146f551b0df2a257c3ff0bf751041ce\" width=\"590\" height=\"405\" frameborder=\"0\" scrolling=\"no\"><\/iframe><\/p>\n","protected":false},"excerpt":{"rendered":"<p>oder \u00bbVon wegen Ruhetag!\u00ab Meine Rennradkollegen waren schon abfahrbereit und ich hatte eigentlich vor einen Ruhetag einzulegen, dann entschloss ich mich doch noch mitzufahren. Das Wetter war einfach zu freundlich und die Aussicht auf eine Einkehr und kurze Stadtbesichtigung in Brixen war dann doch sehr verlockend. Also schnell Sonnencreme auf die Haut und ab in &hellip; <\/p>\n<p class=\"link-more\"><a href=\"https:\/\/blog.kunstgriff.net\/?p=10572\" class=\"more-link\"><span class=\"screen-reader-text\">\u201eSt. Ulrich -> Brixen\u201c <\/span>weiterlesen<\/a><\/p>\n","protected":false},"author":2,"featured_media":10578,"comment_status":"open","ping_status":"open","sticky":false,"template":"","format":"standard","meta":{"jetpack_post_was_ever_published":false,"_jetpack_newsletter_access":"","_jetpack_dont_email_post_to_subs":false,"_jetpack_newsletter_tier_id":0,"_jetpack_memberships_contains_paywalled_content":false,"_jetpack_memberships_contains_paid_content":false,"footnotes":""},"categories":[14,13,7],"tags":[],"class_list":["post-10572","post","type-post","status-publish","format-standard","has-post-thumbnail","hentry","category-radfahren","category-radreise","category-rennradfahren"],"jetpack_featured_media_url":"https:\/\/i0.wp.com\/blog.kunstgriff.net\/wp-content\/uploads\/2013\/06\/Jetzt-gehts-runter.jpg?fit=1200%2C900&ssl=1","jetpack_shortlink":"https:\/\/wp.me\/p8Cxe7-2Kw","jetpack-related-posts":[{"id":15778,"url":"https:\/\/blog.kunstgriff.net\/?p=15778","url_meta":{"origin":10572,"position":0},"title":"ERT 2017 Sterzing \u2013 Cles","author":"Georg","date":"Juni 6, 2017","format":false,"excerpt":"146,4 km | 1.367 H\u00f6henmeter Nach der Abfahrt sollte musste erst einmal der lokale Radladen in Sterzing besucht werden. Grund: knackendes Tretlager. Der feundliche Radh\u00e4ndler zerlegte professionell mein Tretlager, befreite es von Schmutz und setzte es wieder zusammen. Nun war die Laune eigentlich hervorragend, aber der Blick vor die T\u00fcr\u2026","rel":"","context":"In &quot;Radreise&quot;","block_context":{"text":"Radreise","link":"https:\/\/blog.kunstgriff.net\/?cat=13"},"img":{"alt_text":"","src":"https:\/\/i0.wp.com\/blog.kunstgriff.net\/wp-content\/uploads\/2017\/06\/Verstopfte-Brennerautobahn-volle-Strasse-leerer-Radweg.jpg?fit=1200%2C800&ssl=1&resize=350%2C200","width":350,"height":200,"srcset":"https:\/\/i0.wp.com\/blog.kunstgriff.net\/wp-content\/uploads\/2017\/06\/Verstopfte-Brennerautobahn-volle-Strasse-leerer-Radweg.jpg?fit=1200%2C800&ssl=1&resize=350%2C200 1x, https:\/\/i0.wp.com\/blog.kunstgriff.net\/wp-content\/uploads\/2017\/06\/Verstopfte-Brennerautobahn-volle-Strasse-leerer-Radweg.jpg?fit=1200%2C800&ssl=1&resize=525%2C300 1.5x, https:\/\/i0.wp.com\/blog.kunstgriff.net\/wp-content\/uploads\/2017\/06\/Verstopfte-Brennerautobahn-volle-Strasse-leerer-Radweg.jpg?fit=1200%2C800&ssl=1&resize=700%2C400 2x, https:\/\/i0.wp.com\/blog.kunstgriff.net\/wp-content\/uploads\/2017\/06\/Verstopfte-Brennerautobahn-volle-Strasse-leerer-Radweg.jpg?fit=1200%2C800&ssl=1&resize=1050%2C600 3x"},"classes":[]},{"id":16708,"url":"https:\/\/blog.kunstgriff.net\/?p=16708","url_meta":{"origin":10572,"position":1},"title":"ERT 2017: Pyren\u00e4en 10. Etappe","author":"Georg","date":"September 28, 2017","format":false,"excerpt":"Esterri d'\u00c0neu \u2013 La Seu d'Urgel Erstmal f\u00fchlten sich die Beine gut an, was sicher an dem Ruhetag lag und auch an dem Zustand, dass es erstmal etliche Kilometer leicht bergab ins Tal ging. Einziger\u00a0Wertmutstropfen war, dass es in den schattigen Passagen recht frisch war. Bei einem Start auf 950\u2026","rel":"","context":"In &quot;Radfahren&quot;","block_context":{"text":"Radfahren","link":"https:\/\/blog.kunstgriff.net\/?cat=14"},"img":{"alt_text":"","src":"https:\/\/i0.wp.com\/blog.kunstgriff.net\/wp-content\/uploads\/2017\/10\/Serpentinen-hoch-zum-El-Cant%C3%B3.jpg?fit=1200%2C800&ssl=1&resize=350%2C200","width":350,"height":200,"srcset":"https:\/\/i0.wp.com\/blog.kunstgriff.net\/wp-content\/uploads\/2017\/10\/Serpentinen-hoch-zum-El-Cant%C3%B3.jpg?fit=1200%2C800&ssl=1&resize=350%2C200 1x, https:\/\/i0.wp.com\/blog.kunstgriff.net\/wp-content\/uploads\/2017\/10\/Serpentinen-hoch-zum-El-Cant%C3%B3.jpg?fit=1200%2C800&ssl=1&resize=525%2C300 1.5x, https:\/\/i0.wp.com\/blog.kunstgriff.net\/wp-content\/uploads\/2017\/10\/Serpentinen-hoch-zum-El-Cant%C3%B3.jpg?fit=1200%2C800&ssl=1&resize=700%2C400 2x, https:\/\/i0.wp.com\/blog.kunstgriff.net\/wp-content\/uploads\/2017\/10\/Serpentinen-hoch-zum-El-Cant%C3%B3.jpg?fit=1200%2C800&ssl=1&resize=1050%2C600 3x"},"classes":[]},{"id":1000,"url":"https:\/\/blog.kunstgriff.net\/?p=1000","url_meta":{"origin":10572,"position":2},"title":"Trainingslager Mallorca 7. Tag Cala Ratjada","author":"Georg","date":"M\u00e4rz 12, 2010","format":false,"excerpt":"Heute war eigentlich vom Chef-Trainer verordneter Ruhetag, aber da ich am Sonntag schon wieder fliege(n muss) wollte ich heute doch noch ein paar relativ ebene Kilometer machen. So planten Christoph, Andr\u00e9, Herbert und ich eine Fahrt an das \u00f6stliche Ende der Insel nach Cala Ratjada, den R\u00fcckweg \u00fcber Son Servera,\u2026","rel":"","context":"In &quot;Radfahren&quot;","block_context":{"text":"Radfahren","link":"https:\/\/blog.kunstgriff.net\/?cat=14"},"img":{"alt_text":"","src":"","width":0,"height":0},"classes":[]},{"id":19614,"url":"https:\/\/blog.kunstgriff.net\/?p=19614","url_meta":{"origin":10572,"position":3},"title":"ERT 2019: Sardinien 10. Tag","author":"Georg","date":"Juni 11, 2019","format":false,"excerpt":"von Dorgali nach Seulo Der Abschied von unsere Pension fiel nicht all zu schwer, denn die Nachtruhe wurde oft durch Verkehrsl\u00e4rm und Hundegebell unterbrochen. Auch war das Abendessen eher aus der Kategorie \u201esehr einfach\u201c. Egal wir waren ja zum Radfahren hier, also rauf auf den Renner und Start in die\u2026","rel":"","context":"In &quot;Cake-Ride&quot;","block_context":{"text":"Cake-Ride","link":"https:\/\/blog.kunstgriff.net\/?cat=34"},"img":{"alt_text":"Zielscheibe Verkehrsschild","src":"https:\/\/i0.wp.com\/blog.kunstgriff.net\/wp-content\/uploads\/2019\/06\/Zielscheibe-Verkehrsschild.jpg?fit=1200%2C800&ssl=1&resize=350%2C200","width":350,"height":200,"srcset":"https:\/\/i0.wp.com\/blog.kunstgriff.net\/wp-content\/uploads\/2019\/06\/Zielscheibe-Verkehrsschild.jpg?fit=1200%2C800&ssl=1&resize=350%2C200 1x, https:\/\/i0.wp.com\/blog.kunstgriff.net\/wp-content\/uploads\/2019\/06\/Zielscheibe-Verkehrsschild.jpg?fit=1200%2C800&ssl=1&resize=525%2C300 1.5x, https:\/\/i0.wp.com\/blog.kunstgriff.net\/wp-content\/uploads\/2019\/06\/Zielscheibe-Verkehrsschild.jpg?fit=1200%2C800&ssl=1&resize=700%2C400 2x, https:\/\/i0.wp.com\/blog.kunstgriff.net\/wp-content\/uploads\/2019\/06\/Zielscheibe-Verkehrsschild.jpg?fit=1200%2C800&ssl=1&resize=1050%2C600 3x"},"classes":[]},{"id":11586,"url":"https:\/\/blog.kunstgriff.net\/?p=11586","url_meta":{"origin":10572,"position":4},"title":"Mallorca Trainingscamp 2014 &#8211; Tag 3 &#8211; Randa","author":"Georg","date":"April 2, 2014","format":false,"excerpt":"oder \u00bbNur 1x wirklich hoch\u00abHeute war der dritten Trainingstag auf der Insel und nicht nur meine Beine zwackten ein wenig, sondern auch mein unterer R\u00fccken machte mir Sorgen. Die ganze Zeit Schmerzen. Laufen tat weh, aber ich war ja zum Radfahren hier. Radfahren klang gut, die Fahrt hoch nach Randa\u2026","rel":"","context":"In &quot;Radfahren&quot;","block_context":{"text":"Radfahren","link":"https:\/\/blog.kunstgriff.net\/?cat=14"},"img":{"alt_text":"","src":"https:\/\/i0.wp.com\/blog.kunstgriff.net\/wp-content\/uploads\/2014\/04\/Oben-im-Caf%C3%A9-in-Randa.jpg?fit=1200%2C900&ssl=1&resize=350%2C200","width":350,"height":200,"srcset":"https:\/\/i0.wp.com\/blog.kunstgriff.net\/wp-content\/uploads\/2014\/04\/Oben-im-Caf%C3%A9-in-Randa.jpg?fit=1200%2C900&ssl=1&resize=350%2C200 1x, https:\/\/i0.wp.com\/blog.kunstgriff.net\/wp-content\/uploads\/2014\/04\/Oben-im-Caf%C3%A9-in-Randa.jpg?fit=1200%2C900&ssl=1&resize=525%2C300 1.5x, https:\/\/i0.wp.com\/blog.kunstgriff.net\/wp-content\/uploads\/2014\/04\/Oben-im-Caf%C3%A9-in-Randa.jpg?fit=1200%2C900&ssl=1&resize=700%2C400 2x, https:\/\/i0.wp.com\/blog.kunstgriff.net\/wp-content\/uploads\/2014\/04\/Oben-im-Caf%C3%A9-in-Randa.jpg?fit=1200%2C900&ssl=1&resize=1050%2C600 3x"},"classes":[]},{"id":22879,"url":"https:\/\/blog.kunstgriff.net\/?p=22879","url_meta":{"origin":10572,"position":5},"title":"WfF Slowenien Tour 2022 &#8211; Tag 3: Nova Gorica nach Blet","author":"Georg","date":"Mai 10, 2022","format":false,"excerpt":"Traumstrasse auf dem Grenzkamm Heute versprachen die Streckeplaner:innen einiges an Tourenvariationen. Das lag an den sehr vielen H\u00f6henmetern die mitgenommen werden konnten oder auch umfahren werden durften. Dann konnte man auch noch kombinieren: Vor und nach dem Buffet. Eigentlich nicht wirklich kompliziert, denn Christian verkaufte uns den Tag auf dem\u2026","rel":"","context":"In &quot;Radfahren&quot;","block_context":{"text":"Radfahren","link":"https:\/\/blog.kunstgriff.net\/?cat=14"},"img":{"alt_text":"Klasse Ausblick","src":"https:\/\/i0.wp.com\/blog.kunstgriff.net\/wp-content\/uploads\/2022\/05\/Klasse-Ausblick.jpg?fit=1200%2C900&ssl=1&resize=350%2C200","width":350,"height":200,"srcset":"https:\/\/i0.wp.com\/blog.kunstgriff.net\/wp-content\/uploads\/2022\/05\/Klasse-Ausblick.jpg?fit=1200%2C900&ssl=1&resize=350%2C200 1x, https:\/\/i0.wp.com\/blog.kunstgriff.net\/wp-content\/uploads\/2022\/05\/Klasse-Ausblick.jpg?fit=1200%2C900&ssl=1&resize=525%2C300 1.5x, https:\/\/i0.wp.com\/blog.kunstgriff.net\/wp-content\/uploads\/2022\/05\/Klasse-Ausblick.jpg?fit=1200%2C900&ssl=1&resize=700%2C400 2x, https:\/\/i0.wp.com\/blog.kunstgriff.net\/wp-content\/uploads\/2022\/05\/Klasse-Ausblick.jpg?fit=1200%2C900&ssl=1&resize=1050%2C600 3x"},"classes":[]}],"jetpack_likes_enabled":true,"jetpack_sharing_enabled":true,"_links":{"self":[{"href":"https:\/\/blog.kunstgriff.net\/index.php?rest_route=\/wp\/v2\/posts\/10572","targetHints":{"allow":["GET"]}}],"collection":[{"href":"https:\/\/blog.kunstgriff.net\/index.php?rest_route=\/wp\/v2\/posts"}],"about":[{"href":"https:\/\/blog.kunstgriff.net\/index.php?rest_route=\/wp\/v2\/types\/post"}],"author":[{"embeddable":true,"href":"https:\/\/blog.kunstgriff.net\/index.php?rest_route=\/wp\/v2\/users\/2"}],"replies":[{"embeddable":true,"href":"https:\/\/blog.kunstgriff.net\/index.php?rest_route=%2Fwp%2Fv2%2Fcomments&post=10572"}],"version-history":[{"count":0,"href":"https:\/\/blog.kunstgriff.net\/index.php?rest_route=\/wp\/v2\/posts\/10572\/revisions"}],"wp:featuredmedia":[{"embeddable":true,"href":"https:\/\/blog.kunstgriff.net\/index.php?rest_route=\/wp\/v2\/media\/10578"}],"wp:attachment":[{"href":"https:\/\/blog.kunstgriff.net\/index.php?rest_route=%2Fwp%2Fv2%2Fmedia&parent=10572"}],"wp:term":[{"taxonomy":"category","embeddable":true,"href":"https:\/\/blog.kunstgriff.net\/index.php?rest_route=%2Fwp%2Fv2%2Fcategories&post=10572"},{"taxonomy":"post_tag","embeddable":true,"href":"https:\/\/blog.kunstgriff.net\/index.php?rest_route=%2Fwp%2Fv2%2Ftags&post=10572"}],"curies":[{"name":"wp","href":"https:\/\/api.w.org\/{rel}","templated":true}]}}