{"id":10679,"date":"2013-07-27T14:11:36","date_gmt":"2013-07-27T12:11:36","guid":{"rendered":"http:\/\/blog.kunstgriff.net\/?p=10679"},"modified":"2016-08-21T20:29:34","modified_gmt":"2016-08-21T18:29:34","slug":"viertel-vor-zehn-gruppen-runde-2","status":"publish","type":"post","link":"https:\/\/blog.kunstgriff.net\/?p=10679","title":{"rendered":"Viertel-Vor-Zehn-Gruppen-Runde"},"content":{"rendered":"<span class=\"span-reading-time rt-reading-time\" style=\"display: block;\"><span class=\"rt-label rt-prefix\">Lesezeit: <\/span> <span class=\"rt-time\"> &lt; 1<\/span> <span class=\"rt-label rt-postfix\">Minute<\/span><\/span><h4>oder \u00bbMal ein wenig kr\u00e4ftiger in die Pedale treten\u00ab<\/h4>\n<hr \/>\n<p>Da ein Gro\u00dfteil meiner Kettenbr\u00fcder heute wieder auf dem Weg zur Ostsee waren und im Westen kurz und ruhig gefahren werden sollte, entschied ich mich f\u00fcr den Treffpunkt zu gewohnter Zeit am Auerbachtunnel.<\/p>\n<p>Viele RadlerInnen wollten das sehr warme und sonnige Wetter nutzen um eine Runde zu drehen. Es ging ein wenig schattiger raus \u00fcber Potsdam und hinter Ferch auf, f\u00fcr mich neuen Wegen, mit einer Nase \u00fcber Wildenbruch, zur\u00fcck nach G\u00fcterfelde.<\/p>\n<p>Eine recht kurze Samstagsrunde ohne Einkehr. Auch ok. Dann noch \u00fcber den Willy um die Beide richtig weich zu machen. Sch\u00f6ner Ritt, morgen dann gegebenenfalls wieder. <em>Schauma mal!<\/em><\/p>\n<p><a href=\"https:\/\/i0.wp.com\/blog.kunstgriff.net\/wp-content\/uploads\/2013\/07\/Schattenparker.jpg\"><img data-recalc-dims=\"1\" loading=\"lazy\" decoding=\"async\" data-attachment-id=\"10683\" data-permalink=\"https:\/\/blog.kunstgriff.net\/?attachment_id=10683\" data-orig-file=\"https:\/\/i0.wp.com\/blog.kunstgriff.net\/wp-content\/uploads\/2013\/07\/Schattenparker.jpg?fit=1200%2C900&amp;ssl=1\" data-orig-size=\"1200,900\" data-comments-opened=\"1\" data-image-meta=\"{&quot;aperture&quot;:&quot;5.6&quot;,&quot;credit&quot;:&quot;&quot;,&quot;camera&quot;:&quot;Canon DIGITAL IXUS 870 IS&quot;,&quot;caption&quot;:&quot;&quot;,&quot;created_timestamp&quot;:&quot;1374927416&quot;,&quot;copyright&quot;:&quot;&quot;,&quot;focal_length&quot;:&quot;5&quot;,&quot;iso&quot;:&quot;80&quot;,&quot;shutter_speed&quot;:&quot;0.004&quot;,&quot;title&quot;:&quot;&quot;}\" data-image-title=\"Schattenparker\" data-image-description=\"\" data-image-caption=\"\" data-large-file=\"https:\/\/i0.wp.com\/blog.kunstgriff.net\/wp-content\/uploads\/2013\/07\/Schattenparker.jpg?fit=1024%2C768&amp;ssl=1\" class=\"aligncenter size-full wp-image-10683\" src=\"https:\/\/i0.wp.com\/blog.kunstgriff.net\/wp-content\/uploads\/2013\/07\/Schattenparker.jpg?resize=525%2C394\" alt=\"Schattenparker\" width=\"525\" height=\"394\" srcset=\"https:\/\/i0.wp.com\/blog.kunstgriff.net\/wp-content\/uploads\/2013\/07\/Schattenparker.jpg?w=1200&amp;ssl=1 1200w, https:\/\/i0.wp.com\/blog.kunstgriff.net\/wp-content\/uploads\/2013\/07\/Schattenparker.jpg?resize=300%2C225&amp;ssl=1 300w, https:\/\/i0.wp.com\/blog.kunstgriff.net\/wp-content\/uploads\/2013\/07\/Schattenparker.jpg?resize=1024%2C768&amp;ssl=1 1024w, https:\/\/i0.wp.com\/blog.kunstgriff.net\/wp-content\/uploads\/2013\/07\/Schattenparker.jpg?resize=400%2C300&amp;ssl=1 400w\" sizes=\"auto, (max-width: 767px) 89vw, (max-width: 1000px) 54vw, (max-width: 1071px) 543px, 580px\" \/><\/a><\/p>\n<p><iframe loading=\"lazy\" src=\"https:\/\/www.strava.com\/activities\/70131937\/embed\/7afa342d3390a2945718c037ceb28443dbab0808\" width=\"590\" height=\"405\" frameborder=\"0\" scrolling=\"no\"><\/iframe><\/p>\n","protected":false},"excerpt":{"rendered":"<p>oder \u00bbMal ein wenig kr\u00e4ftiger in die Pedale treten\u00ab Da ein Gro\u00dfteil meiner Kettenbr\u00fcder heute wieder auf dem Weg zur Ostsee waren und im Westen kurz und ruhig gefahren werden sollte, entschied ich mich f\u00fcr den Treffpunkt zu gewohnter Zeit am Auerbachtunnel. Viele RadlerInnen wollten das sehr warme und sonnige Wetter nutzen um eine Runde &hellip; <\/p>\n<p class=\"link-more\"><a href=\"https:\/\/blog.kunstgriff.net\/?p=10679\" class=\"more-link\"><span class=\"screen-reader-text\">\u201eViertel-Vor-Zehn-Gruppen-Runde\u201c <\/span>weiterlesen<\/a><\/p>\n","protected":false},"author":2,"featured_media":10683,"comment_status":"open","ping_status":"open","sticky":false,"template":"","format":"standard","meta":{"jetpack_post_was_ever_published":false,"_jetpack_newsletter_access":"","_jetpack_dont_email_post_to_subs":false,"_jetpack_newsletter_tier_id":0,"_jetpack_memberships_contains_paywalled_content":false,"_jetpack_memberships_contains_paid_content":false,"footnotes":""},"categories":[14,7],"tags":[],"class_list":["post-10679","post","type-post","status-publish","format-standard","has-post-thumbnail","hentry","category-radfahren","category-rennradfahren"],"jetpack_featured_media_url":"https:\/\/i0.wp.com\/blog.kunstgriff.net\/wp-content\/uploads\/2013\/07\/Schattenparker.jpg?fit=1200%2C900&ssl=1","jetpack_shortlink":"https:\/\/wp.me\/p8Cxe7-2Mf","jetpack-related-posts":[{"id":10725,"url":"https:\/\/blog.kunstgriff.net\/?p=10725","url_meta":{"origin":10679,"position":0},"title":"Blankensee-Runde mit LaktatHoch3","author":"Georg","date":"August 18, 2013","format":false,"excerpt":"oder \u00bbSlow-Motion-Riding\u00abHeute war der Plan, mal wieder locker zu fahren. Einige Tourenangebot lagen vor, ich entschied mich aber mit Alexander zu fahren. Er wollte unbedingt mit der recht ruhigen Gruppe von Laktat hoch 3 fahren, da er sich die Beine gestern schon ordentlich ausbelastet hatte. Eigentlich ein wenig zu ruhig\u2026","rel":"","context":"In &quot;Radfahren&quot;","block_context":{"text":"Radfahren","link":"https:\/\/blog.kunstgriff.net\/?cat=14"},"img":{"alt_text":"","src":"https:\/\/i0.wp.com\/blog.kunstgriff.net\/wp-content\/uploads\/2013\/08\/Gleich-gibs-Kaffee-und-Kuchen-in-Blankensee.jpg?fit=1200%2C900&ssl=1&resize=350%2C200","width":350,"height":200,"srcset":"https:\/\/i0.wp.com\/blog.kunstgriff.net\/wp-content\/uploads\/2013\/08\/Gleich-gibs-Kaffee-und-Kuchen-in-Blankensee.jpg?fit=1200%2C900&ssl=1&resize=350%2C200 1x, https:\/\/i0.wp.com\/blog.kunstgriff.net\/wp-content\/uploads\/2013\/08\/Gleich-gibs-Kaffee-und-Kuchen-in-Blankensee.jpg?fit=1200%2C900&ssl=1&resize=525%2C300 1.5x, https:\/\/i0.wp.com\/blog.kunstgriff.net\/wp-content\/uploads\/2013\/08\/Gleich-gibs-Kaffee-und-Kuchen-in-Blankensee.jpg?fit=1200%2C900&ssl=1&resize=700%2C400 2x, https:\/\/i0.wp.com\/blog.kunstgriff.net\/wp-content\/uploads\/2013\/08\/Gleich-gibs-Kaffee-und-Kuchen-in-Blankensee.jpg?fit=1200%2C900&ssl=1&resize=1050%2C600 3x"},"classes":[]},{"id":7428,"url":"https:\/\/blog.kunstgriff.net\/?p=7428","url_meta":{"origin":10679,"position":1},"title":"1. B\u00e4ckerrunde nach Fehrbellin in 2012","author":"Georg","date":"M\u00e4rz 4, 2012","format":false,"excerpt":"oder \u00bbRiesen Spass in gro\u00dfer Gruppe\u00abHeute stand endlich wieder einmal die B\u00e4cker-Runde nach Fehrbellin auf dem Zettel. Alexander hatte die Runde ausgerufen und mit ein wenig Werbung f\u00fcr die tolle Runde kamen fast zwanzig RadlerInnen zusammen um den Havell\u00e4nder Asphalt unter die R\u00e4der zu nehmen. Wie schon gestern freute ich\u2026","rel":"","context":"In &quot;Rennradfahren&quot;","block_context":{"text":"Rennradfahren","link":"https:\/\/blog.kunstgriff.net\/?cat=7"},"img":{"alt_text":"","src":"https:\/\/i0.wp.com\/blog.kunstgriff.net\/wp-content\/uploads\/2012\/03\/Die-ganze-grosse-Gruppe-kurz-vor-Fehrbellin-300x225.jpg?resize=350%2C200","width":350,"height":200},"classes":[]},{"id":10700,"url":"https:\/\/blog.kunstgriff.net\/?p=10700","url_meta":{"origin":10679,"position":2},"title":"Fl\u00e4ming-Runde","author":"Georg","date":"August 10, 2013","format":false,"excerpt":"oder \u00bbMal wieder nen 200er\u00abHeute lie\u00df ich mich von einer netten Dame animieren, mal wieder vom TiRi zu starten. Wir staunten nicht schlecht \u00fcber die gro\u00dfe Zahl an motivierten RadlerInnen, die auf die nicht gerade kurze Runde, runter in den Fl\u00e4ming radeln wollten. Um kurz nach 10 ging es dann\u2026","rel":"","context":"In &quot;Rennradfahren&quot;","block_context":{"text":"Rennradfahren","link":"https:\/\/blog.kunstgriff.net\/?cat=7"},"img":{"alt_text":"","src":"","width":0,"height":0},"classes":[]},{"id":11085,"url":"https:\/\/blog.kunstgriff.net\/?p=11085","url_meta":{"origin":10679,"position":3},"title":"3-Seen-Runde","author":"Georg","date":"November 17, 2013","format":false,"excerpt":"oder \u00bbEndlich wieder Laufen!\u00abGestern erreichte mich der Anruf von Papa, dass er unbedingt wieder mit mir Laufen wollte. Nach der \u00fcber zweiw\u00f6chigen Laufpause war das auch wirklich mal wieder n\u00f6tig. Am Wochenende passt die 3-Seen-Runde ja immer hervorragend und so holte ich ihn um 7:30 Uhr ab, um uns gemeinsam\u2026","rel":"","context":"In &quot;Fr\u00fchsport&quot;","block_context":{"text":"Fr\u00fchsport","link":"https:\/\/blog.kunstgriff.net\/?cat=16"},"img":{"alt_text":"","src":"","width":0,"height":0},"classes":[]},{"id":8495,"url":"https:\/\/blog.kunstgriff.net\/?p=8495","url_meta":{"origin":10679,"position":4},"title":"Bernds-Blankensee-Feierabendrunde v3","author":"Georg","date":"Juli 10, 2012","format":false,"excerpt":"oder \u00bbOhne Kraft bolzen \u2013 kann das gut gehen?\u00ab Als ich das letzte mal diese sch\u00f6ne Feierabendrunde gefahren bin waren wir nur zu dritt \u2013 heute waren es 11 Rennradler und 1 Liegeradler, die sich auf Bernds Runde machen wollten. Wie gewohnt ging es gleich flott die Krone herunter. Oliver\u2026","rel":"","context":"In &quot;Radfahren&quot;","block_context":{"text":"Radfahren","link":"https:\/\/blog.kunstgriff.net\/?cat=14"},"img":{"alt_text":"","src":"https:\/\/i0.wp.com\/blog.kunstgriff.net\/wp-content\/uploads\/2012\/07\/Zu-zw%C3%B6lft-bei-der-kurzen-Halbzeitpause-in-St%C3%BCcken-300x225.jpg?resize=350%2C200","width":350,"height":200},"classes":[]},{"id":8391,"url":"https:\/\/blog.kunstgriff.net\/?p=8391","url_meta":{"origin":10679,"position":5},"title":"Nordrunde \u00fcber Kremmen","author":"Georg","date":"Juni 30, 2012","format":false,"excerpt":"oder \u00bbMit Angst durch den Wald\u00abHeute stand eigentlich die Werbellinsee-Runde auf dem Zettel. Leider regnete es zu meiner Abfahrzeit und so beschloss ich sp\u00e4ter auf eine Runde zu starten. Das Regengebiet zog zwar schnell durch, aber aufgrund von Berichten von Kettenbr\u00fcdern, dass gerade nach Regenschauern die Gefahr besonders hoch ist,\u2026","rel":"","context":"In &quot;Radfahren&quot;","block_context":{"text":"Radfahren","link":"https:\/\/blog.kunstgriff.net\/?cat=14"},"img":{"alt_text":"","src":"https:\/\/i0.wp.com\/blog.kunstgriff.net\/wp-content\/uploads\/2012\/06\/Neue-Decke-bei-Brieselang.jpg?resize=350%2C200","width":350,"height":200,"srcset":"https:\/\/i0.wp.com\/blog.kunstgriff.net\/wp-content\/uploads\/2012\/06\/Neue-Decke-bei-Brieselang.jpg?resize=350%2C200 1x, https:\/\/i0.wp.com\/blog.kunstgriff.net\/wp-content\/uploads\/2012\/06\/Neue-Decke-bei-Brieselang.jpg?resize=525%2C300 1.5x"},"classes":[]}],"jetpack_likes_enabled":true,"jetpack_sharing_enabled":true,"_links":{"self":[{"href":"https:\/\/blog.kunstgriff.net\/index.php?rest_route=\/wp\/v2\/posts\/10679","targetHints":{"allow":["GET"]}}],"collection":[{"href":"https:\/\/blog.kunstgriff.net\/index.php?rest_route=\/wp\/v2\/posts"}],"about":[{"href":"https:\/\/blog.kunstgriff.net\/index.php?rest_route=\/wp\/v2\/types\/post"}],"author":[{"embeddable":true,"href":"https:\/\/blog.kunstgriff.net\/index.php?rest_route=\/wp\/v2\/users\/2"}],"replies":[{"embeddable":true,"href":"https:\/\/blog.kunstgriff.net\/index.php?rest_route=%2Fwp%2Fv2%2Fcomments&post=10679"}],"version-history":[{"count":0,"href":"https:\/\/blog.kunstgriff.net\/index.php?rest_route=\/wp\/v2\/posts\/10679\/revisions"}],"wp:featuredmedia":[{"embeddable":true,"href":"https:\/\/blog.kunstgriff.net\/index.php?rest_route=\/wp\/v2\/media\/10683"}],"wp:attachment":[{"href":"https:\/\/blog.kunstgriff.net\/index.php?rest_route=%2Fwp%2Fv2%2Fmedia&parent=10679"}],"wp:term":[{"taxonomy":"category","embeddable":true,"href":"https:\/\/blog.kunstgriff.net\/index.php?rest_route=%2Fwp%2Fv2%2Fcategories&post=10679"},{"taxonomy":"post_tag","embeddable":true,"href":"https:\/\/blog.kunstgriff.net\/index.php?rest_route=%2Fwp%2Fv2%2Ftags&post=10679"}],"curies":[{"name":"wp","href":"https:\/\/api.w.org\/{rel}","templated":true}]}}