{"id":10691,"date":"2013-08-04T19:11:29","date_gmt":"2013-08-04T17:11:29","guid":{"rendered":"http:\/\/blog.kunstgriff.net\/?p=10691"},"modified":"2016-08-21T20:27:38","modified_gmt":"2016-08-21T18:27:38","slug":"beelitz-runde","status":"publish","type":"post","link":"https:\/\/blog.kunstgriff.net\/?p=10691","title":{"rendered":"Beelitz-Runde"},"content":{"rendered":"<span class=\"span-reading-time rt-reading-time\" style=\"display: block;\"><span class=\"rt-label rt-prefix\">Lesezeit: <\/span> <span class=\"rt-time\"> &lt; 1<\/span> <span class=\"rt-label rt-postfix\">Minute<\/span><\/span><h4>oder \u00bbHat ganz sch\u00f6n gesaugt!\u00ab<\/h4>\n<hr \/>\n<p>Die ganze Woche plagten mich schon Kopfschmerzen und gestern war erst um 20 Uhr Feierabend. Keine guten Voraussetzungen um heute ordentlich abzustrampeln.<\/p>\n<p>Trotzdem ich recht fr\u00fch auf war, dauerte es ewig bis ich mich motivieren konnte, die Flaschen zu f\u00fcllen und die <a href=\"http:\/\/de.wikipedia.org\/wiki\/Dackelschneider\" target=\"_blank\">Dackelschneider<\/a> auf 8,5 bar zu bringen. Im Kopf schwirrte als Trainigsrevier meine Schwielowseerunde herum, die ich fr\u00fcher oft, in k\u00fcrzerer Form, als Feierabendrunde gefahren bin. Ein wenig Wehmut kam auf, denn Feierabendrunden kannte ich nur noch aus meinem Blog und von Erz\u00e4hlungen. Lang lang ist es her\u2026<\/p>\n<p>Also <em>ruff uffs Rad<\/em> &amp; Abfahrt! Schmeichelnder Nord-Ost-Wind lie\u00df mich meine desolate Form vergessen und half mir raus in verkehrsarme Gefilde. Einiges hatte sich seit meiner letzten Durchfahrt dort ge\u00e4ndert. Teilsweise gab es neuen Belag, an vielen Stellen war dieser aber noch l\u00f6chriger als im Vorjahr.<\/p>\n<p>Nach etwa 50 km am Schwielowee hatte ich keine Kopfschmerzen mehr &#8211;<em> Strike!<\/em> &#8211; aber die Hitze begann mir zu schaffen zu machen. Viel trinken half und ein wenig Tempo rausnehmen.<\/p>\n<p>Der Plan war, den Europa-Radweg zu nehmen und dann \u00fcber Beelitz, Zauchwitz nach Blankensee zum B\u00e4cker R\u00f6hrig zu fahren. Der Plan ging auf und leckerster Eiskaffee baute sich schon vor meinem inneren Auge auf. Nur scheiterte der Plan dann doch an Familie R\u00f6hrig, da diese bis 13. August Sommerurlaub macht und somit die B\u00e4ckerei geschlossen blieb.<\/p>\n<p>Trauer und Entsetzen! Da blieb nur die Alternative, \u00fcber die mitgef\u00fchrten Riegel herzufallen. Geschmacksrichtung<em> Eiskaffee<\/em> war leider nicht dabei.<\/p>\n<p>Nun wurde es hart, da ich das mitgebrachte Tempo nicht verw\u00e4ssern wollte, aber die Kraft mehr und mehr dahin wich. Egal: Hauptsache nach Hause!<\/p>\n<p>Dort kam ich dann auch zufrieden und erschlagen an. Nach zwei kalten Alkoholfreien, sah dann die Welt schon wieder ganz anders aus. <em>Sommer ist geil!<\/em><\/p>\n<p><iframe height='405' width='590' frameborder='0' allowtransparency='true' scrolling='no' src='https:\/\/www.strava.com\/activities\/72162189\/embed\/93466911b7d37887255d5c72e2cb9d993812d1e4'><\/iframe><\/p>\n","protected":false},"excerpt":{"rendered":"<p>oder \u00bbHat ganz sch\u00f6n gesaugt!\u00ab Die ganze Woche plagten mich schon Kopfschmerzen und gestern war erst um 20 Uhr Feierabend. Keine guten Voraussetzungen um heute ordentlich abzustrampeln. Trotzdem ich recht fr\u00fch auf war, dauerte es ewig bis ich mich motivieren konnte, die Flaschen zu f\u00fcllen und die Dackelschneider auf 8,5 bar zu bringen. Im Kopf &hellip; <\/p>\n<p class=\"link-more\"><a href=\"https:\/\/blog.kunstgriff.net\/?p=10691\" class=\"more-link\"><span class=\"screen-reader-text\">\u201eBeelitz-Runde\u201c <\/span>weiterlesen<\/a><\/p>\n","protected":false},"author":2,"featured_media":0,"comment_status":"open","ping_status":"open","sticky":false,"template":"","format":"standard","meta":{"jetpack_post_was_ever_published":false,"_jetpack_newsletter_access":"","_jetpack_dont_email_post_to_subs":false,"_jetpack_newsletter_tier_id":0,"_jetpack_memberships_contains_paywalled_content":false,"_jetpack_memberships_contains_paid_content":false,"footnotes":""},"categories":[14,7],"tags":[],"class_list":["post-10691","post","type-post","status-publish","format-standard","hentry","category-radfahren","category-rennradfahren"],"jetpack_featured_media_url":"","jetpack_shortlink":"https:\/\/wp.me\/p8Cxe7-2Mr","jetpack-related-posts":[{"id":10766,"url":"https:\/\/blog.kunstgriff.net\/?p=10766","url_meta":{"origin":10691,"position":0},"title":"Jungfernheide Lauf","author":"Georg","date":"August 27, 2013","format":false,"excerpt":"oder \u00bbSchweinehund doch noch besiegt\u00abVorgenommen hatte ich mir zwar, heute zu sporteln, richtig aus dem Knick kam ich aber nicht. Erst um halb 9 war ich in der Stimmung die Laufschuhe zu schn\u00fcren. Ein Paar welches ich erst einmal gelaufen war und ein neuer Mix f\u00fcr die Ohren motivierten mich,\u2026","rel":"","context":"In &quot;Fr\u00fchsport&quot;","block_context":{"text":"Fr\u00fchsport","link":"https:\/\/blog.kunstgriff.net\/?cat=16"},"img":{"alt_text":"","src":"","width":0,"height":0},"classes":[]},{"id":1192,"url":"https:\/\/blog.kunstgriff.net\/?p=1192","url_meta":{"origin":10691,"position":1},"title":"8. Spreewald Radmarathon 2010","author":"Georg","date":"April 17, 2010","format":false,"excerpt":"Es war wieder soweit und der Spreewald hat nach L\u00fcbben zum Radmarathon gerufen. Dank Andr\u00e9, der mich p\u00fcnktlich um 6:00 Uhr direkt vor meiner Haust\u00fcr mit seinem Ford Transit einsammelte, konnte ich bis um 5:17 Uhr schlafen, mein M\u00fcsli essen und das Rennrad startklar machen. Christoph T. und sein Renner\u2026","rel":"","context":"In &quot;Rennradfahren&quot;","block_context":{"text":"Rennradfahren","link":"https:\/\/blog.kunstgriff.net\/?cat=7"},"img":{"alt_text":"","src":"","width":0,"height":0},"classes":[]},{"id":2807,"url":"https:\/\/blog.kunstgriff.net\/?p=2807","url_meta":{"origin":10691,"position":2},"title":"ErgoPlanet-Mondfeld (mal wieder)","author":"Georg","date":"November 11, 2010","format":false,"excerpt":"oder \"Immer wieder Mondfeld!\"Diese Strecke hat es mir wirklich angetan. Zum einen bietet das Profil viel Abwechslung und dann kann ich nur immer wieder betonen das das RealLiveVideo von Cycle-in-Motion einfach nur hervorragend ist. Jedes mal entdecke ich neue Details und sehe mit welcher Liebe zu eben diesen der Autor\u2026","rel":"","context":"In &quot;Ergometer Training&quot;","block_context":{"text":"Ergometer Training","link":"https:\/\/blog.kunstgriff.net\/?cat=15"},"img":{"alt_text":"","src":"","width":0,"height":0},"classes":[]},{"id":2842,"url":"https:\/\/blog.kunstgriff.net\/?p=2842","url_meta":{"origin":10691,"position":3},"title":"ErgoPlanet-Voralpen Marathon St. Veit","author":"Georg","date":"November 13, 2010","format":false,"excerpt":"oder \"Premiere: Erstes online Rennen\"Die 112 km auf dem Ergometer h\u00e4tten ja eigentlich genug sein k\u00f6nnen, aber leider stie\u00df ich auf einen Link der mich zur heute beginnenden Ergo_bike Trophy 10\/11 f\u00fchren sollte. Es wurde mit einer dreistelligen Teilnehmerzahl geworben und nun war mein Interesse endg\u00fcltig geweckt. Meine bisherigen Versuche,\u2026","rel":"","context":"In &quot;Ergometer Training&quot;","block_context":{"text":"Ergometer Training","link":"https:\/\/blog.kunstgriff.net\/?cat=15"},"img":{"alt_text":"","src":"https:\/\/i0.wp.com\/blog.kunstgriff.net\/wp-content\/uploads\/2010\/11\/32426_216993.jpg?resize=350%2C200","width":350,"height":200},"classes":[]},{"id":7069,"url":"https:\/\/blog.kunstgriff.net\/?p=7069","url_meta":{"origin":10691,"position":4},"title":"Kleine Grenzsteintrophy &#8211; ein Versuch","author":"Georg","date":"Dezember 30, 2011","format":false,"excerpt":"oder \u00bbImmer auf dem Mauerstreifen lang\u00abIm MTB-Forum wurde f\u00fcr den 30.12. eine Tour entlang des ehemaligen Grenzstreifens, welcher West-Berlin von der DDR und der Hauptstadt der DDR trennte, angeboten. Eine f\u00fcr mich interessante Streckenf\u00fchrung die ich so noch nie gefahren bin und noch auf\u2019m Zettel hatte. 160 Kilometer rund um\u2026","rel":"","context":"In &quot;Besonderes Ereignis&quot;","block_context":{"text":"Besonderes Ereignis","link":"https:\/\/blog.kunstgriff.net\/?cat=25"},"img":{"alt_text":"","src":"","width":0,"height":0},"classes":[]},{"id":8,"url":"https:\/\/blog.kunstgriff.net\/?p=8","url_meta":{"origin":10691,"position":5},"title":"Prenzlau H\u00fcgelmarathon 2009","author":"Georg","date":"Oktober 3, 2009","format":false,"excerpt":"Die Nacht war kurz und der Wecker klingelte um 5 Uhr, am Samstag Morgen. Ein Blick aus dem Fenster und auf das Au\u00dfenthermometer prophezeite ideale Bedingungen f\u00fcr die Veranstaltung im weit entfernten Prenzlau: trockene Stra\u00dfen und 7\u00ba Celsius. Schnelles Fr\u00fchst\u00fcck und das Rennrad zerlegt und in den smart4two gezw\u00e4ngt. Dann\u2026","rel":"","context":"In &quot;Radfahren&quot;","block_context":{"text":"Radfahren","link":"https:\/\/blog.kunstgriff.net\/?cat=14"},"img":{"alt_text":"","src":"https:\/\/i0.wp.com\/blog.kunstgriff.net\/wp-content\/uploads\/2009\/10\/phoca_thumb_l_k-_DSC4655.JPG.jpeg?fit=640%2C427&ssl=1&resize=350%2C200","width":350,"height":200,"srcset":"https:\/\/i0.wp.com\/blog.kunstgriff.net\/wp-content\/uploads\/2009\/10\/phoca_thumb_l_k-_DSC4655.JPG.jpeg?fit=640%2C427&ssl=1&resize=350%2C200 1x, https:\/\/i0.wp.com\/blog.kunstgriff.net\/wp-content\/uploads\/2009\/10\/phoca_thumb_l_k-_DSC4655.JPG.jpeg?fit=640%2C427&ssl=1&resize=525%2C300 1.5x"},"classes":[]}],"jetpack_likes_enabled":true,"jetpack_sharing_enabled":true,"_links":{"self":[{"href":"https:\/\/blog.kunstgriff.net\/index.php?rest_route=\/wp\/v2\/posts\/10691","targetHints":{"allow":["GET"]}}],"collection":[{"href":"https:\/\/blog.kunstgriff.net\/index.php?rest_route=\/wp\/v2\/posts"}],"about":[{"href":"https:\/\/blog.kunstgriff.net\/index.php?rest_route=\/wp\/v2\/types\/post"}],"author":[{"embeddable":true,"href":"https:\/\/blog.kunstgriff.net\/index.php?rest_route=\/wp\/v2\/users\/2"}],"replies":[{"embeddable":true,"href":"https:\/\/blog.kunstgriff.net\/index.php?rest_route=%2Fwp%2Fv2%2Fcomments&post=10691"}],"version-history":[{"count":0,"href":"https:\/\/blog.kunstgriff.net\/index.php?rest_route=\/wp\/v2\/posts\/10691\/revisions"}],"wp:attachment":[{"href":"https:\/\/blog.kunstgriff.net\/index.php?rest_route=%2Fwp%2Fv2%2Fmedia&parent=10691"}],"wp:term":[{"taxonomy":"category","embeddable":true,"href":"https:\/\/blog.kunstgriff.net\/index.php?rest_route=%2Fwp%2Fv2%2Fcategories&post=10691"},{"taxonomy":"post_tag","embeddable":true,"href":"https:\/\/blog.kunstgriff.net\/index.php?rest_route=%2Fwp%2Fv2%2Ftags&post=10691"}],"curies":[{"name":"wp","href":"https:\/\/api.w.org\/{rel}","templated":true}]}}