{"id":10725,"date":"2013-08-18T18:31:14","date_gmt":"2013-08-18T16:31:14","guid":{"rendered":"http:\/\/blog.kunstgriff.net\/?p=10725"},"modified":"2016-08-21T20:21:44","modified_gmt":"2016-08-21T18:21:44","slug":"blankensee-runde-mit-laktathoch3","status":"publish","type":"post","link":"https:\/\/blog.kunstgriff.net\/?p=10725","title":{"rendered":"Blankensee-Runde mit LaktatHoch3"},"content":{"rendered":"<span class=\"span-reading-time rt-reading-time\" style=\"display: block;\"><span class=\"rt-label rt-prefix\">Lesezeit: <\/span> <span class=\"rt-time\"> 2<\/span> <span class=\"rt-label rt-postfix\">Minuten<\/span><\/span><h4>oder \u00bbSlow-Motion-Riding\u00ab<\/h4>\n<hr \/>\n<p>Heute war der Plan, mal wieder locker zu fahren. Einige Tourenangebot lagen vor, ich entschied mich aber mit Alexander zu fahren. Er wollte unbedingt mit der recht ruhigen Gruppe von <em><a href=\"http:\/\/www.laktat3.de\" target=\"_blank\">Laktat hoch 3<\/a><\/em> fahren, da er sich die Beine gestern schon ordentlich ausbelastet hatte.<\/p>\n<p>Eigentlich ein wenig zu ruhig f\u00fcr meinen Geschmack, aber ok, ausprobieren konnte ich es ja mal, zumal mein <a href=\"http:\/\/georginderst.wordpress.com\" target=\"_blank\">Namensvetter<\/a> auch am Start sein w\u00fcrde. Georg traf ich schon am ICC und wir passierten gemeinsam die <em>Viertel-Vor-10-Gruppe<\/em> am Auerbachtunnel.<\/p>\n<p><a href=\"https:\/\/i0.wp.com\/blog.kunstgriff.net\/wp-content\/uploads\/2013\/08\/Eiskaffee-in-Blankensee-bei-B%C3%A4cker-R%C3%B6hrig.jpg\"><img data-recalc-dims=\"1\" loading=\"lazy\" decoding=\"async\" data-attachment-id=\"10728\" data-permalink=\"https:\/\/blog.kunstgriff.net\/?attachment_id=10728\" data-orig-file=\"https:\/\/i0.wp.com\/blog.kunstgriff.net\/wp-content\/uploads\/2013\/08\/Eiskaffee-in-Blankensee-bei-B%C3%A4cker-R%C3%B6hrig.jpg?fit=900%2C1200&amp;ssl=1\" data-orig-size=\"900,1200\" data-comments-opened=\"1\" data-image-meta=\"{&quot;aperture&quot;:&quot;5.6&quot;,&quot;credit&quot;:&quot;&quot;,&quot;camera&quot;:&quot;Canon DIGITAL IXUS 870 IS&quot;,&quot;caption&quot;:&quot;&quot;,&quot;created_timestamp&quot;:&quot;1376826873&quot;,&quot;copyright&quot;:&quot;&quot;,&quot;focal_length&quot;:&quot;5&quot;,&quot;iso&quot;:&quot;80&quot;,&quot;shutter_speed&quot;:&quot;0.003125&quot;,&quot;title&quot;:&quot;&quot;}\" data-image-title=\"Eiskaffee in Blankensee bei B\u00e4cker R\u00f6hrig\" data-image-description=\"\" data-image-caption=\"\" data-large-file=\"https:\/\/i0.wp.com\/blog.kunstgriff.net\/wp-content\/uploads\/2013\/08\/Eiskaffee-in-Blankensee-bei-B%C3%A4cker-R%C3%B6hrig.jpg?fit=768%2C1024&amp;ssl=1\" class=\"alignleft size-medium wp-image-10728\" alt=\"Eiskaffee in Blankensee bei B\u00e4cker R\u00f6hrig\" src=\"https:\/\/i0.wp.com\/blog.kunstgriff.net\/wp-content\/uploads\/2013\/08\/Eiskaffee-in-Blankensee-bei-B%C3%A4cker-R%C3%B6hrig-225x300.jpg?resize=225%2C300\" width=\"225\" height=\"300\" srcset=\"https:\/\/i0.wp.com\/blog.kunstgriff.net\/wp-content\/uploads\/2013\/08\/Eiskaffee-in-Blankensee-bei-B%C3%A4cker-R%C3%B6hrig.jpg?resize=225%2C300&amp;ssl=1 225w, https:\/\/i0.wp.com\/blog.kunstgriff.net\/wp-content\/uploads\/2013\/08\/Eiskaffee-in-Blankensee-bei-B%C3%A4cker-R%C3%B6hrig.jpg?resize=768%2C1024&amp;ssl=1 768w, https:\/\/i0.wp.com\/blog.kunstgriff.net\/wp-content\/uploads\/2013\/08\/Eiskaffee-in-Blankensee-bei-B%C3%A4cker-R%C3%B6hrig.jpg?w=900&amp;ssl=1 900w\" sizes=\"auto, (max-width: 225px) 100vw, 225px\" \/><\/a>Am H\u00fcttenweg trafen wir dann auf sehr viele Berlin-Trikots und um kurz nach 10 ging es dann auch sehr gem\u00fctlich den Kronprinzessinnenweg hinunter. Auch meine Vereinskameraden wurde schlie\u00dflich kurz vor Dreilinden passiert. Dort stand heute das Einzelzeitfahren auf dem Zettel. Ich \u00fcberlegte kurz, meinen Plan zu \u00e4ndern, blieb dann aber doch bei den B\u00e4cker-in-Blankenssee-Laktat-FahrerInnen. \u00dcber mir neuen Wegen ging es dann nach Blankensee. Es gab leckeren Kuchen und Eiskaffee zu 2,-\u20ac im Innenhof. <em>Nice.<\/em><\/p>\n<p>Es dauert nicht lange, dann traf auch die Tiri-Gruppe rund um Oleg dort ein. Sie waren <em>ein wenig<\/em> flotter unterwegs gewesen. Wir machten uns nach kurzen Kettengespr\u00e4chen wieder auf den Weg und fuhren \u00fcber bekannten Wegen zur\u00fcck in die Stadt, nicht ohne den Willy zu passieren und noch ein gemeinsames alkoholfreies Bier zu nehmen.<\/p>\n<p>Fazit: Eine Sonntagsrunde, die nicht wirklich fordernd war. Geht mal, aber nicht immer. Ein wenig mehr Tempo w\u00e4re sch\u00f6n gewesen. Dann wohl n\u00e4chstes Wochenende\u2026<\/p>\n<p><a href=\"https:\/\/i0.wp.com\/blog.kunstgriff.net\/wp-content\/uploads\/2013\/08\/Gleich-gibs-Kaffee-und-Kuchen-in-Blankensee.jpg\"><img data-recalc-dims=\"1\" loading=\"lazy\" decoding=\"async\" data-attachment-id=\"10729\" data-permalink=\"https:\/\/blog.kunstgriff.net\/?attachment_id=10729\" data-orig-file=\"https:\/\/i0.wp.com\/blog.kunstgriff.net\/wp-content\/uploads\/2013\/08\/Gleich-gibs-Kaffee-und-Kuchen-in-Blankensee.jpg?fit=1200%2C900&amp;ssl=1\" data-orig-size=\"1200,900\" data-comments-opened=\"1\" data-image-meta=\"{&quot;aperture&quot;:&quot;5.6&quot;,&quot;credit&quot;:&quot;&quot;,&quot;camera&quot;:&quot;Canon DIGITAL IXUS 870 IS&quot;,&quot;caption&quot;:&quot;&quot;,&quot;created_timestamp&quot;:&quot;1376826041&quot;,&quot;copyright&quot;:&quot;&quot;,&quot;focal_length&quot;:&quot;5&quot;,&quot;iso&quot;:&quot;80&quot;,&quot;shutter_speed&quot;:&quot;0.005&quot;,&quot;title&quot;:&quot;&quot;}\" data-image-title=\"Gleich gibs Kaffee und Kuchen in Blankensee\" data-image-description=\"\" data-image-caption=\"\" data-large-file=\"https:\/\/i0.wp.com\/blog.kunstgriff.net\/wp-content\/uploads\/2013\/08\/Gleich-gibs-Kaffee-und-Kuchen-in-Blankensee.jpg?fit=1024%2C768&amp;ssl=1\" class=\"aligncenter size-full wp-image-10729\" alt=\"Gleich gibs Kaffee und Kuchen in Blankensee\" src=\"https:\/\/i0.wp.com\/blog.kunstgriff.net\/wp-content\/uploads\/2013\/08\/Gleich-gibs-Kaffee-und-Kuchen-in-Blankensee.jpg?resize=525%2C394\" width=\"525\" height=\"394\" srcset=\"https:\/\/i0.wp.com\/blog.kunstgriff.net\/wp-content\/uploads\/2013\/08\/Gleich-gibs-Kaffee-und-Kuchen-in-Blankensee.jpg?w=1200&amp;ssl=1 1200w, https:\/\/i0.wp.com\/blog.kunstgriff.net\/wp-content\/uploads\/2013\/08\/Gleich-gibs-Kaffee-und-Kuchen-in-Blankensee.jpg?resize=300%2C225&amp;ssl=1 300w, https:\/\/i0.wp.com\/blog.kunstgriff.net\/wp-content\/uploads\/2013\/08\/Gleich-gibs-Kaffee-und-Kuchen-in-Blankensee.jpg?resize=1024%2C768&amp;ssl=1 1024w, https:\/\/i0.wp.com\/blog.kunstgriff.net\/wp-content\/uploads\/2013\/08\/Gleich-gibs-Kaffee-und-Kuchen-in-Blankensee.jpg?resize=400%2C300&amp;ssl=1 400w\" sizes=\"auto, (max-width: 767px) 89vw, (max-width: 1000px) 54vw, (max-width: 1071px) 543px, 580px\" \/><\/a><br \/>\n<iframe height='405' width='590' frameborder='0' allowtransparency='true' scrolling='no' src='https:\/\/www.strava.com\/activities\/75642724\/embed\/f0206c8a038ee86e3e3ab739288bfae431a47d03'><\/iframe><\/p>\n","protected":false},"excerpt":{"rendered":"<p>oder \u00bbSlow-Motion-Riding\u00ab Heute war der Plan, mal wieder locker zu fahren. Einige Tourenangebot lagen vor, ich entschied mich aber mit Alexander zu fahren. Er wollte unbedingt mit der recht ruhigen Gruppe von Laktat hoch 3 fahren, da er sich die Beine gestern schon ordentlich ausbelastet hatte. Eigentlich ein wenig zu ruhig f\u00fcr meinen Geschmack, aber &hellip; <\/p>\n<p class=\"link-more\"><a href=\"https:\/\/blog.kunstgriff.net\/?p=10725\" class=\"more-link\"><span class=\"screen-reader-text\">\u201eBlankensee-Runde mit LaktatHoch3\u201c <\/span>weiterlesen<\/a><\/p>\n","protected":false},"author":2,"featured_media":10729,"comment_status":"open","ping_status":"open","sticky":false,"template":"","format":"standard","meta":{"jetpack_post_was_ever_published":false,"_jetpack_newsletter_access":"","_jetpack_dont_email_post_to_subs":false,"_jetpack_newsletter_tier_id":0,"_jetpack_memberships_contains_paywalled_content":false,"_jetpack_memberships_contains_paid_content":false,"footnotes":""},"categories":[14,7],"tags":[],"class_list":["post-10725","post","type-post","status-publish","format-standard","has-post-thumbnail","hentry","category-radfahren","category-rennradfahren"],"jetpack_featured_media_url":"https:\/\/i0.wp.com\/blog.kunstgriff.net\/wp-content\/uploads\/2013\/08\/Gleich-gibs-Kaffee-und-Kuchen-in-Blankensee.jpg?fit=1200%2C900&ssl=1","jetpack_shortlink":"https:\/\/wp.me\/p8Cxe7-2MZ","jetpack-related-posts":[{"id":5929,"url":"https:\/\/blog.kunstgriff.net\/?p=5929","url_meta":{"origin":10725,"position":0},"title":"Radmarathon \u00bbVon Britz zum Fl\u00e4ming\u00ab 2011","author":"Georg","date":"September 17, 2011","format":false,"excerpt":"oder \"Wo alles begann\"Heute war wieder der Radmarathon dran, mein Klassiker. Vor 6 Jahren bin ich hier meine erste RTF gefahren. An den Marathon habe ich mich damals noch nicht heran gewagt. Dieses Jahr fahre ich nun den Marathon zum 5. mal in in Folge. Die Vorfreude war gro\u00df und\u2026","rel":"","context":"In &quot;200er&quot;","block_context":{"text":"200er","link":"https:\/\/blog.kunstgriff.net\/?cat=48"},"img":{"alt_text":"","src":"https:\/\/i0.wp.com\/blog.kunstgriff.net\/wp-content\/uploads\/2011\/09\/Kurz-vor-dem-Start-Christoph-Ruden-Schule.jpg?resize=350%2C200","width":350,"height":200,"srcset":"https:\/\/i0.wp.com\/blog.kunstgriff.net\/wp-content\/uploads\/2011\/09\/Kurz-vor-dem-Start-Christoph-Ruden-Schule.jpg?resize=350%2C200 1x, https:\/\/i0.wp.com\/blog.kunstgriff.net\/wp-content\/uploads\/2011\/09\/Kurz-vor-dem-Start-Christoph-Ruden-Schule.jpg?resize=525%2C300 1.5x, https:\/\/i0.wp.com\/blog.kunstgriff.net\/wp-content\/uploads\/2011\/09\/Kurz-vor-dem-Start-Christoph-Ruden-Schule.jpg?resize=700%2C400 2x"},"classes":[]},{"id":19176,"url":"https:\/\/blog.kunstgriff.net\/?p=19176","url_meta":{"origin":10725,"position":1},"title":"Mallorca Trainingscamp 2019 &#8211; Tag 6 &#8211; Palma","author":"admin","date":"April 8, 2019","format":false,"excerpt":"auf bekannten Wegen in die Insel-Hauptstadt Eigentlich ist die Strecke ein Klassiker. Der Ritt kann schon fast blind durchgef\u00fchrt werden. Alle Abzweige sind bekannt. Ebenso alle Colls. Davon gibt es nicht viele, also kein HC aber immerhin dreistellige H\u00f6henmeter sind zu \u00fcberwinden. Also los. Auf dem Muro-Radweg raus. Da gab\u2026","rel":"","context":"In &quot;Radfahren&quot;","block_context":{"text":"Radfahren","link":"https:\/\/blog.kunstgriff.net\/?cat=14"},"img":{"alt_text":"","src":"https:\/\/i0.wp.com\/blog.kunstgriff.net\/wp-content\/uploads\/2019\/04\/die-Strasse-hoch-nach-Sa-Cabaneta.jpg?fit=1200%2C800&ssl=1&resize=350%2C200","width":350,"height":200,"srcset":"https:\/\/i0.wp.com\/blog.kunstgriff.net\/wp-content\/uploads\/2019\/04\/die-Strasse-hoch-nach-Sa-Cabaneta.jpg?fit=1200%2C800&ssl=1&resize=350%2C200 1x, https:\/\/i0.wp.com\/blog.kunstgriff.net\/wp-content\/uploads\/2019\/04\/die-Strasse-hoch-nach-Sa-Cabaneta.jpg?fit=1200%2C800&ssl=1&resize=525%2C300 1.5x, https:\/\/i0.wp.com\/blog.kunstgriff.net\/wp-content\/uploads\/2019\/04\/die-Strasse-hoch-nach-Sa-Cabaneta.jpg?fit=1200%2C800&ssl=1&resize=700%2C400 2x, https:\/\/i0.wp.com\/blog.kunstgriff.net\/wp-content\/uploads\/2019\/04\/die-Strasse-hoch-nach-Sa-Cabaneta.jpg?fit=1200%2C800&ssl=1&resize=1050%2C600 3x"},"classes":[]},{"id":21899,"url":"https:\/\/blog.kunstgriff.net\/?p=21899","url_meta":{"origin":10725,"position":2},"title":"P\u00e4wesin-Runde #12","author":"Georg","date":"Oktober 25, 2020","format":false,"excerpt":"Heute wieder mit F\u00e4hrfahrt Nachdem ich in letzter Zeit ausschlie\u00dflich auf Zwift unterwegs war, war heute Wetter und Mitfahrer so hervorragend, da\u00df ich das Drau\u00dfen-Fahren nicht verweigern konnte. Trotz der Komfortzone von den eigenen Vier-W\u00e4nden und dem darin komfortabel abzuhaltenden Training als Alternativprogramm. Erstmal gab es schon vor der Haust\u00fcr\u2026","rel":"","context":"In &quot;Cake-Ride&quot;","block_context":{"text":"Cake-Ride","link":"https:\/\/blog.kunstgriff.net\/?cat=34"},"img":{"alt_text":"Die Bande am Tunnel","src":"https:\/\/i0.wp.com\/blog.kunstgriff.net\/wp-content\/uploads\/2020\/10\/Die-Bande-am-Tunnel.jpg?fit=1200%2C800&ssl=1&resize=350%2C200","width":350,"height":200,"srcset":"https:\/\/i0.wp.com\/blog.kunstgriff.net\/wp-content\/uploads\/2020\/10\/Die-Bande-am-Tunnel.jpg?fit=1200%2C800&ssl=1&resize=350%2C200 1x, https:\/\/i0.wp.com\/blog.kunstgriff.net\/wp-content\/uploads\/2020\/10\/Die-Bande-am-Tunnel.jpg?fit=1200%2C800&ssl=1&resize=525%2C300 1.5x, https:\/\/i0.wp.com\/blog.kunstgriff.net\/wp-content\/uploads\/2020\/10\/Die-Bande-am-Tunnel.jpg?fit=1200%2C800&ssl=1&resize=700%2C400 2x, https:\/\/i0.wp.com\/blog.kunstgriff.net\/wp-content\/uploads\/2020\/10\/Die-Bande-am-Tunnel.jpg?fit=1200%2C800&ssl=1&resize=1050%2C600 3x"},"classes":[]},{"id":6306,"url":"https:\/\/blog.kunstgriff.net\/?p=6306","url_meta":{"origin":10725,"position":3},"title":"Bummeltour nach Blankensee","author":"Christine","date":"Oktober 19, 2011","format":false,"excerpt":"oder \u00bbDemontage eines Mythos\u00abMan munkelt sich zu, der Garmin-Schorsch k\u00f6nne gar nicht langsam fahren, sogar er selbst behauptet das von sich. Als er mit 274 Kilometern Hamburg-Berlin in den Beinen einen Tag sp\u00e4ter bei der Spandauer RTF mit 38 km\/h in der Spitzengruppe vorne im Wind f\u00e4hrt und dabei noch\u2026","rel":"","context":"In &quot;Radfahren&quot;","block_context":{"text":"Radfahren","link":"https:\/\/blog.kunstgriff.net\/?cat=14"},"img":{"alt_text":"","src":"https:\/\/i0.wp.com\/blog.kunstgriff.net\/wp-content\/uploads\/2011\/10\/Blo%C3%9F-nicht-schneller-werden.jpg?fit=675%2C900&ssl=1&resize=350%2C200","width":350,"height":200,"srcset":"https:\/\/i0.wp.com\/blog.kunstgriff.net\/wp-content\/uploads\/2011\/10\/Blo%C3%9F-nicht-schneller-werden.jpg?fit=675%2C900&ssl=1&resize=350%2C200 1x, https:\/\/i0.wp.com\/blog.kunstgriff.net\/wp-content\/uploads\/2011\/10\/Blo%C3%9F-nicht-schneller-werden.jpg?fit=675%2C900&ssl=1&resize=525%2C300 1.5x"},"classes":[]},{"id":1271,"url":"https:\/\/blog.kunstgriff.net\/?p=1271","url_meta":{"origin":10725,"position":4},"title":"Schwielowsee-Feierabendrunde-Extrem","author":"Georg","date":"April 28, 2010","format":false,"excerpt":"Bei herrlichem Fr\u00fchlingswetter mit Sonnenschein und Temperaturen um die 20\u02daC musste der Feierabend einfach f\u00fcr die Schwielowsee-Runde genutzt werden. Wir trafen uns gut gelaunt am Auerbachtunnel und alle Mitfahrer waren h\u00f6chst erfreut, endlich wieder \u00bbkurz-kurz\u00ab fahren zu k\u00f6nnen. Die Wartenden teilten sich schon in A- und B-Gr\u00fcppchen auf. Die A-Gruppe\u2026","rel":"","context":"In &quot;Radfahren&quot;","block_context":{"text":"Radfahren","link":"https:\/\/blog.kunstgriff.net\/?cat=14"},"img":{"alt_text":"","src":"https:\/\/i0.wp.com\/blog.kunstgriff.net\/wp-content\/uploads\/2010\/04\/Feierabendrunde2504.png?resize=350%2C200","width":350,"height":200},"classes":[]},{"id":4851,"url":"https:\/\/blog.kunstgriff.net\/?p=4851","url_meta":{"origin":10725,"position":5},"title":"Zur Mecklenburgische Seenplatte","author":"Georg","date":"Juni 11, 2011","format":false,"excerpt":"oder \u00bbLetze lange Ausfahrt vor der V\u00e4tternrundan\u00abAm n\u00e4chsten Wochenende werde ich den V\u00e4tternsee umrunden und so kam es mir sehr gelegen, das Tom B. diese lange Tour zur Mecklenburgische Seenplatte f\u00fcr den heutigen Pfingstsamstag anbot. Wir trafen uns um 9 Uhr am S-Bahnhof Buch, zum dem sechs Radler kamen: Tom\u2026","rel":"","context":"In &quot;200er&quot;","block_context":{"text":"200er","link":"https:\/\/blog.kunstgriff.net\/?cat=48"},"img":{"alt_text":"","src":"","width":0,"height":0},"classes":[]}],"jetpack_likes_enabled":true,"jetpack_sharing_enabled":true,"_links":{"self":[{"href":"https:\/\/blog.kunstgriff.net\/index.php?rest_route=\/wp\/v2\/posts\/10725","targetHints":{"allow":["GET"]}}],"collection":[{"href":"https:\/\/blog.kunstgriff.net\/index.php?rest_route=\/wp\/v2\/posts"}],"about":[{"href":"https:\/\/blog.kunstgriff.net\/index.php?rest_route=\/wp\/v2\/types\/post"}],"author":[{"embeddable":true,"href":"https:\/\/blog.kunstgriff.net\/index.php?rest_route=\/wp\/v2\/users\/2"}],"replies":[{"embeddable":true,"href":"https:\/\/blog.kunstgriff.net\/index.php?rest_route=%2Fwp%2Fv2%2Fcomments&post=10725"}],"version-history":[{"count":0,"href":"https:\/\/blog.kunstgriff.net\/index.php?rest_route=\/wp\/v2\/posts\/10725\/revisions"}],"wp:featuredmedia":[{"embeddable":true,"href":"https:\/\/blog.kunstgriff.net\/index.php?rest_route=\/wp\/v2\/media\/10729"}],"wp:attachment":[{"href":"https:\/\/blog.kunstgriff.net\/index.php?rest_route=%2Fwp%2Fv2%2Fmedia&parent=10725"}],"wp:term":[{"taxonomy":"category","embeddable":true,"href":"https:\/\/blog.kunstgriff.net\/index.php?rest_route=%2Fwp%2Fv2%2Fcategories&post=10725"},{"taxonomy":"post_tag","embeddable":true,"href":"https:\/\/blog.kunstgriff.net\/index.php?rest_route=%2Fwp%2Fv2%2Ftags&post=10725"}],"curies":[{"name":"wp","href":"https:\/\/api.w.org\/{rel}","templated":true}]}}