{"id":1084,"date":"2010-03-18T22:35:08","date_gmt":"2010-03-18T21:35:08","guid":{"rendered":"http:\/\/blog.kunstgriff.net\/?p=1084"},"modified":"2017-06-14T17:22:27","modified_gmt":"2017-06-14T15:22:27","slug":"%c2%bbnight-ride%c2%ab-mit-dem-rennrad","status":"publish","type":"post","link":"https:\/\/blog.kunstgriff.net\/?p=1084","title":{"rendered":"\u00bbNight Ride\u00ab mit dem Rennrad"},"content":{"rendered":"<span class=\"span-reading-time rt-reading-time\" style=\"display: block;\"><span class=\"rt-label rt-prefix\">Lesezeit: <\/span> <span class=\"rt-time\"> &lt; 1<\/span> <span class=\"rt-label rt-postfix\">Minute<\/span><\/span><p>Der von der <a href=\"http:\/\/www.rennradgruppe.de\/pmwiki\/pmwiki.php\" target=\"_blank\">Rennradgruppe.de<\/a> initiierte Night Ride war f\u00fcr mich genau die richtige M\u00f6glichkeit bei herrlich warmen 12\u02daC den Renner mal wieder auf die Stra\u00dfe in der Hauptstadt loszulassen.<\/p>\n<p>Daf\u00fcr hatte ich mich an einen Wegpunkt unweit meiner Wohnung mit der Gang verabredet. Ich freute mich sehr viele alt bekannte Gesichter wieder zu sehen. Dabei waren Susanne, Robert, Niels, Andreas und noch einige mehr, so dass wir auf ca. 10 Radler kamen. Die City war angenehm zu fahren, da wenig Autofahrer unterwegs waren und die Route auch \u00fcber Stra\u00dfen mit relativ wenigen Ampeln f\u00fchrte. Eine Aktion die ich in Zukunft gerne wiederholen m\u00f6chte. obwohl 30 km doch ein wenig kurz sind.<\/p>\n<p><iframe height='405' width='590' frameborder='0' allowtransparency='true' scrolling='no' src='https:\/\/www.strava.com\/activities\/698643268\/embed\/b16ca3967d1b8c875757e51f82fb04eb3df4b36e'><\/iframe><\/p>\n","protected":false},"excerpt":{"rendered":"<p>Der von der Rennradgruppe.de initiierte Night Ride war f\u00fcr mich genau die richtige M\u00f6glichkeit bei herrlich warmen 12\u02daC den Renner mal wieder auf die Stra\u00dfe in der Hauptstadt loszulassen. Daf\u00fcr hatte ich mich an einen Wegpunkt unweit meiner Wohnung mit der Gang verabredet. Ich freute mich sehr viele alt bekannte Gesichter wieder zu sehen. Dabei &hellip; <\/p>\n<p class=\"link-more\"><a href=\"https:\/\/blog.kunstgriff.net\/?p=1084\" class=\"more-link\"><span class=\"screen-reader-text\">\u201e\u00bbNight Ride\u00ab mit dem Rennrad\u201c <\/span>weiterlesen<\/a><\/p>\n","protected":false},"author":2,"featured_media":0,"comment_status":"open","ping_status":"open","sticky":false,"template":"","format":"standard","meta":{"jetpack_post_was_ever_published":false,"_jetpack_newsletter_access":"","_jetpack_dont_email_post_to_subs":false,"_jetpack_newsletter_tier_id":0,"_jetpack_memberships_contains_paywalled_content":false,"_jetpack_memberships_contains_paid_content":false,"footnotes":""},"categories":[14,7],"tags":[],"class_list":["post-1084","post","type-post","status-publish","format-standard","hentry","category-radfahren","category-rennradfahren"],"jetpack_featured_media_url":"","jetpack_shortlink":"https:\/\/wp.me\/p8Cxe7-hu","jetpack-related-posts":[{"id":16542,"url":"https:\/\/blog.kunstgriff.net\/?p=16542","url_meta":{"origin":1084,"position":0},"title":"P\u00e4wesin-Runde rerererereloaded","author":"Georg","date":"August 5, 2017","format":false,"excerpt":"\u00bbImmer wieder Samstags\u00ab In Ermangelung eines grossen Zeitfensters musste ich mich heute alleine auf die Socken machen und ein wenig den Staub der Woche abstrampeln. In letzter Zeit brauche ich da nicht mehr lange \u00fcberlegen, welche Runde gefahren wird \u2013 P\u00e4wesin - it is! Das Thermometer zeigte gleich mal 21\u00b0C\u2026","rel":"","context":"In &quot;Cake-Ride&quot;","block_context":{"text":"Cake-Ride","link":"https:\/\/blog.kunstgriff.net\/?cat=34"},"img":{"alt_text":"","src":"https:\/\/i0.wp.com\/blog.kunstgriff.net\/wp-content\/uploads\/2017\/08\/Halber-Kuchentresen.jpg?fit=1200%2C800&ssl=1&resize=350%2C200","width":350,"height":200,"srcset":"https:\/\/i0.wp.com\/blog.kunstgriff.net\/wp-content\/uploads\/2017\/08\/Halber-Kuchentresen.jpg?fit=1200%2C800&ssl=1&resize=350%2C200 1x, https:\/\/i0.wp.com\/blog.kunstgriff.net\/wp-content\/uploads\/2017\/08\/Halber-Kuchentresen.jpg?fit=1200%2C800&ssl=1&resize=525%2C300 1.5x, https:\/\/i0.wp.com\/blog.kunstgriff.net\/wp-content\/uploads\/2017\/08\/Halber-Kuchentresen.jpg?fit=1200%2C800&ssl=1&resize=700%2C400 2x, https:\/\/i0.wp.com\/blog.kunstgriff.net\/wp-content\/uploads\/2017\/08\/Halber-Kuchentresen.jpg?fit=1200%2C800&ssl=1&resize=1050%2C600 3x"},"classes":[]},{"id":18686,"url":"https:\/\/blog.kunstgriff.net\/?p=18686","url_meta":{"origin":1084,"position":1},"title":"Auf neuen Wegen nach Fehrbellin","author":"Georg","date":"August 18, 2018","format":false,"excerpt":"Cake-Ride mit starkem Peloton Da f\u00fcr den Samstag keine, mir genehmen Touren, im Angebot waren, entschloss ich mich, mal wieder selber was zusammen zu klicken. Inspiriert durch Eriks Tour vom vergangenen Wochenende wollte ich mal probieren, gegen den Uhrzeigersinn nach Fehrbellin zu rollern. Da auf unser Strava Gruppe \u00bbCake G\u00e4ng\u00ab\u00a0die\u2026","rel":"","context":"In &quot;Cake-Ride&quot;","block_context":{"text":"Cake-Ride","link":"https:\/\/blog.kunstgriff.net\/?cat=34"},"img":{"alt_text":"","src":"https:\/\/i0.wp.com\/blog.kunstgriff.net\/wp-content\/uploads\/2018\/08\/Christoph-Olaf-f%C3%BChren.jpg?fit=1200%2C800&ssl=1&resize=350%2C200","width":350,"height":200,"srcset":"https:\/\/i0.wp.com\/blog.kunstgriff.net\/wp-content\/uploads\/2018\/08\/Christoph-Olaf-f%C3%BChren.jpg?fit=1200%2C800&ssl=1&resize=350%2C200 1x, https:\/\/i0.wp.com\/blog.kunstgriff.net\/wp-content\/uploads\/2018\/08\/Christoph-Olaf-f%C3%BChren.jpg?fit=1200%2C800&ssl=1&resize=525%2C300 1.5x, https:\/\/i0.wp.com\/blog.kunstgriff.net\/wp-content\/uploads\/2018\/08\/Christoph-Olaf-f%C3%BChren.jpg?fit=1200%2C800&ssl=1&resize=700%2C400 2x, https:\/\/i0.wp.com\/blog.kunstgriff.net\/wp-content\/uploads\/2018\/08\/Christoph-Olaf-f%C3%BChren.jpg?fit=1200%2C800&ssl=1&resize=1050%2C600 3x"},"classes":[]},{"id":22475,"url":"https:\/\/blog.kunstgriff.net\/?p=22475","url_meta":{"origin":1084,"position":2},"title":"WfF Sommertour 2021 &#8211; Freiburg\/Breisgau &#8211; Tag 3","author":"Georg","date":"September 7, 2021","format":false,"excerpt":"die kurze Strecke mit den schnellen Jungs Heute stand wieder die kurze Strecke auf dem Programm. Mit 120 km und knapp 2.000 H\u00f6henmetern genau das Richtige auf einen Dienstag. Der blaue Himmel machte es mir leicht, schnell den richtigen Tritt zu finden. Das war auch wichtig, denn ich sollte die\u2026","rel":"","context":"In &quot;Cake-Ride&quot;","block_context":{"text":"Cake-Ride","link":"https:\/\/blog.kunstgriff.net\/?cat=34"},"img":{"alt_text":"m\u00fcde Radler","src":"https:\/\/i0.wp.com\/blog.kunstgriff.net\/wp-content\/uploads\/2021\/09\/muede-Radler-1.jpg?fit=1200%2C800&ssl=1&resize=350%2C200","width":350,"height":200,"srcset":"https:\/\/i0.wp.com\/blog.kunstgriff.net\/wp-content\/uploads\/2021\/09\/muede-Radler-1.jpg?fit=1200%2C800&ssl=1&resize=350%2C200 1x, https:\/\/i0.wp.com\/blog.kunstgriff.net\/wp-content\/uploads\/2021\/09\/muede-Radler-1.jpg?fit=1200%2C800&ssl=1&resize=525%2C300 1.5x, https:\/\/i0.wp.com\/blog.kunstgriff.net\/wp-content\/uploads\/2021\/09\/muede-Radler-1.jpg?fit=1200%2C800&ssl=1&resize=700%2C400 2x, https:\/\/i0.wp.com\/blog.kunstgriff.net\/wp-content\/uploads\/2021\/09\/muede-Radler-1.jpg?fit=1200%2C800&ssl=1&resize=1050%2C600 3x"},"classes":[]},{"id":21219,"url":"https:\/\/blog.kunstgriff.net\/?p=21219","url_meta":{"origin":1084,"position":3},"title":"Tiri-Pfingst-Sonntags-Ausfahrt","author":"Georg","date":"Mai 31, 2020","format":false,"excerpt":"Fahren bis Einer heult Ach was freute ich mich auf eine echte Gruppenausfahrt! Endlich wieder mit ein paar mehr Leuten unterwegs sein. Oleg bot einen lockeren 100er an, der genau in mein Programm passte. Herrlich! Also um kurz nach Neun auf den Renner und durch die Stadt nach S\u00fcden. Ganz\u2026","rel":"","context":"In &quot;Radfahren&quot;","block_context":{"text":"Radfahren","link":"https:\/\/blog.kunstgriff.net\/?cat=14"},"img":{"alt_text":"Kurz vor Tyrow","src":"https:\/\/i0.wp.com\/blog.kunstgriff.net\/wp-content\/uploads\/2020\/05\/Kurz-vor-Tyrow.jpg?fit=1200%2C800&ssl=1&resize=350%2C200","width":350,"height":200,"srcset":"https:\/\/i0.wp.com\/blog.kunstgriff.net\/wp-content\/uploads\/2020\/05\/Kurz-vor-Tyrow.jpg?fit=1200%2C800&ssl=1&resize=350%2C200 1x, https:\/\/i0.wp.com\/blog.kunstgriff.net\/wp-content\/uploads\/2020\/05\/Kurz-vor-Tyrow.jpg?fit=1200%2C800&ssl=1&resize=525%2C300 1.5x, https:\/\/i0.wp.com\/blog.kunstgriff.net\/wp-content\/uploads\/2020\/05\/Kurz-vor-Tyrow.jpg?fit=1200%2C800&ssl=1&resize=700%2C400 2x, https:\/\/i0.wp.com\/blog.kunstgriff.net\/wp-content\/uploads\/2020\/05\/Kurz-vor-Tyrow.jpg?fit=1200%2C800&ssl=1&resize=1050%2C600 3x"},"classes":[]},{"id":19328,"url":"https:\/\/blog.kunstgriff.net\/?p=19328","url_meta":{"origin":1084,"position":4},"title":"3-Seen-Runde auf dem Renner","author":"Georg","date":"Mai 1, 2019","format":false,"excerpt":"vom Sacrower See zum Schwielowsee nach Blankensee In Ermangelung geeigneter Tourenangebote der \u00fcblichen Quellen, musste ich mir am heutigen Feiertag selber eine Strecke zusammen klicken. Das geht mit dem Routenplaner von Strava einfach von der Hand. Nicht das ich Angst h\u00e4tte mich zu verfahren, aber ich wollte vorher sehen, wie\u2026","rel":"","context":"In &quot;Cake-Ride&quot;","block_context":{"text":"Cake-Ride","link":"https:\/\/blog.kunstgriff.net\/?cat=34"},"img":{"alt_text":"","src":"https:\/\/i0.wp.com\/blog.kunstgriff.net\/wp-content\/uploads\/2019\/05\/Sacrow-nach-Fahrland.jpg?fit=1200%2C800&ssl=1&resize=350%2C200","width":350,"height":200,"srcset":"https:\/\/i0.wp.com\/blog.kunstgriff.net\/wp-content\/uploads\/2019\/05\/Sacrow-nach-Fahrland.jpg?fit=1200%2C800&ssl=1&resize=350%2C200 1x, https:\/\/i0.wp.com\/blog.kunstgriff.net\/wp-content\/uploads\/2019\/05\/Sacrow-nach-Fahrland.jpg?fit=1200%2C800&ssl=1&resize=525%2C300 1.5x, https:\/\/i0.wp.com\/blog.kunstgriff.net\/wp-content\/uploads\/2019\/05\/Sacrow-nach-Fahrland.jpg?fit=1200%2C800&ssl=1&resize=700%2C400 2x, https:\/\/i0.wp.com\/blog.kunstgriff.net\/wp-content\/uploads\/2019\/05\/Sacrow-nach-Fahrland.jpg?fit=1200%2C800&ssl=1&resize=1050%2C600 3x"},"classes":[]},{"id":12187,"url":"https:\/\/blog.kunstgriff.net\/?p=12187","url_meta":{"origin":1084,"position":5},"title":"Korsika 2014 &#8211; Tag 2","author":"Georg","date":"Oktober 10, 2014","format":false,"excerpt":"oder \u00bb\u00dcber die H\u00fcgel nach Corte\u00ab Nachdem gestern aktive Regeneration betrieben wurde, wollte heute wieder der Renner bewegt werden. Es sollte ein wenig ins Landesinnere nach Corte gehen. Dorthin hatte ich noch eine kleine Nase eingebaut, die ich aus den Tour-Tourenvorschl\u00e4gen stibitzt hatte. Erstmal musste um kurz nach 10 der\u2026","rel":"","context":"In &quot;Radfahren&quot;","block_context":{"text":"Radfahren","link":"https:\/\/blog.kunstgriff.net\/?cat=14"},"img":{"alt_text":"","src":"https:\/\/i0.wp.com\/blog.kunstgriff.net\/wp-content\/uploads\/2014\/10\/Im-Tal-liegt-Corte.jpg?fit=1200%2C900&ssl=1&resize=350%2C200","width":350,"height":200,"srcset":"https:\/\/i0.wp.com\/blog.kunstgriff.net\/wp-content\/uploads\/2014\/10\/Im-Tal-liegt-Corte.jpg?fit=1200%2C900&ssl=1&resize=350%2C200 1x, https:\/\/i0.wp.com\/blog.kunstgriff.net\/wp-content\/uploads\/2014\/10\/Im-Tal-liegt-Corte.jpg?fit=1200%2C900&ssl=1&resize=525%2C300 1.5x, https:\/\/i0.wp.com\/blog.kunstgriff.net\/wp-content\/uploads\/2014\/10\/Im-Tal-liegt-Corte.jpg?fit=1200%2C900&ssl=1&resize=700%2C400 2x, https:\/\/i0.wp.com\/blog.kunstgriff.net\/wp-content\/uploads\/2014\/10\/Im-Tal-liegt-Corte.jpg?fit=1200%2C900&ssl=1&resize=1050%2C600 3x"},"classes":[]}],"jetpack_likes_enabled":true,"jetpack_sharing_enabled":true,"_links":{"self":[{"href":"https:\/\/blog.kunstgriff.net\/index.php?rest_route=\/wp\/v2\/posts\/1084","targetHints":{"allow":["GET"]}}],"collection":[{"href":"https:\/\/blog.kunstgriff.net\/index.php?rest_route=\/wp\/v2\/posts"}],"about":[{"href":"https:\/\/blog.kunstgriff.net\/index.php?rest_route=\/wp\/v2\/types\/post"}],"author":[{"embeddable":true,"href":"https:\/\/blog.kunstgriff.net\/index.php?rest_route=\/wp\/v2\/users\/2"}],"replies":[{"embeddable":true,"href":"https:\/\/blog.kunstgriff.net\/index.php?rest_route=%2Fwp%2Fv2%2Fcomments&post=1084"}],"version-history":[{"count":0,"href":"https:\/\/blog.kunstgriff.net\/index.php?rest_route=\/wp\/v2\/posts\/1084\/revisions"}],"wp:attachment":[{"href":"https:\/\/blog.kunstgriff.net\/index.php?rest_route=%2Fwp%2Fv2%2Fmedia&parent=1084"}],"wp:term":[{"taxonomy":"category","embeddable":true,"href":"https:\/\/blog.kunstgriff.net\/index.php?rest_route=%2Fwp%2Fv2%2Fcategories&post=1084"},{"taxonomy":"post_tag","embeddable":true,"href":"https:\/\/blog.kunstgriff.net\/index.php?rest_route=%2Fwp%2Fv2%2Ftags&post=1084"}],"curies":[{"name":"wp","href":"https:\/\/api.w.org\/{rel}","templated":true}]}}