{"id":1100,"date":"2010-03-26T22:06:47","date_gmt":"2010-03-26T21:06:47","guid":{"rendered":"http:\/\/blog.kunstgriff.net\/?p=1100"},"modified":"2017-06-14T17:17:49","modified_gmt":"2017-06-14T15:17:49","slug":"%c2%bblaktatrunde%c2%ab-freitag-zum-feierabend","status":"publish","type":"post","link":"https:\/\/blog.kunstgriff.net\/?p=1100","title":{"rendered":"\u00bbLaktatrunde\u00ab &#8211; Freitag zum Feierabend"},"content":{"rendered":"<span class=\"span-reading-time rt-reading-time\" style=\"display: block;\"><span class=\"rt-label rt-prefix\">Lesezeit: <\/span> <span class=\"rt-time\"> 2<\/span> <span class=\"rt-label rt-postfix\">Minuten<\/span><\/span><div>Das war ja mal eine spannende Runde heute: Wir trafen uns zu Acht am S-Bhf. Neuk\u00f6lln, bei herrlichem Fr\u00fchlingswetter und ca. 20\u00b0C. Um an diesen Startpunkt zu kommen musste ich allerdings erst 39 Minuten mit der U-Bahn durch halb Berlin gondeln, was zur Feierabendzeit kein Vergn\u00fcgen ist. Ein Kontrolleur ermahnte mich auch noch, weil ich kein Fahrradticket gel\u00f6st hatte. <em>Not my favorite way to start a ride.<\/em><\/div>\n<p>Von den Radlern am Treffpunkt kannte ich nur Ralph W., Heiko K. und <a href=\"http:\/\/bikebloggerberlin.wordpress.com\/\" target=\"_blank\">Andreas<\/a>, die anderen waren mir unbekannt. Leider lie\u00dfen sich Marcin und Ralph H. entschuldigen.<\/p>\n<p>So ging es um 17:10 Uhr im A<em>ufw\u00e4rmtempo<\/em> raus zur Krone von Neuk\u00f6lln wo dann gleich richtig <span style=\"text-decoration: line-through;\">normales<\/span> Tempo gefahren wurde und gleich mal Drei unserer Mitstreiter rausflogen. Diese waren auch am Ende der Krone nicht wieder dabei und so ging es zu F\u00fcnft weiter. Ich war <em>not amused<\/em> \u00fcber die Dezimierung und die schlechten Stra\u00dfenverh\u00e4ltnisse gepaart mit viel Verkehr und rechts-vor-links Einm\u00fcndungen. Eine <em>Hans-Dampf-Strecke<\/em> sieht f\u00fcr mich anders aus!<\/p>\n<p>Als wir dann die Baustelle vom Gro\u00dfflughafen passierten wurde es besser mit Verkehr und Fahrbahnbeschaffenheit, aber das Tempo wurde durch Heiko und Ralph hoch gehalten. Ich musste bis K\u00f6nigs Wusterhausen ganz sch\u00f6n K\u00f6rner lassen und war froh als dort der Wind drehte. Der Garmin zeigte zu dem Zeitpunkt auch einen Durchschnittsspeed von 34 km\/h an.<\/p>\n<p>Nun wurde es langsam dunkel und Zeit die Beleuchtungsanlagen einzuschalten. Druck auf den Pedalen wurde fortgesetzt und der M\u00fcggelberg bei Dunkelheit einvernehmlich <em>nicht<\/em> in Angriff genommen. In K\u00f6penick trennte sich die Gruppe und ich fuhr mit Andreas die Krone zu zweit zur\u00fcck nach Neuk\u00f6lln.<\/p>\n<p>Am Startpunkt, S-Bahnhof Neuk\u00f6lln, nach knapp 84 km Radfahren hatte ich in der lauen Fr\u00fchlingsnacht noch nicht genug vom Radfahren und wollte mich einfach nicht in die U-Bahn setzten; so beschloss ich mit dem Rad heim zu fahren. Auf dem Weg durch die City nach Siemensstadt \u00fcberlegte ich ob man wohl mit dem Rad <a href=\"http:\/\/www.fahrinfo-berlin.de\/Fahrinfo\/bin\/query.bin\/dn?ld=0.1&amp;seqnr=2&amp;ident=50.0197021.1269637921&amp;\" target=\"_blank\">schneller durch die Stadt kommen kann als mit der U-Bahn<\/a>!?<\/p>\n<p>Abends und mit ordentlichem Wind auf jeden Fall: I<a href=\"http:\/\/connect.garmin.com\/splits\/28088277\" target=\"_blank\">ch habe genau 34 Minuten gebraucht<\/a>, exakt f\u00fcnf Minuten schneller als <em>goin&#8216; Underground<\/em>. Nice.<\/p>\n<p>Nun regnet es und ich hoffe auf besseres Wetter f\u00fcr <a href=\"http:\/\/www.brc-defekt.de\/touren\/touren.htm\">die RTF<\/a> morgen. Um 7 Uhr morgen fr\u00fch weiss ich mehr.<\/p>\n<p><iframe height='405' width='590' frameborder='0' allowtransparency='true' scrolling='no' src='https:\/\/www.strava.com\/activities\/698643320\/embed\/561148533d5bfcdbf8a3036271ae9396e58efddb'><\/iframe><\/p>\n","protected":false},"excerpt":{"rendered":"<p>Das war ja mal eine spannende Runde heute: Wir trafen uns zu Acht am S-Bhf. Neuk\u00f6lln, bei herrlichem Fr\u00fchlingswetter und ca. 20\u00b0C. Um an diesen Startpunkt zu kommen musste ich allerdings erst 39 Minuten mit der U-Bahn durch halb Berlin gondeln, was zur Feierabendzeit kein Vergn\u00fcgen ist. Ein Kontrolleur ermahnte mich auch noch, weil ich &hellip; <\/p>\n<p class=\"link-more\"><a href=\"https:\/\/blog.kunstgriff.net\/?p=1100\" class=\"more-link\"><span class=\"screen-reader-text\">\u201e\u00bbLaktatrunde\u00ab &#8211; Freitag zum Feierabend\u201c <\/span>weiterlesen<\/a><\/p>\n","protected":false},"author":2,"featured_media":0,"comment_status":"open","ping_status":"open","sticky":false,"template":"","format":"standard","meta":{"jetpack_post_was_ever_published":false,"_jetpack_newsletter_access":"","_jetpack_dont_email_post_to_subs":false,"_jetpack_newsletter_tier_id":0,"_jetpack_memberships_contains_paywalled_content":false,"_jetpack_memberships_contains_paid_content":false,"footnotes":""},"categories":[14,7],"tags":[],"class_list":["post-1100","post","type-post","status-publish","format-standard","hentry","category-radfahren","category-rennradfahren"],"jetpack_featured_media_url":"","jetpack_shortlink":"https:\/\/wp.me\/p8Cxe7-hK","jetpack-related-posts":[{"id":17775,"url":"https:\/\/blog.kunstgriff.net\/?p=17775","url_meta":{"origin":1100,"position":0},"title":"Jules 200er in den Spreewald","author":"admin","date":"Mai 6, 2018","format":false,"excerpt":"oder \u00bbLange Ausfahrt mit perfekter Gruppe & Kaiserwetter\u00ab N\u00e4chste Woche startet ja wieder die ITF und mir fehlen in 2018 die Grundlagenkilometer um 6 Tage Rennrad-fahren unbeschadet zu \u00fcberstehen. Da dachte ich mir, es k\u00f6nnte vielleicht hilfreich sein, mal einen 200er zu fahren. Da Jule gerade einen anbot und Marc\u2026","rel":"","context":"In &quot;200er&quot;","block_context":{"text":"200er","link":"https:\/\/blog.kunstgriff.net\/?cat=48"},"img":{"alt_text":"","src":"https:\/\/i0.wp.com\/blog.kunstgriff.net\/wp-content\/uploads\/2018\/05\/Am-BER-vorbei.jpg?fit=1200%2C800&ssl=1&resize=350%2C200","width":350,"height":200,"srcset":"https:\/\/i0.wp.com\/blog.kunstgriff.net\/wp-content\/uploads\/2018\/05\/Am-BER-vorbei.jpg?fit=1200%2C800&ssl=1&resize=350%2C200 1x, https:\/\/i0.wp.com\/blog.kunstgriff.net\/wp-content\/uploads\/2018\/05\/Am-BER-vorbei.jpg?fit=1200%2C800&ssl=1&resize=525%2C300 1.5x, https:\/\/i0.wp.com\/blog.kunstgriff.net\/wp-content\/uploads\/2018\/05\/Am-BER-vorbei.jpg?fit=1200%2C800&ssl=1&resize=700%2C400 2x, https:\/\/i0.wp.com\/blog.kunstgriff.net\/wp-content\/uploads\/2018\/05\/Am-BER-vorbei.jpg?fit=1200%2C800&ssl=1&resize=1050%2C600 3x"},"classes":[]},{"id":3698,"url":"https:\/\/blog.kunstgriff.net\/?p=3698","url_meta":{"origin":1100,"position":1},"title":"In die Rauener-Berge","author":"Georg","date":"Februar 26, 2011","format":false,"excerpt":"oder \"Winterausfahrt mit der Rennradliste\" Heute sollte mich meine Rennradbegeisterung mal wieder an den S-Bhf. Neuk\u00f6lln verschlagen, denn Ralf H. von der Rennradliste.de hatte zu einer gemeinsamen Ausfahrt gerufen. Als ich um 10 vor 10 aus der relativ warmen U-Bahn am Treffpunkt ankam, war noch niemand dort. Schnell kamen aber\u2026","rel":"","context":"In &quot;Radfahren&quot;","block_context":{"text":"Radfahren","link":"https:\/\/blog.kunstgriff.net\/?cat=14"},"img":{"alt_text":"","src":"https:\/\/i0.wp.com\/blog.kunstgriff.net\/wp-content\/uploads\/2011\/02\/100_0435.jpg?fit=640%2C426&ssl=1&resize=350%2C200","width":350,"height":200,"srcset":"https:\/\/i0.wp.com\/blog.kunstgriff.net\/wp-content\/uploads\/2011\/02\/100_0435.jpg?fit=640%2C426&ssl=1&resize=350%2C200 1x, https:\/\/i0.wp.com\/blog.kunstgriff.net\/wp-content\/uploads\/2011\/02\/100_0435.jpg?fit=640%2C426&ssl=1&resize=525%2C300 1.5x"},"classes":[]},{"id":2448,"url":"https:\/\/blog.kunstgriff.net\/?p=2448","url_meta":{"origin":1100,"position":2},"title":"Schwielowsee-Feierabendrunde","author":"Georg","date":"September 22, 2010","format":false,"excerpt":"oder \"13 Mann, eine Frau und kein Wind\"Am Sonntag, nachdem ich die Wettervorhersage f\u00fcr diese Woche geh\u00f6rt hatte, musste ich gleich auf allen Internet-Kan\u00e4len zu meiner Schwielosee-Feierabendrunde ausrufen. So wurde ich um 16:38 Uhr schon von 4 Radlern am Tunnel erwartet, obwohl es erst um 17 Uhr los gehen sollte.\u2026","rel":"","context":"In &quot;Allgemein&quot;","block_context":{"text":"Allgemein","link":"https:\/\/blog.kunstgriff.net\/?cat=1"},"img":{"alt_text":"","src":"","width":0,"height":0},"classes":[]},{"id":8124,"url":"https:\/\/blog.kunstgriff.net\/?p=8124","url_meta":{"origin":1100,"position":3},"title":"Bernds-Blankensee-Feierabendrunde","author":"Georg","date":"Juni 5, 2012","format":false,"excerpt":"oder \u00bbBolzen wie in alten Zeiten\u00abFr\u00fcher\u2122 hatte ich an Dienstagen \u00f6fter meine Schwielowsee-Runde als Feierabendrunde angeboten. In diesem Jahr fehlte mir dazu die Lust und Motivation und so war ich sehr froh, dass Bernd die Initiative ergriffen und eine immer Dienstags stattfindende Runde etablieren m\u00f6chte. Mir passte eine Bolzer-Runde heute\u2026","rel":"","context":"In &quot;Radfahren&quot;","block_context":{"text":"Radfahren","link":"https:\/\/blog.kunstgriff.net\/?cat=14"},"img":{"alt_text":"","src":"https:\/\/i0.wp.com\/blog.kunstgriff.net\/wp-content\/uploads\/2012\/06\/Illustrer-Haufen-am-Auerbach-Tunnel-300x225.jpg?resize=350%2C200","width":350,"height":200},"classes":[]},{"id":1944,"url":"https:\/\/blog.kunstgriff.net\/?p=1944","url_meta":{"origin":1100,"position":4},"title":"Sonntags-Tour zum Scharm\u00fctzelsee","author":"Georg","date":"Juli 4, 2010","format":false,"excerpt":"oder \"Der Garmin weiss nicht immer den rechten Weg\"Heute hatte Ralf H. von Rennradtraining zu dieser Tour an den Scharm\u00fctzelsee aufgerufen. Es ging erst recht sp\u00e4t um 10 Uhr vom Bahnhof Neuk\u00f6lln los, zu dem ich mit der S-Bahn anreiste. Dort waren schon einige Radler versammelt: Ralf H., Antje, Dirk,\u2026","rel":"","context":"In &quot;Garmin&quot;","block_context":{"text":"Garmin","link":"https:\/\/blog.kunstgriff.net\/?cat=35"},"img":{"alt_text":"","src":"https:\/\/i0.wp.com\/blog.kunstgriff.net\/wp-content\/uploads\/2010\/07\/Bildschirmfoto-2010-07-04-um-19.37.13.png?resize=350%2C200","width":350,"height":200},"classes":[]},{"id":5345,"url":"https:\/\/blog.kunstgriff.net\/?p=5345","url_meta":{"origin":1100,"position":5},"title":"Biergarten-Tour Kohlhasenbr\u00fcck","author":"Georg","date":"Juli 23, 2011","format":false,"excerpt":"oder \u00bbHeute mal echtes Genussradeln\u00ab]Eigentlich blogge ich ja nur von echten sportlichen Taten und schon gar nicht mehrmals t\u00e4glich. Als ich aber eben durchgeschwitzt nach Hause kam und unter die Dusche sprang um den Schweiss los zu werden, dachte ich mir das die Tour doch einen Eintrag wert ist. Carsten\u2026","rel":"","context":"In &quot;MTB&quot;","block_context":{"text":"MTB","link":"https:\/\/blog.kunstgriff.net\/?cat=9"},"img":{"alt_text":"","src":"","width":0,"height":0},"classes":[]}],"jetpack_likes_enabled":true,"jetpack_sharing_enabled":true,"_links":{"self":[{"href":"https:\/\/blog.kunstgriff.net\/index.php?rest_route=\/wp\/v2\/posts\/1100","targetHints":{"allow":["GET"]}}],"collection":[{"href":"https:\/\/blog.kunstgriff.net\/index.php?rest_route=\/wp\/v2\/posts"}],"about":[{"href":"https:\/\/blog.kunstgriff.net\/index.php?rest_route=\/wp\/v2\/types\/post"}],"author":[{"embeddable":true,"href":"https:\/\/blog.kunstgriff.net\/index.php?rest_route=\/wp\/v2\/users\/2"}],"replies":[{"embeddable":true,"href":"https:\/\/blog.kunstgriff.net\/index.php?rest_route=%2Fwp%2Fv2%2Fcomments&post=1100"}],"version-history":[{"count":0,"href":"https:\/\/blog.kunstgriff.net\/index.php?rest_route=\/wp\/v2\/posts\/1100\/revisions"}],"wp:attachment":[{"href":"https:\/\/blog.kunstgriff.net\/index.php?rest_route=%2Fwp%2Fv2%2Fmedia&parent=1100"}],"wp:term":[{"taxonomy":"category","embeddable":true,"href":"https:\/\/blog.kunstgriff.net\/index.php?rest_route=%2Fwp%2Fv2%2Fcategories&post=1100"},{"taxonomy":"post_tag","embeddable":true,"href":"https:\/\/blog.kunstgriff.net\/index.php?rest_route=%2Fwp%2Fv2%2Ftags&post=1100"}],"curies":[{"name":"wp","href":"https:\/\/api.w.org\/{rel}","templated":true}]}}