{"id":1135,"date":"2010-04-02T20:36:44","date_gmt":"2010-04-02T19:36:44","guid":{"rendered":"http:\/\/blog.kunstgriff.net\/?p=1135"},"modified":"2017-06-14T17:15:19","modified_gmt":"2017-06-14T15:15:19","slug":"karfreitag-sudrunde","status":"publish","type":"post","link":"https:\/\/blog.kunstgriff.net\/?p=1135","title":{"rendered":"Karfreitag S\u00fcdrunde"},"content":{"rendered":"<span class=\"span-reading-time rt-reading-time\" style=\"display: block;\"><span class=\"rt-label rt-prefix\">Lesezeit: <\/span> <span class=\"rt-time\"> &lt; 1<\/span> <span class=\"rt-label rt-postfix\">Minute<\/span><\/span><p>Marcin hat zu dieser Tour geladen und p\u00fcnktlich um 11 Uhr standen 14 Radler und 2 Radlerinnen am S-Bhf. Neuk\u00f6lln um auf diese sch\u00f6ne S\u00fcdrunde zu gehen.<\/p>\n<p>Die ersten Kilometer wurden recht moderat abgespult und es gab keine Tempoversch\u00e4rfungen. Aufgrund der Gr\u00f6\u00dfe der Gruppe fuhr ich auch nicht viel im Wind, sondern nutze die Zeit in der herrlichen Fr\u00fchlingssonne f\u00fcr das ein oder andere Pl\u00e4uschchen mit mir bekannten Mitfahrern.<\/p>\n<p>So wurden Kilometer f\u00fcr Kilometer abgespult und es bildeten sich immer wieder Ausrei\u00dfergruppen bei denen ich auch immer wieder mitackerte. Sehr spa\u00dfig.<\/p>\n<p>Zur\u00fcck ging es \u00fcber bekannte Wege, vorbei am Motzener See und an der Gro\u00dfbaustelle BBI-International nach Neuk\u00f6lln, wo sich die Gruppe trennte.<\/p>\n<p>Ich nutzte das sch\u00f6ne Wetter und fuhr mit dem Rad nach Hause, \u00fcber Bhf. Zoo, vorbei an B\u00e4cker Thoben, der zum Gl\u00fcck am Karfreitag ge\u00f6ffnet hatte.<\/p>\n<p>Eine sch\u00f6ne Tour, freu mich schon auf das restliche Rennrad-Osterwochenende!<\/p>\n<div class=\"tiled-gallery type-rectangular tiled-gallery-unresized\" data-original-width=\"525\" data-carousel-extra='{&quot;blog_id&quot;:1,&quot;permalink&quot;:&quot;https:\\\/\\\/blog.kunstgriff.net\\\/?p=1135&quot;,&quot;likes_blog_id&quot;:127394879}' itemscope itemtype=\"http:\/\/schema.org\/ImageGallery\" > <div class=\"gallery-row\" style=\"width: 525px; height: 198px;\" data-original-width=\"525\" data-original-height=\"198\" > <div class=\"gallery-group images-1\" style=\"width: 263px; height: 198px;\" data-original-width=\"263\" data-original-height=\"198\" > <div class=\"tiled-gallery-item tiled-gallery-item-large\" itemprop=\"associatedMedia\" itemscope itemtype=\"http:\/\/schema.org\/ImageObject\"> <a href=\"https:\/\/i0.wp.com\/blog.kunstgriff.net\/wp-content\/uploads\/2010\/04\/DSC06123.jpg?ssl=1\" border=\"0\" itemprop=\"url\"> <meta itemprop=\"width\" content=\"259\"> <meta itemprop=\"height\" content=\"194\"> <img decoding=\"async\" class=\"\" data-attachment-id=\"1137\" data-orig-file=\"https:\/\/blog.kunstgriff.net\/wp-content\/uploads\/2010\/04\/DSC06123.jpg\" data-orig-size=\"640,480\" data-comments-opened=\"1\" data-image-meta=\"{&quot;aperture&quot;:&quot;0&quot;,&quot;credit&quot;:&quot;&quot;,&quot;camera&quot;:&quot;&quot;,&quot;caption&quot;:&quot;&quot;,&quot;created_timestamp&quot;:&quot;0&quot;,&quot;copyright&quot;:&quot;&quot;,&quot;focal_length&quot;:&quot;0&quot;,&quot;iso&quot;:&quot;0&quot;,&quot;shutter_speed&quot;:&quot;0&quot;,&quot;title&quot;:&quot;&quot;}\" data-image-title=\"DSC06123\" data-image-description=\"\" data-medium-file=\"https:\/\/i0.wp.com\/blog.kunstgriff.net\/wp-content\/uploads\/2010\/04\/DSC06123.jpg?fit=300%2C225&#038;ssl=1\" data-large-file=\"https:\/\/i0.wp.com\/blog.kunstgriff.net\/wp-content\/uploads\/2010\/04\/DSC06123.jpg?fit=640%2C480&#038;ssl=1\" src=\"https:\/\/i0.wp.com\/blog.kunstgriff.net\/wp-content\/uploads\/2010\/04\/DSC06123.jpg?w=259&#038;h=194&#038;ssl=1\" srcset=\"https:\/\/i0.wp.com\/blog.kunstgriff.net\/wp-content\/uploads\/2010\/04\/DSC06123.jpg?w=640&amp;ssl=1 640w, https:\/\/i0.wp.com\/blog.kunstgriff.net\/wp-content\/uploads\/2010\/04\/DSC06123.jpg?resize=300%2C225&amp;ssl=1 300w\" width=\"259\" height=\"194\" loading=\"lazy\" data-original-width=\"259\" data-original-height=\"194\" itemprop=\"http:\/\/schema.org\/image\" title=\"DSC06123\" alt=\"DSC06123\" style=\"width: 259px; height: 194px;\" \/> <\/a> <\/div> <\/div> <!-- close group --> <div class=\"gallery-group images-1\" style=\"width: 262px; height: 198px;\" data-original-width=\"262\" data-original-height=\"198\" > <div class=\"tiled-gallery-item tiled-gallery-item-large\" itemprop=\"associatedMedia\" itemscope itemtype=\"http:\/\/schema.org\/ImageObject\"> <a href=\"https:\/\/i0.wp.com\/blog.kunstgriff.net\/wp-content\/uploads\/2010\/04\/DSC06124.jpg?ssl=1\" border=\"0\" itemprop=\"url\"> <meta itemprop=\"width\" content=\"258\"> <meta itemprop=\"height\" content=\"194\"> <img decoding=\"async\" class=\"\" data-attachment-id=\"1138\" data-orig-file=\"https:\/\/blog.kunstgriff.net\/wp-content\/uploads\/2010\/04\/DSC06124.jpg\" data-orig-size=\"640,480\" data-comments-opened=\"1\" data-image-meta=\"{&quot;aperture&quot;:&quot;0&quot;,&quot;credit&quot;:&quot;&quot;,&quot;camera&quot;:&quot;&quot;,&quot;caption&quot;:&quot;&quot;,&quot;created_timestamp&quot;:&quot;0&quot;,&quot;copyright&quot;:&quot;&quot;,&quot;focal_length&quot;:&quot;0&quot;,&quot;iso&quot;:&quot;0&quot;,&quot;shutter_speed&quot;:&quot;0&quot;,&quot;title&quot;:&quot;&quot;}\" data-image-title=\"DSC06124\" data-image-description=\"\" data-medium-file=\"https:\/\/i0.wp.com\/blog.kunstgriff.net\/wp-content\/uploads\/2010\/04\/DSC06124.jpg?fit=300%2C225&#038;ssl=1\" data-large-file=\"https:\/\/i0.wp.com\/blog.kunstgriff.net\/wp-content\/uploads\/2010\/04\/DSC06124.jpg?fit=640%2C480&#038;ssl=1\" src=\"https:\/\/i0.wp.com\/blog.kunstgriff.net\/wp-content\/uploads\/2010\/04\/DSC06124.jpg?w=258&#038;h=194&#038;ssl=1\" srcset=\"https:\/\/i0.wp.com\/blog.kunstgriff.net\/wp-content\/uploads\/2010\/04\/DSC06124.jpg?w=640&amp;ssl=1 640w, https:\/\/i0.wp.com\/blog.kunstgriff.net\/wp-content\/uploads\/2010\/04\/DSC06124.jpg?resize=300%2C225&amp;ssl=1 300w\" width=\"258\" height=\"194\" loading=\"lazy\" data-original-width=\"258\" data-original-height=\"194\" itemprop=\"http:\/\/schema.org\/image\" title=\"DSC06124\" alt=\"DSC06124\" style=\"width: 258px; height: 194px;\" \/> <\/a> <\/div> <\/div> <!-- close group --> <\/div> <!-- close row --> <\/div>\n<p><iframe height='405' width='590' frameborder='0' allowtransparency='true' scrolling='no' src='https:\/\/www.strava.com\/activities\/698643300\/embed\/4f4e1c6901694edf0d34cacb20c77ae80386ee31'><\/iframe><\/p>\n","protected":false},"excerpt":{"rendered":"<p>Marcin hat zu dieser Tour geladen und p\u00fcnktlich um 11 Uhr standen 14 Radler und 2 Radlerinnen am S-Bhf. Neuk\u00f6lln um auf diese sch\u00f6ne S\u00fcdrunde zu gehen. Die ersten Kilometer wurden recht moderat abgespult und es gab keine Tempoversch\u00e4rfungen. Aufgrund der Gr\u00f6\u00dfe der Gruppe fuhr ich auch nicht viel im Wind, sondern nutze die Zeit &hellip; <\/p>\n<p class=\"link-more\"><a href=\"https:\/\/blog.kunstgriff.net\/?p=1135\" class=\"more-link\"><span class=\"screen-reader-text\">\u201eKarfreitag S\u00fcdrunde\u201c <\/span>weiterlesen<\/a><\/p>\n","protected":false},"author":2,"featured_media":1137,"comment_status":"open","ping_status":"open","sticky":false,"template":"","format":"standard","meta":{"jetpack_post_was_ever_published":false,"_jetpack_newsletter_access":"","_jetpack_dont_email_post_to_subs":false,"_jetpack_newsletter_tier_id":0,"_jetpack_memberships_contains_paywalled_content":false,"_jetpack_memberships_contains_paid_content":false,"footnotes":""},"categories":[14,7],"tags":[],"class_list":["post-1135","post","type-post","status-publish","format-standard","has-post-thumbnail","hentry","category-radfahren","category-rennradfahren"],"jetpack_featured_media_url":"https:\/\/i0.wp.com\/blog.kunstgriff.net\/wp-content\/uploads\/2010\/04\/DSC06123.jpg?fit=640%2C480&ssl=1","jetpack_shortlink":"https:\/\/wp.me\/p8Cxe7-ij","jetpack-related-posts":[{"id":3698,"url":"https:\/\/blog.kunstgriff.net\/?p=3698","url_meta":{"origin":1135,"position":0},"title":"In die Rauener-Berge","author":"Georg","date":"Februar 26, 2011","format":false,"excerpt":"oder \"Winterausfahrt mit der Rennradliste\" Heute sollte mich meine Rennradbegeisterung mal wieder an den S-Bhf. Neuk\u00f6lln verschlagen, denn Ralf H. von der Rennradliste.de hatte zu einer gemeinsamen Ausfahrt gerufen. Als ich um 10 vor 10 aus der relativ warmen U-Bahn am Treffpunkt ankam, war noch niemand dort. Schnell kamen aber\u2026","rel":"","context":"In &quot;Radfahren&quot;","block_context":{"text":"Radfahren","link":"https:\/\/blog.kunstgriff.net\/?cat=14"},"img":{"alt_text":"","src":"https:\/\/i0.wp.com\/blog.kunstgriff.net\/wp-content\/uploads\/2011\/02\/100_0435.jpg?fit=640%2C426&ssl=1&resize=350%2C200","width":350,"height":200,"srcset":"https:\/\/i0.wp.com\/blog.kunstgriff.net\/wp-content\/uploads\/2011\/02\/100_0435.jpg?fit=640%2C426&ssl=1&resize=350%2C200 1x, https:\/\/i0.wp.com\/blog.kunstgriff.net\/wp-content\/uploads\/2011\/02\/100_0435.jpg?fit=640%2C426&ssl=1&resize=525%2C300 1.5x"},"classes":[]},{"id":6071,"url":"https:\/\/blog.kunstgriff.net\/?p=6071","url_meta":{"origin":1135,"position":1},"title":"7. Prenzlauer H\u00fcgelmarathon 2011","author":"Georg","date":"Oktober 1, 2011","format":false,"excerpt":"oder \"H\u00fcgel & Sonnenschein - die F\u00fcnfte\" Das fr\u00fche Aufstehen war ich schon vom letzten Samstag gewohnt und musste nicht einmal die zweite Weckzeit meines Weckers neu programmieren, denn sie stand noch auf der uns\u00e4glichen Zeit von 4:45 Uhr. Die bekannte Routine wurde abgespult, sodass mein Rad und ich p\u00fcnktlich\u2026","rel":"","context":"In &quot;Radfahren&quot;","block_context":{"text":"Radfahren","link":"https:\/\/blog.kunstgriff.net\/?cat=14"},"img":{"alt_text":"","src":"https:\/\/i0.wp.com\/blog.kunstgriff.net\/wp-content\/uploads\/2011\/10\/Notorisches-Gruppenfoto-vor-dem-Start-300x225.jpg?resize=350%2C200","width":350,"height":200},"classes":[]},{"id":9795,"url":"https:\/\/blog.kunstgriff.net\/?p=9795","url_meta":{"origin":1135,"position":2},"title":"1. B\u00e4ckerrunde nach Fehrbellin 2013","author":"Georg","date":"M\u00e4rz 3, 2013","format":false,"excerpt":"oder \u00bbFr\u00fchjahrsklassiker\u00abHeute war es endlich wieder soweit: Die erste Rennrad-Runde in 2013. Zumindest f\u00fcr mich. Die Meisten meiner Kettenbr\u00fcder hatten schon einigen Stra\u00dfen-Kilometer in den Beinen, aber bei mir ist Anfang M\u00e4rz der perfekte Augenblick, wieder mit dem Radeln auf der Stra\u00dfe zu beginnen. So war das auch schon im\u2026","rel":"","context":"In &quot;Radfahren&quot;","block_context":{"text":"Radfahren","link":"https:\/\/blog.kunstgriff.net\/?cat=14"},"img":{"alt_text":"","src":"https:\/\/i0.wp.com\/blog.kunstgriff.net\/wp-content\/uploads\/2013\/03\/Verabschiedung-in-Fehlefanz.jpg?fit=1000%2C750&ssl=1&resize=350%2C200","width":350,"height":200,"srcset":"https:\/\/i0.wp.com\/blog.kunstgriff.net\/wp-content\/uploads\/2013\/03\/Verabschiedung-in-Fehlefanz.jpg?fit=1000%2C750&ssl=1&resize=350%2C200 1x, https:\/\/i0.wp.com\/blog.kunstgriff.net\/wp-content\/uploads\/2013\/03\/Verabschiedung-in-Fehlefanz.jpg?fit=1000%2C750&ssl=1&resize=525%2C300 1.5x, https:\/\/i0.wp.com\/blog.kunstgriff.net\/wp-content\/uploads\/2013\/03\/Verabschiedung-in-Fehlefanz.jpg?fit=1000%2C750&ssl=1&resize=700%2C400 2x"},"classes":[]},{"id":1100,"url":"https:\/\/blog.kunstgriff.net\/?p=1100","url_meta":{"origin":1135,"position":3},"title":"\u00bbLaktatrunde\u00ab &#8211; Freitag zum Feierabend","author":"Georg","date":"M\u00e4rz 26, 2010","format":false,"excerpt":"Das war ja mal eine spannende Runde heute: Wir trafen uns zu Acht am S-Bhf. Neuk\u00f6lln, bei herrlichem Fr\u00fchlingswetter und ca. 20\u00b0C. Um an diesen Startpunkt zu kommen musste ich allerdings erst 39 Minuten mit der U-Bahn durch halb Berlin gondeln, was zur Feierabendzeit kein Vergn\u00fcgen ist. Ein Kontrolleur ermahnte\u2026","rel":"","context":"In &quot;Radfahren&quot;","block_context":{"text":"Radfahren","link":"https:\/\/blog.kunstgriff.net\/?cat=14"},"img":{"alt_text":"","src":"","width":0,"height":0},"classes":[]},{"id":23518,"url":"https:\/\/blog.kunstgriff.net\/?p=23518","url_meta":{"origin":1135,"position":4},"title":"Mallorca 2024","author":"Georg","date":"April 29, 2024","format":false,"excerpt":"oder bestes Training\u2122\u00a0kann Mallorca 2023 noch verbessert werden? Nun ist es gut ein Jahr her, da\u00df hier der letzte Eintrag abgesetzt wurde. Einige Trainingskilometer ohne ausf\u00fchrliche Dokumentation wurden abgespult. Es war ein sehr durchwachsenes Sportjahr. Manchmal fehlte mir die Motivation was zu sporteln, manchmal waren meine anderen Hobbys oder Freundschaften\u2026","rel":"","context":"In &quot;Cake-Ride&quot;","block_context":{"text":"Cake-Ride","link":"https:\/\/blog.kunstgriff.net\/?cat=34"},"img":{"alt_text":"Posen mit Unterlenker","src":"https:\/\/i0.wp.com\/blog.kunstgriff.net\/wp-content\/uploads\/2024\/04\/Posen-mit-Unterlenker-scaled.jpeg?fit=1200%2C900&ssl=1&resize=350%2C200","width":350,"height":200,"srcset":"https:\/\/i0.wp.com\/blog.kunstgriff.net\/wp-content\/uploads\/2024\/04\/Posen-mit-Unterlenker-scaled.jpeg?fit=1200%2C900&ssl=1&resize=350%2C200 1x, https:\/\/i0.wp.com\/blog.kunstgriff.net\/wp-content\/uploads\/2024\/04\/Posen-mit-Unterlenker-scaled.jpeg?fit=1200%2C900&ssl=1&resize=525%2C300 1.5x, https:\/\/i0.wp.com\/blog.kunstgriff.net\/wp-content\/uploads\/2024\/04\/Posen-mit-Unterlenker-scaled.jpeg?fit=1200%2C900&ssl=1&resize=700%2C400 2x, https:\/\/i0.wp.com\/blog.kunstgriff.net\/wp-content\/uploads\/2024\/04\/Posen-mit-Unterlenker-scaled.jpeg?fit=1200%2C900&ssl=1&resize=1050%2C600 3x"},"classes":[]},{"id":1143,"url":"https:\/\/blog.kunstgriff.net\/?p=1143","url_meta":{"origin":1135,"position":5},"title":"\u00bb10-Uhr-Gruppe\u00ab am Oster-Samstag","author":"Georg","date":"April 3, 2010","format":false,"excerpt":"Heute wollte ich es das Erste mal in diesem Jahr wagen mit der \u00bb10-Uhr-Gruppe\u00ab eine flotte Runde zu fahren. So startet ich um kurz nach halb 10 um p\u00fcnktlich am Auerbachtunnel zu sein. Ich war der Erste um f\u00fcnf vor 10 dort und machte mir Sorgen ob die Runde heute\u2026","rel":"","context":"In &quot;Radfahren&quot;","block_context":{"text":"Radfahren","link":"https:\/\/blog.kunstgriff.net\/?cat=14"},"img":{"alt_text":"","src":"","width":0,"height":0},"classes":[]}],"jetpack_likes_enabled":true,"jetpack_sharing_enabled":true,"_links":{"self":[{"href":"https:\/\/blog.kunstgriff.net\/index.php?rest_route=\/wp\/v2\/posts\/1135","targetHints":{"allow":["GET"]}}],"collection":[{"href":"https:\/\/blog.kunstgriff.net\/index.php?rest_route=\/wp\/v2\/posts"}],"about":[{"href":"https:\/\/blog.kunstgriff.net\/index.php?rest_route=\/wp\/v2\/types\/post"}],"author":[{"embeddable":true,"href":"https:\/\/blog.kunstgriff.net\/index.php?rest_route=\/wp\/v2\/users\/2"}],"replies":[{"embeddable":true,"href":"https:\/\/blog.kunstgriff.net\/index.php?rest_route=%2Fwp%2Fv2%2Fcomments&post=1135"}],"version-history":[{"count":0,"href":"https:\/\/blog.kunstgriff.net\/index.php?rest_route=\/wp\/v2\/posts\/1135\/revisions"}],"wp:featuredmedia":[{"embeddable":true,"href":"https:\/\/blog.kunstgriff.net\/index.php?rest_route=\/wp\/v2\/media\/1137"}],"wp:attachment":[{"href":"https:\/\/blog.kunstgriff.net\/index.php?rest_route=%2Fwp%2Fv2%2Fmedia&parent=1135"}],"wp:term":[{"taxonomy":"category","embeddable":true,"href":"https:\/\/blog.kunstgriff.net\/index.php?rest_route=%2Fwp%2Fv2%2Fcategories&post=1135"},{"taxonomy":"post_tag","embeddable":true,"href":"https:\/\/blog.kunstgriff.net\/index.php?rest_route=%2Fwp%2Fv2%2Ftags&post=1135"}],"curies":[{"name":"wp","href":"https:\/\/api.w.org\/{rel}","templated":true}]}}