{"id":1149,"date":"2010-04-05T20:04:15","date_gmt":"2010-04-05T19:04:15","guid":{"rendered":"http:\/\/blog.kunstgriff.net\/?p=1149"},"modified":"2017-06-14T17:11:42","modified_gmt":"2017-06-14T15:11:42","slug":"nordrunde-ostermontag","status":"publish","type":"post","link":"https:\/\/blog.kunstgriff.net\/?p=1149","title":{"rendered":"Nordrunde &#8211; Ostermontag"},"content":{"rendered":"<span class=\"span-reading-time rt-reading-time\" style=\"display: block;\"><span class=\"rt-label rt-prefix\">Lesezeit: <\/span> <span class=\"rt-time\"> 2<\/span> <span class=\"rt-label rt-postfix\">Minuten<\/span><\/span><p>Matthias aka <em>\u00bbOldboy\u00ab<\/em> hatte schon am Karfreitag zu dieser sch\u00f6nen Nordrunde geladen, und da ich dieses Jahr noch nicht im Nord-Osten unterwegs war, freute ich mich auch die Strecke auf teils bekannten und unbekannten Wegen.<\/p>\n<p>Nach 15 km durch Tegel und Waidmannslust <em>Anreise<\/em> mit dem Rennrad trafen wir uns unter einem gro\u00dfen Reetdachh\u00e4uschen in Frohnau an der B96. Da ein Mitfahrer nicht p\u00fcnklich war passierten uns noch Vereinskameraden auf Ihren Rennern, welche auf einer Permanenten unterwegs waren.<\/p>\n<p>Mit 20 min\u00fctiger Versp\u00e4tung konnte es dann endlich los gehen und wir brachen zu Neunt in Zweierreihe Richtung Bernau auf. Ich freute mich sehr, viele bekannter Gesichter, teilweise zum Ersten mal in diesem Jahr,  wieder zu sehen. Mit dabei waren: Andi S., Matthias M., Eri<span style=\"text-decoration: line-through;\">ch<\/span>k, Wolfgang, Oliver N., Sven F., Mike. und ein neues Gesicht, der Jan.<\/p>\n<p>Es wurde die ersten 30 Kilometer recht moderat gefahren, dann aber das Tempo forciert und wir erreichten auch heftige Gegenwind-Passagen, die das Tempo reduzierten und K\u00f6rner kosteten. In Liebenwalde wurde Rast gemacht und Kaffee, Hei\u00dfe Schokolade und Cappuchino getrunken. Sven F. verabschiedete sich leider von uns und fuhr alleine zur\u00fcck nach Pankow. F\u00fcr uns ging es weiter gen Norden auf einem sehr sch\u00f6nen Radweg entlang des Vo\u00dfkanals nach Zehdenick und dann zur\u00fcck nach Liebenwalde. Von dort ging es auf bekannten \u00bbFeierabendrunden\u00ab-Wegen zur\u00fcck Richtung Hauptstadt. Es wurde noch einmal richtig Tempo gebolzt und wir hatten ordentlich Spass mit dem Speed und dem glatten Asphalt bis wir den Summter See ereichten. M\u00fchlenbeck und Glienicke wurden passiert und in Waidmannslust trennten sich Andi&#8217;s und mein Weg.<\/p>\n<p>Die Tour-Strecke war sehr sch\u00f6n von Matthias geplant und die Gruppe hat sehr gut harmoniert. Mir hat es gro\u00dfen Spass bereitet auch in und um Berlin mal wieder mit meinem Grundschul-Kameraden Andi Rennrad zu fahren. Das ist letztes Jahr viel zu kurz gekommen und ich hoffe auf viele weitere Ausfahrten mit ihm!<\/p>\n<p><iframe height='405' width='590' frameborder='0' allowtransparency='true' scrolling='no' src='https:\/\/www.strava.com\/activities\/698643295\/embed\/3f03706e5616617d3f2e96ea54ff2ba2834c57d7'><\/iframe><\/p>\n","protected":false},"excerpt":{"rendered":"<p>Matthias aka \u00bbOldboy\u00ab hatte schon am Karfreitag zu dieser sch\u00f6nen Nordrunde geladen, und da ich dieses Jahr noch nicht im Nord-Osten unterwegs war, freute ich mich auch die Strecke auf teils bekannten und unbekannten Wegen. Nach 15 km durch Tegel und Waidmannslust Anreise mit dem Rennrad trafen wir uns unter einem gro\u00dfen Reetdachh\u00e4uschen in Frohnau &hellip; <\/p>\n<p class=\"link-more\"><a href=\"https:\/\/blog.kunstgriff.net\/?p=1149\" class=\"more-link\"><span class=\"screen-reader-text\">\u201eNordrunde &#8211; Ostermontag\u201c <\/span>weiterlesen<\/a><\/p>\n","protected":false},"author":2,"featured_media":0,"comment_status":"open","ping_status":"open","sticky":false,"template":"","format":"standard","meta":{"jetpack_post_was_ever_published":false,"_jetpack_newsletter_access":"","_jetpack_dont_email_post_to_subs":false,"_jetpack_newsletter_tier_id":0,"_jetpack_memberships_contains_paywalled_content":false,"_jetpack_memberships_contains_paid_content":false,"footnotes":""},"categories":[14,7],"tags":[],"class_list":["post-1149","post","type-post","status-publish","format-standard","hentry","category-radfahren","category-rennradfahren"],"jetpack_featured_media_url":"","jetpack_shortlink":"https:\/\/wp.me\/p8Cxe7-ix","jetpack-related-posts":[{"id":6104,"url":"https:\/\/blog.kunstgriff.net\/?p=6104","url_meta":{"origin":1149,"position":0},"title":"Niederfinow-Frau K\u00fchn-Tour","author":"Georg","date":"Oktober 2, 2011","format":false,"excerpt":"oder \u00bbSonnen-Runde zu dritt\u00ab Der letzte Besuch bei Frau K\u00fchn lag \u00fcber ein Jahr zur\u00fcck und so musste Niederfinow heute unbedingt angesteuert werden. Die Vorfreude auf Eierkuchen in der Sonne auf der Terasse an der Schleusentreppe war gross und so machte wir uns zu dritt auf den Weg. Viele Sektoren\u2026","rel":"","context":"In &quot;Radfahren&quot;","block_context":{"text":"Radfahren","link":"https:\/\/blog.kunstgriff.net\/?cat=14"},"img":{"alt_text":"","src":"https:\/\/i0.wp.com\/blog.kunstgriff.net\/wp-content\/uploads\/2011\/10\/Warten-auf-die-Schiffshebung-am-Schiffshebewerk-Niederfinow-300x225.jpg?resize=350%2C200","width":350,"height":200},"classes":[]},{"id":22181,"url":"https:\/\/blog.kunstgriff.net\/?p=22181","url_meta":{"origin":1149,"position":1},"title":"Kurze Nordrunde \u00fcber Kremmen #1","author":"Georg","date":"Mai 11, 2021","format":false,"excerpt":"der Versuch, die NP zu erh\u00f6hen Eigentlich ist gerade Friedensfahrt-Woche. Also die Woche um Himmelfahrt herum in der immer unsere \u00f6stlichen Nachbarl\u00e4nder unter die R\u00e4der genommen werden. Diese wundersch\u00f6ne Veranstaltung f\u00e4llt nun schon zum zweiten mal COVID-bedingt aus. Deshalb habe ich in dieser Woche auch Urlaub und Zeit, meinen Renner\u2026","rel":"","context":"In &quot;Radfahren&quot;","block_context":{"text":"Radfahren","link":"https:\/\/blog.kunstgriff.net\/?cat=14"},"img":{"alt_text":"Havellandradweg","src":"https:\/\/i0.wp.com\/blog.kunstgriff.net\/wp-content\/uploads\/2021\/05\/Havellandradweg.jpg?fit=1200%2C800&ssl=1&resize=350%2C200","width":350,"height":200,"srcset":"https:\/\/i0.wp.com\/blog.kunstgriff.net\/wp-content\/uploads\/2021\/05\/Havellandradweg.jpg?fit=1200%2C800&ssl=1&resize=350%2C200 1x, https:\/\/i0.wp.com\/blog.kunstgriff.net\/wp-content\/uploads\/2021\/05\/Havellandradweg.jpg?fit=1200%2C800&ssl=1&resize=525%2C300 1.5x, https:\/\/i0.wp.com\/blog.kunstgriff.net\/wp-content\/uploads\/2021\/05\/Havellandradweg.jpg?fit=1200%2C800&ssl=1&resize=700%2C400 2x, https:\/\/i0.wp.com\/blog.kunstgriff.net\/wp-content\/uploads\/2021\/05\/Havellandradweg.jpg?fit=1200%2C800&ssl=1&resize=1050%2C600 3x"},"classes":[]},{"id":11717,"url":"https:\/\/blog.kunstgriff.net\/?p=11717","url_meta":{"origin":1149,"position":2},"title":"Werbellinsee-Runde","author":"Georg","date":"April 20, 2014","format":false,"excerpt":"oder \u00bb4-Mann \u2013 ein Ziel\u00abNach dem Aufstehen war ich mir noch nicht dar\u00fcber im Klaren, wo heute gefahren werden w\u00fcrde. Das gefahren wird war klar wie Klo\u00dfbr\u00fche. Zwei Touren im S\u00fcden und eine im Norden \u2013 um den Werbellinsee. Dort war ich schon lange nicht mehr unterwegs gewesen und auch\u2026","rel":"","context":"In &quot;Radfahren&quot;","block_context":{"text":"Radfahren","link":"https:\/\/blog.kunstgriff.net\/?cat=14"},"img":{"alt_text":"","src":"https:\/\/i0.wp.com\/blog.kunstgriff.net\/wp-content\/uploads\/2014\/04\/Herrliche-W%C3%A4lder.jpg?fit=1200%2C900&ssl=1&resize=350%2C200","width":350,"height":200,"srcset":"https:\/\/i0.wp.com\/blog.kunstgriff.net\/wp-content\/uploads\/2014\/04\/Herrliche-W%C3%A4lder.jpg?fit=1200%2C900&ssl=1&resize=350%2C200 1x, https:\/\/i0.wp.com\/blog.kunstgriff.net\/wp-content\/uploads\/2014\/04\/Herrliche-W%C3%A4lder.jpg?fit=1200%2C900&ssl=1&resize=525%2C300 1.5x, https:\/\/i0.wp.com\/blog.kunstgriff.net\/wp-content\/uploads\/2014\/04\/Herrliche-W%C3%A4lder.jpg?fit=1200%2C900&ssl=1&resize=700%2C400 2x, https:\/\/i0.wp.com\/blog.kunstgriff.net\/wp-content\/uploads\/2014\/04\/Herrliche-W%C3%A4lder.jpg?fit=1200%2C900&ssl=1&resize=1050%2C600 3x"},"classes":[]},{"id":15346,"url":"https:\/\/blog.kunstgriff.net\/?p=15346","url_meta":{"origin":1149,"position":3},"title":"Kurze Nordrunde \u00fcber Kremmen","author":"Georg","date":"M\u00e4rz 27, 2017","format":false,"excerpt":"oder \u00bbSchweinehund, was machst Du?\u00ab Eigentlich stand ja fest auf dem Plan, dass ich heute fahren wollte; ach was schreibe ich: Geplant war schon gestern zu fahren. Aber die angebotenen Runden waren mir zu lang und draussen waren trotz Sonnenscheins einstellige Temperaturen. Keine Lust. Prokrastinieren war Programm, nicht Radfahren. Als\u2026","rel":"","context":"In &quot;Radfahren&quot;","block_context":{"text":"Radfahren","link":"https:\/\/blog.kunstgriff.net\/?cat=14"},"img":{"alt_text":"","src":"https:\/\/i0.wp.com\/blog.kunstgriff.net\/wp-content\/uploads\/2017\/03\/Riegel-Pause.jpg?fit=1200%2C800&ssl=1&resize=350%2C200","width":350,"height":200,"srcset":"https:\/\/i0.wp.com\/blog.kunstgriff.net\/wp-content\/uploads\/2017\/03\/Riegel-Pause.jpg?fit=1200%2C800&ssl=1&resize=350%2C200 1x, https:\/\/i0.wp.com\/blog.kunstgriff.net\/wp-content\/uploads\/2017\/03\/Riegel-Pause.jpg?fit=1200%2C800&ssl=1&resize=525%2C300 1.5x, https:\/\/i0.wp.com\/blog.kunstgriff.net\/wp-content\/uploads\/2017\/03\/Riegel-Pause.jpg?fit=1200%2C800&ssl=1&resize=700%2C400 2x, https:\/\/i0.wp.com\/blog.kunstgriff.net\/wp-content\/uploads\/2017\/03\/Riegel-Pause.jpg?fit=1200%2C800&ssl=1&resize=1050%2C600 3x"},"classes":[]},{"id":982,"url":"https:\/\/blog.kunstgriff.net\/?p=982","url_meta":{"origin":1149,"position":4},"title":"Trainingslager Mallorca 5. Tag &#8211; Laufen mit den Eisenm\u00e4nnern","author":"Georg","date":"M\u00e4rz 10, 2010","format":false,"excerpt":"Ein Blick aus dem Fenster um 7:30 Uhr lie\u00df nichts gutes erahnen: Der Fu\u00dfweg vor meinem Balkon war nass und die Berge hinter dem Naturschutzgebiet waren nicht zu sehen, so verhangen war es. W\u00e4hrend des Fr\u00fchst\u00fccks begann es dann auch noch mit gro\u00dfen Flocken zu schneien. Das Hotelpersonal fotografierte am\u00fcsiert\u2026","rel":"","context":"In &quot;Laufen&quot;","block_context":{"text":"Laufen","link":"https:\/\/blog.kunstgriff.net\/?cat=10"},"img":{"alt_text":"","src":"","width":0,"height":0},"classes":[]},{"id":15036,"url":"https:\/\/blog.kunstgriff.net\/?p=15036","url_meta":{"origin":1149,"position":5},"title":"Pankow- > Usedom 2016 v2","author":"Georg","date":"September 10, 2016","format":false,"excerpt":"oder \u00bbAb an die K\u00fcste\u00ab Als mich Mitte der Woche die Nachfrage von Alex erreichte, ob ich zum Saisonabschluss mal wieder nach Usedom mitwolle, hielt sich meine Begeisterung in Grenzen. Zum Ende der Arbeitswoche festigte sich aber der Plan, die sch\u00f6ne Strecke mal wieder mit zu rollen. Vor gut 4\u2026","rel":"","context":"In &quot;200er&quot;","block_context":{"text":"200er","link":"https:\/\/blog.kunstgriff.net\/?cat=48"},"img":{"alt_text":"","src":"https:\/\/i0.wp.com\/blog.kunstgriff.net\/wp-content\/uploads\/2016\/09\/Geschafft-in-Ueckeritz.jpg?fit=1200%2C800&ssl=1&resize=350%2C200","width":350,"height":200,"srcset":"https:\/\/i0.wp.com\/blog.kunstgriff.net\/wp-content\/uploads\/2016\/09\/Geschafft-in-Ueckeritz.jpg?fit=1200%2C800&ssl=1&resize=350%2C200 1x, https:\/\/i0.wp.com\/blog.kunstgriff.net\/wp-content\/uploads\/2016\/09\/Geschafft-in-Ueckeritz.jpg?fit=1200%2C800&ssl=1&resize=525%2C300 1.5x, https:\/\/i0.wp.com\/blog.kunstgriff.net\/wp-content\/uploads\/2016\/09\/Geschafft-in-Ueckeritz.jpg?fit=1200%2C800&ssl=1&resize=700%2C400 2x, https:\/\/i0.wp.com\/blog.kunstgriff.net\/wp-content\/uploads\/2016\/09\/Geschafft-in-Ueckeritz.jpg?fit=1200%2C800&ssl=1&resize=1050%2C600 3x"},"classes":[]}],"jetpack_likes_enabled":true,"jetpack_sharing_enabled":true,"_links":{"self":[{"href":"https:\/\/blog.kunstgriff.net\/index.php?rest_route=\/wp\/v2\/posts\/1149","targetHints":{"allow":["GET"]}}],"collection":[{"href":"https:\/\/blog.kunstgriff.net\/index.php?rest_route=\/wp\/v2\/posts"}],"about":[{"href":"https:\/\/blog.kunstgriff.net\/index.php?rest_route=\/wp\/v2\/types\/post"}],"author":[{"embeddable":true,"href":"https:\/\/blog.kunstgriff.net\/index.php?rest_route=\/wp\/v2\/users\/2"}],"replies":[{"embeddable":true,"href":"https:\/\/blog.kunstgriff.net\/index.php?rest_route=%2Fwp%2Fv2%2Fcomments&post=1149"}],"version-history":[{"count":0,"href":"https:\/\/blog.kunstgriff.net\/index.php?rest_route=\/wp\/v2\/posts\/1149\/revisions"}],"wp:attachment":[{"href":"https:\/\/blog.kunstgriff.net\/index.php?rest_route=%2Fwp%2Fv2%2Fmedia&parent=1149"}],"wp:term":[{"taxonomy":"category","embeddable":true,"href":"https:\/\/blog.kunstgriff.net\/index.php?rest_route=%2Fwp%2Fv2%2Fcategories&post=1149"},{"taxonomy":"post_tag","embeddable":true,"href":"https:\/\/blog.kunstgriff.net\/index.php?rest_route=%2Fwp%2Fv2%2Ftags&post=1149"}],"curies":[{"name":"wp","href":"https:\/\/api.w.org\/{rel}","templated":true}]}}