{"id":1156,"date":"2010-04-07T21:45:22","date_gmt":"2010-04-07T20:45:22","guid":{"rendered":"http:\/\/blog.kunstgriff.net\/?p=1156"},"modified":"2017-06-14T17:10:43","modified_gmt":"2017-06-14T15:10:43","slug":"schwielowsee-feierabendrunde-2","status":"publish","type":"post","link":"https:\/\/blog.kunstgriff.net\/?p=1156","title":{"rendered":"Schwielowsee &#8211; Feierabendrunde"},"content":{"rendered":"<span class=\"span-reading-time rt-reading-time\" style=\"display: block;\"><span class=\"rt-label rt-prefix\">Lesezeit: <\/span> <span class=\"rt-time\"> 2<\/span> <span class=\"rt-label rt-postfix\">Minuten<\/span><\/span><p>Diese Feierabendrunde hatte ich auf den einschl\u00e4gigen Rennradlisten im InterNet angeboten und noch zus\u00e4tzlich eine email an meinen Ausfahrt-Verteiler gesandt. Ich wollte bei diesem herrlichen Fr\u00fchlingswetter, bei \u00fcber 15\u02daC und Sonnenschein, m\u00f6glichst viele Mitfahrer mobilisieren. Das sollte mir auch gelingen, denn es kamen mehr als Zehn Rennradler, davon viele bekannte Gesichter aber auch einige Neue. Da der Schnitt mit 32 angek\u00fcndigt war, entschieden einige, die &#8222;B-Gruppe&#8220; zu bilden. Sie hatten hierf\u00fcr ein Roadbook meiner Strecke ausgedruckt. So konnte nichts schiefgehen und sie konnten auch diese sch\u00f6ne Runde fahren.<\/p>\n<p>Auf der Krone schon verloren wir die B-Gruppe und so waren wir noch zu Neunt unterwegs: Andi S., Christoph R., Marcin, Heiko, Zeljo, Stephan und Zwei neue: Steffen und Marcel.<\/p>\n<p>Nun ging es z\u00fcgig raus \u00fcber Wannsee in Richtung Sch\u00e4ferberg &#8211; so z\u00fcgig das ich mich wie in der 10-Uhr-Gruppe f\u00fchlte &#8211; prima. Am Fu\u00dfe des Sch\u00e4ferberges wartete noch ein Radler der uns zurief und fragte ob wir die A- oder B-Gruppe von der Schwielowseerunde seien. Er wollte mit der B-Gruppe fahren und so ging es flott \u00fcber den Berg nach Potsdam, wo heute, wohl bedingt durch die Osterferien, recht wenig Autoverkehr war.<\/p>\n<p>Mit hohem Tempo und vielen F\u00fchrungswechseln umrundeten wir den See und erklommen den Michendorfer Berg, wo kurz P-Pause gemacht wurde. Hinter Michendorf w\u00e4hlten wir eine verkehrs\u00e4rmere Strecke \u00fcber Saarmund die uns so gut gefiel, das wir diese beim n\u00e4chsten mal wieder fahren werden.<\/p>\n<p>Am Ende der Tour gab es noch die Bergwertung am Willy, eine weitere Hatz das Postfenn hoch und die Verabschiedung an der Heerstra\u00dfe. Dort standen 33,7 km\/h als Schnitt f\u00fcr die Runde auf meinem Garmin. Die Woche davor waren es &#8222;nur&#8220; 33,0 km\/h.<\/p>\n<p>Eine sehr harmonische Feierabendrunde, es konnte immer wieder im Wind Gas gegeben werden und bei Ersch\u00f6pfung super Windschatten in der Gruppe genossen werden &#8211; so macht Rennradfahren Spass!<\/p>\n<p><em>Hoffentlich n\u00e4chste Woche wieder!<br \/>\n<\/em><\/p>\n<p><iframe height='405' width='590' frameborder='0' allowtransparency='true' scrolling='no' src='https:\/\/www.strava.com\/activities\/698643344\/embed\/82738300bf309bda78aee073699da352d848ba95'><\/iframe><\/p>\n","protected":false},"excerpt":{"rendered":"<p>Diese Feierabendrunde hatte ich auf den einschl\u00e4gigen Rennradlisten im InterNet angeboten und noch zus\u00e4tzlich eine email an meinen Ausfahrt-Verteiler gesandt. Ich wollte bei diesem herrlichen Fr\u00fchlingswetter, bei \u00fcber 15\u02daC und Sonnenschein, m\u00f6glichst viele Mitfahrer mobilisieren. Das sollte mir auch gelingen, denn es kamen mehr als Zehn Rennradler, davon viele bekannte Gesichter aber auch einige Neue. &hellip; <\/p>\n<p class=\"link-more\"><a href=\"https:\/\/blog.kunstgriff.net\/?p=1156\" class=\"more-link\"><span class=\"screen-reader-text\">\u201eSchwielowsee &#8211; Feierabendrunde\u201c <\/span>weiterlesen<\/a><\/p>\n","protected":false},"author":2,"featured_media":0,"comment_status":"open","ping_status":"open","sticky":false,"template":"","format":"standard","meta":{"jetpack_post_was_ever_published":false,"_jetpack_newsletter_access":"","_jetpack_dont_email_post_to_subs":false,"_jetpack_newsletter_tier_id":0,"_jetpack_memberships_contains_paywalled_content":false,"_jetpack_memberships_contains_paid_content":false,"footnotes":""},"categories":[14,7],"tags":[],"class_list":["post-1156","post","type-post","status-publish","format-standard","hentry","category-radfahren","category-rennradfahren"],"jetpack_featured_media_url":"","jetpack_shortlink":"https:\/\/wp.me\/p8Cxe7-iE","jetpack-related-posts":[{"id":7625,"url":"https:\/\/blog.kunstgriff.net\/?p=7625","url_meta":{"origin":1156,"position":0},"title":"Werners-Feierabendrunde","author":"Georg","date":"M\u00e4rz 28, 2012","format":false,"excerpt":"oder \u00bbOhne viel K\u00f6rner zu lassen ein paar Kilometer sammeln\u00abViele Touren waren heute nicht im Angebot und auf alleine Fahren hatte ich auch keine Lust. So entschied ich mich, bei Werners-Feierabendrunde um 16 Uhr am Auerbachtunnel zu sein. Um 16:04 dachte ich dann ich m\u00fcsse doch alleine fahren, da niemand\u2026","rel":"","context":"In &quot;Radfahren&quot;","block_context":{"text":"Radfahren","link":"https:\/\/blog.kunstgriff.net\/?cat=14"},"img":{"alt_text":"","src":"https:\/\/i0.wp.com\/blog.kunstgriff.net\/wp-content\/uploads\/2012\/03\/Ganz-im-S%C3%BCden-hinter-Siethen.jpg?resize=350%2C200","width":350,"height":200,"srcset":"https:\/\/i0.wp.com\/blog.kunstgriff.net\/wp-content\/uploads\/2012\/03\/Ganz-im-S%C3%BCden-hinter-Siethen.jpg?resize=350%2C200 1x, https:\/\/i0.wp.com\/blog.kunstgriff.net\/wp-content\/uploads\/2012\/03\/Ganz-im-S%C3%BCden-hinter-Siethen.jpg?resize=525%2C300 1.5x"},"classes":[]},{"id":4672,"url":"https:\/\/blog.kunstgriff.net\/?p=4672","url_meta":{"origin":1156,"position":1},"title":"Schwielowsee-Feierabendrunde","author":"Georg","date":"Mai 25, 2011","format":false,"excerpt":"oder \u00bbImmer wieder Mittwochs\u00abMeine email an die rennradliste und rennradgruppe im Internet hatte heute, bei dem sch\u00f6nen Wetter wieder \u00fcber 10 Radler animiert mit mir diese Feierabendrunde in Angriff zu nehmen. Eine bunte Mischung aus alt bekannten Gesichtern und auch neuen, die diese Runde wagen wollten, fanden sich um kurz\u2026","rel":"","context":"In &quot;Radfahren&quot;","block_context":{"text":"Radfahren","link":"https:\/\/blog.kunstgriff.net\/?cat=14"},"img":{"alt_text":"","src":"","width":0,"height":0},"classes":[]},{"id":1129,"url":"https:\/\/blog.kunstgriff.net\/?p=1129","url_meta":{"origin":1156,"position":2},"title":"Schwielowsee-Feierabendrunde","author":"Georg","date":"M\u00e4rz 30, 2010","format":false,"excerpt":"Schon am Sonntag, hatte ich auf der der Mailingliste von rennradtraining.de einen Tourenvorschlag f\u00fcr eine Feierabendrunde am Dienstag eingestellt. Die Bedingungen sollten ja hervorragend werden: Der w\u00e4rmste Tag der Woche, kein Regen und bedingt durch die Sommerzeitumstellung auch eine Stunde mehr Tageslicht. So kamen viele bekannte und ein unbekanntes Gesicht\u2026","rel":"","context":"In &quot;Allgemein&quot;","block_context":{"text":"Allgemein","link":"https:\/\/blog.kunstgriff.net\/?cat=1"},"img":{"alt_text":"","src":"","width":0,"height":0},"classes":[]},{"id":1183,"url":"https:\/\/blog.kunstgriff.net\/?p=1183","url_meta":{"origin":1156,"position":3},"title":"Schwielowsee \u2013 Feierabendrunde","author":"Georg","date":"April 14, 2010","format":false,"excerpt":"Der bedeckte Himmel und der Nieselregen am Nachmittag lie\u00dfen mich erst daran zweifeln, ob die heutige Feierabendrunde Spass machen wird und ob wieder Mitfahrer dabei sein werden. Meine Sorgen waren unbegr\u00fcndet und es fand sich die selbe gro\u00dfe Anzahl an Rennradlern am Treffpunkt Auerbachtunnel ein. Zwar fehlte einige wichtige Leistungstr\u00e4ger\u2026","rel":"","context":"In &quot;Rennradfahren&quot;","block_context":{"text":"Rennradfahren","link":"https:\/\/blog.kunstgriff.net\/?cat=7"},"img":{"alt_text":"","src":"","width":0,"height":0},"classes":[]},{"id":1432,"url":"https:\/\/blog.kunstgriff.net\/?p=1432","url_meta":{"origin":1156,"position":4},"title":"Feierabendrunde -> Neu Fahrland","author":"Georg","date":"Mai 28, 2010","format":false,"excerpt":"Diese Feierabendrunde heute um 18 Uhr kam mir sehr gelegen: Karin hatte zu einer moderaten relativ kurzen Ausfahrt gerufen. Genau die richtige Runde als letzte Vorbereitung vor dem Velothon am Sonntag. Auf dem Weg zum Auerbachtunnel freute ich mich Yosh zu treffen. Sie wollte ein wenig mit uns mitrollen und\u2026","rel":"","context":"In &quot;Radfahren&quot;","block_context":{"text":"Radfahren","link":"https:\/\/blog.kunstgriff.net\/?cat=14"},"img":{"alt_text":"","src":"","width":0,"height":0},"classes":[]},{"id":2111,"url":"https:\/\/blog.kunstgriff.net\/?p=2111","url_meta":{"origin":1156,"position":5},"title":"Karins Feierabendrunde","author":"Georg","date":"Juli 30, 2010","format":false,"excerpt":"oder \"Auch in der D\u00e4mmerung l\u00e4sst sich gut trainieren\"Da ich die ganze Woche nicht mit dem Rennrad gefahren bin, war Karins Tourenank\u00fcndigung bei der rennradgruppe.de genau die Richtige Einstimmung f\u00fcr ein ereignisreiches Rennradwochenende. Am Auerbachtunnel warteten um 18:23 Uhr schon einige Radler und auch bekannte Gesichter waren dabei: Stefan H.,\u2026","rel":"","context":"In &quot;Radfahren&quot;","block_context":{"text":"Radfahren","link":"https:\/\/blog.kunstgriff.net\/?cat=14"},"img":{"alt_text":"","src":"","width":0,"height":0},"classes":[]}],"jetpack_likes_enabled":true,"jetpack_sharing_enabled":true,"_links":{"self":[{"href":"https:\/\/blog.kunstgriff.net\/index.php?rest_route=\/wp\/v2\/posts\/1156","targetHints":{"allow":["GET"]}}],"collection":[{"href":"https:\/\/blog.kunstgriff.net\/index.php?rest_route=\/wp\/v2\/posts"}],"about":[{"href":"https:\/\/blog.kunstgriff.net\/index.php?rest_route=\/wp\/v2\/types\/post"}],"author":[{"embeddable":true,"href":"https:\/\/blog.kunstgriff.net\/index.php?rest_route=\/wp\/v2\/users\/2"}],"replies":[{"embeddable":true,"href":"https:\/\/blog.kunstgriff.net\/index.php?rest_route=%2Fwp%2Fv2%2Fcomments&post=1156"}],"version-history":[{"count":0,"href":"https:\/\/blog.kunstgriff.net\/index.php?rest_route=\/wp\/v2\/posts\/1156\/revisions"}],"wp:attachment":[{"href":"https:\/\/blog.kunstgriff.net\/index.php?rest_route=%2Fwp%2Fv2%2Fmedia&parent=1156"}],"wp:term":[{"taxonomy":"category","embeddable":true,"href":"https:\/\/blog.kunstgriff.net\/index.php?rest_route=%2Fwp%2Fv2%2Fcategories&post=1156"},{"taxonomy":"post_tag","embeddable":true,"href":"https:\/\/blog.kunstgriff.net\/index.php?rest_route=%2Fwp%2Fv2%2Ftags&post=1156"}],"curies":[{"name":"wp","href":"https:\/\/api.w.org\/{rel}","templated":true}]}}