{"id":11586,"date":"2014-04-02T17:00:37","date_gmt":"2014-04-02T15:00:37","guid":{"rendered":"http:\/\/blog.kunstgriff.net\/?p=11586"},"modified":"2016-08-01T19:42:34","modified_gmt":"2016-08-01T17:42:34","slug":"mallorca-trainingscamp-2014-tag-3-randa","status":"publish","type":"post","link":"https:\/\/blog.kunstgriff.net\/?p=11586","title":{"rendered":"Mallorca Trainingscamp 2014 &#8211; Tag 3 &#8211; Randa"},"content":{"rendered":"<span class=\"span-reading-time rt-reading-time\" style=\"display: block;\"><span class=\"rt-label rt-prefix\">Lesezeit: <\/span> <span class=\"rt-time\"> 2<\/span> <span class=\"rt-label rt-postfix\">Minuten<\/span><\/span><h4>oder \u00bbNur 1x wirklich hoch\u00ab<\/h4>\n<hr \/>\n<p>Heute war der dritten Trainingstag auf der Insel und nicht nur meine Beine zwackten ein wenig, sondern auch mein unterer R\u00fccken machte mir Sorgen. Die ganze Zeit Schmerzen. Laufen tat weh, aber ich war ja zum Radfahren hier.<\/p>\n<p>Radfahren klang gut, die Fahrt hoch nach Randa klang besser. So machten wir uns gut gelaunt, heute p\u00fcnktlich um 10 Uhr, auf nach S\u00fcden durchs Schilf auf den Muro-Radweg. Den leichten Gegenwind sp\u00fcrten wir kaum, da wir eine harmonische Gruppe waren die gekonnt rotierte.<\/p>\n<p><a href=\"https:\/\/i0.wp.com\/blog.kunstgriff.net\/wp-content\/uploads\/2014\/04\/Abfahrt-vor-dem-Hotel.jpg\"><img data-recalc-dims=\"1\" loading=\"lazy\" decoding=\"async\" data-attachment-id=\"11590\" data-permalink=\"https:\/\/blog.kunstgriff.net\/?attachment_id=11590\" data-orig-file=\"https:\/\/i0.wp.com\/blog.kunstgriff.net\/wp-content\/uploads\/2014\/04\/Abfahrt-vor-dem-Hotel.jpg?fit=1500%2C1125&amp;ssl=1\" data-orig-size=\"1500,1125\" data-comments-opened=\"1\" data-image-meta=\"{&quot;aperture&quot;:&quot;2.8&quot;,&quot;credit&quot;:&quot;&quot;,&quot;camera&quot;:&quot;Canon DIGITAL IXUS 870 IS&quot;,&quot;caption&quot;:&quot;&quot;,&quot;created_timestamp&quot;:&quot;1396433319&quot;,&quot;copyright&quot;:&quot;&quot;,&quot;focal_length&quot;:&quot;5&quot;,&quot;iso&quot;:&quot;80&quot;,&quot;shutter_speed&quot;:&quot;0.0015625&quot;,&quot;title&quot;:&quot;&quot;}\" data-image-title=\"Abfahrt vor dem Hotel\" data-image-description=\"\" data-image-caption=\"\" data-large-file=\"https:\/\/i0.wp.com\/blog.kunstgriff.net\/wp-content\/uploads\/2014\/04\/Abfahrt-vor-dem-Hotel.jpg?fit=1024%2C768&amp;ssl=1\" class=\"alignleft size-medium wp-image-11590\" alt=\"Abfahrt vor dem Hotel\" src=\"https:\/\/i0.wp.com\/blog.kunstgriff.net\/wp-content\/uploads\/2014\/04\/Abfahrt-vor-dem-Hotel-300x225.jpg?resize=300%2C225\" width=\"300\" height=\"225\" srcset=\"https:\/\/i0.wp.com\/blog.kunstgriff.net\/wp-content\/uploads\/2014\/04\/Abfahrt-vor-dem-Hotel.jpg?resize=300%2C225&amp;ssl=1 300w, https:\/\/i0.wp.com\/blog.kunstgriff.net\/wp-content\/uploads\/2014\/04\/Abfahrt-vor-dem-Hotel.jpg?resize=1024%2C768&amp;ssl=1 1024w, https:\/\/i0.wp.com\/blog.kunstgriff.net\/wp-content\/uploads\/2014\/04\/Abfahrt-vor-dem-Hotel.jpg?resize=400%2C300&amp;ssl=1 400w, https:\/\/i0.wp.com\/blog.kunstgriff.net\/wp-content\/uploads\/2014\/04\/Abfahrt-vor-dem-Hotel.jpg?resize=900%2C675&amp;ssl=1 900w, https:\/\/i0.wp.com\/blog.kunstgriff.net\/wp-content\/uploads\/2014\/04\/Abfahrt-vor-dem-Hotel.jpg?w=1500&amp;ssl=1 1500w\" sizes=\"auto, (max-width: 300px) 100vw, 300px\" \/><\/a>Der Weg \u00fcber Sencelles nach Algaida war dann aber sehr beschwerlich. Nicht nur die permanente leichte Steigung, auch der Gegenwind und der schlechte Fahrbahnbelag ging uns m\u00e4chtig auf den Zeiger. Im Peleton wurde rumgezickt und auf einmal recht ungleichm\u00e4\u00dfig gefahren. <em>Oh well,<\/em> man kann nicht alles haben!<\/p>\n<p>Nach einem kurzen Boxenstop wurde dann in den Berg hinein gefahren. Ich lie\u00df die Bande ziehen, zu sehr war ich mit meinen R\u00fcckenschmerzen besch\u00e4ftig, als dass ich heute versuchen w\u00fcrde, eine neue PBZ aufzustellen. Herbert war auch au\u00dfer Reichweite und so fuhr ich den Kanten mit relativ niedriger Herzfrequenz hoch. Oben angekommen gab es Einkehr mit Caf\u00e9 aber leider ohne Kuchen. Also nur die selbst geschmierten Stullen vom Fr\u00fchst\u00fccksbuffet verdr\u00fcckt und runter nach Montu\u00efri. Sch\u00f6n wellig bergab mit Schiebewind. <em>Feine Sache!<\/em><\/p>\n<p><a href=\"https:\/\/i0.wp.com\/blog.kunstgriff.net\/wp-content\/uploads\/2014\/04\/Oben-im-Caf%C3%A9-in-Randa.jpg\"><img data-recalc-dims=\"1\" loading=\"lazy\" decoding=\"async\" data-attachment-id=\"11591\" data-permalink=\"https:\/\/blog.kunstgriff.net\/?attachment_id=11591\" data-orig-file=\"https:\/\/i0.wp.com\/blog.kunstgriff.net\/wp-content\/uploads\/2014\/04\/Oben-im-Caf%C3%A9-in-Randa.jpg?fit=1500%2C1125&amp;ssl=1\" data-orig-size=\"1500,1125\" data-comments-opened=\"1\" data-image-meta=\"{&quot;aperture&quot;:&quot;2.8&quot;,&quot;credit&quot;:&quot;&quot;,&quot;camera&quot;:&quot;Canon DIGITAL IXUS 870 IS&quot;,&quot;caption&quot;:&quot;&quot;,&quot;created_timestamp&quot;:&quot;1396443959&quot;,&quot;copyright&quot;:&quot;&quot;,&quot;focal_length&quot;:&quot;5&quot;,&quot;iso&quot;:&quot;200&quot;,&quot;shutter_speed&quot;:&quot;0.016666666666667&quot;,&quot;title&quot;:&quot;&quot;}\" data-image-title=\"Oben im Caf\u00e9 in Randa\" data-image-description=\"\" data-image-caption=\"\" data-large-file=\"https:\/\/i0.wp.com\/blog.kunstgriff.net\/wp-content\/uploads\/2014\/04\/Oben-im-Caf%C3%A9-in-Randa.jpg?fit=1024%2C768&amp;ssl=1\" class=\"alignright size-medium wp-image-11591\" alt=\"Oben im Caf\u00e9 in Randa\" src=\"https:\/\/i0.wp.com\/blog.kunstgriff.net\/wp-content\/uploads\/2014\/04\/Oben-im-Caf%C3%A9-in-Randa-300x225.jpg?resize=300%2C225\" width=\"300\" height=\"225\" srcset=\"https:\/\/i0.wp.com\/blog.kunstgriff.net\/wp-content\/uploads\/2014\/04\/Oben-im-Caf%C3%A9-in-Randa.jpg?resize=300%2C225&amp;ssl=1 300w, https:\/\/i0.wp.com\/blog.kunstgriff.net\/wp-content\/uploads\/2014\/04\/Oben-im-Caf%C3%A9-in-Randa.jpg?resize=1024%2C768&amp;ssl=1 1024w, https:\/\/i0.wp.com\/blog.kunstgriff.net\/wp-content\/uploads\/2014\/04\/Oben-im-Caf%C3%A9-in-Randa.jpg?resize=400%2C300&amp;ssl=1 400w, https:\/\/i0.wp.com\/blog.kunstgriff.net\/wp-content\/uploads\/2014\/04\/Oben-im-Caf%C3%A9-in-Randa.jpg?resize=900%2C675&amp;ssl=1 900w, https:\/\/i0.wp.com\/blog.kunstgriff.net\/wp-content\/uploads\/2014\/04\/Oben-im-Caf%C3%A9-in-Randa.jpg?w=1500&amp;ssl=1 1500w\" sizes=\"auto, (max-width: 300px) 100vw, 300px\" \/><\/a>Hinter Sineu bogen Julia, Christian und Jens nach Westen ab, sie wollten noch ein paar extra H\u00f6henmeter sammeln. Den Rest der Bande zog es zur\u00fcck nach Norden zur K\u00fcste, denn in Can Picafort wollten wir noch eine Erdbeerkuchen-Einkehr einlegen.<\/p>\n<p>Der Wirt machte uns leider einen Strich durch die Rechnung, denn auch nach gef\u00fchlten Stunden an Wartezeit kam kein Kellner und so entschlossen wir uns, die Heimreise anzutreten. Auch ok, denn so waren wir fr\u00fcher zur\u00fcck im Hotel und hatten mehr Zeit zum entspannen.<\/p>\n<p>Morgen dann Ruhetag. Mal sehen ob ich meine R\u00fcckenschmerzen in den Griff bekomme.<\/p>\n<p><iframe height='405' width='590' frameborder='0' allowtransparency='true' scrolling='no' src='https:\/\/www.strava.com\/activities\/126235144\/embed\/ff36ba6f2c4ab869af250d93c10c74165cb23ab5'><\/iframe><\/p>\n","protected":false},"excerpt":{"rendered":"<p>oder \u00bbNur 1x wirklich hoch\u00ab Heute war der dritten Trainingstag auf der Insel und nicht nur meine Beine zwackten ein wenig, sondern auch mein unterer R\u00fccken machte mir Sorgen. Die ganze Zeit Schmerzen. Laufen tat weh, aber ich war ja zum Radfahren hier. Radfahren klang gut, die Fahrt hoch nach Randa klang besser. So machten &hellip; <\/p>\n<p class=\"link-more\"><a href=\"https:\/\/blog.kunstgriff.net\/?p=11586\" class=\"more-link\"><span class=\"screen-reader-text\">\u201eMallorca Trainingscamp 2014 &#8211; Tag 3 &#8211; Randa\u201c <\/span>weiterlesen<\/a><\/p>\n","protected":false},"author":2,"featured_media":11591,"comment_status":"open","ping_status":"open","sticky":false,"template":"","format":"standard","meta":{"jetpack_post_was_ever_published":false,"_jetpack_newsletter_access":"","_jetpack_dont_email_post_to_subs":false,"_jetpack_newsletter_tier_id":0,"_jetpack_memberships_contains_paywalled_content":false,"_jetpack_memberships_contains_paid_content":false,"footnotes":""},"categories":[14,13,7],"tags":[],"class_list":["post-11586","post","type-post","status-publish","format-standard","has-post-thumbnail","hentry","category-radfahren","category-radreise","category-rennradfahren"],"jetpack_featured_media_url":"https:\/\/i0.wp.com\/blog.kunstgriff.net\/wp-content\/uploads\/2014\/04\/Oben-im-Caf%C3%A9-in-Randa.jpg?fit=1500%2C1125&ssl=1","jetpack_shortlink":"https:\/\/wp.me\/p8Cxe7-30S","jetpack-related-posts":[{"id":974,"url":"https:\/\/blog.kunstgriff.net\/?p=974","url_meta":{"origin":11586,"position":0},"title":"Trainingslager Mallorca 4. Tag","author":"Georg","date":"M\u00e4rz 9, 2010","format":false,"excerpt":"Gestern, am Montag, war ja Ruhetag, welchen wir zu F\u00fcnft f\u00fcr eine Fahrt mit einem Mietwagen nach Palma de Mallorca und Anthrax nutzten. Wir hatten Gl\u00fcck mit dem Wetter und wurden, obwohl es recht k\u00fchl war, nicht nass. Heute stand wieder Rennradtraining auf dem Programm. Die geplante Route sollte uns,\u2026","rel":"","context":"In &quot;Radfahren&quot;","block_context":{"text":"Radfahren","link":"https:\/\/blog.kunstgriff.net\/?cat=14"},"img":{"alt_text":"","src":"","width":0,"height":0},"classes":[]},{"id":12347,"url":"https:\/\/blog.kunstgriff.net\/?p=12347","url_meta":{"origin":11586,"position":1},"title":"Mallorca Trainingscamp 2015 &#8211; Tag 3 &#8211; Randa in the rain","author":"Georg","date":"M\u00e4rz 20, 2015","format":false,"excerpt":"oder \u00bbDas Wetter war auch schon mal besser hier\u00abRichtig begeistert war ich nicht, mich heute nach dem Fr\u00fchst\u00fcck auf den Renner zu schwingen. Nicht nur dass der Himmel sich grau in grau zeigte, auch blies ein sehr starker Wind, der uns das Fahren sicher nur auf einigen wenigen Passagen erleichtern\u2026","rel":"","context":"In &quot;Radfahren&quot;","block_context":{"text":"Radfahren","link":"https:\/\/blog.kunstgriff.net\/?cat=14"},"img":{"alt_text":"","src":"https:\/\/i0.wp.com\/blog.kunstgriff.net\/wp-content\/uploads\/2015\/03\/Titel.jpg?fit=1200%2C612&ssl=1&resize=350%2C200","width":350,"height":200,"srcset":"https:\/\/i0.wp.com\/blog.kunstgriff.net\/wp-content\/uploads\/2015\/03\/Titel.jpg?fit=1200%2C612&ssl=1&resize=350%2C200 1x, https:\/\/i0.wp.com\/blog.kunstgriff.net\/wp-content\/uploads\/2015\/03\/Titel.jpg?fit=1200%2C612&ssl=1&resize=525%2C300 1.5x, https:\/\/i0.wp.com\/blog.kunstgriff.net\/wp-content\/uploads\/2015\/03\/Titel.jpg?fit=1200%2C612&ssl=1&resize=700%2C400 2x, https:\/\/i0.wp.com\/blog.kunstgriff.net\/wp-content\/uploads\/2015\/03\/Titel.jpg?fit=1200%2C612&ssl=1&resize=1050%2C600 3x"},"classes":[]},{"id":4605,"url":"https:\/\/blog.kunstgriff.net\/?p=4605","url_meta":{"origin":11586,"position":2},"title":"Schwielowsee-Feierabendrunde","author":"Georg","date":"Mai 18, 2011","format":false,"excerpt":"oder \u00bbGelungene Premiere in 2011\u00abDiese beliebte Runde hatte ich dieses Jahr zum ersten Mal im Internet ausgerufen und es kamen erstaunlich viele Mitfahrer um 17 Uhr an den Auerbachtunnel. So machten wir uns nach freudiger Begr\u00fc\u00dfung p\u00fcnktlich mit 13 Mann auf den Weg in Richtung Wannsee. Zwei Mitfahrer wollten uns\u2026","rel":"","context":"In &quot;Radfahren&quot;","block_context":{"text":"Radfahren","link":"https:\/\/blog.kunstgriff.net\/?cat=14"},"img":{"alt_text":"","src":"","width":0,"height":0},"classes":[]},{"id":19079,"url":"https:\/\/blog.kunstgriff.net\/?p=19079","url_meta":{"origin":11586,"position":3},"title":"Mallorca Trainingscamp 2019 &#8211; Tag 2 &#8211; Randa ohne Randa","author":"Georg","date":"April 2, 2019","format":false,"excerpt":"daf\u00fcr: \u00dcbers Wellblech huschen Schon am Vorabend wurde diskutiert, welche Runde denn heute gefahren werden soll. Bei folgenden Parametern waren wir uns einig: Mehr als 100 Kilometer und wenig Berge. Das ist einfach! Zum Gl\u00fcck war Heiko vor gut 4 Wochen schon mal hier und ist mit dem A3K etwa\u2026","rel":"","context":"In &quot;Cake-Ride&quot;","block_context":{"text":"Cake-Ride","link":"https:\/\/blog.kunstgriff.net\/?cat=34"},"img":{"alt_text":"","src":"https:\/\/i0.wp.com\/blog.kunstgriff.net\/wp-content\/uploads\/2019\/04\/Fast-Windstill-und-blauer-Himmel.jpg?fit=1200%2C800&ssl=1&resize=350%2C200","width":350,"height":200,"srcset":"https:\/\/i0.wp.com\/blog.kunstgriff.net\/wp-content\/uploads\/2019\/04\/Fast-Windstill-und-blauer-Himmel.jpg?fit=1200%2C800&ssl=1&resize=350%2C200 1x, https:\/\/i0.wp.com\/blog.kunstgriff.net\/wp-content\/uploads\/2019\/04\/Fast-Windstill-und-blauer-Himmel.jpg?fit=1200%2C800&ssl=1&resize=525%2C300 1.5x, https:\/\/i0.wp.com\/blog.kunstgriff.net\/wp-content\/uploads\/2019\/04\/Fast-Windstill-und-blauer-Himmel.jpg?fit=1200%2C800&ssl=1&resize=700%2C400 2x, https:\/\/i0.wp.com\/blog.kunstgriff.net\/wp-content\/uploads\/2019\/04\/Fast-Windstill-und-blauer-Himmel.jpg?fit=1200%2C800&ssl=1&resize=1050%2C600 3x"},"classes":[]},{"id":8519,"url":"https:\/\/blog.kunstgriff.net\/?p=8519","url_meta":{"origin":11586,"position":4},"title":"Harz-Tour 2012 &#8211; Tag 2","author":"Georg","date":"Juli 14, 2012","format":false,"excerpt":"oder \u00bbHeute mal mein echter Rennrad-Blues\u00abDie ganze Nacht prasselte der Regen auf unsere Fensterbank und auch beim Br\u00f6tchen holen nach dem Aufstehen wurden wir ordentlich eingeregnet. Suboptimale Bedingungen f\u00fcr einen sch\u00f6nen Tag auf unseren Rennern. Uns blieb nicht anderes \u00fcbrig, als ausgiebig zu Fr\u00fchst\u00fccken und auf Regenl\u00f6cher bzw. ein abziehendes\u2026","rel":"","context":"In &quot;Radfahren&quot;","block_context":{"text":"Radfahren","link":"https:\/\/blog.kunstgriff.net\/?cat=14"},"img":{"alt_text":"","src":"https:\/\/i0.wp.com\/blog.kunstgriff.net\/wp-content\/uploads\/2012\/07\/Noch-scheint-die-Sonne-150x150.jpg?resize=350%2C200","width":350,"height":200},"classes":[]},{"id":19418,"url":"https:\/\/blog.kunstgriff.net\/?p=19418","url_meta":{"origin":11586,"position":5},"title":"P\u00e4wesin-Runde #03","author":"Georg","date":"Mai 26, 2019","format":false,"excerpt":"Mit Stefan und Manne nach P\u00e4wesin Da gestern schon Draussen-Fahren ausgefallen war, wollte ich heute unbedingt den Renner bewegen. Die Nacht war zwar kurz, aber Mannes Aufruf zu einer gem\u00fctlichen Runde nach Fehrbellin klang zu verlockend. Stefan H. hat ja auch immer Lust auf Kuchen im westlichen Havelland und so\u2026","rel":"","context":"In &quot;Cake-Ride&quot;","block_context":{"text":"Cake-Ride","link":"https:\/\/blog.kunstgriff.net\/?cat=34"},"img":{"alt_text":"Grinsen, dank R\u00fcckenwindes","src":"https:\/\/i0.wp.com\/blog.kunstgriff.net\/wp-content\/uploads\/2019\/05\/Grinsen-dank-R%C3%BCckenwindes.jpg?fit=1200%2C800&ssl=1&resize=350%2C200","width":350,"height":200,"srcset":"https:\/\/i0.wp.com\/blog.kunstgriff.net\/wp-content\/uploads\/2019\/05\/Grinsen-dank-R%C3%BCckenwindes.jpg?fit=1200%2C800&ssl=1&resize=350%2C200 1x, https:\/\/i0.wp.com\/blog.kunstgriff.net\/wp-content\/uploads\/2019\/05\/Grinsen-dank-R%C3%BCckenwindes.jpg?fit=1200%2C800&ssl=1&resize=525%2C300 1.5x, https:\/\/i0.wp.com\/blog.kunstgriff.net\/wp-content\/uploads\/2019\/05\/Grinsen-dank-R%C3%BCckenwindes.jpg?fit=1200%2C800&ssl=1&resize=700%2C400 2x, https:\/\/i0.wp.com\/blog.kunstgriff.net\/wp-content\/uploads\/2019\/05\/Grinsen-dank-R%C3%BCckenwindes.jpg?fit=1200%2C800&ssl=1&resize=1050%2C600 3x"},"classes":[]}],"jetpack_likes_enabled":true,"jetpack_sharing_enabled":true,"_links":{"self":[{"href":"https:\/\/blog.kunstgriff.net\/index.php?rest_route=\/wp\/v2\/posts\/11586","targetHints":{"allow":["GET"]}}],"collection":[{"href":"https:\/\/blog.kunstgriff.net\/index.php?rest_route=\/wp\/v2\/posts"}],"about":[{"href":"https:\/\/blog.kunstgriff.net\/index.php?rest_route=\/wp\/v2\/types\/post"}],"author":[{"embeddable":true,"href":"https:\/\/blog.kunstgriff.net\/index.php?rest_route=\/wp\/v2\/users\/2"}],"replies":[{"embeddable":true,"href":"https:\/\/blog.kunstgriff.net\/index.php?rest_route=%2Fwp%2Fv2%2Fcomments&post=11586"}],"version-history":[{"count":0,"href":"https:\/\/blog.kunstgriff.net\/index.php?rest_route=\/wp\/v2\/posts\/11586\/revisions"}],"wp:featuredmedia":[{"embeddable":true,"href":"https:\/\/blog.kunstgriff.net\/index.php?rest_route=\/wp\/v2\/media\/11591"}],"wp:attachment":[{"href":"https:\/\/blog.kunstgriff.net\/index.php?rest_route=%2Fwp%2Fv2%2Fmedia&parent=11586"}],"wp:term":[{"taxonomy":"category","embeddable":true,"href":"https:\/\/blog.kunstgriff.net\/index.php?rest_route=%2Fwp%2Fv2%2Fcategories&post=11586"},{"taxonomy":"post_tag","embeddable":true,"href":"https:\/\/blog.kunstgriff.net\/index.php?rest_route=%2Fwp%2Fv2%2Ftags&post=11586"}],"curies":[{"name":"wp","href":"https:\/\/api.w.org\/{rel}","templated":true}]}}