{"id":11602,"date":"2014-04-04T18:35:57","date_gmt":"2014-04-04T16:35:57","guid":{"rendered":"http:\/\/blog.kunstgriff.net\/?p=11602"},"modified":"2016-08-01T19:40:30","modified_gmt":"2016-08-01T17:40:30","slug":"mallorca-trainingscamp-2014-tag-4-sineu-petra","status":"publish","type":"post","link":"https:\/\/blog.kunstgriff.net\/?p=11602","title":{"rendered":"Mallorca Trainingscamp 2014 &#8211; Tag 4 &#8211; Sineu &#8211; Petra"},"content":{"rendered":"<span class=\"span-reading-time rt-reading-time\" style=\"display: block;\"><span class=\"rt-label rt-prefix\">Lesezeit: <\/span> <span class=\"rt-time\"> 2<\/span> <span class=\"rt-label rt-postfix\">Minuten<\/span><\/span><h4>oder \u00bbKurze Mandelkuchen-Runde\u00ab<\/h4>\n<hr \/>\n<p>Der Tag begann mit Starkregen. Im Fr\u00fchst\u00fccksraum herrschte gedr\u00fcckte Stimmung. Kein Rad-Sportler war heute in fahrbereiter Montur erschienen. Alle \u00fcberlegten, was mit diesem Tag anzufangen sei. Gl\u00fccklicherweise gab es das Internet, welches uns die Zeit am Vormittag vertrieb. Wetterberichte wurden studiert und kombiniert, dass es doch am Nachmittag trocken sein w\u00fcrde.<\/p>\n<p>Also verabredeten wir uns auf 13:30 Uhr zu einer kurzen Runde nach Petra. Schon wieder, diesmal aber leicht abgewandelt, gegen den Uhrzeigersinn und ohne Schilf. Fein. Zwischen Llubi und Petra sollte eine neue Route ausprobiert werden, die sich aber als \u00fcbler Trampelpfad erwies und verworfen wurde. Also wieder auf bekannten Wegen ab Sineu.<\/p>\n<p>Ich f\u00fchlte mich nicht sonderlich stark und mein R\u00fccken wollte auch nicht Rad fahren, so beschloss ich in Petra, nach der H\u00e4lfte der Strecke Pause zu machen. Alex und Christian wollten weiter, Julia sowieso und Jens fand die Idee, bei Mandelkuchen und Orangenh\u00e4lften in Petra zu pausieren auch attraktiv und so blieben wir beide gemeinsam dort.<\/p>\n<p>Thomas J. pausierte auch dort von seiner Runde nach San Salvador und so hockten wir zusammen und f\u00fchrten Kettengespr\u00e4che. Herrlich!<\/p>\n<p>Nach Hause ging es \u00fcber die 12 km lange, fast kerzengerade MA 12. Sch\u00f6n mit Jens immer im Wind gewechselt. Fast wie fr\u00fcher. Dann noch den Abschnitt mit dem vielen Gegenwind \u00fcber Can Picafort nach Hause. Lief.<\/p>\n<p>Morgen dann wieder mehr Kilometer und H\u00fcgel. Mal sehen ob der R\u00fccken mitspielt.<\/p>\n<p><iframe height='405' width='590' frameborder='0' allowtransparency='true' scrolling='no' src='https:\/\/www.strava.com\/activities\/126849978\/embed\/1928ff745c9044fba875f022c01abb4b45ff7889'><\/iframe><\/p>\n<p><a href=\"https:\/\/i0.wp.com\/blog.kunstgriff.net\/wp-content\/uploads\/2014\/04\/Bedeckter-Himmer-trotzdem-Lust-auf-ne-Runde.jpg\"><img data-recalc-dims=\"1\" loading=\"lazy\" decoding=\"async\" data-attachment-id=\"11599\" data-permalink=\"https:\/\/blog.kunstgriff.net\/?attachment_id=11599\" data-orig-file=\"https:\/\/i0.wp.com\/blog.kunstgriff.net\/wp-content\/uploads\/2014\/04\/Bedeckter-Himmer-trotzdem-Lust-auf-ne-Runde.jpg?fit=1500%2C1125&amp;ssl=1\" data-orig-size=\"1500,1125\" data-comments-opened=\"1\" data-image-meta=\"{&quot;aperture&quot;:&quot;5.6&quot;,&quot;credit&quot;:&quot;&quot;,&quot;camera&quot;:&quot;Canon DIGITAL IXUS 870 IS&quot;,&quot;caption&quot;:&quot;&quot;,&quot;created_timestamp&quot;:&quot;1396618431&quot;,&quot;copyright&quot;:&quot;&quot;,&quot;focal_length&quot;:&quot;5&quot;,&quot;iso&quot;:&quot;80&quot;,&quot;shutter_speed&quot;:&quot;0.004&quot;,&quot;title&quot;:&quot;&quot;}\" data-image-title=\"Bedeckter Himmer &amp;#8211; trotzdem Lust auf ne Runde\" data-image-description=\"\" data-image-caption=\"\" data-large-file=\"https:\/\/i0.wp.com\/blog.kunstgriff.net\/wp-content\/uploads\/2014\/04\/Bedeckter-Himmer-trotzdem-Lust-auf-ne-Runde.jpg?fit=1024%2C768&amp;ssl=1\" class=\"aligncenter size-full wp-image-11599\" src=\"https:\/\/i0.wp.com\/blog.kunstgriff.net\/wp-content\/uploads\/2014\/04\/Bedeckter-Himmer-trotzdem-Lust-auf-ne-Runde.jpg?resize=525%2C394\" alt=\"Bedeckter Himmer - trotzdem Lust auf ne Runde\" width=\"525\" height=\"394\" srcset=\"https:\/\/i0.wp.com\/blog.kunstgriff.net\/wp-content\/uploads\/2014\/04\/Bedeckter-Himmer-trotzdem-Lust-auf-ne-Runde.jpg?w=1500&amp;ssl=1 1500w, https:\/\/i0.wp.com\/blog.kunstgriff.net\/wp-content\/uploads\/2014\/04\/Bedeckter-Himmer-trotzdem-Lust-auf-ne-Runde.jpg?resize=300%2C225&amp;ssl=1 300w, https:\/\/i0.wp.com\/blog.kunstgriff.net\/wp-content\/uploads\/2014\/04\/Bedeckter-Himmer-trotzdem-Lust-auf-ne-Runde.jpg?resize=1024%2C768&amp;ssl=1 1024w, https:\/\/i0.wp.com\/blog.kunstgriff.net\/wp-content\/uploads\/2014\/04\/Bedeckter-Himmer-trotzdem-Lust-auf-ne-Runde.jpg?resize=400%2C300&amp;ssl=1 400w, https:\/\/i0.wp.com\/blog.kunstgriff.net\/wp-content\/uploads\/2014\/04\/Bedeckter-Himmer-trotzdem-Lust-auf-ne-Runde.jpg?resize=900%2C675&amp;ssl=1 900w\" sizes=\"auto, (max-width: 767px) 89vw, (max-width: 1000px) 54vw, (max-width: 1071px) 543px, 580px\" \/><\/a> <a href=\"https:\/\/i0.wp.com\/blog.kunstgriff.net\/wp-content\/uploads\/2014\/04\/Bester-Kuchen-und-Kaffee.jpg\"><img data-recalc-dims=\"1\" loading=\"lazy\" decoding=\"async\" data-attachment-id=\"11600\" data-permalink=\"https:\/\/blog.kunstgriff.net\/?attachment_id=11600\" data-orig-file=\"https:\/\/i0.wp.com\/blog.kunstgriff.net\/wp-content\/uploads\/2014\/04\/Bester-Kuchen-und-Kaffee.jpg?fit=1500%2C1125&amp;ssl=1\" data-orig-size=\"1500,1125\" data-comments-opened=\"1\" data-image-meta=\"{&quot;aperture&quot;:&quot;5.6&quot;,&quot;credit&quot;:&quot;&quot;,&quot;camera&quot;:&quot;Canon DIGITAL IXUS 870 IS&quot;,&quot;caption&quot;:&quot;&quot;,&quot;created_timestamp&quot;:&quot;1396625821&quot;,&quot;copyright&quot;:&quot;&quot;,&quot;focal_length&quot;:&quot;5&quot;,&quot;iso&quot;:&quot;80&quot;,&quot;shutter_speed&quot;:&quot;0.00125&quot;,&quot;title&quot;:&quot;&quot;}\" data-image-title=\"Bester Kuchen und Kaffee\" data-image-description=\"\" data-image-caption=\"\" data-large-file=\"https:\/\/i0.wp.com\/blog.kunstgriff.net\/wp-content\/uploads\/2014\/04\/Bester-Kuchen-und-Kaffee.jpg?fit=1024%2C768&amp;ssl=1\" class=\"aligncenter size-full wp-image-11600\" src=\"https:\/\/i0.wp.com\/blog.kunstgriff.net\/wp-content\/uploads\/2014\/04\/Bester-Kuchen-und-Kaffee.jpg?resize=525%2C394\" alt=\"Bester Kuchen und Kaffee\" width=\"525\" height=\"394\" srcset=\"https:\/\/i0.wp.com\/blog.kunstgriff.net\/wp-content\/uploads\/2014\/04\/Bester-Kuchen-und-Kaffee.jpg?w=1500&amp;ssl=1 1500w, https:\/\/i0.wp.com\/blog.kunstgriff.net\/wp-content\/uploads\/2014\/04\/Bester-Kuchen-und-Kaffee.jpg?resize=300%2C225&amp;ssl=1 300w, https:\/\/i0.wp.com\/blog.kunstgriff.net\/wp-content\/uploads\/2014\/04\/Bester-Kuchen-und-Kaffee.jpg?resize=1024%2C768&amp;ssl=1 1024w, https:\/\/i0.wp.com\/blog.kunstgriff.net\/wp-content\/uploads\/2014\/04\/Bester-Kuchen-und-Kaffee.jpg?resize=400%2C300&amp;ssl=1 400w, https:\/\/i0.wp.com\/blog.kunstgriff.net\/wp-content\/uploads\/2014\/04\/Bester-Kuchen-und-Kaffee.jpg?resize=900%2C675&amp;ssl=1 900w\" sizes=\"auto, (max-width: 767px) 89vw, (max-width: 1000px) 54vw, (max-width: 1071px) 543px, 580px\" \/><\/a> <a href=\"https:\/\/i0.wp.com\/blog.kunstgriff.net\/wp-content\/uploads\/2014\/04\/Zufalls-Treffen-mit-Thomas-J.jpg\"><img data-recalc-dims=\"1\" loading=\"lazy\" decoding=\"async\" data-attachment-id=\"11601\" data-permalink=\"https:\/\/blog.kunstgriff.net\/?attachment_id=11601\" data-orig-file=\"https:\/\/i0.wp.com\/blog.kunstgriff.net\/wp-content\/uploads\/2014\/04\/Zufalls-Treffen-mit-Thomas-J.jpg?fit=1500%2C1125&amp;ssl=1\" data-orig-size=\"1500,1125\" data-comments-opened=\"1\" data-image-meta=\"{&quot;aperture&quot;:&quot;5.6&quot;,&quot;credit&quot;:&quot;&quot;,&quot;camera&quot;:&quot;Canon DIGITAL IXUS 870 IS&quot;,&quot;caption&quot;:&quot;&quot;,&quot;created_timestamp&quot;:&quot;1396627748&quot;,&quot;copyright&quot;:&quot;&quot;,&quot;focal_length&quot;:&quot;5&quot;,&quot;iso&quot;:&quot;80&quot;,&quot;shutter_speed&quot;:&quot;0.004&quot;,&quot;title&quot;:&quot;&quot;}\" data-image-title=\"Zufalls-Treffen mit Thomas J\" data-image-description=\"\" data-image-caption=\"\" data-large-file=\"https:\/\/i0.wp.com\/blog.kunstgriff.net\/wp-content\/uploads\/2014\/04\/Zufalls-Treffen-mit-Thomas-J.jpg?fit=1024%2C768&amp;ssl=1\" class=\"aligncenter size-full wp-image-11601\" src=\"https:\/\/i0.wp.com\/blog.kunstgriff.net\/wp-content\/uploads\/2014\/04\/Zufalls-Treffen-mit-Thomas-J.jpg?resize=525%2C394\" alt=\"Zufalls-Treffen mit Thomas J\" width=\"525\" height=\"394\" srcset=\"https:\/\/i0.wp.com\/blog.kunstgriff.net\/wp-content\/uploads\/2014\/04\/Zufalls-Treffen-mit-Thomas-J.jpg?w=1500&amp;ssl=1 1500w, https:\/\/i0.wp.com\/blog.kunstgriff.net\/wp-content\/uploads\/2014\/04\/Zufalls-Treffen-mit-Thomas-J.jpg?resize=300%2C225&amp;ssl=1 300w, https:\/\/i0.wp.com\/blog.kunstgriff.net\/wp-content\/uploads\/2014\/04\/Zufalls-Treffen-mit-Thomas-J.jpg?resize=1024%2C768&amp;ssl=1 1024w, https:\/\/i0.wp.com\/blog.kunstgriff.net\/wp-content\/uploads\/2014\/04\/Zufalls-Treffen-mit-Thomas-J.jpg?resize=400%2C300&amp;ssl=1 400w, https:\/\/i0.wp.com\/blog.kunstgriff.net\/wp-content\/uploads\/2014\/04\/Zufalls-Treffen-mit-Thomas-J.jpg?resize=900%2C675&amp;ssl=1 900w\" sizes=\"auto, (max-width: 767px) 89vw, (max-width: 1000px) 54vw, (max-width: 1071px) 543px, 580px\" \/><\/a><\/p>\n<p>&nbsp;<\/p>\n","protected":false},"excerpt":{"rendered":"<p>oder \u00bbKurze Mandelkuchen-Runde\u00ab Der Tag begann mit Starkregen. Im Fr\u00fchst\u00fccksraum herrschte gedr\u00fcckte Stimmung. Kein Rad-Sportler war heute in fahrbereiter Montur erschienen. Alle \u00fcberlegten, was mit diesem Tag anzufangen sei. Gl\u00fccklicherweise gab es das Internet, welches uns die Zeit am Vormittag vertrieb. Wetterberichte wurden studiert und kombiniert, dass es doch am Nachmittag trocken sein w\u00fcrde. Also &hellip; <\/p>\n<p class=\"link-more\"><a href=\"https:\/\/blog.kunstgriff.net\/?p=11602\" class=\"more-link\"><span class=\"screen-reader-text\">\u201eMallorca Trainingscamp 2014 &#8211; Tag 4 &#8211; Sineu &#8211; Petra\u201c <\/span>weiterlesen<\/a><\/p>\n","protected":false},"author":2,"featured_media":11599,"comment_status":"open","ping_status":"open","sticky":false,"template":"","format":"standard","meta":{"jetpack_post_was_ever_published":false,"_jetpack_newsletter_access":"","_jetpack_dont_email_post_to_subs":false,"_jetpack_newsletter_tier_id":0,"_jetpack_memberships_contains_paywalled_content":false,"_jetpack_memberships_contains_paid_content":false,"footnotes":""},"categories":[14,13,7],"tags":[],"class_list":["post-11602","post","type-post","status-publish","format-standard","has-post-thumbnail","hentry","category-radfahren","category-radreise","category-rennradfahren"],"jetpack_featured_media_url":"https:\/\/i0.wp.com\/blog.kunstgriff.net\/wp-content\/uploads\/2014\/04\/Bedeckter-Himmer-trotzdem-Lust-auf-ne-Runde.jpg?fit=1500%2C1125&ssl=1","jetpack_shortlink":"https:\/\/wp.me\/p8Cxe7-318","jetpack-related-posts":[{"id":11689,"url":"https:\/\/blog.kunstgriff.net\/?p=11689","url_meta":{"origin":11602,"position":0},"title":"Mallorca Trainingscamp 2014 &#8211; Tag 9 &#8211; Manacor &#8211; Petra","author":"Georg","date":"April 10, 2014","format":false,"excerpt":"oder \u00bbAusrollen nach Petra\u00ab Der letzte Trainingstag auf der Insel f\u00fchrt uns traditionell auf kurzen Wegen direkt zum Caf\u00e9- und Kuchentisch. Heute wurde der Track mit einer extra Nase durch das Orangental und durch Manacor gew\u00e4hlt. Unter 100 km ist zu dieser Jahreszeit ja nicht mehr wirklich en Vogue und\u2026","rel":"","context":"In &quot;Radfahren&quot;","block_context":{"text":"Radfahren","link":"https:\/\/blog.kunstgriff.net\/?cat=14"},"img":{"alt_text":"","src":"https:\/\/i0.wp.com\/blog.kunstgriff.net\/wp-content\/uploads\/2014\/04\/Grosse-Gruppe-zum-Abschluss.jpg?fit=1200%2C900&ssl=1&resize=350%2C200","width":350,"height":200,"srcset":"https:\/\/i0.wp.com\/blog.kunstgriff.net\/wp-content\/uploads\/2014\/04\/Grosse-Gruppe-zum-Abschluss.jpg?fit=1200%2C900&ssl=1&resize=350%2C200 1x, https:\/\/i0.wp.com\/blog.kunstgriff.net\/wp-content\/uploads\/2014\/04\/Grosse-Gruppe-zum-Abschluss.jpg?fit=1200%2C900&ssl=1&resize=525%2C300 1.5x, https:\/\/i0.wp.com\/blog.kunstgriff.net\/wp-content\/uploads\/2014\/04\/Grosse-Gruppe-zum-Abschluss.jpg?fit=1200%2C900&ssl=1&resize=700%2C400 2x, https:\/\/i0.wp.com\/blog.kunstgriff.net\/wp-content\/uploads\/2014\/04\/Grosse-Gruppe-zum-Abschluss.jpg?fit=1200%2C900&ssl=1&resize=1050%2C600 3x"},"classes":[]},{"id":22784,"url":"https:\/\/blog.kunstgriff.net\/?p=22784","url_meta":{"origin":11602,"position":1},"title":"Mallorca Trainingscamp 2022 &#8211; Tag 8 &#8211; Ruhetags-Petra-Runde","author":"Georg","date":"April 8, 2022","format":false,"excerpt":"bestes Leben auf der Sonnen-Insel Was so ein bisschen Sonnen doch ausmachen kann? Nicht nur als Radfahrer werde ich zum Sonnenanbeter. Bei Radfahren ist es allerdings besonders sch\u00f6n wenn diese scheint. Kurz-Kurz fahren, keine Handschuhe oder Arm- und Beinlinge einpacken und die Profikante pflegen? Wann wird das in Berlin soweit\u2026","rel":"","context":"In &quot;Cake-Ride&quot;","block_context":{"text":"Cake-Ride","link":"https:\/\/blog.kunstgriff.net\/?cat=34"},"img":{"alt_text":"Lothar Leder zeigt uns wo es heute langeht","src":"https:\/\/i0.wp.com\/blog.kunstgriff.net\/wp-content\/uploads\/2022\/04\/Lothar-Leder-zeigt-uns-wo-es-heute-langeht.jpg?fit=1200%2C800&ssl=1&resize=350%2C200","width":350,"height":200,"srcset":"https:\/\/i0.wp.com\/blog.kunstgriff.net\/wp-content\/uploads\/2022\/04\/Lothar-Leder-zeigt-uns-wo-es-heute-langeht.jpg?fit=1200%2C800&ssl=1&resize=350%2C200 1x, https:\/\/i0.wp.com\/blog.kunstgriff.net\/wp-content\/uploads\/2022\/04\/Lothar-Leder-zeigt-uns-wo-es-heute-langeht.jpg?fit=1200%2C800&ssl=1&resize=525%2C300 1.5x, https:\/\/i0.wp.com\/blog.kunstgriff.net\/wp-content\/uploads\/2022\/04\/Lothar-Leder-zeigt-uns-wo-es-heute-langeht.jpg?fit=1200%2C800&ssl=1&resize=700%2C400 2x, https:\/\/i0.wp.com\/blog.kunstgriff.net\/wp-content\/uploads\/2022\/04\/Lothar-Leder-zeigt-uns-wo-es-heute-langeht.jpg?fit=1200%2C800&ssl=1&resize=1050%2C600 3x"},"classes":[]},{"id":7547,"url":"https:\/\/blog.kunstgriff.net\/?p=7547","url_meta":{"origin":11602,"position":2},"title":"Mallorca Trainingscamp 2012 &#8211; Tag 7 &#8211; Petra &#038; Can Picafort","author":"Georg","date":"M\u00e4rz 16, 2012","format":false,"excerpt":"oder \u00bbGleich 2x Kaffee & Kuchen\u00abF\u00fcr die Meisten war heute der letzte Trainingstag, da morgen Abflug in die Heimat sein wird. Daher wurde, schon traditionell, diese Runde als Schlussetappe gew\u00e4hlt. Mir kam der relativ flache Streckenverlauf recht gelegen, da wir ja morgen noch mal ordentlich H\u00f6henmeter machen wollen. Und wenn\u2026","rel":"","context":"In &quot;Radreise&quot;","block_context":{"text":"Radreise","link":"https:\/\/blog.kunstgriff.net\/?cat=13"},"img":{"alt_text":"","src":"https:\/\/i0.wp.com\/blog.kunstgriff.net\/wp-content\/uploads\/2012\/03\/Weiter-gehts-zum-Erdbeerkuchen.jpg?resize=350%2C200","width":350,"height":200,"srcset":"https:\/\/i0.wp.com\/blog.kunstgriff.net\/wp-content\/uploads\/2012\/03\/Weiter-gehts-zum-Erdbeerkuchen.jpg?resize=350%2C200 1x, https:\/\/i0.wp.com\/blog.kunstgriff.net\/wp-content\/uploads\/2012\/03\/Weiter-gehts-zum-Erdbeerkuchen.jpg?resize=525%2C300 1.5x, https:\/\/i0.wp.com\/blog.kunstgriff.net\/wp-content\/uploads\/2012\/03\/Weiter-gehts-zum-Erdbeerkuchen.jpg?resize=700%2C400 2x"},"classes":[]},{"id":4284,"url":"https:\/\/blog.kunstgriff.net\/?p=4284","url_meta":{"origin":11602,"position":3},"title":"Mallorca Trainingscamp &#8211; Tag 11 &#8211; Petra Abschlusstour","author":"Georg","date":"April 16, 2011","format":false,"excerpt":"oder \u00bbAusrollen und Resum\u00e9\u00ab Der letzte Tag f\u00fcr dieses Jahr auf Mallorca sollte f\u00fcr eine ruhige Ausroll-Runde genutzt werden. Das Trainings-Camp-Teilnehmerfeld war schon m\u00e4chtig ausged\u00fcnnt. Auch Karsten verabschiedete sich vor unserem Start und so machten wir uns zu F\u00fcnft auf den Weg, relativ flach, nach Petra. Ordentlich regeneriert hatte ich\u2026","rel":"","context":"In &quot;Radfahren&quot;","block_context":{"text":"Radfahren","link":"https:\/\/blog.kunstgriff.net\/?cat=14"},"img":{"alt_text":"","src":"https:\/\/i0.wp.com\/blog.kunstgriff.net\/wp-content\/uploads\/2011\/04\/IMG_2074.jpg?resize=350%2C200","width":350,"height":200,"srcset":"https:\/\/i0.wp.com\/blog.kunstgriff.net\/wp-content\/uploads\/2011\/04\/IMG_2074.jpg?resize=350%2C200 1x, https:\/\/i0.wp.com\/blog.kunstgriff.net\/wp-content\/uploads\/2011\/04\/IMG_2074.jpg?resize=525%2C300 1.5x"},"classes":[]},{"id":1000,"url":"https:\/\/blog.kunstgriff.net\/?p=1000","url_meta":{"origin":11602,"position":4},"title":"Trainingslager Mallorca 7. Tag Cala Ratjada","author":"Georg","date":"M\u00e4rz 12, 2010","format":false,"excerpt":"Heute war eigentlich vom Chef-Trainer verordneter Ruhetag, aber da ich am Sonntag schon wieder fliege(n muss) wollte ich heute doch noch ein paar relativ ebene Kilometer machen. So planten Christoph, Andr\u00e9, Herbert und ich eine Fahrt an das \u00f6stliche Ende der Insel nach Cala Ratjada, den R\u00fcckweg \u00fcber Son Servera,\u2026","rel":"","context":"In &quot;Radfahren&quot;","block_context":{"text":"Radfahren","link":"https:\/\/blog.kunstgriff.net\/?cat=14"},"img":{"alt_text":"","src":"","width":0,"height":0},"classes":[]},{"id":9878,"url":"https:\/\/blog.kunstgriff.net\/?p=9878","url_meta":{"origin":11602,"position":5},"title":"Mallorca Trainingscamp 2013 &#8211; Tag 4 &#8211; San Salvador","author":"Georg","date":"M\u00e4rz 14, 2013","format":false,"excerpt":"oder \u00bbDer Klassiker wegen des Wetters\u00ab Viele Tourenvorschl\u00e4ge wurden am Fr\u00fchst\u00fcckstisch er\u00f6rtert, verworfen und wieder aufgegriffen. Da der Cheftrainer nicht vor Ort war, musste viel diskutiert werden. Die geplante Runde \u00fcber den Puig Major\u00a0musste\u00a0ausfallen,\u00a0denn es hatte dort oben geschneit und der Gipfel versteckte sich unter einer dichten Schneedecke. Niemand hatte\u2026","rel":"","context":"In &quot;Radfahren&quot;","block_context":{"text":"Radfahren","link":"https:\/\/blog.kunstgriff.net\/?cat=14"},"img":{"alt_text":"","src":"https:\/\/i0.wp.com\/blog.kunstgriff.net\/wp-content\/uploads\/2013\/03\/Schnee-auf-dem-Puig-Major.jpg?fit=1000%2C750&ssl=1&resize=350%2C200","width":350,"height":200,"srcset":"https:\/\/i0.wp.com\/blog.kunstgriff.net\/wp-content\/uploads\/2013\/03\/Schnee-auf-dem-Puig-Major.jpg?fit=1000%2C750&ssl=1&resize=350%2C200 1x, https:\/\/i0.wp.com\/blog.kunstgriff.net\/wp-content\/uploads\/2013\/03\/Schnee-auf-dem-Puig-Major.jpg?fit=1000%2C750&ssl=1&resize=525%2C300 1.5x, https:\/\/i0.wp.com\/blog.kunstgriff.net\/wp-content\/uploads\/2013\/03\/Schnee-auf-dem-Puig-Major.jpg?fit=1000%2C750&ssl=1&resize=700%2C400 2x"},"classes":[]}],"jetpack_likes_enabled":true,"jetpack_sharing_enabled":true,"_links":{"self":[{"href":"https:\/\/blog.kunstgriff.net\/index.php?rest_route=\/wp\/v2\/posts\/11602","targetHints":{"allow":["GET"]}}],"collection":[{"href":"https:\/\/blog.kunstgriff.net\/index.php?rest_route=\/wp\/v2\/posts"}],"about":[{"href":"https:\/\/blog.kunstgriff.net\/index.php?rest_route=\/wp\/v2\/types\/post"}],"author":[{"embeddable":true,"href":"https:\/\/blog.kunstgriff.net\/index.php?rest_route=\/wp\/v2\/users\/2"}],"replies":[{"embeddable":true,"href":"https:\/\/blog.kunstgriff.net\/index.php?rest_route=%2Fwp%2Fv2%2Fcomments&post=11602"}],"version-history":[{"count":0,"href":"https:\/\/blog.kunstgriff.net\/index.php?rest_route=\/wp\/v2\/posts\/11602\/revisions"}],"wp:featuredmedia":[{"embeddable":true,"href":"https:\/\/blog.kunstgriff.net\/index.php?rest_route=\/wp\/v2\/media\/11599"}],"wp:attachment":[{"href":"https:\/\/blog.kunstgriff.net\/index.php?rest_route=%2Fwp%2Fv2%2Fmedia&parent=11602"}],"wp:term":[{"taxonomy":"category","embeddable":true,"href":"https:\/\/blog.kunstgriff.net\/index.php?rest_route=%2Fwp%2Fv2%2Fcategories&post=11602"},{"taxonomy":"post_tag","embeddable":true,"href":"https:\/\/blog.kunstgriff.net\/index.php?rest_route=%2Fwp%2Fv2%2Ftags&post=11602"}],"curies":[{"name":"wp","href":"https:\/\/api.w.org\/{rel}","templated":true}]}}