{"id":11794,"date":"2014-05-03T17:37:15","date_gmt":"2014-05-03T15:37:15","guid":{"rendered":"http:\/\/blog.kunstgriff.net\/?p=11794"},"modified":"2016-08-01T19:27:13","modified_gmt":"2016-08-01T17:27:13","slug":"boehmische-brezel","status":"publish","type":"post","link":"https:\/\/blog.kunstgriff.net\/?p=11794","title":{"rendered":"B\u00f6hmische Brezel"},"content":{"rendered":"<span class=\"span-reading-time rt-reading-time\" style=\"display: block;\"><span class=\"rt-label rt-prefix\">Lesezeit: <\/span> <span class=\"rt-time\"> 2<\/span> <span class=\"rt-label rt-postfix\">Minuten<\/span><\/span><h4>oder \u00bbWintertraining die Zweite\u00ab<\/h4>\n<hr \/>\n<p>Nach dem Aufwachen war mein erster Gedanke: <em>\u00bbHeute Ruhetag und gut\u00ab<\/em>.<\/p>\n<p>Als ich mich jedoch dem Fr\u00fchst\u00fcckstisch n\u00e4herte und meine Mitreisenden wild \u00fcber die heutige Tourenplanung berieten, kam doch Interesse auf. Nicht zu lang sollte gefahren werden und auch Ausstiegspunkte waren wichtig, da es eventuell Regnen w\u00fcrde. Als ich dann noch die Streckenbeschreibung von <em><a href=\"http:\/\/www.gpsies.com\/mapUser.do?username=wahnfried\" target=\"_blank\">wahnfried<\/a>,<\/em> zu seiner auf <a href=\"http:\/\/www.gpsies.com\" target=\"_blank\">GPSies.com<\/a>\u00a0gefahrenen\u00a0<a href=\"http:\/\/www.gpsies.com\/map.do?fileId=nmuulctqwcztrdjg\" target=\"_blank\">Tour<\/a>\u00a0las, war ich von der Beschreibung dieser in den <em>Marketing-Bann<\/em> gezogen:<\/p>\n<blockquote><p>\u00bbIch liebe diese Runde, unter allen Tracks die man mal eben in 4 Stunden pressen kann ist diese Runde auch nach ein paar Jahren immer noch mein Favorit! Sch\u00f6ne Natur, b\u00f6hmische D\u00f6rfer, der typische Geruch aus den Schornsteinen, wenig Verkehr &#8230; Die Tour ist einfach klasse\u00ab<\/p><\/blockquote>\n<p>Wer kann da schon Ruhetag machen!? Als ich die Getr\u00e4nke-Flaschen in mein Rad stecken wollte, \u00fcberlegte ich dann aber doch meine Planung zu revidieren, denn das Garmin-Thermometer bewegte sich von Zimmertemperatur schnell in Richtung 4\u00b0C. Unsere heutige Starttemperatur.<\/p>\n<p>Schlotternd ging es runter nach Bad-Schandau. Schon wieder \u00fcberlegte ich, was ich hier mache: Wir witzelten, dass dies\u00a0<em>Winter-Training in der s\u00e4chsischen Schweiz<\/em> sei. Zurecht, denn es wurde nicht w\u00e4rmer. Auch zog der Himmel nicht auf. Keine Sonne.\u00a0Daf\u00fcr jede Menge giftige Anstiege und herrlich gr\u00fcne Landschaften. Mehr gab es heute leider nicht zu gucken, denn der Nebel machte die Fernsicht fast immer unm\u00f6glich. Aber wir waren ja zum H\u00f6henmeter sammeln hier und nicht zum Fernsehen.<\/p>\n<p>Die H\u00f6henmeter setzten mir heute richtig zu, nicht nur dass die Beine sich schwer taten, auch waren die Steigungs-Prozente an so manchem Anstieg \u00fcber l\u00e4ngere Zeit im zweistelligen Bereich. Ich dachte ernsthaft dar\u00fcber nach zu schieben\u2026<\/p>\n<p>Lie\u00df es dann aber doch und k\u00e4mpfte mich weiter durch die virtuellen Brezel-Schleifen, welche heute auf jeden Fall aus dem Tiefk\u00fchlschrank waren. Den typischen Geruch aus den Schornsteinen, welchen\u00a0<em><a href=\"http:\/\/www.gpsies.com\/mapUser.do?username=wahnfried\" target=\"_blank\">wahnfried<\/a>\u00a0<\/em>zitiert, hatten wir st\u00e4ndig, da die Tschechen zu recht in ihre H\u00e4user die \u00d6fen einheizten. Nur wir mussten frieren. Deshalb auch heute wieder erst eine Einkehr nachdem alle 2.000 H\u00f6henmeter absolviert waren. Daf\u00fcr freuten wir uns auf unser lieb gewonnenes Eiscaf\u00e9\u00a0Memory in Bad Schandau, in dem wir <a href=\"http:\/\/zanzarelli.de\/shop-kaffee___trinkschokolade-eraclea\" target=\"_blank\">heisse Trinkschokolade<\/a> und Kuchen serviert bekamen.<\/p>\n<p><em>Fazit:<\/em> Am Ende war ich nat\u00fcrlich wieder froh, der Werbung von\u00a0<em><a href=\"http:\/\/www.gpsies.com\/mapUser.do?username=wahnfried\" target=\"_blank\">wahnfried<\/a>\u00a0<\/em>gefolgt zu sein und mir die Strecke gegeben zu haben. Unter den widrigen Bedingungen fahre ich aber Zuhause eigentlich nicht. Aber in der s\u00e4chsischen Schweiz muss man wohl.<\/p>\n<p><iframe height='405' width='590' frameborder='0' allowtransparency='true' scrolling='no' src='https:\/\/www.strava.com\/activities\/136888334\/embed\/c69321b9d2e74a38be1a0bbbe98dc86a107d2fad'><\/iframe><\/p>\n<div class=\"tiled-gallery type-rectangular tiled-gallery-unresized\" data-original-width=\"525\" data-carousel-extra='{&quot;blog_id&quot;:1,&quot;permalink&quot;:&quot;https:\\\/\\\/blog.kunstgriff.net\\\/?p=11794&quot;,&quot;likes_blog_id&quot;:127394879}' itemscope itemtype=\"http:\/\/schema.org\/ImageGallery\" > <div class=\"gallery-row\" style=\"width: 525px; height: 264px;\" data-original-width=\"525\" data-original-height=\"264\" > <div class=\"gallery-group images-1\" style=\"width: 350px; height: 264px;\" data-original-width=\"350\" data-original-height=\"264\" > <div class=\"tiled-gallery-item tiled-gallery-item-large\" itemprop=\"associatedMedia\" itemscope itemtype=\"http:\/\/schema.org\/ImageObject\"> <a href=\"https:\/\/blog.kunstgriff.net\/?attachment_id=11798\" border=\"0\" itemprop=\"url\"> <meta itemprop=\"width\" content=\"346\"> <meta itemprop=\"height\" content=\"260\"> <img decoding=\"async\" class=\"\" data-attachment-id=\"11798\" data-orig-file=\"https:\/\/blog.kunstgriff.net\/wp-content\/uploads\/2014\/05\/Felsmassiv-am-Wegesrand.jpg\" data-orig-size=\"1500,1125\" data-comments-opened=\"1\" data-image-meta=\"{&quot;aperture&quot;:&quot;2.8&quot;,&quot;credit&quot;:&quot;&quot;,&quot;camera&quot;:&quot;Canon DIGITAL IXUS 870 IS&quot;,&quot;caption&quot;:&quot;&quot;,&quot;created_timestamp&quot;:&quot;1399119303&quot;,&quot;copyright&quot;:&quot;&quot;,&quot;focal_length&quot;:&quot;5&quot;,&quot;iso&quot;:&quot;100&quot;,&quot;shutter_speed&quot;:&quot;0.002&quot;,&quot;title&quot;:&quot;&quot;}\" data-image-title=\"Felsmassiv am Wegesrand\" data-image-description=\"\" data-medium-file=\"https:\/\/i0.wp.com\/blog.kunstgriff.net\/wp-content\/uploads\/2014\/05\/Felsmassiv-am-Wegesrand.jpg?fit=300%2C225&#038;ssl=1\" data-large-file=\"https:\/\/i0.wp.com\/blog.kunstgriff.net\/wp-content\/uploads\/2014\/05\/Felsmassiv-am-Wegesrand.jpg?fit=1024%2C768&#038;ssl=1\" src=\"https:\/\/i0.wp.com\/blog.kunstgriff.net\/wp-content\/uploads\/2014\/05\/Felsmassiv-am-Wegesrand.jpg?w=346&#038;h=260&#038;ssl=1\" srcset=\"https:\/\/i0.wp.com\/blog.kunstgriff.net\/wp-content\/uploads\/2014\/05\/Felsmassiv-am-Wegesrand.jpg?w=1500&amp;ssl=1 1500w, https:\/\/i0.wp.com\/blog.kunstgriff.net\/wp-content\/uploads\/2014\/05\/Felsmassiv-am-Wegesrand.jpg?resize=300%2C225&amp;ssl=1 300w, https:\/\/i0.wp.com\/blog.kunstgriff.net\/wp-content\/uploads\/2014\/05\/Felsmassiv-am-Wegesrand.jpg?resize=1024%2C768&amp;ssl=1 1024w, https:\/\/i0.wp.com\/blog.kunstgriff.net\/wp-content\/uploads\/2014\/05\/Felsmassiv-am-Wegesrand.jpg?resize=400%2C300&amp;ssl=1 400w, https:\/\/i0.wp.com\/blog.kunstgriff.net\/wp-content\/uploads\/2014\/05\/Felsmassiv-am-Wegesrand.jpg?resize=900%2C675&amp;ssl=1 900w\" width=\"346\" height=\"260\" loading=\"lazy\" data-original-width=\"346\" data-original-height=\"260\" itemprop=\"http:\/\/schema.org\/image\" title=\"Felsmassiv am Wegesrand\" alt=\"Felsmassiv am Wegesrand\" style=\"width: 346px; height: 260px;\" \/> <\/a> <div class=\"tiled-gallery-caption\" itemprop=\"caption description\"> Felsmassiv am Wegesrand <\/div> <\/div> <\/div> <!-- close group --> <div class=\"gallery-group images-2\" style=\"width: 175px; height: 264px;\" data-original-width=\"175\" data-original-height=\"264\" > <div class=\"tiled-gallery-item tiled-gallery-item-small\" itemprop=\"associatedMedia\" itemscope itemtype=\"http:\/\/schema.org\/ImageObject\"> <a href=\"https:\/\/blog.kunstgriff.net\/?attachment_id=11797\" border=\"0\" itemprop=\"url\"> <meta itemprop=\"width\" content=\"171\"> <meta itemprop=\"height\" content=\"128\"> <img decoding=\"async\" class=\"\" data-attachment-id=\"11797\" data-orig-file=\"https:\/\/blog.kunstgriff.net\/wp-content\/uploads\/2014\/05\/Durch-sch\u00f6ne-W\u00e4lder-und-Anstiege.jpg\" data-orig-size=\"1500,1125\" data-comments-opened=\"1\" data-image-meta=\"{&quot;aperture&quot;:&quot;2.8&quot;,&quot;credit&quot;:&quot;&quot;,&quot;camera&quot;:&quot;Canon DIGITAL IXUS 870 IS&quot;,&quot;caption&quot;:&quot;&quot;,&quot;created_timestamp&quot;:&quot;1399126251&quot;,&quot;copyright&quot;:&quot;&quot;,&quot;focal_length&quot;:&quot;5&quot;,&quot;iso&quot;:&quot;800&quot;,&quot;shutter_speed&quot;:&quot;0.016666666666667&quot;,&quot;title&quot;:&quot;&quot;}\" data-image-title=\"Durch sch\u00f6ne W\u00e4lder und Anstiege\" data-image-description=\"\" data-medium-file=\"https:\/\/i0.wp.com\/blog.kunstgriff.net\/wp-content\/uploads\/2014\/05\/Durch-sch%C3%B6ne-W%C3%A4lder-und-Anstiege.jpg?fit=300%2C225&#038;ssl=1\" data-large-file=\"https:\/\/i0.wp.com\/blog.kunstgriff.net\/wp-content\/uploads\/2014\/05\/Durch-sch%C3%B6ne-W%C3%A4lder-und-Anstiege.jpg?fit=1024%2C768&#038;ssl=1\" src=\"https:\/\/i0.wp.com\/blog.kunstgriff.net\/wp-content\/uploads\/2014\/05\/Durch-sch%C3%B6ne-W%C3%A4lder-und-Anstiege.jpg?w=171&#038;h=128&#038;ssl=1\" width=\"171\" height=\"128\" loading=\"lazy\" data-original-width=\"171\" data-original-height=\"128\" itemprop=\"http:\/\/schema.org\/image\" title=\"Durch sch\u00f6ne W\u00e4lder und Anstiege\" alt=\"Durch sch\u00f6ne W\u00e4lder und Anstiege\" style=\"width: 171px; height: 128px;\" \/> <\/a> <div class=\"tiled-gallery-caption\" itemprop=\"caption description\"> Durch sch\u00f6ne W\u00e4lder und Anstiege <\/div> <\/div> <div class=\"tiled-gallery-item tiled-gallery-item-small\" itemprop=\"associatedMedia\" itemscope itemtype=\"http:\/\/schema.org\/ImageObject\"> <a href=\"https:\/\/blog.kunstgriff.net\/?attachment_id=11799\" border=\"0\" itemprop=\"url\"> <meta itemprop=\"width\" content=\"171\"> <meta itemprop=\"height\" content=\"128\"> <img decoding=\"async\" class=\"\" data-attachment-id=\"11799\" data-orig-file=\"https:\/\/blog.kunstgriff.net\/wp-content\/uploads\/2014\/05\/Herrlich-satttes-Gr\u00fcn.jpg\" data-orig-size=\"1500,1125\" data-comments-opened=\"1\" data-image-meta=\"{&quot;aperture&quot;:&quot;2.8&quot;,&quot;credit&quot;:&quot;&quot;,&quot;camera&quot;:&quot;Canon DIGITAL IXUS 870 IS&quot;,&quot;caption&quot;:&quot;&quot;,&quot;created_timestamp&quot;:&quot;1399127616&quot;,&quot;copyright&quot;:&quot;&quot;,&quot;focal_length&quot;:&quot;5&quot;,&quot;iso&quot;:&quot;320&quot;,&quot;shutter_speed&quot;:&quot;0.016666666666667&quot;,&quot;title&quot;:&quot;&quot;}\" data-image-title=\"Herrlich satttes Gr\u00fcn\" data-image-description=\"\" data-medium-file=\"https:\/\/i0.wp.com\/blog.kunstgriff.net\/wp-content\/uploads\/2014\/05\/Herrlich-satttes-Gr%C3%BCn.jpg?fit=300%2C225&#038;ssl=1\" data-large-file=\"https:\/\/i0.wp.com\/blog.kunstgriff.net\/wp-content\/uploads\/2014\/05\/Herrlich-satttes-Gr%C3%BCn.jpg?fit=1024%2C768&#038;ssl=1\" src=\"https:\/\/i0.wp.com\/blog.kunstgriff.net\/wp-content\/uploads\/2014\/05\/Herrlich-satttes-Gr%C3%BCn.jpg?w=171&#038;h=128&#038;ssl=1\" width=\"171\" height=\"128\" loading=\"lazy\" data-original-width=\"171\" data-original-height=\"128\" itemprop=\"http:\/\/schema.org\/image\" title=\"Herrlich satttes Gr\u00fcn\" alt=\"Herrlich satttes Gr\u00fcn\" style=\"width: 171px; height: 128px;\" \/> <\/a> <div class=\"tiled-gallery-caption\" itemprop=\"caption description\"> Herrlich satttes Gr\u00fcn <\/div> <\/div> <\/div> <!-- close group --> <\/div> <!-- close row --> <div class=\"gallery-row\" style=\"width: 525px; height: 395px;\" data-original-width=\"525\" data-original-height=\"395\" > <div class=\"gallery-group images-1\" style=\"width: 525px; height: 395px;\" data-original-width=\"525\" data-original-height=\"395\" > <div class=\"tiled-gallery-item tiled-gallery-item-large\" itemprop=\"associatedMedia\" itemscope itemtype=\"http:\/\/schema.org\/ImageObject\"> <a href=\"https:\/\/blog.kunstgriff.net\/?attachment_id=11800\" border=\"0\" itemprop=\"url\"> <meta itemprop=\"width\" content=\"521\"> <meta itemprop=\"height\" content=\"391\"> <img decoding=\"async\" class=\"\" data-attachment-id=\"11800\" data-orig-file=\"https:\/\/blog.kunstgriff.net\/wp-content\/uploads\/2014\/05\/verdiente-Belohnung.jpg\" data-orig-size=\"1500,1125\" data-comments-opened=\"1\" data-image-meta=\"{&quot;aperture&quot;:&quot;2.8&quot;,&quot;credit&quot;:&quot;&quot;,&quot;camera&quot;:&quot;Canon DIGITAL IXUS 870 IS&quot;,&quot;caption&quot;:&quot;&quot;,&quot;created_timestamp&quot;:&quot;1399130771&quot;,&quot;copyright&quot;:&quot;&quot;,&quot;focal_length&quot;:&quot;5&quot;,&quot;iso&quot;:&quot;400&quot;,&quot;shutter_speed&quot;:&quot;0.016666666666667&quot;,&quot;title&quot;:&quot;&quot;}\" data-image-title=\"verdiente Belohnung\" data-image-description=\"\" data-medium-file=\"https:\/\/i0.wp.com\/blog.kunstgriff.net\/wp-content\/uploads\/2014\/05\/verdiente-Belohnung.jpg?fit=300%2C225&#038;ssl=1\" data-large-file=\"https:\/\/i0.wp.com\/blog.kunstgriff.net\/wp-content\/uploads\/2014\/05\/verdiente-Belohnung.jpg?fit=1024%2C768&#038;ssl=1\" src=\"https:\/\/i0.wp.com\/blog.kunstgriff.net\/wp-content\/uploads\/2014\/05\/verdiente-Belohnung.jpg?w=521&#038;h=391&#038;ssl=1\" srcset=\"https:\/\/i0.wp.com\/blog.kunstgriff.net\/wp-content\/uploads\/2014\/05\/verdiente-Belohnung.jpg?w=1500&amp;ssl=1 1500w, https:\/\/i0.wp.com\/blog.kunstgriff.net\/wp-content\/uploads\/2014\/05\/verdiente-Belohnung.jpg?resize=300%2C225&amp;ssl=1 300w, https:\/\/i0.wp.com\/blog.kunstgriff.net\/wp-content\/uploads\/2014\/05\/verdiente-Belohnung.jpg?resize=1024%2C768&amp;ssl=1 1024w, https:\/\/i0.wp.com\/blog.kunstgriff.net\/wp-content\/uploads\/2014\/05\/verdiente-Belohnung.jpg?resize=400%2C300&amp;ssl=1 400w, https:\/\/i0.wp.com\/blog.kunstgriff.net\/wp-content\/uploads\/2014\/05\/verdiente-Belohnung.jpg?resize=900%2C675&amp;ssl=1 900w\" width=\"521\" height=\"391\" loading=\"lazy\" data-original-width=\"521\" data-original-height=\"391\" itemprop=\"http:\/\/schema.org\/image\" title=\"verdiente Belohnung\" alt=\"verdiente Belohnung\" style=\"width: 521px; height: 391px;\" \/> <\/a> <div class=\"tiled-gallery-caption\" itemprop=\"caption description\"> verdiente Belohnung <\/div> <\/div> <\/div> <!-- close group --> <\/div> <!-- close row --> <\/div>\n","protected":false},"excerpt":{"rendered":"<p>oder \u00bbWintertraining die Zweite\u00ab Nach dem Aufwachen war mein erster Gedanke: \u00bbHeute Ruhetag und gut\u00ab. Als ich mich jedoch dem Fr\u00fchst\u00fcckstisch n\u00e4herte und meine Mitreisenden wild \u00fcber die heutige Tourenplanung berieten, kam doch Interesse auf. Nicht zu lang sollte gefahren werden und auch Ausstiegspunkte waren wichtig, da es eventuell Regnen w\u00fcrde. Als ich dann noch &hellip; <\/p>\n<p class=\"link-more\"><a href=\"https:\/\/blog.kunstgriff.net\/?p=11794\" class=\"more-link\"><span class=\"screen-reader-text\">\u201eB\u00f6hmische Brezel\u201c <\/span>weiterlesen<\/a><\/p>\n","protected":false},"author":2,"featured_media":11797,"comment_status":"open","ping_status":"open","sticky":false,"template":"","format":"standard","meta":{"jetpack_post_was_ever_published":false,"_jetpack_newsletter_access":"","_jetpack_dont_email_post_to_subs":false,"_jetpack_newsletter_tier_id":0,"_jetpack_memberships_contains_paywalled_content":false,"_jetpack_memberships_contains_paid_content":false,"footnotes":""},"categories":[14,13,7],"tags":[],"class_list":["post-11794","post","type-post","status-publish","format-standard","has-post-thumbnail","hentry","category-radfahren","category-radreise","category-rennradfahren"],"jetpack_featured_media_url":"https:\/\/i0.wp.com\/blog.kunstgriff.net\/wp-content\/uploads\/2014\/05\/Durch-sch%C3%B6ne-W%C3%A4lder-und-Anstiege.jpg?fit=1500%2C1125&ssl=1","jetpack_shortlink":"https:\/\/wp.me\/p8Cxe7-34e","jetpack-related-posts":[{"id":6192,"url":"https:\/\/blog.kunstgriff.net\/?p=6192","url_meta":{"origin":11794,"position":0},"title":"Stundenrunde","author":"Georg","date":"Oktober 6, 2011","format":false,"excerpt":"oder \u00bbGrunewaldrunde in historischem Terrain\u00abDiese Runde bin ich fr\u00fcher\u2122 unz\u00e4hlige male gelaufen. Mit Tarek, Luka oder meinem Papa. Die Runde bekam diesen Namen, weil sie in etwa einer Stunde zu laufen war. Anfangs brauchten wir nat\u00fcrlich l\u00e4nger, sp\u00e4ter schafften wir sie unter 50 Minuten. Das war vor der Zeit, als\u2026","rel":"","context":"In &quot;Laufen&quot;","block_context":{"text":"Laufen","link":"https:\/\/blog.kunstgriff.net\/?cat=10"},"img":{"alt_text":"","src":"http:\/\/www.assoc-amazon.de\/e\/ir?t=&l=as2&o=3&a=B001JAGZC2","width":350,"height":200},"classes":[]},{"id":17957,"url":"https:\/\/blog.kunstgriff.net\/?p=17957","url_meta":{"origin":11794,"position":1},"title":"Werbellinsee-Runde","author":"Georg","date":"Mai 19, 2018","format":false,"excerpt":"Pfingst-Samstags Tour mit Sonne satt Eine gef\u00fchlte Ewigkeit ist es her, dass ich zu und um diesen sch\u00f6nen See im hohen Norden geradelt bin. Von daher freute ich mich riesig, als der Andr\u00e9 diese Runde bereits am Donnerstag per email anbot. Die Anfahrt durch die Stadt ist zwar ein wenig\u2026","rel":"","context":"In &quot;Cake-Ride&quot;","block_context":{"text":"Cake-Ride","link":"https:\/\/blog.kunstgriff.net\/?cat=34"},"img":{"alt_text":"","src":"https:\/\/i0.wp.com\/blog.kunstgriff.net\/wp-content\/uploads\/2018\/05\/Sch%C3%B6ne-Formation.jpg?fit=1200%2C800&ssl=1&resize=350%2C200","width":350,"height":200,"srcset":"https:\/\/i0.wp.com\/blog.kunstgriff.net\/wp-content\/uploads\/2018\/05\/Sch%C3%B6ne-Formation.jpg?fit=1200%2C800&ssl=1&resize=350%2C200 1x, https:\/\/i0.wp.com\/blog.kunstgriff.net\/wp-content\/uploads\/2018\/05\/Sch%C3%B6ne-Formation.jpg?fit=1200%2C800&ssl=1&resize=525%2C300 1.5x, https:\/\/i0.wp.com\/blog.kunstgriff.net\/wp-content\/uploads\/2018\/05\/Sch%C3%B6ne-Formation.jpg?fit=1200%2C800&ssl=1&resize=700%2C400 2x, https:\/\/i0.wp.com\/blog.kunstgriff.net\/wp-content\/uploads\/2018\/05\/Sch%C3%B6ne-Formation.jpg?fit=1200%2C800&ssl=1&resize=1050%2C600 3x"},"classes":[]},{"id":8391,"url":"https:\/\/blog.kunstgriff.net\/?p=8391","url_meta":{"origin":11794,"position":2},"title":"Nordrunde \u00fcber Kremmen","author":"Georg","date":"Juni 30, 2012","format":false,"excerpt":"oder \u00bbMit Angst durch den Wald\u00abHeute stand eigentlich die Werbellinsee-Runde auf dem Zettel. Leider regnete es zu meiner Abfahrzeit und so beschloss ich sp\u00e4ter auf eine Runde zu starten. Das Regengebiet zog zwar schnell durch, aber aufgrund von Berichten von Kettenbr\u00fcdern, dass gerade nach Regenschauern die Gefahr besonders hoch ist,\u2026","rel":"","context":"In &quot;Radfahren&quot;","block_context":{"text":"Radfahren","link":"https:\/\/blog.kunstgriff.net\/?cat=14"},"img":{"alt_text":"","src":"https:\/\/i0.wp.com\/blog.kunstgriff.net\/wp-content\/uploads\/2012\/06\/Neue-Decke-bei-Brieselang.jpg?resize=350%2C200","width":350,"height":200,"srcset":"https:\/\/i0.wp.com\/blog.kunstgriff.net\/wp-content\/uploads\/2012\/06\/Neue-Decke-bei-Brieselang.jpg?resize=350%2C200 1x, https:\/\/i0.wp.com\/blog.kunstgriff.net\/wp-content\/uploads\/2012\/06\/Neue-Decke-bei-Brieselang.jpg?resize=525%2C300 1.5x"},"classes":[]},{"id":6508,"url":"https:\/\/blog.kunstgriff.net\/?p=6508","url_meta":{"origin":11794,"position":3},"title":"ErgoPlanet-ergo_bike City-Tour Paris","author":"Georg","date":"November 1, 2011","format":false,"excerpt":"oder \u00bbParis mon amour\u00abSeit vier Tagen sa\u00df ich nun schon nicht mehr auf dem Rad. Das ist f\u00fcr meine Verh\u00e4ltnisse eine recht lange Zeit. Die Prellungen von meinem Sturz sind auch noch nicht wirklich verheilt, also war an eine echte Runde auf dem Renner noch nicht zu denken. Leider. Der\u2026","rel":"","context":"In &quot;Ergometer Training&quot;","block_context":{"text":"Ergometer Training","link":"https:\/\/blog.kunstgriff.net\/?cat=15"},"img":{"alt_text":"","src":"","width":0,"height":0},"classes":[]},{"id":12072,"url":"https:\/\/blog.kunstgriff.net\/?p=12072","url_meta":{"origin":11794,"position":4},"title":"Tiri-Baruth-Petkus-Runde","author":"Georg","date":"August 10, 2014","format":false,"excerpt":"oder \u00bbVielleicht ein bisschen lang!?\u00abNach einer erneuten Woche Rennrad-Abstinenz \u00fcberlegte ich vor dem Losfahren ob es wohl eine gute Idee sei, heute bei den M\u00e4dels und Jungs am TiRi aufzuschlagen. Mein Zweifeln begleitete mich die ersten Kilometer, der sehr sch\u00f6nen Anfahrt durch die, bedingt durch die Sommerferien, fast autofreie und\u2026","rel":"","context":"In &quot;Radfahren&quot;","block_context":{"text":"Radfahren","link":"https:\/\/blog.kunstgriff.net\/?cat=14"},"img":{"alt_text":"","src":"https:\/\/i0.wp.com\/blog.kunstgriff.net\/wp-content\/uploads\/2014\/08\/we-love-cycling.jpg?fit=1200%2C900&ssl=1&resize=350%2C200","width":350,"height":200,"srcset":"https:\/\/i0.wp.com\/blog.kunstgriff.net\/wp-content\/uploads\/2014\/08\/we-love-cycling.jpg?fit=1200%2C900&ssl=1&resize=350%2C200 1x, https:\/\/i0.wp.com\/blog.kunstgriff.net\/wp-content\/uploads\/2014\/08\/we-love-cycling.jpg?fit=1200%2C900&ssl=1&resize=525%2C300 1.5x, https:\/\/i0.wp.com\/blog.kunstgriff.net\/wp-content\/uploads\/2014\/08\/we-love-cycling.jpg?fit=1200%2C900&ssl=1&resize=700%2C400 2x, https:\/\/i0.wp.com\/blog.kunstgriff.net\/wp-content\/uploads\/2014\/08\/we-love-cycling.jpg?fit=1200%2C900&ssl=1&resize=1050%2C600 3x"},"classes":[]},{"id":2646,"url":"https:\/\/blog.kunstgriff.net\/?p=2646","url_meta":{"origin":11794,"position":5},"title":"\u00bb3 Bears Runde\u00ab mit dem neuen Daum ergo bike premium 8i","author":"Georg","date":"November 3, 2010","format":false,"excerpt":"Nach langem Hin- und Her habe ich es dann doch getan: Ein Daum ergo bike premium 8i wurde angeschafft. Lange \u00fcberlegte ich ob ich diese, doch recht hohe, Investition in einen Heimtrainer t\u00e4tigen soll. Die geniale donationware Software ErgoPlanet hat dann den Ausschlag gegeben. Meine Kaufentscheidung war wieder, wie beim\u2026","rel":"","context":"In &quot;Ergometer Training&quot;","block_context":{"text":"Ergometer Training","link":"https:\/\/blog.kunstgriff.net\/?cat=15"},"img":{"alt_text":"","src":"https:\/\/i0.wp.com\/www.daum-electronic.de\/images\/prem\/rot\/pr8iSeit600.jpg?resize=350%2C200","width":350,"height":200},"classes":[]}],"jetpack_likes_enabled":true,"jetpack_sharing_enabled":true,"_links":{"self":[{"href":"https:\/\/blog.kunstgriff.net\/index.php?rest_route=\/wp\/v2\/posts\/11794","targetHints":{"allow":["GET"]}}],"collection":[{"href":"https:\/\/blog.kunstgriff.net\/index.php?rest_route=\/wp\/v2\/posts"}],"about":[{"href":"https:\/\/blog.kunstgriff.net\/index.php?rest_route=\/wp\/v2\/types\/post"}],"author":[{"embeddable":true,"href":"https:\/\/blog.kunstgriff.net\/index.php?rest_route=\/wp\/v2\/users\/2"}],"replies":[{"embeddable":true,"href":"https:\/\/blog.kunstgriff.net\/index.php?rest_route=%2Fwp%2Fv2%2Fcomments&post=11794"}],"version-history":[{"count":0,"href":"https:\/\/blog.kunstgriff.net\/index.php?rest_route=\/wp\/v2\/posts\/11794\/revisions"}],"wp:featuredmedia":[{"embeddable":true,"href":"https:\/\/blog.kunstgriff.net\/index.php?rest_route=\/wp\/v2\/media\/11797"}],"wp:attachment":[{"href":"https:\/\/blog.kunstgriff.net\/index.php?rest_route=%2Fwp%2Fv2%2Fmedia&parent=11794"}],"wp:term":[{"taxonomy":"category","embeddable":true,"href":"https:\/\/blog.kunstgriff.net\/index.php?rest_route=%2Fwp%2Fv2%2Fcategories&post=11794"},{"taxonomy":"post_tag","embeddable":true,"href":"https:\/\/blog.kunstgriff.net\/index.php?rest_route=%2Fwp%2Fv2%2Ftags&post=11794"}],"curies":[{"name":"wp","href":"https:\/\/api.w.org\/{rel}","templated":true}]}}