{"id":11816,"date":"2014-05-11T14:55:22","date_gmt":"2014-05-11T12:55:22","guid":{"rendered":"http:\/\/blog.kunstgriff.net\/?p=11816"},"modified":"2016-08-01T19:25:04","modified_gmt":"2016-08-01T17:25:04","slug":"schwielowsee-runde-2","status":"publish","type":"post","link":"https:\/\/blog.kunstgriff.net\/?p=11816","title":{"rendered":"Schwielowsee Runde"},"content":{"rendered":"<span class=\"span-reading-time rt-reading-time\" style=\"display: block;\"><span class=\"rt-label rt-prefix\">Lesezeit: <\/span> <span class=\"rt-time\"> 2<\/span> <span class=\"rt-label rt-postfix\">Minuten<\/span><\/span><h4>oder \u00bbdurch bl\u00fchende Landschaften\u00ab<\/h4>\n<hr \/>\n<p>Heute wollte ich es mal wieder wissen und endlich meine Schwielowsee-Runde \u00fcber Sacrow und Golm fahren. Wie ich <a href=\"http:\/\/blog.kunstgriff.net\/?p=8762\" target=\"_blank\">meinen Aufzeichnungen<\/a> entnehmen konnte, bin ich so schon seit fast zwei Jahren nicht mehr aus der Stadt raus gefahren. Dabei ist es ein wirklich klasse Weg, der eine Menge Abwechslung gegen\u00fcber den Anderen, so oft gefahrenen Strecken, bot.<\/p>\n<p>Vieles gab es heute neu zu entdecken: Erst einmal wollte ich mir die Bauarbeiten an der <a href=\"http:\/\/de.wikipedia.org\/wiki\/Freybr\u00fccke\" target=\"_blank\">Freybr\u00fccke<\/a> an der Heerstrasse ansehen, bevor ich in Richtung Gatow abbog.<\/p>\n<p>Die Beine wollten kurbeln und ich hatte grossen Spass an der Bewegung. Es ist ja auch um einiges lockerer, wenn nicht st\u00e4ndig einem Hinterrad gefolgt, ein Ortsschild ausgemacht, ein Schnitt gehalten, ein KOM oder PR erfahren werden muss. Einfach nur mit <em>meinem<\/em> Tempo sportlich dahingleiten. <em>Herrlich!<\/em><\/p>\n<p><a href=\"https:\/\/i0.wp.com\/blog.kunstgriff.net\/wp-content\/uploads\/2014\/05\/Neuer-glatter-Superasphalt-zwischen-Sacrow-und-Neufahrland.jpg\"><img data-recalc-dims=\"1\" loading=\"lazy\" decoding=\"async\" data-attachment-id=\"11814\" data-permalink=\"https:\/\/blog.kunstgriff.net\/?attachment_id=11814\" data-orig-file=\"https:\/\/i0.wp.com\/blog.kunstgriff.net\/wp-content\/uploads\/2014\/05\/Neuer-glatter-Superasphalt-zwischen-Sacrow-und-Neufahrland.jpg?fit=1500%2C1125&amp;ssl=1\" data-orig-size=\"1500,1125\" data-comments-opened=\"1\" data-image-meta=\"{&quot;aperture&quot;:&quot;2.8&quot;,&quot;credit&quot;:&quot;&quot;,&quot;camera&quot;:&quot;Canon DIGITAL IXUS 870 IS&quot;,&quot;caption&quot;:&quot;&quot;,&quot;created_timestamp&quot;:&quot;1399800779&quot;,&quot;copyright&quot;:&quot;&quot;,&quot;focal_length&quot;:&quot;5&quot;,&quot;iso&quot;:&quot;400&quot;,&quot;shutter_speed&quot;:&quot;0.005&quot;,&quot;title&quot;:&quot;&quot;}\" data-image-title=\"Neuer glatter Superasphalt zwischen Sacrow und Neufahrland\" data-image-description=\"\" data-image-caption=\"\" data-large-file=\"https:\/\/i0.wp.com\/blog.kunstgriff.net\/wp-content\/uploads\/2014\/05\/Neuer-glatter-Superasphalt-zwischen-Sacrow-und-Neufahrland.jpg?fit=1024%2C768&amp;ssl=1\" class=\"alignleft size-medium wp-image-11814\" src=\"https:\/\/i0.wp.com\/blog.kunstgriff.net\/wp-content\/uploads\/2014\/05\/Neuer-glatter-Superasphalt-zwischen-Sacrow-und-Neufahrland-300x225.jpg?resize=300%2C225\" alt=\"Neuer glatter Superasphalt zwischen Sacrow und Neufahrland\" width=\"300\" height=\"225\" srcset=\"https:\/\/i0.wp.com\/blog.kunstgriff.net\/wp-content\/uploads\/2014\/05\/Neuer-glatter-Superasphalt-zwischen-Sacrow-und-Neufahrland.jpg?resize=300%2C225&amp;ssl=1 300w, https:\/\/i0.wp.com\/blog.kunstgriff.net\/wp-content\/uploads\/2014\/05\/Neuer-glatter-Superasphalt-zwischen-Sacrow-und-Neufahrland.jpg?resize=1024%2C768&amp;ssl=1 1024w, https:\/\/i0.wp.com\/blog.kunstgriff.net\/wp-content\/uploads\/2014\/05\/Neuer-glatter-Superasphalt-zwischen-Sacrow-und-Neufahrland.jpg?resize=400%2C300&amp;ssl=1 400w, https:\/\/i0.wp.com\/blog.kunstgriff.net\/wp-content\/uploads\/2014\/05\/Neuer-glatter-Superasphalt-zwischen-Sacrow-und-Neufahrland.jpg?resize=900%2C675&amp;ssl=1 900w, https:\/\/i0.wp.com\/blog.kunstgriff.net\/wp-content\/uploads\/2014\/05\/Neuer-glatter-Superasphalt-zwischen-Sacrow-und-Neufahrland.jpg?w=1500&amp;ssl=1 1500w\" sizes=\"auto, (max-width: 300px) 100vw, 300px\" \/><\/a>Die n\u00e4chste Neuerung erwartet mich hinter Sacrow: Die Verbindungsstrasse r\u00fcber nach Neu Fahrland durch den Forst war komplett neu asphaltiert. Herrlich leiser und glatter Asphalt und kein konzentriertes Ausweichen mehr durch die L\u00f6cher und Buckel. Das etwa 5 km lange, kerzengerade St\u00fcck k\u00f6nnte nun glatt als Zeitfahr-Strecke herhalten, zumal am Ende noch eine kleine Welle folgt bevor es wieder zur Bundesstrasse geht.<\/p>\n<p>Nach Fahrland und dem Weinberg die n\u00e4chste Neuerung: Ein erstklassig\u00a0asphaltierter, fahrbahnbegleitender Radweg. Ich war beeindruck, wie viel sich in dieser Gegend getan hatte. Hier fuhr\u00a0ich vor fast 10 Jahren meine ersten Rad-Trainings-Kilometer. Viel hat sich hier landschaftlich ver\u00e4ndert. Meist zum Guten: Nicht nur neuer Strassenbelag an jeder Ecke, auch neue Gesch\u00e4fte haben sich angesiedelt, und Restaurants sind er\u00f6ffnet worden. Einfamilienh\u00e4user haben einen neuen Anstrich erhalten und Car-Ports wurden errichtet. Eine tolle Entwicklung f\u00fcr diesen Sektor Brandenburgs, der mich motiviert, dieses Terrain wieder \u00f6fter unter die R\u00e4der zu nehmen. Das meinte unser Alt-Kanzler <del>\u00bbBirne\u00ab<\/del> Dr. Helmut Kohl wohl mit\u00a0<em>\u00bbBl\u00fchenden Landschaften\u00ab\u2026<\/em><\/p>\n<p><a href=\"https:\/\/i0.wp.com\/blog.kunstgriff.net\/wp-content\/uploads\/2014\/05\/Nicht-wirklich-sozial.jpg\"><img data-recalc-dims=\"1\" loading=\"lazy\" decoding=\"async\" data-attachment-id=\"11815\" data-permalink=\"https:\/\/blog.kunstgriff.net\/?attachment_id=11815\" data-orig-file=\"https:\/\/i0.wp.com\/blog.kunstgriff.net\/wp-content\/uploads\/2014\/05\/Nicht-wirklich-sozial.jpg?fit=1500%2C1125&amp;ssl=1\" data-orig-size=\"1500,1125\" data-comments-opened=\"1\" data-image-meta=\"{&quot;aperture&quot;:&quot;2.8&quot;,&quot;credit&quot;:&quot;&quot;,&quot;camera&quot;:&quot;Canon DIGITAL IXUS 870 IS&quot;,&quot;caption&quot;:&quot;&quot;,&quot;created_timestamp&quot;:&quot;1399801486&quot;,&quot;copyright&quot;:&quot;&quot;,&quot;focal_length&quot;:&quot;5&quot;,&quot;iso&quot;:&quot;80&quot;,&quot;shutter_speed&quot;:&quot;0.001&quot;,&quot;title&quot;:&quot;&quot;}\" data-image-title=\"Nicht wirklich sozial\" data-image-description=\"\" data-image-caption=\"\" data-large-file=\"https:\/\/i0.wp.com\/blog.kunstgriff.net\/wp-content\/uploads\/2014\/05\/Nicht-wirklich-sozial.jpg?fit=1024%2C768&amp;ssl=1\" class=\"alignright size-medium wp-image-11815\" src=\"https:\/\/i0.wp.com\/blog.kunstgriff.net\/wp-content\/uploads\/2014\/05\/Nicht-wirklich-sozial-300x225.jpg?resize=300%2C225\" alt=\"Nicht wirklich sozial\" width=\"300\" height=\"225\" srcset=\"https:\/\/i0.wp.com\/blog.kunstgriff.net\/wp-content\/uploads\/2014\/05\/Nicht-wirklich-sozial.jpg?resize=300%2C225&amp;ssl=1 300w, https:\/\/i0.wp.com\/blog.kunstgriff.net\/wp-content\/uploads\/2014\/05\/Nicht-wirklich-sozial.jpg?resize=1024%2C768&amp;ssl=1 1024w, https:\/\/i0.wp.com\/blog.kunstgriff.net\/wp-content\/uploads\/2014\/05\/Nicht-wirklich-sozial.jpg?resize=400%2C300&amp;ssl=1 400w, https:\/\/i0.wp.com\/blog.kunstgriff.net\/wp-content\/uploads\/2014\/05\/Nicht-wirklich-sozial.jpg?resize=900%2C675&amp;ssl=1 900w, https:\/\/i0.wp.com\/blog.kunstgriff.net\/wp-content\/uploads\/2014\/05\/Nicht-wirklich-sozial.jpg?w=1500&amp;ssl=1 1500w\" sizes=\"auto, (max-width: 300px) 100vw, 300px\" \/><\/a>Hinter Ferch am Schwielowsee kamen mir noch zwei Rennrad-M\u00e4dels entgegen, von denen ich die Eine sofort an ihrem braunen Zopf und der leuchtenden Rapha-Weste erkannte. Ari war mit einer Freundin trainieren. Ein kurze Unterhaltung <em>musste<\/em> reichen, da es ohne Bewegung echt schnell kalt wurde.<\/p>\n<p>Nun noch den Michendorfer <del>Berg<\/del> H\u00fcgel und dann \u00fcber Langerwisch, Philipstal, G\u00fcterfelde und Dreilinden nach Wannsee. Dort fing es auch leider an zu regnen. Zum Gl\u00fcck nur ein kurzer Schauer, denn ich hatte keine Regenjacke oder gar \u00dcberschuhe im Gep\u00e4ck. Das machte mir dann auf der Havelchaussee echt zu schaffen, denn die Zehen waren in den durchn\u00e4ssten Schuhen sehr kalt.<\/p>\n<p>Also schnell nach Hause, unter die warm Dusche. Klasse Sonntags-Ausfahrt alleine auf meiner Retro-Runde. Sollte ich \u00f6fters wiederholen!<\/p>\n<p><iframe height='405' width='590' frameborder='0' allowtransparency='true' scrolling='no' src='https:\/\/www.strava.com\/activities\/139854499\/embed\/a2049ae0b1587e8260a711e1e8daccb6ea45095e'><\/iframe><\/p>\n","protected":false},"excerpt":{"rendered":"<p>oder \u00bbdurch bl\u00fchende Landschaften\u00ab Heute wollte ich es mal wieder wissen und endlich meine Schwielowsee-Runde \u00fcber Sacrow und Golm fahren. Wie ich meinen Aufzeichnungen entnehmen konnte, bin ich so schon seit fast zwei Jahren nicht mehr aus der Stadt raus gefahren. Dabei ist es ein wirklich klasse Weg, der eine Menge Abwechslung gegen\u00fcber den Anderen, &hellip; <\/p>\n<p class=\"link-more\"><a href=\"https:\/\/blog.kunstgriff.net\/?p=11816\" class=\"more-link\"><span class=\"screen-reader-text\">\u201eSchwielowsee Runde\u201c <\/span>weiterlesen<\/a><\/p>\n","protected":false},"author":2,"featured_media":11815,"comment_status":"open","ping_status":"open","sticky":false,"template":"","format":"standard","meta":{"jetpack_post_was_ever_published":false,"_jetpack_newsletter_access":"","_jetpack_dont_email_post_to_subs":false,"_jetpack_newsletter_tier_id":0,"_jetpack_memberships_contains_paywalled_content":false,"_jetpack_memberships_contains_paid_content":false,"footnotes":""},"categories":[14,7],"tags":[],"class_list":["post-11816","post","type-post","status-publish","format-standard","has-post-thumbnail","hentry","category-radfahren","category-rennradfahren"],"jetpack_featured_media_url":"https:\/\/i0.wp.com\/blog.kunstgriff.net\/wp-content\/uploads\/2014\/05\/Nicht-wirklich-sozial.jpg?fit=1500%2C1125&ssl=1","jetpack_shortlink":"https:\/\/wp.me\/p8Cxe7-34A","jetpack-related-posts":[{"id":9363,"url":"https:\/\/blog.kunstgriff.net\/?p=9363","url_meta":{"origin":11816,"position":0},"title":"Erweiterte Schwielowsee-Herbst-Runde","author":"Georg","date":"Oktober 25, 2012","format":false,"excerpt":"oder \u00bbToller Herbsttag zum Trainieren\u00abDa heute nur ein sehr kurzer Job-Trainings-Tag ist, beschloss ich den Vormittag f\u00fcr einen Rennrad-Trainings-Vormittag zu nutzen. Die Wettervorhersage prognostizierte zwar Nieselregen, aber ein Blick aus dem Fenster zeigte sogar ein paar Sonnenstrahlen. Also nix wie raus auf den Renner. Auf dem Zettel stand die Schwielowsee-Runde,\u2026","rel":"","context":"In &quot;Radfahren&quot;","block_context":{"text":"Radfahren","link":"https:\/\/blog.kunstgriff.net\/?cat=14"},"img":{"alt_text":"","src":"https:\/\/i0.wp.com\/blog.kunstgriff.net\/wp-content\/uploads\/2012\/10\/Krone-mit-viel-Laub-im-Herbst.jpg?fit=1000%2C750&ssl=1&resize=350%2C200","width":350,"height":200,"srcset":"https:\/\/i0.wp.com\/blog.kunstgriff.net\/wp-content\/uploads\/2012\/10\/Krone-mit-viel-Laub-im-Herbst.jpg?fit=1000%2C750&ssl=1&resize=350%2C200 1x, https:\/\/i0.wp.com\/blog.kunstgriff.net\/wp-content\/uploads\/2012\/10\/Krone-mit-viel-Laub-im-Herbst.jpg?fit=1000%2C750&ssl=1&resize=525%2C300 1.5x, https:\/\/i0.wp.com\/blog.kunstgriff.net\/wp-content\/uploads\/2012\/10\/Krone-mit-viel-Laub-im-Herbst.jpg?fit=1000%2C750&ssl=1&resize=700%2C400 2x"},"classes":[]},{"id":5913,"url":"https:\/\/blog.kunstgriff.net\/?p=5913","url_meta":{"origin":11816,"position":1},"title":"Erweiterte Schwielowsee-Feierabendrunde","author":"Georg","date":"September 14, 2011","format":false,"excerpt":"oder \u00bbKein Tag f\u00fcr Bestzeiten\u00abRichtig Lust zum Radfahren hatte ich heute eigentlich nicht. Zerstreuung konnte ich trotzdem gut gebrauchen und so schwang ich mich auf meinen Renner um ein wenig abzuschalten. Heute etwas l\u00e4nger als gestern, den Schwielowsee mal wieder erkunden. Nicht das ich dort in letzter Zeit selten gewesen\u2026","rel":"","context":"In &quot;Radfahren&quot;","block_context":{"text":"Radfahren","link":"https:\/\/blog.kunstgriff.net\/?cat=14"},"img":{"alt_text":"","src":"https:\/\/i0.wp.com\/blog.kunstgriff.net\/wp-content\/uploads\/2011\/09\/Westwind.png?resize=350%2C200","width":350,"height":200},"classes":[]},{"id":22340,"url":"https:\/\/blog.kunstgriff.net\/?p=22340","url_meta":{"origin":11816,"position":2},"title":"Schwielowsee-Runde","author":"Georg","date":"Juli 4, 2021","format":false,"excerpt":"ungeplanter Cake-Ride Eigentlich wollte ich heute gar nicht drau\u00dfen fahren. Ne Stunde Zwift und dann faulenzen oder Sportwagen fahren. Das Wetter war dann doch zu verlockend um nicht den Renner, nach der anstrengenden gestrigen Tour erneut auf der Strasse zu bewegen. Auf dem Plan war meine FAR (Feierabendrunde). Knapp 60\u2026","rel":"","context":"In &quot;Cake-Ride&quot;","block_context":{"text":"Cake-Ride","link":"https:\/\/blog.kunstgriff.net\/?cat=34"},"img":{"alt_text":"Brandenburg kann auch ganz sch\u00f6n sein","src":"https:\/\/i0.wp.com\/blog.kunstgriff.net\/wp-content\/uploads\/2021\/07\/Brandenburg-kann-auch-ganz-schoen-sein.jpg?fit=1200%2C800&ssl=1&resize=350%2C200","width":350,"height":200,"srcset":"https:\/\/i0.wp.com\/blog.kunstgriff.net\/wp-content\/uploads\/2021\/07\/Brandenburg-kann-auch-ganz-schoen-sein.jpg?fit=1200%2C800&ssl=1&resize=350%2C200 1x, https:\/\/i0.wp.com\/blog.kunstgriff.net\/wp-content\/uploads\/2021\/07\/Brandenburg-kann-auch-ganz-schoen-sein.jpg?fit=1200%2C800&ssl=1&resize=525%2C300 1.5x, https:\/\/i0.wp.com\/blog.kunstgriff.net\/wp-content\/uploads\/2021\/07\/Brandenburg-kann-auch-ganz-schoen-sein.jpg?fit=1200%2C800&ssl=1&resize=700%2C400 2x, https:\/\/i0.wp.com\/blog.kunstgriff.net\/wp-content\/uploads\/2021\/07\/Brandenburg-kann-auch-ganz-schoen-sein.jpg?fit=1200%2C800&ssl=1&resize=1050%2C600 3x"},"classes":[]},{"id":11432,"url":"https:\/\/blog.kunstgriff.net\/?p=11432","url_meta":{"origin":11816,"position":3},"title":"Schwielowsee-Runde","author":"Georg","date":"M\u00e4rz 9, 2014","format":false,"excerpt":"oder \u00bbBeste Gesellschaft & Sonnenschein\u00ab Nachdem es gestern ja eher etwas h\u00e4rter zu Sache ging, wollte ich heute mal etwas lockerer durch Brandenburg rollen. Eigentlich konnte ich mich nach dem Aufstehen gar nicht motivieren, \u00fcberhaupt etwas zu tun, denn die Beine schmerzten noch. Aber was hilft dagegen am Besten: Bewegung.\u2026","rel":"","context":"In &quot;Radfahren&quot;","block_context":{"text":"Radfahren","link":"https:\/\/blog.kunstgriff.net\/?cat=14"},"img":{"alt_text":"","src":"https:\/\/i0.wp.com\/blog.kunstgriff.net\/wp-content\/uploads\/2014\/03\/Kurze-Riegelpause-vor-Ferch.jpg?fit=1200%2C900&ssl=1&resize=350%2C200","width":350,"height":200,"srcset":"https:\/\/i0.wp.com\/blog.kunstgriff.net\/wp-content\/uploads\/2014\/03\/Kurze-Riegelpause-vor-Ferch.jpg?fit=1200%2C900&ssl=1&resize=350%2C200 1x, https:\/\/i0.wp.com\/blog.kunstgriff.net\/wp-content\/uploads\/2014\/03\/Kurze-Riegelpause-vor-Ferch.jpg?fit=1200%2C900&ssl=1&resize=525%2C300 1.5x, https:\/\/i0.wp.com\/blog.kunstgriff.net\/wp-content\/uploads\/2014\/03\/Kurze-Riegelpause-vor-Ferch.jpg?fit=1200%2C900&ssl=1&resize=700%2C400 2x, https:\/\/i0.wp.com\/blog.kunstgriff.net\/wp-content\/uploads\/2014\/03\/Kurze-Riegelpause-vor-Ferch.jpg?fit=1200%2C900&ssl=1&resize=1050%2C600 3x"},"classes":[]},{"id":7698,"url":"https:\/\/blog.kunstgriff.net\/?p=7698","url_meta":{"origin":11816,"position":4},"title":"1. Erweiterte Schwielowsee-Runde 2012","author":"Georg","date":"April 9, 2012","format":false,"excerpt":"oder \u00bbOstermontag-Tour mit super Truppe\u00ab In den letzen Tagen schloss ich mich ja den Touren von Oleg an, heute wollte ich selber wieder einen Vorschlag machen, den ich auch auf der Rennradliste annoncierte: Die Schwielowsee-Runde stand das erste Mal in 2012 auf dem Zettel. Um 11:20 Uhr fanden sich am\u2026","rel":"","context":"In &quot;Radfahren&quot;","block_context":{"text":"Radfahren","link":"https:\/\/blog.kunstgriff.net\/?cat=14"},"img":{"alt_text":"","src":"https:\/\/i0.wp.com\/blog.kunstgriff.net\/wp-content\/uploads\/2012\/04\/D%C3%A9j%C3%A0-vu-beim-B%C3%A4cker-R%C3%B6hrig.jpg?fit=1000%2C750&ssl=1&resize=350%2C200","width":350,"height":200,"srcset":"https:\/\/i0.wp.com\/blog.kunstgriff.net\/wp-content\/uploads\/2012\/04\/D%C3%A9j%C3%A0-vu-beim-B%C3%A4cker-R%C3%B6hrig.jpg?fit=1000%2C750&ssl=1&resize=350%2C200 1x, https:\/\/i0.wp.com\/blog.kunstgriff.net\/wp-content\/uploads\/2012\/04\/D%C3%A9j%C3%A0-vu-beim-B%C3%A4cker-R%C3%B6hrig.jpg?fit=1000%2C750&ssl=1&resize=525%2C300 1.5x, https:\/\/i0.wp.com\/blog.kunstgriff.net\/wp-content\/uploads\/2012\/04\/D%C3%A9j%C3%A0-vu-beim-B%C3%A4cker-R%C3%B6hrig.jpg?fit=1000%2C750&ssl=1&resize=700%2C400 2x"},"classes":[]},{"id":2397,"url":"https:\/\/blog.kunstgriff.net\/?p=2397","url_meta":{"origin":11816,"position":5},"title":"Schwielowsee-Feierabendrunde","author":"Georg","date":"September 15, 2010","format":false,"excerpt":"oder \"Drei Mann gegen den Wind\"Beinahe h\u00e4tte ich vergessen das heute wieder Mittwoch ist und die traditionelle Schwielowsee-Feierabendrunde ansteht. Oliver N. kam mir mit der Ank\u00fcndigung auf der Rennradliste zuvor und so trafen wir uns um 17 Uhr bei herrlich trockenem Sp\u00e4tsommerwetter an gewohnter Stelle. Leider locken, wie er selber\u2026","rel":"","context":"In &quot;Radfahren&quot;","block_context":{"text":"Radfahren","link":"https:\/\/blog.kunstgriff.net\/?cat=14"},"img":{"alt_text":"","src":"","width":0,"height":0},"classes":[]}],"jetpack_likes_enabled":true,"jetpack_sharing_enabled":true,"_links":{"self":[{"href":"https:\/\/blog.kunstgriff.net\/index.php?rest_route=\/wp\/v2\/posts\/11816","targetHints":{"allow":["GET"]}}],"collection":[{"href":"https:\/\/blog.kunstgriff.net\/index.php?rest_route=\/wp\/v2\/posts"}],"about":[{"href":"https:\/\/blog.kunstgriff.net\/index.php?rest_route=\/wp\/v2\/types\/post"}],"author":[{"embeddable":true,"href":"https:\/\/blog.kunstgriff.net\/index.php?rest_route=\/wp\/v2\/users\/2"}],"replies":[{"embeddable":true,"href":"https:\/\/blog.kunstgriff.net\/index.php?rest_route=%2Fwp%2Fv2%2Fcomments&post=11816"}],"version-history":[{"count":0,"href":"https:\/\/blog.kunstgriff.net\/index.php?rest_route=\/wp\/v2\/posts\/11816\/revisions"}],"wp:featuredmedia":[{"embeddable":true,"href":"https:\/\/blog.kunstgriff.net\/index.php?rest_route=\/wp\/v2\/media\/11815"}],"wp:attachment":[{"href":"https:\/\/blog.kunstgriff.net\/index.php?rest_route=%2Fwp%2Fv2%2Fmedia&parent=11816"}],"wp:term":[{"taxonomy":"category","embeddable":true,"href":"https:\/\/blog.kunstgriff.net\/index.php?rest_route=%2Fwp%2Fv2%2Fcategories&post=11816"},{"taxonomy":"post_tag","embeddable":true,"href":"https:\/\/blog.kunstgriff.net\/index.php?rest_route=%2Fwp%2Fv2%2Ftags&post=11816"}],"curies":[{"name":"wp","href":"https:\/\/api.w.org\/{rel}","templated":true}]}}