{"id":11836,"date":"2014-05-25T16:41:46","date_gmt":"2014-05-25T14:41:46","guid":{"rendered":"http:\/\/blog.kunstgriff.net\/?p=11836"},"modified":"2016-08-01T19:23:20","modified_gmt":"2016-08-01T17:23:20","slug":"baeckerrunde-nach-fehrbellin-reverse","status":"publish","type":"post","link":"https:\/\/blog.kunstgriff.net\/?p=11836","title":{"rendered":"B\u00e4ckerrunde nach Fehrbellin-reverse"},"content":{"rendered":"<span class=\"span-reading-time rt-reading-time\" style=\"display: block;\"><span class=\"rt-label rt-prefix\">Lesezeit: <\/span> <span class=\"rt-time\"> &lt; 1<\/span> <span class=\"rt-label rt-postfix\">Minute<\/span><\/span><h4>oder \u00bbAlleine zum Lieblings-Ausflugsziel in der Ostprignitz\u00ab<\/h4>\n<hr \/>\n<p>Tourenangebote gab es heute wieder ohne Ende. Das hervorragende Wetter war aber auch pr\u00e4destiniert f\u00fcr eine Ausfahrt\u00a0auf dem Renner.<\/p>\n<p>So richtig sagte mir aber kein Angebot zu und ich hatte auch noch den Charm meines letzten <a href=\"http:\/\/blog.kunstgriff.net\/?p=11816\" target=\"_blank\">Solo-Ritts<\/a> im Hinterkopf. So war schnell klar, dass ich heute wieder alleine fahren w\u00fcrde. Auf ein wenig Gesellschaft hatte ich aber schon Lust und kulinarische K\u00f6stlichkeiten\u00a0w\u00e4hrend einer Ausfahrt waren auch willkommen, also machte ich folgenden Plan: Entgegen des Uhrzeigersinns nach Fehrbellin fahren und meine Abfahrt so <em>timen<\/em>, dass ich in etwas zeitgleich mit Tom, Erik und Sebastian dort eintreffen w\u00fcrde. Die wollten die Runde auch fahren, aber in anderer, hundertmal gefahrener, Richtung.<\/p>\n<p>Cooler Plan, ruff uffs Rad und los! Die Sonne, der blaue Himmel und schon fast 20\u00b0C bei Fahrantritt, lie\u00dfen die Stimmung schnell steigen. Der Westwind blies zwar ein wenig unangenehm aber ich hatte Zeit und der auf mich wartende Kuchen in Fehrbellin motivierten doppelt.<\/p>\n<p>Die Vesper beim Konditor war noch nicht einmal zur H\u00e4lfte verdr\u00fcckt, da erreichten Tom, Erik, Sebastian und Olaf den Konditor. Die \u00dcberraschung der Vier war gross, hatten sie doch heute nicht mit mir an diesem Ort gerechnet. Bei Kaffee &amp; Kuchen ist in der Sonne gut plaudern, so machten wir uns recht sp\u00e4t auf die Weiterfahrt. Nur ein paar Meter fuhren wir gemeinsam, denn ich wollte die Runde ja r\u00fcckw\u00e4rts fahren.<\/p>\n<p>Die 70 km nach Hause ging es dann auf weiten Teilen der Strecke mit leichtem Schiebewind, was doppelt Spass machte.<\/p>\n<p><em>Tolle Ausfahrt, klasse Rennrad-Sonntag!<\/em><\/p>\n<p><iframe loading=\"lazy\" src=\"https:\/\/www.strava.com\/activities\/145383138\/embed\/a884f42dd25ca8968ca424c11456bc79d6c54b75\" width=\"590\" height=\"405\" frameborder=\"0\" scrolling=\"no\"><\/iframe><\/p>\n<div class=\"tiled-gallery type-rectangular tiled-gallery-unresized\" data-original-width=\"525\" data-carousel-extra='{&quot;blog_id&quot;:1,&quot;permalink&quot;:&quot;https:\\\/\\\/blog.kunstgriff.net\\\/?p=11836&quot;,&quot;likes_blog_id&quot;:127394879}' itemscope itemtype=\"http:\/\/schema.org\/ImageGallery\" > <div class=\"gallery-row\" style=\"width: 525px; height: 264px;\" data-original-width=\"525\" data-original-height=\"264\" > <div class=\"gallery-group images-1\" style=\"width: 350px; height: 264px;\" data-original-width=\"350\" data-original-height=\"264\" > <div class=\"tiled-gallery-item tiled-gallery-item-large\" itemprop=\"associatedMedia\" itemscope itemtype=\"http:\/\/schema.org\/ImageObject\"> <a href=\"https:\/\/blog.kunstgriff.net\/?attachment_id=11842\" border=\"0\" itemprop=\"url\"> <meta itemprop=\"width\" content=\"346\"> <meta itemprop=\"height\" content=\"260\"> <img decoding=\"async\" class=\"\" data-attachment-id=\"11842\" data-orig-file=\"https:\/\/blog.kunstgriff.net\/wp-content\/uploads\/2014\/05\/Start-duch-meinen-gr\u00fcnen-Spandauer-Forst.jpg\" data-orig-size=\"1500,1125\" data-comments-opened=\"1\" data-image-meta=\"{&quot;aperture&quot;:&quot;2.8&quot;,&quot;credit&quot;:&quot;&quot;,&quot;camera&quot;:&quot;Canon DIGITAL IXUS 870 IS&quot;,&quot;caption&quot;:&quot;&quot;,&quot;created_timestamp&quot;:&quot;1401010719&quot;,&quot;copyright&quot;:&quot;&quot;,&quot;focal_length&quot;:&quot;5&quot;,&quot;iso&quot;:&quot;400&quot;,&quot;shutter_speed&quot;:&quot;0.008&quot;,&quot;title&quot;:&quot;&quot;}\" data-image-title=\"Start duch meinen gr\u00fcnen Spandauer Forst\" data-image-description=\"\" data-medium-file=\"https:\/\/i0.wp.com\/blog.kunstgriff.net\/wp-content\/uploads\/2014\/05\/Start-duch-meinen-gr%C3%BCnen-Spandauer-Forst.jpg?fit=300%2C225&#038;ssl=1\" data-large-file=\"https:\/\/i0.wp.com\/blog.kunstgriff.net\/wp-content\/uploads\/2014\/05\/Start-duch-meinen-gr%C3%BCnen-Spandauer-Forst.jpg?fit=1024%2C768&#038;ssl=1\" src=\"https:\/\/i0.wp.com\/blog.kunstgriff.net\/wp-content\/uploads\/2014\/05\/Start-duch-meinen-gr%C3%BCnen-Spandauer-Forst.jpg?w=346&#038;h=260&#038;ssl=1\" width=\"346\" height=\"260\" loading=\"lazy\" data-original-width=\"346\" data-original-height=\"260\" itemprop=\"http:\/\/schema.org\/image\" title=\"Start duch meinen gr\u00fcnen Spandauer Forst\" alt=\"Start duch meinen gr\u00fcnen Spandauer Forst\" style=\"width: 346px; height: 260px;\" \/> <\/a> <div class=\"tiled-gallery-caption\" itemprop=\"caption description\"> Start duch meinen gr\u00fcnen Spandauer Forst <\/div> <\/div> <\/div> <!-- close group --> <div class=\"gallery-group images-2\" style=\"width: 175px; height: 264px;\" data-original-width=\"175\" data-original-height=\"264\" > <div class=\"tiled-gallery-item tiled-gallery-item-small\" itemprop=\"associatedMedia\" itemscope itemtype=\"http:\/\/schema.org\/ImageObject\"> <a href=\"https:\/\/blog.kunstgriff.net\/?attachment_id=11840\" border=\"0\" itemprop=\"url\"> <meta itemprop=\"width\" content=\"171\"> <meta itemprop=\"height\" content=\"128\"> <img decoding=\"async\" class=\"\" data-attachment-id=\"11840\" data-orig-file=\"https:\/\/blog.kunstgriff.net\/wp-content\/uploads\/2014\/05\/Lieblingskuchen-in-Fehrbellin.jpg\" data-orig-size=\"1500,1125\" data-comments-opened=\"1\" data-image-meta=\"{&quot;aperture&quot;:&quot;5.6&quot;,&quot;credit&quot;:&quot;&quot;,&quot;camera&quot;:&quot;Canon DIGITAL IXUS 870 IS&quot;,&quot;caption&quot;:&quot;&quot;,&quot;created_timestamp&quot;:&quot;1401017459&quot;,&quot;copyright&quot;:&quot;&quot;,&quot;focal_length&quot;:&quot;5&quot;,&quot;iso&quot;:&quot;80&quot;,&quot;shutter_speed&quot;:&quot;0.001&quot;,&quot;title&quot;:&quot;&quot;}\" data-image-title=\"Lieblingskuchen in Fehrbellin\" data-image-description=\"\" data-medium-file=\"https:\/\/i0.wp.com\/blog.kunstgriff.net\/wp-content\/uploads\/2014\/05\/Lieblingskuchen-in-Fehrbellin.jpg?fit=300%2C225&#038;ssl=1\" data-large-file=\"https:\/\/i0.wp.com\/blog.kunstgriff.net\/wp-content\/uploads\/2014\/05\/Lieblingskuchen-in-Fehrbellin.jpg?fit=1024%2C768&#038;ssl=1\" src=\"https:\/\/i0.wp.com\/blog.kunstgriff.net\/wp-content\/uploads\/2014\/05\/Lieblingskuchen-in-Fehrbellin.jpg?w=171&#038;h=128&#038;ssl=1\" srcset=\"https:\/\/i0.wp.com\/blog.kunstgriff.net\/wp-content\/uploads\/2014\/05\/Lieblingskuchen-in-Fehrbellin.jpg?w=1500&amp;ssl=1 1500w, https:\/\/i0.wp.com\/blog.kunstgriff.net\/wp-content\/uploads\/2014\/05\/Lieblingskuchen-in-Fehrbellin.jpg?resize=300%2C225&amp;ssl=1 300w, https:\/\/i0.wp.com\/blog.kunstgriff.net\/wp-content\/uploads\/2014\/05\/Lieblingskuchen-in-Fehrbellin.jpg?resize=1024%2C768&amp;ssl=1 1024w, https:\/\/i0.wp.com\/blog.kunstgriff.net\/wp-content\/uploads\/2014\/05\/Lieblingskuchen-in-Fehrbellin.jpg?resize=400%2C300&amp;ssl=1 400w, https:\/\/i0.wp.com\/blog.kunstgriff.net\/wp-content\/uploads\/2014\/05\/Lieblingskuchen-in-Fehrbellin.jpg?resize=900%2C675&amp;ssl=1 900w\" width=\"171\" height=\"128\" loading=\"lazy\" data-original-width=\"171\" data-original-height=\"128\" itemprop=\"http:\/\/schema.org\/image\" title=\"Lieblingskuchen in Fehrbellin\" alt=\"Lieblingskuchen in Fehrbellin\" style=\"width: 171px; height: 128px;\" \/> <\/a> <div class=\"tiled-gallery-caption\" itemprop=\"caption description\"> Lieblingskuchen in Fehrbellin <\/div> <\/div> <div class=\"tiled-gallery-item tiled-gallery-item-small\" itemprop=\"associatedMedia\" itemscope itemtype=\"http:\/\/schema.org\/ImageObject\"> <a href=\"https:\/\/blog.kunstgriff.net\/?attachment_id=11839\" border=\"0\" itemprop=\"url\"> <meta itemprop=\"width\" content=\"171\"> <meta itemprop=\"height\" content=\"128\"> <img decoding=\"async\" class=\"\" data-attachment-id=\"11839\" data-orig-file=\"https:\/\/blog.kunstgriff.net\/wp-content\/uploads\/2014\/05\/Gemeinsame-Abfahrt-in-Fehrbellin.jpg\" data-orig-size=\"1500,1125\" data-comments-opened=\"1\" data-image-meta=\"{&quot;aperture&quot;:&quot;2.8&quot;,&quot;credit&quot;:&quot;&quot;,&quot;camera&quot;:&quot;Canon DIGITAL IXUS 870 IS&quot;,&quot;caption&quot;:&quot;&quot;,&quot;created_timestamp&quot;:&quot;1401021688&quot;,&quot;copyright&quot;:&quot;&quot;,&quot;focal_length&quot;:&quot;5&quot;,&quot;iso&quot;:&quot;80&quot;,&quot;shutter_speed&quot;:&quot;0.0008&quot;,&quot;title&quot;:&quot;&quot;}\" data-image-title=\"Gemeinsame Abfahrt in Fehrbellin\" data-image-description=\"\" data-medium-file=\"https:\/\/i0.wp.com\/blog.kunstgriff.net\/wp-content\/uploads\/2014\/05\/Gemeinsame-Abfahrt-in-Fehrbellin.jpg?fit=300%2C225&#038;ssl=1\" data-large-file=\"https:\/\/i0.wp.com\/blog.kunstgriff.net\/wp-content\/uploads\/2014\/05\/Gemeinsame-Abfahrt-in-Fehrbellin.jpg?fit=1024%2C768&#038;ssl=1\" src=\"https:\/\/i0.wp.com\/blog.kunstgriff.net\/wp-content\/uploads\/2014\/05\/Gemeinsame-Abfahrt-in-Fehrbellin.jpg?w=171&#038;h=128&#038;ssl=1\" srcset=\"https:\/\/i0.wp.com\/blog.kunstgriff.net\/wp-content\/uploads\/2014\/05\/Gemeinsame-Abfahrt-in-Fehrbellin.jpg?w=1500&amp;ssl=1 1500w, https:\/\/i0.wp.com\/blog.kunstgriff.net\/wp-content\/uploads\/2014\/05\/Gemeinsame-Abfahrt-in-Fehrbellin.jpg?resize=300%2C225&amp;ssl=1 300w, https:\/\/i0.wp.com\/blog.kunstgriff.net\/wp-content\/uploads\/2014\/05\/Gemeinsame-Abfahrt-in-Fehrbellin.jpg?resize=1024%2C768&amp;ssl=1 1024w, https:\/\/i0.wp.com\/blog.kunstgriff.net\/wp-content\/uploads\/2014\/05\/Gemeinsame-Abfahrt-in-Fehrbellin.jpg?resize=400%2C300&amp;ssl=1 400w, https:\/\/i0.wp.com\/blog.kunstgriff.net\/wp-content\/uploads\/2014\/05\/Gemeinsame-Abfahrt-in-Fehrbellin.jpg?resize=900%2C675&amp;ssl=1 900w\" width=\"171\" height=\"128\" loading=\"lazy\" data-original-width=\"171\" data-original-height=\"128\" itemprop=\"http:\/\/schema.org\/image\" title=\"Gemeinsame Abfahrt in Fehrbellin\" alt=\"Gemeinsame Abfahrt in Fehrbellin\" style=\"width: 171px; height: 128px;\" \/> <\/a> <div class=\"tiled-gallery-caption\" itemprop=\"caption description\"> Gemeinsame Abfahrt in Fehrbellin <\/div> <\/div> <\/div> <!-- close group --> <\/div> <!-- close row --> <div class=\"gallery-row\" style=\"width: 525px; height: 395px;\" data-original-width=\"525\" data-original-height=\"395\" > <div class=\"gallery-group images-1\" style=\"width: 525px; height: 395px;\" data-original-width=\"525\" data-original-height=\"395\" > <div class=\"tiled-gallery-item tiled-gallery-item-large\" itemprop=\"associatedMedia\" itemscope itemtype=\"http:\/\/schema.org\/ImageObject\"> <a href=\"https:\/\/blog.kunstgriff.net\/?attachment_id=11841\" border=\"0\" itemprop=\"url\"> <meta itemprop=\"width\" content=\"521\"> <meta itemprop=\"height\" content=\"391\"> <img decoding=\"async\" class=\"\" data-attachment-id=\"11841\" data-orig-file=\"https:\/\/blog.kunstgriff.net\/wp-content\/uploads\/2014\/05\/R\u00fcckweg-durchs-Havelland-kurz-vor-Nauen.jpg\" data-orig-size=\"1500,1125\" data-comments-opened=\"1\" data-image-meta=\"{&quot;aperture&quot;:&quot;5.6&quot;,&quot;credit&quot;:&quot;&quot;,&quot;camera&quot;:&quot;Canon DIGITAL IXUS 870 IS&quot;,&quot;caption&quot;:&quot;&quot;,&quot;created_timestamp&quot;:&quot;1401025379&quot;,&quot;copyright&quot;:&quot;&quot;,&quot;focal_length&quot;:&quot;5&quot;,&quot;iso&quot;:&quot;100&quot;,&quot;shutter_speed&quot;:&quot;0.00125&quot;,&quot;title&quot;:&quot;&quot;}\" data-image-title=\"R\u00fcckweg durchs Havelland kurz vor Nauen\" data-image-description=\"\" data-medium-file=\"https:\/\/i0.wp.com\/blog.kunstgriff.net\/wp-content\/uploads\/2014\/05\/R%C3%BCckweg-durchs-Havelland-kurz-vor-Nauen.jpg?fit=300%2C225&#038;ssl=1\" data-large-file=\"https:\/\/i0.wp.com\/blog.kunstgriff.net\/wp-content\/uploads\/2014\/05\/R%C3%BCckweg-durchs-Havelland-kurz-vor-Nauen.jpg?fit=1024%2C768&#038;ssl=1\" src=\"https:\/\/i0.wp.com\/blog.kunstgriff.net\/wp-content\/uploads\/2014\/05\/R%C3%BCckweg-durchs-Havelland-kurz-vor-Nauen.jpg?w=521&#038;h=391&#038;ssl=1\" width=\"521\" height=\"391\" loading=\"lazy\" data-original-width=\"521\" data-original-height=\"391\" itemprop=\"http:\/\/schema.org\/image\" title=\"R\u00fcckweg durchs Havelland kurz vor Nauen\" alt=\"R\u00fcckweg im Havelland bei Nauen\" style=\"width: 521px; height: 391px;\" \/> <\/a> <div class=\"tiled-gallery-caption\" itemprop=\"caption description\"> R\u00fcckweg im Havelland bei Nauen <\/div> <\/div> <\/div> <!-- close group --> <\/div> <!-- close row --> <\/div>\n","protected":false},"excerpt":{"rendered":"<p>oder \u00bbAlleine zum Lieblings-Ausflugsziel in der Ostprignitz\u00ab Tourenangebote gab es heute wieder ohne Ende. Das hervorragende Wetter war aber auch pr\u00e4destiniert f\u00fcr eine Ausfahrt\u00a0auf dem Renner. So richtig sagte mir aber kein Angebot zu und ich hatte auch noch den Charm meines letzten Solo-Ritts im Hinterkopf. So war schnell klar, dass ich heute wieder alleine &hellip; <\/p>\n<p class=\"link-more\"><a href=\"https:\/\/blog.kunstgriff.net\/?p=11836\" class=\"more-link\"><span class=\"screen-reader-text\">\u201eB\u00e4ckerrunde nach Fehrbellin-reverse\u201c <\/span>weiterlesen<\/a><\/p>\n","protected":false},"author":2,"featured_media":11842,"comment_status":"open","ping_status":"open","sticky":false,"template":"","format":"standard","meta":{"jetpack_post_was_ever_published":false,"_jetpack_newsletter_access":"","_jetpack_dont_email_post_to_subs":false,"_jetpack_newsletter_tier_id":0,"_jetpack_memberships_contains_paywalled_content":false,"_jetpack_memberships_contains_paid_content":false,"footnotes":""},"categories":[14,7],"tags":[],"class_list":["post-11836","post","type-post","status-publish","format-standard","has-post-thumbnail","hentry","category-radfahren","category-rennradfahren"],"jetpack_featured_media_url":"https:\/\/i0.wp.com\/blog.kunstgriff.net\/wp-content\/uploads\/2014\/05\/Start-duch-meinen-gr%C3%BCnen-Spandauer-Forst.jpg?fit=1500%2C1125&ssl=1","jetpack_shortlink":"https:\/\/wp.me\/p8Cxe7-34U","jetpack-related-posts":[{"id":12746,"url":"https:\/\/blog.kunstgriff.net\/?p=12746","url_meta":{"origin":11836,"position":0},"title":"Gro\u00dfe B\u00e4cker-Runde nach Fehrbellin","author":"Georg","date":"August 2, 2015","format":false,"excerpt":"oder \u00bbFlott, lang & heiss\u00abNach der gestrigen, doch ein wenig frustrierenden Alleine-Fahrt, wollte ich heute auf jeden Fall mal wieder einen Group-Ride wagen. In Ermangelung toller Angebote, bot ich selber eine Runde an. Nur auf facebook ganz Exklusiv, keine Mailing-Liste, kein Forum. Und siehe da, es kamen genau die Richtigen!\u2026","rel":"","context":"In &quot;Cake-Ride&quot;","block_context":{"text":"Cake-Ride","link":"https:\/\/blog.kunstgriff.net\/?cat=34"},"img":{"alt_text":"","src":"https:\/\/i0.wp.com\/blog.kunstgriff.net\/wp-content\/uploads\/2015\/08\/Lets-roll.jpg?fit=1200%2C900&ssl=1&resize=350%2C200","width":350,"height":200,"srcset":"https:\/\/i0.wp.com\/blog.kunstgriff.net\/wp-content\/uploads\/2015\/08\/Lets-roll.jpg?fit=1200%2C900&ssl=1&resize=350%2C200 1x, https:\/\/i0.wp.com\/blog.kunstgriff.net\/wp-content\/uploads\/2015\/08\/Lets-roll.jpg?fit=1200%2C900&ssl=1&resize=525%2C300 1.5x, https:\/\/i0.wp.com\/blog.kunstgriff.net\/wp-content\/uploads\/2015\/08\/Lets-roll.jpg?fit=1200%2C900&ssl=1&resize=700%2C400 2x, https:\/\/i0.wp.com\/blog.kunstgriff.net\/wp-content\/uploads\/2015\/08\/Lets-roll.jpg?fit=1200%2C900&ssl=1&resize=1050%2C600 3x"},"classes":[]},{"id":13663,"url":"https:\/\/blog.kunstgriff.net\/?p=13663","url_meta":{"origin":11836,"position":1},"title":"P\u00e4wesin-Runde","author":"Georg","date":"Juni 26, 2016","format":false,"excerpt":"oder \u00bbAlleine zum Backwahn\u00ab Es gab zwar ein Touren-Angebot im Internet, aber alleine Trainieren hat auch seinen Reiz. Ich kann mir selber das die Strecke und das Tempo einteilen. Und das l\u00e4stige \u00bbKassette-Glotzen\u00ab entf\u00e4llt komplett. Das Ziel war schnell gefunden, denn wie der geneigte Leser bereits weiss, mag ich \u00bbCake-Rides\u00ab\u2026","rel":"","context":"In &quot;Cake-Ride&quot;","block_context":{"text":"Cake-Ride","link":"https:\/\/blog.kunstgriff.net\/?cat=34"},"img":{"alt_text":"","src":"https:\/\/i0.wp.com\/blog.kunstgriff.net\/wp-content\/uploads\/2016\/06\/Ketzin.jpg?fit=1200%2C800&ssl=1&resize=350%2C200","width":350,"height":200,"srcset":"https:\/\/i0.wp.com\/blog.kunstgriff.net\/wp-content\/uploads\/2016\/06\/Ketzin.jpg?fit=1200%2C800&ssl=1&resize=350%2C200 1x, https:\/\/i0.wp.com\/blog.kunstgriff.net\/wp-content\/uploads\/2016\/06\/Ketzin.jpg?fit=1200%2C800&ssl=1&resize=525%2C300 1.5x, https:\/\/i0.wp.com\/blog.kunstgriff.net\/wp-content\/uploads\/2016\/06\/Ketzin.jpg?fit=1200%2C800&ssl=1&resize=700%2C400 2x, https:\/\/i0.wp.com\/blog.kunstgriff.net\/wp-content\/uploads\/2016\/06\/Ketzin.jpg?fit=1200%2C800&ssl=1&resize=1050%2C600 3x"},"classes":[]},{"id":9795,"url":"https:\/\/blog.kunstgriff.net\/?p=9795","url_meta":{"origin":11836,"position":2},"title":"1. B\u00e4ckerrunde nach Fehrbellin 2013","author":"Georg","date":"M\u00e4rz 3, 2013","format":false,"excerpt":"oder \u00bbFr\u00fchjahrsklassiker\u00abHeute war es endlich wieder soweit: Die erste Rennrad-Runde in 2013. Zumindest f\u00fcr mich. Die Meisten meiner Kettenbr\u00fcder hatten schon einigen Stra\u00dfen-Kilometer in den Beinen, aber bei mir ist Anfang M\u00e4rz der perfekte Augenblick, wieder mit dem Radeln auf der Stra\u00dfe zu beginnen. So war das auch schon im\u2026","rel":"","context":"In &quot;Radfahren&quot;","block_context":{"text":"Radfahren","link":"https:\/\/blog.kunstgriff.net\/?cat=14"},"img":{"alt_text":"","src":"https:\/\/i0.wp.com\/blog.kunstgriff.net\/wp-content\/uploads\/2013\/03\/Verabschiedung-in-Fehlefanz.jpg?fit=1000%2C750&ssl=1&resize=350%2C200","width":350,"height":200,"srcset":"https:\/\/i0.wp.com\/blog.kunstgriff.net\/wp-content\/uploads\/2013\/03\/Verabschiedung-in-Fehlefanz.jpg?fit=1000%2C750&ssl=1&resize=350%2C200 1x, https:\/\/i0.wp.com\/blog.kunstgriff.net\/wp-content\/uploads\/2013\/03\/Verabschiedung-in-Fehlefanz.jpg?fit=1000%2C750&ssl=1&resize=525%2C300 1.5x, https:\/\/i0.wp.com\/blog.kunstgriff.net\/wp-content\/uploads\/2013\/03\/Verabschiedung-in-Fehlefanz.jpg?fit=1000%2C750&ssl=1&resize=700%2C400 2x"},"classes":[]},{"id":15406,"url":"https:\/\/blog.kunstgriff.net\/?p=15406","url_meta":{"origin":11836,"position":3},"title":"Gro\u00dfe B\u00e4cker Runde nach Fehrbellin","author":"Georg","date":"April 9, 2017","format":false,"excerpt":"\u00bbSch\u00f6ner Sport im Havelland\u00ab Heute waren ja fr\u00fchlingshafte Temperaturen prognostiziert und eine klassische lange B\u00e4ckerrunde ausgerufen, da fragte ich mich, wer denn da Paris-Roubax, Hertha gegen Augsburg oder gar ausschlafen wollte!? Flaschen f\u00fcllen und rauf aufs Rad war auch heute wieder das Motto und so traf ich nach knapp zehn\u2026","rel":"","context":"In &quot;Cake-Ride&quot;","block_context":{"text":"Cake-Ride","link":"https:\/\/blog.kunstgriff.net\/?cat=34"},"img":{"alt_text":"","src":"https:\/\/i0.wp.com\/blog.kunstgriff.net\/wp-content\/uploads\/2017\/04\/Treffpunkt-Rathaus-Falkensee.jpg?fit=1200%2C800&ssl=1&resize=350%2C200","width":350,"height":200,"srcset":"https:\/\/i0.wp.com\/blog.kunstgriff.net\/wp-content\/uploads\/2017\/04\/Treffpunkt-Rathaus-Falkensee.jpg?fit=1200%2C800&ssl=1&resize=350%2C200 1x, https:\/\/i0.wp.com\/blog.kunstgriff.net\/wp-content\/uploads\/2017\/04\/Treffpunkt-Rathaus-Falkensee.jpg?fit=1200%2C800&ssl=1&resize=525%2C300 1.5x, https:\/\/i0.wp.com\/blog.kunstgriff.net\/wp-content\/uploads\/2017\/04\/Treffpunkt-Rathaus-Falkensee.jpg?fit=1200%2C800&ssl=1&resize=700%2C400 2x, https:\/\/i0.wp.com\/blog.kunstgriff.net\/wp-content\/uploads\/2017\/04\/Treffpunkt-Rathaus-Falkensee.jpg?fit=1200%2C800&ssl=1&resize=1050%2C600 3x"},"classes":[]},{"id":10708,"url":"https:\/\/blog.kunstgriff.net\/?p=10708","url_meta":{"origin":11836,"position":4},"title":"B\u00e4ckerrunde nach Fehrbellin","author":"Georg","date":"August 11, 2013","format":false,"excerpt":"oder \u00bbSonntags-Tour mit (zu) vielen G\u00e4sten\u00abRecht kurzentschlossen machte ich mich auf den Weg nach Falkensee, denn Susanne hatte zur B\u00e4cker-Runde gerufen. Im Vorfeld gab es einige Diskussionen zur Reisegeschwindigkeit, die mich aber nicht tangierten. Sicher w\u00fcrde sich eine sch\u00f6ne homogene Gruppe finden, ich der auch ich meine Freude haben w\u00fcrde.\u2026","rel":"","context":"In &quot;Radfahren&quot;","block_context":{"text":"Radfahren","link":"https:\/\/blog.kunstgriff.net\/?cat=14"},"img":{"alt_text":"","src":"https:\/\/i0.wp.com\/blog.kunstgriff.net\/wp-content\/uploads\/2013\/08\/Riesen-Bande-vor-dem-Rathaus.jpg?fit=1200%2C900&ssl=1&resize=350%2C200","width":350,"height":200,"srcset":"https:\/\/i0.wp.com\/blog.kunstgriff.net\/wp-content\/uploads\/2013\/08\/Riesen-Bande-vor-dem-Rathaus.jpg?fit=1200%2C900&ssl=1&resize=350%2C200 1x, https:\/\/i0.wp.com\/blog.kunstgriff.net\/wp-content\/uploads\/2013\/08\/Riesen-Bande-vor-dem-Rathaus.jpg?fit=1200%2C900&ssl=1&resize=525%2C300 1.5x, https:\/\/i0.wp.com\/blog.kunstgriff.net\/wp-content\/uploads\/2013\/08\/Riesen-Bande-vor-dem-Rathaus.jpg?fit=1200%2C900&ssl=1&resize=700%2C400 2x, https:\/\/i0.wp.com\/blog.kunstgriff.net\/wp-content\/uploads\/2013\/08\/Riesen-Bande-vor-dem-Rathaus.jpg?fit=1200%2C900&ssl=1&resize=1050%2C600 3x"},"classes":[]},{"id":7601,"url":"https:\/\/blog.kunstgriff.net\/?p=7601","url_meta":{"origin":11836,"position":5},"title":"Gro\u00dfe B\u00e4cker-Runde nach Fehrbellin","author":"Georg","date":"M\u00e4rz 25, 2012","format":false,"excerpt":"oder \u00bbFlott, lang & kalt\u00abDa von der gestrigen Tour noch ein paar wenige K\u00f6rner \u00fcbrig waren, freute ich mich heute mit dem A-Team die lange Runde zum dem Konditor nach Fehrbellin fahren zu d\u00fcrfen. Die Kleiderwahl war heute morgen besonders schwierig, da das Thermometer nur lausige 4\u00b0C anzeigte, f\u00fcr den\u2026","rel":"","context":"In &quot;Radfahren&quot;","block_context":{"text":"Radfahren","link":"https:\/\/blog.kunstgriff.net\/?cat=14"},"img":{"alt_text":"","src":"https:\/\/i0.wp.com\/blog.kunstgriff.net\/wp-content\/uploads\/2012\/03\/Das-A-Team-gegen-den-Wind-bei-Paulunenaue.jpg?resize=350%2C200","width":350,"height":200,"srcset":"https:\/\/i0.wp.com\/blog.kunstgriff.net\/wp-content\/uploads\/2012\/03\/Das-A-Team-gegen-den-Wind-bei-Paulunenaue.jpg?resize=350%2C200 1x, https:\/\/i0.wp.com\/blog.kunstgriff.net\/wp-content\/uploads\/2012\/03\/Das-A-Team-gegen-den-Wind-bei-Paulunenaue.jpg?resize=525%2C300 1.5x"},"classes":[]}],"jetpack_likes_enabled":true,"jetpack_sharing_enabled":true,"_links":{"self":[{"href":"https:\/\/blog.kunstgriff.net\/index.php?rest_route=\/wp\/v2\/posts\/11836","targetHints":{"allow":["GET"]}}],"collection":[{"href":"https:\/\/blog.kunstgriff.net\/index.php?rest_route=\/wp\/v2\/posts"}],"about":[{"href":"https:\/\/blog.kunstgriff.net\/index.php?rest_route=\/wp\/v2\/types\/post"}],"author":[{"embeddable":true,"href":"https:\/\/blog.kunstgriff.net\/index.php?rest_route=\/wp\/v2\/users\/2"}],"replies":[{"embeddable":true,"href":"https:\/\/blog.kunstgriff.net\/index.php?rest_route=%2Fwp%2Fv2%2Fcomments&post=11836"}],"version-history":[{"count":0,"href":"https:\/\/blog.kunstgriff.net\/index.php?rest_route=\/wp\/v2\/posts\/11836\/revisions"}],"wp:featuredmedia":[{"embeddable":true,"href":"https:\/\/blog.kunstgriff.net\/index.php?rest_route=\/wp\/v2\/media\/11842"}],"wp:attachment":[{"href":"https:\/\/blog.kunstgriff.net\/index.php?rest_route=%2Fwp%2Fv2%2Fmedia&parent=11836"}],"wp:term":[{"taxonomy":"category","embeddable":true,"href":"https:\/\/blog.kunstgriff.net\/index.php?rest_route=%2Fwp%2Fv2%2Fcategories&post=11836"},{"taxonomy":"post_tag","embeddable":true,"href":"https:\/\/blog.kunstgriff.net\/index.php?rest_route=%2Fwp%2Fv2%2Ftags&post=11836"}],"curies":[{"name":"wp","href":"https:\/\/api.w.org\/{rel}","templated":true}]}}