{"id":11856,"date":"2014-05-30T18:23:41","date_gmt":"2014-05-30T16:23:41","guid":{"rendered":"http:\/\/blog.kunstgriff.net\/?p=11856"},"modified":"2016-08-01T19:20:36","modified_gmt":"2016-08-01T17:20:36","slug":"schwielowsee-runde-3","status":"publish","type":"post","link":"https:\/\/blog.kunstgriff.net\/?p=11856","title":{"rendered":"Schwielowsee Runde"},"content":{"rendered":"<span class=\"span-reading-time rt-reading-time\" style=\"display: block;\"><span class=\"rt-label rt-prefix\">Lesezeit: <\/span> <span class=\"rt-time\"> 2<\/span> <span class=\"rt-label rt-postfix\">Minuten<\/span><\/span><h4>oder \u00bbSch\u00f6n-Wetter-Radeln\u00ab<\/h4>\n<hr \/>\n<p>In den vergangenen freien Tagen h\u00e4tte ich ja schon ordentlich in die Pedalen treten k\u00f6nnen, aber der stets graue Himmel und die hohe Regenwahrscheinlichkeit hielt mich ab. In 2014 habe ich mich zu einem echten <em>Sch\u00f6n-Wetter-Radler<\/em> gewandelt. Ohne viel Wehmut blicke ich auf die vielen Regenschlachten der vergangenen Jahre zur\u00fcck und sehe auch die Bilder der diesj\u00e4hrigen ITF-Bande \u2013 ganz ohne Trauer. Nein, dass mag ich einfach nicht mehr.<\/p>\n<p>Da ist mir Rule <a href=\"http:\/\/www.velominati.com\/the-rules\/#7\" target=\"_blank\">#7<\/a> viel wichtiger als Rule <a href=\"http:\/\/www.velominati.com\/the-rules\/#5\" target=\"_blank\">#5<\/a> und <a href=\"http:\/\/www.velominati.com\/the-rules\/#9\" target=\"_blank\">#9<\/a>. Ich fahre Rad um zu schwitzen nicht um zu frieren!<\/p>\n<p>Und der Blick aus dem Fenster war heute alles Andere als frieren: Wolkenloser Himmel, mit Sonne satt. Fein, kurz\/kurz eingekleidet und rauf auf den Renner und raus in die freie Wildbahn!<\/p>\n<p><a href=\"http:\/\/blog.kunstgriff.net\/?p=11816\" target=\"_blank\">Die Runde von vor gut zwei Wochen<\/a> wollte noch einmal gefahren werden. Wieder alleine und mit meinem Tempo. Nix krachen- anbrennen-lassen oder \u00fcberziehen. Einfach dahingleiten war das Ziel. Das Dahingleiten konnte der West-Wind auf vielen Sektoren erfolgreich verhindern, was dem Spass an der Bewegung aber keinen Abbruch tat. Ganz im Gegenteil, denn wenn die Sonne scheint, dann st\u00f6ren mich nicht einmal die vielen Blechb\u00fcchsen mit den meist schlecht gelaunten Personen im Inneren.<\/p>\n<p>Am Ende war ich ganze 37 Sekunden schneller (!) als beim letzten mal. Es bleibt spannend\u2026<\/p>\n<p><iframe height='405' width='590' frameborder='0' allowtransparency='true' scrolling='no' src='https:\/\/www.strava.com\/activities\/147308783\/embed\/96b3599dc5b195d3e11965ff14692a101bc28f58'><\/iframe><\/p>\n<p><a href=\"https:\/\/i0.wp.com\/blog.kunstgriff.net\/wp-content\/uploads\/2014\/05\/Schon-wieder-bl%C3%BChende-Landschaften.jpg\"><img data-recalc-dims=\"1\" loading=\"lazy\" decoding=\"async\" data-attachment-id=\"11855\" data-permalink=\"https:\/\/blog.kunstgriff.net\/?attachment_id=11855\" data-orig-file=\"https:\/\/i0.wp.com\/blog.kunstgriff.net\/wp-content\/uploads\/2014\/05\/Schon-wieder-bl%C3%BChende-Landschaften.jpg?fit=1500%2C1125&amp;ssl=1\" data-orig-size=\"1500,1125\" data-comments-opened=\"1\" data-image-meta=\"{&quot;aperture&quot;:&quot;2.8&quot;,&quot;credit&quot;:&quot;&quot;,&quot;camera&quot;:&quot;Canon DIGITAL IXUS 870 IS&quot;,&quot;caption&quot;:&quot;&quot;,&quot;created_timestamp&quot;:&quot;1401457175&quot;,&quot;copyright&quot;:&quot;&quot;,&quot;focal_length&quot;:&quot;5&quot;,&quot;iso&quot;:&quot;80&quot;,&quot;shutter_speed&quot;:&quot;0.0008&quot;,&quot;title&quot;:&quot;&quot;}\" data-image-title=\"Schon wieder bl\u00fchende Landschaften\" data-image-description=\"\" data-image-caption=\"\" data-large-file=\"https:\/\/i0.wp.com\/blog.kunstgriff.net\/wp-content\/uploads\/2014\/05\/Schon-wieder-bl%C3%BChende-Landschaften.jpg?fit=1024%2C768&amp;ssl=1\" class=\"aligncenter size-full wp-image-11855\" src=\"https:\/\/i0.wp.com\/blog.kunstgriff.net\/wp-content\/uploads\/2014\/05\/Schon-wieder-bl%C3%BChende-Landschaften.jpg?resize=525%2C394\" alt=\"Schon wieder bl\u00fchende Landschaften\" width=\"525\" height=\"394\" srcset=\"https:\/\/i0.wp.com\/blog.kunstgriff.net\/wp-content\/uploads\/2014\/05\/Schon-wieder-bl%C3%BChende-Landschaften.jpg?w=1500&amp;ssl=1 1500w, https:\/\/i0.wp.com\/blog.kunstgriff.net\/wp-content\/uploads\/2014\/05\/Schon-wieder-bl%C3%BChende-Landschaften.jpg?resize=300%2C225&amp;ssl=1 300w, https:\/\/i0.wp.com\/blog.kunstgriff.net\/wp-content\/uploads\/2014\/05\/Schon-wieder-bl%C3%BChende-Landschaften.jpg?resize=1024%2C768&amp;ssl=1 1024w, https:\/\/i0.wp.com\/blog.kunstgriff.net\/wp-content\/uploads\/2014\/05\/Schon-wieder-bl%C3%BChende-Landschaften.jpg?resize=400%2C300&amp;ssl=1 400w, https:\/\/i0.wp.com\/blog.kunstgriff.net\/wp-content\/uploads\/2014\/05\/Schon-wieder-bl%C3%BChende-Landschaften.jpg?resize=900%2C675&amp;ssl=1 900w\" sizes=\"auto, (max-width: 767px) 89vw, (max-width: 1000px) 54vw, (max-width: 1071px) 543px, 580px\" \/><\/a><\/p>\n<p><a href=\"https:\/\/i0.wp.com\/blog.kunstgriff.net\/wp-content\/uploads\/2014\/05\/No-hands.jpg\"><img data-recalc-dims=\"1\" loading=\"lazy\" decoding=\"async\" data-attachment-id=\"11862\" data-permalink=\"https:\/\/blog.kunstgriff.net\/?attachment_id=11862\" data-orig-file=\"https:\/\/i0.wp.com\/blog.kunstgriff.net\/wp-content\/uploads\/2014\/05\/No-hands.jpg?fit=1500%2C1125&amp;ssl=1\" data-orig-size=\"1500,1125\" data-comments-opened=\"1\" data-image-meta=\"{&quot;aperture&quot;:&quot;2.8&quot;,&quot;credit&quot;:&quot;&quot;,&quot;camera&quot;:&quot;Canon DIGITAL IXUS 870 IS&quot;,&quot;caption&quot;:&quot;&quot;,&quot;created_timestamp&quot;:&quot;1401465742&quot;,&quot;copyright&quot;:&quot;&quot;,&quot;focal_length&quot;:&quot;5&quot;,&quot;iso&quot;:&quot;400&quot;,&quot;shutter_speed&quot;:&quot;0.004&quot;,&quot;title&quot;:&quot;&quot;}\" data-image-title=\"No hands\" data-image-description=\"\" data-image-caption=\"\" data-large-file=\"https:\/\/i0.wp.com\/blog.kunstgriff.net\/wp-content\/uploads\/2014\/05\/No-hands.jpg?fit=1024%2C768&amp;ssl=1\" class=\"aligncenter size-full wp-image-11862\" src=\"https:\/\/i0.wp.com\/blog.kunstgriff.net\/wp-content\/uploads\/2014\/05\/No-hands.jpg?resize=525%2C394\" alt=\"No hands\" width=\"525\" height=\"394\" srcset=\"https:\/\/i0.wp.com\/blog.kunstgriff.net\/wp-content\/uploads\/2014\/05\/No-hands.jpg?w=1500&amp;ssl=1 1500w, https:\/\/i0.wp.com\/blog.kunstgriff.net\/wp-content\/uploads\/2014\/05\/No-hands.jpg?resize=300%2C225&amp;ssl=1 300w, https:\/\/i0.wp.com\/blog.kunstgriff.net\/wp-content\/uploads\/2014\/05\/No-hands.jpg?resize=1024%2C768&amp;ssl=1 1024w, https:\/\/i0.wp.com\/blog.kunstgriff.net\/wp-content\/uploads\/2014\/05\/No-hands.jpg?resize=400%2C300&amp;ssl=1 400w, https:\/\/i0.wp.com\/blog.kunstgriff.net\/wp-content\/uploads\/2014\/05\/No-hands.jpg?resize=900%2C675&amp;ssl=1 900w\" sizes=\"auto, (max-width: 767px) 89vw, (max-width: 1000px) 54vw, (max-width: 1071px) 543px, 580px\" \/><\/a><\/p>\n<p><a href=\"https:\/\/i0.wp.com\/blog.kunstgriff.net\/wp-content\/uploads\/2014\/05\/Mohnfeld-bei-Golm.jpg\"><img data-recalc-dims=\"1\" loading=\"lazy\" decoding=\"async\" data-attachment-id=\"11854\" data-permalink=\"https:\/\/blog.kunstgriff.net\/?attachment_id=11854\" data-orig-file=\"https:\/\/i0.wp.com\/blog.kunstgriff.net\/wp-content\/uploads\/2014\/05\/Mohnfeld-bei-Golm.jpg?fit=1500%2C1125&amp;ssl=1\" data-orig-size=\"1500,1125\" data-comments-opened=\"1\" data-image-meta=\"{&quot;aperture&quot;:&quot;2.8&quot;,&quot;credit&quot;:&quot;&quot;,&quot;camera&quot;:&quot;Canon DIGITAL IXUS 870 IS&quot;,&quot;caption&quot;:&quot;&quot;,&quot;created_timestamp&quot;:&quot;1401458776&quot;,&quot;copyright&quot;:&quot;&quot;,&quot;focal_length&quot;:&quot;5&quot;,&quot;iso&quot;:&quot;80&quot;,&quot;shutter_speed&quot;:&quot;0.00125&quot;,&quot;title&quot;:&quot;&quot;}\" data-image-title=\"Mohnfeld bei Golm\" data-image-description=\"\" data-image-caption=\"\" data-large-file=\"https:\/\/i0.wp.com\/blog.kunstgriff.net\/wp-content\/uploads\/2014\/05\/Mohnfeld-bei-Golm.jpg?fit=1024%2C768&amp;ssl=1\" class=\"aligncenter size-full wp-image-11854\" src=\"https:\/\/i0.wp.com\/blog.kunstgriff.net\/wp-content\/uploads\/2014\/05\/Mohnfeld-bei-Golm.jpg?resize=525%2C394\" alt=\"Mohnfeld bei Golm\" width=\"525\" height=\"394\" srcset=\"https:\/\/i0.wp.com\/blog.kunstgriff.net\/wp-content\/uploads\/2014\/05\/Mohnfeld-bei-Golm.jpg?w=1500&amp;ssl=1 1500w, https:\/\/i0.wp.com\/blog.kunstgriff.net\/wp-content\/uploads\/2014\/05\/Mohnfeld-bei-Golm.jpg?resize=300%2C225&amp;ssl=1 300w, https:\/\/i0.wp.com\/blog.kunstgriff.net\/wp-content\/uploads\/2014\/05\/Mohnfeld-bei-Golm.jpg?resize=1024%2C768&amp;ssl=1 1024w, https:\/\/i0.wp.com\/blog.kunstgriff.net\/wp-content\/uploads\/2014\/05\/Mohnfeld-bei-Golm.jpg?resize=400%2C300&amp;ssl=1 400w, https:\/\/i0.wp.com\/blog.kunstgriff.net\/wp-content\/uploads\/2014\/05\/Mohnfeld-bei-Golm.jpg?resize=900%2C675&amp;ssl=1 900w\" sizes=\"auto, (max-width: 767px) 89vw, (max-width: 1000px) 54vw, (max-width: 1071px) 543px, 580px\" \/><\/a><\/p>\n","protected":false},"excerpt":{"rendered":"<p>oder \u00bbSch\u00f6n-Wetter-Radeln\u00ab In den vergangenen freien Tagen h\u00e4tte ich ja schon ordentlich in die Pedalen treten k\u00f6nnen, aber der stets graue Himmel und die hohe Regenwahrscheinlichkeit hielt mich ab. In 2014 habe ich mich zu einem echten Sch\u00f6n-Wetter-Radler gewandelt. Ohne viel Wehmut blicke ich auf die vielen Regenschlachten der vergangenen Jahre zur\u00fcck und sehe auch &hellip; <\/p>\n<p class=\"link-more\"><a href=\"https:\/\/blog.kunstgriff.net\/?p=11856\" class=\"more-link\"><span class=\"screen-reader-text\">\u201eSchwielowsee Runde\u201c <\/span>weiterlesen<\/a><\/p>\n","protected":false},"author":2,"featured_media":11855,"comment_status":"open","ping_status":"open","sticky":false,"template":"","format":"standard","meta":{"jetpack_post_was_ever_published":false,"_jetpack_newsletter_access":"","_jetpack_dont_email_post_to_subs":false,"_jetpack_newsletter_tier_id":0,"_jetpack_memberships_contains_paywalled_content":false,"_jetpack_memberships_contains_paid_content":false,"footnotes":""},"categories":[14,7],"tags":[],"class_list":["post-11856","post","type-post","status-publish","format-standard","has-post-thumbnail","hentry","category-radfahren","category-rennradfahren"],"jetpack_featured_media_url":"https:\/\/i0.wp.com\/blog.kunstgriff.net\/wp-content\/uploads\/2014\/05\/Schon-wieder-bl%C3%BChende-Landschaften.jpg?fit=1500%2C1125&ssl=1","jetpack_shortlink":"https:\/\/wp.me\/p8Cxe7-35e","jetpack-related-posts":[{"id":8,"url":"https:\/\/blog.kunstgriff.net\/?p=8","url_meta":{"origin":11856,"position":0},"title":"Prenzlau H\u00fcgelmarathon 2009","author":"Georg","date":"Oktober 3, 2009","format":false,"excerpt":"Die Nacht war kurz und der Wecker klingelte um 5 Uhr, am Samstag Morgen. Ein Blick aus dem Fenster und auf das Au\u00dfenthermometer prophezeite ideale Bedingungen f\u00fcr die Veranstaltung im weit entfernten Prenzlau: trockene Stra\u00dfen und 7\u00ba Celsius. Schnelles Fr\u00fchst\u00fcck und das Rennrad zerlegt und in den smart4two gezw\u00e4ngt. Dann\u2026","rel":"","context":"In &quot;Radfahren&quot;","block_context":{"text":"Radfahren","link":"https:\/\/blog.kunstgriff.net\/?cat=14"},"img":{"alt_text":"","src":"https:\/\/i0.wp.com\/blog.kunstgriff.net\/wp-content\/uploads\/2009\/10\/phoca_thumb_l_k-_DSC4655.JPG.jpeg?fit=640%2C427&ssl=1&resize=350%2C200","width":350,"height":200,"srcset":"https:\/\/i0.wp.com\/blog.kunstgriff.net\/wp-content\/uploads\/2009\/10\/phoca_thumb_l_k-_DSC4655.JPG.jpeg?fit=640%2C427&ssl=1&resize=350%2C200 1x, https:\/\/i0.wp.com\/blog.kunstgriff.net\/wp-content\/uploads\/2009\/10\/phoca_thumb_l_k-_DSC4655.JPG.jpeg?fit=640%2C427&ssl=1&resize=525%2C300 1.5x"},"classes":[]},{"id":13805,"url":"https:\/\/blog.kunstgriff.net\/?p=13805","url_meta":{"origin":11856,"position":1},"title":"P\u00e4wesin-Runde","author":"Georg","date":"Juli 31, 2016","format":false,"excerpt":"oder \u00bbImmer wieder Sonntags\u00abDie Runde entwickelte sich ja schon langsam zum pers\u00f6nlichen Klassiker. Ich muss aber auch gestehen, dass diese Schlaufe\u00a0ihre besonderen Reize hat. Nicht nur gibt es nach gut der H\u00e4lfte der Strecke feinsten Kuchen, nein die Strecke zeichnet sich auch dadurch aus, dass sie auf weiten Teilen fast\u2026","rel":"","context":"In &quot;Cake-Ride&quot;","block_context":{"text":"Cake-Ride","link":"https:\/\/blog.kunstgriff.net\/?cat=34"},"img":{"alt_text":"","src":"https:\/\/i0.wp.com\/blog.kunstgriff.net\/wp-content\/uploads\/2016\/07\/So-sch%C3%B6n-kann-Brandenburg-sein.jpg?fit=1200%2C800&ssl=1&resize=350%2C200","width":350,"height":200,"srcset":"https:\/\/i0.wp.com\/blog.kunstgriff.net\/wp-content\/uploads\/2016\/07\/So-sch%C3%B6n-kann-Brandenburg-sein.jpg?fit=1200%2C800&ssl=1&resize=350%2C200 1x, https:\/\/i0.wp.com\/blog.kunstgriff.net\/wp-content\/uploads\/2016\/07\/So-sch%C3%B6n-kann-Brandenburg-sein.jpg?fit=1200%2C800&ssl=1&resize=525%2C300 1.5x, https:\/\/i0.wp.com\/blog.kunstgriff.net\/wp-content\/uploads\/2016\/07\/So-sch%C3%B6n-kann-Brandenburg-sein.jpg?fit=1200%2C800&ssl=1&resize=700%2C400 2x, https:\/\/i0.wp.com\/blog.kunstgriff.net\/wp-content\/uploads\/2016\/07\/So-sch%C3%B6n-kann-Brandenburg-sein.jpg?fit=1200%2C800&ssl=1&resize=1050%2C600 3x"},"classes":[]},{"id":9123,"url":"https:\/\/blog.kunstgriff.net\/?p=9123","url_meta":{"origin":11856,"position":2},"title":"Samstagsrunde nach Stangenhagen","author":"Georg","date":"September 15, 2012","format":false,"excerpt":"oder \u00bbin kleiner Runde nach S\u00fcden\u00abIrgendwie kam ich heute nicht in die G\u00e4nge und konnte mich nicht zu einem bekannten Samstagstreffpunkte aufraffenmachen. Das lag nicht nur an der sp\u00e4ten Nachtruhe, auch der Himmel pr\u00e4sentierte sich mit dicken, tiefh\u00e4ngenden schwarzen Wolken. Fahren wollte ich aber unbedingt und so ergriff ich die\u2026","rel":"","context":"In &quot;Radfahren&quot;","block_context":{"text":"Radfahren","link":"https:\/\/blog.kunstgriff.net\/?cat=14"},"img":{"alt_text":"","src":"https:\/\/i0.wp.com\/blog.kunstgriff.net\/wp-content\/uploads\/2012\/09\/Wald-hinter-Schenkenhorst.jpg?fit=1000%2C750&ssl=1&resize=350%2C200","width":350,"height":200,"srcset":"https:\/\/i0.wp.com\/blog.kunstgriff.net\/wp-content\/uploads\/2012\/09\/Wald-hinter-Schenkenhorst.jpg?fit=1000%2C750&ssl=1&resize=350%2C200 1x, https:\/\/i0.wp.com\/blog.kunstgriff.net\/wp-content\/uploads\/2012\/09\/Wald-hinter-Schenkenhorst.jpg?fit=1000%2C750&ssl=1&resize=525%2C300 1.5x, https:\/\/i0.wp.com\/blog.kunstgriff.net\/wp-content\/uploads\/2012\/09\/Wald-hinter-Schenkenhorst.jpg?fit=1000%2C750&ssl=1&resize=700%2C400 2x"},"classes":[]},{"id":3966,"url":"https:\/\/blog.kunstgriff.net\/?p=3966","url_meta":{"origin":11856,"position":3},"title":"Llandundo -> Cape Town -> Simon\u2019s Town","author":"Georg","date":"M\u00e4rz 17, 2011","format":false,"excerpt":"oder \"Letzte gro\u00dfe Runde in S\u00fcdafrika\"Eine aktive Woche kann dann doch recht schnell vorbei sein. Heute war der letzte komplette Tag in Llandundo Bay. Dieser musste f\u00fcr eine lange Radausfahrt genutzt werden. Leider hatte der Rest der Gruppe andere Pl\u00e4ne. Nur Holger und Steffen wollten eine kurze Runde fahren, und\u2026","rel":"","context":"In &quot;Radfahren&quot;","block_context":{"text":"Radfahren","link":"https:\/\/blog.kunstgriff.net\/?cat=14"},"img":{"alt_text":"","src":"https:\/\/i0.wp.com\/blog.kunstgriff.net\/wp-content\/uploads\/2011\/03\/IMG_1672.jpg?resize=350%2C200","width":350,"height":200,"srcset":"https:\/\/i0.wp.com\/blog.kunstgriff.net\/wp-content\/uploads\/2011\/03\/IMG_1672.jpg?resize=350%2C200 1x, https:\/\/i0.wp.com\/blog.kunstgriff.net\/wp-content\/uploads\/2011\/03\/IMG_1672.jpg?resize=525%2C300 1.5x"},"classes":[]},{"id":18862,"url":"https:\/\/blog.kunstgriff.net\/?p=18862","url_meta":{"origin":11856,"position":4},"title":"P\u00e4wesin-Runde #9","author":"Georg","date":"September 30, 2018","format":false,"excerpt":"wolkenlos & Sonnenschein Nachdem ich gestern einen 100er auf dem Ergometer zur\u00fcck gelegt hatte, der sich r\u00fcckblickend recht anstrengend angef\u00fchlt hat, wollte ich heute drau\u00dfen fahren um mal zu vergleichen, wie die Trainingsbelastung sich so Indoor & Outdoor unterscheidet. Um 8 Uhr war ich aber erstmal hart unmotiviert. Der Balkon\u2026","rel":"","context":"In &quot;Radfahren&quot;","block_context":{"text":"Radfahren","link":"https:\/\/blog.kunstgriff.net\/?cat=14"},"img":{"alt_text":"","src":"https:\/\/i0.wp.com\/blog.kunstgriff.net\/wp-content\/uploads\/2018\/09\/Kurz-vor-Ketzin-klasse-Radweg.jpg?fit=1200%2C799&ssl=1&resize=350%2C200","width":350,"height":200,"srcset":"https:\/\/i0.wp.com\/blog.kunstgriff.net\/wp-content\/uploads\/2018\/09\/Kurz-vor-Ketzin-klasse-Radweg.jpg?fit=1200%2C799&ssl=1&resize=350%2C200 1x, https:\/\/i0.wp.com\/blog.kunstgriff.net\/wp-content\/uploads\/2018\/09\/Kurz-vor-Ketzin-klasse-Radweg.jpg?fit=1200%2C799&ssl=1&resize=525%2C300 1.5x, https:\/\/i0.wp.com\/blog.kunstgriff.net\/wp-content\/uploads\/2018\/09\/Kurz-vor-Ketzin-klasse-Radweg.jpg?fit=1200%2C799&ssl=1&resize=700%2C400 2x, https:\/\/i0.wp.com\/blog.kunstgriff.net\/wp-content\/uploads\/2018\/09\/Kurz-vor-Ketzin-klasse-Radweg.jpg?fit=1200%2C799&ssl=1&resize=1050%2C600 3x"},"classes":[]},{"id":19934,"url":"https:\/\/blog.kunstgriff.net\/?p=19934","url_meta":{"origin":11856,"position":5},"title":"Sella Ronda erweitert","author":"Georg","date":"August 18, 2019","format":false,"excerpt":"Vier P\u00e4sse sind genug Gruppen-Radreisen kenne ich ja nun schon seit mehr als 10 Jahren. Deshalb wollte ich mal was neues ausprobieren: Radreise alleine. Der Plan reifte schon vor mehreren Monaten als mir mein Sommer-Urlaubs-Plan mit dem wff zu fahren von meinem Arbeitgeber gestrichen wurde. So war ich auf der\u2026","rel":"","context":"In &quot;Cake-Ride&quot;","block_context":{"text":"Cake-Ride","link":"https:\/\/blog.kunstgriff.net\/?cat=34"},"img":{"alt_text":"kann mich nicht dran sattsehen","src":"https:\/\/i0.wp.com\/blog.kunstgriff.net\/wp-content\/uploads\/2019\/08\/kann-mich-nicht-dran-sattsehen.jpg?fit=1200%2C800&ssl=1&resize=350%2C200","width":350,"height":200,"srcset":"https:\/\/i0.wp.com\/blog.kunstgriff.net\/wp-content\/uploads\/2019\/08\/kann-mich-nicht-dran-sattsehen.jpg?fit=1200%2C800&ssl=1&resize=350%2C200 1x, https:\/\/i0.wp.com\/blog.kunstgriff.net\/wp-content\/uploads\/2019\/08\/kann-mich-nicht-dran-sattsehen.jpg?fit=1200%2C800&ssl=1&resize=525%2C300 1.5x, https:\/\/i0.wp.com\/blog.kunstgriff.net\/wp-content\/uploads\/2019\/08\/kann-mich-nicht-dran-sattsehen.jpg?fit=1200%2C800&ssl=1&resize=700%2C400 2x, https:\/\/i0.wp.com\/blog.kunstgriff.net\/wp-content\/uploads\/2019\/08\/kann-mich-nicht-dran-sattsehen.jpg?fit=1200%2C800&ssl=1&resize=1050%2C600 3x"},"classes":[]}],"jetpack_likes_enabled":true,"jetpack_sharing_enabled":true,"_links":{"self":[{"href":"https:\/\/blog.kunstgriff.net\/index.php?rest_route=\/wp\/v2\/posts\/11856","targetHints":{"allow":["GET"]}}],"collection":[{"href":"https:\/\/blog.kunstgriff.net\/index.php?rest_route=\/wp\/v2\/posts"}],"about":[{"href":"https:\/\/blog.kunstgriff.net\/index.php?rest_route=\/wp\/v2\/types\/post"}],"author":[{"embeddable":true,"href":"https:\/\/blog.kunstgriff.net\/index.php?rest_route=\/wp\/v2\/users\/2"}],"replies":[{"embeddable":true,"href":"https:\/\/blog.kunstgriff.net\/index.php?rest_route=%2Fwp%2Fv2%2Fcomments&post=11856"}],"version-history":[{"count":0,"href":"https:\/\/blog.kunstgriff.net\/index.php?rest_route=\/wp\/v2\/posts\/11856\/revisions"}],"wp:featuredmedia":[{"embeddable":true,"href":"https:\/\/blog.kunstgriff.net\/index.php?rest_route=\/wp\/v2\/media\/11855"}],"wp:attachment":[{"href":"https:\/\/blog.kunstgriff.net\/index.php?rest_route=%2Fwp%2Fv2%2Fmedia&parent=11856"}],"wp:term":[{"taxonomy":"category","embeddable":true,"href":"https:\/\/blog.kunstgriff.net\/index.php?rest_route=%2Fwp%2Fv2%2Fcategories&post=11856"},{"taxonomy":"post_tag","embeddable":true,"href":"https:\/\/blog.kunstgriff.net\/index.php?rest_route=%2Fwp%2Fv2%2Ftags&post=11856"}],"curies":[{"name":"wp","href":"https:\/\/api.w.org\/{rel}","templated":true}]}}