{"id":11995,"date":"2014-06-27T17:34:35","date_gmt":"2014-06-27T15:34:35","guid":{"rendered":"http:\/\/blog.kunstgriff.net\/?p=11995"},"modified":"2016-08-01T19:10:32","modified_gmt":"2016-08-01T17:10:32","slug":"mont-ventoux-rennrad-woche-tag-5","status":"publish","type":"post","link":"https:\/\/blog.kunstgriff.net\/?p=11995","title":{"rendered":"Mont Ventoux &#8211; Rennrad-Woche &#8211; Tag 5"},"content":{"rendered":"<span class=\"span-reading-time rt-reading-time\" style=\"display: block;\"><span class=\"rt-label rt-prefix\">Lesezeit: <\/span> <span class=\"rt-time\"> 2<\/span> <span class=\"rt-label rt-postfix\">Minuten<\/span><\/span><h4>oder \u00bbFu** Brandenburg!\u00ab<\/h4>\n<hr \/>\n<p>Heute ist schon der letzte Tag unseres Radsport-Urlaubs und somit auch die letzte M\u00f6glichkeit noch einmal in dieser bezaubernden Landschaft ein paar Meter zu fahren.<\/p>\n<p>Da sich die Bande schon am Vorabend nicht einig wurde, wer, wo, wieviele Kilometer und H\u00f6henmeter fahren m\u00f6chte lud ich mir den von Adrian geplanten Track auf meinen Sport-Computer, um in abzufahren. Mit 2.000 H\u00f6henmeter nicht zu viel und um die 100 km sind auch genau das richtige zum Ausrollen, dachte ich mir.<\/p>\n<p>Also nach dem Fr\u00fchst\u00fcck 8 bar auf die Reifen und alleine los. Die Sonne schien am wolkenlosen Himmel und die Strecke war derma\u00dfen sch\u00f6n, dass ich das Ein ums Andere mal G\u00e4nsehaut bekam, einfach anhalten musste, tief einatmete und den Augenblick genoss. Ich f\u00fchlte mich\u00a0grossartig. Die Waden schmerzten zwar ein wenig, aber ich konnte ja die Berge mit meinem Tempo hochfahren und musste mich an keine Vorgabe halten. Ich hatte den ganzen Tag Zeit. So gefiel\u00a0mir das!<\/p>\n<p>Nach rund 60 km merkte ich aber schon, dass sich die <a href=\"http:\/\/de.wikipedia.org\/wiki\/Glykogenspeicher\" target=\"_blank\">Glykogenspeicher<\/a>\u00a0rapide leerten. Ich hatte einen halben Riegel verdr\u00fcckt, versp\u00fcrte aber enorme Lust auf\u00a0Backwaren. Zu meinem grossen Bedauern\u00a0gab es in dieser Ecke aber\u00a0ausschliesslich\u00a0Berge, P\u00e4sse und wilde Schluchten. Eine <a href=\"http:\/\/de.wiktionary.org\/wiki\/boulangerie\" target=\"_blank\"><em>Boulangerie<\/em><\/a> oder <a href=\"http:\/\/de.wikipedia.org\/wiki\/P\u00e2tisserie\" target=\"_blank\"><em>P\u00e2tisserie<\/em><\/a> war weit und breit nicht in Sicht. Nicht gut, denn meine Speicher leerten sich rapide und ich z\u00e4hlte im Kopf die Kilometer zur\u00fcck in die Zivilisation, nach Malauc\u00e8ne. Dort angekommen steuerte ich die erste\u00a0<em><a href=\"http:\/\/de.wikipedia.org\/wiki\/P\u00e2tisserie\" target=\"_blank\">P\u00e2tisserie<\/a>\u00a0<\/em>an und genehmigte mir feinste Backwaren und ne Cola.<\/p>\n<p>So gest\u00e4rkt konnte ich mich auf die letzten 12 km zur\u00fcck \u00fcber den letzten Col de Madeleine machen wo ich geschafft aber hoch zufrieden die HomeBase erreichte.<\/p>\n<p>Eine herrliche Rennrad-Woche neigt sich in S\u00fcd-Frankreich dem Ende. Durch die hervorragende Organisation von Nina und Robbie musste ich mich um sehr wenig organisatorisches k\u00fcmmern, was mir sehr entgegen kam. Vielen Dank an dieser Stelle daf\u00fcr!<\/p>\n<p>Das Land und die Leute haben es mir wirklich angetan. Alle Menschen hier sind superfreundlich, zuvorkommend und h\u00f6flich. Die Autofahrer versuchen sich mit den vielen Radfahrern zu arrangieren. Jeder, einem entgegenkommende RadfahrerIn gr\u00fc\u00dft, grinst oder nickt einem zu.<\/p>\n<p>Mir schauderte es schon vor den kommenden Rennrad-Touren in Brandenburg. Ich werde neben der wundersch\u00f6nen Landschaft den\u00a0\u00bb<a href=\"http:\/\/de.wikipedia.org\/wiki\/Savoir-vivre\" target=\"_blank\">savoir-vivre<\/a>\u00ab\u00a0hier vermissen. Ehrlich.<\/p>\n<p><iframe height='405' width='590' frameborder='0' allowtransparency='true' scrolling='no' src='https:\/\/www.strava.com\/activities\/158753329\/embed\/c5dfa5e79255ac61bfdf34a40dbb12cfb8bfa0f1'><\/iframe><\/p>\n<div class=\"tiled-gallery type-rectangular tiled-gallery-unresized\" data-original-width=\"525\" data-carousel-extra='{&quot;blog_id&quot;:1,&quot;permalink&quot;:&quot;https:\\\/\\\/blog.kunstgriff.net\\\/?p=11995&quot;,&quot;likes_blog_id&quot;:127394879}' itemscope itemtype=\"http:\/\/schema.org\/ImageGallery\" > <div class=\"gallery-row\" style=\"width: 525px; height: 264px;\" data-original-width=\"525\" data-original-height=\"264\" > <div class=\"gallery-group images-1\" style=\"width: 350px; height: 264px;\" data-original-width=\"350\" data-original-height=\"264\" > <div class=\"tiled-gallery-item tiled-gallery-item-large\" itemprop=\"associatedMedia\" itemscope itemtype=\"http:\/\/schema.org\/ImageObject\"> <a href=\"https:\/\/blog.kunstgriff.net\/?attachment_id=11989\" border=\"0\" itemprop=\"url\"> <meta itemprop=\"width\" content=\"346\"> <meta itemprop=\"height\" content=\"260\"> <img decoding=\"async\" class=\"\" data-attachment-id=\"11989\" data-orig-file=\"https:\/\/blog.kunstgriff.net\/wp-content\/uploads\/2014\/06\/Herrliche-Landschaft.jpg\" data-orig-size=\"1500,1125\" data-comments-opened=\"1\" data-image-meta=\"{&quot;aperture&quot;:&quot;2.8&quot;,&quot;credit&quot;:&quot;&quot;,&quot;camera&quot;:&quot;Canon DIGITAL IXUS 870 IS&quot;,&quot;caption&quot;:&quot;&quot;,&quot;created_timestamp&quot;:&quot;1403867937&quot;,&quot;copyright&quot;:&quot;&quot;,&quot;focal_length&quot;:&quot;5&quot;,&quot;iso&quot;:&quot;80&quot;,&quot;shutter_speed&quot;:&quot;0.0008&quot;,&quot;title&quot;:&quot;&quot;}\" data-image-title=\"Herrliche Landschaft\" data-image-description=\"\" data-medium-file=\"https:\/\/i0.wp.com\/blog.kunstgriff.net\/wp-content\/uploads\/2014\/06\/Herrliche-Landschaft.jpg?fit=300%2C225&#038;ssl=1\" data-large-file=\"https:\/\/i0.wp.com\/blog.kunstgriff.net\/wp-content\/uploads\/2014\/06\/Herrliche-Landschaft.jpg?fit=1024%2C768&#038;ssl=1\" src=\"https:\/\/i0.wp.com\/blog.kunstgriff.net\/wp-content\/uploads\/2014\/06\/Herrliche-Landschaft.jpg?w=346&#038;h=260&#038;ssl=1\" srcset=\"https:\/\/i0.wp.com\/blog.kunstgriff.net\/wp-content\/uploads\/2014\/06\/Herrliche-Landschaft.jpg?w=1500&amp;ssl=1 1500w, https:\/\/i0.wp.com\/blog.kunstgriff.net\/wp-content\/uploads\/2014\/06\/Herrliche-Landschaft.jpg?resize=300%2C225&amp;ssl=1 300w, https:\/\/i0.wp.com\/blog.kunstgriff.net\/wp-content\/uploads\/2014\/06\/Herrliche-Landschaft.jpg?resize=1024%2C768&amp;ssl=1 1024w, https:\/\/i0.wp.com\/blog.kunstgriff.net\/wp-content\/uploads\/2014\/06\/Herrliche-Landschaft.jpg?resize=400%2C300&amp;ssl=1 400w, https:\/\/i0.wp.com\/blog.kunstgriff.net\/wp-content\/uploads\/2014\/06\/Herrliche-Landschaft.jpg?resize=900%2C675&amp;ssl=1 900w\" width=\"346\" height=\"260\" loading=\"lazy\" data-original-width=\"346\" data-original-height=\"260\" itemprop=\"http:\/\/schema.org\/image\" title=\"Herrliche Landschaft\" alt=\"Herrliche Landschaft\" style=\"width: 346px; height: 260px;\" \/> <\/a> <div class=\"tiled-gallery-caption\" itemprop=\"caption description\"> Herrliche Landschaft <\/div> <\/div> <\/div> <!-- close group --> <div class=\"gallery-group images-2\" style=\"width: 175px; height: 264px;\" data-original-width=\"175\" data-original-height=\"264\" > <div class=\"tiled-gallery-item tiled-gallery-item-small\" itemprop=\"associatedMedia\" itemscope itemtype=\"http:\/\/schema.org\/ImageObject\"> <a href=\"https:\/\/blog.kunstgriff.net\/?attachment_id=11990\" border=\"0\" itemprop=\"url\"> <meta itemprop=\"width\" content=\"171\"> <meta itemprop=\"height\" content=\"128\"> <img decoding=\"async\" class=\"\" data-attachment-id=\"11990\" data-orig-file=\"https:\/\/blog.kunstgriff.net\/wp-content\/uploads\/2014\/06\/Hier-w\u00e4chst-der-Wein.jpg\" data-orig-size=\"1500,1125\" data-comments-opened=\"1\" data-image-meta=\"{&quot;aperture&quot;:&quot;2.8&quot;,&quot;credit&quot;:&quot;&quot;,&quot;camera&quot;:&quot;Canon DIGITAL IXUS 870 IS&quot;,&quot;caption&quot;:&quot;&quot;,&quot;created_timestamp&quot;:&quot;1403868955&quot;,&quot;copyright&quot;:&quot;&quot;,&quot;focal_length&quot;:&quot;5&quot;,&quot;iso&quot;:&quot;80&quot;,&quot;shutter_speed&quot;:&quot;0.0008&quot;,&quot;title&quot;:&quot;&quot;}\" data-image-title=\"Hier w\u00e4chst der Wein\" data-image-description=\"\" data-medium-file=\"https:\/\/i0.wp.com\/blog.kunstgriff.net\/wp-content\/uploads\/2014\/06\/Hier-w%C3%A4chst-der-Wein.jpg?fit=300%2C225&#038;ssl=1\" data-large-file=\"https:\/\/i0.wp.com\/blog.kunstgriff.net\/wp-content\/uploads\/2014\/06\/Hier-w%C3%A4chst-der-Wein.jpg?fit=1024%2C768&#038;ssl=1\" src=\"https:\/\/i0.wp.com\/blog.kunstgriff.net\/wp-content\/uploads\/2014\/06\/Hier-w%C3%A4chst-der-Wein.jpg?w=171&#038;h=128&#038;ssl=1\" width=\"171\" height=\"128\" loading=\"lazy\" data-original-width=\"171\" data-original-height=\"128\" itemprop=\"http:\/\/schema.org\/image\" title=\"Hier w\u00e4chst der Wein\" alt=\"Hier w\u00e4chst der Wein\" style=\"width: 171px; height: 128px;\" \/> <\/a> <div class=\"tiled-gallery-caption\" itemprop=\"caption description\"> Hier w\u00e4chst der Wein <\/div> <\/div> <div class=\"tiled-gallery-item tiled-gallery-item-small\" itemprop=\"associatedMedia\" itemscope itemtype=\"http:\/\/schema.org\/ImageObject\"> <a href=\"https:\/\/blog.kunstgriff.net\/?attachment_id=11991\" border=\"0\" itemprop=\"url\"> <meta itemprop=\"width\" content=\"171\"> <meta itemprop=\"height\" content=\"128\"> <img decoding=\"async\" class=\"\" data-attachment-id=\"11991\" data-orig-file=\"https:\/\/blog.kunstgriff.net\/wp-content\/uploads\/2014\/06\/Im-having-fun-yet.jpg\" data-orig-size=\"1500,1125\" data-comments-opened=\"1\" data-image-meta=\"{&quot;aperture&quot;:&quot;5.6&quot;,&quot;credit&quot;:&quot;&quot;,&quot;camera&quot;:&quot;Canon DIGITAL IXUS 870 IS&quot;,&quot;caption&quot;:&quot;&quot;,&quot;created_timestamp&quot;:&quot;1403869482&quot;,&quot;copyright&quot;:&quot;&quot;,&quot;focal_length&quot;:&quot;5&quot;,&quot;iso&quot;:&quot;80&quot;,&quot;shutter_speed&quot;:&quot;0.0025&quot;,&quot;title&quot;:&quot;&quot;}\" data-image-title=\"I&amp;#8217;m having fun yet\" data-image-description=\"\" data-medium-file=\"https:\/\/i0.wp.com\/blog.kunstgriff.net\/wp-content\/uploads\/2014\/06\/Im-having-fun-yet.jpg?fit=300%2C225&#038;ssl=1\" data-large-file=\"https:\/\/i0.wp.com\/blog.kunstgriff.net\/wp-content\/uploads\/2014\/06\/Im-having-fun-yet.jpg?fit=1024%2C768&#038;ssl=1\" src=\"https:\/\/i0.wp.com\/blog.kunstgriff.net\/wp-content\/uploads\/2014\/06\/Im-having-fun-yet.jpg?w=171&#038;h=128&#038;ssl=1\" srcset=\"https:\/\/i0.wp.com\/blog.kunstgriff.net\/wp-content\/uploads\/2014\/06\/Im-having-fun-yet.jpg?w=1500&amp;ssl=1 1500w, https:\/\/i0.wp.com\/blog.kunstgriff.net\/wp-content\/uploads\/2014\/06\/Im-having-fun-yet.jpg?resize=300%2C225&amp;ssl=1 300w, https:\/\/i0.wp.com\/blog.kunstgriff.net\/wp-content\/uploads\/2014\/06\/Im-having-fun-yet.jpg?resize=1024%2C768&amp;ssl=1 1024w, https:\/\/i0.wp.com\/blog.kunstgriff.net\/wp-content\/uploads\/2014\/06\/Im-having-fun-yet.jpg?resize=400%2C300&amp;ssl=1 400w, https:\/\/i0.wp.com\/blog.kunstgriff.net\/wp-content\/uploads\/2014\/06\/Im-having-fun-yet.jpg?resize=900%2C675&amp;ssl=1 900w\" width=\"171\" height=\"128\" loading=\"lazy\" data-original-width=\"171\" data-original-height=\"128\" itemprop=\"http:\/\/schema.org\/image\" title=\"I&#039;m having fun yet\" alt=\"I&#039;m having fun yet\" style=\"width: 171px; height: 128px;\" \/> <\/a> <div class=\"tiled-gallery-caption\" itemprop=\"caption description\"> I&#8217;m having fun yet <\/div> <\/div> <\/div> <!-- close group --> <\/div> <!-- close row --> <div class=\"gallery-row\" style=\"width: 525px; height: 132px;\" data-original-width=\"525\" data-original-height=\"132\" > <div class=\"gallery-group images-1\" style=\"width: 175px; height: 132px;\" data-original-width=\"175\" data-original-height=\"132\" > <div class=\"tiled-gallery-item tiled-gallery-item-small\" itemprop=\"associatedMedia\" itemscope itemtype=\"http:\/\/schema.org\/ImageObject\"> <a href=\"https:\/\/blog.kunstgriff.net\/?attachment_id=11993\" border=\"0\" itemprop=\"url\"> <meta itemprop=\"width\" content=\"171\"> <meta itemprop=\"height\" content=\"128\"> <img decoding=\"async\" class=\"\" data-attachment-id=\"11993\" data-orig-file=\"https:\/\/blog.kunstgriff.net\/wp-content\/uploads\/2014\/06\/Vorletzter-Pass-Col-de-Fontaube.jpg\" data-orig-size=\"1500,1125\" data-comments-opened=\"1\" data-image-meta=\"{&quot;aperture&quot;:&quot;5.6&quot;,&quot;credit&quot;:&quot;&quot;,&quot;camera&quot;:&quot;Canon DIGITAL IXUS 870 IS&quot;,&quot;caption&quot;:&quot;&quot;,&quot;created_timestamp&quot;:&quot;1403876759&quot;,&quot;copyright&quot;:&quot;&quot;,&quot;focal_length&quot;:&quot;5&quot;,&quot;iso&quot;:&quot;80&quot;,&quot;shutter_speed&quot;:&quot;0.0015625&quot;,&quot;title&quot;:&quot;&quot;}\" data-image-title=\"Vorletzter Pass Col de Fontaube\" data-image-description=\"\" data-medium-file=\"https:\/\/i0.wp.com\/blog.kunstgriff.net\/wp-content\/uploads\/2014\/06\/Vorletzter-Pass-Col-de-Fontaube.jpg?fit=300%2C225&#038;ssl=1\" data-large-file=\"https:\/\/i0.wp.com\/blog.kunstgriff.net\/wp-content\/uploads\/2014\/06\/Vorletzter-Pass-Col-de-Fontaube.jpg?fit=1024%2C768&#038;ssl=1\" src=\"https:\/\/i0.wp.com\/blog.kunstgriff.net\/wp-content\/uploads\/2014\/06\/Vorletzter-Pass-Col-de-Fontaube.jpg?w=171&#038;h=128&#038;ssl=1\" srcset=\"https:\/\/i0.wp.com\/blog.kunstgriff.net\/wp-content\/uploads\/2014\/06\/Vorletzter-Pass-Col-de-Fontaube.jpg?w=1500&amp;ssl=1 1500w, https:\/\/i0.wp.com\/blog.kunstgriff.net\/wp-content\/uploads\/2014\/06\/Vorletzter-Pass-Col-de-Fontaube.jpg?resize=300%2C225&amp;ssl=1 300w, https:\/\/i0.wp.com\/blog.kunstgriff.net\/wp-content\/uploads\/2014\/06\/Vorletzter-Pass-Col-de-Fontaube.jpg?resize=1024%2C768&amp;ssl=1 1024w, https:\/\/i0.wp.com\/blog.kunstgriff.net\/wp-content\/uploads\/2014\/06\/Vorletzter-Pass-Col-de-Fontaube.jpg?resize=400%2C300&amp;ssl=1 400w, https:\/\/i0.wp.com\/blog.kunstgriff.net\/wp-content\/uploads\/2014\/06\/Vorletzter-Pass-Col-de-Fontaube.jpg?resize=900%2C675&amp;ssl=1 900w\" width=\"171\" height=\"128\" loading=\"lazy\" data-original-width=\"171\" data-original-height=\"128\" itemprop=\"http:\/\/schema.org\/image\" title=\"Vorletzter Pass Col de Fontaube\" alt=\"Vorletzter Pass Col de Fontaube\" style=\"width: 171px; height: 128px;\" \/> <\/a> <div class=\"tiled-gallery-caption\" itemprop=\"caption description\"> Vorletzter Pass Col de Fontaube <\/div> <\/div> <\/div> <!-- close group --> <div class=\"gallery-group images-1\" style=\"width: 175px; height: 132px;\" data-original-width=\"175\" data-original-height=\"132\" > <div class=\"tiled-gallery-item tiled-gallery-item-small\" itemprop=\"associatedMedia\" itemscope itemtype=\"http:\/\/schema.org\/ImageObject\"> <a href=\"https:\/\/blog.kunstgriff.net\/?attachment_id=11994\" border=\"0\" itemprop=\"url\"> <meta itemprop=\"width\" content=\"171\"> <meta itemprop=\"height\" content=\"128\"> <img decoding=\"async\" class=\"\" data-attachment-id=\"11994\" data-orig-file=\"https:\/\/blog.kunstgriff.net\/wp-content\/uploads\/2014\/06\/Wundersch\u00f6nes-Bergdorf-Brantes.jpg\" data-orig-size=\"1500,1125\" data-comments-opened=\"1\" data-image-meta=\"{&quot;aperture&quot;:&quot;2.8&quot;,&quot;credit&quot;:&quot;&quot;,&quot;camera&quot;:&quot;Canon DIGITAL IXUS 870 IS&quot;,&quot;caption&quot;:&quot;&quot;,&quot;created_timestamp&quot;:&quot;1403877497&quot;,&quot;copyright&quot;:&quot;&quot;,&quot;focal_length&quot;:&quot;5&quot;,&quot;iso&quot;:&quot;80&quot;,&quot;shutter_speed&quot;:&quot;0.001&quot;,&quot;title&quot;:&quot;&quot;}\" data-image-title=\"Wundersch\u00f6nes Bergdorf Brantes\" data-image-description=\"\" data-medium-file=\"https:\/\/i0.wp.com\/blog.kunstgriff.net\/wp-content\/uploads\/2014\/06\/Wundersch%C3%B6nes-Bergdorf-Brantes.jpg?fit=300%2C225&#038;ssl=1\" data-large-file=\"https:\/\/i0.wp.com\/blog.kunstgriff.net\/wp-content\/uploads\/2014\/06\/Wundersch%C3%B6nes-Bergdorf-Brantes.jpg?fit=1024%2C768&#038;ssl=1\" src=\"https:\/\/i0.wp.com\/blog.kunstgriff.net\/wp-content\/uploads\/2014\/06\/Wundersch%C3%B6nes-Bergdorf-Brantes.jpg?w=171&#038;h=128&#038;ssl=1\" width=\"171\" height=\"128\" loading=\"lazy\" data-original-width=\"171\" data-original-height=\"128\" itemprop=\"http:\/\/schema.org\/image\" title=\"Wundersch\u00f6nes Bergdorf Brantes\" alt=\"Wundersch\u00f6nes Bergdorf Brantes\" style=\"width: 171px; height: 128px;\" \/> <\/a> <div class=\"tiled-gallery-caption\" itemprop=\"caption description\"> Wundersch\u00f6nes Bergdorf Brantes <\/div> <\/div> <\/div> <!-- close group --> <div class=\"gallery-group images-1\" style=\"width: 175px; height: 132px;\" data-original-width=\"175\" data-original-height=\"132\" > <div class=\"tiled-gallery-item tiled-gallery-item-small\" itemprop=\"associatedMedia\" itemscope itemtype=\"http:\/\/schema.org\/ImageObject\"> <a href=\"https:\/\/blog.kunstgriff.net\/?attachment_id=11992\" border=\"0\" itemprop=\"url\"> <meta itemprop=\"width\" content=\"171\"> <meta itemprop=\"height\" content=\"128\"> <img decoding=\"async\" class=\"\" data-attachment-id=\"11992\" data-orig-file=\"https:\/\/blog.kunstgriff.net\/wp-content\/uploads\/2014\/06\/Speicher-F\u00fcller.jpg\" data-orig-size=\"1500,1125\" data-comments-opened=\"1\" data-image-meta=\"{&quot;aperture&quot;:&quot;2.8&quot;,&quot;credit&quot;:&quot;&quot;,&quot;camera&quot;:&quot;Canon DIGITAL IXUS 870 IS&quot;,&quot;caption&quot;:&quot;&quot;,&quot;created_timestamp&quot;:&quot;1403882008&quot;,&quot;copyright&quot;:&quot;&quot;,&quot;focal_length&quot;:&quot;5&quot;,&quot;iso&quot;:&quot;125&quot;,&quot;shutter_speed&quot;:&quot;0.002&quot;,&quot;title&quot;:&quot;&quot;}\" data-image-title=\"Speicher F\u00fcller\" data-image-description=\"\" data-medium-file=\"https:\/\/i0.wp.com\/blog.kunstgriff.net\/wp-content\/uploads\/2014\/06\/Speicher-F%C3%BCller.jpg?fit=300%2C225&#038;ssl=1\" data-large-file=\"https:\/\/i0.wp.com\/blog.kunstgriff.net\/wp-content\/uploads\/2014\/06\/Speicher-F%C3%BCller.jpg?fit=1024%2C768&#038;ssl=1\" src=\"https:\/\/i0.wp.com\/blog.kunstgriff.net\/wp-content\/uploads\/2014\/06\/Speicher-F%C3%BCller.jpg?w=171&#038;h=128&#038;ssl=1\" width=\"171\" height=\"128\" loading=\"lazy\" data-original-width=\"171\" data-original-height=\"128\" itemprop=\"http:\/\/schema.org\/image\" title=\"Speicher F\u00fcller\" alt=\"Speicher F\u00fcller\" style=\"width: 171px; height: 128px;\" \/> <\/a> <div class=\"tiled-gallery-caption\" itemprop=\"caption description\"> Speicher F\u00fcller <\/div> <\/div> <\/div> <!-- close group --> <\/div> <!-- close row --> <\/div>\n","protected":false},"excerpt":{"rendered":"<p>oder \u00bbFu** Brandenburg!\u00ab Heute ist schon der letzte Tag unseres Radsport-Urlaubs und somit auch die letzte M\u00f6glichkeit noch einmal in dieser bezaubernden Landschaft ein paar Meter zu fahren. Da sich die Bande schon am Vorabend nicht einig wurde, wer, wo, wieviele Kilometer und H\u00f6henmeter fahren m\u00f6chte lud ich mir den von Adrian geplanten Track auf &hellip; <\/p>\n<p class=\"link-more\"><a href=\"https:\/\/blog.kunstgriff.net\/?p=11995\" class=\"more-link\"><span class=\"screen-reader-text\">\u201eMont Ventoux &#8211; Rennrad-Woche &#8211; Tag 5\u201c <\/span>weiterlesen<\/a><\/p>\n","protected":false},"author":2,"featured_media":11993,"comment_status":"open","ping_status":"open","sticky":false,"template":"","format":"standard","meta":{"jetpack_post_was_ever_published":false,"_jetpack_newsletter_access":"","_jetpack_dont_email_post_to_subs":false,"_jetpack_newsletter_tier_id":0,"_jetpack_memberships_contains_paywalled_content":false,"_jetpack_memberships_contains_paid_content":false,"footnotes":""},"categories":[14,13,7],"tags":[],"class_list":["post-11995","post","type-post","status-publish","format-standard","has-post-thumbnail","hentry","category-radfahren","category-radreise","category-rennradfahren"],"jetpack_featured_media_url":"https:\/\/i0.wp.com\/blog.kunstgriff.net\/wp-content\/uploads\/2014\/06\/Vorletzter-Pass-Col-de-Fontaube.jpg?fit=1500%2C1125&ssl=1","jetpack_shortlink":"https:\/\/wp.me\/p8Cxe7-37t","jetpack-related-posts":[{"id":12393,"url":"https:\/\/blog.kunstgriff.net\/?p=12393","url_meta":{"origin":11995,"position":0},"title":"Mallorca Trainingscamp 2015 &#8211; Tag 6 &#8211; Puig &#8211; Soller &#8211; Orient","author":"Georg","date":"M\u00e4rz 26, 2015","format":false,"excerpt":"oder \u00bbH\u00f6henmeter ohne Ende\u00ab Nach zwei regenreichen Ruhetagen wollte heute endlich wieder das Rennrad bewegt werden. Nicht nur ein bisschen in der Horizontalen, nein auch ein paar Steigungen sollten gefahren werden. Daf\u00fcr ging es von Pollen\u00e7a die 14 Kilometer zum Kloster Lluc hoch. Die mitfahrenden Compa\u00f1eros waren schnell entschwunden und\u2026","rel":"","context":"In &quot;Radfahren&quot;","block_context":{"text":"Radfahren","link":"https:\/\/blog.kunstgriff.net\/?cat=14"},"img":{"alt_text":"","src":"https:\/\/i0.wp.com\/blog.kunstgriff.net\/wp-content\/uploads\/2015\/03\/Alles-f%C3%BCr-diesen-Moment.jpg?fit=1200%2C900&ssl=1&resize=350%2C200","width":350,"height":200,"srcset":"https:\/\/i0.wp.com\/blog.kunstgriff.net\/wp-content\/uploads\/2015\/03\/Alles-f%C3%BCr-diesen-Moment.jpg?fit=1200%2C900&ssl=1&resize=350%2C200 1x, https:\/\/i0.wp.com\/blog.kunstgriff.net\/wp-content\/uploads\/2015\/03\/Alles-f%C3%BCr-diesen-Moment.jpg?fit=1200%2C900&ssl=1&resize=525%2C300 1.5x, https:\/\/i0.wp.com\/blog.kunstgriff.net\/wp-content\/uploads\/2015\/03\/Alles-f%C3%BCr-diesen-Moment.jpg?fit=1200%2C900&ssl=1&resize=700%2C400 2x, https:\/\/i0.wp.com\/blog.kunstgriff.net\/wp-content\/uploads\/2015\/03\/Alles-f%C3%BCr-diesen-Moment.jpg?fit=1200%2C900&ssl=1&resize=1050%2C600 3x"},"classes":[]},{"id":22712,"url":"https:\/\/blog.kunstgriff.net\/?p=22712","url_meta":{"origin":11995,"position":1},"title":"Mallorca Trainingscamp 2022 &#8211; Tag 3 &#8211; Randa","author":"Georg","date":"April 2, 2022","format":false,"excerpt":"erster Berg 2022 Schon der dritte Tag und wieder ein 100er. Diesmal gespickt mit ein paar mehr H\u00f6henmetern als gestern. Welch Freude. Erstmal. Raus ging es p\u00fcnktlich um 10:30 Uhr. Durchs Schilf nach Sa Pobla. Das lief ganz ok. Dann auf den Muro-Radweg. Immer noch ordentlich. Dann sah ich in\u2026","rel":"","context":"In &quot;Radfahren&quot;","block_context":{"text":"Radfahren","link":"https:\/\/blog.kunstgriff.net\/?cat=14"},"img":{"alt_text":"Runter vom Randa","src":"https:\/\/i0.wp.com\/blog.kunstgriff.net\/wp-content\/uploads\/2022\/04\/Runter-vom-Randa.jpg?fit=1200%2C799&ssl=1&resize=350%2C200","width":350,"height":200,"srcset":"https:\/\/i0.wp.com\/blog.kunstgriff.net\/wp-content\/uploads\/2022\/04\/Runter-vom-Randa.jpg?fit=1200%2C799&ssl=1&resize=350%2C200 1x, https:\/\/i0.wp.com\/blog.kunstgriff.net\/wp-content\/uploads\/2022\/04\/Runter-vom-Randa.jpg?fit=1200%2C799&ssl=1&resize=525%2C300 1.5x, https:\/\/i0.wp.com\/blog.kunstgriff.net\/wp-content\/uploads\/2022\/04\/Runter-vom-Randa.jpg?fit=1200%2C799&ssl=1&resize=700%2C400 2x, https:\/\/i0.wp.com\/blog.kunstgriff.net\/wp-content\/uploads\/2022\/04\/Runter-vom-Randa.jpg?fit=1200%2C799&ssl=1&resize=1050%2C600 3x"},"classes":[]},{"id":3059,"url":"https:\/\/blog.kunstgriff.net\/?p=3059","url_meta":{"origin":11995,"position":2},"title":"ErgoPlanet-Toskana","author":"Georg","date":"November 28, 2010","format":false,"excerpt":"oder 1. Advents-Ausfahrt in der ToskanaHeute waren es unter 0\u00b0C drau\u00dfen und deshalb f\u00fcr mich die ideale Voraussetzung um ein Indoor-Training zu fahren. Da heute Sonntag ist und ich keine Verpflichtungen habe, darf es auch ein wenige l\u00e4nger sein. Das RL-Video Toskana schlummerte noch auf meiner Festplatte und wollte gefahren\u2026","rel":"","context":"In &quot;Ergometer Training&quot;","block_context":{"text":"Ergometer Training","link":"https:\/\/blog.kunstgriff.net\/?cat=15"},"img":{"alt_text":"","src":"https:\/\/i0.wp.com\/blog.kunstgriff.net\/wp-content\/uploads\/2010\/11\/Level-Toskana.gif?resize=350%2C200","width":350,"height":200},"classes":[]},{"id":13421,"url":"https:\/\/blog.kunstgriff.net\/?p=13421","url_meta":{"origin":11995,"position":3},"title":"Auf Friedensfahrt\u2013Kurs 2016 5. Tag: Karpacz -> G\u00f6rlitz","author":"Georg","date":"Mai 8, 2016","format":false,"excerpt":"110 km | 1.510 H\u00f6henmeter Ich war schon fr\u00fch wach, da unsere Unterkunft, das Hotel Apollo, keine Gardinen hatte. Auch stand Christian mit seiner wei\u00dfen Unterhose und einem langen Stock neben meinem Fenster. Ich rieb mir schlaftrunken die Augen und konnte mich an letzte Nacht erinnern: sein geliebtes \u00d6tztaler-Trikot war\u2026","rel":"","context":"In &quot;Radfahren&quot;","block_context":{"text":"Radfahren","link":"https:\/\/blog.kunstgriff.net\/?cat=14"},"img":{"alt_text":"","src":"https:\/\/i0.wp.com\/blog.kunstgriff.net\/wp-content\/uploads\/2016\/05\/32-vor-der-Abfahrt-Hotel-Apollo.jpg?fit=1200%2C266&ssl=1&resize=350%2C200","width":350,"height":200,"srcset":"https:\/\/i0.wp.com\/blog.kunstgriff.net\/wp-content\/uploads\/2016\/05\/32-vor-der-Abfahrt-Hotel-Apollo.jpg?fit=1200%2C266&ssl=1&resize=350%2C200 1x, https:\/\/i0.wp.com\/blog.kunstgriff.net\/wp-content\/uploads\/2016\/05\/32-vor-der-Abfahrt-Hotel-Apollo.jpg?fit=1200%2C266&ssl=1&resize=525%2C300 1.5x, https:\/\/i0.wp.com\/blog.kunstgriff.net\/wp-content\/uploads\/2016\/05\/32-vor-der-Abfahrt-Hotel-Apollo.jpg?fit=1200%2C266&ssl=1&resize=700%2C400 2x, https:\/\/i0.wp.com\/blog.kunstgriff.net\/wp-content\/uploads\/2016\/05\/32-vor-der-Abfahrt-Hotel-Apollo.jpg?fit=1200%2C266&ssl=1&resize=1050%2C600 3x"},"classes":[]},{"id":8100,"url":"https:\/\/blog.kunstgriff.net\/?p=8100","url_meta":{"origin":11995,"position":4},"title":"Oderbruch-Runde","author":"Georg","date":"Juni 3, 2012","format":false,"excerpt":"oder \u00bbKilometer- und H\u00f6henmeter-fressen\u00abF\u00fcr heute bot Sascha eine Tour in den Oderbruch an. Ordentlich Kilometer und auch ein paar H\u00f6henmeter standen auf dem Zettel. Genau das richtige als letzte, umfangreiche Velothonvorbereitung. Ich war positiv \u00fcberrascht als um 10:30 Uhr viele bekannte Gesichter am zweiten Treffpunkt Landsberger Allee\/Weissenseerstrasse auftauchten. Neben Sasche,\u2026","rel":"","context":"In &quot;200er&quot;","block_context":{"text":"200er","link":"https:\/\/blog.kunstgriff.net\/?cat=48"},"img":{"alt_text":"","src":"https:\/\/i0.wp.com\/blog.kunstgriff.net\/wp-content\/uploads\/2012\/06\/Noch-scheint-die-Sonne-hinter-Hirschfelde-300x225.jpg?resize=350%2C200","width":350,"height":200},"classes":[]},{"id":12172,"url":"https:\/\/blog.kunstgriff.net\/?p=12172","url_meta":{"origin":11995,"position":5},"title":"Korsika 2014 &#8211; Tag 1","author":"Georg","date":"Oktober 8, 2014","format":false,"excerpt":"oder \u00bbUm den Daumen rum\u00ab Welche Tour am ersten Tag hier, auf der mir unbekannten Insel, fahren? Durch einen sch\u00f6nen Artikel in der Tour lie\u00df ich mich schon ein wenig inspirieren und plante dann mit der kostenlosen Garmin Software BaseCamp die Runde. Knapp 160 km und die H\u00f6henmeter waren nicht\u2026","rel":"","context":"In &quot;Radfahren&quot;","block_context":{"text":"Radfahren","link":"https:\/\/blog.kunstgriff.net\/?cat=14"},"img":{"alt_text":"","src":"https:\/\/i0.wp.com\/blog.kunstgriff.net\/wp-content\/uploads\/2014\/10\/Klasse-Wegesf%C3%BChrung.jpg?fit=1200%2C900&ssl=1&resize=350%2C200","width":350,"height":200,"srcset":"https:\/\/i0.wp.com\/blog.kunstgriff.net\/wp-content\/uploads\/2014\/10\/Klasse-Wegesf%C3%BChrung.jpg?fit=1200%2C900&ssl=1&resize=350%2C200 1x, https:\/\/i0.wp.com\/blog.kunstgriff.net\/wp-content\/uploads\/2014\/10\/Klasse-Wegesf%C3%BChrung.jpg?fit=1200%2C900&ssl=1&resize=525%2C300 1.5x, https:\/\/i0.wp.com\/blog.kunstgriff.net\/wp-content\/uploads\/2014\/10\/Klasse-Wegesf%C3%BChrung.jpg?fit=1200%2C900&ssl=1&resize=700%2C400 2x, https:\/\/i0.wp.com\/blog.kunstgriff.net\/wp-content\/uploads\/2014\/10\/Klasse-Wegesf%C3%BChrung.jpg?fit=1200%2C900&ssl=1&resize=1050%2C600 3x"},"classes":[]}],"jetpack_likes_enabled":true,"jetpack_sharing_enabled":true,"_links":{"self":[{"href":"https:\/\/blog.kunstgriff.net\/index.php?rest_route=\/wp\/v2\/posts\/11995","targetHints":{"allow":["GET"]}}],"collection":[{"href":"https:\/\/blog.kunstgriff.net\/index.php?rest_route=\/wp\/v2\/posts"}],"about":[{"href":"https:\/\/blog.kunstgriff.net\/index.php?rest_route=\/wp\/v2\/types\/post"}],"author":[{"embeddable":true,"href":"https:\/\/blog.kunstgriff.net\/index.php?rest_route=\/wp\/v2\/users\/2"}],"replies":[{"embeddable":true,"href":"https:\/\/blog.kunstgriff.net\/index.php?rest_route=%2Fwp%2Fv2%2Fcomments&post=11995"}],"version-history":[{"count":0,"href":"https:\/\/blog.kunstgriff.net\/index.php?rest_route=\/wp\/v2\/posts\/11995\/revisions"}],"wp:featuredmedia":[{"embeddable":true,"href":"https:\/\/blog.kunstgriff.net\/index.php?rest_route=\/wp\/v2\/media\/11993"}],"wp:attachment":[{"href":"https:\/\/blog.kunstgriff.net\/index.php?rest_route=%2Fwp%2Fv2%2Fmedia&parent=11995"}],"wp:term":[{"taxonomy":"category","embeddable":true,"href":"https:\/\/blog.kunstgriff.net\/index.php?rest_route=%2Fwp%2Fv2%2Fcategories&post=11995"},{"taxonomy":"post_tag","embeddable":true,"href":"https:\/\/blog.kunstgriff.net\/index.php?rest_route=%2Fwp%2Fv2%2Ftags&post=11995"}],"curies":[{"name":"wp","href":"https:\/\/api.w.org\/{rel}","templated":true}]}}