{"id":12026,"date":"2014-07-12T15:25:32","date_gmt":"2014-07-12T13:25:32","guid":{"rendered":"http:\/\/blog.kunstgriff.net\/?p=12026"},"modified":"2016-08-01T19:07:34","modified_gmt":"2016-08-01T17:07:34","slug":"tiri-zauchwitz-sued-runde","status":"publish","type":"post","link":"https:\/\/blog.kunstgriff.net\/?p=12026","title":{"rendered":"Tiri-Zauchwitz-S\u00fcd-Runde"},"content":{"rendered":"<span class=\"span-reading-time rt-reading-time\" style=\"display: block;\"><span class=\"rt-label rt-prefix\">Lesezeit: <\/span> <span class=\"rt-time\"> &lt; 1<\/span> <span class=\"rt-label rt-postfix\">Minute<\/span><\/span><h4>oder \u00bbBiken ohne Happy-End\u00ab<\/h4>\n<hr \/>\n<p>Die Wetteraussichten waren wechselhaft und Regen auf dem Radar. Trotzdem wollte ich nach fast einer Woche Abstinenz mal wieder meinen Renner bewegen. Olegs Runden sind daf\u00fcr bestens geeignet, also runter zu Tiri um gemeinsam mit der Bande zu trainieren.<\/p>\n<p>Es lief aus der Stadt raus gar nicht gut. In der F\u00fchrung wurde ich sofort abgekocht und musste rausgehen. Es dauerte rund 60 Kilometer bis sich meine D\u00e4monen beruhigt hatten und ich den Flow wieder gefunden hatte. Dann lief es auch mit der F\u00fchrung und ich bekam ordentlich Druck auf die Pedalen.<\/p>\n<p>Am Zauchwitzer Kreisel wurde heute abgek\u00fcrzt, denn wir wollten nicht klitsch-nass werden. Alle au\u00dfer Herbert entschlossen sich noch, den Willy zu fahren. Auf dem Weg dort hin wurde wir einmal von einer Sch\u00fcttung \u00fcberrascht, fanden aber einen Car-Port unter den wir uns stellen konnten. So wurden wir nicht komplett durchn\u00e4sst. Prima.<\/p>\n<p>Nach Verabschiedung an der Heerstrasse hatte ich noch die letzten Kilometer alleine zu fahren. Beim rechts Abbiegen in die Akazienstrasse \u00fcbersah ich einen PKW der aus dieser heraus fuhr. Sicher war ich auch ein wenig zu schnell unterwegs.<\/p>\n<p>Wie auch immer: Ich kollidierte frontal mit dem Auto, flog \u00fcber die Motorhaube und schlug mit meinem Helm, der ganz blieb (!) in die Windschutzscheibe ein; dann (Judo)rollte ich zur Seite ab.<\/p>\n<p>Mein geliebtes Cannondale CAAD 9 war innerhalb von Sekunden zerst\u00f6rt. Mein Kopf blieb heil, nur mein Gesicht und Ellenbogen trugen Blessuren davon.<\/p>\n<p>Wenig sp\u00e4ter trafen die freundlichen Herren von der Polizei ein, um den Unfall aufzunehmen. Mein herbeigerufener Papa brachte mich nach Hause.<\/p>\n<p>Ein Rennrad-Ausfahrt-Ende, wie ich es nicht brauchte: Totalschaden Rennrad. Totalschaden neue Radbrille. Mal sehen was noch so passiert\u2026<\/p>\n<p>&nbsp;<\/p>\n<p><iframe loading=\"lazy\" src=\"https:\/\/www.strava.com\/activities\/164847526\/embed\/c88b7de7e62f528a50c3f3ffe9db2b6433fca476\" width=\"590\" height=\"405\" frameborder=\"0\" scrolling=\"no\"><\/iframe><\/p>\n<div class=\"tiled-gallery type-rectangular tiled-gallery-unresized\" data-original-width=\"525\" data-carousel-extra='{&quot;blog_id&quot;:1,&quot;permalink&quot;:&quot;https:\\\/\\\/blog.kunstgriff.net\\\/?p=12026&quot;,&quot;likes_blog_id&quot;:127394879}' itemscope itemtype=\"http:\/\/schema.org\/ImageGallery\" > <div class=\"gallery-row\" style=\"width: 525px; height: 440px;\" data-original-width=\"525\" data-original-height=\"440\" > <div class=\"gallery-group images-3\" style=\"width: 194px; height: 440px;\" data-original-width=\"194\" data-original-height=\"440\" > <div class=\"tiled-gallery-item tiled-gallery-item-small\" itemprop=\"associatedMedia\" itemscope itemtype=\"http:\/\/schema.org\/ImageObject\"> <a href=\"https:\/\/blog.kunstgriff.net\/?attachment_id=12024\" border=\"0\" itemprop=\"url\"> <meta itemprop=\"width\" content=\"190\"> <meta itemprop=\"height\" content=\"143\"> <img decoding=\"async\" class=\"\" data-attachment-id=\"12024\" data-orig-file=\"https:\/\/blog.kunstgriff.net\/wp-content\/uploads\/2014\/07\/Vorbei-an-der-f\u00fcr-PKWs-gesperrten-Br\u00fccke-in-Saarmund.jpg\" data-orig-size=\"1500,1125\" data-comments-opened=\"1\" data-image-meta=\"{&quot;aperture&quot;:&quot;2.8&quot;,&quot;credit&quot;:&quot;&quot;,&quot;camera&quot;:&quot;Canon DIGITAL IXUS 870 IS&quot;,&quot;caption&quot;:&quot;&quot;,&quot;created_timestamp&quot;:&quot;1405161763&quot;,&quot;copyright&quot;:&quot;&quot;,&quot;focal_length&quot;:&quot;5&quot;,&quot;iso&quot;:&quot;100&quot;,&quot;shutter_speed&quot;:&quot;0.002&quot;,&quot;title&quot;:&quot;&quot;}\" data-image-title=\"Vorbei an der f\u00fcr PKWs gesperrten Br\u00fccke in Saarmund\" data-image-description=\"\" data-medium-file=\"https:\/\/i0.wp.com\/blog.kunstgriff.net\/wp-content\/uploads\/2014\/07\/Vorbei-an-der-f%C3%BCr-PKWs-gesperrten-Br%C3%BCcke-in-Saarmund.jpg?fit=300%2C225&#038;ssl=1\" data-large-file=\"https:\/\/i0.wp.com\/blog.kunstgriff.net\/wp-content\/uploads\/2014\/07\/Vorbei-an-der-f%C3%BCr-PKWs-gesperrten-Br%C3%BCcke-in-Saarmund.jpg?fit=1024%2C768&#038;ssl=1\" src=\"https:\/\/i0.wp.com\/blog.kunstgriff.net\/wp-content\/uploads\/2014\/07\/Vorbei-an-der-f%C3%BCr-PKWs-gesperrten-Br%C3%BCcke-in-Saarmund.jpg?w=190&#038;h=143&#038;ssl=1\" width=\"190\" height=\"143\" loading=\"lazy\" data-original-width=\"190\" data-original-height=\"143\" itemprop=\"http:\/\/schema.org\/image\" title=\"Vorbei an der f\u00fcr PKWs gesperrten Br\u00fccke in Saarmund\" alt=\"Vorbei an der f\u00fcr PKWs gesperrten Br\u00fccke in Saarmund\" style=\"width: 190px; height: 143px;\" \/> <\/a> <div class=\"tiled-gallery-caption\" itemprop=\"caption description\"> Vorbei an der f\u00fcr PKWs gesperrten Br\u00fccke in Saarmund <\/div> <\/div> <div class=\"tiled-gallery-item tiled-gallery-item-small\" itemprop=\"associatedMedia\" itemscope itemtype=\"http:\/\/schema.org\/ImageObject\"> <a href=\"https:\/\/blog.kunstgriff.net\/?attachment_id=12025\" border=\"0\" itemprop=\"url\"> <meta itemprop=\"width\" content=\"190\"> <meta itemprop=\"height\" content=\"143\"> <img decoding=\"async\" class=\"\" data-attachment-id=\"12025\" data-orig-file=\"https:\/\/blog.kunstgriff.net\/wp-content\/uploads\/2014\/07\/Wo-geht-es-lang-wo-wollen-wir-hin.jpg\" data-orig-size=\"1500,1125\" data-comments-opened=\"1\" data-image-meta=\"{&quot;aperture&quot;:&quot;2.8&quot;,&quot;credit&quot;:&quot;&quot;,&quot;camera&quot;:&quot;Canon DIGITAL IXUS 870 IS&quot;,&quot;caption&quot;:&quot;&quot;,&quot;created_timestamp&quot;:&quot;1405167449&quot;,&quot;copyright&quot;:&quot;&quot;,&quot;focal_length&quot;:&quot;5&quot;,&quot;iso&quot;:&quot;80&quot;,&quot;shutter_speed&quot;:&quot;0.001&quot;,&quot;title&quot;:&quot;&quot;}\" data-image-title=\"Wo geht es lang wo wollen wir hin\" data-image-description=\"\" data-medium-file=\"https:\/\/i0.wp.com\/blog.kunstgriff.net\/wp-content\/uploads\/2014\/07\/Wo-geht-es-lang-wo-wollen-wir-hin.jpg?fit=300%2C225&#038;ssl=1\" data-large-file=\"https:\/\/i0.wp.com\/blog.kunstgriff.net\/wp-content\/uploads\/2014\/07\/Wo-geht-es-lang-wo-wollen-wir-hin.jpg?fit=1024%2C768&#038;ssl=1\" src=\"https:\/\/i0.wp.com\/blog.kunstgriff.net\/wp-content\/uploads\/2014\/07\/Wo-geht-es-lang-wo-wollen-wir-hin.jpg?w=190&#038;h=143&#038;ssl=1\" srcset=\"https:\/\/i0.wp.com\/blog.kunstgriff.net\/wp-content\/uploads\/2014\/07\/Wo-geht-es-lang-wo-wollen-wir-hin.jpg?w=1500&amp;ssl=1 1500w, https:\/\/i0.wp.com\/blog.kunstgriff.net\/wp-content\/uploads\/2014\/07\/Wo-geht-es-lang-wo-wollen-wir-hin.jpg?resize=300%2C225&amp;ssl=1 300w, https:\/\/i0.wp.com\/blog.kunstgriff.net\/wp-content\/uploads\/2014\/07\/Wo-geht-es-lang-wo-wollen-wir-hin.jpg?resize=1024%2C768&amp;ssl=1 1024w, https:\/\/i0.wp.com\/blog.kunstgriff.net\/wp-content\/uploads\/2014\/07\/Wo-geht-es-lang-wo-wollen-wir-hin.jpg?resize=400%2C300&amp;ssl=1 400w, https:\/\/i0.wp.com\/blog.kunstgriff.net\/wp-content\/uploads\/2014\/07\/Wo-geht-es-lang-wo-wollen-wir-hin.jpg?resize=900%2C675&amp;ssl=1 900w\" width=\"190\" height=\"143\" loading=\"lazy\" data-original-width=\"190\" data-original-height=\"143\" itemprop=\"http:\/\/schema.org\/image\" title=\"Wo geht es lang wo wollen wir hin\" alt=\"Wo geht es lang wo wollen wir hin\" style=\"width: 190px; height: 143px;\" \/> <\/a> <div class=\"tiled-gallery-caption\" itemprop=\"caption description\"> Wo geht es lang wo wollen wir hin <\/div> <\/div> <div class=\"tiled-gallery-item tiled-gallery-item-small\" itemprop=\"associatedMedia\" itemscope itemtype=\"http:\/\/schema.org\/ImageObject\"> <a href=\"https:\/\/blog.kunstgriff.net\/?attachment_id=12022\" border=\"0\" itemprop=\"url\"> <meta itemprop=\"width\" content=\"190\"> <meta itemprop=\"height\" content=\"142\"> <img decoding=\"async\" class=\"\" data-attachment-id=\"12022\" data-orig-file=\"https:\/\/blog.kunstgriff.net\/wp-content\/uploads\/2014\/07\/locker-durch-Kleinmachnow.jpg\" data-orig-size=\"1500,1125\" data-comments-opened=\"1\" data-image-meta=\"{&quot;aperture&quot;:&quot;2.8&quot;,&quot;credit&quot;:&quot;&quot;,&quot;camera&quot;:&quot;Canon DIGITAL IXUS 870 IS&quot;,&quot;caption&quot;:&quot;&quot;,&quot;created_timestamp&quot;:&quot;1405169094&quot;,&quot;copyright&quot;:&quot;&quot;,&quot;focal_length&quot;:&quot;5&quot;,&quot;iso&quot;:&quot;125&quot;,&quot;shutter_speed&quot;:&quot;0.002&quot;,&quot;title&quot;:&quot;&quot;}\" data-image-title=\"locker durch Kleinmachnow\" data-image-description=\"\" data-medium-file=\"https:\/\/i0.wp.com\/blog.kunstgriff.net\/wp-content\/uploads\/2014\/07\/locker-durch-Kleinmachnow.jpg?fit=300%2C225&#038;ssl=1\" data-large-file=\"https:\/\/i0.wp.com\/blog.kunstgriff.net\/wp-content\/uploads\/2014\/07\/locker-durch-Kleinmachnow.jpg?fit=1024%2C768&#038;ssl=1\" src=\"https:\/\/i0.wp.com\/blog.kunstgriff.net\/wp-content\/uploads\/2014\/07\/locker-durch-Kleinmachnow.jpg?w=190&#038;h=142&#038;ssl=1\" srcset=\"https:\/\/i0.wp.com\/blog.kunstgriff.net\/wp-content\/uploads\/2014\/07\/locker-durch-Kleinmachnow.jpg?w=1500&amp;ssl=1 1500w, https:\/\/i0.wp.com\/blog.kunstgriff.net\/wp-content\/uploads\/2014\/07\/locker-durch-Kleinmachnow.jpg?resize=300%2C225&amp;ssl=1 300w, https:\/\/i0.wp.com\/blog.kunstgriff.net\/wp-content\/uploads\/2014\/07\/locker-durch-Kleinmachnow.jpg?resize=1024%2C768&amp;ssl=1 1024w, https:\/\/i0.wp.com\/blog.kunstgriff.net\/wp-content\/uploads\/2014\/07\/locker-durch-Kleinmachnow.jpg?resize=400%2C300&amp;ssl=1 400w, https:\/\/i0.wp.com\/blog.kunstgriff.net\/wp-content\/uploads\/2014\/07\/locker-durch-Kleinmachnow.jpg?resize=900%2C675&amp;ssl=1 900w\" width=\"190\" height=\"142\" loading=\"lazy\" data-original-width=\"190\" data-original-height=\"142\" itemprop=\"http:\/\/schema.org\/image\" title=\"locker durch Kleinmachnow\" alt=\"locker durch Kleinmachnow\" style=\"width: 190px; height: 142px;\" \/> <\/a> <div class=\"tiled-gallery-caption\" itemprop=\"caption description\"> locker durch Kleinmachnow <\/div> <\/div> <\/div> <!-- close group --> <div class=\"gallery-group images-1\" style=\"width: 331px; height: 440px;\" data-original-width=\"331\" data-original-height=\"440\" > <div class=\"tiled-gallery-item tiled-gallery-item-large\" itemprop=\"associatedMedia\" itemscope itemtype=\"http:\/\/schema.org\/ImageObject\"> <a href=\"https:\/\/blog.kunstgriff.net\/?attachment_id=12018\" border=\"0\" itemprop=\"url\"> <meta itemprop=\"width\" content=\"327\"> <meta itemprop=\"height\" content=\"436\"> <img decoding=\"async\" class=\"\" data-attachment-id=\"12018\" data-orig-file=\"https:\/\/blog.kunstgriff.net\/wp-content\/uploads\/2014\/07\/Die-Sonne-lacht.jpg\" data-orig-size=\"1125,1500\" data-comments-opened=\"1\" data-image-meta=\"{&quot;aperture&quot;:&quot;5.6&quot;,&quot;credit&quot;:&quot;&quot;,&quot;camera&quot;:&quot;Canon DIGITAL IXUS 870 IS&quot;,&quot;caption&quot;:&quot;&quot;,&quot;created_timestamp&quot;:&quot;1405167418&quot;,&quot;copyright&quot;:&quot;&quot;,&quot;focal_length&quot;:&quot;5&quot;,&quot;iso&quot;:&quot;80&quot;,&quot;shutter_speed&quot;:&quot;0.002&quot;,&quot;title&quot;:&quot;&quot;}\" data-image-title=\"Die Sonne lacht\" data-image-description=\"\" data-medium-file=\"https:\/\/i0.wp.com\/blog.kunstgriff.net\/wp-content\/uploads\/2014\/07\/Die-Sonne-lacht.jpg?fit=225%2C300&#038;ssl=1\" data-large-file=\"https:\/\/i0.wp.com\/blog.kunstgriff.net\/wp-content\/uploads\/2014\/07\/Die-Sonne-lacht.jpg?fit=768%2C1024&#038;ssl=1\" src=\"https:\/\/i0.wp.com\/blog.kunstgriff.net\/wp-content\/uploads\/2014\/07\/Die-Sonne-lacht.jpg?w=327&#038;h=436&#038;ssl=1\" srcset=\"https:\/\/i0.wp.com\/blog.kunstgriff.net\/wp-content\/uploads\/2014\/07\/Die-Sonne-lacht.jpg?w=1125&amp;ssl=1 1125w, https:\/\/i0.wp.com\/blog.kunstgriff.net\/wp-content\/uploads\/2014\/07\/Die-Sonne-lacht.jpg?resize=225%2C300&amp;ssl=1 225w, https:\/\/i0.wp.com\/blog.kunstgriff.net\/wp-content\/uploads\/2014\/07\/Die-Sonne-lacht.jpg?resize=768%2C1024&amp;ssl=1 768w, https:\/\/i0.wp.com\/blog.kunstgriff.net\/wp-content\/uploads\/2014\/07\/Die-Sonne-lacht.jpg?resize=900%2C1200&amp;ssl=1 900w, https:\/\/i0.wp.com\/blog.kunstgriff.net\/wp-content\/uploads\/2014\/07\/Die-Sonne-lacht.jpg?w=1050&amp;ssl=1 1050w\" width=\"327\" height=\"436\" loading=\"lazy\" data-original-width=\"327\" data-original-height=\"436\" itemprop=\"http:\/\/schema.org\/image\" title=\"Die Sonne lacht\" alt=\"Die Sonne lacht\" style=\"width: 327px; height: 436px;\" \/> <\/a> <div class=\"tiled-gallery-caption\" itemprop=\"caption description\"> Die Sonne lacht <\/div> <\/div> <\/div> <!-- close group --> <\/div> <!-- close row --> <div class=\"gallery-row\" style=\"width: 525px; height: 264px;\" data-original-width=\"525\" data-original-height=\"264\" > <div class=\"gallery-group images-1\" style=\"width: 350px; height: 264px;\" data-original-width=\"350\" data-original-height=\"264\" > <div class=\"tiled-gallery-item tiled-gallery-item-large\" itemprop=\"associatedMedia\" itemscope itemtype=\"http:\/\/schema.org\/ImageObject\"> <a href=\"https:\/\/blog.kunstgriff.net\/?attachment_id=12021\" border=\"0\" itemprop=\"url\"> <meta itemprop=\"width\" content=\"346\"> <meta itemprop=\"height\" content=\"260\"> <img decoding=\"async\" class=\"\" data-attachment-id=\"12021\" data-orig-file=\"https:\/\/blog.kunstgriff.net\/wp-content\/uploads\/2014\/07\/Hier-geht-es-lang.jpg\" data-orig-size=\"1500,1125\" data-comments-opened=\"1\" data-image-meta=\"{&quot;aperture&quot;:&quot;2.8&quot;,&quot;credit&quot;:&quot;&quot;,&quot;camera&quot;:&quot;Canon DIGITAL IXUS 870 IS&quot;,&quot;caption&quot;:&quot;&quot;,&quot;created_timestamp&quot;:&quot;1405169123&quot;,&quot;copyright&quot;:&quot;&quot;,&quot;focal_length&quot;:&quot;5&quot;,&quot;iso&quot;:&quot;80&quot;,&quot;shutter_speed&quot;:&quot;0.00125&quot;,&quot;title&quot;:&quot;&quot;}\" data-image-title=\"Hier geht es lang\" data-image-description=\"\" data-medium-file=\"https:\/\/i0.wp.com\/blog.kunstgriff.net\/wp-content\/uploads\/2014\/07\/Hier-geht-es-lang.jpg?fit=300%2C225&#038;ssl=1\" data-large-file=\"https:\/\/i0.wp.com\/blog.kunstgriff.net\/wp-content\/uploads\/2014\/07\/Hier-geht-es-lang.jpg?fit=1024%2C768&#038;ssl=1\" src=\"https:\/\/i0.wp.com\/blog.kunstgriff.net\/wp-content\/uploads\/2014\/07\/Hier-geht-es-lang.jpg?w=346&#038;h=260&#038;ssl=1\" srcset=\"https:\/\/i0.wp.com\/blog.kunstgriff.net\/wp-content\/uploads\/2014\/07\/Hier-geht-es-lang.jpg?w=1500&amp;ssl=1 1500w, https:\/\/i0.wp.com\/blog.kunstgriff.net\/wp-content\/uploads\/2014\/07\/Hier-geht-es-lang.jpg?resize=300%2C225&amp;ssl=1 300w, https:\/\/i0.wp.com\/blog.kunstgriff.net\/wp-content\/uploads\/2014\/07\/Hier-geht-es-lang.jpg?resize=1024%2C768&amp;ssl=1 1024w, https:\/\/i0.wp.com\/blog.kunstgriff.net\/wp-content\/uploads\/2014\/07\/Hier-geht-es-lang.jpg?resize=400%2C300&amp;ssl=1 400w, https:\/\/i0.wp.com\/blog.kunstgriff.net\/wp-content\/uploads\/2014\/07\/Hier-geht-es-lang.jpg?resize=900%2C675&amp;ssl=1 900w\" width=\"346\" height=\"260\" loading=\"lazy\" data-original-width=\"346\" data-original-height=\"260\" itemprop=\"http:\/\/schema.org\/image\" title=\"Hier geht es lang\" alt=\"Hier geht es lang\" style=\"width: 346px; height: 260px;\" \/> <\/a> <div class=\"tiled-gallery-caption\" itemprop=\"caption description\"> Hier geht es lang <\/div> <\/div> <\/div> <!-- close group --> <div class=\"gallery-group images-2\" style=\"width: 175px; height: 264px;\" data-original-width=\"175\" data-original-height=\"264\" > <div class=\"tiled-gallery-item tiled-gallery-item-small\" itemprop=\"associatedMedia\" itemscope itemtype=\"http:\/\/schema.org\/ImageObject\"> <a href=\"https:\/\/blog.kunstgriff.net\/?attachment_id=12019\" border=\"0\" itemprop=\"url\"> <meta itemprop=\"width\" content=\"171\"> <meta itemprop=\"height\" content=\"128\"> <img decoding=\"async\" class=\"\" data-attachment-id=\"12019\" data-orig-file=\"https:\/\/blog.kunstgriff.net\/wp-content\/uploads\/2014\/07\/Einschlag-mit-Helm.jpg\" data-orig-size=\"1500,1125\" data-comments-opened=\"1\" data-image-meta=\"{&quot;aperture&quot;:&quot;2.8&quot;,&quot;credit&quot;:&quot;&quot;,&quot;camera&quot;:&quot;Canon DIGITAL IXUS 870 IS&quot;,&quot;caption&quot;:&quot;&quot;,&quot;created_timestamp&quot;:&quot;1405172541&quot;,&quot;copyright&quot;:&quot;&quot;,&quot;focal_length&quot;:&quot;5&quot;,&quot;iso&quot;:&quot;125&quot;,&quot;shutter_speed&quot;:&quot;0.002&quot;,&quot;title&quot;:&quot;&quot;}\" data-image-title=\"Einschlag mit Helm\" data-image-description=\"\" data-medium-file=\"https:\/\/i0.wp.com\/blog.kunstgriff.net\/wp-content\/uploads\/2014\/07\/Einschlag-mit-Helm.jpg?fit=300%2C225&#038;ssl=1\" data-large-file=\"https:\/\/i0.wp.com\/blog.kunstgriff.net\/wp-content\/uploads\/2014\/07\/Einschlag-mit-Helm.jpg?fit=1024%2C768&#038;ssl=1\" src=\"https:\/\/i0.wp.com\/blog.kunstgriff.net\/wp-content\/uploads\/2014\/07\/Einschlag-mit-Helm.jpg?w=171&#038;h=128&#038;ssl=1\" srcset=\"https:\/\/i0.wp.com\/blog.kunstgriff.net\/wp-content\/uploads\/2014\/07\/Einschlag-mit-Helm.jpg?w=1500&amp;ssl=1 1500w, https:\/\/i0.wp.com\/blog.kunstgriff.net\/wp-content\/uploads\/2014\/07\/Einschlag-mit-Helm.jpg?resize=300%2C225&amp;ssl=1 300w, https:\/\/i0.wp.com\/blog.kunstgriff.net\/wp-content\/uploads\/2014\/07\/Einschlag-mit-Helm.jpg?resize=1024%2C768&amp;ssl=1 1024w, https:\/\/i0.wp.com\/blog.kunstgriff.net\/wp-content\/uploads\/2014\/07\/Einschlag-mit-Helm.jpg?resize=400%2C300&amp;ssl=1 400w, https:\/\/i0.wp.com\/blog.kunstgriff.net\/wp-content\/uploads\/2014\/07\/Einschlag-mit-Helm.jpg?resize=900%2C675&amp;ssl=1 900w\" width=\"171\" height=\"128\" loading=\"lazy\" data-original-width=\"171\" data-original-height=\"128\" itemprop=\"http:\/\/schema.org\/image\" title=\"Einschlag mit Helm\" alt=\"Einschlag mit Helm\" style=\"width: 171px; height: 128px;\" \/> <\/a> <div class=\"tiled-gallery-caption\" itemprop=\"caption description\"> Einschlag mit Helm <\/div> <\/div> <div class=\"tiled-gallery-item tiled-gallery-item-small\" itemprop=\"associatedMedia\" itemscope itemtype=\"http:\/\/schema.org\/ImageObject\"> <a href=\"https:\/\/blog.kunstgriff.net\/?attachment_id=12020\" border=\"0\" itemprop=\"url\"> <meta itemprop=\"width\" content=\"171\"> <meta itemprop=\"height\" content=\"128\"> <img decoding=\"async\" class=\"\" data-attachment-id=\"12020\" data-orig-file=\"https:\/\/blog.kunstgriff.net\/wp-content\/uploads\/2014\/07\/Gl\u00fcck-im-Ungl\u00fcck.jpg\" data-orig-size=\"1500,1125\" data-comments-opened=\"1\" data-image-meta=\"{&quot;aperture&quot;:&quot;2.8&quot;,&quot;credit&quot;:&quot;&quot;,&quot;camera&quot;:&quot;Canon DIGITAL IXUS 870 IS&quot;,&quot;caption&quot;:&quot;&quot;,&quot;created_timestamp&quot;:&quot;1405173509&quot;,&quot;copyright&quot;:&quot;&quot;,&quot;focal_length&quot;:&quot;5&quot;,&quot;iso&quot;:&quot;80&quot;,&quot;shutter_speed&quot;:&quot;0.003125&quot;,&quot;title&quot;:&quot;&quot;}\" data-image-title=\"Gl\u00fcck im Ungl\u00fcck\" data-image-description=\"\" data-medium-file=\"https:\/\/i0.wp.com\/blog.kunstgriff.net\/wp-content\/uploads\/2014\/07\/Gl%C3%BCck-im-Ungl%C3%BCck.jpg?fit=300%2C225&#038;ssl=1\" data-large-file=\"https:\/\/i0.wp.com\/blog.kunstgriff.net\/wp-content\/uploads\/2014\/07\/Gl%C3%BCck-im-Ungl%C3%BCck.jpg?fit=1024%2C768&#038;ssl=1\" src=\"https:\/\/i0.wp.com\/blog.kunstgriff.net\/wp-content\/uploads\/2014\/07\/Gl%C3%BCck-im-Ungl%C3%BCck.jpg?w=171&#038;h=128&#038;ssl=1\" width=\"171\" height=\"128\" loading=\"lazy\" data-original-width=\"171\" data-original-height=\"128\" itemprop=\"http:\/\/schema.org\/image\" title=\"Gl\u00fcck im Ungl\u00fcck\" alt=\"Gl\u00fcck im Ungl\u00fcck\" style=\"width: 171px; height: 128px;\" \/> <\/a> <div class=\"tiled-gallery-caption\" itemprop=\"caption description\"> Gl\u00fcck im Ungl\u00fcck <\/div> <\/div> <\/div> <!-- close group --> <\/div> <!-- close row --> <div class=\"gallery-row\" style=\"width: 525px; height: 395px;\" data-original-width=\"525\" data-original-height=\"395\" > <div class=\"gallery-group images-1\" style=\"width: 525px; height: 395px;\" data-original-width=\"525\" data-original-height=\"395\" > <div class=\"tiled-gallery-item tiled-gallery-item-large\" itemprop=\"associatedMedia\" itemscope itemtype=\"http:\/\/schema.org\/ImageObject\"> <a href=\"https:\/\/blog.kunstgriff.net\/?attachment_id=12023\" border=\"0\" itemprop=\"url\"> <meta itemprop=\"width\" content=\"521\"> <meta itemprop=\"height\" content=\"391\"> <img decoding=\"async\" class=\"\" data-attachment-id=\"12023\" data-orig-file=\"https:\/\/blog.kunstgriff.net\/wp-content\/uploads\/2014\/07\/Totalschaden-mein-Cannondale-CAAD9.jpg\" data-orig-size=\"1500,1125\" data-comments-opened=\"1\" data-image-meta=\"{&quot;aperture&quot;:&quot;2.8&quot;,&quot;credit&quot;:&quot;&quot;,&quot;camera&quot;:&quot;Canon DIGITAL IXUS 870 IS&quot;,&quot;caption&quot;:&quot;&quot;,&quot;created_timestamp&quot;:&quot;1405172562&quot;,&quot;copyright&quot;:&quot;&quot;,&quot;focal_length&quot;:&quot;5&quot;,&quot;iso&quot;:&quot;250&quot;,&quot;shutter_speed&quot;:&quot;0.002&quot;,&quot;title&quot;:&quot;&quot;}\" data-image-title=\"Totalschaden mein Cannondale CAAD9\" data-image-description=\"\" data-medium-file=\"https:\/\/i0.wp.com\/blog.kunstgriff.net\/wp-content\/uploads\/2014\/07\/Totalschaden-mein-Cannondale-CAAD9.jpg?fit=300%2C225&#038;ssl=1\" data-large-file=\"https:\/\/i0.wp.com\/blog.kunstgriff.net\/wp-content\/uploads\/2014\/07\/Totalschaden-mein-Cannondale-CAAD9.jpg?fit=1024%2C768&#038;ssl=1\" src=\"https:\/\/i0.wp.com\/blog.kunstgriff.net\/wp-content\/uploads\/2014\/07\/Totalschaden-mein-Cannondale-CAAD9.jpg?w=521&#038;h=391&#038;ssl=1\" srcset=\"https:\/\/i0.wp.com\/blog.kunstgriff.net\/wp-content\/uploads\/2014\/07\/Totalschaden-mein-Cannondale-CAAD9.jpg?w=1500&amp;ssl=1 1500w, https:\/\/i0.wp.com\/blog.kunstgriff.net\/wp-content\/uploads\/2014\/07\/Totalschaden-mein-Cannondale-CAAD9.jpg?resize=300%2C225&amp;ssl=1 300w, https:\/\/i0.wp.com\/blog.kunstgriff.net\/wp-content\/uploads\/2014\/07\/Totalschaden-mein-Cannondale-CAAD9.jpg?resize=1024%2C768&amp;ssl=1 1024w, https:\/\/i0.wp.com\/blog.kunstgriff.net\/wp-content\/uploads\/2014\/07\/Totalschaden-mein-Cannondale-CAAD9.jpg?resize=400%2C300&amp;ssl=1 400w, https:\/\/i0.wp.com\/blog.kunstgriff.net\/wp-content\/uploads\/2014\/07\/Totalschaden-mein-Cannondale-CAAD9.jpg?resize=900%2C675&amp;ssl=1 900w\" width=\"521\" height=\"391\" loading=\"lazy\" data-original-width=\"521\" data-original-height=\"391\" itemprop=\"http:\/\/schema.org\/image\" title=\"Totalschaden mein Cannondale CAAD9\" alt=\"Totalschaden meines Cannondale CAAD9.\" style=\"width: 521px; height: 391px;\" \/> <\/a> <div class=\"tiled-gallery-caption\" itemprop=\"caption description\"> Totalschaden meines Cannondale CAAD9. <\/div> <\/div> <\/div> <!-- close group --> <\/div> <!-- close row --> <\/div>\n","protected":false},"excerpt":{"rendered":"<p>oder \u00bbBiken ohne Happy-End\u00ab Die Wetteraussichten waren wechselhaft und Regen auf dem Radar. Trotzdem wollte ich nach fast einer Woche Abstinenz mal wieder meinen Renner bewegen. Olegs Runden sind daf\u00fcr bestens geeignet, also runter zu Tiri um gemeinsam mit der Bande zu trainieren. Es lief aus der Stadt raus gar nicht gut. In der F\u00fchrung &hellip; <\/p>\n<p class=\"link-more\"><a href=\"https:\/\/blog.kunstgriff.net\/?p=12026\" class=\"more-link\"><span class=\"screen-reader-text\">\u201eTiri-Zauchwitz-S\u00fcd-Runde\u201c <\/span>weiterlesen<\/a><\/p>\n","protected":false},"author":2,"featured_media":12019,"comment_status":"open","ping_status":"open","sticky":false,"template":"","format":"standard","meta":{"jetpack_post_was_ever_published":false,"_jetpack_newsletter_access":"","_jetpack_dont_email_post_to_subs":false,"_jetpack_newsletter_tier_id":0,"_jetpack_memberships_contains_paywalled_content":false,"_jetpack_memberships_contains_paid_content":false,"footnotes":""},"categories":[14,7],"tags":[],"class_list":["post-12026","post","type-post","status-publish","format-standard","has-post-thumbnail","hentry","category-radfahren","category-rennradfahren"],"jetpack_featured_media_url":"https:\/\/i0.wp.com\/blog.kunstgriff.net\/wp-content\/uploads\/2014\/07\/Einschlag-mit-Helm.jpg?fit=1500%2C1125&ssl=1","jetpack_shortlink":"https:\/\/wp.me\/p8Cxe7-37Y","jetpack-related-posts":[{"id":19266,"url":"https:\/\/blog.kunstgriff.net\/?p=19266","url_meta":{"origin":12026,"position":0},"title":"Nach Motzen und Trebbin mit den TiRis","author":"Georg","date":"April 19, 2019","format":false,"excerpt":"Fast kein Kuchen in Brandenburg Heute war mal wieder Tiri angesagt. Mit An- & Abreise satte 174 km. Eigentlich zuviel f\u00fcr den Einstieg ins Osterwochenende. Aber ich wollte mal wieder mit der G\u00e4ng fahren und so musste ich da durch. Die Anfahrt verlief routiniert, au\u00dfer da\u00df ich mich heute mal\u2026","rel":"","context":"In &quot;Cake-Ride&quot;","block_context":{"text":"Cake-Ride","link":"https:\/\/blog.kunstgriff.net\/?cat=34"},"img":{"alt_text":"","src":"https:\/\/i0.wp.com\/blog.kunstgriff.net\/wp-content\/uploads\/2019\/04\/Bl%C3%BChendes-Trebbin.jpg?fit=1200%2C800&ssl=1&resize=350%2C200","width":350,"height":200,"srcset":"https:\/\/i0.wp.com\/blog.kunstgriff.net\/wp-content\/uploads\/2019\/04\/Bl%C3%BChendes-Trebbin.jpg?fit=1200%2C800&ssl=1&resize=350%2C200 1x, https:\/\/i0.wp.com\/blog.kunstgriff.net\/wp-content\/uploads\/2019\/04\/Bl%C3%BChendes-Trebbin.jpg?fit=1200%2C800&ssl=1&resize=525%2C300 1.5x, https:\/\/i0.wp.com\/blog.kunstgriff.net\/wp-content\/uploads\/2019\/04\/Bl%C3%BChendes-Trebbin.jpg?fit=1200%2C800&ssl=1&resize=700%2C400 2x, https:\/\/i0.wp.com\/blog.kunstgriff.net\/wp-content\/uploads\/2019\/04\/Bl%C3%BChendes-Trebbin.jpg?fit=1200%2C800&ssl=1&resize=1050%2C600 3x"},"classes":[]},{"id":21219,"url":"https:\/\/blog.kunstgriff.net\/?p=21219","url_meta":{"origin":12026,"position":1},"title":"Tiri-Pfingst-Sonntags-Ausfahrt","author":"Georg","date":"Mai 31, 2020","format":false,"excerpt":"Fahren bis Einer heult Ach was freute ich mich auf eine echte Gruppenausfahrt! Endlich wieder mit ein paar mehr Leuten unterwegs sein. Oleg bot einen lockeren 100er an, der genau in mein Programm passte. Herrlich! Also um kurz nach Neun auf den Renner und durch die Stadt nach S\u00fcden. Ganz\u2026","rel":"","context":"In &quot;Radfahren&quot;","block_context":{"text":"Radfahren","link":"https:\/\/blog.kunstgriff.net\/?cat=14"},"img":{"alt_text":"Kurz vor Tyrow","src":"https:\/\/i0.wp.com\/blog.kunstgriff.net\/wp-content\/uploads\/2020\/05\/Kurz-vor-Tyrow.jpg?fit=1200%2C800&ssl=1&resize=350%2C200","width":350,"height":200,"srcset":"https:\/\/i0.wp.com\/blog.kunstgriff.net\/wp-content\/uploads\/2020\/05\/Kurz-vor-Tyrow.jpg?fit=1200%2C800&ssl=1&resize=350%2C200 1x, https:\/\/i0.wp.com\/blog.kunstgriff.net\/wp-content\/uploads\/2020\/05\/Kurz-vor-Tyrow.jpg?fit=1200%2C800&ssl=1&resize=525%2C300 1.5x, https:\/\/i0.wp.com\/blog.kunstgriff.net\/wp-content\/uploads\/2020\/05\/Kurz-vor-Tyrow.jpg?fit=1200%2C800&ssl=1&resize=700%2C400 2x, https:\/\/i0.wp.com\/blog.kunstgriff.net\/wp-content\/uploads\/2020\/05\/Kurz-vor-Tyrow.jpg?fit=1200%2C800&ssl=1&resize=1050%2C600 3x"},"classes":[]},{"id":13718,"url":"https:\/\/blog.kunstgriff.net\/?p=13718","url_meta":{"origin":12026,"position":2},"title":"Tiri-Beelitz-Treuenbrietzen-Runde","author":"Georg","date":"Juli 9, 2016","format":false,"excerpt":"oder \u00bbAusfahrt bei heiter bis wolkig\u00ab Heute war mal wieder eine Tiri-Runde ausgeschrieben und eine grosse Anzahl an ProtagonistInnen lie\u00df sich p\u00fcnktlich um 10 Uhr am\u00a0Tirschenreuther Ring blicken. Der Track war bekannt und nach kurzer Einweisung durch den Cheftrainer, dass heute ordentlich in 2er-Reihe gefahren werden w\u00fcrde und auch jedes\u2026","rel":"","context":"In &quot;Cake-Ride&quot;","block_context":{"text":"Cake-Ride","link":"https:\/\/blog.kunstgriff.net\/?cat=34"},"img":{"alt_text":"","src":"https:\/\/i0.wp.com\/blog.kunstgriff.net\/wp-content\/uploads\/2016\/07\/Kurz-vor-Abfahrt-am-Tirschenreuther-Ring.jpg?fit=1200%2C800&ssl=1&resize=350%2C200","width":350,"height":200,"srcset":"https:\/\/i0.wp.com\/blog.kunstgriff.net\/wp-content\/uploads\/2016\/07\/Kurz-vor-Abfahrt-am-Tirschenreuther-Ring.jpg?fit=1200%2C800&ssl=1&resize=350%2C200 1x, https:\/\/i0.wp.com\/blog.kunstgriff.net\/wp-content\/uploads\/2016\/07\/Kurz-vor-Abfahrt-am-Tirschenreuther-Ring.jpg?fit=1200%2C800&ssl=1&resize=525%2C300 1.5x, https:\/\/i0.wp.com\/blog.kunstgriff.net\/wp-content\/uploads\/2016\/07\/Kurz-vor-Abfahrt-am-Tirschenreuther-Ring.jpg?fit=1200%2C800&ssl=1&resize=700%2C400 2x, https:\/\/i0.wp.com\/blog.kunstgriff.net\/wp-content\/uploads\/2016\/07\/Kurz-vor-Abfahrt-am-Tirschenreuther-Ring.jpg?fit=1200%2C800&ssl=1&resize=1050%2C600 3x"},"classes":[]},{"id":9391,"url":"https:\/\/blog.kunstgriff.net\/?p=9391","url_meta":{"origin":12026,"position":3},"title":"Tiri-Ruhlsdorf-S\u00fcd-Runde","author":"Georg","date":"November 4, 2012","format":false,"excerpt":"oder \u00bbWar dann wohl doch ein bisschen viel\u2026\u00abIn Ermangelung besserer Sonntags-Rennrad-Runden-Angebote, machte ich mich heute, wie schon gestern, auf zum TiRi. Oleg versprach mehr Mitfahrer als am Vortag, was die Anstrengungen im Wind reduzieren w\u00fcrde. Auch wollte Andi, mein alter Schulfreund, mit am Start sein. Die Sonne sollte auch scheinen\u2026","rel":"","context":"In &quot;Radfahren&quot;","block_context":{"text":"Radfahren","link":"https:\/\/blog.kunstgriff.net\/?cat=14"},"img":{"alt_text":"","src":"https:\/\/i0.wp.com\/blog.kunstgriff.net\/wp-content\/uploads\/2012\/11\/Letzte-Einkehr-im-Innenhof-bei-B%C3%A4ckerei-R%C3%B6hrigin-Blankensee.jpg?fit=1000%2C750&ssl=1&resize=350%2C200","width":350,"height":200,"srcset":"https:\/\/i0.wp.com\/blog.kunstgriff.net\/wp-content\/uploads\/2012\/11\/Letzte-Einkehr-im-Innenhof-bei-B%C3%A4ckerei-R%C3%B6hrigin-Blankensee.jpg?fit=1000%2C750&ssl=1&resize=350%2C200 1x, https:\/\/i0.wp.com\/blog.kunstgriff.net\/wp-content\/uploads\/2012\/11\/Letzte-Einkehr-im-Innenhof-bei-B%C3%A4ckerei-R%C3%B6hrigin-Blankensee.jpg?fit=1000%2C750&ssl=1&resize=525%2C300 1.5x, https:\/\/i0.wp.com\/blog.kunstgriff.net\/wp-content\/uploads\/2012\/11\/Letzte-Einkehr-im-Innenhof-bei-B%C3%A4ckerei-R%C3%B6hrigin-Blankensee.jpg?fit=1000%2C750&ssl=1&resize=700%2C400 2x"},"classes":[]},{"id":19430,"url":"https:\/\/blog.kunstgriff.net\/?p=19430","url_meta":{"origin":12026,"position":4},"title":"An Himmelfahrt nach Blankensee","author":"Georg","date":"Mai 30, 2019","format":false,"excerpt":"Mit Herbert \u2019nen Kuchenhunni abgerissen Eigentlich bin ich zu dieser Zeit ja immer in Tschechien mit der ITF unterwegs. Aufgrund von Termin-\u00dcberlappungen ging dies in 2019 nicht. Die Merseburg RTF wollte ich aufgrund der weiten Anreise auch nicht mitfahren, also blieb nur eine Runde ohne Gruppe. Herbert meldete sich am\u2026","rel":"","context":"In &quot;Cake-Ride&quot;","block_context":{"text":"Cake-Ride","link":"https:\/\/blog.kunstgriff.net\/?cat=34"},"img":{"alt_text":"Auf dem Weg nach Dobrikow","src":"https:\/\/i0.wp.com\/blog.kunstgriff.net\/wp-content\/uploads\/2019\/05\/Auf-dem-Weg-nach-Dobrikow.jpg?fit=1200%2C800&ssl=1&resize=350%2C200","width":350,"height":200,"srcset":"https:\/\/i0.wp.com\/blog.kunstgriff.net\/wp-content\/uploads\/2019\/05\/Auf-dem-Weg-nach-Dobrikow.jpg?fit=1200%2C800&ssl=1&resize=350%2C200 1x, https:\/\/i0.wp.com\/blog.kunstgriff.net\/wp-content\/uploads\/2019\/05\/Auf-dem-Weg-nach-Dobrikow.jpg?fit=1200%2C800&ssl=1&resize=525%2C300 1.5x, https:\/\/i0.wp.com\/blog.kunstgriff.net\/wp-content\/uploads\/2019\/05\/Auf-dem-Weg-nach-Dobrikow.jpg?fit=1200%2C800&ssl=1&resize=700%2C400 2x, https:\/\/i0.wp.com\/blog.kunstgriff.net\/wp-content\/uploads\/2019\/05\/Auf-dem-Weg-nach-Dobrikow.jpg?fit=1200%2C800&ssl=1&resize=1050%2C600 3x"},"classes":[]},{"id":15486,"url":"https:\/\/blog.kunstgriff.net\/?p=15486","url_meta":{"origin":12026,"position":5},"title":"Mit den Tiris zur Burg Rabenstein","author":"Georg","date":"April 30, 2017","format":false,"excerpt":"\u00bberster 200er in 2017\u00ab Immer wieder ein beliebtes Ausfahrt-Ziel ist die Burg FrankenRabenstein. Meine Aufzeichnungen zeigen gar vier Eintr\u00e4ge, (1,2,3 und 4). Was bedeutet das nun? Dass ich schon mehr als 1.000 Kilometer Burg Rabenstein Touren in den Beinen habe. So sollte sich das ganze doch zumindest wie Routine abspulen\u2026","rel":"","context":"In &quot;200er&quot;","block_context":{"text":"200er","link":"https:\/\/blog.kunstgriff.net\/?cat=48"},"img":{"alt_text":"","src":"https:\/\/i0.wp.com\/blog.kunstgriff.net\/wp-content\/uploads\/2017\/04\/Alle-dabei.jpg?fit=1200%2C800&ssl=1&resize=350%2C200","width":350,"height":200,"srcset":"https:\/\/i0.wp.com\/blog.kunstgriff.net\/wp-content\/uploads\/2017\/04\/Alle-dabei.jpg?fit=1200%2C800&ssl=1&resize=350%2C200 1x, https:\/\/i0.wp.com\/blog.kunstgriff.net\/wp-content\/uploads\/2017\/04\/Alle-dabei.jpg?fit=1200%2C800&ssl=1&resize=525%2C300 1.5x, https:\/\/i0.wp.com\/blog.kunstgriff.net\/wp-content\/uploads\/2017\/04\/Alle-dabei.jpg?fit=1200%2C800&ssl=1&resize=700%2C400 2x, https:\/\/i0.wp.com\/blog.kunstgriff.net\/wp-content\/uploads\/2017\/04\/Alle-dabei.jpg?fit=1200%2C800&ssl=1&resize=1050%2C600 3x"},"classes":[]}],"jetpack_likes_enabled":true,"jetpack_sharing_enabled":true,"_links":{"self":[{"href":"https:\/\/blog.kunstgriff.net\/index.php?rest_route=\/wp\/v2\/posts\/12026","targetHints":{"allow":["GET"]}}],"collection":[{"href":"https:\/\/blog.kunstgriff.net\/index.php?rest_route=\/wp\/v2\/posts"}],"about":[{"href":"https:\/\/blog.kunstgriff.net\/index.php?rest_route=\/wp\/v2\/types\/post"}],"author":[{"embeddable":true,"href":"https:\/\/blog.kunstgriff.net\/index.php?rest_route=\/wp\/v2\/users\/2"}],"replies":[{"embeddable":true,"href":"https:\/\/blog.kunstgriff.net\/index.php?rest_route=%2Fwp%2Fv2%2Fcomments&post=12026"}],"version-history":[{"count":0,"href":"https:\/\/blog.kunstgriff.net\/index.php?rest_route=\/wp\/v2\/posts\/12026\/revisions"}],"wp:featuredmedia":[{"embeddable":true,"href":"https:\/\/blog.kunstgriff.net\/index.php?rest_route=\/wp\/v2\/media\/12019"}],"wp:attachment":[{"href":"https:\/\/blog.kunstgriff.net\/index.php?rest_route=%2Fwp%2Fv2%2Fmedia&parent=12026"}],"wp:term":[{"taxonomy":"category","embeddable":true,"href":"https:\/\/blog.kunstgriff.net\/index.php?rest_route=%2Fwp%2Fv2%2Fcategories&post=12026"},{"taxonomy":"post_tag","embeddable":true,"href":"https:\/\/blog.kunstgriff.net\/index.php?rest_route=%2Fwp%2Fv2%2Ftags&post=12026"}],"curies":[{"name":"wp","href":"https:\/\/api.w.org\/{rel}","templated":true}]}}