{"id":12051,"date":"2014-08-03T22:45:07","date_gmt":"2014-08-03T20:45:07","guid":{"rendered":"http:\/\/blog.kunstgriff.net\/?p=12051"},"modified":"2016-08-01T19:04:23","modified_gmt":"2016-08-01T17:04:23","slug":"potsdam-runde","status":"publish","type":"post","link":"https:\/\/blog.kunstgriff.net\/?p=12051","title":{"rendered":"Potsdam-Runde"},"content":{"rendered":"<span class=\"span-reading-time rt-reading-time\" style=\"display: block;\"><span class=\"rt-label rt-prefix\">Lesezeit: <\/span> <span class=\"rt-time\"> &lt; 1<\/span> <span class=\"rt-label rt-postfix\">Minute<\/span><\/span><h4>oder \u00bbEigentlich wollte ich ja l\u00e4nger fahren\u2026\u00ab<\/h4>\n<hr \/>\n<p>Viele Runde waren heute im Netz nicht im Angebot und auf erneutes alleine Fahren hatte ich keine Lust. So entschloss ich mich, der Runde von Oleg am Auerbachtunnel heute mitzufahren.<\/p>\n<p>Leider wollte die Bande aufgrund der unbestimmten Wetterprognosen nur Willy-Runden drehen, die mir zu dr\u00f6ge waren. Meine geplante Schwielosee-Runde sagte ich dann aber auch ab, da ich bez\u00fcglich des Wetters auch Muffensausen bekam. Wie sich sp\u00e4ter heraus stellte unbegr\u00fcndet, denn es blieb bis sp\u00e4t in den Nachmittag trocken &amp; schw\u00fcl.<\/p>\n<p>Da die Beine aber sowieso nicht in bester Verfassung waren, passte das mit den knapp 60 km schon. Eigentlich ja immer mindestens dreistellig. Deshalb heute auch kein Foto.<\/p>\n<p><iframe height='405' width='590' frameborder='0' allowtransparency='true' scrolling='no' src='https:\/\/www.strava.com\/activities\/175018556\/embed\/f77667579bfc3aff7398bd70fd749fd5873e871e'><\/iframe><\/p>\n","protected":false},"excerpt":{"rendered":"<p>oder \u00bbEigentlich wollte ich ja l\u00e4nger fahren\u2026\u00ab Viele Runde waren heute im Netz nicht im Angebot und auf erneutes alleine Fahren hatte ich keine Lust. So entschloss ich mich, der Runde von Oleg am Auerbachtunnel heute mitzufahren. Leider wollte die Bande aufgrund der unbestimmten Wetterprognosen nur Willy-Runden drehen, die mir zu dr\u00f6ge waren. Meine geplante &hellip; <\/p>\n<p class=\"link-more\"><a href=\"https:\/\/blog.kunstgriff.net\/?p=12051\" class=\"more-link\"><span class=\"screen-reader-text\">\u201ePotsdam-Runde\u201c <\/span>weiterlesen<\/a><\/p>\n","protected":false},"author":2,"featured_media":0,"comment_status":"open","ping_status":"open","sticky":false,"template":"","format":"standard","meta":{"jetpack_post_was_ever_published":false,"_jetpack_newsletter_access":"","_jetpack_dont_email_post_to_subs":false,"_jetpack_newsletter_tier_id":0,"_jetpack_memberships_contains_paywalled_content":false,"_jetpack_memberships_contains_paid_content":false,"footnotes":""},"categories":[1,14,7],"tags":[],"class_list":["post-12051","post","type-post","status-publish","format-standard","hentry","category-allgemein","category-radfahren","category-rennradfahren"],"jetpack_featured_media_url":"","jetpack_shortlink":"https:\/\/wp.me\/p8Cxe7-38n","jetpack-related-posts":[{"id":13515,"url":"https:\/\/blog.kunstgriff.net\/?p=13515","url_meta":{"origin":12051,"position":0},"title":"10-Uhr-Gruppen-S\u00fcd-Runde","author":"Georg","date":"Mai 28, 2016","format":false,"excerpt":"oder \u00bbFlotte Runde mit den Starken\u00abAm Vorabend Geburtstag mit Freunden feiern und dann zur 10-Uhr-Gruppe fahren, ist eigentlich keine gute Kombi. Ich wollte aber unbedingt heute in der Gruppe fahren, also blieb mir nix anderes \u00fcbrig als um 10 Uhr am Tunnel zu sein. Die \u00fcblich grosse Gruppe brach gen\u2026","rel":"","context":"In &quot;Radfahren&quot;","block_context":{"text":"Radfahren","link":"https:\/\/blog.kunstgriff.net\/?cat=14"},"img":{"alt_text":"","src":"","width":0,"height":0},"classes":[]},{"id":1910,"url":"https:\/\/blog.kunstgriff.net\/?p=1910","url_meta":{"origin":12051,"position":1},"title":"Feierabenrunde Nonne -> Ferch","author":"Georg","date":"Juni 30, 2010","format":false,"excerpt":"oder \"Wie man den Schweinehund mit moderner Fitnesssoftware \u00fcberlisten kann\"Eigentlich war mir heute gar nicht nach Training: Da waren zum einen die 6.700 H\u00f6henmeter vom Wochenende, welche mir noch in den Beinen steckten, zum anderen war es irgendwie einfach zu warm um heute einen 100er zu fahren. Auch hatte ich\u2026","rel":"","context":"In &quot;Garmin&quot;","block_context":{"text":"Garmin","link":"https:\/\/blog.kunstgriff.net\/?cat=35"},"img":{"alt_text":"","src":"https:\/\/i0.wp.com\/blog.kunstgriff.net\/wp-content\/uploads\/2010\/06\/Kilometer2010.png?resize=350%2C200","width":350,"height":200},"classes":[]},{"id":3145,"url":"https:\/\/blog.kunstgriff.net\/?p=3145","url_meta":{"origin":12051,"position":2},"title":"ErgoPlanet-New York Marathon","author":"Georg","date":"Dezember 7, 2010","format":false,"excerpt":"oder \u00bbMorgenstund hat Gold im Mund\u00abHeute wollte ich endlich mal wieder Fr\u00fchsport machen! Das mein ZQ darunter leider w\u00fcrde war mir klar, aber ich wollte auch nicht um 21 Uhr schlafen gehen. Um 4:50 Uhr wachte ich ohne Hilfe des Weckers auf und machte Kaffee und schl\u00fcpfte aus dem Schlafanzug\u2026","rel":"","context":"In &quot;Ergometer Training&quot;","block_context":{"text":"Ergometer Training","link":"https:\/\/blog.kunstgriff.net\/?cat=15"},"img":{"alt_text":"","src":"https:\/\/i0.wp.com\/blog.kunstgriff.net\/wp-content\/uploads\/2010\/12\/NYC_Matschbaeume.jpg?resize=350%2C200","width":350,"height":200,"srcset":"https:\/\/i0.wp.com\/blog.kunstgriff.net\/wp-content\/uploads\/2010\/12\/NYC_Matschbaeume.jpg?resize=350%2C200 1x, https:\/\/i0.wp.com\/blog.kunstgriff.net\/wp-content\/uploads\/2010\/12\/NYC_Matschbaeume.jpg?resize=525%2C300 1.5x"},"classes":[]},{"id":8088,"url":"https:\/\/blog.kunstgriff.net\/?p=8088","url_meta":{"origin":12051,"position":3},"title":"Tirschenreuther-Ring-Runde v4","author":"Georg","date":"Juni 2, 2012","format":false,"excerpt":"oder \u00bbHeute mal mit der 'Alten-Garde'\u00abHeute waren einige Tourenangebote im Netz, ich entschloss mich aber f\u00fcr diese relativ kurze Runde mit Oleg im S\u00fcden der Stadt. Zum Einen wollte ich nicht alle K\u00f6rner vor der langen, welligen Runde am Sonntag lassen, zum Anderen bin ich die ganze Woche nicht gefahren\u2026","rel":"","context":"In &quot;Radfahren&quot;","block_context":{"text":"Radfahren","link":"https:\/\/blog.kunstgriff.net\/?cat=14"},"img":{"alt_text":"","src":"https:\/\/i0.wp.com\/blog.kunstgriff.net\/wp-content\/uploads\/2012\/06\/Nach-der-Pause-in-Blankensee.jpg?resize=350%2C200","width":350,"height":200,"srcset":"https:\/\/i0.wp.com\/blog.kunstgriff.net\/wp-content\/uploads\/2012\/06\/Nach-der-Pause-in-Blankensee.jpg?resize=350%2C200 1x, https:\/\/i0.wp.com\/blog.kunstgriff.net\/wp-content\/uploads\/2012\/06\/Nach-der-Pause-in-Blankensee.jpg?resize=525%2C300 1.5x"},"classes":[]},{"id":4881,"url":"https:\/\/blog.kunstgriff.net\/?p=4881","url_meta":{"origin":12051,"position":4},"title":"Trebbin-Runde","author":"Georg","date":"Juni 13, 2011","format":false,"excerpt":"oder \u00bbPfingstmontag - what to do?\u00ab [gcmap act=\"92131182\" class=\"alignright\"]Heute erwachte ich ein wenig unentschlossen, denn Rennrad war ich ja eigentlich die letzten beiden Tag genug gefahren. Allerdings lachte drau\u00dfen die Sonne und wirklich kreative-alternativ-Feiertags-Freizeitplanung hatte ich auch nicht in petto. Also Internet nach Touren gecheckt. Mike bot eine an, aber\u2026","rel":"","context":"In &quot;Garmin&quot;","block_context":{"text":"Garmin","link":"https:\/\/blog.kunstgriff.net\/?cat=35"},"img":{"alt_text":"","src":"http:\/\/www.assoc-amazon.de\/e\/ir?t=&l=as2&o=3&a=B00424LN5G","width":350,"height":200},"classes":[]},{"id":12759,"url":"https:\/\/blog.kunstgriff.net\/?p=12759","url_meta":{"origin":12051,"position":5},"title":"Ruhlsdorf-S\u00fcd-Runde","author":"Georg","date":"August 9, 2015","format":false,"excerpt":"oder \u00bbMal wieder mit den Tiris nach S\u00fcden\u00abWer hier regelm\u00e4\u00dfig mitliest, weiss dass die Ruhlsdorf Runde* zu einen meiner meist gefahrenen Gruppen-Kuchen-Ausfahrten geh\u00f6rt.\u00a0So wollte ich es mir nicht nehmen lassen, diese mal wieder zu fahren. Aber der Reihe nach. Samstag Abend annoncierte Oleg auf seiner bekannten Mailing-Liste die Runde, nachdem\u2026","rel":"","context":"In &quot;Cake-Ride&quot;","block_context":{"text":"Cake-Ride","link":"https:\/\/blog.kunstgriff.net\/?cat=34"},"img":{"alt_text":"","src":"https:\/\/i0.wp.com\/blog.kunstgriff.net\/wp-content\/uploads\/2015\/08\/Brandenburg-im-Hochsommer.jpg?fit=1200%2C900&ssl=1&resize=350%2C200","width":350,"height":200,"srcset":"https:\/\/i0.wp.com\/blog.kunstgriff.net\/wp-content\/uploads\/2015\/08\/Brandenburg-im-Hochsommer.jpg?fit=1200%2C900&ssl=1&resize=350%2C200 1x, https:\/\/i0.wp.com\/blog.kunstgriff.net\/wp-content\/uploads\/2015\/08\/Brandenburg-im-Hochsommer.jpg?fit=1200%2C900&ssl=1&resize=525%2C300 1.5x, https:\/\/i0.wp.com\/blog.kunstgriff.net\/wp-content\/uploads\/2015\/08\/Brandenburg-im-Hochsommer.jpg?fit=1200%2C900&ssl=1&resize=700%2C400 2x, https:\/\/i0.wp.com\/blog.kunstgriff.net\/wp-content\/uploads\/2015\/08\/Brandenburg-im-Hochsommer.jpg?fit=1200%2C900&ssl=1&resize=1050%2C600 3x"},"classes":[]}],"jetpack_likes_enabled":true,"jetpack_sharing_enabled":true,"_links":{"self":[{"href":"https:\/\/blog.kunstgriff.net\/index.php?rest_route=\/wp\/v2\/posts\/12051","targetHints":{"allow":["GET"]}}],"collection":[{"href":"https:\/\/blog.kunstgriff.net\/index.php?rest_route=\/wp\/v2\/posts"}],"about":[{"href":"https:\/\/blog.kunstgriff.net\/index.php?rest_route=\/wp\/v2\/types\/post"}],"author":[{"embeddable":true,"href":"https:\/\/blog.kunstgriff.net\/index.php?rest_route=\/wp\/v2\/users\/2"}],"replies":[{"embeddable":true,"href":"https:\/\/blog.kunstgriff.net\/index.php?rest_route=%2Fwp%2Fv2%2Fcomments&post=12051"}],"version-history":[{"count":0,"href":"https:\/\/blog.kunstgriff.net\/index.php?rest_route=\/wp\/v2\/posts\/12051\/revisions"}],"wp:attachment":[{"href":"https:\/\/blog.kunstgriff.net\/index.php?rest_route=%2Fwp%2Fv2%2Fmedia&parent=12051"}],"wp:term":[{"taxonomy":"category","embeddable":true,"href":"https:\/\/blog.kunstgriff.net\/index.php?rest_route=%2Fwp%2Fv2%2Fcategories&post=12051"},{"taxonomy":"post_tag","embeddable":true,"href":"https:\/\/blog.kunstgriff.net\/index.php?rest_route=%2Fwp%2Fv2%2Ftags&post=12051"}],"curies":[{"name":"wp","href":"https:\/\/api.w.org\/{rel}","templated":true}]}}