{"id":12094,"date":"2014-08-24T16:25:13","date_gmt":"2014-08-24T14:25:13","guid":{"rendered":"http:\/\/blog.kunstgriff.net\/?p=12094"},"modified":"2016-08-01T18:58:56","modified_gmt":"2016-08-01T16:58:56","slug":"ruhlsdorf-sued-runde","status":"publish","type":"post","link":"https:\/\/blog.kunstgriff.net\/?p=12094","title":{"rendered":"Ruhlsdorf-S\u00fcd-Runde"},"content":{"rendered":"<span class=\"span-reading-time rt-reading-time\" style=\"display: block;\"><span class=\"rt-label rt-prefix\">Lesezeit: <\/span> <span class=\"rt-time\"> &lt; 1<\/span> <span class=\"rt-label rt-postfix\">Minute<\/span><\/span><h4>oder \u00bbAuf bekannten Wegen nach S\u00fcden\u00ab<\/h4>\n<hr \/>\n<p><a href=\"http:\/\/blog.kunstgriff.net\/?p=12011\" target=\"_blank\">Normalerweise<\/a> geht es ja mit der TiRi-Bande \u00fcber Marienfelde, raus \u00fcber Ruhlsdorf, nach Blankensee. Heute war aber zur Abwechslung mal Treffpunkt um 9 Uhr am Auerbachtunnel im Grunewald.<\/p>\n<p>Leider blieb das aber fast die einzige Abwechslung, denn auch mit geduldiger \u00dcberzeugungsarbeit gelang es mir nicht, die Truppe umzustimmen, <a href=\"http:\/\/blog.kunstgriff.net\/?p=12037\" target=\"_blank\">ins sch\u00f6ne Havelland nach P\u00e4wesin<\/a> zu fahren. Sehr schade. Aber daf\u00fcr gab es Abwechslung bei den Mitfahrern, denn Fabian, Bernd, Ulf H. und Timo W. begleiteten die <em>Regulars<\/em>. Auch Gordon stie\u00df sp\u00e4ter noch dazu. Sehr sch\u00f6n.<\/p>\n<p>So wurde die Fahrzeit gewohnt kurzweilig, da viele Themen, rund ums Rennrad-Fahren, w\u00e4hrend des Kampfes gegen den Wind besprochen wurden. In Blankensee verabschiedeten wir uns von <em>Maschinen-Ralph<\/em>, der alleine nach Hause fahren wollte. Der Rest der illustren Truppe wollte das Wetter im Innenhof der B\u00e4ckerei R\u00f6hrig genie\u00dfen.<\/p>\n<p>Leider kamen dann vor Schenkenhorst doch noch ein heftiges Gewitter auf, dass uns ordentlich durchn\u00e4sste. Kann passieren. Da die Sonne sich im Anschluss zeigte mussten wir nicht frieren und konnten \u00fcber die Krone den Heimweg antreten.<\/p>\n<p>Sch\u00f6ne Runde, die mich erneut einiges an K\u00f6rnern gekostet hat. Aber so ist das wohl wenn man nicht so fleissig trainiert, wie die Anderen.<\/p>\n<p>Danke f\u00fcrs Mitnehmen!<\/p>\n<p><iframe loading=\"lazy\" src=\"https:\/\/www.strava.com\/activities\/184672919\/embed\/145fe99e61731fe8c010545cee4201ce0850fdeb\" width=\"590\" height=\"405\" frameborder=\"0\" scrolling=\"no\"><\/iframe><\/p>\n<div class=\"tiled-gallery type-rectangular tiled-gallery-unresized\" data-original-width=\"525\" data-carousel-extra='{&quot;blog_id&quot;:1,&quot;permalink&quot;:&quot;https:\\\/\\\/blog.kunstgriff.net\\\/?p=12094&quot;,&quot;likes_blog_id&quot;:127394879}' itemscope itemtype=\"http:\/\/schema.org\/ImageGallery\" > <div class=\"gallery-row\" style=\"width: 525px; height: 264px;\" data-original-width=\"525\" data-original-height=\"264\" > <div class=\"gallery-group images-1\" style=\"width: 350px; height: 264px;\" data-original-width=\"350\" data-original-height=\"264\" > <div class=\"tiled-gallery-item tiled-gallery-item-large\" itemprop=\"associatedMedia\" itemscope itemtype=\"http:\/\/schema.org\/ImageObject\"> <a href=\"https:\/\/blog.kunstgriff.net\/?attachment_id=12099\" border=\"0\" itemprop=\"url\"> <meta itemprop=\"width\" content=\"346\"> <meta itemprop=\"height\" content=\"260\"> <img decoding=\"async\" class=\"\" data-attachment-id=\"12099\" data-orig-file=\"https:\/\/blog.kunstgriff.net\/wp-content\/uploads\/2014\/08\/Raus-\u00fcber-Europark-Dreilinden.jpg\" data-orig-size=\"1500,1125\" data-comments-opened=\"1\" data-image-meta=\"{&quot;aperture&quot;:&quot;2.8&quot;,&quot;credit&quot;:&quot;&quot;,&quot;camera&quot;:&quot;Canon DIGITAL IXUS 870 IS&quot;,&quot;caption&quot;:&quot;&quot;,&quot;created_timestamp&quot;:&quot;1408872647&quot;,&quot;copyright&quot;:&quot;&quot;,&quot;focal_length&quot;:&quot;5&quot;,&quot;iso&quot;:&quot;400&quot;,&quot;shutter_speed&quot;:&quot;0.01&quot;,&quot;title&quot;:&quot;&quot;}\" data-image-title=\"Raus \u00fcber Europark Dreilinden\" data-image-description=\"\" data-medium-file=\"https:\/\/i0.wp.com\/blog.kunstgriff.net\/wp-content\/uploads\/2014\/08\/Raus-%C3%BCber-Europark-Dreilinden.jpg?fit=300%2C225&#038;ssl=1\" data-large-file=\"https:\/\/i0.wp.com\/blog.kunstgriff.net\/wp-content\/uploads\/2014\/08\/Raus-%C3%BCber-Europark-Dreilinden.jpg?fit=1024%2C768&#038;ssl=1\" src=\"https:\/\/i0.wp.com\/blog.kunstgriff.net\/wp-content\/uploads\/2014\/08\/Raus-%C3%BCber-Europark-Dreilinden.jpg?w=346&#038;h=260&#038;ssl=1\" width=\"346\" height=\"260\" loading=\"lazy\" data-original-width=\"346\" data-original-height=\"260\" itemprop=\"http:\/\/schema.org\/image\" title=\"Raus \u00fcber Europark Dreilinden\" alt=\"Raus \u00fcber Europark Dreilinden\" style=\"width: 346px; height: 260px;\" \/> <\/a> <\/div> <\/div> <!-- close group --> <div class=\"gallery-group images-2\" style=\"width: 175px; height: 264px;\" data-original-width=\"175\" data-original-height=\"264\" > <div class=\"tiled-gallery-item tiled-gallery-item-small\" itemprop=\"associatedMedia\" itemscope itemtype=\"http:\/\/schema.org\/ImageObject\"> <a href=\"https:\/\/blog.kunstgriff.net\/?attachment_id=12097\" border=\"0\" itemprop=\"url\"> <meta itemprop=\"width\" content=\"171\"> <meta itemprop=\"height\" content=\"128\"> <img decoding=\"async\" class=\"\" data-attachment-id=\"12097\" data-orig-file=\"https:\/\/blog.kunstgriff.net\/wp-content\/uploads\/2014\/08\/Kurzer-Boxestop-auf-dem-Weg-nach-S\u00fcden.jpg\" data-orig-size=\"1500,1125\" data-comments-opened=\"1\" data-image-meta=\"{&quot;aperture&quot;:&quot;3.5&quot;,&quot;credit&quot;:&quot;&quot;,&quot;camera&quot;:&quot;Canon DIGITAL IXUS 870 IS&quot;,&quot;caption&quot;:&quot;&quot;,&quot;created_timestamp&quot;:&quot;1408874441&quot;,&quot;copyright&quot;:&quot;&quot;,&quot;focal_length&quot;:&quot;8.118&quot;,&quot;iso&quot;:&quot;80&quot;,&quot;shutter_speed&quot;:&quot;0.001&quot;,&quot;title&quot;:&quot;&quot;}\" data-image-title=\"Kurzer Boxestop auf dem Weg nach S\u00fcden\" data-image-description=\"\" data-medium-file=\"https:\/\/i0.wp.com\/blog.kunstgriff.net\/wp-content\/uploads\/2014\/08\/Kurzer-Boxestop-auf-dem-Weg-nach-S%C3%BCden.jpg?fit=300%2C225&#038;ssl=1\" data-large-file=\"https:\/\/i0.wp.com\/blog.kunstgriff.net\/wp-content\/uploads\/2014\/08\/Kurzer-Boxestop-auf-dem-Weg-nach-S%C3%BCden.jpg?fit=1024%2C768&#038;ssl=1\" src=\"https:\/\/i0.wp.com\/blog.kunstgriff.net\/wp-content\/uploads\/2014\/08\/Kurzer-Boxestop-auf-dem-Weg-nach-S%C3%BCden.jpg?w=171&#038;h=128&#038;ssl=1\" width=\"171\" height=\"128\" loading=\"lazy\" data-original-width=\"171\" data-original-height=\"128\" itemprop=\"http:\/\/schema.org\/image\" title=\"Kurzer Boxestop auf dem Weg nach S\u00fcden\" alt=\"Kurzer Boxestop auf dem Weg nach S\u00fcden\" style=\"width: 171px; height: 128px;\" \/> <\/a> <div class=\"tiled-gallery-caption\" itemprop=\"caption description\"> Kurzer Boxestop auf dem Weg nach S\u00fcden <\/div> <\/div> <div class=\"tiled-gallery-item tiled-gallery-item-small\" itemprop=\"associatedMedia\" itemscope itemtype=\"http:\/\/schema.org\/ImageObject\"> <a href=\"https:\/\/blog.kunstgriff.net\/?attachment_id=12096\" border=\"0\" itemprop=\"url\"> <meta itemprop=\"width\" content=\"171\"> <meta itemprop=\"height\" content=\"128\"> <img decoding=\"async\" class=\"\" data-attachment-id=\"12096\" data-orig-file=\"https:\/\/blog.kunstgriff.net\/wp-content\/uploads\/2014\/08\/Herbst-im-Anmarsch.jpg\" data-orig-size=\"1500,1125\" data-comments-opened=\"1\" data-image-meta=\"{&quot;aperture&quot;:&quot;3.5&quot;,&quot;credit&quot;:&quot;&quot;,&quot;camera&quot;:&quot;Canon DIGITAL IXUS 870 IS&quot;,&quot;caption&quot;:&quot;&quot;,&quot;created_timestamp&quot;:&quot;1408874446&quot;,&quot;copyright&quot;:&quot;&quot;,&quot;focal_length&quot;:&quot;8.118&quot;,&quot;iso&quot;:&quot;80&quot;,&quot;shutter_speed&quot;:&quot;0.00125&quot;,&quot;title&quot;:&quot;&quot;}\" data-image-title=\"Herbst im Anmarsch\" data-image-description=\"\" data-medium-file=\"https:\/\/i0.wp.com\/blog.kunstgriff.net\/wp-content\/uploads\/2014\/08\/Herbst-im-Anmarsch.jpg?fit=300%2C225&#038;ssl=1\" data-large-file=\"https:\/\/i0.wp.com\/blog.kunstgriff.net\/wp-content\/uploads\/2014\/08\/Herbst-im-Anmarsch.jpg?fit=1024%2C768&#038;ssl=1\" src=\"https:\/\/i0.wp.com\/blog.kunstgriff.net\/wp-content\/uploads\/2014\/08\/Herbst-im-Anmarsch.jpg?w=171&#038;h=128&#038;ssl=1\" srcset=\"https:\/\/i0.wp.com\/blog.kunstgriff.net\/wp-content\/uploads\/2014\/08\/Herbst-im-Anmarsch.jpg?w=1500&amp;ssl=1 1500w, https:\/\/i0.wp.com\/blog.kunstgriff.net\/wp-content\/uploads\/2014\/08\/Herbst-im-Anmarsch.jpg?resize=300%2C225&amp;ssl=1 300w, https:\/\/i0.wp.com\/blog.kunstgriff.net\/wp-content\/uploads\/2014\/08\/Herbst-im-Anmarsch.jpg?resize=1024%2C768&amp;ssl=1 1024w, https:\/\/i0.wp.com\/blog.kunstgriff.net\/wp-content\/uploads\/2014\/08\/Herbst-im-Anmarsch.jpg?resize=400%2C300&amp;ssl=1 400w, https:\/\/i0.wp.com\/blog.kunstgriff.net\/wp-content\/uploads\/2014\/08\/Herbst-im-Anmarsch.jpg?resize=900%2C675&amp;ssl=1 900w\" width=\"171\" height=\"128\" loading=\"lazy\" data-original-width=\"171\" data-original-height=\"128\" itemprop=\"http:\/\/schema.org\/image\" title=\"Herbst im Anmarsch\" alt=\"Herbst im Anmarsch\" style=\"width: 171px; height: 128px;\" \/> <\/a> <div class=\"tiled-gallery-caption\" itemprop=\"caption description\"> Herbst im Anmarsch <\/div> <\/div> <\/div> <!-- close group --> <\/div> <!-- close row --> <div class=\"gallery-row\" style=\"width: 525px; height: 395px;\" data-original-width=\"525\" data-original-height=\"395\" > <div class=\"gallery-group images-1\" style=\"width: 525px; height: 395px;\" data-original-width=\"525\" data-original-height=\"395\" > <div class=\"tiled-gallery-item tiled-gallery-item-large\" itemprop=\"associatedMedia\" itemscope itemtype=\"http:\/\/schema.org\/ImageObject\"> <a href=\"https:\/\/blog.kunstgriff.net\/?attachment_id=12098\" border=\"0\" itemprop=\"url\"> <meta itemprop=\"width\" content=\"521\"> <meta itemprop=\"height\" content=\"391\"> <img decoding=\"async\" class=\"\" data-attachment-id=\"12098\" data-orig-file=\"https:\/\/blog.kunstgriff.net\/wp-content\/uploads\/2014\/08\/Mal-wieder-beim-B\u00e4cker-R\u00f6hrig-in-Blankensee.jpg\" data-orig-size=\"1500,1125\" data-comments-opened=\"1\" data-image-meta=\"{&quot;aperture&quot;:&quot;2.8&quot;,&quot;credit&quot;:&quot;&quot;,&quot;camera&quot;:&quot;Canon DIGITAL IXUS 870 IS&quot;,&quot;caption&quot;:&quot;&quot;,&quot;created_timestamp&quot;:&quot;1408881037&quot;,&quot;copyright&quot;:&quot;&quot;,&quot;focal_length&quot;:&quot;5&quot;,&quot;iso&quot;:&quot;80&quot;,&quot;shutter_speed&quot;:&quot;0.002&quot;,&quot;title&quot;:&quot;&quot;}\" data-image-title=\"Mal wieder beim B\u00e4cker R\u00f6hrig in Blankensee\" data-image-description=\"\" data-medium-file=\"https:\/\/i0.wp.com\/blog.kunstgriff.net\/wp-content\/uploads\/2014\/08\/Mal-wieder-beim-B%C3%A4cker-R%C3%B6hrig-in-Blankensee.jpg?fit=300%2C225&#038;ssl=1\" data-large-file=\"https:\/\/i0.wp.com\/blog.kunstgriff.net\/wp-content\/uploads\/2014\/08\/Mal-wieder-beim-B%C3%A4cker-R%C3%B6hrig-in-Blankensee.jpg?fit=1024%2C768&#038;ssl=1\" src=\"https:\/\/i0.wp.com\/blog.kunstgriff.net\/wp-content\/uploads\/2014\/08\/Mal-wieder-beim-B%C3%A4cker-R%C3%B6hrig-in-Blankensee.jpg?w=521&#038;h=391&#038;ssl=1\" width=\"521\" height=\"391\" loading=\"lazy\" data-original-width=\"521\" data-original-height=\"391\" itemprop=\"http:\/\/schema.org\/image\" title=\"Mal wieder beim B\u00e4cker R\u00f6hrig in Blankensee\" alt=\"Mal wieder beim B\u00e4cker R\u00f6hrig in Blankensee\" style=\"width: 521px; height: 391px;\" \/> <\/a> <div class=\"tiled-gallery-caption\" itemprop=\"caption description\"> Mal wieder beim B\u00e4cker R\u00f6hrig in Blankensee <\/div> <\/div> <\/div> <!-- close group --> <\/div> <!-- close row --> <\/div>\n","protected":false},"excerpt":{"rendered":"<p>oder \u00bbAuf bekannten Wegen nach S\u00fcden\u00ab Normalerweise geht es ja mit der TiRi-Bande \u00fcber Marienfelde, raus \u00fcber Ruhlsdorf, nach Blankensee. Heute war aber zur Abwechslung mal Treffpunkt um 9 Uhr am Auerbachtunnel im Grunewald. Leider blieb das aber fast die einzige Abwechslung, denn auch mit geduldiger \u00dcberzeugungsarbeit gelang es mir nicht, die Truppe umzustimmen, ins &hellip; <\/p>\n<p class=\"link-more\"><a href=\"https:\/\/blog.kunstgriff.net\/?p=12094\" class=\"more-link\"><span class=\"screen-reader-text\">\u201eRuhlsdorf-S\u00fcd-Runde\u201c <\/span>weiterlesen<\/a><\/p>\n","protected":false},"author":2,"featured_media":12097,"comment_status":"open","ping_status":"open","sticky":false,"template":"","format":"standard","meta":{"jetpack_post_was_ever_published":false,"_jetpack_newsletter_access":"","_jetpack_dont_email_post_to_subs":false,"_jetpack_newsletter_tier_id":0,"_jetpack_memberships_contains_paywalled_content":false,"_jetpack_memberships_contains_paid_content":false,"footnotes":""},"categories":[14,7],"tags":[],"class_list":["post-12094","post","type-post","status-publish","format-standard","has-post-thumbnail","hentry","category-radfahren","category-rennradfahren"],"jetpack_featured_media_url":"https:\/\/i0.wp.com\/blog.kunstgriff.net\/wp-content\/uploads\/2014\/08\/Kurzer-Boxestop-auf-dem-Weg-nach-S%C3%BCden.jpg?fit=1500%2C1125&ssl=1","jetpack_shortlink":"https:\/\/wp.me\/p8Cxe7-394","jetpack-related-posts":[{"id":14486,"url":"https:\/\/blog.kunstgriff.net\/?p=14486","url_meta":{"origin":12094,"position":0},"title":"Tiri-S\u00fcdrunde","author":"Georg","date":"August 30, 2016","format":false,"excerpt":"oder \u00bbUrlaubs-Tour-#2\u00ab Schon am Montagabend stand fest, dass ich auch am Dienstag wieder meinen Renner aus dem Halben-Zimmer holen w\u00fcrde, um mich damit in der Natur zu bewegen. Oleg hatte wieder eine herrliche Tour in den sch\u00f6nen S\u00fcden ausgerufen \u2013 welch Rennrad-Herz\u00a0kann da widerstehen!? Diesmal nicht auf den ausgetrstrampelten Wegen\u2026","rel":"","context":"In &quot;Cake-Ride&quot;","block_context":{"text":"Cake-Ride","link":"https:\/\/blog.kunstgriff.net\/?cat=34"},"img":{"alt_text":"","src":"https:\/\/i0.wp.com\/blog.kunstgriff.net\/wp-content\/uploads\/2016\/08\/am-BER.jpg?fit=1200%2C800&ssl=1&resize=350%2C200","width":350,"height":200,"srcset":"https:\/\/i0.wp.com\/blog.kunstgriff.net\/wp-content\/uploads\/2016\/08\/am-BER.jpg?fit=1200%2C800&ssl=1&resize=350%2C200 1x, https:\/\/i0.wp.com\/blog.kunstgriff.net\/wp-content\/uploads\/2016\/08\/am-BER.jpg?fit=1200%2C800&ssl=1&resize=525%2C300 1.5x, https:\/\/i0.wp.com\/blog.kunstgriff.net\/wp-content\/uploads\/2016\/08\/am-BER.jpg?fit=1200%2C800&ssl=1&resize=700%2C400 2x, https:\/\/i0.wp.com\/blog.kunstgriff.net\/wp-content\/uploads\/2016\/08\/am-BER.jpg?fit=1200%2C800&ssl=1&resize=1050%2C600 3x"},"classes":[]},{"id":16610,"url":"https:\/\/blog.kunstgriff.net\/?p=16610","url_meta":{"origin":12094,"position":1},"title":"Ruhlsdorf-Runde mit den Tiris","author":"Georg","date":"August 20, 2017","format":false,"excerpt":"\u00bbmal wieder was Neues Altes ausprobieren\u00ab Nachdem ja nun P\u00e4wesin bekannt und gesch\u00e4tzt ist, musste heute mal wieder ein wenig Abwechslung her. Die Abwechslung bestand in einer alt bekannten Runde, runter in den S\u00fcden nach Ruhlsdorf. Schon oft gefahren, aber immer wieder gut. Mir gefiel die fr\u00fche Startzeit am Tunnel,\u2026","rel":"","context":"In &quot;Cake-Ride&quot;","block_context":{"text":"Cake-Ride","link":"https:\/\/blog.kunstgriff.net\/?cat=34"},"img":{"alt_text":"","src":"https:\/\/i0.wp.com\/blog.kunstgriff.net\/wp-content\/uploads\/2017\/08\/Kaffee-in-der-Sonne.jpg?fit=1200%2C800&ssl=1&resize=350%2C200","width":350,"height":200,"srcset":"https:\/\/i0.wp.com\/blog.kunstgriff.net\/wp-content\/uploads\/2017\/08\/Kaffee-in-der-Sonne.jpg?fit=1200%2C800&ssl=1&resize=350%2C200 1x, https:\/\/i0.wp.com\/blog.kunstgriff.net\/wp-content\/uploads\/2017\/08\/Kaffee-in-der-Sonne.jpg?fit=1200%2C800&ssl=1&resize=525%2C300 1.5x, https:\/\/i0.wp.com\/blog.kunstgriff.net\/wp-content\/uploads\/2017\/08\/Kaffee-in-der-Sonne.jpg?fit=1200%2C800&ssl=1&resize=700%2C400 2x, https:\/\/i0.wp.com\/blog.kunstgriff.net\/wp-content\/uploads\/2017\/08\/Kaffee-in-der-Sonne.jpg?fit=1200%2C800&ssl=1&resize=1050%2C600 3x"},"classes":[]},{"id":12759,"url":"https:\/\/blog.kunstgriff.net\/?p=12759","url_meta":{"origin":12094,"position":2},"title":"Ruhlsdorf-S\u00fcd-Runde","author":"Georg","date":"August 9, 2015","format":false,"excerpt":"oder \u00bbMal wieder mit den Tiris nach S\u00fcden\u00abWer hier regelm\u00e4\u00dfig mitliest, weiss dass die Ruhlsdorf Runde* zu einen meiner meist gefahrenen Gruppen-Kuchen-Ausfahrten geh\u00f6rt.\u00a0So wollte ich es mir nicht nehmen lassen, diese mal wieder zu fahren. Aber der Reihe nach. Samstag Abend annoncierte Oleg auf seiner bekannten Mailing-Liste die Runde, nachdem\u2026","rel":"","context":"In &quot;Cake-Ride&quot;","block_context":{"text":"Cake-Ride","link":"https:\/\/blog.kunstgriff.net\/?cat=34"},"img":{"alt_text":"","src":"https:\/\/i0.wp.com\/blog.kunstgriff.net\/wp-content\/uploads\/2015\/08\/Brandenburg-im-Hochsommer.jpg?fit=1200%2C900&ssl=1&resize=350%2C200","width":350,"height":200,"srcset":"https:\/\/i0.wp.com\/blog.kunstgriff.net\/wp-content\/uploads\/2015\/08\/Brandenburg-im-Hochsommer.jpg?fit=1200%2C900&ssl=1&resize=350%2C200 1x, https:\/\/i0.wp.com\/blog.kunstgriff.net\/wp-content\/uploads\/2015\/08\/Brandenburg-im-Hochsommer.jpg?fit=1200%2C900&ssl=1&resize=525%2C300 1.5x, https:\/\/i0.wp.com\/blog.kunstgriff.net\/wp-content\/uploads\/2015\/08\/Brandenburg-im-Hochsommer.jpg?fit=1200%2C900&ssl=1&resize=700%2C400 2x, https:\/\/i0.wp.com\/blog.kunstgriff.net\/wp-content\/uploads\/2015\/08\/Brandenburg-im-Hochsommer.jpg?fit=1200%2C900&ssl=1&resize=1050%2C600 3x"},"classes":[]},{"id":16633,"url":"https:\/\/blog.kunstgriff.net\/?p=16633","url_meta":{"origin":12094,"position":3},"title":"Drei-Nasen-Runde mit den TiRis","author":"Georg","date":"September 2, 2017","format":false,"excerpt":"\u00bbEs lief schon mal besser\u00ab Heute war mal wieder Gruppen-Fahren auf dem Programm. Die Tiris wollten sich um 10 Uhr am Tunnel treffen, was mir sehr gelegen kam, also nix wie hin. Die \u00bbRegulars\u00ab der 10 Uhr Gruppe warteten auch dort in der Sonne und so wurde ein wenig gekl\u00f6nt,\u2026","rel":"","context":"In &quot;Cake-Ride&quot;","block_context":{"text":"Cake-Ride","link":"https:\/\/blog.kunstgriff.net\/?cat=34"},"img":{"alt_text":"","src":"https:\/\/i0.wp.com\/blog.kunstgriff.net\/wp-content\/uploads\/2017\/09\/Die-Sonne-lacht.jpg?fit=1200%2C800&ssl=1&resize=350%2C200","width":350,"height":200,"srcset":"https:\/\/i0.wp.com\/blog.kunstgriff.net\/wp-content\/uploads\/2017\/09\/Die-Sonne-lacht.jpg?fit=1200%2C800&ssl=1&resize=350%2C200 1x, https:\/\/i0.wp.com\/blog.kunstgriff.net\/wp-content\/uploads\/2017\/09\/Die-Sonne-lacht.jpg?fit=1200%2C800&ssl=1&resize=525%2C300 1.5x, https:\/\/i0.wp.com\/blog.kunstgriff.net\/wp-content\/uploads\/2017\/09\/Die-Sonne-lacht.jpg?fit=1200%2C800&ssl=1&resize=700%2C400 2x, https:\/\/i0.wp.com\/blog.kunstgriff.net\/wp-content\/uploads\/2017\/09\/Die-Sonne-lacht.jpg?fit=1200%2C800&ssl=1&resize=1050%2C600 3x"},"classes":[]},{"id":12011,"url":"https:\/\/blog.kunstgriff.net\/?p=12011","url_meta":{"origin":12094,"position":4},"title":"Tiri-Ruhlsdorf-S\u00fcd-Runde rerereloaded","author":"Georg","date":"Juli 6, 2014","format":false,"excerpt":"oder \u00bbTop-Tour zur Tour-de-France\u00ab Es gab nur eine recht \u00fcbersichtliche Zahl an Tourenangeboten und alleine fahren wollten ich nicht. So entschloss ich mich am Samstag, heute mal wieder mit Oleg am \u00bbTiri\u00ab zu fahren. Gute Entscheidung, denn sieben Mann fanden sich ein diese wohlgekannte Runde unter die Laufr\u00e4der zu nehmen.\u2026","rel":"","context":"In &quot;Radfahren&quot;","block_context":{"text":"Radfahren","link":"https:\/\/blog.kunstgriff.net\/?cat=14"},"img":{"alt_text":"","src":"https:\/\/i0.wp.com\/blog.kunstgriff.net\/wp-content\/uploads\/2014\/07\/Brandenburg.jpg?fit=1200%2C900&ssl=1&resize=350%2C200","width":350,"height":200,"srcset":"https:\/\/i0.wp.com\/blog.kunstgriff.net\/wp-content\/uploads\/2014\/07\/Brandenburg.jpg?fit=1200%2C900&ssl=1&resize=350%2C200 1x, https:\/\/i0.wp.com\/blog.kunstgriff.net\/wp-content\/uploads\/2014\/07\/Brandenburg.jpg?fit=1200%2C900&ssl=1&resize=525%2C300 1.5x, https:\/\/i0.wp.com\/blog.kunstgriff.net\/wp-content\/uploads\/2014\/07\/Brandenburg.jpg?fit=1200%2C900&ssl=1&resize=700%2C400 2x, https:\/\/i0.wp.com\/blog.kunstgriff.net\/wp-content\/uploads\/2014\/07\/Brandenburg.jpg?fit=1200%2C900&ssl=1&resize=1050%2C600 3x"},"classes":[]},{"id":10755,"url":"https:\/\/blog.kunstgriff.net\/?p=10755","url_meta":{"origin":12094,"position":5},"title":"Tiri-Ruhlsdorf-S\u00fcd-Runde","author":"Georg","date":"August 25, 2013","format":false,"excerpt":"oder \u00bbKleine Gruppe-grosser Spass\u00abNachdem gestern keine Zeit f\u00fcr eine sonnige Rennrad-Ausfahrt war, freute mich heute um so mehr, dass die Sonne schien und mich Olegs Mail noch erreichte: Der [gestrige] Kanten konnte nicht alle abschrecken. Es gibt Zusagen und wir lockern uns morgen um 10:00 Uhr ab Tiri auf 100km\u2026","rel":"","context":"In &quot;Radfahren&quot;","block_context":{"text":"Radfahren","link":"https:\/\/blog.kunstgriff.net\/?cat=14"},"img":{"alt_text":"","src":"https:\/\/i0.wp.com\/blog.kunstgriff.net\/wp-content\/uploads\/2013\/08\/Auf-dem-Weg-nach-Ruhlsdorf.jpg?fit=1200%2C900&ssl=1&resize=350%2C200","width":350,"height":200,"srcset":"https:\/\/i0.wp.com\/blog.kunstgriff.net\/wp-content\/uploads\/2013\/08\/Auf-dem-Weg-nach-Ruhlsdorf.jpg?fit=1200%2C900&ssl=1&resize=350%2C200 1x, https:\/\/i0.wp.com\/blog.kunstgriff.net\/wp-content\/uploads\/2013\/08\/Auf-dem-Weg-nach-Ruhlsdorf.jpg?fit=1200%2C900&ssl=1&resize=525%2C300 1.5x, https:\/\/i0.wp.com\/blog.kunstgriff.net\/wp-content\/uploads\/2013\/08\/Auf-dem-Weg-nach-Ruhlsdorf.jpg?fit=1200%2C900&ssl=1&resize=700%2C400 2x, https:\/\/i0.wp.com\/blog.kunstgriff.net\/wp-content\/uploads\/2013\/08\/Auf-dem-Weg-nach-Ruhlsdorf.jpg?fit=1200%2C900&ssl=1&resize=1050%2C600 3x"},"classes":[]}],"jetpack_likes_enabled":true,"jetpack_sharing_enabled":true,"_links":{"self":[{"href":"https:\/\/blog.kunstgriff.net\/index.php?rest_route=\/wp\/v2\/posts\/12094","targetHints":{"allow":["GET"]}}],"collection":[{"href":"https:\/\/blog.kunstgriff.net\/index.php?rest_route=\/wp\/v2\/posts"}],"about":[{"href":"https:\/\/blog.kunstgriff.net\/index.php?rest_route=\/wp\/v2\/types\/post"}],"author":[{"embeddable":true,"href":"https:\/\/blog.kunstgriff.net\/index.php?rest_route=\/wp\/v2\/users\/2"}],"replies":[{"embeddable":true,"href":"https:\/\/blog.kunstgriff.net\/index.php?rest_route=%2Fwp%2Fv2%2Fcomments&post=12094"}],"version-history":[{"count":0,"href":"https:\/\/blog.kunstgriff.net\/index.php?rest_route=\/wp\/v2\/posts\/12094\/revisions"}],"wp:featuredmedia":[{"embeddable":true,"href":"https:\/\/blog.kunstgriff.net\/index.php?rest_route=\/wp\/v2\/media\/12097"}],"wp:attachment":[{"href":"https:\/\/blog.kunstgriff.net\/index.php?rest_route=%2Fwp%2Fv2%2Fmedia&parent=12094"}],"wp:term":[{"taxonomy":"category","embeddable":true,"href":"https:\/\/blog.kunstgriff.net\/index.php?rest_route=%2Fwp%2Fv2%2Fcategories&post=12094"},{"taxonomy":"post_tag","embeddable":true,"href":"https:\/\/blog.kunstgriff.net\/index.php?rest_route=%2Fwp%2Fv2%2Ftags&post=12094"}],"curies":[{"name":"wp","href":"https:\/\/api.w.org\/{rel}","templated":true}]}}