{"id":12134,"date":"2014-09-28T21:30:31","date_gmt":"2014-09-28T19:30:31","guid":{"rendered":"http:\/\/blog.kunstgriff.net\/?p=12134"},"modified":"2016-07-31T19:41:05","modified_gmt":"2016-07-31T17:41:05","slug":"elite-verpfleger-beim-41-berlin-marathon-2014","status":"publish","type":"post","link":"https:\/\/blog.kunstgriff.net\/?p=12134","title":{"rendered":"Elite-Verpfleger beim 41. Berlin Marathon 2014"},"content":{"rendered":"<span class=\"span-reading-time rt-reading-time\" style=\"display: block;\"><span class=\"rt-label rt-prefix\">Lesezeit: <\/span> <span class=\"rt-time\"> 2<\/span> <span class=\"rt-label rt-postfix\">Minuten<\/span><\/span><h4>oder \u00bbWeltrekord-Sonntag\u00ab<\/h4>\n<hr \/>\n<p>Wie in den vergangenen <a href=\"http:\/\/blog.kunstgriff.net\/?p=10885\" target=\"_blank\">drei<\/a> <a href=\"http:\/\/blog.kunstgriff.net\/?p=9209\" target=\"_blank\">Jahren<\/a>, hatte ich auch heute wieder die Ehre, beim 41. Berlin Marathon, die Elite-L\u00e4ufer verpflegen zu d\u00fcrfen. Dieses Gross-Ereignis versprach wieder grossen Spass auf zwei R\u00e4dern.<\/p>\n<p>Aber der Reihe nach: Sonntag 7:15 Uhr klingelte der Wecker, nicht unbedingt die perfekte Zeit, um an einem Sonntag Morgen aus dem Bett zu klettern, aber die Pflicht rufte, und die Elite beim 41. Berlin Marathon wollte versorgt werden.<\/p>\n<p>Um 7:45 Uhr am Grossen Stern dann die L\u00e4ufer-Verteilung auf die Helfer. Mit viel Routine war auch diese Aufgabe schnell erledigt und es gab letzte Instruktionen vom Veranstalter.<\/p>\n<p>Meine Aufgabe war es in diesem Jahr, die &#8222;Pace 50&#8220; zu versorgen. Das waren die L\u00e4ufer, die die Top Elite bis etwa Kilometer 35 auf &#8222;Trab&#8220; halten sollten, um dann aus dem Rennen zu gehen.<\/p>\n<p>Zum meinem grossen Erstauen griffen diese aber nie zur rosa Flasche, die ich wie auch schon in den Jahren immer fachgerecht an Kilometer 5, 10, 15, 20 und 25 bereit hielt. Selber schuld. Mir sollte es egal sein, ich fuhr einfach immer brav weiter zur n\u00e4chsten Station und genoss den frenetischen Applaus der Berliner.<\/p>\n<p>Auf der Frankfurter Allee gab es eine Schrecksekunde als die L\u00e4ufer aufgrund der niedrig stehenden Sonne den f\u00fchrenden, sich aus dem Fernsehbild stehlenden Radfahrern folgten. Zum Gl\u00fcck wurde das in letzter Sekunde korrigiert.<\/p>\n<p>Nach 35 Kilometern gab es dann f\u00fcr mich nichts mehr zu tun, denn die &#8222;Hasen&#8220; hatten sich auf dem Hohenzollerndamm verabschiedet und waren aus dem Rennen gegangen. Aber ich wollte noch nicht Heim.<\/p>\n<p>Also weiter \u00fcber den KuDamm die Top-L\u00e4ufer immer aus sicherer Entfernung im Blick. Bloss nicht zu dicht heran fahren um nicht unn\u00f6tig im Fernsehbild zu erscheinen.<\/p>\n<p>Kurz hinter dem Brandenburger-Tor dann wieder links wegbiegen, um nicht in den den Zieleinlauf zu gelangen.<\/p>\n<p>Feierabend.\u00a0Das dachte ich zumindest. Durch mein &#8222;Freie Fahrt&#8220;-Schild am Lenker hatte ich dann noch die M\u00f6glichkeit, den eigentlich nur f\u00fcr L\u00e4ufer reservierten Zielbereich zu passieren. Kurz vor der Medaillen-Ausgabe dann eine grosse Menschentraube mit vielen Kameras und Reportern. Alles scharte sich um einen Mann: Kimetto, den Weltrekord-Marathon-L\u00e4ufer von Berlin. Ich wartete geduldig bis alle Journalisten ihre Fotos im Kasten hatten und nutzte dann die perfekte Gelegenheit um die Qualit\u00e4t der Front-Side Kamera meines iPhone 6 zu erproben und ein &#8222;Selfie&#8220; mit dem Ausnahmel\u00e4ufer zu wagen.<\/p>\n<p>Klasse Fotos, toller Sonntag-Morgen. Gerne in 2015 wieder!<\/p>\n<p><iframe loading=\"lazy\" src=\"https:\/\/www.strava.com\/activities\/200727090\/embed\/23b06d9e31b191a084129d9d622d952b26651bb2\" width=\"590\" height=\"405\" frameborder=\"0\" scrolling=\"no\"><\/iframe><\/p>\n<div class=\"tiled-gallery type-rectangular tiled-gallery-unresized\" data-original-width=\"525\" data-carousel-extra='{&quot;blog_id&quot;:1,&quot;permalink&quot;:&quot;https:\\\/\\\/blog.kunstgriff.net\\\/?p=12134&quot;,&quot;likes_blog_id&quot;:127394879}' itemscope itemtype=\"http:\/\/schema.org\/ImageGallery\" > <div class=\"gallery-row\" style=\"width: 525px; height: 440px;\" data-original-width=\"525\" data-original-height=\"440\" > <div class=\"gallery-group images-3\" style=\"width: 194px; height: 440px;\" data-original-width=\"194\" data-original-height=\"440\" > <div class=\"tiled-gallery-item tiled-gallery-item-small\" itemprop=\"associatedMedia\" itemscope itemtype=\"http:\/\/schema.org\/ImageObject\"> <a href=\"https:\/\/blog.kunstgriff.net\/?attachment_id=12138\" border=\"0\" itemprop=\"url\"> <meta itemprop=\"width\" content=\"190\"> <meta itemprop=\"height\" content=\"143\"> <img decoding=\"async\" class=\"\" data-attachment-id=\"12138\" data-orig-file=\"https:\/\/blog.kunstgriff.net\/wp-content\/uploads\/2014\/09\/Eliteverpfleger-in-der-Turmstrasse.jpg\" data-orig-size=\"1500,1125\" data-comments-opened=\"1\" data-image-meta=\"{&quot;aperture&quot;:&quot;2.2&quot;,&quot;credit&quot;:&quot;&quot;,&quot;camera&quot;:&quot;iPhone 6&quot;,&quot;caption&quot;:&quot;&quot;,&quot;created_timestamp&quot;:&quot;1411893486&quot;,&quot;copyright&quot;:&quot;&quot;,&quot;focal_length&quot;:&quot;4.15&quot;,&quot;iso&quot;:&quot;32&quot;,&quot;shutter_speed&quot;:&quot;0.00037893141341417&quot;,&quot;title&quot;:&quot;&quot;,&quot;orientation&quot;:&quot;1&quot;}\" data-image-title=\"Eliteverpfleger in der Turmstrasse\" data-image-description=\"\" data-medium-file=\"https:\/\/i0.wp.com\/blog.kunstgriff.net\/wp-content\/uploads\/2014\/09\/Eliteverpfleger-in-der-Turmstrasse.jpg?fit=300%2C225&#038;ssl=1\" data-large-file=\"https:\/\/i0.wp.com\/blog.kunstgriff.net\/wp-content\/uploads\/2014\/09\/Eliteverpfleger-in-der-Turmstrasse.jpg?fit=1024%2C768&#038;ssl=1\" src=\"https:\/\/i0.wp.com\/blog.kunstgriff.net\/wp-content\/uploads\/2014\/09\/Eliteverpfleger-in-der-Turmstrasse.jpg?w=190&#038;h=143&#038;ssl=1\" srcset=\"https:\/\/i0.wp.com\/blog.kunstgriff.net\/wp-content\/uploads\/2014\/09\/Eliteverpfleger-in-der-Turmstrasse.jpg?w=1500&amp;ssl=1 1500w, https:\/\/i0.wp.com\/blog.kunstgriff.net\/wp-content\/uploads\/2014\/09\/Eliteverpfleger-in-der-Turmstrasse.jpg?resize=300%2C225&amp;ssl=1 300w, https:\/\/i0.wp.com\/blog.kunstgriff.net\/wp-content\/uploads\/2014\/09\/Eliteverpfleger-in-der-Turmstrasse.jpg?resize=1024%2C768&amp;ssl=1 1024w, https:\/\/i0.wp.com\/blog.kunstgriff.net\/wp-content\/uploads\/2014\/09\/Eliteverpfleger-in-der-Turmstrasse.jpg?resize=400%2C300&amp;ssl=1 400w, https:\/\/i0.wp.com\/blog.kunstgriff.net\/wp-content\/uploads\/2014\/09\/Eliteverpfleger-in-der-Turmstrasse.jpg?resize=900%2C675&amp;ssl=1 900w\" width=\"190\" height=\"143\" loading=\"lazy\" data-original-width=\"190\" data-original-height=\"143\" itemprop=\"http:\/\/schema.org\/image\" title=\"Eliteverpfleger in der Turmstrasse\" alt=\"Eliteverpfleger in der Turmstrasse\" style=\"width: 190px; height: 143px;\" \/> <\/a> <div class=\"tiled-gallery-caption\" itemprop=\"caption description\"> Eliteverpfleger in der Turmstrasse <\/div> <\/div> <div class=\"tiled-gallery-item tiled-gallery-item-small\" itemprop=\"associatedMedia\" itemscope itemtype=\"http:\/\/schema.org\/ImageObject\"> <a href=\"https:\/\/blog.kunstgriff.net\/?attachment_id=12141\" border=\"0\" itemprop=\"url\"> <meta itemprop=\"width\" content=\"190\"> <meta itemprop=\"height\" content=\"143\"> <img decoding=\"async\" class=\"\" data-attachment-id=\"12141\" data-orig-file=\"https:\/\/blog.kunstgriff.net\/wp-content\/uploads\/2014\/09\/Medaillien-f\u00fcr-die-Finisher.jpg\" data-orig-size=\"1500,1125\" data-comments-opened=\"1\" data-image-meta=\"{&quot;aperture&quot;:&quot;2.2&quot;,&quot;credit&quot;:&quot;&quot;,&quot;camera&quot;:&quot;iPhone 6&quot;,&quot;caption&quot;:&quot;&quot;,&quot;created_timestamp&quot;:&quot;1411902670&quot;,&quot;copyright&quot;:&quot;&quot;,&quot;focal_length&quot;:&quot;4.15&quot;,&quot;iso&quot;:&quot;32&quot;,&quot;shutter_speed&quot;:&quot;0.00068306010928962&quot;,&quot;title&quot;:&quot;&quot;,&quot;orientation&quot;:&quot;1&quot;}\" data-image-title=\"Medaillien f\u00fcr die Finisher\" data-image-description=\"\" data-medium-file=\"https:\/\/i0.wp.com\/blog.kunstgriff.net\/wp-content\/uploads\/2014\/09\/Medaillien-f%C3%BCr-die-Finisher.jpg?fit=300%2C225&#038;ssl=1\" data-large-file=\"https:\/\/i0.wp.com\/blog.kunstgriff.net\/wp-content\/uploads\/2014\/09\/Medaillien-f%C3%BCr-die-Finisher.jpg?fit=1024%2C768&#038;ssl=1\" src=\"https:\/\/i0.wp.com\/blog.kunstgriff.net\/wp-content\/uploads\/2014\/09\/Medaillien-f%C3%BCr-die-Finisher.jpg?w=190&#038;h=143&#038;ssl=1\" width=\"190\" height=\"143\" loading=\"lazy\" data-original-width=\"190\" data-original-height=\"143\" itemprop=\"http:\/\/schema.org\/image\" title=\"Medaillien f\u00fcr die Finisher\" alt=\"Medaillien f\u00fcr die Finisher\" style=\"width: 190px; height: 143px;\" \/> <\/a> <div class=\"tiled-gallery-caption\" itemprop=\"caption description\"> Medaillien f\u00fcr die Finisher <\/div> <\/div> <div class=\"tiled-gallery-item tiled-gallery-item-small\" itemprop=\"associatedMedia\" itemscope itemtype=\"http:\/\/schema.org\/ImageObject\"> <a href=\"https:\/\/blog.kunstgriff.net\/?attachment_id=12140\" border=\"0\" itemprop=\"url\"> <meta itemprop=\"width\" content=\"190\"> <meta itemprop=\"height\" content=\"142\"> <img decoding=\"async\" class=\"\" data-attachment-id=\"12140\" data-orig-file=\"https:\/\/blog.kunstgriff.net\/wp-content\/uploads\/2014\/09\/Kimetto-und-die-Presse.jpg\" data-orig-size=\"1500,1125\" data-comments-opened=\"1\" data-image-meta=\"{&quot;aperture&quot;:&quot;2.2&quot;,&quot;credit&quot;:&quot;&quot;,&quot;camera&quot;:&quot;iPhone 6&quot;,&quot;caption&quot;:&quot;&quot;,&quot;created_timestamp&quot;:&quot;1411902172&quot;,&quot;copyright&quot;:&quot;&quot;,&quot;focal_length&quot;:&quot;4.15&quot;,&quot;iso&quot;:&quot;32&quot;,&quot;shutter_speed&quot;:&quot;0.00048007681228997&quot;,&quot;title&quot;:&quot;&quot;,&quot;orientation&quot;:&quot;1&quot;}\" data-image-title=\"Kimetto und die Presse\" data-image-description=\"\" data-medium-file=\"https:\/\/i0.wp.com\/blog.kunstgriff.net\/wp-content\/uploads\/2014\/09\/Kimetto-und-die-Presse.jpg?fit=300%2C225&#038;ssl=1\" data-large-file=\"https:\/\/i0.wp.com\/blog.kunstgriff.net\/wp-content\/uploads\/2014\/09\/Kimetto-und-die-Presse.jpg?fit=1024%2C768&#038;ssl=1\" src=\"https:\/\/i0.wp.com\/blog.kunstgriff.net\/wp-content\/uploads\/2014\/09\/Kimetto-und-die-Presse.jpg?w=190&#038;h=142&#038;ssl=1\" srcset=\"https:\/\/i0.wp.com\/blog.kunstgriff.net\/wp-content\/uploads\/2014\/09\/Kimetto-und-die-Presse.jpg?w=1500&amp;ssl=1 1500w, https:\/\/i0.wp.com\/blog.kunstgriff.net\/wp-content\/uploads\/2014\/09\/Kimetto-und-die-Presse.jpg?resize=300%2C225&amp;ssl=1 300w, https:\/\/i0.wp.com\/blog.kunstgriff.net\/wp-content\/uploads\/2014\/09\/Kimetto-und-die-Presse.jpg?resize=1024%2C768&amp;ssl=1 1024w, https:\/\/i0.wp.com\/blog.kunstgriff.net\/wp-content\/uploads\/2014\/09\/Kimetto-und-die-Presse.jpg?resize=400%2C300&amp;ssl=1 400w, https:\/\/i0.wp.com\/blog.kunstgriff.net\/wp-content\/uploads\/2014\/09\/Kimetto-und-die-Presse.jpg?resize=900%2C675&amp;ssl=1 900w\" width=\"190\" height=\"142\" loading=\"lazy\" data-original-width=\"190\" data-original-height=\"142\" itemprop=\"http:\/\/schema.org\/image\" title=\"Kimetto und die Presse\" alt=\"Kimetto und die Presse\" style=\"width: 190px; height: 142px;\" \/> <\/a> <div class=\"tiled-gallery-caption\" itemprop=\"caption description\"> Kimetto und die Presse <\/div> <\/div> <\/div> <!-- close group --> <div class=\"gallery-group images-1\" style=\"width: 331px; height: 440px;\" data-original-width=\"331\" data-original-height=\"440\" > <div class=\"tiled-gallery-item tiled-gallery-item-large\" itemprop=\"associatedMedia\" itemscope itemtype=\"http:\/\/schema.org\/ImageObject\"> <a href=\"https:\/\/blog.kunstgriff.net\/?attachment_id=12139\" border=\"0\" itemprop=\"url\"> <meta itemprop=\"width\" content=\"327\"> <meta itemprop=\"height\" content=\"436\"> <img decoding=\"async\" class=\"\" data-attachment-id=\"12139\" data-orig-file=\"https:\/\/blog.kunstgriff.net\/wp-content\/uploads\/2014\/09\/Kimetto-Selfie.jpg\" data-orig-size=\"960,1280\" data-comments-opened=\"1\" data-image-meta=\"{&quot;aperture&quot;:&quot;2.2&quot;,&quot;credit&quot;:&quot;&quot;,&quot;camera&quot;:&quot;iPhone 6&quot;,&quot;caption&quot;:&quot;&quot;,&quot;created_timestamp&quot;:&quot;1411902187&quot;,&quot;copyright&quot;:&quot;&quot;,&quot;focal_length&quot;:&quot;2.65&quot;,&quot;iso&quot;:&quot;32&quot;,&quot;shutter_speed&quot;:&quot;0.0014925373134328&quot;,&quot;title&quot;:&quot;&quot;,&quot;orientation&quot;:&quot;0&quot;}\" data-image-title=\"Kimetto Selfie\" data-image-description=\"\" data-medium-file=\"https:\/\/i0.wp.com\/blog.kunstgriff.net\/wp-content\/uploads\/2014\/09\/Kimetto-Selfie.jpg?fit=225%2C300&#038;ssl=1\" data-large-file=\"https:\/\/i0.wp.com\/blog.kunstgriff.net\/wp-content\/uploads\/2014\/09\/Kimetto-Selfie.jpg?fit=768%2C1024&#038;ssl=1\" src=\"https:\/\/i0.wp.com\/blog.kunstgriff.net\/wp-content\/uploads\/2014\/09\/Kimetto-Selfie.jpg?w=327&#038;h=436&#038;ssl=1\" srcset=\"https:\/\/i0.wp.com\/blog.kunstgriff.net\/wp-content\/uploads\/2014\/09\/Kimetto-Selfie.jpg?w=960&amp;ssl=1 960w, https:\/\/i0.wp.com\/blog.kunstgriff.net\/wp-content\/uploads\/2014\/09\/Kimetto-Selfie.jpg?resize=225%2C300&amp;ssl=1 225w, https:\/\/i0.wp.com\/blog.kunstgriff.net\/wp-content\/uploads\/2014\/09\/Kimetto-Selfie.jpg?resize=768%2C1024&amp;ssl=1 768w, https:\/\/i0.wp.com\/blog.kunstgriff.net\/wp-content\/uploads\/2014\/09\/Kimetto-Selfie.jpg?resize=900%2C1200&amp;ssl=1 900w\" width=\"327\" height=\"436\" loading=\"lazy\" data-original-width=\"327\" data-original-height=\"436\" itemprop=\"http:\/\/schema.org\/image\" title=\"Kimetto Selfie\" alt=\"Kimetto Selfie\" style=\"width: 327px; height: 436px;\" \/> <\/a> <div class=\"tiled-gallery-caption\" itemprop=\"caption description\"> Kimetto Selfie <\/div> <\/div> <\/div> <!-- close group --> <\/div> <!-- close row --> <\/div>\n<p><iframe loading=\"lazy\" title=\"Kimetto auf Weltrekord Kurs auf dem Ku&#039;damm\" src=\"https:\/\/player.vimeo.com\/video\/107409754?dnt=1&amp;app_id=122963\" width=\"525\" height=\"295\" frameborder=\"0\" allow=\"autoplay; fullscreen; picture-in-picture; clipboard-write\"><\/iframe><\/p>\n","protected":false},"excerpt":{"rendered":"<p>oder \u00bbWeltrekord-Sonntag\u00ab Wie in den vergangenen drei Jahren, hatte ich auch heute wieder die Ehre, beim 41. Berlin Marathon, die Elite-L\u00e4ufer verpflegen zu d\u00fcrfen. Dieses Gross-Ereignis versprach wieder grossen Spass auf zwei R\u00e4dern. Aber der Reihe nach: Sonntag 7:15 Uhr klingelte der Wecker, nicht unbedingt die perfekte Zeit, um an einem Sonntag Morgen aus dem &hellip; <\/p>\n<p class=\"link-more\"><a href=\"https:\/\/blog.kunstgriff.net\/?p=12134\" class=\"more-link\"><span class=\"screen-reader-text\">\u201eElite-Verpfleger beim 41. Berlin Marathon 2014\u201c <\/span>weiterlesen<\/a><\/p>\n","protected":false},"author":2,"featured_media":12138,"comment_status":"open","ping_status":"open","sticky":false,"template":"","format":"standard","meta":{"jetpack_post_was_ever_published":false,"_jetpack_newsletter_access":"","_jetpack_dont_email_post_to_subs":false,"_jetpack_newsletter_tier_id":0,"_jetpack_memberships_contains_paywalled_content":false,"_jetpack_memberships_contains_paid_content":false,"footnotes":""},"categories":[25,14],"tags":[],"class_list":["post-12134","post","type-post","status-publish","format-standard","has-post-thumbnail","hentry","category-besonderes-ereignis","category-radfahren"],"jetpack_featured_media_url":"https:\/\/i0.wp.com\/blog.kunstgriff.net\/wp-content\/uploads\/2014\/09\/Eliteverpfleger-in-der-Turmstrasse.jpg?fit=1500%2C1125&ssl=1","jetpack_shortlink":"https:\/\/wp.me\/p8Cxe7-39I","jetpack-related-posts":[{"id":18852,"url":"https:\/\/blog.kunstgriff.net\/?p=18852","url_meta":{"origin":12134,"position":0},"title":"Elite-Verpfleger beim 45. Berlin Marathon 2018","author":"Georg","date":"September 16, 2018","format":false,"excerpt":"oder \u00bbUnterst\u00fctzung beim Weltrekord\u00ab Nun war es wieder soweit: Mittlerweile zum sechsten mal Elite-Verpfleger beim Berlin Marathon. Nachdem ich in 2017 einmal wegen meiner\u00a0unvergesslichen Pyren\u00e4en-Reise passen musste, freute ich mich extrem, in diesem Jahr wieder dabei sein zu d\u00fcrfen. Treffpunkt war wie immer um 7:30 Uhr am Grossen Stern. Alle\u2026","rel":"","context":"In &quot;Besonderes Ereignis&quot;","block_context":{"text":"Besonderes Ereignis","link":"https:\/\/blog.kunstgriff.net\/?cat=25"},"img":{"alt_text":"","src":"https:\/\/i0.wp.com\/blog.kunstgriff.net\/wp-content\/uploads\/2018\/09\/Gruppenbild.jpg?fit=1200%2C800&ssl=1&resize=350%2C200","width":350,"height":200,"srcset":"https:\/\/i0.wp.com\/blog.kunstgriff.net\/wp-content\/uploads\/2018\/09\/Gruppenbild.jpg?fit=1200%2C800&ssl=1&resize=350%2C200 1x, https:\/\/i0.wp.com\/blog.kunstgriff.net\/wp-content\/uploads\/2018\/09\/Gruppenbild.jpg?fit=1200%2C800&ssl=1&resize=525%2C300 1.5x, https:\/\/i0.wp.com\/blog.kunstgriff.net\/wp-content\/uploads\/2018\/09\/Gruppenbild.jpg?fit=1200%2C800&ssl=1&resize=700%2C400 2x, https:\/\/i0.wp.com\/blog.kunstgriff.net\/wp-content\/uploads\/2018\/09\/Gruppenbild.jpg?fit=1200%2C800&ssl=1&resize=1050%2C600 3x"},"classes":[]},{"id":15121,"url":"https:\/\/blog.kunstgriff.net\/?p=15121","url_meta":{"origin":12134,"position":1},"title":"Elite-Verpfleger beim 43. Berlin Marathon 2016","author":"Georg","date":"September 25, 2016","format":false,"excerpt":"oder \u00bbBeste Besch\u00e4ftigung am letzen September-Sonntag\u00ab Heute war es wieder soweit: Ich hatte die grosse Ehre, nach 2012, 2013, 2014 und 2015, wieder die Elite-L\u00e4ufer des Berlin Marathon verpflegen zu d\u00fcrfen. Treffpunkt war wieder um 8:15 Uhr am Grossen Stern und die ganze Helfer-Gruppe war schon versammelt, als ich p\u00fcnktlich\u2026","rel":"","context":"In &quot;Besonderes Ereignis&quot;","block_context":{"text":"Besonderes Ereignis","link":"https:\/\/blog.kunstgriff.net\/?cat=25"},"img":{"alt_text":"","src":"https:\/\/i0.wp.com\/blog.kunstgriff.net\/wp-content\/uploads\/2016\/09\/Gruppenfoto-in-Moabit-bevor-die-erstel-L%C3%A4ufer-kommen.jpg?fit=1200%2C800&ssl=1&resize=350%2C200","width":350,"height":200,"srcset":"https:\/\/i0.wp.com\/blog.kunstgriff.net\/wp-content\/uploads\/2016\/09\/Gruppenfoto-in-Moabit-bevor-die-erstel-L%C3%A4ufer-kommen.jpg?fit=1200%2C800&ssl=1&resize=350%2C200 1x, https:\/\/i0.wp.com\/blog.kunstgriff.net\/wp-content\/uploads\/2016\/09\/Gruppenfoto-in-Moabit-bevor-die-erstel-L%C3%A4ufer-kommen.jpg?fit=1200%2C800&ssl=1&resize=525%2C300 1.5x, https:\/\/i0.wp.com\/blog.kunstgriff.net\/wp-content\/uploads\/2016\/09\/Gruppenfoto-in-Moabit-bevor-die-erstel-L%C3%A4ufer-kommen.jpg?fit=1200%2C800&ssl=1&resize=700%2C400 2x, https:\/\/i0.wp.com\/blog.kunstgriff.net\/wp-content\/uploads\/2016\/09\/Gruppenfoto-in-Moabit-bevor-die-erstel-L%C3%A4ufer-kommen.jpg?fit=1200%2C800&ssl=1&resize=1050%2C600 3x"},"classes":[]},{"id":23141,"url":"https:\/\/blog.kunstgriff.net\/?p=23141","url_meta":{"origin":12134,"position":2},"title":"Elite-Verpfleger beim 48. Berlin Marathon 2022","author":"Georg","date":"September 25, 2022","format":false,"excerpt":"oder \u00bbSame procedure as \u2026\u00ab Meine treuen Leser m\u00f6chte ich erstmal f\u00fcr die lange Blog-Pause um Entschuldigung bitten. Nun geht es hoffentlich in relativ regelm\u00e4\u00dfigen Intervallen wieder weiter mit meiner bescheidenen Schreib-Lust. Seid gespannt! Jetzt schnell zur\u00fcck zum Thema: Zum 9. mal wiederholt sich diese angenehme Routine am letzten September-Sonntag\u2026","rel":"","context":"In &quot;Besonderes Ereignis&quot;","block_context":{"text":"Besonderes Ereignis","link":"https:\/\/blog.kunstgriff.net\/?cat=25"},"img":{"alt_text":"","src":"https:\/\/i0.wp.com\/blog.kunstgriff.net\/wp-content\/uploads\/2022\/09\/Wer-hat-welche-Flasche.jpeg?fit=1200%2C900&ssl=1&resize=350%2C200","width":350,"height":200,"srcset":"https:\/\/i0.wp.com\/blog.kunstgriff.net\/wp-content\/uploads\/2022\/09\/Wer-hat-welche-Flasche.jpeg?fit=1200%2C900&ssl=1&resize=350%2C200 1x, https:\/\/i0.wp.com\/blog.kunstgriff.net\/wp-content\/uploads\/2022\/09\/Wer-hat-welche-Flasche.jpeg?fit=1200%2C900&ssl=1&resize=525%2C300 1.5x, https:\/\/i0.wp.com\/blog.kunstgriff.net\/wp-content\/uploads\/2022\/09\/Wer-hat-welche-Flasche.jpeg?fit=1200%2C900&ssl=1&resize=700%2C400 2x, https:\/\/i0.wp.com\/blog.kunstgriff.net\/wp-content\/uploads\/2022\/09\/Wer-hat-welche-Flasche.jpeg?fit=1200%2C900&ssl=1&resize=1050%2C600 3x"},"classes":[]},{"id":10885,"url":"https:\/\/blog.kunstgriff.net\/?p=10885","url_meta":{"origin":12134,"position":3},"title":"Elite-Verpfleger beim 40. Berlin Marathon 2013","author":"Georg","date":"September 29, 2013","format":false,"excerpt":"oder \u00bb(K)ein Job wie jeder Andere\u00abWie auch schon im Vorjahr hatte ich heute wieder die Ehre, die Elite-L\u00e4ufer des 40. Berlin Marathon 2013 verpflegen zu d\u00fcrfen. Mit einiger Routine traf sich das eingespielte Team um Klaus-Henning an der Siegess\u00e4ule um die Adidas-Helfer-Shirts und Freie-Fahrt-Lenker-Schilder in Empfang zu nehmen. Die 6\u00b0C\u2026","rel":"","context":"In &quot;Besonderes Ereignis&quot;","block_context":{"text":"Besonderes Ereignis","link":"https:\/\/blog.kunstgriff.net\/?cat=25"},"img":{"alt_text":"","src":"https:\/\/i0.wp.com\/blog.kunstgriff.net\/wp-content\/uploads\/2013\/09\/Elite-Verpflegung.jpg?fit=1200%2C900&ssl=1&resize=350%2C200","width":350,"height":200,"srcset":"https:\/\/i0.wp.com\/blog.kunstgriff.net\/wp-content\/uploads\/2013\/09\/Elite-Verpflegung.jpg?fit=1200%2C900&ssl=1&resize=350%2C200 1x, https:\/\/i0.wp.com\/blog.kunstgriff.net\/wp-content\/uploads\/2013\/09\/Elite-Verpflegung.jpg?fit=1200%2C900&ssl=1&resize=525%2C300 1.5x, https:\/\/i0.wp.com\/blog.kunstgriff.net\/wp-content\/uploads\/2013\/09\/Elite-Verpflegung.jpg?fit=1200%2C900&ssl=1&resize=700%2C400 2x, https:\/\/i0.wp.com\/blog.kunstgriff.net\/wp-content\/uploads\/2013\/09\/Elite-Verpflegung.jpg?fit=1200%2C900&ssl=1&resize=1050%2C600 3x"},"classes":[]},{"id":20121,"url":"https:\/\/blog.kunstgriff.net\/?p=20121","url_meta":{"origin":12134,"position":4},"title":"Elite-Verpfleger beim 46. Berlin Marathon 2019","author":"Georg","date":"September 29, 2019","format":false,"excerpt":"oder \u00bbUnterst\u00fctzung der Zwei\u00ab Heute war er wieder da, dieser besondere Tag, der sich jedes Jahr am letzten Sonntag im September wiederholt: Berlin-Marathon-Sonntag! Wie auch in den vergangenen sechs (!) Jahren durfte ich Claus-Henning und seinem Team helfen, die Top L\u00e4uferInnen zu verpflegen. P\u00fcnktlich um 7:20 Uhr erreichte ich die\u2026","rel":"","context":"In &quot;Besonderes Ereignis&quot;","block_context":{"text":"Besonderes Ereignis","link":"https:\/\/blog.kunstgriff.net\/?cat=25"},"img":{"alt_text":"Die ganze Verpfleger-Bande","src":"https:\/\/i0.wp.com\/blog.kunstgriff.net\/wp-content\/uploads\/2019\/09\/Die-ganze-Verpfleger-Bande.jpg?fit=1200%2C800&ssl=1&resize=350%2C200","width":350,"height":200,"srcset":"https:\/\/i0.wp.com\/blog.kunstgriff.net\/wp-content\/uploads\/2019\/09\/Die-ganze-Verpfleger-Bande.jpg?fit=1200%2C800&ssl=1&resize=350%2C200 1x, https:\/\/i0.wp.com\/blog.kunstgriff.net\/wp-content\/uploads\/2019\/09\/Die-ganze-Verpfleger-Bande.jpg?fit=1200%2C800&ssl=1&resize=525%2C300 1.5x, https:\/\/i0.wp.com\/blog.kunstgriff.net\/wp-content\/uploads\/2019\/09\/Die-ganze-Verpfleger-Bande.jpg?fit=1200%2C800&ssl=1&resize=700%2C400 2x, https:\/\/i0.wp.com\/blog.kunstgriff.net\/wp-content\/uploads\/2019\/09\/Die-ganze-Verpfleger-Bande.jpg?fit=1200%2C800&ssl=1&resize=1050%2C600 3x"},"classes":[]},{"id":12998,"url":"https:\/\/blog.kunstgriff.net\/?p=12998","url_meta":{"origin":12134,"position":5},"title":"Elite-Verpfleger beim 42. Berlin Marathon 2015","author":"Georg","date":"September 27, 2015","format":false,"excerpt":"oder \u00bbKein-neuer-Weltrekord-Sonntag\u00abWie auch schon in 2012, 2013 und 2014 hatte ich heute wieder die Ehre, die Top-L\u00e4uferInnen beim 42. BMW Berlin Marathon unterst\u00fctzen zu d\u00fcrfen. Claus-Henning begr\u00fcsste uns p\u00fcnktlich bei Top-Lauf-Wetter um 8:15 Uhr am Grossen Stern mit letzten Informationen zu unseren L\u00e4ufern. Mein Plan war es, heute mal keine\u2026","rel":"","context":"In &quot;Besonderes Ereignis&quot;","block_context":{"text":"Besonderes Ereignis","link":"https:\/\/blog.kunstgriff.net\/?cat=25"},"img":{"alt_text":"","src":"https:\/\/i0.wp.com\/blog.kunstgriff.net\/wp-content\/uploads\/2015\/08\/Top-Verpfleger-mit-Marc-Milde.jpg?fit=1200%2C900&ssl=1&resize=350%2C200","width":350,"height":200,"srcset":"https:\/\/i0.wp.com\/blog.kunstgriff.net\/wp-content\/uploads\/2015\/08\/Top-Verpfleger-mit-Marc-Milde.jpg?fit=1200%2C900&ssl=1&resize=350%2C200 1x, https:\/\/i0.wp.com\/blog.kunstgriff.net\/wp-content\/uploads\/2015\/08\/Top-Verpfleger-mit-Marc-Milde.jpg?fit=1200%2C900&ssl=1&resize=525%2C300 1.5x, https:\/\/i0.wp.com\/blog.kunstgriff.net\/wp-content\/uploads\/2015\/08\/Top-Verpfleger-mit-Marc-Milde.jpg?fit=1200%2C900&ssl=1&resize=700%2C400 2x, https:\/\/i0.wp.com\/blog.kunstgriff.net\/wp-content\/uploads\/2015\/08\/Top-Verpfleger-mit-Marc-Milde.jpg?fit=1200%2C900&ssl=1&resize=1050%2C600 3x"},"classes":[]}],"jetpack_likes_enabled":true,"jetpack_sharing_enabled":true,"_links":{"self":[{"href":"https:\/\/blog.kunstgriff.net\/index.php?rest_route=\/wp\/v2\/posts\/12134","targetHints":{"allow":["GET"]}}],"collection":[{"href":"https:\/\/blog.kunstgriff.net\/index.php?rest_route=\/wp\/v2\/posts"}],"about":[{"href":"https:\/\/blog.kunstgriff.net\/index.php?rest_route=\/wp\/v2\/types\/post"}],"author":[{"embeddable":true,"href":"https:\/\/blog.kunstgriff.net\/index.php?rest_route=\/wp\/v2\/users\/2"}],"replies":[{"embeddable":true,"href":"https:\/\/blog.kunstgriff.net\/index.php?rest_route=%2Fwp%2Fv2%2Fcomments&post=12134"}],"version-history":[{"count":0,"href":"https:\/\/blog.kunstgriff.net\/index.php?rest_route=\/wp\/v2\/posts\/12134\/revisions"}],"wp:featuredmedia":[{"embeddable":true,"href":"https:\/\/blog.kunstgriff.net\/index.php?rest_route=\/wp\/v2\/media\/12138"}],"wp:attachment":[{"href":"https:\/\/blog.kunstgriff.net\/index.php?rest_route=%2Fwp%2Fv2%2Fmedia&parent=12134"}],"wp:term":[{"taxonomy":"category","embeddable":true,"href":"https:\/\/blog.kunstgriff.net\/index.php?rest_route=%2Fwp%2Fv2%2Fcategories&post=12134"},{"taxonomy":"post_tag","embeddable":true,"href":"https:\/\/blog.kunstgriff.net\/index.php?rest_route=%2Fwp%2Fv2%2Ftags&post=12134"}],"curies":[{"name":"wp","href":"https:\/\/api.w.org\/{rel}","templated":true}]}}