{"id":12433,"date":"2015-03-29T15:23:19","date_gmt":"2015-03-29T13:23:19","guid":{"rendered":"http:\/\/blog.kunstgriff.net\/?p=12433"},"modified":"2016-07-31T19:04:37","modified_gmt":"2016-07-31T17:04:37","slug":"mallorca-trainingscamp-2015-tag-9-lluc-pollentia","status":"publish","type":"post","link":"https:\/\/blog.kunstgriff.net\/?p=12433","title":{"rendered":"Mallorca Trainingscamp 2015 &#8211; Tag 9 &#8211; Lluc &#8211; Pollentia"},"content":{"rendered":"<span class=\"span-reading-time rt-reading-time\" style=\"display: block;\"><span class=\"rt-label rt-prefix\">Lesezeit: <\/span> <span class=\"rt-time\"> 2<\/span> <span class=\"rt-label rt-postfix\">Minuten<\/span><\/span><h4>oder \u00bbKurze Abschlussrunde\u00ab<\/h4>\n<hr \/>\n<p>So schnell ist der Mallorca-Rennradurlaub 2015 also wieder vorbei! 9 Tage auf dem Renner liegen hinter mir. Zwei Ruhetage wegen\u00a0schlechten Wetters. Auch der Abflugtag wollte von den\u00a0<i>Compa\u00f1eros <\/i>genutzt werden um es wieder in den Berg krachen zu lassen. Bei mir krachte nichts mehr. Die Beine waren so m\u00fcde, dass es mich <del>ein wenig<\/del> frustrierte. Spass hatte ich auch im Windschatten wenig, denn jede Welle wurde nach Selva hochgeochst \u2013 ich lie\u00df einfach reissen.<\/p>\n<p>Hoch zum Kloster Lluc, meinen Lieblingsanstieg, ging heute nichts: Die Steigungsgeschwindigkeit war gerade so akzeptabel, aber der Puls wollte nicht \u00fcber 135 bpm steigen. Ein klares Zeichen von \u00dcbertraining. Also einfach so \u00a0locker hochfahren. <em>Geht doch!<\/em><\/p>\n<p>Oben wartete die Bande und es wurde gemeinsam zum Kloster Lluc gerollert an dem heute ein grosses Lauf-Freizeit-Activity-Fest war. Keine beschauliche Ruhe im Klostergarten, sondern aufgedrehte Kinder und AC\/DC. Stressen konnte mich das aber nicht, denn es ging noch eine tolle Abfahrt nach Pollentia herunter, die ich in vollen Z\u00fcgen genoss.<\/p>\n<p>Dann noch an unserem geliebten <a href=\"https:\/\/www.clubpollentia.com\/?lang=de\" target=\"_blank\">Club de Pollentia<\/a> vorbei und ab unter die Dusche, Rad zerlegen und auf den Transfer nach Palma warten\u20262016 wieder!?<\/p>\n<p><iframe height='405' width='590' frameborder='0' allowtransparency='true' scrolling='no' src='https:\/\/www.strava.com\/activities\/275845688\/embed\/7d66f015ab452db60058c59a1c70e78511e32e87'><\/iframe><\/p>\n<p><a href=\"https:\/\/i0.wp.com\/blog.kunstgriff.net\/wp-content\/uploads\/2015\/03\/Grosser-Spass-auf-der-flotten-Abfahrt.jpg\"><img data-recalc-dims=\"1\" loading=\"lazy\" decoding=\"async\" data-attachment-id=\"12432\" data-permalink=\"https:\/\/blog.kunstgriff.net\/?attachment_id=12432\" data-orig-file=\"https:\/\/i0.wp.com\/blog.kunstgriff.net\/wp-content\/uploads\/2015\/03\/Grosser-Spass-auf-der-flotten-Abfahrt.jpg?fit=1500%2C1125&amp;ssl=1\" data-orig-size=\"1500,1125\" data-comments-opened=\"1\" data-image-meta=\"{&quot;aperture&quot;:&quot;5.6&quot;,&quot;credit&quot;:&quot;&quot;,&quot;camera&quot;:&quot;Canon DIGITAL IXUS 870 IS&quot;,&quot;caption&quot;:&quot;&quot;,&quot;created_timestamp&quot;:&quot;1427628252&quot;,&quot;copyright&quot;:&quot;&quot;,&quot;focal_length&quot;:&quot;5&quot;,&quot;iso&quot;:&quot;125&quot;,&quot;shutter_speed&quot;:&quot;0.00125&quot;,&quot;title&quot;:&quot;&quot;,&quot;orientation&quot;:&quot;1&quot;}\" data-image-title=\"Grosser Spass auf der flotten Abfahrt\" data-image-description=\"\" data-image-caption=\"\" data-large-file=\"https:\/\/i0.wp.com\/blog.kunstgriff.net\/wp-content\/uploads\/2015\/03\/Grosser-Spass-auf-der-flotten-Abfahrt.jpg?fit=1024%2C768&amp;ssl=1\" class=\"aligncenter size-full wp-image-12432\" src=\"https:\/\/i0.wp.com\/blog.kunstgriff.net\/wp-content\/uploads\/2015\/03\/Grosser-Spass-auf-der-flotten-Abfahrt.jpg?resize=525%2C394\" alt=\"Grosser Spass auf der flotten Abfahrt\" width=\"525\" height=\"394\" srcset=\"https:\/\/i0.wp.com\/blog.kunstgriff.net\/wp-content\/uploads\/2015\/03\/Grosser-Spass-auf-der-flotten-Abfahrt.jpg?w=1500&amp;ssl=1 1500w, https:\/\/i0.wp.com\/blog.kunstgriff.net\/wp-content\/uploads\/2015\/03\/Grosser-Spass-auf-der-flotten-Abfahrt.jpg?resize=300%2C225&amp;ssl=1 300w, https:\/\/i0.wp.com\/blog.kunstgriff.net\/wp-content\/uploads\/2015\/03\/Grosser-Spass-auf-der-flotten-Abfahrt.jpg?resize=1024%2C768&amp;ssl=1 1024w, https:\/\/i0.wp.com\/blog.kunstgriff.net\/wp-content\/uploads\/2015\/03\/Grosser-Spass-auf-der-flotten-Abfahrt.jpg?resize=400%2C300&amp;ssl=1 400w, https:\/\/i0.wp.com\/blog.kunstgriff.net\/wp-content\/uploads\/2015\/03\/Grosser-Spass-auf-der-flotten-Abfahrt.jpg?resize=900%2C675&amp;ssl=1 900w\" sizes=\"auto, (max-width: 767px) 89vw, (max-width: 1000px) 54vw, (max-width: 1071px) 543px, 580px\" \/><\/a><a href=\"https:\/\/i0.wp.com\/blog.kunstgriff.net\/wp-content\/uploads\/2015\/03\/Abfahrt-runter-nach-Pollentia.jpg\"><img data-recalc-dims=\"1\" loading=\"lazy\" decoding=\"async\" data-attachment-id=\"12431\" data-permalink=\"https:\/\/blog.kunstgriff.net\/?attachment_id=12431\" data-orig-file=\"https:\/\/i0.wp.com\/blog.kunstgriff.net\/wp-content\/uploads\/2015\/03\/Abfahrt-runter-nach-Pollentia.jpg?fit=1500%2C1125&amp;ssl=1\" data-orig-size=\"1500,1125\" data-comments-opened=\"1\" data-image-meta=\"{&quot;aperture&quot;:&quot;2.8&quot;,&quot;credit&quot;:&quot;&quot;,&quot;camera&quot;:&quot;Canon DIGITAL IXUS 870 IS&quot;,&quot;caption&quot;:&quot;&quot;,&quot;created_timestamp&quot;:&quot;1427627962&quot;,&quot;copyright&quot;:&quot;&quot;,&quot;focal_length&quot;:&quot;5&quot;,&quot;iso&quot;:&quot;80&quot;,&quot;shutter_speed&quot;:&quot;0.00125&quot;,&quot;title&quot;:&quot;&quot;,&quot;orientation&quot;:&quot;1&quot;}\" data-image-title=\"Abfahrt runter nach Pollentia\" data-image-description=\"\" data-image-caption=\"\" data-large-file=\"https:\/\/i0.wp.com\/blog.kunstgriff.net\/wp-content\/uploads\/2015\/03\/Abfahrt-runter-nach-Pollentia.jpg?fit=1024%2C768&amp;ssl=1\" class=\"aligncenter size-full wp-image-12431\" src=\"https:\/\/i0.wp.com\/blog.kunstgriff.net\/wp-content\/uploads\/2015\/03\/Abfahrt-runter-nach-Pollentia.jpg?resize=525%2C394\" alt=\"Abfahrt runter nach Pollentia\" width=\"525\" height=\"394\" srcset=\"https:\/\/i0.wp.com\/blog.kunstgriff.net\/wp-content\/uploads\/2015\/03\/Abfahrt-runter-nach-Pollentia.jpg?w=1500&amp;ssl=1 1500w, https:\/\/i0.wp.com\/blog.kunstgriff.net\/wp-content\/uploads\/2015\/03\/Abfahrt-runter-nach-Pollentia.jpg?resize=300%2C225&amp;ssl=1 300w, https:\/\/i0.wp.com\/blog.kunstgriff.net\/wp-content\/uploads\/2015\/03\/Abfahrt-runter-nach-Pollentia.jpg?resize=1024%2C768&amp;ssl=1 1024w, https:\/\/i0.wp.com\/blog.kunstgriff.net\/wp-content\/uploads\/2015\/03\/Abfahrt-runter-nach-Pollentia.jpg?resize=400%2C300&amp;ssl=1 400w, https:\/\/i0.wp.com\/blog.kunstgriff.net\/wp-content\/uploads\/2015\/03\/Abfahrt-runter-nach-Pollentia.jpg?resize=900%2C675&amp;ssl=1 900w\" sizes=\"auto, (max-width: 767px) 89vw, (max-width: 1000px) 54vw, (max-width: 1071px) 543px, 580px\" \/><\/a><a href=\"https:\/\/i0.wp.com\/blog.kunstgriff.net\/wp-content\/uploads\/2015\/03\/VeloViewer.png\"><img data-recalc-dims=\"1\" loading=\"lazy\" decoding=\"async\" data-attachment-id=\"12440\" data-permalink=\"https:\/\/blog.kunstgriff.net\/?attachment_id=12440\" data-orig-file=\"https:\/\/i0.wp.com\/blog.kunstgriff.net\/wp-content\/uploads\/2015\/03\/VeloViewer.png?fit=902%2C904&amp;ssl=1\" data-orig-size=\"902,904\" data-comments-opened=\"1\" data-image-meta=\"{&quot;aperture&quot;:&quot;0&quot;,&quot;credit&quot;:&quot;&quot;,&quot;camera&quot;:&quot;&quot;,&quot;caption&quot;:&quot;&quot;,&quot;created_timestamp&quot;:&quot;0&quot;,&quot;copyright&quot;:&quot;&quot;,&quot;focal_length&quot;:&quot;0&quot;,&quot;iso&quot;:&quot;0&quot;,&quot;shutter_speed&quot;:&quot;0&quot;,&quot;title&quot;:&quot;&quot;,&quot;orientation&quot;:&quot;0&quot;}\" data-image-title=\"VeloViewer\" data-image-description=\"\" data-image-caption=\"\" data-large-file=\"https:\/\/i0.wp.com\/blog.kunstgriff.net\/wp-content\/uploads\/2015\/03\/VeloViewer.png?fit=902%2C904&amp;ssl=1\" class=\"aligncenter size-full wp-image-12440\" src=\"https:\/\/i0.wp.com\/blog.kunstgriff.net\/wp-content\/uploads\/2015\/03\/VeloViewer.png?resize=525%2C526\" alt=\"VeloViewer\" width=\"525\" height=\"526\" srcset=\"https:\/\/i0.wp.com\/blog.kunstgriff.net\/wp-content\/uploads\/2015\/03\/VeloViewer.png?w=902&amp;ssl=1 902w, https:\/\/i0.wp.com\/blog.kunstgriff.net\/wp-content\/uploads\/2015\/03\/VeloViewer.png?resize=150%2C150&amp;ssl=1 150w, https:\/\/i0.wp.com\/blog.kunstgriff.net\/wp-content\/uploads\/2015\/03\/VeloViewer.png?resize=300%2C300&amp;ssl=1 300w, https:\/\/i0.wp.com\/blog.kunstgriff.net\/wp-content\/uploads\/2015\/03\/VeloViewer.png?resize=144%2C144&amp;ssl=1 144w, https:\/\/i0.wp.com\/blog.kunstgriff.net\/wp-content\/uploads\/2015\/03\/VeloViewer.png?resize=299%2C300&amp;ssl=1 299w, https:\/\/i0.wp.com\/blog.kunstgriff.net\/wp-content\/uploads\/2015\/03\/VeloViewer.png?resize=900%2C902&amp;ssl=1 900w\" sizes=\"auto, (max-width: 767px) 89vw, (max-width: 1000px) 54vw, (max-width: 1071px) 543px, 580px\" \/><\/a><\/p>\n","protected":false},"excerpt":{"rendered":"<p>oder \u00bbKurze Abschlussrunde\u00ab So schnell ist der Mallorca-Rennradurlaub 2015 also wieder vorbei! 9 Tage auf dem Renner liegen hinter mir. Zwei Ruhetage wegen\u00a0schlechten Wetters. Auch der Abflugtag wollte von den\u00a0Compa\u00f1eros genutzt werden um es wieder in den Berg krachen zu lassen. Bei mir krachte nichts mehr. Die Beine waren so m\u00fcde, dass es mich ein &hellip; <\/p>\n<p class=\"link-more\"><a href=\"https:\/\/blog.kunstgriff.net\/?p=12433\" class=\"more-link\"><span class=\"screen-reader-text\">\u201eMallorca Trainingscamp 2015 &#8211; Tag 9 &#8211; Lluc &#8211; Pollentia\u201c <\/span>weiterlesen<\/a><\/p>\n","protected":false},"author":2,"featured_media":12432,"comment_status":"open","ping_status":"open","sticky":false,"template":"","format":"standard","meta":{"_jetpack_newsletter_access":"","_jetpack_dont_email_post_to_subs":false,"_jetpack_newsletter_tier_id":0,"_jetpack_memberships_contains_paywalled_content":false,"_jetpack_feature_clip_id":0,"_jetpack_memberships_contains_paid_content":false,"footnotes":"","jetpack_post_was_ever_published":false},"categories":[14,13,7],"tags":[],"class_list":["post-12433","post","type-post","status-publish","format-standard","has-post-thumbnail","hentry","category-radfahren","category-radreise","category-rennradfahren"],"jetpack_shortlink":"https:\/\/wp.me\/p8Cxe7-3ex","jetpack-related-posts":[{"id":4152,"url":"https:\/\/blog.kunstgriff.net\/?p=4152","url_meta":{"origin":12433,"position":0},"title":"Mallorca Trainingscamp &#8211; Tag 7 &#8211; Kloster Lluc und Cap Formentor","author":"Georg","date":"April 11, 2011","format":false,"excerpt":"oder \u00bbLockere 100-km-Runde\u00abLange hat es gedauert bis wir uns heute f\u00fcr eine Tour entscheiden konnten. Schlussendlich entschied der Cheftrainer, was heute gut f\u00fcr uns sein w\u00fcrde. Es ging nicht auf die Br\u00e4gel Tour #4 sondern auf direktem Wege durch das Peter Maffay Tal nach Caimari, um dort rechts in den\u2026","rel":"","context":"In &quot;Radfahren&quot;","block_context":{"text":"Radfahren","link":"https:\/\/blog.kunstgriff.net\/?cat=14"},"img":{"alt_text":"","src":"https:\/\/i0.wp.com\/blog.kunstgriff.net\/wp-content\/uploads\/2011\/04\/IMG_1860.jpg?resize=350%2C200","width":350,"height":200},"classes":[]},{"id":12393,"url":"https:\/\/blog.kunstgriff.net\/?p=12393","url_meta":{"origin":12433,"position":1},"title":"Mallorca Trainingscamp 2015 &#8211; Tag 6 &#8211; Puig &#8211; Soller &#8211; Orient","author":"Georg","date":"M\u00e4rz 26, 2015","format":false,"excerpt":"oder \u00bbH\u00f6henmeter ohne Ende\u00ab Nach zwei regenreichen Ruhetagen wollte heute endlich wieder das Rennrad bewegt werden. Nicht nur ein bisschen in der Horizontalen, nein auch ein paar Steigungen sollten gefahren werden. Daf\u00fcr ging es von Pollen\u00e7a die 14 Kilometer zum Kloster Lluc hoch. Die mitfahrenden Compa\u00f1eros waren schnell entschwunden und\u2026","rel":"","context":"In &quot;Radfahren&quot;","block_context":{"text":"Radfahren","link":"https:\/\/blog.kunstgriff.net\/?cat=14"},"img":{"alt_text":"","src":"https:\/\/i0.wp.com\/blog.kunstgriff.net\/wp-content\/uploads\/2015\/03\/Alles-f%C3%BCr-diesen-Moment.jpg?fit=1200%2C900&ssl=1&resize=350%2C200","width":350,"height":200,"srcset":"https:\/\/i0.wp.com\/blog.kunstgriff.net\/wp-content\/uploads\/2015\/03\/Alles-f%C3%BCr-diesen-Moment.jpg?fit=1200%2C900&ssl=1&resize=350%2C200 1x, https:\/\/i0.wp.com\/blog.kunstgriff.net\/wp-content\/uploads\/2015\/03\/Alles-f%C3%BCr-diesen-Moment.jpg?fit=1200%2C900&ssl=1&resize=525%2C300 1.5x, https:\/\/i0.wp.com\/blog.kunstgriff.net\/wp-content\/uploads\/2015\/03\/Alles-f%C3%BCr-diesen-Moment.jpg?fit=1200%2C900&ssl=1&resize=700%2C400 2x, https:\/\/i0.wp.com\/blog.kunstgriff.net\/wp-content\/uploads\/2015\/03\/Alles-f%C3%BCr-diesen-Moment.jpg?fit=1200%2C900&ssl=1&resize=1050%2C600 3x"},"classes":[]},{"id":22757,"url":"https:\/\/blog.kunstgriff.net\/?p=22757","url_meta":{"origin":12433,"position":2},"title":"Mallorca Trainingscamp 2022 &#8211; Tag 6 &#8211; Kloster Lluc-Runde","author":"Georg","date":"April 6, 2022","format":false,"excerpt":"100 km - 1.000 H\u00f6henmeter - check Erstmal gab es Regen. Bis Mittag. Nix f\u00fcr Radfahrer. Paar H\u00f6henmeter wollten wir trotzdem sammeln und so bat mich die Bande, eine Runde hoch zum Kloster Lluc zu planen. Nach wenigen Klicks war der 100er finalisiert und die Einladung zum Strava-Club-Event verschickt. So\u2026","rel":"","context":"In &quot;Radfahren&quot;","block_context":{"text":"Radfahren","link":"https:\/\/blog.kunstgriff.net\/?cat=14"},"img":{"alt_text":"Tankstellen-Foto-2022","src":"https:\/\/i0.wp.com\/blog.kunstgriff.net\/wp-content\/uploads\/2022\/04\/Tankstellen-Foto-2022.jpg?fit=1200%2C900&ssl=1&resize=350%2C200","width":350,"height":200,"srcset":"https:\/\/i0.wp.com\/blog.kunstgriff.net\/wp-content\/uploads\/2022\/04\/Tankstellen-Foto-2022.jpg?fit=1200%2C900&ssl=1&resize=350%2C200 1x, https:\/\/i0.wp.com\/blog.kunstgriff.net\/wp-content\/uploads\/2022\/04\/Tankstellen-Foto-2022.jpg?fit=1200%2C900&ssl=1&resize=525%2C300 1.5x, https:\/\/i0.wp.com\/blog.kunstgriff.net\/wp-content\/uploads\/2022\/04\/Tankstellen-Foto-2022.jpg?fit=1200%2C900&ssl=1&resize=700%2C400 2x, https:\/\/i0.wp.com\/blog.kunstgriff.net\/wp-content\/uploads\/2022\/04\/Tankstellen-Foto-2022.jpg?fit=1200%2C900&ssl=1&resize=1050%2C600 3x"},"classes":[]},{"id":7557,"url":"https:\/\/blog.kunstgriff.net\/?p=7557","url_meta":{"origin":12433,"position":3},"title":"Mallorca Trainingscamp 2012 &#8211; Tag 8 &#8211; Cap Formentor","author":"Georg","date":"M\u00e4rz 17, 2012","format":false,"excerpt":"oder \u00bbLeider heute nicht ganz nach Plan\u00abNachdem heute f\u00fcr die Meisten Abreisetag war, konnten nur Christian, Alexander und ich, noch den vollen Sonnentag auf der Insel genie\u00dfen. Daf\u00fcr hatten wir uns einiges vorgenommen: Kloster Lluc, Sacalobra und Cap Formentor wollten in einem Rutsch gefahren werden. Das bedeutete rund 160 km\u2026","rel":"","context":"In &quot;Radreise&quot;","block_context":{"text":"Radreise","link":"https:\/\/blog.kunstgriff.net\/?cat=13"},"img":{"alt_text":"","src":"https:\/\/i0.wp.com\/blog.kunstgriff.net\/wp-content\/uploads\/2012\/03\/R%C3%BCckweg-von-Cap-Formentor.jpg?fit=750%2C1000&ssl=1&resize=350%2C200","width":350,"height":200,"srcset":"https:\/\/i0.wp.com\/blog.kunstgriff.net\/wp-content\/uploads\/2012\/03\/R%C3%BCckweg-von-Cap-Formentor.jpg?fit=750%2C1000&ssl=1&resize=350%2C200 1x, https:\/\/i0.wp.com\/blog.kunstgriff.net\/wp-content\/uploads\/2012\/03\/R%C3%BCckweg-von-Cap-Formentor.jpg?fit=750%2C1000&ssl=1&resize=525%2C300 1.5x, https:\/\/i0.wp.com\/blog.kunstgriff.net\/wp-content\/uploads\/2012\/03\/R%C3%BCckweg-von-Cap-Formentor.jpg?fit=750%2C1000&ssl=1&resize=700%2C400 2x"},"classes":[]},{"id":19258,"url":"https:\/\/blog.kunstgriff.net\/?p=19258","url_meta":{"origin":12433,"position":4},"title":"Mallorca Trainingscamp 2019 &#8211; Mein R\u00e9\u00adsu\u00adm\u00e9","author":"Georg","date":"April 13, 2019","format":false,"excerpt":"\u00bbsch\u00f6n war\u2019s\u00ab Wer die Blog-Eintr\u00e4ge der vergangenen Tage verfolgt hat, braucht eigentlich nicht weiter zu lesen. Das R\u00e9\u00adsu\u00adm\u00e9 ist klar und f\u00e4llt durchweg positiv aus. Die meisten Dinge waren perfekt. An vorderster Front stand nat\u00fcrlich meine Gesundheit. F\u00fcr mich gab es viele Fragezeichen vor der Abfahrt: W\u00fcrde ich mit den\u2026","rel":"","context":"In &quot;Allgemein&quot;","block_context":{"text":"Allgemein","link":"https:\/\/blog.kunstgriff.net\/?cat=1"},"img":{"alt_text":"","src":"https:\/\/i0.wp.com\/blog.kunstgriff.net\/wp-content\/uploads\/2019\/04\/Fast-Windstill-und-blauer-Himmel.jpg?fit=1200%2C800&ssl=1&resize=350%2C200","width":350,"height":200,"srcset":"https:\/\/i0.wp.com\/blog.kunstgriff.net\/wp-content\/uploads\/2019\/04\/Fast-Windstill-und-blauer-Himmel.jpg?fit=1200%2C800&ssl=1&resize=350%2C200 1x, https:\/\/i0.wp.com\/blog.kunstgriff.net\/wp-content\/uploads\/2019\/04\/Fast-Windstill-und-blauer-Himmel.jpg?fit=1200%2C800&ssl=1&resize=525%2C300 1.5x, https:\/\/i0.wp.com\/blog.kunstgriff.net\/wp-content\/uploads\/2019\/04\/Fast-Windstill-und-blauer-Himmel.jpg?fit=1200%2C800&ssl=1&resize=700%2C400 2x, https:\/\/i0.wp.com\/blog.kunstgriff.net\/wp-content\/uploads\/2019\/04\/Fast-Windstill-und-blauer-Himmel.jpg?fit=1200%2C800&ssl=1&resize=1050%2C600 3x"},"classes":[]},{"id":12333,"url":"https:\/\/blog.kunstgriff.net\/?p=12333","url_meta":{"origin":12433,"position":5},"title":"Mallorca Trainingscamp 2015 &#8211; Tag 2 &#8211; Santa Maria &#8211; Kloster Lluc","author":"Georg","date":"M\u00e4rz 19, 2015","format":false,"excerpt":"oder \u00bbMal nen Berg\u00abNach der doch recht flachen gestrigen Einrollrunde, sollte heute ein echter Anstieg gefahren werden. Daf\u00fcr trafen wir uns um kurz nach 10 Uhr am Kreisverkehr am Schilf und begr\u00fcssten freudig die Compa\u00f1eros aus dem Club Pollentia, die schon vollz\u00e4hlig am Treffpunkt warteten. Auch Heiko und Felix waren\u2026","rel":"","context":"In &quot;Radfahren&quot;","block_context":{"text":"Radfahren","link":"https:\/\/blog.kunstgriff.net\/?cat=14"},"img":{"alt_text":"","src":"https:\/\/i0.wp.com\/blog.kunstgriff.net\/wp-content\/uploads\/2015\/03\/Oben-an-der-Tankstelle-nach-dem-Anstieg.jpg?fit=1200%2C900&ssl=1&resize=350%2C200","width":350,"height":200,"srcset":"https:\/\/i0.wp.com\/blog.kunstgriff.net\/wp-content\/uploads\/2015\/03\/Oben-an-der-Tankstelle-nach-dem-Anstieg.jpg?fit=1200%2C900&ssl=1&resize=350%2C200 1x, https:\/\/i0.wp.com\/blog.kunstgriff.net\/wp-content\/uploads\/2015\/03\/Oben-an-der-Tankstelle-nach-dem-Anstieg.jpg?fit=1200%2C900&ssl=1&resize=525%2C300 1.5x, https:\/\/i0.wp.com\/blog.kunstgriff.net\/wp-content\/uploads\/2015\/03\/Oben-an-der-Tankstelle-nach-dem-Anstieg.jpg?fit=1200%2C900&ssl=1&resize=700%2C400 2x, https:\/\/i0.wp.com\/blog.kunstgriff.net\/wp-content\/uploads\/2015\/03\/Oben-an-der-Tankstelle-nach-dem-Anstieg.jpg?fit=1200%2C900&ssl=1&resize=1050%2C600 3x"},"classes":[]}],"jetpack_likes_enabled":true,"jetpack_sharing_enabled":true,"jetpack_featured_media_url":"https:\/\/i0.wp.com\/blog.kunstgriff.net\/wp-content\/uploads\/2015\/03\/Grosser-Spass-auf-der-flotten-Abfahrt.jpg?fit=1500%2C1125&ssl=1","_links":{"self":[{"href":"https:\/\/blog.kunstgriff.net\/index.php?rest_route=\/wp\/v2\/posts\/12433","targetHints":{"allow":["GET"]}}],"collection":[{"href":"https:\/\/blog.kunstgriff.net\/index.php?rest_route=\/wp\/v2\/posts"}],"about":[{"href":"https:\/\/blog.kunstgriff.net\/index.php?rest_route=\/wp\/v2\/types\/post"}],"author":[{"embeddable":true,"href":"https:\/\/blog.kunstgriff.net\/index.php?rest_route=\/wp\/v2\/users\/2"}],"replies":[{"embeddable":true,"href":"https:\/\/blog.kunstgriff.net\/index.php?rest_route=%2Fwp%2Fv2%2Fcomments&post=12433"}],"version-history":[{"count":0,"href":"https:\/\/blog.kunstgriff.net\/index.php?rest_route=\/wp\/v2\/posts\/12433\/revisions"}],"wp:featuredmedia":[{"embeddable":true,"href":"https:\/\/blog.kunstgriff.net\/index.php?rest_route=\/wp\/v2\/media\/12432"}],"wp:attachment":[{"href":"https:\/\/blog.kunstgriff.net\/index.php?rest_route=%2Fwp%2Fv2%2Fmedia&parent=12433"}],"wp:term":[{"taxonomy":"category","embeddable":true,"href":"https:\/\/blog.kunstgriff.net\/index.php?rest_route=%2Fwp%2Fv2%2Fcategories&post=12433"},{"taxonomy":"post_tag","embeddable":true,"href":"https:\/\/blog.kunstgriff.net\/index.php?rest_route=%2Fwp%2Fv2%2Ftags&post=12433"}],"curies":[{"name":"wp","href":"https:\/\/api.w.org\/{rel}","templated":true}]}}