{"id":12465,"date":"2015-04-11T17:20:25","date_gmt":"2015-04-11T15:20:25","guid":{"rendered":"http:\/\/blog.kunstgriff.net\/?p=12465"},"modified":"2016-07-31T19:01:45","modified_gmt":"2016-07-31T17:01:45","slug":"beetzsee-runde-3","status":"publish","type":"post","link":"https:\/\/blog.kunstgriff.net\/?p=12465","title":{"rendered":"Beetzsee-Runde"},"content":{"rendered":"<span class=\"span-reading-time rt-reading-time\" style=\"display: block;\"><span class=\"rt-label rt-prefix\">Lesezeit: <\/span> <span class=\"rt-time\"> 2<\/span> <span class=\"rt-label rt-postfix\">Minuten<\/span><\/span><h4>oder \u00bbWieder mal nach Westen\u00ab<\/h4>\n<hr \/>\n<p>Vor einem Monat, am <a href=\"http:\/\/blog.kunstgriff.net\/?p=12295\" target=\"_blank\">8. M\u00e4rz waren wir auf gleicher Strecke<\/a> unterwegs. Allerdings mit gr\u00f6\u00dferer Mannschaft. Aber zu acht l\u00e4sst es sich auch hervorragend radeln und so machten wir uns auf den Weg nach Brandenburg an der Havel. Erstmal recht beschwerlich, denn der Wind blies uns von S\u00fcd-west immer hart ins Gesicht. Die Wechsel in der F\u00fchrung wurden flotter, aber als Brandenburg an der Havel erreicht war, atmeten alle einmal tief durch und zur\u00fcck ging es mit sehr sehr angenehmem Schiebewind nach P\u00e4wesin.<\/p>\n<p>Dort erwarteten uns schon die B\u00e4ckersfrauen mit Ihren roten Kleidern, um uns leckeren Kuchen, in gewohnt ruhiger und entspannter Atmosph\u00e4re zu servieren.<\/p>\n<p>Die Pause bei warmen 20\u00b0C war heute besonders angenehm. Nach zwei leckeren St\u00fcck Kuchen ging es flott weiter. Einigen Mitfahrern leider zu flott, was f\u00fcr mich verst\u00e4ndlich war. Konnte ich dieses Gef\u00fchl doch all zu gut nachvollziehen, denn ich hatte nach Kuchenpausen auch schon m\u00e4chtig gelitten und brauchte ewig um wieder in den Tritt zu kommen.<\/p>\n<p>Trotzdem erreichten wir gemeinsam das Rathaus Falkensee, wo sich die Wege trennten. Hoffentlich morgen dann wieder eine sch\u00f6ne Runde!<\/p>\n<p><iframe height='405' width='590' frameborder='0' allowtransparency='true' scrolling='no' src='https:\/\/www.strava.com\/activities\/283270421\/embed\/0158b4cd0c00fc282723ad941bcfd36e43465fb3'><\/iframe><\/p>\n<p><a href=\"https:\/\/i0.wp.com\/blog.kunstgriff.net\/wp-content\/uploads\/2015\/04\/Strampeln-gegen-den-Wind.jpg\"><img data-recalc-dims=\"1\" loading=\"lazy\" decoding=\"async\" data-attachment-id=\"12462\" data-permalink=\"https:\/\/blog.kunstgriff.net\/?attachment_id=12462\" data-orig-file=\"https:\/\/i0.wp.com\/blog.kunstgriff.net\/wp-content\/uploads\/2015\/04\/Strampeln-gegen-den-Wind.jpg?fit=1500%2C1125&amp;ssl=1\" data-orig-size=\"1500,1125\" data-comments-opened=\"1\" data-image-meta=\"{&quot;aperture&quot;:&quot;0&quot;,&quot;credit&quot;:&quot;&quot;,&quot;camera&quot;:&quot;&quot;,&quot;caption&quot;:&quot;&quot;,&quot;created_timestamp&quot;:&quot;&quot;,&quot;copyright&quot;:&quot;&quot;,&quot;focal_length&quot;:&quot;8.96875&quot;,&quot;iso&quot;:&quot;80&quot;,&quot;shutter_speed&quot;:&quot;3.4621782189767&quot;,&quot;title&quot;:&quot;IF&quot;,&quot;orientation&quot;:&quot;1&quot;}\" data-image-title=\"IF\" data-image-description=\"\" data-image-caption=\"\" data-large-file=\"https:\/\/i0.wp.com\/blog.kunstgriff.net\/wp-content\/uploads\/2015\/04\/Strampeln-gegen-den-Wind.jpg?fit=1024%2C768&amp;ssl=1\" class=\"aligncenter size-full wp-image-12462\" src=\"https:\/\/i0.wp.com\/blog.kunstgriff.net\/wp-content\/uploads\/2015\/04\/Strampeln-gegen-den-Wind.jpg?resize=525%2C394\" alt=\"IF\" width=\"525\" height=\"394\" srcset=\"https:\/\/i0.wp.com\/blog.kunstgriff.net\/wp-content\/uploads\/2015\/04\/Strampeln-gegen-den-Wind.jpg?w=1500&amp;ssl=1 1500w, https:\/\/i0.wp.com\/blog.kunstgriff.net\/wp-content\/uploads\/2015\/04\/Strampeln-gegen-den-Wind.jpg?resize=300%2C225&amp;ssl=1 300w, https:\/\/i0.wp.com\/blog.kunstgriff.net\/wp-content\/uploads\/2015\/04\/Strampeln-gegen-den-Wind.jpg?resize=1024%2C768&amp;ssl=1 1024w, https:\/\/i0.wp.com\/blog.kunstgriff.net\/wp-content\/uploads\/2015\/04\/Strampeln-gegen-den-Wind.jpg?resize=400%2C300&amp;ssl=1 400w, https:\/\/i0.wp.com\/blog.kunstgriff.net\/wp-content\/uploads\/2015\/04\/Strampeln-gegen-den-Wind.jpg?resize=900%2C675&amp;ssl=1 900w\" sizes=\"auto, (max-width: 767px) 89vw, (max-width: 1000px) 54vw, (max-width: 1071px) 543px, 580px\" \/><\/a><\/p>\n<p><a href=\"https:\/\/i0.wp.com\/blog.kunstgriff.net\/wp-content\/uploads\/2015\/04\/Gleich-gibts-Kuchen-in-P%C3%A4wesin.jpg\"><img data-recalc-dims=\"1\" loading=\"lazy\" decoding=\"async\" data-attachment-id=\"12463\" data-permalink=\"https:\/\/blog.kunstgriff.net\/?attachment_id=12463\" data-orig-file=\"https:\/\/i0.wp.com\/blog.kunstgriff.net\/wp-content\/uploads\/2015\/04\/Gleich-gibts-Kuchen-in-P%C3%A4wesin.jpg?fit=1500%2C1125&amp;ssl=1\" data-orig-size=\"1500,1125\" data-comments-opened=\"1\" data-image-meta=\"{&quot;aperture&quot;:&quot;0&quot;,&quot;credit&quot;:&quot;&quot;,&quot;camera&quot;:&quot;&quot;,&quot;caption&quot;:&quot;&quot;,&quot;created_timestamp&quot;:&quot;&quot;,&quot;copyright&quot;:&quot;&quot;,&quot;focal_length&quot;:&quot;8.96875&quot;,&quot;iso&quot;:&quot;80&quot;,&quot;shutter_speed&quot;:&quot;3.4621782189767&quot;,&quot;title&quot;:&quot;IF&quot;,&quot;orientation&quot;:&quot;1&quot;}\" data-image-title=\"IF\" data-image-description=\"\" data-image-caption=\"\" data-large-file=\"https:\/\/i0.wp.com\/blog.kunstgriff.net\/wp-content\/uploads\/2015\/04\/Gleich-gibts-Kuchen-in-P%C3%A4wesin.jpg?fit=1024%2C768&amp;ssl=1\" class=\"aligncenter size-full wp-image-12463\" src=\"https:\/\/i0.wp.com\/blog.kunstgriff.net\/wp-content\/uploads\/2015\/04\/Gleich-gibts-Kuchen-in-P%C3%A4wesin.jpg?resize=525%2C394\" alt=\"IF\" width=\"525\" height=\"394\" srcset=\"https:\/\/i0.wp.com\/blog.kunstgriff.net\/wp-content\/uploads\/2015\/04\/Gleich-gibts-Kuchen-in-P%C3%A4wesin.jpg?w=1500&amp;ssl=1 1500w, https:\/\/i0.wp.com\/blog.kunstgriff.net\/wp-content\/uploads\/2015\/04\/Gleich-gibts-Kuchen-in-P%C3%A4wesin.jpg?resize=300%2C225&amp;ssl=1 300w, https:\/\/i0.wp.com\/blog.kunstgriff.net\/wp-content\/uploads\/2015\/04\/Gleich-gibts-Kuchen-in-P%C3%A4wesin.jpg?resize=1024%2C768&amp;ssl=1 1024w, https:\/\/i0.wp.com\/blog.kunstgriff.net\/wp-content\/uploads\/2015\/04\/Gleich-gibts-Kuchen-in-P%C3%A4wesin.jpg?resize=400%2C300&amp;ssl=1 400w, https:\/\/i0.wp.com\/blog.kunstgriff.net\/wp-content\/uploads\/2015\/04\/Gleich-gibts-Kuchen-in-P%C3%A4wesin.jpg?resize=900%2C675&amp;ssl=1 900w\" sizes=\"auto, (max-width: 767px) 89vw, (max-width: 1000px) 54vw, (max-width: 1071px) 543px, 580px\" \/><\/a><\/p>\n<p><a href=\"https:\/\/i0.wp.com\/blog.kunstgriff.net\/wp-content\/uploads\/2015\/04\/Gest%C3%A4rkt-geht-es-weiter.jpg\"><img data-recalc-dims=\"1\" loading=\"lazy\" decoding=\"async\" data-attachment-id=\"12464\" data-permalink=\"https:\/\/blog.kunstgriff.net\/?attachment_id=12464\" data-orig-file=\"https:\/\/i0.wp.com\/blog.kunstgriff.net\/wp-content\/uploads\/2015\/04\/Gest%C3%A4rkt-geht-es-weiter.jpg?fit=1500%2C1125&amp;ssl=1\" data-orig-size=\"1500,1125\" data-comments-opened=\"1\" data-image-meta=\"{&quot;aperture&quot;:&quot;0&quot;,&quot;credit&quot;:&quot;&quot;,&quot;camera&quot;:&quot;&quot;,&quot;caption&quot;:&quot;&quot;,&quot;created_timestamp&quot;:&quot;&quot;,&quot;copyright&quot;:&quot;&quot;,&quot;focal_length&quot;:&quot;9.3125&quot;,&quot;iso&quot;:&quot;80&quot;,&quot;shutter_speed&quot;:&quot;3.4621782189767&quot;,&quot;title&quot;:&quot;IF&quot;,&quot;orientation&quot;:&quot;1&quot;}\" data-image-title=\"IF\" data-image-description=\"\" data-image-caption=\"\" data-large-file=\"https:\/\/i0.wp.com\/blog.kunstgriff.net\/wp-content\/uploads\/2015\/04\/Gest%C3%A4rkt-geht-es-weiter.jpg?fit=1024%2C768&amp;ssl=1\" class=\"aligncenter size-full wp-image-12464\" src=\"https:\/\/i0.wp.com\/blog.kunstgriff.net\/wp-content\/uploads\/2015\/04\/Gest%C3%A4rkt-geht-es-weiter.jpg?resize=525%2C394\" alt=\"IF\" width=\"525\" height=\"394\" srcset=\"https:\/\/i0.wp.com\/blog.kunstgriff.net\/wp-content\/uploads\/2015\/04\/Gest%C3%A4rkt-geht-es-weiter.jpg?w=1500&amp;ssl=1 1500w, https:\/\/i0.wp.com\/blog.kunstgriff.net\/wp-content\/uploads\/2015\/04\/Gest%C3%A4rkt-geht-es-weiter.jpg?resize=300%2C225&amp;ssl=1 300w, https:\/\/i0.wp.com\/blog.kunstgriff.net\/wp-content\/uploads\/2015\/04\/Gest%C3%A4rkt-geht-es-weiter.jpg?resize=1024%2C768&amp;ssl=1 1024w, https:\/\/i0.wp.com\/blog.kunstgriff.net\/wp-content\/uploads\/2015\/04\/Gest%C3%A4rkt-geht-es-weiter.jpg?resize=400%2C300&amp;ssl=1 400w, https:\/\/i0.wp.com\/blog.kunstgriff.net\/wp-content\/uploads\/2015\/04\/Gest%C3%A4rkt-geht-es-weiter.jpg?resize=900%2C675&amp;ssl=1 900w\" sizes=\"auto, (max-width: 767px) 89vw, (max-width: 1000px) 54vw, (max-width: 1071px) 543px, 580px\" \/><\/a><\/p>\n","protected":false},"excerpt":{"rendered":"<p>oder \u00bbWieder mal nach Westen\u00ab Vor einem Monat, am 8. M\u00e4rz waren wir auf gleicher Strecke unterwegs. Allerdings mit gr\u00f6\u00dferer Mannschaft. Aber zu acht l\u00e4sst es sich auch hervorragend radeln und so machten wir uns auf den Weg nach Brandenburg an der Havel. Erstmal recht beschwerlich, denn der Wind blies uns von S\u00fcd-west immer hart &hellip; <\/p>\n<p class=\"link-more\"><a href=\"https:\/\/blog.kunstgriff.net\/?p=12465\" class=\"more-link\"><span class=\"screen-reader-text\">\u201eBeetzsee-Runde\u201c <\/span>weiterlesen<\/a><\/p>\n","protected":false},"author":2,"featured_media":12468,"comment_status":"open","ping_status":"open","sticky":false,"template":"","format":"standard","meta":{"jetpack_post_was_ever_published":false,"_jetpack_newsletter_access":"","_jetpack_dont_email_post_to_subs":false,"_jetpack_newsletter_tier_id":0,"_jetpack_memberships_contains_paywalled_content":false,"_jetpack_memberships_contains_paid_content":false,"footnotes":""},"categories":[14,7],"tags":[],"class_list":["post-12465","post","type-post","status-publish","format-standard","has-post-thumbnail","hentry","category-radfahren","category-rennradfahren"],"jetpack_featured_media_url":"https:\/\/i0.wp.com\/blog.kunstgriff.net\/wp-content\/uploads\/2015\/04\/Titel.jpg?fit=1500%2C640&ssl=1","jetpack_shortlink":"https:\/\/wp.me\/p8Cxe7-3f3","jetpack-related-posts":[{"id":21154,"url":"https:\/\/blog.kunstgriff.net\/?p=21154","url_meta":{"origin":12465,"position":0},"title":"P\u00e4wesin-Runde #05","author":"Georg","date":"Mai 16, 2020","format":false,"excerpt":"Werder ohne Kirschbl\u00fcten In der Woche 10 nach\u00a0der Corona-Krise, sollten es in Ermangelung anderer interessanter Ziele, erneut nach P\u00e4wesin gehen. Um es nicht all zu dr\u00f6ge zu gestalten und Alex mal was neues zu zeigen, w\u00e4hlten Stefan und ich heute den Weg \u00fcber Potsdam, Werder und die F\u00e4hre nach Ketzin\u2026","rel":"","context":"In &quot;Cake-Ride&quot;","block_context":{"text":"Cake-Ride","link":"https:\/\/blog.kunstgriff.net\/?cat=34"},"img":{"alt_text":"Blowin in the wind","src":"https:\/\/i0.wp.com\/blog.kunstgriff.net\/wp-content\/uploads\/2020\/05\/Blowin-in-the-wind.jpg?fit=1200%2C800&ssl=1&resize=350%2C200","width":350,"height":200,"srcset":"https:\/\/i0.wp.com\/blog.kunstgriff.net\/wp-content\/uploads\/2020\/05\/Blowin-in-the-wind.jpg?fit=1200%2C800&ssl=1&resize=350%2C200 1x, https:\/\/i0.wp.com\/blog.kunstgriff.net\/wp-content\/uploads\/2020\/05\/Blowin-in-the-wind.jpg?fit=1200%2C800&ssl=1&resize=525%2C300 1.5x, https:\/\/i0.wp.com\/blog.kunstgriff.net\/wp-content\/uploads\/2020\/05\/Blowin-in-the-wind.jpg?fit=1200%2C800&ssl=1&resize=700%2C400 2x, https:\/\/i0.wp.com\/blog.kunstgriff.net\/wp-content\/uploads\/2020\/05\/Blowin-in-the-wind.jpg?fit=1200%2C800&ssl=1&resize=1050%2C600 3x"},"classes":[]},{"id":23009,"url":"https:\/\/blog.kunstgriff.net\/?p=23009","url_meta":{"origin":12465,"position":1},"title":"Trebbiner-Kuchen-Hunni #2\/2022","author":"Georg","date":"Juni 5, 2022","format":false,"excerpt":"zu dritt zum Conrad Gerne w\u00e4ren wir mit ein paar mehr starken Radlern gefahren, die sind allerdings an Pfingsten auf Korsika, in Bimbach beim Rh\u00f6n Marathon oder anderweitig verhindert. Die Entt\u00e4uschung bei den Jungs war gro\u00df, als ich mitteilen musste, da\u00df unsere weitere Mitfahrerin von gestern verhindert war. Wir waren\u2026","rel":"","context":"In &quot;Cake-Ride&quot;","block_context":{"text":"Cake-Ride","link":"https:\/\/blog.kunstgriff.net\/?cat=34"},"img":{"alt_text":"endlose Landstrassen in Brandenburg","src":"https:\/\/i0.wp.com\/blog.kunstgriff.net\/wp-content\/uploads\/2022\/06\/endlose-Landstrassen-in-Brandenburg.jpg?fit=1200%2C800&ssl=1&resize=350%2C200","width":350,"height":200,"srcset":"https:\/\/i0.wp.com\/blog.kunstgriff.net\/wp-content\/uploads\/2022\/06\/endlose-Landstrassen-in-Brandenburg.jpg?fit=1200%2C800&ssl=1&resize=350%2C200 1x, https:\/\/i0.wp.com\/blog.kunstgriff.net\/wp-content\/uploads\/2022\/06\/endlose-Landstrassen-in-Brandenburg.jpg?fit=1200%2C800&ssl=1&resize=525%2C300 1.5x, https:\/\/i0.wp.com\/blog.kunstgriff.net\/wp-content\/uploads\/2022\/06\/endlose-Landstrassen-in-Brandenburg.jpg?fit=1200%2C800&ssl=1&resize=700%2C400 2x, https:\/\/i0.wp.com\/blog.kunstgriff.net\/wp-content\/uploads\/2022\/06\/endlose-Landstrassen-in-Brandenburg.jpg?fit=1200%2C800&ssl=1&resize=1050%2C600 3x"},"classes":[]},{"id":19907,"url":"https:\/\/blog.kunstgriff.net\/?p=19907","url_meta":{"origin":12465,"position":2},"title":"Zum \u00bbKuchen-Hunni\u00ab nach Blankensee","author":"Georg","date":"August 11, 2019","format":false,"excerpt":"Mit wenig M\u00fche strampeln Das letzte mal war ich mit Herbert auf dieser relativ einfachen S\u00fcdrunde an Himmelfahrt unterwegs. Nach der doch recht anstrengenden, gestrigen Ostseetour wollten wir heute etwas leichter pedallieren. Also trafen wir uns um 10:30 Uhr am Tunnel. Alex und Volker waren schon da, Thilo folgte wenig\u2026","rel":"","context":"In &quot;Cake-Ride&quot;","block_context":{"text":"Cake-Ride","link":"https:\/\/blog.kunstgriff.net\/?cat=34"},"img":{"alt_text":"Willkommen in Blankensee","src":"https:\/\/i0.wp.com\/blog.kunstgriff.net\/wp-content\/uploads\/2019\/08\/Willkommen-in-Blankensee.jpg?fit=1200%2C800&ssl=1&resize=350%2C200","width":350,"height":200,"srcset":"https:\/\/i0.wp.com\/blog.kunstgriff.net\/wp-content\/uploads\/2019\/08\/Willkommen-in-Blankensee.jpg?fit=1200%2C800&ssl=1&resize=350%2C200 1x, https:\/\/i0.wp.com\/blog.kunstgriff.net\/wp-content\/uploads\/2019\/08\/Willkommen-in-Blankensee.jpg?fit=1200%2C800&ssl=1&resize=525%2C300 1.5x, https:\/\/i0.wp.com\/blog.kunstgriff.net\/wp-content\/uploads\/2019\/08\/Willkommen-in-Blankensee.jpg?fit=1200%2C800&ssl=1&resize=700%2C400 2x, https:\/\/i0.wp.com\/blog.kunstgriff.net\/wp-content\/uploads\/2019\/08\/Willkommen-in-Blankensee.jpg?fit=1200%2C800&ssl=1&resize=1050%2C600 3x"},"classes":[]},{"id":1214,"url":"https:\/\/blog.kunstgriff.net\/?p=1214","url_meta":{"origin":12465,"position":3},"title":"Mit den Havellandriders nach Fehrbellin","author":"Georg","date":"April 18, 2010","format":false,"excerpt":"Nach dem gestrigen kr\u00e4ftezehrenden Spreewald-Radmarathon wollte ich den sonnigen und warmen Tag nutzen um ein wenig entspannter zu Radeln und was lag da n\u00e4her als mit den Havellandridern zum Kaffee trinken und Kuchen essen nach Fehrbellin aufzubrechen!? Geplant - getan uns so fuhr ich die 10 km zum Rathaus Falkensee\u2026","rel":"","context":"In &quot;Rennradfahren&quot;","block_context":{"text":"Rennradfahren","link":"https:\/\/blog.kunstgriff.net\/?cat=7"},"img":{"alt_text":"","src":"https:\/\/i0.wp.com\/blog.kunstgriff.net\/wp-content\/uploads\/2010\/04\/IMG_3184.jpg?fit=1024%2C768&ssl=1&resize=350%2C200","width":350,"height":200,"srcset":"https:\/\/i0.wp.com\/blog.kunstgriff.net\/wp-content\/uploads\/2010\/04\/IMG_3184.jpg?fit=1024%2C768&ssl=1&resize=350%2C200 1x, https:\/\/i0.wp.com\/blog.kunstgriff.net\/wp-content\/uploads\/2010\/04\/IMG_3184.jpg?fit=1024%2C768&ssl=1&resize=525%2C300 1.5x, https:\/\/i0.wp.com\/blog.kunstgriff.net\/wp-content\/uploads\/2010\/04\/IMG_3184.jpg?fit=1024%2C768&ssl=1&resize=700%2C400 2x"},"classes":[]},{"id":21031,"url":"https:\/\/blog.kunstgriff.net\/?p=21031","url_meta":{"origin":12465,"position":4},"title":"P\u00e4wesin-Runde #03 &#8211; extended","author":"Georg","date":"April 19, 2020","format":false,"excerpt":"Backwahn-Double Da uns der gestrige Ritt ins Havelland, zu unserem allerliebsten Havellandb\u00e4cker, solch einen Spa\u00df gemacht hat, war heute das selbe Ziel auf dem Plan. Mit modifizierter, sprich verl\u00e4ngerter, Strecke und einem getauschten Mitfahrer. Der Alexander hatte besseres vor (geht das?) und so sprang der Marc kurzerhand ein. Wieder Dreier-Bande,\u2026","rel":"","context":"In &quot;Cake-Ride&quot;","block_context":{"text":"Cake-Ride","link":"https:\/\/blog.kunstgriff.net\/?cat=34"},"img":{"alt_text":"gleich gibts Kuchen","src":"https:\/\/i0.wp.com\/blog.kunstgriff.net\/wp-content\/uploads\/2020\/04\/gleich-gibts-Kuchen.jpg?fit=1200%2C800&ssl=1&resize=350%2C200","width":350,"height":200,"srcset":"https:\/\/i0.wp.com\/blog.kunstgriff.net\/wp-content\/uploads\/2020\/04\/gleich-gibts-Kuchen.jpg?fit=1200%2C800&ssl=1&resize=350%2C200 1x, https:\/\/i0.wp.com\/blog.kunstgriff.net\/wp-content\/uploads\/2020\/04\/gleich-gibts-Kuchen.jpg?fit=1200%2C800&ssl=1&resize=525%2C300 1.5x, https:\/\/i0.wp.com\/blog.kunstgriff.net\/wp-content\/uploads\/2020\/04\/gleich-gibts-Kuchen.jpg?fit=1200%2C800&ssl=1&resize=700%2C400 2x, https:\/\/i0.wp.com\/blog.kunstgriff.net\/wp-content\/uploads\/2020\/04\/gleich-gibts-Kuchen.jpg?fit=1200%2C800&ssl=1&resize=1050%2C600 3x"},"classes":[]},{"id":9056,"url":"https:\/\/blog.kunstgriff.net\/?p=9056","url_meta":{"origin":12465,"position":5},"title":"Schwielowsee-Kloster-Lehnin-Runde","author":"Georg","date":"September 2, 2012","format":false,"excerpt":"oder \u00bbLockere Ausfahrt mit den Havellandriders\u00ab Nachdem gestern ein wenig h\u00e4rter trainiert wurde, kam mir der Tourenaufruf von Frankie heute gerade recht. Es sollte die gleiche Runde wie am Pfingstmontag werden, nur ohne das Gebolze. Um mir die Anreise zum Rathaus Falkensee zu sparen meldete ich mich zum bekannten Treffpunkt\u2026","rel":"","context":"In &quot;Radfahren&quot;","block_context":{"text":"Radfahren","link":"https:\/\/blog.kunstgriff.net\/?cat=14"},"img":{"alt_text":"","src":"https:\/\/i0.wp.com\/blog.kunstgriff.net\/wp-content\/uploads\/2012\/09\/R1-Radweg-Richtung-Beelitz.jpg?fit=1000%2C750&ssl=1&resize=350%2C200","width":350,"height":200,"srcset":"https:\/\/i0.wp.com\/blog.kunstgriff.net\/wp-content\/uploads\/2012\/09\/R1-Radweg-Richtung-Beelitz.jpg?fit=1000%2C750&ssl=1&resize=350%2C200 1x, https:\/\/i0.wp.com\/blog.kunstgriff.net\/wp-content\/uploads\/2012\/09\/R1-Radweg-Richtung-Beelitz.jpg?fit=1000%2C750&ssl=1&resize=525%2C300 1.5x, https:\/\/i0.wp.com\/blog.kunstgriff.net\/wp-content\/uploads\/2012\/09\/R1-Radweg-Richtung-Beelitz.jpg?fit=1000%2C750&ssl=1&resize=700%2C400 2x"},"classes":[]}],"jetpack_likes_enabled":true,"jetpack_sharing_enabled":true,"_links":{"self":[{"href":"https:\/\/blog.kunstgriff.net\/index.php?rest_route=\/wp\/v2\/posts\/12465","targetHints":{"allow":["GET"]}}],"collection":[{"href":"https:\/\/blog.kunstgriff.net\/index.php?rest_route=\/wp\/v2\/posts"}],"about":[{"href":"https:\/\/blog.kunstgriff.net\/index.php?rest_route=\/wp\/v2\/types\/post"}],"author":[{"embeddable":true,"href":"https:\/\/blog.kunstgriff.net\/index.php?rest_route=\/wp\/v2\/users\/2"}],"replies":[{"embeddable":true,"href":"https:\/\/blog.kunstgriff.net\/index.php?rest_route=%2Fwp%2Fv2%2Fcomments&post=12465"}],"version-history":[{"count":0,"href":"https:\/\/blog.kunstgriff.net\/index.php?rest_route=\/wp\/v2\/posts\/12465\/revisions"}],"wp:featuredmedia":[{"embeddable":true,"href":"https:\/\/blog.kunstgriff.net\/index.php?rest_route=\/wp\/v2\/media\/12468"}],"wp:attachment":[{"href":"https:\/\/blog.kunstgriff.net\/index.php?rest_route=%2Fwp%2Fv2%2Fmedia&parent=12465"}],"wp:term":[{"taxonomy":"category","embeddable":true,"href":"https:\/\/blog.kunstgriff.net\/index.php?rest_route=%2Fwp%2Fv2%2Fcategories&post=12465"},{"taxonomy":"post_tag","embeddable":true,"href":"https:\/\/blog.kunstgriff.net\/index.php?rest_route=%2Fwp%2Fv2%2Ftags&post=12465"}],"curies":[{"name":"wp","href":"https:\/\/api.w.org\/{rel}","templated":true}]}}