{"id":12514,"date":"2015-05-02T14:54:38","date_gmt":"2015-05-02T12:54:38","guid":{"rendered":"http:\/\/blog.kunstgriff.net\/?p=12514"},"modified":"2016-07-31T18:55:40","modified_gmt":"2016-07-31T16:55:40","slug":"paewesin-runde-2","status":"publish","type":"post","link":"https:\/\/blog.kunstgriff.net\/?p=12514","title":{"rendered":"P\u00e4wesin-Runde"},"content":{"rendered":"<span class=\"span-reading-time rt-reading-time\" style=\"display: block;\"><span class=\"rt-label rt-prefix\">Lesezeit: <\/span> <span class=\"rt-time\"> &lt; 1<\/span> <span class=\"rt-label rt-postfix\">Minute<\/span><\/span><h4>oder \u00bbAlleine unterwegs zum Backwahn\u00ab<\/h4>\n<hr \/>\n<p>Sch\u00f6ne Gruppenausfahrten waren heute keine im Angebot und so entschloss ich mich, mal wieder alleine zu fahren.<\/p>\n<p>Ein Ziel war schnell gefunden: Der Backwahn Backshop in P\u00e4wesin, der noch <em>ver<a href=\"http:\/\/www.yelp.de\" target=\"_blank\">Yelp<\/a>ed<\/em> werden wollte. Auch wollte ich die 2015er CityNavigator Karte in meinem Rad-Navi testen. Wenn das keine Gr\u00fcnde genug waren, dann kam auch noch Sonnenschein hinzu, der mich nach drau\u00dfen trieb.<\/p>\n<p>Bevor es allerdings auf den n\u00fcchternen Magen Kuchen gab, musste erst einmal rund 60 km gegen den Wind gefahren werden. Kein all zu schweres Unterfangen, war der Wind doch eher ein <em>Windchen<\/em> und 60 km sind jetzt auch nicht soo die Distanz zum Kuchen-Stop.<\/p>\n<p>Im Backwahn war, wie immer, reger Publikumsverkehr und ich musste wieder eine gef\u00fchlte Ewigkeit auf meinen Kuchen warten. Egal, denn der Kuchen war wieder einmal hervorragend.<\/p>\n<p>Auf dem R\u00fcckweg gesellte sich in vielen Sektoren angenehmer R\u00fcckenwind zu mir, so dass die Heimfahrt \u00fcber Falkensee recht locker von statten ging.<\/p>\n<p>Sch\u00f6ne Geburtstags-Ausfahrt bei gutem Wetter!<\/p>\n<p><iframe height='405' width='590' frameborder='0' allowtransparency='true' scrolling='no' src='https:\/\/www.strava.com\/activities\/296562388\/embed\/be21a5bc61878a6b0cf29d3839970ef292d136af'><\/iframe><\/p>\n<p><a href=\"https:\/\/i0.wp.com\/blog.kunstgriff.net\/wp-content\/uploads\/2015\/05\/Von-Sacrow-nach-Fahrland.jpg\"><img data-recalc-dims=\"1\" loading=\"lazy\" decoding=\"async\" data-attachment-id=\"12512\" data-permalink=\"https:\/\/blog.kunstgriff.net\/?attachment_id=12512\" data-orig-file=\"https:\/\/i0.wp.com\/blog.kunstgriff.net\/wp-content\/uploads\/2015\/05\/Von-Sacrow-nach-Fahrland.jpg?fit=1500%2C1125&amp;ssl=1\" data-orig-size=\"1500,1125\" data-comments-opened=\"1\" data-image-meta=\"{&quot;aperture&quot;:&quot;2.8&quot;,&quot;credit&quot;:&quot;&quot;,&quot;camera&quot;:&quot;Canon DIGITAL IXUS 870 IS&quot;,&quot;caption&quot;:&quot;&quot;,&quot;created_timestamp&quot;:&quot;1430559547&quot;,&quot;copyright&quot;:&quot;&quot;,&quot;focal_length&quot;:&quot;5&quot;,&quot;iso&quot;:&quot;250&quot;,&quot;shutter_speed&quot;:&quot;0.002&quot;,&quot;title&quot;:&quot;&quot;,&quot;orientation&quot;:&quot;1&quot;}\" data-image-title=\"Von Sacrow nach Fahrland\" data-image-description=\"\" data-image-caption=\"\" data-large-file=\"https:\/\/i0.wp.com\/blog.kunstgriff.net\/wp-content\/uploads\/2015\/05\/Von-Sacrow-nach-Fahrland.jpg?fit=1024%2C768&amp;ssl=1\" class=\"aligncenter size-full wp-image-12512\" src=\"https:\/\/i0.wp.com\/blog.kunstgriff.net\/wp-content\/uploads\/2015\/05\/Von-Sacrow-nach-Fahrland.jpg?resize=525%2C394\" alt=\"Von Sacrow nach Fahrland\" width=\"525\" height=\"394\" srcset=\"https:\/\/i0.wp.com\/blog.kunstgriff.net\/wp-content\/uploads\/2015\/05\/Von-Sacrow-nach-Fahrland.jpg?w=1500&amp;ssl=1 1500w, https:\/\/i0.wp.com\/blog.kunstgriff.net\/wp-content\/uploads\/2015\/05\/Von-Sacrow-nach-Fahrland.jpg?resize=300%2C225&amp;ssl=1 300w, https:\/\/i0.wp.com\/blog.kunstgriff.net\/wp-content\/uploads\/2015\/05\/Von-Sacrow-nach-Fahrland.jpg?resize=1024%2C768&amp;ssl=1 1024w, https:\/\/i0.wp.com\/blog.kunstgriff.net\/wp-content\/uploads\/2015\/05\/Von-Sacrow-nach-Fahrland.jpg?resize=400%2C300&amp;ssl=1 400w, https:\/\/i0.wp.com\/blog.kunstgriff.net\/wp-content\/uploads\/2015\/05\/Von-Sacrow-nach-Fahrland.jpg?resize=900%2C675&amp;ssl=1 900w\" sizes=\"auto, (max-width: 767px) 89vw, (max-width: 1000px) 54vw, (max-width: 1071px) 543px, 580px\" \/><\/a><\/p>\n<p>&nbsp;<\/p>\n<p><a href=\"https:\/\/i0.wp.com\/blog.kunstgriff.net\/wp-content\/uploads\/2015\/05\/verdienter-Kuchen.jpg\"><img data-recalc-dims=\"1\" loading=\"lazy\" decoding=\"async\" data-attachment-id=\"12513\" data-permalink=\"https:\/\/blog.kunstgriff.net\/?attachment_id=12513\" data-orig-file=\"https:\/\/i0.wp.com\/blog.kunstgriff.net\/wp-content\/uploads\/2015\/05\/verdienter-Kuchen.jpg?fit=1500%2C1125&amp;ssl=1\" data-orig-size=\"1500,1125\" data-comments-opened=\"1\" data-image-meta=\"{&quot;aperture&quot;:&quot;2.8&quot;,&quot;credit&quot;:&quot;&quot;,&quot;camera&quot;:&quot;Canon DIGITAL IXUS 870 IS&quot;,&quot;caption&quot;:&quot;&quot;,&quot;created_timestamp&quot;:&quot;1430565202&quot;,&quot;copyright&quot;:&quot;&quot;,&quot;focal_length&quot;:&quot;5&quot;,&quot;iso&quot;:&quot;125&quot;,&quot;shutter_speed&quot;:&quot;0.0025&quot;,&quot;title&quot;:&quot;&quot;,&quot;orientation&quot;:&quot;1&quot;}\" data-image-title=\"verdienter Kuchen\" data-image-description=\"\" data-image-caption=\"\" data-large-file=\"https:\/\/i0.wp.com\/blog.kunstgriff.net\/wp-content\/uploads\/2015\/05\/verdienter-Kuchen.jpg?fit=1024%2C768&amp;ssl=1\" class=\"aligncenter size-full wp-image-12513\" src=\"https:\/\/i0.wp.com\/blog.kunstgriff.net\/wp-content\/uploads\/2015\/05\/verdienter-Kuchen.jpg?resize=525%2C394\" alt=\"verdienter Kuchen\" width=\"525\" height=\"394\" srcset=\"https:\/\/i0.wp.com\/blog.kunstgriff.net\/wp-content\/uploads\/2015\/05\/verdienter-Kuchen.jpg?w=1500&amp;ssl=1 1500w, https:\/\/i0.wp.com\/blog.kunstgriff.net\/wp-content\/uploads\/2015\/05\/verdienter-Kuchen.jpg?resize=300%2C225&amp;ssl=1 300w, https:\/\/i0.wp.com\/blog.kunstgriff.net\/wp-content\/uploads\/2015\/05\/verdienter-Kuchen.jpg?resize=1024%2C768&amp;ssl=1 1024w, https:\/\/i0.wp.com\/blog.kunstgriff.net\/wp-content\/uploads\/2015\/05\/verdienter-Kuchen.jpg?resize=400%2C300&amp;ssl=1 400w, https:\/\/i0.wp.com\/blog.kunstgriff.net\/wp-content\/uploads\/2015\/05\/verdienter-Kuchen.jpg?resize=900%2C675&amp;ssl=1 900w\" sizes=\"auto, (max-width: 767px) 89vw, (max-width: 1000px) 54vw, (max-width: 1071px) 543px, 580px\" \/><\/a><\/p>\n","protected":false},"excerpt":{"rendered":"<p>oder \u00bbAlleine unterwegs zum Backwahn\u00ab Sch\u00f6ne Gruppenausfahrten waren heute keine im Angebot und so entschloss ich mich, mal wieder alleine zu fahren. Ein Ziel war schnell gefunden: Der Backwahn Backshop in P\u00e4wesin, der noch verYelped werden wollte. Auch wollte ich die 2015er CityNavigator Karte in meinem Rad-Navi testen. Wenn das keine Gr\u00fcnde genug waren, dann &hellip; <\/p>\n<p class=\"link-more\"><a href=\"https:\/\/blog.kunstgriff.net\/?p=12514\" class=\"more-link\"><span class=\"screen-reader-text\">\u201eP\u00e4wesin-Runde\u201c <\/span>weiterlesen<\/a><\/p>\n","protected":false},"author":2,"featured_media":12512,"comment_status":"open","ping_status":"open","sticky":false,"template":"","format":"standard","meta":{"jetpack_post_was_ever_published":false,"_jetpack_newsletter_access":"","_jetpack_dont_email_post_to_subs":false,"_jetpack_newsletter_tier_id":0,"_jetpack_memberships_contains_paywalled_content":false,"_jetpack_memberships_contains_paid_content":false,"footnotes":""},"categories":[14,7],"tags":[],"class_list":["post-12514","post","type-post","status-publish","format-standard","has-post-thumbnail","hentry","category-radfahren","category-rennradfahren"],"jetpack_featured_media_url":"https:\/\/i0.wp.com\/blog.kunstgriff.net\/wp-content\/uploads\/2015\/05\/Von-Sacrow-nach-Fahrland.jpg?fit=1500%2C1125&ssl=1","jetpack_shortlink":"https:\/\/wp.me\/p8Cxe7-3fQ","jetpack-related-posts":[{"id":12037,"url":"https:\/\/blog.kunstgriff.net\/?p=12037","url_meta":{"origin":12514,"position":0},"title":"P\u00e4wesin-Runde","author":"Georg","date":"August 2, 2014","format":false,"excerpt":"oder \u00bbZum Backwahn ins Havelland\u00ab Nach gef\u00fchlten Jahren an Rennrad-Abstinenz war es heute endlich wieder so weit und ich konnte auf die Jungfernfahrt mit meinem neu aufgebauten Rad gehen. Zu erst einmal wollte ich alleine Fahren, nicht nur wegen des neuen Renners, auch wegen des desolaten Fitness-Standes, wollte ich mich\u2026","rel":"","context":"In &quot;Radfahren&quot;","block_context":{"text":"Radfahren","link":"https:\/\/blog.kunstgriff.net\/?cat=14"},"img":{"alt_text":"","src":"https:\/\/i0.wp.com\/blog.kunstgriff.net\/wp-content\/uploads\/2014\/08\/Das-Korn-ist-geerntet.jpg?fit=1200%2C900&ssl=1&resize=350%2C200","width":350,"height":200,"srcset":"https:\/\/i0.wp.com\/blog.kunstgriff.net\/wp-content\/uploads\/2014\/08\/Das-Korn-ist-geerntet.jpg?fit=1200%2C900&ssl=1&resize=350%2C200 1x, https:\/\/i0.wp.com\/blog.kunstgriff.net\/wp-content\/uploads\/2014\/08\/Das-Korn-ist-geerntet.jpg?fit=1200%2C900&ssl=1&resize=525%2C300 1.5x, https:\/\/i0.wp.com\/blog.kunstgriff.net\/wp-content\/uploads\/2014\/08\/Das-Korn-ist-geerntet.jpg?fit=1200%2C900&ssl=1&resize=700%2C400 2x, https:\/\/i0.wp.com\/blog.kunstgriff.net\/wp-content\/uploads\/2014\/08\/Das-Korn-ist-geerntet.jpg?fit=1200%2C900&ssl=1&resize=1050%2C600 3x"},"classes":[]},{"id":19785,"url":"https:\/\/blog.kunstgriff.net\/?p=19785","url_meta":{"origin":12514,"position":1},"title":"P\u00e4wesin-Runde #05","author":"Georg","date":"Juli 14, 2019","format":false,"excerpt":"alleine zur Kuchen-Theke In Ermangelung von Touren-Angeboten, die sicher den vielen Wolken am Himmel geschuldet waren, machte ich mich heute wieder mal alleine auf den Weg. Ein wenig Sport und Kuchen stand auf dem Plan. Anfangs lief es richtig gut und meine NP war in einem sehr guten Bereich. Irgendwann\u2026","rel":"","context":"In &quot;Cake-Ride&quot;","block_context":{"text":"Cake-Ride","link":"https:\/\/blog.kunstgriff.net\/?cat=34"},"img":{"alt_text":"im Wald hinter Sacrow","src":"https:\/\/i0.wp.com\/blog.kunstgriff.net\/wp-content\/uploads\/2019\/07\/im-Wald-hinter-Sacrow.jpg?fit=1200%2C800&ssl=1&resize=350%2C200","width":350,"height":200,"srcset":"https:\/\/i0.wp.com\/blog.kunstgriff.net\/wp-content\/uploads\/2019\/07\/im-Wald-hinter-Sacrow.jpg?fit=1200%2C800&ssl=1&resize=350%2C200 1x, https:\/\/i0.wp.com\/blog.kunstgriff.net\/wp-content\/uploads\/2019\/07\/im-Wald-hinter-Sacrow.jpg?fit=1200%2C800&ssl=1&resize=525%2C300 1.5x, https:\/\/i0.wp.com\/blog.kunstgriff.net\/wp-content\/uploads\/2019\/07\/im-Wald-hinter-Sacrow.jpg?fit=1200%2C800&ssl=1&resize=700%2C400 2x, https:\/\/i0.wp.com\/blog.kunstgriff.net\/wp-content\/uploads\/2019\/07\/im-Wald-hinter-Sacrow.jpg?fit=1200%2C800&ssl=1&resize=1050%2C600 3x"},"classes":[]},{"id":13663,"url":"https:\/\/blog.kunstgriff.net\/?p=13663","url_meta":{"origin":12514,"position":2},"title":"P\u00e4wesin-Runde","author":"Georg","date":"Juni 26, 2016","format":false,"excerpt":"oder \u00bbAlleine zum Backwahn\u00ab Es gab zwar ein Touren-Angebot im Internet, aber alleine Trainieren hat auch seinen Reiz. Ich kann mir selber das die Strecke und das Tempo einteilen. Und das l\u00e4stige \u00bbKassette-Glotzen\u00ab entf\u00e4llt komplett. Das Ziel war schnell gefunden, denn wie der geneigte Leser bereits weiss, mag ich \u00bbCake-Rides\u00ab\u2026","rel":"","context":"In &quot;Cake-Ride&quot;","block_context":{"text":"Cake-Ride","link":"https:\/\/blog.kunstgriff.net\/?cat=34"},"img":{"alt_text":"","src":"https:\/\/i0.wp.com\/blog.kunstgriff.net\/wp-content\/uploads\/2016\/06\/Ketzin.jpg?fit=1200%2C800&ssl=1&resize=350%2C200","width":350,"height":200,"srcset":"https:\/\/i0.wp.com\/blog.kunstgriff.net\/wp-content\/uploads\/2016\/06\/Ketzin.jpg?fit=1200%2C800&ssl=1&resize=350%2C200 1x, https:\/\/i0.wp.com\/blog.kunstgriff.net\/wp-content\/uploads\/2016\/06\/Ketzin.jpg?fit=1200%2C800&ssl=1&resize=525%2C300 1.5x, https:\/\/i0.wp.com\/blog.kunstgriff.net\/wp-content\/uploads\/2016\/06\/Ketzin.jpg?fit=1200%2C800&ssl=1&resize=700%2C400 2x, https:\/\/i0.wp.com\/blog.kunstgriff.net\/wp-content\/uploads\/2016\/06\/Ketzin.jpg?fit=1200%2C800&ssl=1&resize=1050%2C600 3x"},"classes":[]},{"id":12165,"url":"https:\/\/blog.kunstgriff.net\/?p=12165","url_meta":{"origin":12514,"position":3},"title":"Zum Backwahn nach P\u00e4wesin","author":"Georg","date":"Oktober 5, 2014","format":false,"excerpt":"oder \u00bbEin Hoch auf Hoch Lutz\u00abSchon wieder war herrliches Wetter, dank des Hochdruckgebietes \"Lutz\", vorher gesagt.\u00a0So war klar, dass heute noch einmal der Renner bewegt werden sollte musste. Als Karsten A. eine Tour zum Backwahn nach P\u00e4wesin anbot, gab es kein langes \u00dcberlegen, welches Alternativprogramm best\u00fcnde, denn dieses Ziel ist\u2026","rel":"","context":"In &quot;Radfahren&quot;","block_context":{"text":"Radfahren","link":"https:\/\/blog.kunstgriff.net\/?cat=14"},"img":{"alt_text":"","src":"https:\/\/i0.wp.com\/blog.kunstgriff.net\/wp-content\/uploads\/2014\/10\/Kurzer-Boxenstop-vor-Tremmen.jpg?fit=1200%2C900&ssl=1&resize=350%2C200","width":350,"height":200,"srcset":"https:\/\/i0.wp.com\/blog.kunstgriff.net\/wp-content\/uploads\/2014\/10\/Kurzer-Boxenstop-vor-Tremmen.jpg?fit=1200%2C900&ssl=1&resize=350%2C200 1x, https:\/\/i0.wp.com\/blog.kunstgriff.net\/wp-content\/uploads\/2014\/10\/Kurzer-Boxenstop-vor-Tremmen.jpg?fit=1200%2C900&ssl=1&resize=525%2C300 1.5x, https:\/\/i0.wp.com\/blog.kunstgriff.net\/wp-content\/uploads\/2014\/10\/Kurzer-Boxenstop-vor-Tremmen.jpg?fit=1200%2C900&ssl=1&resize=700%2C400 2x, https:\/\/i0.wp.com\/blog.kunstgriff.net\/wp-content\/uploads\/2014\/10\/Kurzer-Boxenstop-vor-Tremmen.jpg?fit=1200%2C900&ssl=1&resize=1050%2C600 3x"},"classes":[]},{"id":21227,"url":"https:\/\/blog.kunstgriff.net\/?p=21227","url_meta":{"origin":12514,"position":4},"title":"Doppel-Kuchenstop am Pfingstmontag im Havelland","author":"Georg","date":"Juni 1, 2020","format":false,"excerpt":"Das Experiment: Zwei Kuchenstops Nachdem es ja bekanntlich gestern gar keinen Kuchen gab, musste das heute unbedingt nachgeholt werden. Und dann gleich mal im Doppel-Pack. Hatte ich noch nicht unternommen in meiner mehr als zehn Jahre alten Rennrad-Ausfahrten-Historie; also Zeit f\u00fcr was Neues. Und mit wem lie\u00dfe sich das besser\u2026","rel":"","context":"In &quot;Cake-Ride&quot;","block_context":{"text":"Cake-Ride","link":"https:\/\/blog.kunstgriff.net\/?cat=34"},"img":{"alt_text":"Fehrbellin - wir kommen","src":"https:\/\/i0.wp.com\/blog.kunstgriff.net\/wp-content\/uploads\/2020\/06\/Fehrbellin-wir-kommen.jpg?fit=1200%2C800&ssl=1&resize=350%2C200","width":350,"height":200,"srcset":"https:\/\/i0.wp.com\/blog.kunstgriff.net\/wp-content\/uploads\/2020\/06\/Fehrbellin-wir-kommen.jpg?fit=1200%2C800&ssl=1&resize=350%2C200 1x, https:\/\/i0.wp.com\/blog.kunstgriff.net\/wp-content\/uploads\/2020\/06\/Fehrbellin-wir-kommen.jpg?fit=1200%2C800&ssl=1&resize=525%2C300 1.5x, https:\/\/i0.wp.com\/blog.kunstgriff.net\/wp-content\/uploads\/2020\/06\/Fehrbellin-wir-kommen.jpg?fit=1200%2C800&ssl=1&resize=700%2C400 2x, https:\/\/i0.wp.com\/blog.kunstgriff.net\/wp-content\/uploads\/2020\/06\/Fehrbellin-wir-kommen.jpg?fit=1200%2C800&ssl=1&resize=1050%2C600 3x"},"classes":[]},{"id":16421,"url":"https:\/\/blog.kunstgriff.net\/?p=16421","url_meta":{"origin":12514,"position":5},"title":"P\u00e4wesin-Runde rereloaded","author":"Georg","date":"Juli 9, 2017","format":false,"excerpt":"\u00bbAlleine nach Westen bei klasse Sommerwetter\u00ab Nach der doch recht kr\u00e4ftezehrenden gestrigen Usedom-Tour wollte ich heute etwas ruhiger treten fahren. Gruppenausfahrten waren zwar im Angebot, aber mir entweder zu fr\u00fch, zu lang oder zu anspruchsvoll. Da besann ich mich, mal wieder nach P\u00e4wesin zum Backwahn zu fahren. Den R\u00fcckweg \u00fcber\u2026","rel":"","context":"In &quot;Cake-Ride&quot;","block_context":{"text":"Cake-Ride","link":"https:\/\/blog.kunstgriff.net\/?cat=34"},"img":{"alt_text":"","src":"https:\/\/i0.wp.com\/blog.kunstgriff.net\/wp-content\/uploads\/2017\/07\/Kuchen-in-greifbarer-N%C3%A4he.jpg?fit=1200%2C800&ssl=1&resize=350%2C200","width":350,"height":200,"srcset":"https:\/\/i0.wp.com\/blog.kunstgriff.net\/wp-content\/uploads\/2017\/07\/Kuchen-in-greifbarer-N%C3%A4he.jpg?fit=1200%2C800&ssl=1&resize=350%2C200 1x, https:\/\/i0.wp.com\/blog.kunstgriff.net\/wp-content\/uploads\/2017\/07\/Kuchen-in-greifbarer-N%C3%A4he.jpg?fit=1200%2C800&ssl=1&resize=525%2C300 1.5x, https:\/\/i0.wp.com\/blog.kunstgriff.net\/wp-content\/uploads\/2017\/07\/Kuchen-in-greifbarer-N%C3%A4he.jpg?fit=1200%2C800&ssl=1&resize=700%2C400 2x, https:\/\/i0.wp.com\/blog.kunstgriff.net\/wp-content\/uploads\/2017\/07\/Kuchen-in-greifbarer-N%C3%A4he.jpg?fit=1200%2C800&ssl=1&resize=1050%2C600 3x"},"classes":[]}],"jetpack_likes_enabled":true,"jetpack_sharing_enabled":true,"_links":{"self":[{"href":"https:\/\/blog.kunstgriff.net\/index.php?rest_route=\/wp\/v2\/posts\/12514","targetHints":{"allow":["GET"]}}],"collection":[{"href":"https:\/\/blog.kunstgriff.net\/index.php?rest_route=\/wp\/v2\/posts"}],"about":[{"href":"https:\/\/blog.kunstgriff.net\/index.php?rest_route=\/wp\/v2\/types\/post"}],"author":[{"embeddable":true,"href":"https:\/\/blog.kunstgriff.net\/index.php?rest_route=\/wp\/v2\/users\/2"}],"replies":[{"embeddable":true,"href":"https:\/\/blog.kunstgriff.net\/index.php?rest_route=%2Fwp%2Fv2%2Fcomments&post=12514"}],"version-history":[{"count":0,"href":"https:\/\/blog.kunstgriff.net\/index.php?rest_route=\/wp\/v2\/posts\/12514\/revisions"}],"wp:featuredmedia":[{"embeddable":true,"href":"https:\/\/blog.kunstgriff.net\/index.php?rest_route=\/wp\/v2\/media\/12512"}],"wp:attachment":[{"href":"https:\/\/blog.kunstgriff.net\/index.php?rest_route=%2Fwp%2Fv2%2Fmedia&parent=12514"}],"wp:term":[{"taxonomy":"category","embeddable":true,"href":"https:\/\/blog.kunstgriff.net\/index.php?rest_route=%2Fwp%2Fv2%2Fcategories&post=12514"},{"taxonomy":"post_tag","embeddable":true,"href":"https:\/\/blog.kunstgriff.net\/index.php?rest_route=%2Fwp%2Fv2%2Ftags&post=12514"}],"curies":[{"name":"wp","href":"https:\/\/api.w.org\/{rel}","templated":true}]}}