{"id":12540,"date":"2015-05-11T20:23:27","date_gmt":"2015-05-11T18:23:27","guid":{"rendered":"http:\/\/blog.kunstgriff.net\/?p=12540"},"modified":"2016-07-31T18:48:53","modified_gmt":"2016-07-31T16:48:53","slug":"blankensee-runde-2","status":"publish","type":"post","link":"https:\/\/blog.kunstgriff.net\/?p=12540","title":{"rendered":"Blankensee-Runde"},"content":{"rendered":"<span class=\"span-reading-time rt-reading-time\" style=\"display: block;\"><span class=\"rt-label rt-prefix\">Lesezeit: <\/span> <span class=\"rt-time\"> &lt; 1<\/span> <span class=\"rt-label rt-postfix\">Minute<\/span><\/span><h4>oder \u00bbEin Hunderter am Vormittag\u00ab<\/h4>\n<hr \/>\n<p>Als letzte Vorbereitung f\u00fcr die ITF 2015 wollte ich heute noch einmal Mensch &amp; Maschine testen. Ab Mittwoch geht es ja wieder bis Sonntag in die Karpaten und da sollte alles laufen.<\/p>\n<p>Vorweg: Test gegl\u00fcckt, Form ausbauf\u00e4hig aber bei dem Sonnenschein heute sollte es auch einfach nur um das Ausfahren und Genie\u00dfen gehen.<\/p>\n<p>Den Weg raus nach G\u00fcterfelde hatte ich heute einmal anders gew\u00e4hlt, um mir anzusehen wie die Radwegbegleitung an der Schnellstrasse gel\u00f6st wurdet. <em>Hervorragend<\/em> und so konnte ich weiter zu meinem heutigen Tagesziel, der <a href=\"http:\/\/www.offenehoefe.de\/default.aspx?ID=11\" target=\"_blank\">Landb\u00e4ckerei R\u00f6hrig<\/a> kurbeln.<\/p>\n<p>Genau zur Halbzeit traf ich dort ein. Der Kuchen war ok, nicht grandios, aber daf\u00fcr h\u00e4tte ich wohl auch am Sonntag dort sein m\u00fcssen. Egal, Kohlenhydrate gibt es auch mit weniger Geschmack.<\/p>\n<p>Der R\u00fcckweg war recht umbeschwerlich da mich leichter Schiebewind zur\u00fcck in die Hauptstadt blies. So konnte der Willy auch noch erklommen werden und die <em>HomeBase<\/em> p\u00fcnktlich erreicht werden.<\/p>\n<p>Hoffentlich haben wir ab Mittwoch auch so viel Gl\u00fcck mit dem Wetter!<\/p>\n<p><iframe height='405' width='590' frameborder='0' allowtransparency='true' scrolling='no' src='https:\/\/www.strava.com\/activities\/302532612\/embed\/35a0f0e0acefd566f1e4382c0e4a39123e50227a'><\/iframe><\/p>\n<p><a href=\"https:\/\/i0.wp.com\/blog.kunstgriff.net\/wp-content\/uploads\/2015\/05\/Kurz-vor-Fresdorf-die-Sonne-lacht.jpg\"><img data-recalc-dims=\"1\" loading=\"lazy\" decoding=\"async\" data-attachment-id=\"12538\" data-permalink=\"https:\/\/blog.kunstgriff.net\/?attachment_id=12538\" data-orig-file=\"https:\/\/i0.wp.com\/blog.kunstgriff.net\/wp-content\/uploads\/2015\/05\/Kurz-vor-Fresdorf-die-Sonne-lacht.jpg?fit=1500%2C1125&amp;ssl=1\" data-orig-size=\"1500,1125\" data-comments-opened=\"1\" data-image-meta=\"{&quot;aperture&quot;:&quot;2.8&quot;,&quot;credit&quot;:&quot;&quot;,&quot;camera&quot;:&quot;Canon DIGITAL IXUS 870 IS&quot;,&quot;caption&quot;:&quot;&quot;,&quot;created_timestamp&quot;:&quot;1431337584&quot;,&quot;copyright&quot;:&quot;&quot;,&quot;focal_length&quot;:&quot;5&quot;,&quot;iso&quot;:&quot;80&quot;,&quot;shutter_speed&quot;:&quot;0.001&quot;,&quot;title&quot;:&quot;&quot;,&quot;orientation&quot;:&quot;1&quot;}\" data-image-title=\"Kurz vor Fresdorf &amp;#8211; die Sonne lacht\" data-image-description=\"\" data-image-caption=\"\" data-large-file=\"https:\/\/i0.wp.com\/blog.kunstgriff.net\/wp-content\/uploads\/2015\/05\/Kurz-vor-Fresdorf-die-Sonne-lacht.jpg?fit=1024%2C768&amp;ssl=1\" class=\"aligncenter size-full wp-image-12538\" src=\"https:\/\/i0.wp.com\/blog.kunstgriff.net\/wp-content\/uploads\/2015\/05\/Kurz-vor-Fresdorf-die-Sonne-lacht.jpg?resize=525%2C394\" alt=\"Kurz vor Fresdorf - die Sonne lacht\" width=\"525\" height=\"394\" srcset=\"https:\/\/i0.wp.com\/blog.kunstgriff.net\/wp-content\/uploads\/2015\/05\/Kurz-vor-Fresdorf-die-Sonne-lacht.jpg?w=1500&amp;ssl=1 1500w, https:\/\/i0.wp.com\/blog.kunstgriff.net\/wp-content\/uploads\/2015\/05\/Kurz-vor-Fresdorf-die-Sonne-lacht.jpg?resize=300%2C225&amp;ssl=1 300w, https:\/\/i0.wp.com\/blog.kunstgriff.net\/wp-content\/uploads\/2015\/05\/Kurz-vor-Fresdorf-die-Sonne-lacht.jpg?resize=1024%2C768&amp;ssl=1 1024w, https:\/\/i0.wp.com\/blog.kunstgriff.net\/wp-content\/uploads\/2015\/05\/Kurz-vor-Fresdorf-die-Sonne-lacht.jpg?resize=400%2C300&amp;ssl=1 400w, https:\/\/i0.wp.com\/blog.kunstgriff.net\/wp-content\/uploads\/2015\/05\/Kurz-vor-Fresdorf-die-Sonne-lacht.jpg?resize=900%2C675&amp;ssl=1 900w\" sizes=\"auto, (max-width: 767px) 89vw, (max-width: 1000px) 54vw, (max-width: 1071px) 543px, 580px\" \/><\/a><\/p>\n<p><a href=\"https:\/\/i0.wp.com\/blog.kunstgriff.net\/wp-content\/uploads\/2015\/05\/Kirch-und-Rhabarberkuchen-bei-R%C3%B6hrig.jpg\"><img data-recalc-dims=\"1\" loading=\"lazy\" decoding=\"async\" data-attachment-id=\"12539\" data-permalink=\"https:\/\/blog.kunstgriff.net\/?attachment_id=12539\" data-orig-file=\"https:\/\/i0.wp.com\/blog.kunstgriff.net\/wp-content\/uploads\/2015\/05\/Kirch-und-Rhabarberkuchen-bei-R%C3%B6hrig.jpg?fit=1500%2C1125&amp;ssl=1\" data-orig-size=\"1500,1125\" data-comments-opened=\"1\" data-image-meta=\"{&quot;aperture&quot;:&quot;2.8&quot;,&quot;credit&quot;:&quot;&quot;,&quot;camera&quot;:&quot;Canon DIGITAL IXUS 870 IS&quot;,&quot;caption&quot;:&quot;&quot;,&quot;created_timestamp&quot;:&quot;1431338730&quot;,&quot;copyright&quot;:&quot;&quot;,&quot;focal_length&quot;:&quot;5&quot;,&quot;iso&quot;:&quot;100&quot;,&quot;shutter_speed&quot;:&quot;0.002&quot;,&quot;title&quot;:&quot;&quot;,&quot;orientation&quot;:&quot;1&quot;}\" data-image-title=\"Kirch und Rhabarberkuchen bei R\u00f6hrig\" data-image-description=\"\" data-image-caption=\"\" data-large-file=\"https:\/\/i0.wp.com\/blog.kunstgriff.net\/wp-content\/uploads\/2015\/05\/Kirch-und-Rhabarberkuchen-bei-R%C3%B6hrig.jpg?fit=1024%2C768&amp;ssl=1\" class=\"aligncenter size-full wp-image-12539\" src=\"https:\/\/i0.wp.com\/blog.kunstgriff.net\/wp-content\/uploads\/2015\/05\/Kirch-und-Rhabarberkuchen-bei-R%C3%B6hrig.jpg?resize=525%2C394\" alt=\"Kirch und Rhabarberkuchen bei R\u00f6hrig\" width=\"525\" height=\"394\" srcset=\"https:\/\/i0.wp.com\/blog.kunstgriff.net\/wp-content\/uploads\/2015\/05\/Kirch-und-Rhabarberkuchen-bei-R%C3%B6hrig.jpg?w=1500&amp;ssl=1 1500w, https:\/\/i0.wp.com\/blog.kunstgriff.net\/wp-content\/uploads\/2015\/05\/Kirch-und-Rhabarberkuchen-bei-R%C3%B6hrig.jpg?resize=300%2C225&amp;ssl=1 300w, https:\/\/i0.wp.com\/blog.kunstgriff.net\/wp-content\/uploads\/2015\/05\/Kirch-und-Rhabarberkuchen-bei-R%C3%B6hrig.jpg?resize=1024%2C768&amp;ssl=1 1024w, https:\/\/i0.wp.com\/blog.kunstgriff.net\/wp-content\/uploads\/2015\/05\/Kirch-und-Rhabarberkuchen-bei-R%C3%B6hrig.jpg?resize=400%2C300&amp;ssl=1 400w, https:\/\/i0.wp.com\/blog.kunstgriff.net\/wp-content\/uploads\/2015\/05\/Kirch-und-Rhabarberkuchen-bei-R%C3%B6hrig.jpg?resize=900%2C675&amp;ssl=1 900w\" sizes=\"auto, (max-width: 767px) 89vw, (max-width: 1000px) 54vw, (max-width: 1071px) 543px, 580px\" \/><\/a><\/p>\n","protected":false},"excerpt":{"rendered":"<p>oder \u00bbEin Hunderter am Vormittag\u00ab Als letzte Vorbereitung f\u00fcr die ITF 2015 wollte ich heute noch einmal Mensch &amp; Maschine testen. Ab Mittwoch geht es ja wieder bis Sonntag in die Karpaten und da sollte alles laufen. Vorweg: Test gegl\u00fcckt, Form ausbauf\u00e4hig aber bei dem Sonnenschein heute sollte es auch einfach nur um das Ausfahren &hellip; <\/p>\n<p class=\"link-more\"><a href=\"https:\/\/blog.kunstgriff.net\/?p=12540\" class=\"more-link\"><span class=\"screen-reader-text\">\u201eBlankensee-Runde\u201c <\/span>weiterlesen<\/a><\/p>\n","protected":false},"author":2,"featured_media":12538,"comment_status":"open","ping_status":"open","sticky":false,"template":"","format":"standard","meta":{"jetpack_post_was_ever_published":false,"_jetpack_newsletter_access":"","_jetpack_dont_email_post_to_subs":false,"_jetpack_newsletter_tier_id":0,"_jetpack_memberships_contains_paywalled_content":false,"_jetpack_memberships_contains_paid_content":false,"footnotes":""},"categories":[14,7],"tags":[],"class_list":["post-12540","post","type-post","status-publish","format-standard","has-post-thumbnail","hentry","category-radfahren","category-rennradfahren"],"jetpack_featured_media_url":"https:\/\/i0.wp.com\/blog.kunstgriff.net\/wp-content\/uploads\/2015\/05\/Kurz-vor-Fresdorf-die-Sonne-lacht.jpg?fit=1500%2C1125&ssl=1","jetpack_shortlink":"https:\/\/wp.me\/p8Cxe7-3gg","jetpack-related-posts":[{"id":11836,"url":"https:\/\/blog.kunstgriff.net\/?p=11836","url_meta":{"origin":12540,"position":0},"title":"B\u00e4ckerrunde nach Fehrbellin-reverse","author":"Georg","date":"Mai 25, 2014","format":false,"excerpt":"oder \u00bbAlleine zum Lieblings-Ausflugsziel in der Ostprignitz\u00ab Tourenangebote gab es heute wieder ohne Ende. Das hervorragende Wetter war aber auch pr\u00e4destiniert f\u00fcr eine Ausfahrt\u00a0auf dem Renner. So richtig sagte mir aber kein Angebot zu und ich hatte auch noch den Charm meines letzten Solo-Ritts im Hinterkopf. So war schnell klar,\u2026","rel":"","context":"In &quot;Radfahren&quot;","block_context":{"text":"Radfahren","link":"https:\/\/blog.kunstgriff.net\/?cat=14"},"img":{"alt_text":"","src":"https:\/\/i0.wp.com\/blog.kunstgriff.net\/wp-content\/uploads\/2014\/05\/Start-duch-meinen-gr%C3%BCnen-Spandauer-Forst.jpg?fit=1200%2C900&ssl=1&resize=350%2C200","width":350,"height":200,"srcset":"https:\/\/i0.wp.com\/blog.kunstgriff.net\/wp-content\/uploads\/2014\/05\/Start-duch-meinen-gr%C3%BCnen-Spandauer-Forst.jpg?fit=1200%2C900&ssl=1&resize=350%2C200 1x, https:\/\/i0.wp.com\/blog.kunstgriff.net\/wp-content\/uploads\/2014\/05\/Start-duch-meinen-gr%C3%BCnen-Spandauer-Forst.jpg?fit=1200%2C900&ssl=1&resize=525%2C300 1.5x, https:\/\/i0.wp.com\/blog.kunstgriff.net\/wp-content\/uploads\/2014\/05\/Start-duch-meinen-gr%C3%BCnen-Spandauer-Forst.jpg?fit=1200%2C900&ssl=1&resize=700%2C400 2x, https:\/\/i0.wp.com\/blog.kunstgriff.net\/wp-content\/uploads\/2014\/05\/Start-duch-meinen-gr%C3%BCnen-Spandauer-Forst.jpg?fit=1200%2C900&ssl=1&resize=1050%2C600 3x"},"classes":[]},{"id":4337,"url":"https:\/\/blog.kunstgriff.net\/?p=4337","url_meta":{"origin":12540,"position":1},"title":"3-Seen-Runde","author":"Georg","date":"April 24, 2011","format":false,"excerpt":"oder \u00bbKlasse Lauf am Oster-Sonntag\u00abEigentlich sollte der Oster-Sonntag Ruhetag werden, aber ich konnte einfach nicht widerstehen, als Papa gestern meinte er w\u00fcrde diese tolle Runde heute laufen. Da musste ich mich einfach anschlie\u00dfen. Ich kam schnell wieder rein, obwohl ich seit einem Monat nicht gelaufen bin. Nat\u00fcrlich werden andere Muskeln\u2026","rel":"","context":"In &quot;Laufen&quot;","block_context":{"text":"Laufen","link":"https:\/\/blog.kunstgriff.net\/?cat=10"},"img":{"alt_text":"","src":"","width":0,"height":0},"classes":[]},{"id":2520,"url":"https:\/\/blog.kunstgriff.net\/?p=2520","url_meta":{"origin":12540,"position":2},"title":"7-Br\u00fccken-Tour mit den Havellandriders","author":"Georg","date":"Oktober 3, 2010","format":false,"excerpt":"oder \"Wetter sch\u00f6n & Beine dick\"Um kurz vor Acht blickte ich an diesem Einheitstag aus dem Fenster und freute mich das die Sonne schon schien. Ein klasse Herbsttag zum Radfahren w\u00fcrde das werden. Als ich kurze Zeit sp\u00e4ter die Treppen zum B\u00e4cker runter lief merkte ich doch die Anstrengung des\u2026","rel":"","context":"In &quot;Rennradfahren&quot;","block_context":{"text":"Rennradfahren","link":"https:\/\/blog.kunstgriff.net\/?cat=7"},"img":{"alt_text":"","src":"https:\/\/i0.wp.com\/blog.kunstgriff.net\/wp-content\/uploads\/2010\/10\/CIMG1671.jpg?resize=350%2C200","width":350,"height":200,"srcset":"https:\/\/i0.wp.com\/blog.kunstgriff.net\/wp-content\/uploads\/2010\/10\/CIMG1671.jpg?resize=350%2C200 1x, https:\/\/i0.wp.com\/blog.kunstgriff.net\/wp-content\/uploads\/2010\/10\/CIMG1671.jpg?resize=525%2C300 1.5x"},"classes":[]},{"id":5985,"url":"https:\/\/blog.kunstgriff.net\/?p=5985","url_meta":{"origin":12540,"position":3},"title":"Mit dem \u00bbA3K\u00ab nach Ueckeritz auf Usedom","author":"Georg","date":"September 24, 2011","format":false,"excerpt":"oder \u00bbHerrliche Herbsttour\u00ab Heute sollte es noch einmal nach Usedom gehen. Nicht das ich im September nicht schon einmal dort hoch gefahren w\u00e4re, aber die Strecke liegt mir einfach und lecker Fisch in Ueckeritz ist auch nicht zu verachten. Also um 4:45 Uhr am Samstag Morgen aufgestanden, die Ringbahn ins\u2026","rel":"","context":"In &quot;200er&quot;","block_context":{"text":"200er","link":"https:\/\/blog.kunstgriff.net\/?cat=48"},"img":{"alt_text":"","src":"https:\/\/i0.wp.com\/blog.kunstgriff.net\/wp-content\/uploads\/2011\/09\/Kurz-vor-der-Abfahrt-am-Sportforum-Hohensch%C3%B6nhausen.jpg?resize=350%2C200","width":350,"height":200,"srcset":"https:\/\/i0.wp.com\/blog.kunstgriff.net\/wp-content\/uploads\/2011\/09\/Kurz-vor-der-Abfahrt-am-Sportforum-Hohensch%C3%B6nhausen.jpg?resize=350%2C200 1x, https:\/\/i0.wp.com\/blog.kunstgriff.net\/wp-content\/uploads\/2011\/09\/Kurz-vor-der-Abfahrt-am-Sportforum-Hohensch%C3%B6nhausen.jpg?resize=525%2C300 1.5x, https:\/\/i0.wp.com\/blog.kunstgriff.net\/wp-content\/uploads\/2011\/09\/Kurz-vor-der-Abfahrt-am-Sportforum-Hohensch%C3%B6nhausen.jpg?resize=700%2C400 2x"},"classes":[]},{"id":10173,"url":"https:\/\/blog.kunstgriff.net\/?p=10173","url_meta":{"origin":12540,"position":4},"title":"Beetzsee-Runde","author":"Georg","date":"April 28, 2013","format":false,"excerpt":"oder \u00bbIn grosser Gruppe durchs Havelland\u00abHeute traf ich um 10:30 Uhr Alexander an der Metro um, wie schon letzten Sonntag, gemeinsam nach Falkensee zu fahren. Der Treffpunkt dort hat sich nicht nur wegen der guten Gesellschaft bew\u00e4hrt, auch wird dort sauber gefahren und es besteht wenig Gefahr zu st\u00fcrzen. Wir\u2026","rel":"","context":"In &quot;Radfahren&quot;","block_context":{"text":"Radfahren","link":"https:\/\/blog.kunstgriff.net\/?cat=14"},"img":{"alt_text":"","src":"https:\/\/i0.wp.com\/blog.kunstgriff.net\/wp-content\/uploads\/2013\/04\/Treffpunkt-Rathaus-Falkensee.jpg?fit=1000%2C750&ssl=1&resize=350%2C200","width":350,"height":200,"srcset":"https:\/\/i0.wp.com\/blog.kunstgriff.net\/wp-content\/uploads\/2013\/04\/Treffpunkt-Rathaus-Falkensee.jpg?fit=1000%2C750&ssl=1&resize=350%2C200 1x, https:\/\/i0.wp.com\/blog.kunstgriff.net\/wp-content\/uploads\/2013\/04\/Treffpunkt-Rathaus-Falkensee.jpg?fit=1000%2C750&ssl=1&resize=525%2C300 1.5x, https:\/\/i0.wp.com\/blog.kunstgriff.net\/wp-content\/uploads\/2013\/04\/Treffpunkt-Rathaus-Falkensee.jpg?fit=1000%2C750&ssl=1&resize=700%2C400 2x"},"classes":[]},{"id":11508,"url":"https:\/\/blog.kunstgriff.net\/?p=11508","url_meta":{"origin":12540,"position":5},"title":"Jungfernheide Lauf","author":"Georg","date":"M\u00e4rz 22, 2014","format":false,"excerpt":"oder \u00bbHeute vier mal rum\u00abHeute hatte ich mir den letzten langen l\u00e4ngeren Lauf vor dem Halbmarathon am kommenden Sonntag vorgenommen. Gestern noch wollte ich die\u00a03-Seen-Runde\u00a0daf\u00fcr nutzen, entschied mich dann aber kurzfristig um. Auf Anfahrt mit dem Auto hatte ich n\u00e4mlich keine Lust. Schon gar nicht wenn ich alleine laufen gehe.\u2026","rel":"","context":"In &quot;Laufen&quot;","block_context":{"text":"Laufen","link":"https:\/\/blog.kunstgriff.net\/?cat=10"},"img":{"alt_text":"Zu viel EB","src":"https:\/\/i0.wp.com\/blog.kunstgriff.net\/wp-content\/uploads\/2014\/03\/Zu-viel-EB.png?resize=350%2C200","width":350,"height":200,"srcset":"https:\/\/i0.wp.com\/blog.kunstgriff.net\/wp-content\/uploads\/2014\/03\/Zu-viel-EB.png?resize=350%2C200 1x, https:\/\/i0.wp.com\/blog.kunstgriff.net\/wp-content\/uploads\/2014\/03\/Zu-viel-EB.png?resize=525%2C300 1.5x, https:\/\/i0.wp.com\/blog.kunstgriff.net\/wp-content\/uploads\/2014\/03\/Zu-viel-EB.png?resize=700%2C400 2x"},"classes":[]}],"jetpack_likes_enabled":true,"jetpack_sharing_enabled":true,"_links":{"self":[{"href":"https:\/\/blog.kunstgriff.net\/index.php?rest_route=\/wp\/v2\/posts\/12540","targetHints":{"allow":["GET"]}}],"collection":[{"href":"https:\/\/blog.kunstgriff.net\/index.php?rest_route=\/wp\/v2\/posts"}],"about":[{"href":"https:\/\/blog.kunstgriff.net\/index.php?rest_route=\/wp\/v2\/types\/post"}],"author":[{"embeddable":true,"href":"https:\/\/blog.kunstgriff.net\/index.php?rest_route=\/wp\/v2\/users\/2"}],"replies":[{"embeddable":true,"href":"https:\/\/blog.kunstgriff.net\/index.php?rest_route=%2Fwp%2Fv2%2Fcomments&post=12540"}],"version-history":[{"count":0,"href":"https:\/\/blog.kunstgriff.net\/index.php?rest_route=\/wp\/v2\/posts\/12540\/revisions"}],"wp:featuredmedia":[{"embeddable":true,"href":"https:\/\/blog.kunstgriff.net\/index.php?rest_route=\/wp\/v2\/media\/12538"}],"wp:attachment":[{"href":"https:\/\/blog.kunstgriff.net\/index.php?rest_route=%2Fwp%2Fv2%2Fmedia&parent=12540"}],"wp:term":[{"taxonomy":"category","embeddable":true,"href":"https:\/\/blog.kunstgriff.net\/index.php?rest_route=%2Fwp%2Fv2%2Fcategories&post=12540"},{"taxonomy":"post_tag","embeddable":true,"href":"https:\/\/blog.kunstgriff.net\/index.php?rest_route=%2Fwp%2Fv2%2Ftags&post=12540"}],"curies":[{"name":"wp","href":"https:\/\/api.w.org\/{rel}","templated":true}]}}