{"id":12555,"date":"2015-05-13T23:19:41","date_gmt":"2015-05-13T21:19:41","guid":{"rendered":"http:\/\/blog.kunstgriff.net\/?p=12555"},"modified":"2016-07-31T18:48:15","modified_gmt":"2016-07-31T16:48:15","slug":"auf-friedensfahrt-kurs-2015-1-tag-elsterwerda-goerlitz","status":"publish","type":"post","link":"https:\/\/blog.kunstgriff.net\/?p=12555","title":{"rendered":"Auf Friedensfahrt\u2013Kurs 2015 1. Tag: Elsterwerda -> G\u00f6rlitz"},"content":{"rendered":"<span class=\"span-reading-time rt-reading-time\" style=\"display: block;\"><span class=\"rt-label rt-prefix\">Lesezeit: <\/span> <span class=\"rt-time\"> &lt; 1<\/span> <span class=\"rt-label rt-postfix\">Minute<\/span><\/span><h4>135\u00a0km | 1.030 H\u00f6henmeter<\/h4>\n<hr \/>\n<p>Dank touch&amp;travel ging es ohne einen Fahrschein zu l\u00f6sen erst mit der U-Bahn und dann mit dem Regional-Express ins knapp 2 Fahrstunden entfernte Elsterwerda.<\/p>\n<p>Die extra zu erwerbenden Fahrrad-Tix schenkte mir der Schaffner, da es ein Buchungsproblem bei der Bahn gab. So kann der Tag beginnen! Sonnenschein kam auch noch hinzu, was f\u00fcr ein perfekter Start in die ITF 2015!<\/p>\n<p>Als wir dann um kurz nach Zehn\u00a0nach kurzer Begr\u00fc\u00dfung von Peter Scheunemann und seiner Frau Christel mit leichtem Schiebewind auf die Stecke geschickt wurden, war die Welt richtig in Ordnung!<br \/>\nLeider gab es nach wenigen Kilometern schon einen leichten D\u00e4mpfer, denn die Wegstrecke f\u00fchrte erst einmal \u00fcber mehrere Kilometer Naturstrasse, <em>Toskana-Style<\/em>. Viele spitze Steine und auch gleich der erste Defekt in Form eines Platten. Zum Gl\u00fcck nicht bei mir.<br \/>\nEgal, weiter Richtung Panschwitz-Kuckau, wo im herrlich gr\u00fcnen Klostergarten eigentlich ein Buffet auf uns warten sollte. Leider hatte sich Peter verfahren und so gab es geschmierte Stullen mit Versp\u00e4tung. Halb so wild, den die Klosteb\u00e4ckerei bot leckeren<del>sten<\/del> Kuchen &amp; Kaffee feil. Quarkstullen und Tomaten dann von Peter zum Nachtisch. Lecker!<\/p>\n<p>Nun noch die rund 66 km weiter nach G\u00f6rlitz. Wieder sehr angenehm, den Garmin dabei zu haben, denn an so mancher Wegesgabelung w\u00e4ren wir sicher falsch abgebogen.<\/p>\n<p>Heute nur 1x dann lag nach der ersten und einzigen Bergwertungen G\u00f6rlitz vor uns in dem wir einen kleine aber feine, neu hergerichtete Pension mit Neisse-Blick bezogen. Perfekter ITF Start! Ich freue mich extrem auf die kommenden Tage!<\/p>\n<p><iframe height='405' width='590' frameborder='0' allowtransparency='true' scrolling='no' src='https:\/\/www.strava.com\/activities\/306683288\/embed\/bde84dbd37b2de8cfb499384de98b3080dc7402b'><\/iframe><\/p>\n<div class=\"tiled-gallery type-rectangular tiled-gallery-unresized\" data-original-width=\"525\" data-carousel-extra='{&quot;blog_id&quot;:1,&quot;permalink&quot;:&quot;https:\\\/\\\/blog.kunstgriff.net\\\/?p=12555&quot;,&quot;likes_blog_id&quot;:127394879}' itemscope itemtype=\"http:\/\/schema.org\/ImageGallery\" > <div class=\"gallery-row\" style=\"width: 525px; height: 264px;\" data-original-width=\"525\" data-original-height=\"264\" > <div class=\"gallery-group images-1\" style=\"width: 350px; height: 264px;\" data-original-width=\"350\" data-original-height=\"264\" > <div class=\"tiled-gallery-item tiled-gallery-item-large\" itemprop=\"associatedMedia\" itemscope itemtype=\"http:\/\/schema.org\/ImageObject\"> <a href=\"https:\/\/blog.kunstgriff.net\/?attachment_id=12573\" border=\"0\" itemprop=\"url\"> <meta itemprop=\"width\" content=\"346\"> <meta itemprop=\"height\" content=\"260\"> <img decoding=\"async\" class=\"\" data-attachment-id=\"12573\" data-orig-file=\"https:\/\/blog.kunstgriff.net\/wp-content\/uploads\/2015\/05\/Warten-auf-die-Abfahrt-in-Elsterwerda-mit-Tom-B..jpg\" data-orig-size=\"1500,1125\" data-comments-opened=\"1\" data-image-meta=\"{&quot;aperture&quot;:&quot;5.6&quot;,&quot;credit&quot;:&quot;&quot;,&quot;camera&quot;:&quot;Canon DIGITAL IXUS 870 IS&quot;,&quot;caption&quot;:&quot;&quot;,&quot;created_timestamp&quot;:&quot;1431507356&quot;,&quot;copyright&quot;:&quot;&quot;,&quot;focal_length&quot;:&quot;5&quot;,&quot;iso&quot;:&quot;80&quot;,&quot;shutter_speed&quot;:&quot;0.0025&quot;,&quot;title&quot;:&quot;&quot;,&quot;orientation&quot;:&quot;1&quot;}\" data-image-title=\"Warten auf die Abfahrt in Elsterwerda mit Tom B.\" data-image-description=\"\" data-medium-file=\"https:\/\/i0.wp.com\/blog.kunstgriff.net\/wp-content\/uploads\/2015\/05\/Warten-auf-die-Abfahrt-in-Elsterwerda-mit-Tom-B..jpg?fit=300%2C225&#038;ssl=1\" data-large-file=\"https:\/\/i0.wp.com\/blog.kunstgriff.net\/wp-content\/uploads\/2015\/05\/Warten-auf-die-Abfahrt-in-Elsterwerda-mit-Tom-B..jpg?fit=1024%2C768&#038;ssl=1\" src=\"https:\/\/i0.wp.com\/blog.kunstgriff.net\/wp-content\/uploads\/2015\/05\/Warten-auf-die-Abfahrt-in-Elsterwerda-mit-Tom-B..jpg?w=346&#038;h=260&#038;ssl=1\" srcset=\"https:\/\/i0.wp.com\/blog.kunstgriff.net\/wp-content\/uploads\/2015\/05\/Warten-auf-die-Abfahrt-in-Elsterwerda-mit-Tom-B..jpg?w=1500&amp;ssl=1 1500w, https:\/\/i0.wp.com\/blog.kunstgriff.net\/wp-content\/uploads\/2015\/05\/Warten-auf-die-Abfahrt-in-Elsterwerda-mit-Tom-B..jpg?resize=300%2C225&amp;ssl=1 300w, https:\/\/i0.wp.com\/blog.kunstgriff.net\/wp-content\/uploads\/2015\/05\/Warten-auf-die-Abfahrt-in-Elsterwerda-mit-Tom-B..jpg?resize=1024%2C768&amp;ssl=1 1024w, https:\/\/i0.wp.com\/blog.kunstgriff.net\/wp-content\/uploads\/2015\/05\/Warten-auf-die-Abfahrt-in-Elsterwerda-mit-Tom-B..jpg?resize=400%2C300&amp;ssl=1 400w, https:\/\/i0.wp.com\/blog.kunstgriff.net\/wp-content\/uploads\/2015\/05\/Warten-auf-die-Abfahrt-in-Elsterwerda-mit-Tom-B..jpg?resize=900%2C675&amp;ssl=1 900w\" width=\"346\" height=\"260\" loading=\"lazy\" data-original-width=\"346\" data-original-height=\"260\" itemprop=\"http:\/\/schema.org\/image\" title=\"Warten auf die Abfahrt in Elsterwerda mit Tom B.\" alt=\"Warten auf die Abfahrt in Elsterwerda mit Tom B.\" style=\"width: 346px; height: 260px;\" \/> <\/a> <div class=\"tiled-gallery-caption\" itemprop=\"caption description\"> Warten auf die Abfahrt in Elsterwerda mit Tom B. <\/div> <\/div> <\/div> <!-- close group --> <div class=\"gallery-group images-2\" style=\"width: 175px; height: 264px;\" data-original-width=\"175\" data-original-height=\"264\" > <div class=\"tiled-gallery-item tiled-gallery-item-small\" itemprop=\"associatedMedia\" itemscope itemtype=\"http:\/\/schema.org\/ImageObject\"> <a href=\"https:\/\/blog.kunstgriff.net\/?attachment_id=12566\" border=\"0\" itemprop=\"url\"> <meta itemprop=\"width\" content=\"171\"> <meta itemprop=\"height\" content=\"128\"> <img decoding=\"async\" class=\"\" data-attachment-id=\"12566\" data-orig-file=\"https:\/\/blog.kunstgriff.net\/wp-content\/uploads\/2015\/05\/Begr\u00fc\u00dfung-von-Peter-Scheunemann.jpg\" data-orig-size=\"1500,1125\" data-comments-opened=\"1\" data-image-meta=\"{&quot;aperture&quot;:&quot;5.6&quot;,&quot;credit&quot;:&quot;&quot;,&quot;camera&quot;:&quot;Canon DIGITAL IXUS 870 IS&quot;,&quot;caption&quot;:&quot;&quot;,&quot;created_timestamp&quot;:&quot;1431511583&quot;,&quot;copyright&quot;:&quot;&quot;,&quot;focal_length&quot;:&quot;5&quot;,&quot;iso&quot;:&quot;80&quot;,&quot;shutter_speed&quot;:&quot;0.002&quot;,&quot;title&quot;:&quot;&quot;,&quot;orientation&quot;:&quot;1&quot;}\" data-image-title=\"Begr\u00fc\u00dfung von Peter Scheunemann\" data-image-description=\"\" data-medium-file=\"https:\/\/i0.wp.com\/blog.kunstgriff.net\/wp-content\/uploads\/2015\/05\/Begr%C3%BC%C3%9Fung-von-Peter-Scheunemann.jpg?fit=300%2C225&#038;ssl=1\" data-large-file=\"https:\/\/i0.wp.com\/blog.kunstgriff.net\/wp-content\/uploads\/2015\/05\/Begr%C3%BC%C3%9Fung-von-Peter-Scheunemann.jpg?fit=1024%2C768&#038;ssl=1\" src=\"https:\/\/i0.wp.com\/blog.kunstgriff.net\/wp-content\/uploads\/2015\/05\/Begr%C3%BC%C3%9Fung-von-Peter-Scheunemann.jpg?w=171&#038;h=128&#038;ssl=1\" width=\"171\" height=\"128\" loading=\"lazy\" data-original-width=\"171\" data-original-height=\"128\" itemprop=\"http:\/\/schema.org\/image\" title=\"Begr\u00fc\u00dfung von Peter Scheunemann\" alt=\"Begr\u00fc\u00dfung von Peter Scheunemann\" style=\"width: 171px; height: 128px;\" \/> <\/a> <div class=\"tiled-gallery-caption\" itemprop=\"caption description\"> Begr\u00fc\u00dfung von Peter Scheunemann <\/div> <\/div> <div class=\"tiled-gallery-item tiled-gallery-item-small\" itemprop=\"associatedMedia\" itemscope itemtype=\"http:\/\/schema.org\/ImageObject\"> <a href=\"https:\/\/blog.kunstgriff.net\/?attachment_id=12568\" border=\"0\" itemprop=\"url\"> <meta itemprop=\"width\" content=\"171\"> <meta itemprop=\"height\" content=\"128\"> <img decoding=\"async\" class=\"\" data-attachment-id=\"12568\" data-orig-file=\"https:\/\/blog.kunstgriff.net\/wp-content\/uploads\/2015\/05\/Gleich-gehts-los.jpg\" data-orig-size=\"1500,1125\" data-comments-opened=\"1\" data-image-meta=\"{&quot;aperture&quot;:&quot;5.6&quot;,&quot;credit&quot;:&quot;&quot;,&quot;camera&quot;:&quot;Canon DIGITAL IXUS 870 IS&quot;,&quot;caption&quot;:&quot;&quot;,&quot;created_timestamp&quot;:&quot;1431511893&quot;,&quot;copyright&quot;:&quot;&quot;,&quot;focal_length&quot;:&quot;5&quot;,&quot;iso&quot;:&quot;80&quot;,&quot;shutter_speed&quot;:&quot;0.0025&quot;,&quot;title&quot;:&quot;&quot;,&quot;orientation&quot;:&quot;1&quot;}\" data-image-title=\"Gleich gehts los\" data-image-description=\"\" data-medium-file=\"https:\/\/i0.wp.com\/blog.kunstgriff.net\/wp-content\/uploads\/2015\/05\/Gleich-gehts-los.jpg?fit=300%2C225&#038;ssl=1\" data-large-file=\"https:\/\/i0.wp.com\/blog.kunstgriff.net\/wp-content\/uploads\/2015\/05\/Gleich-gehts-los.jpg?fit=1024%2C768&#038;ssl=1\" src=\"https:\/\/i0.wp.com\/blog.kunstgriff.net\/wp-content\/uploads\/2015\/05\/Gleich-gehts-los.jpg?w=171&#038;h=128&#038;ssl=1\" srcset=\"https:\/\/i0.wp.com\/blog.kunstgriff.net\/wp-content\/uploads\/2015\/05\/Gleich-gehts-los.jpg?w=1500&amp;ssl=1 1500w, https:\/\/i0.wp.com\/blog.kunstgriff.net\/wp-content\/uploads\/2015\/05\/Gleich-gehts-los.jpg?resize=300%2C225&amp;ssl=1 300w, https:\/\/i0.wp.com\/blog.kunstgriff.net\/wp-content\/uploads\/2015\/05\/Gleich-gehts-los.jpg?resize=1024%2C768&amp;ssl=1 1024w, https:\/\/i0.wp.com\/blog.kunstgriff.net\/wp-content\/uploads\/2015\/05\/Gleich-gehts-los.jpg?resize=400%2C300&amp;ssl=1 400w, https:\/\/i0.wp.com\/blog.kunstgriff.net\/wp-content\/uploads\/2015\/05\/Gleich-gehts-los.jpg?resize=900%2C675&amp;ssl=1 900w\" width=\"171\" height=\"128\" loading=\"lazy\" data-original-width=\"171\" data-original-height=\"128\" itemprop=\"http:\/\/schema.org\/image\" title=\"Gleich gehts los\" alt=\"Gleich gehts los\" style=\"width: 171px; height: 128px;\" \/> <\/a> <div class=\"tiled-gallery-caption\" itemprop=\"caption description\"> Gleich gehts los <\/div> <\/div> <\/div> <!-- close group --> <\/div> <!-- close row --> <div class=\"gallery-row\" style=\"width: 525px; height: 132px;\" data-original-width=\"525\" data-original-height=\"132\" > <div class=\"gallery-group images-1\" style=\"width: 175px; height: 132px;\" data-original-width=\"175\" data-original-height=\"132\" > <div class=\"tiled-gallery-item tiled-gallery-item-small\" itemprop=\"associatedMedia\" itemscope itemtype=\"http:\/\/schema.org\/ImageObject\"> <a href=\"https:\/\/blog.kunstgriff.net\/?attachment_id=12567\" border=\"0\" itemprop=\"url\"> <meta itemprop=\"width\" content=\"171\"> <meta itemprop=\"height\" content=\"128\"> <img decoding=\"async\" class=\"\" data-attachment-id=\"12567\" data-orig-file=\"https:\/\/blog.kunstgriff.net\/wp-content\/uploads\/2015\/05\/Erstmal-Schotterpiste.jpg\" data-orig-size=\"1500,1125\" data-comments-opened=\"1\" data-image-meta=\"{&quot;aperture&quot;:&quot;5.6&quot;,&quot;credit&quot;:&quot;&quot;,&quot;camera&quot;:&quot;Canon DIGITAL IXUS 870 IS&quot;,&quot;caption&quot;:&quot;&quot;,&quot;created_timestamp&quot;:&quot;1431512384&quot;,&quot;copyright&quot;:&quot;&quot;,&quot;focal_length&quot;:&quot;5&quot;,&quot;iso&quot;:&quot;80&quot;,&quot;shutter_speed&quot;:&quot;0.002&quot;,&quot;title&quot;:&quot;&quot;,&quot;orientation&quot;:&quot;1&quot;}\" data-image-title=\"Erstmal Schotterpiste\" data-image-description=\"\" data-medium-file=\"https:\/\/i0.wp.com\/blog.kunstgriff.net\/wp-content\/uploads\/2015\/05\/Erstmal-Schotterpiste.jpg?fit=300%2C225&#038;ssl=1\" data-large-file=\"https:\/\/i0.wp.com\/blog.kunstgriff.net\/wp-content\/uploads\/2015\/05\/Erstmal-Schotterpiste.jpg?fit=1024%2C768&#038;ssl=1\" src=\"https:\/\/i0.wp.com\/blog.kunstgriff.net\/wp-content\/uploads\/2015\/05\/Erstmal-Schotterpiste.jpg?w=171&#038;h=128&#038;ssl=1\" srcset=\"https:\/\/i0.wp.com\/blog.kunstgriff.net\/wp-content\/uploads\/2015\/05\/Erstmal-Schotterpiste.jpg?w=1500&amp;ssl=1 1500w, https:\/\/i0.wp.com\/blog.kunstgriff.net\/wp-content\/uploads\/2015\/05\/Erstmal-Schotterpiste.jpg?resize=300%2C225&amp;ssl=1 300w, https:\/\/i0.wp.com\/blog.kunstgriff.net\/wp-content\/uploads\/2015\/05\/Erstmal-Schotterpiste.jpg?resize=1024%2C768&amp;ssl=1 1024w, https:\/\/i0.wp.com\/blog.kunstgriff.net\/wp-content\/uploads\/2015\/05\/Erstmal-Schotterpiste.jpg?resize=400%2C300&amp;ssl=1 400w, https:\/\/i0.wp.com\/blog.kunstgriff.net\/wp-content\/uploads\/2015\/05\/Erstmal-Schotterpiste.jpg?resize=900%2C675&amp;ssl=1 900w\" width=\"171\" height=\"128\" loading=\"lazy\" data-original-width=\"171\" data-original-height=\"128\" itemprop=\"http:\/\/schema.org\/image\" title=\"Erstmal Schotterpiste\" alt=\"Erstmal Schotterpiste\" style=\"width: 171px; height: 128px;\" \/> <\/a> <div class=\"tiled-gallery-caption\" itemprop=\"caption description\"> Erstmal Schotterpiste <\/div> <\/div> <\/div> <!-- close group --> <div class=\"gallery-group images-1\" style=\"width: 175px; height: 132px;\" data-original-width=\"175\" data-original-height=\"132\" > <div class=\"tiled-gallery-item tiled-gallery-item-small\" itemprop=\"associatedMedia\" itemscope itemtype=\"http:\/\/schema.org\/ImageObject\"> <a href=\"https:\/\/blog.kunstgriff.net\/?attachment_id=12570\" border=\"0\" itemprop=\"url\"> <meta itemprop=\"width\" content=\"171\"> <meta itemprop=\"height\" content=\"128\"> <img decoding=\"async\" class=\"\" data-attachment-id=\"12570\" data-orig-file=\"https:\/\/blog.kunstgriff.net\/wp-content\/uploads\/2015\/05\/Mit-R\u00fcckenwind-nach-S\u00fcden.jpg\" data-orig-size=\"1500,1125\" data-comments-opened=\"1\" data-image-meta=\"{&quot;aperture&quot;:&quot;5.6&quot;,&quot;credit&quot;:&quot;&quot;,&quot;camera&quot;:&quot;Canon DIGITAL IXUS 870 IS&quot;,&quot;caption&quot;:&quot;&quot;,&quot;created_timestamp&quot;:&quot;1431513602&quot;,&quot;copyright&quot;:&quot;&quot;,&quot;focal_length&quot;:&quot;5&quot;,&quot;iso&quot;:&quot;80&quot;,&quot;shutter_speed&quot;:&quot;0.002&quot;,&quot;title&quot;:&quot;&quot;,&quot;orientation&quot;:&quot;1&quot;}\" data-image-title=\"Mit R\u00fcckenwind nach S\u00fcden\" data-image-description=\"\" data-medium-file=\"https:\/\/i0.wp.com\/blog.kunstgriff.net\/wp-content\/uploads\/2015\/05\/Mit-R%C3%BCckenwind-nach-S%C3%BCden.jpg?fit=300%2C225&#038;ssl=1\" data-large-file=\"https:\/\/i0.wp.com\/blog.kunstgriff.net\/wp-content\/uploads\/2015\/05\/Mit-R%C3%BCckenwind-nach-S%C3%BCden.jpg?fit=1024%2C768&#038;ssl=1\" src=\"https:\/\/i0.wp.com\/blog.kunstgriff.net\/wp-content\/uploads\/2015\/05\/Mit-R%C3%BCckenwind-nach-S%C3%BCden.jpg?w=171&#038;h=128&#038;ssl=1\" width=\"171\" height=\"128\" loading=\"lazy\" data-original-width=\"171\" data-original-height=\"128\" itemprop=\"http:\/\/schema.org\/image\" title=\"Mit R\u00fcckenwind nach S\u00fcden\" alt=\"Mit R\u00fcckenwind nach S\u00fcden\" style=\"width: 171px; height: 128px;\" \/> <\/a> <div class=\"tiled-gallery-caption\" itemprop=\"caption description\"> Mit R\u00fcckenwind nach S\u00fcden <\/div> <\/div> <\/div> <!-- close group --> <div class=\"gallery-group images-1\" style=\"width: 175px; height: 132px;\" data-original-width=\"175\" data-original-height=\"132\" > <div class=\"tiled-gallery-item tiled-gallery-item-small\" itemprop=\"associatedMedia\" itemscope itemtype=\"http:\/\/schema.org\/ImageObject\"> <a href=\"https:\/\/blog.kunstgriff.net\/?attachment_id=12569\" border=\"0\" itemprop=\"url\"> <meta itemprop=\"width\" content=\"171\"> <meta itemprop=\"height\" content=\"128\"> <img decoding=\"async\" class=\"\" data-attachment-id=\"12569\" data-orig-file=\"https:\/\/blog.kunstgriff.net\/wp-content\/uploads\/2015\/05\/Herrliche-Landschaft.jpg\" data-orig-size=\"1500,1125\" data-comments-opened=\"1\" data-image-meta=\"{&quot;aperture&quot;:&quot;5.6&quot;,&quot;credit&quot;:&quot;&quot;,&quot;camera&quot;:&quot;Canon DIGITAL IXUS 870 IS&quot;,&quot;caption&quot;:&quot;&quot;,&quot;created_timestamp&quot;:&quot;1431523786&quot;,&quot;copyright&quot;:&quot;&quot;,&quot;focal_length&quot;:&quot;5&quot;,&quot;iso&quot;:&quot;80&quot;,&quot;shutter_speed&quot;:&quot;0.0025&quot;,&quot;title&quot;:&quot;&quot;,&quot;orientation&quot;:&quot;1&quot;}\" data-image-title=\"Herrliche Landschaft\" data-image-description=\"\" data-medium-file=\"https:\/\/i0.wp.com\/blog.kunstgriff.net\/wp-content\/uploads\/2015\/05\/Herrliche-Landschaft.jpg?fit=300%2C225&#038;ssl=1\" data-large-file=\"https:\/\/i0.wp.com\/blog.kunstgriff.net\/wp-content\/uploads\/2015\/05\/Herrliche-Landschaft.jpg?fit=1024%2C768&#038;ssl=1\" src=\"https:\/\/i0.wp.com\/blog.kunstgriff.net\/wp-content\/uploads\/2015\/05\/Herrliche-Landschaft.jpg?w=171&#038;h=128&#038;ssl=1\" srcset=\"https:\/\/i0.wp.com\/blog.kunstgriff.net\/wp-content\/uploads\/2015\/05\/Herrliche-Landschaft.jpg?w=1500&amp;ssl=1 1500w, https:\/\/i0.wp.com\/blog.kunstgriff.net\/wp-content\/uploads\/2015\/05\/Herrliche-Landschaft.jpg?resize=300%2C225&amp;ssl=1 300w, https:\/\/i0.wp.com\/blog.kunstgriff.net\/wp-content\/uploads\/2015\/05\/Herrliche-Landschaft.jpg?resize=1024%2C768&amp;ssl=1 1024w, https:\/\/i0.wp.com\/blog.kunstgriff.net\/wp-content\/uploads\/2015\/05\/Herrliche-Landschaft.jpg?resize=400%2C300&amp;ssl=1 400w, https:\/\/i0.wp.com\/blog.kunstgriff.net\/wp-content\/uploads\/2015\/05\/Herrliche-Landschaft.jpg?resize=900%2C675&amp;ssl=1 900w\" width=\"171\" height=\"128\" loading=\"lazy\" data-original-width=\"171\" data-original-height=\"128\" itemprop=\"http:\/\/schema.org\/image\" title=\"Herrliche Landschaft\" alt=\"Herrliche Landschaft\" style=\"width: 171px; height: 128px;\" \/> <\/a> <div class=\"tiled-gallery-caption\" itemprop=\"caption description\"> Herrliche Landschaft <\/div> <\/div> <\/div> <!-- close group --> <\/div> <!-- close row --> <div class=\"gallery-row\" style=\"width: 525px; height: 198px;\" data-original-width=\"525\" data-original-height=\"198\" > <div class=\"gallery-group images-1\" style=\"width: 263px; height: 198px;\" data-original-width=\"263\" data-original-height=\"198\" > <div class=\"tiled-gallery-item tiled-gallery-item-large\" itemprop=\"associatedMedia\" itemscope itemtype=\"http:\/\/schema.org\/ImageObject\"> <a href=\"https:\/\/blog.kunstgriff.net\/?attachment_id=12571\" border=\"0\" itemprop=\"url\"> <meta itemprop=\"width\" content=\"259\"> <meta itemprop=\"height\" content=\"194\"> <img decoding=\"async\" class=\"\" data-attachment-id=\"12571\" data-orig-file=\"https:\/\/blog.kunstgriff.net\/wp-content\/uploads\/2015\/05\/Oranisationstalent.jpg\" data-orig-size=\"1500,1125\" data-comments-opened=\"1\" data-image-meta=\"{&quot;aperture&quot;:&quot;2.8&quot;,&quot;credit&quot;:&quot;&quot;,&quot;camera&quot;:&quot;Canon DIGITAL IXUS 870 IS&quot;,&quot;caption&quot;:&quot;&quot;,&quot;created_timestamp&quot;:&quot;1431522055&quot;,&quot;copyright&quot;:&quot;&quot;,&quot;focal_length&quot;:&quot;5&quot;,&quot;iso&quot;:&quot;80&quot;,&quot;shutter_speed&quot;:&quot;0.0015625&quot;,&quot;title&quot;:&quot;&quot;,&quot;orientation&quot;:&quot;1&quot;}\" data-image-title=\"Oranisationstalent\" data-image-description=\"\" data-medium-file=\"https:\/\/i0.wp.com\/blog.kunstgriff.net\/wp-content\/uploads\/2015\/05\/Oranisationstalent.jpg?fit=300%2C225&#038;ssl=1\" data-large-file=\"https:\/\/i0.wp.com\/blog.kunstgriff.net\/wp-content\/uploads\/2015\/05\/Oranisationstalent.jpg?fit=1024%2C768&#038;ssl=1\" src=\"https:\/\/i0.wp.com\/blog.kunstgriff.net\/wp-content\/uploads\/2015\/05\/Oranisationstalent.jpg?w=259&#038;h=194&#038;ssl=1\" srcset=\"https:\/\/i0.wp.com\/blog.kunstgriff.net\/wp-content\/uploads\/2015\/05\/Oranisationstalent.jpg?w=1500&amp;ssl=1 1500w, https:\/\/i0.wp.com\/blog.kunstgriff.net\/wp-content\/uploads\/2015\/05\/Oranisationstalent.jpg?resize=300%2C225&amp;ssl=1 300w, https:\/\/i0.wp.com\/blog.kunstgriff.net\/wp-content\/uploads\/2015\/05\/Oranisationstalent.jpg?resize=1024%2C768&amp;ssl=1 1024w, https:\/\/i0.wp.com\/blog.kunstgriff.net\/wp-content\/uploads\/2015\/05\/Oranisationstalent.jpg?resize=400%2C300&amp;ssl=1 400w, https:\/\/i0.wp.com\/blog.kunstgriff.net\/wp-content\/uploads\/2015\/05\/Oranisationstalent.jpg?resize=900%2C675&amp;ssl=1 900w\" width=\"259\" height=\"194\" loading=\"lazy\" data-original-width=\"259\" data-original-height=\"194\" itemprop=\"http:\/\/schema.org\/image\" title=\"Oranisationstalent\" alt=\"Oranisationstalent\" style=\"width: 259px; height: 194px;\" \/> <\/a> <div class=\"tiled-gallery-caption\" itemprop=\"caption description\"> Oranisationstalent <\/div> <\/div> <\/div> <!-- close group --> <div class=\"gallery-group images-1\" style=\"width: 262px; height: 198px;\" data-original-width=\"262\" data-original-height=\"198\" > <div class=\"tiled-gallery-item tiled-gallery-item-large\" itemprop=\"associatedMedia\" itemscope itemtype=\"http:\/\/schema.org\/ImageObject\"> <a href=\"https:\/\/blog.kunstgriff.net\/?attachment_id=12572\" border=\"0\" itemprop=\"url\"> <meta itemprop=\"width\" content=\"258\"> <meta itemprop=\"height\" content=\"194\"> <img decoding=\"async\" class=\"\" data-attachment-id=\"12572\" data-orig-file=\"https:\/\/blog.kunstgriff.net\/wp-content\/uploads\/2015\/05\/Schl\u00fcsselausgabe.jpg\" data-orig-size=\"1500,1125\" data-comments-opened=\"1\" data-image-meta=\"{&quot;aperture&quot;:&quot;5&quot;,&quot;credit&quot;:&quot;&quot;,&quot;camera&quot;:&quot;Canon DIGITAL IXUS 870 IS&quot;,&quot;caption&quot;:&quot;&quot;,&quot;created_timestamp&quot;:&quot;1431593258&quot;,&quot;copyright&quot;:&quot;&quot;,&quot;focal_length&quot;:&quot;14.842998585573&quot;,&quot;iso&quot;:&quot;125&quot;,&quot;shutter_speed&quot;:&quot;0.003125&quot;,&quot;title&quot;:&quot;&quot;,&quot;orientation&quot;:&quot;1&quot;}\" data-image-title=\"Schl\u00fcsselausgabe\" data-image-description=\"\" data-medium-file=\"https:\/\/i0.wp.com\/blog.kunstgriff.net\/wp-content\/uploads\/2015\/05\/Schl%C3%BCsselausgabe.jpg?fit=300%2C225&#038;ssl=1\" data-large-file=\"https:\/\/i0.wp.com\/blog.kunstgriff.net\/wp-content\/uploads\/2015\/05\/Schl%C3%BCsselausgabe.jpg?fit=1024%2C768&#038;ssl=1\" src=\"https:\/\/i0.wp.com\/blog.kunstgriff.net\/wp-content\/uploads\/2015\/05\/Schl%C3%BCsselausgabe.jpg?w=258&#038;h=194&#038;ssl=1\" width=\"258\" height=\"194\" loading=\"lazy\" data-original-width=\"258\" data-original-height=\"194\" itemprop=\"http:\/\/schema.org\/image\" title=\"Schl\u00fcsselausgabe\" alt=\"Schl\u00fcsselausgabe\" style=\"width: 258px; height: 194px;\" \/> <\/a> <div class=\"tiled-gallery-caption\" itemprop=\"caption description\"> Schl\u00fcsselausgabe <\/div> <\/div> <\/div> <!-- close group --> <\/div> <!-- close row --> <\/div>\n","protected":false},"excerpt":{"rendered":"<p>135\u00a0km | 1.030 H\u00f6henmeter Dank touch&amp;travel ging es ohne einen Fahrschein zu l\u00f6sen erst mit der U-Bahn und dann mit dem Regional-Express ins knapp 2 Fahrstunden entfernte Elsterwerda. Die extra zu erwerbenden Fahrrad-Tix schenkte mir der Schaffner, da es ein Buchungsproblem bei der Bahn gab. So kann der Tag beginnen! Sonnenschein kam auch noch hinzu, &hellip; <\/p>\n<p class=\"link-more\"><a href=\"https:\/\/blog.kunstgriff.net\/?p=12555\" class=\"more-link\"><span class=\"screen-reader-text\">\u201eAuf Friedensfahrt\u2013Kurs 2015 1. Tag: Elsterwerda -> G\u00f6rlitz\u201c <\/span>weiterlesen<\/a><\/p>\n","protected":false},"author":2,"featured_media":12567,"comment_status":"open","ping_status":"open","sticky":false,"template":"","format":"standard","meta":{"jetpack_post_was_ever_published":false,"_jetpack_newsletter_access":"","_jetpack_dont_email_post_to_subs":false,"_jetpack_newsletter_tier_id":0,"_jetpack_memberships_contains_paywalled_content":false,"_jetpack_memberships_contains_paid_content":false,"footnotes":""},"categories":[14,13,7],"tags":[],"class_list":["post-12555","post","type-post","status-publish","format-standard","has-post-thumbnail","hentry","category-radfahren","category-radreise","category-rennradfahren"],"jetpack_featured_media_url":"https:\/\/i0.wp.com\/blog.kunstgriff.net\/wp-content\/uploads\/2015\/05\/Erstmal-Schotterpiste.jpg?fit=1500%2C1125&ssl=1","jetpack_shortlink":"https:\/\/wp.me\/p8Cxe7-3gv","jetpack-related-posts":[{"id":17798,"url":"https:\/\/blog.kunstgriff.net\/?p=17798","url_meta":{"origin":12555,"position":0},"title":"Auf Friedensfahrt\u2013Kurs 2018 1. Tag: Ludwigsfelde -> Elsterwerda","author":"Georg","date":"Mai 8, 2018","format":false,"excerpt":"126 km | 443 H\u00f6henmeter Perfekte Bedingungen f\u00fcr den ersten Tag der ITF 2018: Temperaturen jenseits der 20\u00b0C und wolkenloser Himmel. So fuhr ich mit einem breiten Grinsen nach Ludwigsfelde Bahnhof. Peter und Christel und seine Crew erwarteten uns schon zum Gep\u00e4ck verladen. Alles bereits j\u00e4hrliche Routine. Zum 9. mal\u2026","rel":"","context":"In &quot;Radfahren&quot;","block_context":{"text":"Radfahren","link":"https:\/\/blog.kunstgriff.net\/?cat=14"},"img":{"alt_text":"","src":"https:\/\/i0.wp.com\/blog.kunstgriff.net\/wp-content\/uploads\/2018\/05\/Gruppenfoto.jpg?fit=1200%2C800&ssl=1&resize=350%2C200","width":350,"height":200,"srcset":"https:\/\/i0.wp.com\/blog.kunstgriff.net\/wp-content\/uploads\/2018\/05\/Gruppenfoto.jpg?fit=1200%2C800&ssl=1&resize=350%2C200 1x, https:\/\/i0.wp.com\/blog.kunstgriff.net\/wp-content\/uploads\/2018\/05\/Gruppenfoto.jpg?fit=1200%2C800&ssl=1&resize=525%2C300 1.5x, https:\/\/i0.wp.com\/blog.kunstgriff.net\/wp-content\/uploads\/2018\/05\/Gruppenfoto.jpg?fit=1200%2C800&ssl=1&resize=700%2C400 2x, https:\/\/i0.wp.com\/blog.kunstgriff.net\/wp-content\/uploads\/2018\/05\/Gruppenfoto.jpg?fit=1200%2C800&ssl=1&resize=1050%2C600 3x"},"classes":[]},{"id":21575,"url":"https:\/\/blog.kunstgriff.net\/?p=21575","url_meta":{"origin":12555,"position":1},"title":"WfF-Sommertour Th\u00fcringen 2020 &#8211; Tag 1","author":"Georg","date":"August 3, 2020","format":false,"excerpt":"149,5 km | 2.225 H\u00f6henmeter Heute war der erste Urlaubstag in Th\u00fcringen. Die Nacht im sch\u00f6nen Sport-St\u00fctzpunkt Hotel war gewohnt unruhig. Immer wenn ich wo neues penne. Egal, die Freude aufs Radfahren war relativ gro\u00df, da mir diese Region relativ unbekannt ist und ich gestern bei der Anfahrt schon bemerkte,\u2026","rel":"","context":"In &quot;Radfahren&quot;","block_context":{"text":"Radfahren","link":"https:\/\/blog.kunstgriff.net\/?cat=14"},"img":{"alt_text":"Abfahrt nach Bad Blankenburg","src":"https:\/\/i0.wp.com\/blog.kunstgriff.net\/wp-content\/uploads\/2020\/08\/Abfahrt-nach-Bad-Brandenburg.jpg?fit=1200%2C800&ssl=1&resize=350%2C200","width":350,"height":200,"srcset":"https:\/\/i0.wp.com\/blog.kunstgriff.net\/wp-content\/uploads\/2020\/08\/Abfahrt-nach-Bad-Brandenburg.jpg?fit=1200%2C800&ssl=1&resize=350%2C200 1x, https:\/\/i0.wp.com\/blog.kunstgriff.net\/wp-content\/uploads\/2020\/08\/Abfahrt-nach-Bad-Brandenburg.jpg?fit=1200%2C800&ssl=1&resize=525%2C300 1.5x, https:\/\/i0.wp.com\/blog.kunstgriff.net\/wp-content\/uploads\/2020\/08\/Abfahrt-nach-Bad-Brandenburg.jpg?fit=1200%2C800&ssl=1&resize=700%2C400 2x, https:\/\/i0.wp.com\/blog.kunstgriff.net\/wp-content\/uploads\/2020\/08\/Abfahrt-nach-Bad-Brandenburg.jpg?fit=1200%2C800&ssl=1&resize=1050%2C600 3x"},"classes":[]},{"id":17800,"url":"https:\/\/blog.kunstgriff.net\/?p=17800","url_meta":{"origin":12555,"position":2},"title":"Auf Friedensfahrt\u2013Kurs 2018 2. Tag: Elsterwerda -> G\u00f6rlitz","author":"Georg","date":"Mai 9, 2018","format":false,"excerpt":"132 km | 999 H\u00f6henmeter Das Fr\u00fchst\u00fcck war \u00fcbersichtlich aber lecker in unserem Eurasischen Hotel. Im Anschluss ging es nach entspannter Morgen-Routine auf die Strecke. Nicht ganz, denn erstmal mussten die Nachk\u00f6mmlinge vom Bahnhof abgeholt werden. Das verz\u00f6gerte die Abfahrt um rund 45 Minuten. Danach konnte es endlich los gehen.\u2026","rel":"","context":"In &quot;Radfahren&quot;","block_context":{"text":"Radfahren","link":"https:\/\/blog.kunstgriff.net\/?cat=14"},"img":{"alt_text":"","src":"https:\/\/i0.wp.com\/blog.kunstgriff.net\/wp-content\/uploads\/2018\/05\/geschafft-vor-der-Jugendherberge-in-G%C3%B6rlitz.jpg?fit=1200%2C800&ssl=1&resize=350%2C200","width":350,"height":200,"srcset":"https:\/\/i0.wp.com\/blog.kunstgriff.net\/wp-content\/uploads\/2018\/05\/geschafft-vor-der-Jugendherberge-in-G%C3%B6rlitz.jpg?fit=1200%2C800&ssl=1&resize=350%2C200 1x, https:\/\/i0.wp.com\/blog.kunstgriff.net\/wp-content\/uploads\/2018\/05\/geschafft-vor-der-Jugendherberge-in-G%C3%B6rlitz.jpg?fit=1200%2C800&ssl=1&resize=525%2C300 1.5x, https:\/\/i0.wp.com\/blog.kunstgriff.net\/wp-content\/uploads\/2018\/05\/geschafft-vor-der-Jugendherberge-in-G%C3%B6rlitz.jpg?fit=1200%2C800&ssl=1&resize=700%2C400 2x, https:\/\/i0.wp.com\/blog.kunstgriff.net\/wp-content\/uploads\/2018\/05\/geschafft-vor-der-Jugendherberge-in-G%C3%B6rlitz.jpg?fit=1200%2C800&ssl=1&resize=1050%2C600 3x"},"classes":[]},{"id":12636,"url":"https:\/\/blog.kunstgriff.net\/?p=12636","url_meta":{"origin":12555,"position":3},"title":"Auf Friedensfahrt\u2013Kurs 2015 &#8211; Ein R\u00e9sum\u00e9","author":"Georg","date":"Mai 24, 2015","format":false,"excerpt":"Nachdem ich im letzten Jahr die ITF ausgelassen hatte, war es in diesem Jahr meine f\u00fcnfte Teilnahme. Vor dem Start in Elsterwerda wusste ich, was mich in den n\u00e4chsten f\u00fcnf Tage erwarten w\u00fcrde: Radfahren, Radfahren und noch ein bisschen Radfahren. Um das Dazwischen wollte sich, wie schon in den Jahren\u2026","rel":"","context":"In &quot;Besonderes Ereignis&quot;","block_context":{"text":"Besonderes Ereignis","link":"https:\/\/blog.kunstgriff.net\/?cat=25"},"img":{"alt_text":"","src":"","width":0,"height":0},"classes":[]},{"id":7870,"url":"https:\/\/blog.kunstgriff.net\/?p=7870","url_meta":{"origin":12555,"position":4},"title":"Oranienburg- > Usedom 2012","author":"Georg","date":"Mai 12, 2012","format":false,"excerpt":"oder \u00bb11 gegen den Wind\u00abEine Woche nicht auf dem Rad zu sitzen, ist sicher nicht die richtige Vorbereitung f\u00fcr das Vorhaben Usedom Fr\u00fchjahr 2012, und so machte ich mich mit einem mulmigen Gef\u00fchl um 5 Uhr auf den Weg nach Oranienburg. Fast alle Kettenbr\u00fcder waren im RegionalExpress zum Start, als\u2026","rel":"","context":"In &quot;200er&quot;","block_context":{"text":"200er","link":"https:\/\/blog.kunstgriff.net\/?cat=48"},"img":{"alt_text":"","src":"https:\/\/i0.wp.com\/blog.kunstgriff.net\/wp-content\/uploads\/2012\/05\/Kurz-vor-der-Abfahrt-in-Oranienburg-300x225.jpg?resize=350%2C200","width":350,"height":200},"classes":[]},{"id":394,"url":"https:\/\/blog.kunstgriff.net\/?p=394","url_meta":{"origin":12555,"position":5},"title":"ITF 1. Etappe Ludwigsfelde -> Meissen","author":"Georg","date":"Mai 20, 2009","format":false,"excerpt":"162,6 km \u2022\u00a0412 H\u00f6henmeter Christoph und ich trafen uns um 8 Uhr auf dem Bahnhof Gesundbrunnen um mit unseren R\u00e4dern und R\u00fccks\u00e4cken den Regionalexpress nach Ludwigsfelde zu nehmen. Auf dem Bahnhofsvorplatz dort sollte der Start zur Friedensfahrt 2009 stattfinden. Es erwarteten uns schon ca. 20 Rennradfahrer. Die Meisten im etwas\u2026","rel":"","context":"In &quot;Garmin&quot;","block_context":{"text":"Garmin","link":"https:\/\/blog.kunstgriff.net\/?cat=35"},"img":{"alt_text":"","src":"http:\/\/www.assoc-amazon.de\/e\/ir?t=&l=as2&o=3&a=B001690VC6","width":350,"height":200},"classes":[]}],"jetpack_likes_enabled":true,"jetpack_sharing_enabled":true,"_links":{"self":[{"href":"https:\/\/blog.kunstgriff.net\/index.php?rest_route=\/wp\/v2\/posts\/12555","targetHints":{"allow":["GET"]}}],"collection":[{"href":"https:\/\/blog.kunstgriff.net\/index.php?rest_route=\/wp\/v2\/posts"}],"about":[{"href":"https:\/\/blog.kunstgriff.net\/index.php?rest_route=\/wp\/v2\/types\/post"}],"author":[{"embeddable":true,"href":"https:\/\/blog.kunstgriff.net\/index.php?rest_route=\/wp\/v2\/users\/2"}],"replies":[{"embeddable":true,"href":"https:\/\/blog.kunstgriff.net\/index.php?rest_route=%2Fwp%2Fv2%2Fcomments&post=12555"}],"version-history":[{"count":0,"href":"https:\/\/blog.kunstgriff.net\/index.php?rest_route=\/wp\/v2\/posts\/12555\/revisions"}],"wp:featuredmedia":[{"embeddable":true,"href":"https:\/\/blog.kunstgriff.net\/index.php?rest_route=\/wp\/v2\/media\/12567"}],"wp:attachment":[{"href":"https:\/\/blog.kunstgriff.net\/index.php?rest_route=%2Fwp%2Fv2%2Fmedia&parent=12555"}],"wp:term":[{"taxonomy":"category","embeddable":true,"href":"https:\/\/blog.kunstgriff.net\/index.php?rest_route=%2Fwp%2Fv2%2Fcategories&post=12555"},{"taxonomy":"post_tag","embeddable":true,"href":"https:\/\/blog.kunstgriff.net\/index.php?rest_route=%2Fwp%2Fv2%2Ftags&post=12555"}],"curies":[{"name":"wp","href":"https:\/\/api.w.org\/{rel}","templated":true}]}}