{"id":12557,"date":"2015-05-14T19:00:29","date_gmt":"2015-05-14T17:00:29","guid":{"rendered":"http:\/\/blog.kunstgriff.net\/?p=12557"},"modified":"2016-07-31T18:51:55","modified_gmt":"2016-07-31T16:51:55","slug":"auf-friedensfahrt-kurs-2015-2-tag-goerlitz-karpacz","status":"publish","type":"post","link":"https:\/\/blog.kunstgriff.net\/?p=12557","title":{"rendered":"Auf Friedensfahrt\u2013Kurs 2015 2. Tag: G\u00f6rlitz -> Karpacz"},"content":{"rendered":"<span class=\"span-reading-time rt-reading-time\" style=\"display: block;\"><span class=\"rt-label rt-prefix\">Lesezeit: <\/span> <span class=\"rt-time\"> &lt; 1<\/span> <span class=\"rt-label rt-postfix\">Minute<\/span><\/span><h4>130 km | 2.403 H\u00f6henmeter<\/h4>\n<hr \/>\n<p>Beim Blick aus dem Fenster nach dem Aufstehen verfielen wir erstmal in Schockstarre: die Stra\u00dfen waren nass vom Regen in der Nacht und der Himmel stark bew\u00f6lkt. Ein Blick auf den Regenradar lie\u00df die Laune steigen: der <em>Herrentag<\/em> w\u00fcrde auf jeden Fall trocken bleiben. Zumindest von oben.<\/p>\n<p>Um 10:30 Uhr ging es dann, nachdem der letzte Teilnehmer mit dem Zug eingetroffen war, und Peter Scheunemann mit dem G\u00f6rlitzer Radsportverbandevorsitzenden seine kurze Ansprache gehalten hatte, auf die Piste.<\/p>\n<p>Erstmal relativ gesittet \u00fcber die Neisse. Dann wurde das Tempo versch\u00e4rft. Es wurde anstrengend. F\u00fcr mich zu anspruchsvoll, gerade weil es auch h\u00fcgeliger wurde und ich die Kanten nicht mit <em>hoch-chsen<\/em>\u00a0<del>wollte<\/del> konnte.<\/p>\n<p>Ich lie\u00df rei\u00dfen, klickte Musik an und genoss den nun blauen Himmel, die saftig gr\u00fcne Natur und das dahingleiten auf verkehrsarmen Stra\u00dfen.<\/p>\n<p>Vor dem Buffet in Mirsk musste allerdings noch ein recht giftiger Ski-H\u00fcgel genommen werden. Schneeketten waren dort im Winter Pflicht. Heute mussten sie zum Gl\u00fcck nicht angelegt werden.<\/p>\n<p>Nach dem Genuss des umfangreichen Buffets ging es wellig weiter auf der langen Strecke. Ein schier endloser, etwa 12 km l\u00e4nger Anstieg lag noch vor uns, bevor endlich die aus 2011 bekannte Pension <em>Apollo<\/em>\u00a0erreicht war. Das Einchecken ging flott \u00fcber die B\u00fchne und wir k\u00f6nnten ein komfortables 3er-Zimmer beziehen.<\/p>\n<p>Bedauerlicherweise war das Abendbrot nicht sehr umfangreich und so zogen wir nach diesem weiter, um noch weitere Kalorien und viel wichtiger: Bier und Nachtisch zuzuf\u00fchren. Zufrieden sanken wir zeitig in die Federn, denn morgen sollte ja auch wieder Rad gefahren werden.<\/p>\n<p><iframe height='405' width='590' frameborder='0' allowtransparency='true' scrolling='no' src='https:\/\/www.strava.com\/activities\/306683328\/embed\/1c3092081d70e44909485f1aa0336ca34bf8e7ba'><\/iframe><\/p>\n<div class=\"tiled-gallery type-rectangular tiled-gallery-unresized\" data-original-width=\"525\" data-carousel-extra='{&quot;blog_id&quot;:1,&quot;permalink&quot;:&quot;https:\\\/\\\/blog.kunstgriff.net\\\/?p=12557&quot;,&quot;likes_blog_id&quot;:127394879}' itemscope itemtype=\"http:\/\/schema.org\/ImageGallery\" > <div class=\"gallery-row\" style=\"width: 525px; height: 264px;\" data-original-width=\"525\" data-original-height=\"264\" > <div class=\"gallery-group images-1\" style=\"width: 350px; height: 264px;\" data-original-width=\"350\" data-original-height=\"264\" > <div class=\"tiled-gallery-item tiled-gallery-item-large\" itemprop=\"associatedMedia\" itemscope itemtype=\"http:\/\/schema.org\/ImageObject\"> <a href=\"https:\/\/blog.kunstgriff.net\/?attachment_id=12580\" border=\"0\" itemprop=\"url\"> <meta itemprop=\"width\" content=\"346\"> <meta itemprop=\"height\" content=\"260\"> <img decoding=\"async\" class=\"\" data-attachment-id=\"12580\" data-orig-file=\"https:\/\/blog.kunstgriff.net\/wp-content\/uploads\/2015\/05\/Doch-keine-Burgbesichtigung.jpg\" data-orig-size=\"1500,1125\" data-comments-opened=\"1\" data-image-meta=\"{&quot;aperture&quot;:&quot;2.8&quot;,&quot;credit&quot;:&quot;&quot;,&quot;camera&quot;:&quot;Canon DIGITAL IXUS 870 IS&quot;,&quot;caption&quot;:&quot;&quot;,&quot;created_timestamp&quot;:&quot;1431604001&quot;,&quot;copyright&quot;:&quot;&quot;,&quot;focal_length&quot;:&quot;5&quot;,&quot;iso&quot;:&quot;125&quot;,&quot;shutter_speed&quot;:&quot;0.0025&quot;,&quot;title&quot;:&quot;&quot;,&quot;orientation&quot;:&quot;1&quot;}\" data-image-title=\"Doch keine Burgbesichtigung\" data-image-description=\"\" data-medium-file=\"https:\/\/i0.wp.com\/blog.kunstgriff.net\/wp-content\/uploads\/2015\/05\/Doch-keine-Burgbesichtigung.jpg?fit=300%2C225&#038;ssl=1\" data-large-file=\"https:\/\/i0.wp.com\/blog.kunstgriff.net\/wp-content\/uploads\/2015\/05\/Doch-keine-Burgbesichtigung.jpg?fit=1024%2C768&#038;ssl=1\" src=\"https:\/\/i0.wp.com\/blog.kunstgriff.net\/wp-content\/uploads\/2015\/05\/Doch-keine-Burgbesichtigung.jpg?w=346&#038;h=260&#038;ssl=1\" srcset=\"https:\/\/i0.wp.com\/blog.kunstgriff.net\/wp-content\/uploads\/2015\/05\/Doch-keine-Burgbesichtigung.jpg?w=1500&amp;ssl=1 1500w, https:\/\/i0.wp.com\/blog.kunstgriff.net\/wp-content\/uploads\/2015\/05\/Doch-keine-Burgbesichtigung.jpg?resize=300%2C225&amp;ssl=1 300w, https:\/\/i0.wp.com\/blog.kunstgriff.net\/wp-content\/uploads\/2015\/05\/Doch-keine-Burgbesichtigung.jpg?resize=1024%2C768&amp;ssl=1 1024w, https:\/\/i0.wp.com\/blog.kunstgriff.net\/wp-content\/uploads\/2015\/05\/Doch-keine-Burgbesichtigung.jpg?resize=400%2C300&amp;ssl=1 400w, https:\/\/i0.wp.com\/blog.kunstgriff.net\/wp-content\/uploads\/2015\/05\/Doch-keine-Burgbesichtigung.jpg?resize=900%2C675&amp;ssl=1 900w\" width=\"346\" height=\"260\" loading=\"lazy\" data-original-width=\"346\" data-original-height=\"260\" itemprop=\"http:\/\/schema.org\/image\" title=\"Doch keine Burgbesichtigung\" alt=\"Doch keine Burgbesichtigung\" style=\"width: 346px; height: 260px;\" \/> <\/a> <div class=\"tiled-gallery-caption\" itemprop=\"caption description\"> Doch keine Burgbesichtigung <\/div> <\/div> <\/div> <!-- close group --> <div class=\"gallery-group images-2\" style=\"width: 175px; height: 264px;\" data-original-width=\"175\" data-original-height=\"264\" > <div class=\"tiled-gallery-item tiled-gallery-item-small\" itemprop=\"associatedMedia\" itemscope itemtype=\"http:\/\/schema.org\/ImageObject\"> <a href=\"https:\/\/blog.kunstgriff.net\/?attachment_id=12585\" border=\"0\" itemprop=\"url\"> <meta itemprop=\"width\" content=\"171\"> <meta itemprop=\"height\" content=\"128\"> <img decoding=\"async\" class=\"\" data-attachment-id=\"12585\" data-orig-file=\"https:\/\/blog.kunstgriff.net\/wp-content\/uploads\/2015\/05\/Traumhafte-Anstiege.jpg\" data-orig-size=\"1500,1125\" data-comments-opened=\"1\" data-image-meta=\"{&quot;aperture&quot;:&quot;5.6&quot;,&quot;credit&quot;:&quot;&quot;,&quot;camera&quot;:&quot;Canon DIGITAL IXUS 870 IS&quot;,&quot;caption&quot;:&quot;&quot;,&quot;created_timestamp&quot;:&quot;1431607794&quot;,&quot;copyright&quot;:&quot;&quot;,&quot;focal_length&quot;:&quot;5&quot;,&quot;iso&quot;:&quot;80&quot;,&quot;shutter_speed&quot;:&quot;0.0025&quot;,&quot;title&quot;:&quot;&quot;,&quot;orientation&quot;:&quot;1&quot;}\" data-image-title=\"Traumhafte Anstiege\" data-image-description=\"\" data-medium-file=\"https:\/\/i0.wp.com\/blog.kunstgriff.net\/wp-content\/uploads\/2015\/05\/Traumhafte-Anstiege.jpg?fit=300%2C225&#038;ssl=1\" data-large-file=\"https:\/\/i0.wp.com\/blog.kunstgriff.net\/wp-content\/uploads\/2015\/05\/Traumhafte-Anstiege.jpg?fit=1024%2C768&#038;ssl=1\" src=\"https:\/\/i0.wp.com\/blog.kunstgriff.net\/wp-content\/uploads\/2015\/05\/Traumhafte-Anstiege.jpg?w=171&#038;h=128&#038;ssl=1\" srcset=\"https:\/\/i0.wp.com\/blog.kunstgriff.net\/wp-content\/uploads\/2015\/05\/Traumhafte-Anstiege.jpg?w=1500&amp;ssl=1 1500w, https:\/\/i0.wp.com\/blog.kunstgriff.net\/wp-content\/uploads\/2015\/05\/Traumhafte-Anstiege.jpg?resize=300%2C225&amp;ssl=1 300w, https:\/\/i0.wp.com\/blog.kunstgriff.net\/wp-content\/uploads\/2015\/05\/Traumhafte-Anstiege.jpg?resize=1024%2C768&amp;ssl=1 1024w, https:\/\/i0.wp.com\/blog.kunstgriff.net\/wp-content\/uploads\/2015\/05\/Traumhafte-Anstiege.jpg?resize=400%2C300&amp;ssl=1 400w, https:\/\/i0.wp.com\/blog.kunstgriff.net\/wp-content\/uploads\/2015\/05\/Traumhafte-Anstiege.jpg?resize=900%2C675&amp;ssl=1 900w\" width=\"171\" height=\"128\" loading=\"lazy\" data-original-width=\"171\" data-original-height=\"128\" itemprop=\"http:\/\/schema.org\/image\" title=\"Traumhafte Anstiege\" alt=\"Traumhafte Anstiege\" style=\"width: 171px; height: 128px;\" \/> <\/a> <div class=\"tiled-gallery-caption\" itemprop=\"caption description\"> Traumhafte Anstiege <\/div> <\/div> <div class=\"tiled-gallery-item tiled-gallery-item-small\" itemprop=\"associatedMedia\" itemscope itemtype=\"http:\/\/schema.org\/ImageObject\"> <a href=\"https:\/\/blog.kunstgriff.net\/?attachment_id=12584\" border=\"0\" itemprop=\"url\"> <meta itemprop=\"width\" content=\"171\"> <meta itemprop=\"height\" content=\"128\"> <img decoding=\"async\" class=\"\" data-attachment-id=\"12584\" data-orig-file=\"https:\/\/blog.kunstgriff.net\/wp-content\/uploads\/2015\/05\/Steile-Rampe.jpg\" data-orig-size=\"1500,1125\" data-comments-opened=\"1\" data-image-meta=\"{&quot;aperture&quot;:&quot;2.8&quot;,&quot;credit&quot;:&quot;&quot;,&quot;camera&quot;:&quot;Canon DIGITAL IXUS 870 IS&quot;,&quot;caption&quot;:&quot;&quot;,&quot;created_timestamp&quot;:&quot;1431616368&quot;,&quot;copyright&quot;:&quot;&quot;,&quot;focal_length&quot;:&quot;5&quot;,&quot;iso&quot;:&quot;400&quot;,&quot;shutter_speed&quot;:&quot;0.004&quot;,&quot;title&quot;:&quot;&quot;,&quot;orientation&quot;:&quot;1&quot;}\" data-image-title=\"Steile Rampe\" data-image-description=\"\" data-medium-file=\"https:\/\/i0.wp.com\/blog.kunstgriff.net\/wp-content\/uploads\/2015\/05\/Steile-Rampe.jpg?fit=300%2C225&#038;ssl=1\" data-large-file=\"https:\/\/i0.wp.com\/blog.kunstgriff.net\/wp-content\/uploads\/2015\/05\/Steile-Rampe.jpg?fit=1024%2C768&#038;ssl=1\" src=\"https:\/\/i0.wp.com\/blog.kunstgriff.net\/wp-content\/uploads\/2015\/05\/Steile-Rampe.jpg?w=171&#038;h=128&#038;ssl=1\" srcset=\"https:\/\/i0.wp.com\/blog.kunstgriff.net\/wp-content\/uploads\/2015\/05\/Steile-Rampe.jpg?w=1500&amp;ssl=1 1500w, https:\/\/i0.wp.com\/blog.kunstgriff.net\/wp-content\/uploads\/2015\/05\/Steile-Rampe.jpg?resize=300%2C225&amp;ssl=1 300w, https:\/\/i0.wp.com\/blog.kunstgriff.net\/wp-content\/uploads\/2015\/05\/Steile-Rampe.jpg?resize=1024%2C768&amp;ssl=1 1024w, https:\/\/i0.wp.com\/blog.kunstgriff.net\/wp-content\/uploads\/2015\/05\/Steile-Rampe.jpg?resize=400%2C300&amp;ssl=1 400w, https:\/\/i0.wp.com\/blog.kunstgriff.net\/wp-content\/uploads\/2015\/05\/Steile-Rampe.jpg?resize=900%2C675&amp;ssl=1 900w\" width=\"171\" height=\"128\" loading=\"lazy\" data-original-width=\"171\" data-original-height=\"128\" itemprop=\"http:\/\/schema.org\/image\" title=\"Steile Rampe\" alt=\"Sattgr\u00fcne W\u00e4lder\" style=\"width: 171px; height: 128px;\" \/> <\/a> <div class=\"tiled-gallery-caption\" itemprop=\"caption description\"> Sattgr\u00fcne W\u00e4lder <\/div> <\/div> <\/div> <!-- close group --> <\/div> <!-- close row --> <div class=\"gallery-row\" style=\"width: 525px; height: 132px;\" data-original-width=\"525\" data-original-height=\"132\" > <div class=\"gallery-group images-1\" style=\"width: 175px; height: 132px;\" data-original-width=\"175\" data-original-height=\"132\" > <div class=\"tiled-gallery-item tiled-gallery-item-small\" itemprop=\"associatedMedia\" itemscope itemtype=\"http:\/\/schema.org\/ImageObject\"> <a href=\"https:\/\/blog.kunstgriff.net\/?attachment_id=12581\" border=\"0\" itemprop=\"url\"> <meta itemprop=\"width\" content=\"171\"> <meta itemprop=\"height\" content=\"128\"> <img decoding=\"async\" class=\"\" data-attachment-id=\"12581\" data-orig-file=\"https:\/\/blog.kunstgriff.net\/wp-content\/uploads\/2015\/05\/klettern.jpg\" data-orig-size=\"1500,1125\" data-comments-opened=\"1\" data-image-meta=\"{&quot;aperture&quot;:&quot;2.8&quot;,&quot;credit&quot;:&quot;&quot;,&quot;camera&quot;:&quot;Canon DIGITAL IXUS 870 IS&quot;,&quot;caption&quot;:&quot;&quot;,&quot;created_timestamp&quot;:&quot;1431616359&quot;,&quot;copyright&quot;:&quot;&quot;,&quot;focal_length&quot;:&quot;5&quot;,&quot;iso&quot;:&quot;400&quot;,&quot;shutter_speed&quot;:&quot;0.0025&quot;,&quot;title&quot;:&quot;&quot;,&quot;orientation&quot;:&quot;1&quot;}\" data-image-title=\"klettern\" data-image-description=\"\" data-medium-file=\"https:\/\/i0.wp.com\/blog.kunstgriff.net\/wp-content\/uploads\/2015\/05\/klettern.jpg?fit=300%2C225&#038;ssl=1\" data-large-file=\"https:\/\/i0.wp.com\/blog.kunstgriff.net\/wp-content\/uploads\/2015\/05\/klettern.jpg?fit=1024%2C768&#038;ssl=1\" src=\"https:\/\/i0.wp.com\/blog.kunstgriff.net\/wp-content\/uploads\/2015\/05\/klettern.jpg?w=171&#038;h=128&#038;ssl=1\" srcset=\"https:\/\/i0.wp.com\/blog.kunstgriff.net\/wp-content\/uploads\/2015\/05\/klettern.jpg?w=1500&amp;ssl=1 1500w, https:\/\/i0.wp.com\/blog.kunstgriff.net\/wp-content\/uploads\/2015\/05\/klettern.jpg?resize=300%2C225&amp;ssl=1 300w, https:\/\/i0.wp.com\/blog.kunstgriff.net\/wp-content\/uploads\/2015\/05\/klettern.jpg?resize=1024%2C768&amp;ssl=1 1024w, https:\/\/i0.wp.com\/blog.kunstgriff.net\/wp-content\/uploads\/2015\/05\/klettern.jpg?resize=400%2C300&amp;ssl=1 400w, https:\/\/i0.wp.com\/blog.kunstgriff.net\/wp-content\/uploads\/2015\/05\/klettern.jpg?resize=900%2C675&amp;ssl=1 900w\" width=\"171\" height=\"128\" loading=\"lazy\" data-original-width=\"171\" data-original-height=\"128\" itemprop=\"http:\/\/schema.org\/image\" title=\"klettern\" alt=\"klettern\" style=\"width: 171px; height: 128px;\" \/> <\/a> <div class=\"tiled-gallery-caption\" itemprop=\"caption description\"> klettern <\/div> <\/div> <\/div> <!-- close group --> <div class=\"gallery-group images-1\" style=\"width: 175px; height: 132px;\" data-original-width=\"175\" data-original-height=\"132\" > <div class=\"tiled-gallery-item tiled-gallery-item-small\" itemprop=\"associatedMedia\" itemscope itemtype=\"http:\/\/schema.org\/ImageObject\"> <a href=\"https:\/\/blog.kunstgriff.net\/?attachment_id=12583\" border=\"0\" itemprop=\"url\"> <meta itemprop=\"width\" content=\"171\"> <meta itemprop=\"height\" content=\"128\"> <img decoding=\"async\" class=\"\" data-attachment-id=\"12583\" data-orig-file=\"https:\/\/blog.kunstgriff.net\/wp-content\/uploads\/2015\/05\/Schneeketten-nicht-dabei.jpg\" data-orig-size=\"1500,1125\" data-comments-opened=\"1\" data-image-meta=\"{&quot;aperture&quot;:&quot;3.5&quot;,&quot;credit&quot;:&quot;&quot;,&quot;camera&quot;:&quot;Canon DIGITAL IXUS 870 IS&quot;,&quot;caption&quot;:&quot;&quot;,&quot;created_timestamp&quot;:&quot;1431619048&quot;,&quot;copyright&quot;:&quot;&quot;,&quot;focal_length&quot;:&quot;8.118&quot;,&quot;iso&quot;:&quot;200&quot;,&quot;shutter_speed&quot;:&quot;0.002&quot;,&quot;title&quot;:&quot;&quot;,&quot;orientation&quot;:&quot;1&quot;}\" data-image-title=\"Schneeketten-nicht dabei\" data-image-description=\"\" data-medium-file=\"https:\/\/i0.wp.com\/blog.kunstgriff.net\/wp-content\/uploads\/2015\/05\/Schneeketten-nicht-dabei.jpg?fit=300%2C225&#038;ssl=1\" data-large-file=\"https:\/\/i0.wp.com\/blog.kunstgriff.net\/wp-content\/uploads\/2015\/05\/Schneeketten-nicht-dabei.jpg?fit=1024%2C768&#038;ssl=1\" src=\"https:\/\/i0.wp.com\/blog.kunstgriff.net\/wp-content\/uploads\/2015\/05\/Schneeketten-nicht-dabei.jpg?w=171&#038;h=128&#038;ssl=1\" srcset=\"https:\/\/i0.wp.com\/blog.kunstgriff.net\/wp-content\/uploads\/2015\/05\/Schneeketten-nicht-dabei.jpg?w=1500&amp;ssl=1 1500w, https:\/\/i0.wp.com\/blog.kunstgriff.net\/wp-content\/uploads\/2015\/05\/Schneeketten-nicht-dabei.jpg?resize=300%2C225&amp;ssl=1 300w, https:\/\/i0.wp.com\/blog.kunstgriff.net\/wp-content\/uploads\/2015\/05\/Schneeketten-nicht-dabei.jpg?resize=1024%2C768&amp;ssl=1 1024w, https:\/\/i0.wp.com\/blog.kunstgriff.net\/wp-content\/uploads\/2015\/05\/Schneeketten-nicht-dabei.jpg?resize=400%2C300&amp;ssl=1 400w, https:\/\/i0.wp.com\/blog.kunstgriff.net\/wp-content\/uploads\/2015\/05\/Schneeketten-nicht-dabei.jpg?resize=900%2C675&amp;ssl=1 900w\" width=\"171\" height=\"128\" loading=\"lazy\" data-original-width=\"171\" data-original-height=\"128\" itemprop=\"http:\/\/schema.org\/image\" title=\"Schneeketten-nicht dabei\" alt=\"Schneeketten-nicht dabei\" style=\"width: 171px; height: 128px;\" \/> <\/a> <div class=\"tiled-gallery-caption\" itemprop=\"caption description\"> Schneeketten-nicht dabei <\/div> <\/div> <\/div> <!-- close group --> <div class=\"gallery-group images-1\" style=\"width: 175px; height: 132px;\" data-original-width=\"175\" data-original-height=\"132\" > <div class=\"tiled-gallery-item tiled-gallery-item-small\" itemprop=\"associatedMedia\" itemscope itemtype=\"http:\/\/schema.org\/ImageObject\"> <a href=\"https:\/\/blog.kunstgriff.net\/?attachment_id=12582\" border=\"0\" itemprop=\"url\"> <meta itemprop=\"width\" content=\"171\"> <meta itemprop=\"height\" content=\"128\"> <img decoding=\"async\" class=\"\" data-attachment-id=\"12582\" data-orig-file=\"https:\/\/blog.kunstgriff.net\/wp-content\/uploads\/2015\/05\/Sattgr\u00fcne-W\u00e4lder.jpg\" data-orig-size=\"1500,1125\" data-comments-opened=\"1\" data-image-meta=\"{&quot;aperture&quot;:&quot;2.8&quot;,&quot;credit&quot;:&quot;&quot;,&quot;camera&quot;:&quot;Canon DIGITAL IXUS 870 IS&quot;,&quot;caption&quot;:&quot;&quot;,&quot;created_timestamp&quot;:&quot;1431619644&quot;,&quot;copyright&quot;:&quot;&quot;,&quot;focal_length&quot;:&quot;5&quot;,&quot;iso&quot;:&quot;125&quot;,&quot;shutter_speed&quot;:&quot;0.0125&quot;,&quot;title&quot;:&quot;&quot;,&quot;orientation&quot;:&quot;1&quot;}\" data-image-title=\"Sattgr\u00fcne W\u00e4lder\" data-image-description=\"\" data-medium-file=\"https:\/\/i0.wp.com\/blog.kunstgriff.net\/wp-content\/uploads\/2015\/05\/Sattgr%C3%BCne-W%C3%A4lder.jpg?fit=300%2C225&#038;ssl=1\" data-large-file=\"https:\/\/i0.wp.com\/blog.kunstgriff.net\/wp-content\/uploads\/2015\/05\/Sattgr%C3%BCne-W%C3%A4lder.jpg?fit=1024%2C768&#038;ssl=1\" src=\"https:\/\/i0.wp.com\/blog.kunstgriff.net\/wp-content\/uploads\/2015\/05\/Sattgr%C3%BCne-W%C3%A4lder.jpg?w=171&#038;h=128&#038;ssl=1\" width=\"171\" height=\"128\" loading=\"lazy\" data-original-width=\"171\" data-original-height=\"128\" itemprop=\"http:\/\/schema.org\/image\" title=\"Sattgr\u00fcne W\u00e4lder\" alt=\"Steile Rampe\" style=\"width: 171px; height: 128px;\" \/> <\/a> <div class=\"tiled-gallery-caption\" itemprop=\"caption description\"> Steile Rampe <\/div> <\/div> <\/div> <!-- close group --> <\/div> <!-- close row --> <\/div>\n","protected":false},"excerpt":{"rendered":"<p>130 km | 2.403 H\u00f6henmeter Beim Blick aus dem Fenster nach dem Aufstehen verfielen wir erstmal in Schockstarre: die Stra\u00dfen waren nass vom Regen in der Nacht und der Himmel stark bew\u00f6lkt. Ein Blick auf den Regenradar lie\u00df die Laune steigen: der Herrentag w\u00fcrde auf jeden Fall trocken bleiben. Zumindest von oben. Um 10:30 Uhr &hellip; <\/p>\n<p class=\"link-more\"><a href=\"https:\/\/blog.kunstgriff.net\/?p=12557\" class=\"more-link\"><span class=\"screen-reader-text\">\u201eAuf Friedensfahrt\u2013Kurs 2015 2. Tag: G\u00f6rlitz -> Karpacz\u201c <\/span>weiterlesen<\/a><\/p>\n","protected":false},"author":2,"featured_media":12584,"comment_status":"open","ping_status":"open","sticky":false,"template":"","format":"standard","meta":{"jetpack_post_was_ever_published":false,"_jetpack_newsletter_access":"","_jetpack_dont_email_post_to_subs":false,"_jetpack_newsletter_tier_id":0,"_jetpack_memberships_contains_paywalled_content":false,"_jetpack_memberships_contains_paid_content":false,"footnotes":""},"categories":[14,13,7],"tags":[],"class_list":["post-12557","post","type-post","status-publish","format-standard","has-post-thumbnail","hentry","category-radfahren","category-radreise","category-rennradfahren"],"jetpack_featured_media_url":"https:\/\/i0.wp.com\/blog.kunstgriff.net\/wp-content\/uploads\/2015\/05\/Steile-Rampe.jpg?fit=1500%2C1125&ssl=1","jetpack_shortlink":"https:\/\/wp.me\/p8Cxe7-3gx","jetpack-related-posts":[{"id":16482,"url":"https:\/\/blog.kunstgriff.net\/?p=16482","url_meta":{"origin":12557,"position":0},"title":"P\u00e4wesin-Runde rerereloaded","author":"Georg","date":"Juli 22, 2017","format":false,"excerpt":"\u00bbWiederholungst\u00e4ter mit Vorsatz\u00ab Das war heute gar nicht so einfach mit der Tourenfindung, denn ein kleines Regenfeld zog best\u00e4ndig auf Berlin zu. Diesem wollte ich mich auf keinen Fall aussetzen und so sagte ich den Treff mit den TiRis am Auerbachtunnel erstmal ab. Marc wollte mit Jule nach P\u00e4wesin \u2013\u2026","rel":"","context":"In &quot;Cake-Ride&quot;","block_context":{"text":"Cake-Ride","link":"https:\/\/blog.kunstgriff.net\/?cat=34"},"img":{"alt_text":"","src":"https:\/\/i0.wp.com\/blog.kunstgriff.net\/wp-content\/uploads\/2017\/07\/Wustermark-im-Wind.jpg?fit=1200%2C800&ssl=1&resize=350%2C200","width":350,"height":200,"srcset":"https:\/\/i0.wp.com\/blog.kunstgriff.net\/wp-content\/uploads\/2017\/07\/Wustermark-im-Wind.jpg?fit=1200%2C800&ssl=1&resize=350%2C200 1x, https:\/\/i0.wp.com\/blog.kunstgriff.net\/wp-content\/uploads\/2017\/07\/Wustermark-im-Wind.jpg?fit=1200%2C800&ssl=1&resize=525%2C300 1.5x, https:\/\/i0.wp.com\/blog.kunstgriff.net\/wp-content\/uploads\/2017\/07\/Wustermark-im-Wind.jpg?fit=1200%2C800&ssl=1&resize=700%2C400 2x, https:\/\/i0.wp.com\/blog.kunstgriff.net\/wp-content\/uploads\/2017\/07\/Wustermark-im-Wind.jpg?fit=1200%2C800&ssl=1&resize=1050%2C600 3x"},"classes":[]},{"id":17313,"url":"https:\/\/blog.kunstgriff.net\/?p=17313","url_meta":{"origin":12557,"position":1},"title":"ERT 2018: Taiwan Tour 9. Etappe","author":"Georg","date":"Januar 25, 2018","format":false,"excerpt":"Hualien \u2013 Su-ao Nach der schwei\u00dftreibenden Wanderung am gestrigen Ruhetag im faszinierenden Taroko Nationalpark durfte heute endlich wieder Rad gefahren werden. Und was f\u00fcr eine Etappe stand auf dem Programm! Auf dem Highway 9 immer der K\u00fcste folgend nach Norden hoch. Es gab viele sagenumwobene Geschichten rund um diese Strecke.\u2026","rel":"","context":"In &quot;Radfahren&quot;","block_context":{"text":"Radfahren","link":"https:\/\/blog.kunstgriff.net\/?cat=14"},"img":{"alt_text":"","src":"https:\/\/i0.wp.com\/blog.kunstgriff.net\/wp-content\/uploads\/2018\/02\/der-wilde-Pazifik.jpg?fit=1200%2C799&ssl=1&resize=350%2C200","width":350,"height":200,"srcset":"https:\/\/i0.wp.com\/blog.kunstgriff.net\/wp-content\/uploads\/2018\/02\/der-wilde-Pazifik.jpg?fit=1200%2C799&ssl=1&resize=350%2C200 1x, https:\/\/i0.wp.com\/blog.kunstgriff.net\/wp-content\/uploads\/2018\/02\/der-wilde-Pazifik.jpg?fit=1200%2C799&ssl=1&resize=525%2C300 1.5x, https:\/\/i0.wp.com\/blog.kunstgriff.net\/wp-content\/uploads\/2018\/02\/der-wilde-Pazifik.jpg?fit=1200%2C799&ssl=1&resize=700%2C400 2x, https:\/\/i0.wp.com\/blog.kunstgriff.net\/wp-content\/uploads\/2018\/02\/der-wilde-Pazifik.jpg?fit=1200%2C799&ssl=1&resize=1050%2C600 3x"},"classes":[]},{"id":22986,"url":"https:\/\/blog.kunstgriff.net\/?p=22986","url_meta":{"origin":12557,"position":2},"title":"Auf Friedensfahrt\u2013Kurs 2022 4. Tag: Chomutov \u2013 Chemnitz","author":"Georg","date":"Mai 29, 2022","format":false,"excerpt":"106 km | 1.637 H\u00f6henmeter Der Blick nach drau\u00dfen aus Fenster des Hotelzimmers am fr\u00fchen Morgen versprach einen wundersch\u00f6nen Tag auf dem Renner: Blauer Himmel und fast keine Wolken. Bei solch einem Anblick, sind die Temperaturen fast nebens\u00e4chlich. Meistens kommt es anders und zweitens als man denkt. Aber der Reihe\u2026","rel":"","context":"In &quot;Radfahren&quot;","block_context":{"text":"Radfahren","link":"https:\/\/blog.kunstgriff.net\/?cat=14"},"img":{"alt_text":"Lagerst\u00e4tte unser R\u00e4der-Eishockeyhalle","src":"https:\/\/i0.wp.com\/blog.kunstgriff.net\/wp-content\/uploads\/2022\/05\/Lagerstaette-unser-Raeder-Eishockeyhalle.jpg?fit=1200%2C800&ssl=1&resize=350%2C200","width":350,"height":200,"srcset":"https:\/\/i0.wp.com\/blog.kunstgriff.net\/wp-content\/uploads\/2022\/05\/Lagerstaette-unser-Raeder-Eishockeyhalle.jpg?fit=1200%2C800&ssl=1&resize=350%2C200 1x, https:\/\/i0.wp.com\/blog.kunstgriff.net\/wp-content\/uploads\/2022\/05\/Lagerstaette-unser-Raeder-Eishockeyhalle.jpg?fit=1200%2C800&ssl=1&resize=525%2C300 1.5x, https:\/\/i0.wp.com\/blog.kunstgriff.net\/wp-content\/uploads\/2022\/05\/Lagerstaette-unser-Raeder-Eishockeyhalle.jpg?fit=1200%2C800&ssl=1&resize=700%2C400 2x, https:\/\/i0.wp.com\/blog.kunstgriff.net\/wp-content\/uploads\/2022\/05\/Lagerstaette-unser-Raeder-Eishockeyhalle.jpg?fit=1200%2C800&ssl=1&resize=1050%2C600 3x"},"classes":[]},{"id":5548,"url":"https:\/\/blog.kunstgriff.net\/?p=5548","url_meta":{"origin":12557,"position":3},"title":"Havellandriders-Beelitz-Tour","author":"Georg","date":"August 14, 2011","format":false,"excerpt":"oder \u00bbZu Elft durch den wilden Westen\u00ab Heute sollte das s\u00fcdliche Havelland erkundet werden und Frank baldowerte mit Mike eine Strecke zum Schwielowsee aus. Treffpunkt war, wie immer, das Rathaus Falkensee. Dort wurde erstmal das notorische Gruppenfoto geschossen, bevor es Richtung Brieselang raus aus dem Ort ging. Etwa zwei Kilometer\u2026","rel":"","context":"In &quot;Allgemein&quot;","block_context":{"text":"Allgemein","link":"https:\/\/blog.kunstgriff.net\/?cat=1"},"img":{"alt_text":"","src":"https:\/\/i0.wp.com\/blog.kunstgriff.net\/wp-content\/uploads\/2011\/08\/Notorisches-Gruppenfoto-am-Treffpunkt-Rathaus-Falkensee.jpg?resize=350%2C200","width":350,"height":200,"srcset":"https:\/\/i0.wp.com\/blog.kunstgriff.net\/wp-content\/uploads\/2011\/08\/Notorisches-Gruppenfoto-am-Treffpunkt-Rathaus-Falkensee.jpg?resize=350%2C200 1x, https:\/\/i0.wp.com\/blog.kunstgriff.net\/wp-content\/uploads\/2011\/08\/Notorisches-Gruppenfoto-am-Treffpunkt-Rathaus-Falkensee.jpg?resize=525%2C300 1.5x, https:\/\/i0.wp.com\/blog.kunstgriff.net\/wp-content\/uploads\/2011\/08\/Notorisches-Gruppenfoto-am-Treffpunkt-Rathaus-Falkensee.jpg?resize=700%2C400 2x"},"classes":[]},{"id":17061,"url":"https:\/\/blog.kunstgriff.net\/?p=17061","url_meta":{"origin":12557,"position":4},"title":"P\u00e4wesin-Runde rerererererererereloaded","author":"Georg","date":"November 4, 2017","format":false,"excerpt":"Backwahn geht immer! Lange haderte ich, ob ich heute fahren sollte. Aber in Anbetracht des Sonnenscheins, musste ich, trotz Kratzehals auf die Strasse. Unten, vor der Haust\u00fcr, konnte ich erstmal nicht aufs kleine Blatt schalten, denn der Akku meiner DI2-Schaltung war leer. Also nochmal hoch und 20 Minuten aufladen. Verwundert\u2026","rel":"","context":"In &quot;Cake-Ride&quot;","block_context":{"text":"Cake-Ride","link":"https:\/\/blog.kunstgriff.net\/?cat=34"},"img":{"alt_text":"","src":"https:\/\/i0.wp.com\/blog.kunstgriff.net\/wp-content\/uploads\/2017\/11\/Beeindruckende-Wolkenformation-bei-Wustermark.jpg?fit=1200%2C800&ssl=1&resize=350%2C200","width":350,"height":200,"srcset":"https:\/\/i0.wp.com\/blog.kunstgriff.net\/wp-content\/uploads\/2017\/11\/Beeindruckende-Wolkenformation-bei-Wustermark.jpg?fit=1200%2C800&ssl=1&resize=350%2C200 1x, https:\/\/i0.wp.com\/blog.kunstgriff.net\/wp-content\/uploads\/2017\/11\/Beeindruckende-Wolkenformation-bei-Wustermark.jpg?fit=1200%2C800&ssl=1&resize=525%2C300 1.5x, https:\/\/i0.wp.com\/blog.kunstgriff.net\/wp-content\/uploads\/2017\/11\/Beeindruckende-Wolkenformation-bei-Wustermark.jpg?fit=1200%2C800&ssl=1&resize=700%2C400 2x, https:\/\/i0.wp.com\/blog.kunstgriff.net\/wp-content\/uploads\/2017\/11\/Beeindruckende-Wolkenformation-bei-Wustermark.jpg?fit=1200%2C800&ssl=1&resize=1050%2C600 3x"},"classes":[]},{"id":9276,"url":"https:\/\/blog.kunstgriff.net\/?p=9276","url_meta":{"origin":12557,"position":5},"title":"Sch\u00f6nhagen-Runde","author":"Georg","date":"Oktober 7, 2012","format":false,"excerpt":"oder \u00bbKurze Herbst-Einheit\u00ab Der Blick aus dem Fenster heute morgen animierte mich nicht gerade zum Rennradfahren: Dicke Wolken am Himmel und das digitale Au\u00dfenthermometer zeigte bescheidene 7\u00b0C. Aber ich war verabredet und heute war meine letzte M\u00f6glichkeit, vor \u00bbHamburg - Berlin\u00ab am kommenden Wochenende, eine Trainingseinheit auf meinem Renner abzuspulen.\u2026","rel":"","context":"In &quot;Radfahren&quot;","block_context":{"text":"Radfahren","link":"https:\/\/blog.kunstgriff.net\/?cat=14"},"img":{"alt_text":"","src":"https:\/\/i0.wp.com\/blog.kunstgriff.net\/wp-content\/uploads\/2012\/10\/Auf-dem-Weg-nach-St%C3%BCcken.jpg?fit=1000%2C750&ssl=1&resize=350%2C200","width":350,"height":200,"srcset":"https:\/\/i0.wp.com\/blog.kunstgriff.net\/wp-content\/uploads\/2012\/10\/Auf-dem-Weg-nach-St%C3%BCcken.jpg?fit=1000%2C750&ssl=1&resize=350%2C200 1x, https:\/\/i0.wp.com\/blog.kunstgriff.net\/wp-content\/uploads\/2012\/10\/Auf-dem-Weg-nach-St%C3%BCcken.jpg?fit=1000%2C750&ssl=1&resize=525%2C300 1.5x, https:\/\/i0.wp.com\/blog.kunstgriff.net\/wp-content\/uploads\/2012\/10\/Auf-dem-Weg-nach-St%C3%BCcken.jpg?fit=1000%2C750&ssl=1&resize=700%2C400 2x"},"classes":[]}],"jetpack_likes_enabled":true,"jetpack_sharing_enabled":true,"_links":{"self":[{"href":"https:\/\/blog.kunstgriff.net\/index.php?rest_route=\/wp\/v2\/posts\/12557","targetHints":{"allow":["GET"]}}],"collection":[{"href":"https:\/\/blog.kunstgriff.net\/index.php?rest_route=\/wp\/v2\/posts"}],"about":[{"href":"https:\/\/blog.kunstgriff.net\/index.php?rest_route=\/wp\/v2\/types\/post"}],"author":[{"embeddable":true,"href":"https:\/\/blog.kunstgriff.net\/index.php?rest_route=\/wp\/v2\/users\/2"}],"replies":[{"embeddable":true,"href":"https:\/\/blog.kunstgriff.net\/index.php?rest_route=%2Fwp%2Fv2%2Fcomments&post=12557"}],"version-history":[{"count":0,"href":"https:\/\/blog.kunstgriff.net\/index.php?rest_route=\/wp\/v2\/posts\/12557\/revisions"}],"wp:featuredmedia":[{"embeddable":true,"href":"https:\/\/blog.kunstgriff.net\/index.php?rest_route=\/wp\/v2\/media\/12584"}],"wp:attachment":[{"href":"https:\/\/blog.kunstgriff.net\/index.php?rest_route=%2Fwp%2Fv2%2Fmedia&parent=12557"}],"wp:term":[{"taxonomy":"category","embeddable":true,"href":"https:\/\/blog.kunstgriff.net\/index.php?rest_route=%2Fwp%2Fv2%2Fcategories&post=12557"},{"taxonomy":"post_tag","embeddable":true,"href":"https:\/\/blog.kunstgriff.net\/index.php?rest_route=%2Fwp%2Fv2%2Ftags&post=12557"}],"curies":[{"name":"wp","href":"https:\/\/api.w.org\/{rel}","templated":true}]}}