{"id":12561,"date":"2015-05-16T20:46:14","date_gmt":"2015-05-16T18:46:14","guid":{"rendered":"http:\/\/blog.kunstgriff.net\/?p=12561"},"modified":"2016-07-31T18:45:55","modified_gmt":"2016-07-31T16:45:55","slug":"auf-friedensfahrt-kurs-2015-4-tag-zieleniec-benecko","status":"publish","type":"post","link":"https:\/\/blog.kunstgriff.net\/?p=12561","title":{"rendered":"Auf Friedensfahrt\u2013Kurs 2015 4. Tag: Zieleniec -> Benecko"},"content":{"rendered":"<span class=\"span-reading-time rt-reading-time\" style=\"display: block;\"><span class=\"rt-label rt-prefix\">Lesezeit: <\/span> <span class=\"rt-time\"> 2<\/span> <span class=\"rt-label rt-postfix\">Minuten<\/span><\/span><h4>149 km | 2.577 H\u00f6henmeter | K\u00d6NIGSETAPPE<\/h4>\n<hr \/>\n<p>Der Aufbruch fiel heute sehr leicht, denn beim Blick aus dem H\u00fctten-Fenster lachte uns die Sonne entgegen und wolkenloser Himmel oben drauf. Also ohne viel zu \u00fcberlegen die kurz-kurzen Radklamotten \u00fcbergestreift, Sonnencreme aufgetragen und los!<\/p>\n<p>Ohne lange zu Fackeln wurde die lange Route nach dem gemeinsamen Gruppenfoto gew\u00e4hlt. Daf\u00fcr ging es ein wenig bergab, um dann auf den Gebirgskamm \u00fcber dem Hotel hochzuklettern. Warm war uns nun allen.<\/p>\n<p>Ein defekt der F\u00fchrungsgruppe lie\u00df mich diese passieren. Ich fuhr alleine und genoss es, denn niemand dr\u00fcckte aufs Tempo und ich konnte die Landschaft genie\u00dfen, statt das Hinterrad des Vordermannes zu beachten. Was f\u00fcr ein herrlicher Tag zum Rennrad-Fahren!<\/p>\n<p>Nach rund 60 Kilometern war erneut das perfekt organisierte Buffet erreicht. Die Familien der Th\u00fcringer Bergziegen hatten wieder ganze Arbeit geleistet um unsere leeren Speicher mit K\u00f6stlichkeiten zu f\u00fcllen.<\/p>\n<p>Nach der Pause wollte mich die Bande ins Schlepptau nehmen. Ich wollte mich aber nicht nehmen lassen. Ein Fehler, denn in der Gruppe w\u00e4re der in dieser Passage starke Gegenwind sicher einfacher zu ertragen gewesen. Nun war es zu sp\u00e4t und ich machte alleine weiter. Wolfgang wurde aufgesammelt. Er war ohne Navigation unterwegs, was in diesem Gel\u00e4nde recht problematisch sein kann.<\/p>\n<p>Die Weiterfahrt wurde kurzweiliger da wir gemeinsam gegen die H\u00fcgel bzw. Berge k\u00e4mpften. Nach dem Passieren eines weiteren Skigebietes wurde mir klar, warum die Etappe heute \u00bbK\u00f6nigsetappe\u00ab hie\u00df. Es ging auf jeden Fall mehr hoch als runter.<\/p>\n<p>Als ich schon dachte, es w\u00e4re geschafft musste dann noch ein 12 km langer Anstieg gemeistert werden, bevor wir endlich unser Nachquartier, dass Star Hotel in Benecko erreichten. Drei Sterne sind vielleicht ein wenig \u00fcbertrieben, aber das Essen war lecker, der nachbestellte tschechische K\u00e4se gut gemacht und dass Bier ging sowieso runter wie \u00d6l.<\/p>\n<p><em>Wie geht das zu toppen?<\/em><\/p>\n<p><iframe height='405' width='590' frameborder='0' allowtransparency='true' scrolling='no' src='https:\/\/www.strava.com\/activities\/306672919\/embed\/e608481c633b4c5a9076f7e410e361a7c2a54b44'><\/iframe><\/p>\n<div class=\"tiled-gallery type-rectangular tiled-gallery-unresized\" data-original-width=\"525\" data-carousel-extra='{&quot;blog_id&quot;:1,&quot;permalink&quot;:&quot;https:\\\/\\\/blog.kunstgriff.net\\\/?p=12561&quot;,&quot;likes_blog_id&quot;:127394879}' itemscope itemtype=\"http:\/\/schema.org\/ImageGallery\" > <div class=\"gallery-row\" style=\"width: 525px; height: 264px;\" data-original-width=\"525\" data-original-height=\"264\" > <div class=\"gallery-group images-1\" style=\"width: 350px; height: 264px;\" data-original-width=\"350\" data-original-height=\"264\" > <div class=\"tiled-gallery-item tiled-gallery-item-large\" itemprop=\"associatedMedia\" itemscope itemtype=\"http:\/\/schema.org\/ImageObject\"> <a href=\"https:\/\/blog.kunstgriff.net\/?attachment_id=12609\" border=\"0\" itemprop=\"url\"> <meta itemprop=\"width\" content=\"346\"> <meta itemprop=\"height\" content=\"260\"> <img decoding=\"async\" class=\"\" data-attachment-id=\"12609\" data-orig-file=\"https:\/\/blog.kunstgriff.net\/wp-content\/uploads\/2015\/05\/Gruppenfoto-vor-der-Abfahrt.jpg\" data-orig-size=\"1500,1125\" data-comments-opened=\"1\" data-image-meta=\"{&quot;aperture&quot;:&quot;5.8&quot;,&quot;credit&quot;:&quot;&quot;,&quot;camera&quot;:&quot;Canon DIGITAL IXUS 870 IS&quot;,&quot;caption&quot;:&quot;&quot;,&quot;created_timestamp&quot;:&quot;1431766953&quot;,&quot;copyright&quot;:&quot;&quot;,&quot;focal_length&quot;:&quot;19.998&quot;,&quot;iso&quot;:&quot;80&quot;,&quot;shutter_speed&quot;:&quot;0.002&quot;,&quot;title&quot;:&quot;&quot;,&quot;orientation&quot;:&quot;1&quot;}\" data-image-title=\"Gruppenfoto vor der Abfahrt\" data-image-description=\"\" data-medium-file=\"https:\/\/i0.wp.com\/blog.kunstgriff.net\/wp-content\/uploads\/2015\/05\/Gruppenfoto-vor-der-Abfahrt.jpg?fit=300%2C225&#038;ssl=1\" data-large-file=\"https:\/\/i0.wp.com\/blog.kunstgriff.net\/wp-content\/uploads\/2015\/05\/Gruppenfoto-vor-der-Abfahrt.jpg?fit=1024%2C768&#038;ssl=1\" src=\"https:\/\/i0.wp.com\/blog.kunstgriff.net\/wp-content\/uploads\/2015\/05\/Gruppenfoto-vor-der-Abfahrt.jpg?w=346&#038;h=260&#038;ssl=1\" srcset=\"https:\/\/i0.wp.com\/blog.kunstgriff.net\/wp-content\/uploads\/2015\/05\/Gruppenfoto-vor-der-Abfahrt.jpg?w=1500&amp;ssl=1 1500w, https:\/\/i0.wp.com\/blog.kunstgriff.net\/wp-content\/uploads\/2015\/05\/Gruppenfoto-vor-der-Abfahrt.jpg?resize=300%2C225&amp;ssl=1 300w, https:\/\/i0.wp.com\/blog.kunstgriff.net\/wp-content\/uploads\/2015\/05\/Gruppenfoto-vor-der-Abfahrt.jpg?resize=1024%2C768&amp;ssl=1 1024w, https:\/\/i0.wp.com\/blog.kunstgriff.net\/wp-content\/uploads\/2015\/05\/Gruppenfoto-vor-der-Abfahrt.jpg?resize=400%2C300&amp;ssl=1 400w, https:\/\/i0.wp.com\/blog.kunstgriff.net\/wp-content\/uploads\/2015\/05\/Gruppenfoto-vor-der-Abfahrt.jpg?resize=900%2C675&amp;ssl=1 900w\" width=\"346\" height=\"260\" loading=\"lazy\" data-original-width=\"346\" data-original-height=\"260\" itemprop=\"http:\/\/schema.org\/image\" title=\"Gruppenfoto vor der Abfahrt\" alt=\"Gruppenfoto vor der Abfahrt\" style=\"width: 346px; height: 260px;\" \/> <\/a> <div class=\"tiled-gallery-caption\" itemprop=\"caption description\"> Gruppenfoto vor der Abfahrt <\/div> <\/div> <\/div> <!-- close group --> <div class=\"gallery-group images-2\" style=\"width: 175px; height: 264px;\" data-original-width=\"175\" data-original-height=\"264\" > <div class=\"tiled-gallery-item tiled-gallery-item-small\" itemprop=\"associatedMedia\" itemscope itemtype=\"http:\/\/schema.org\/ImageObject\"> <a href=\"https:\/\/blog.kunstgriff.net\/?attachment_id=12608\" border=\"0\" itemprop=\"url\"> <meta itemprop=\"width\" content=\"171\"> <meta itemprop=\"height\" content=\"128\"> <img decoding=\"async\" class=\"\" data-attachment-id=\"12608\" data-orig-file=\"https:\/\/blog.kunstgriff.net\/wp-content\/uploads\/2015\/05\/Gruppenfoto-2-vor-der-Abfahrt.jpg\" data-orig-size=\"1500,1125\" data-comments-opened=\"1\" data-image-meta=\"{&quot;aperture&quot;:&quot;2.8&quot;,&quot;credit&quot;:&quot;&quot;,&quot;camera&quot;:&quot;Canon DIGITAL IXUS 870 IS&quot;,&quot;caption&quot;:&quot;&quot;,&quot;created_timestamp&quot;:&quot;1431766967&quot;,&quot;copyright&quot;:&quot;&quot;,&quot;focal_length&quot;:&quot;5&quot;,&quot;iso&quot;:&quot;80&quot;,&quot;shutter_speed&quot;:&quot;0.001&quot;,&quot;title&quot;:&quot;&quot;,&quot;orientation&quot;:&quot;1&quot;}\" data-image-title=\"Gruppenfoto 2 vor der Abfahrt\" data-image-description=\"\" data-medium-file=\"https:\/\/i0.wp.com\/blog.kunstgriff.net\/wp-content\/uploads\/2015\/05\/Gruppenfoto-2-vor-der-Abfahrt.jpg?fit=300%2C225&#038;ssl=1\" data-large-file=\"https:\/\/i0.wp.com\/blog.kunstgriff.net\/wp-content\/uploads\/2015\/05\/Gruppenfoto-2-vor-der-Abfahrt.jpg?fit=1024%2C768&#038;ssl=1\" src=\"https:\/\/i0.wp.com\/blog.kunstgriff.net\/wp-content\/uploads\/2015\/05\/Gruppenfoto-2-vor-der-Abfahrt.jpg?w=171&#038;h=128&#038;ssl=1\" srcset=\"https:\/\/i0.wp.com\/blog.kunstgriff.net\/wp-content\/uploads\/2015\/05\/Gruppenfoto-2-vor-der-Abfahrt.jpg?w=1500&amp;ssl=1 1500w, https:\/\/i0.wp.com\/blog.kunstgriff.net\/wp-content\/uploads\/2015\/05\/Gruppenfoto-2-vor-der-Abfahrt.jpg?resize=300%2C225&amp;ssl=1 300w, https:\/\/i0.wp.com\/blog.kunstgriff.net\/wp-content\/uploads\/2015\/05\/Gruppenfoto-2-vor-der-Abfahrt.jpg?resize=1024%2C768&amp;ssl=1 1024w, https:\/\/i0.wp.com\/blog.kunstgriff.net\/wp-content\/uploads\/2015\/05\/Gruppenfoto-2-vor-der-Abfahrt.jpg?resize=400%2C300&amp;ssl=1 400w, https:\/\/i0.wp.com\/blog.kunstgriff.net\/wp-content\/uploads\/2015\/05\/Gruppenfoto-2-vor-der-Abfahrt.jpg?resize=900%2C675&amp;ssl=1 900w\" width=\"171\" height=\"128\" loading=\"lazy\" data-original-width=\"171\" data-original-height=\"128\" itemprop=\"http:\/\/schema.org\/image\" title=\"Gruppenfoto 2 vor der Abfahrt\" alt=\"Gruppenfoto 2 vor der Abfahrt\" style=\"width: 171px; height: 128px;\" \/> <\/a> <div class=\"tiled-gallery-caption\" itemprop=\"caption description\"> Gruppenfoto 2 vor der Abfahrt <\/div> <\/div> <div class=\"tiled-gallery-item tiled-gallery-item-small\" itemprop=\"associatedMedia\" itemscope itemtype=\"http:\/\/schema.org\/ImageObject\"> <a href=\"https:\/\/blog.kunstgriff.net\/?attachment_id=12610\" border=\"0\" itemprop=\"url\"> <meta itemprop=\"width\" content=\"171\"> <meta itemprop=\"height\" content=\"128\"> <img decoding=\"async\" class=\"\" data-attachment-id=\"12610\" data-orig-file=\"https:\/\/blog.kunstgriff.net\/wp-content\/uploads\/2015\/05\/Peter-Scheunemann-gibt-den-Start-frei.jpg\" data-orig-size=\"1500,1125\" data-comments-opened=\"1\" data-image-meta=\"{&quot;aperture&quot;:&quot;5.8&quot;,&quot;credit&quot;:&quot;&quot;,&quot;camera&quot;:&quot;Canon DIGITAL IXUS 870 IS&quot;,&quot;caption&quot;:&quot;&quot;,&quot;created_timestamp&quot;:&quot;1431767102&quot;,&quot;copyright&quot;:&quot;&quot;,&quot;focal_length&quot;:&quot;19.998&quot;,&quot;iso&quot;:&quot;125&quot;,&quot;shutter_speed&quot;:&quot;0.004&quot;,&quot;title&quot;:&quot;&quot;,&quot;orientation&quot;:&quot;1&quot;}\" data-image-title=\"Peter Scheunemann gibt den Start frei\" data-image-description=\"\" data-medium-file=\"https:\/\/i0.wp.com\/blog.kunstgriff.net\/wp-content\/uploads\/2015\/05\/Peter-Scheunemann-gibt-den-Start-frei.jpg?fit=300%2C225&#038;ssl=1\" data-large-file=\"https:\/\/i0.wp.com\/blog.kunstgriff.net\/wp-content\/uploads\/2015\/05\/Peter-Scheunemann-gibt-den-Start-frei.jpg?fit=1024%2C768&#038;ssl=1\" src=\"https:\/\/i0.wp.com\/blog.kunstgriff.net\/wp-content\/uploads\/2015\/05\/Peter-Scheunemann-gibt-den-Start-frei.jpg?w=171&#038;h=128&#038;ssl=1\" srcset=\"https:\/\/i0.wp.com\/blog.kunstgriff.net\/wp-content\/uploads\/2015\/05\/Peter-Scheunemann-gibt-den-Start-frei.jpg?w=1500&amp;ssl=1 1500w, https:\/\/i0.wp.com\/blog.kunstgriff.net\/wp-content\/uploads\/2015\/05\/Peter-Scheunemann-gibt-den-Start-frei.jpg?resize=300%2C225&amp;ssl=1 300w, https:\/\/i0.wp.com\/blog.kunstgriff.net\/wp-content\/uploads\/2015\/05\/Peter-Scheunemann-gibt-den-Start-frei.jpg?resize=1024%2C768&amp;ssl=1 1024w, https:\/\/i0.wp.com\/blog.kunstgriff.net\/wp-content\/uploads\/2015\/05\/Peter-Scheunemann-gibt-den-Start-frei.jpg?resize=400%2C300&amp;ssl=1 400w, https:\/\/i0.wp.com\/blog.kunstgriff.net\/wp-content\/uploads\/2015\/05\/Peter-Scheunemann-gibt-den-Start-frei.jpg?resize=900%2C675&amp;ssl=1 900w\" width=\"171\" height=\"128\" loading=\"lazy\" data-original-width=\"171\" data-original-height=\"128\" itemprop=\"http:\/\/schema.org\/image\" title=\"Peter Scheunemann gibt den Start frei\" alt=\"Peter Scheunemann gibt den Start frei\" style=\"width: 171px; height: 128px;\" \/> <\/a> <div class=\"tiled-gallery-caption\" itemprop=\"caption description\"> Peter Scheunemann gibt den Start frei <\/div> <\/div> <\/div> <!-- close group --> <\/div> <!-- close row --> <div class=\"gallery-row\" style=\"width: 525px; height: 132px;\" data-original-width=\"525\" data-original-height=\"132\" > <div class=\"gallery-group images-1\" style=\"width: 175px; height: 132px;\" data-original-width=\"175\" data-original-height=\"132\" > <div class=\"tiled-gallery-item tiled-gallery-item-small\" itemprop=\"associatedMedia\" itemscope itemtype=\"http:\/\/schema.org\/ImageObject\"> <a href=\"https:\/\/blog.kunstgriff.net\/?attachment_id=12607\" border=\"0\" itemprop=\"url\"> <meta itemprop=\"width\" content=\"171\"> <meta itemprop=\"height\" content=\"128\"> <img decoding=\"async\" class=\"\" data-attachment-id=\"12607\" data-orig-file=\"https:\/\/blog.kunstgriff.net\/wp-content\/uploads\/2015\/05\/Erstmal-runterrollen.jpg\" data-orig-size=\"1500,1125\" data-comments-opened=\"1\" data-image-meta=\"{&quot;aperture&quot;:&quot;5.6&quot;,&quot;credit&quot;:&quot;&quot;,&quot;camera&quot;:&quot;Canon DIGITAL IXUS 870 IS&quot;,&quot;caption&quot;:&quot;&quot;,&quot;created_timestamp&quot;:&quot;1431767190&quot;,&quot;copyright&quot;:&quot;&quot;,&quot;focal_length&quot;:&quot;5&quot;,&quot;iso&quot;:&quot;125&quot;,&quot;shutter_speed&quot;:&quot;0.00125&quot;,&quot;title&quot;:&quot;&quot;,&quot;orientation&quot;:&quot;1&quot;}\" data-image-title=\"Erstmal runterrollen\" data-image-description=\"\" data-medium-file=\"https:\/\/i0.wp.com\/blog.kunstgriff.net\/wp-content\/uploads\/2015\/05\/Erstmal-runterrollen.jpg?fit=300%2C225&#038;ssl=1\" data-large-file=\"https:\/\/i0.wp.com\/blog.kunstgriff.net\/wp-content\/uploads\/2015\/05\/Erstmal-runterrollen.jpg?fit=1024%2C768&#038;ssl=1\" src=\"https:\/\/i0.wp.com\/blog.kunstgriff.net\/wp-content\/uploads\/2015\/05\/Erstmal-runterrollen.jpg?w=171&#038;h=128&#038;ssl=1\" srcset=\"https:\/\/i0.wp.com\/blog.kunstgriff.net\/wp-content\/uploads\/2015\/05\/Erstmal-runterrollen.jpg?w=1500&amp;ssl=1 1500w, https:\/\/i0.wp.com\/blog.kunstgriff.net\/wp-content\/uploads\/2015\/05\/Erstmal-runterrollen.jpg?resize=300%2C225&amp;ssl=1 300w, https:\/\/i0.wp.com\/blog.kunstgriff.net\/wp-content\/uploads\/2015\/05\/Erstmal-runterrollen.jpg?resize=1024%2C768&amp;ssl=1 1024w, https:\/\/i0.wp.com\/blog.kunstgriff.net\/wp-content\/uploads\/2015\/05\/Erstmal-runterrollen.jpg?resize=400%2C300&amp;ssl=1 400w, https:\/\/i0.wp.com\/blog.kunstgriff.net\/wp-content\/uploads\/2015\/05\/Erstmal-runterrollen.jpg?resize=900%2C675&amp;ssl=1 900w\" width=\"171\" height=\"128\" loading=\"lazy\" data-original-width=\"171\" data-original-height=\"128\" itemprop=\"http:\/\/schema.org\/image\" title=\"Erstmal runterrollen\" alt=\"Erstmal runterrollen\" style=\"width: 171px; height: 128px;\" \/> <\/a> <div class=\"tiled-gallery-caption\" itemprop=\"caption description\"> Erstmal runterrollen <\/div> <\/div> <\/div> <!-- close group --> <div class=\"gallery-group images-1\" style=\"width: 175px; height: 132px;\" data-original-width=\"175\" data-original-height=\"132\" > <div class=\"tiled-gallery-item tiled-gallery-item-small\" itemprop=\"associatedMedia\" itemscope itemtype=\"http:\/\/schema.org\/ImageObject\"> <a href=\"https:\/\/blog.kunstgriff.net\/?attachment_id=12611\" border=\"0\" itemprop=\"url\"> <meta itemprop=\"width\" content=\"171\"> <meta itemprop=\"height\" content=\"128\"> <img decoding=\"async\" class=\"\" data-attachment-id=\"12611\" data-orig-file=\"https:\/\/blog.kunstgriff.net\/wp-content\/uploads\/2015\/05\/Wieder-perfekte-Verpflegung.jpg\" data-orig-size=\"1500,1125\" data-comments-opened=\"1\" data-image-meta=\"{&quot;aperture&quot;:&quot;2.8&quot;,&quot;credit&quot;:&quot;&quot;,&quot;camera&quot;:&quot;Canon DIGITAL IXUS 870 IS&quot;,&quot;caption&quot;:&quot;&quot;,&quot;created_timestamp&quot;:&quot;1431777120&quot;,&quot;copyright&quot;:&quot;&quot;,&quot;focal_length&quot;:&quot;5&quot;,&quot;iso&quot;:&quot;125&quot;,&quot;shutter_speed&quot;:&quot;0.008&quot;,&quot;title&quot;:&quot;&quot;,&quot;orientation&quot;:&quot;1&quot;}\" data-image-title=\"Wieder perfekte Verpflegung\" data-image-description=\"\" data-medium-file=\"https:\/\/i0.wp.com\/blog.kunstgriff.net\/wp-content\/uploads\/2015\/05\/Wieder-perfekte-Verpflegung.jpg?fit=300%2C225&#038;ssl=1\" data-large-file=\"https:\/\/i0.wp.com\/blog.kunstgriff.net\/wp-content\/uploads\/2015\/05\/Wieder-perfekte-Verpflegung.jpg?fit=1024%2C768&#038;ssl=1\" src=\"https:\/\/i0.wp.com\/blog.kunstgriff.net\/wp-content\/uploads\/2015\/05\/Wieder-perfekte-Verpflegung.jpg?w=171&#038;h=128&#038;ssl=1\" srcset=\"https:\/\/i0.wp.com\/blog.kunstgriff.net\/wp-content\/uploads\/2015\/05\/Wieder-perfekte-Verpflegung.jpg?w=1500&amp;ssl=1 1500w, https:\/\/i0.wp.com\/blog.kunstgriff.net\/wp-content\/uploads\/2015\/05\/Wieder-perfekte-Verpflegung.jpg?resize=300%2C225&amp;ssl=1 300w, https:\/\/i0.wp.com\/blog.kunstgriff.net\/wp-content\/uploads\/2015\/05\/Wieder-perfekte-Verpflegung.jpg?resize=1024%2C768&amp;ssl=1 1024w, https:\/\/i0.wp.com\/blog.kunstgriff.net\/wp-content\/uploads\/2015\/05\/Wieder-perfekte-Verpflegung.jpg?resize=400%2C300&amp;ssl=1 400w, https:\/\/i0.wp.com\/blog.kunstgriff.net\/wp-content\/uploads\/2015\/05\/Wieder-perfekte-Verpflegung.jpg?resize=900%2C675&amp;ssl=1 900w\" width=\"171\" height=\"128\" loading=\"lazy\" data-original-width=\"171\" data-original-height=\"128\" itemprop=\"http:\/\/schema.org\/image\" title=\"Wieder perfekte Verpflegung\" alt=\"Wieder perfekte Verpflegung\" style=\"width: 171px; height: 128px;\" \/> <\/a> <div class=\"tiled-gallery-caption\" itemprop=\"caption description\"> Wieder perfekte Verpflegung <\/div> <\/div> <\/div> <!-- close group --> <div class=\"gallery-group images-1\" style=\"width: 175px; height: 132px;\" data-original-width=\"175\" data-original-height=\"132\" > <div class=\"tiled-gallery-item tiled-gallery-item-small\" itemprop=\"associatedMedia\" itemscope itemtype=\"http:\/\/schema.org\/ImageObject\"> <a href=\"https:\/\/blog.kunstgriff.net\/?attachment_id=12606\" border=\"0\" itemprop=\"url\"> <meta itemprop=\"width\" content=\"171\"> <meta itemprop=\"height\" content=\"128\"> <img decoding=\"async\" class=\"\" data-attachment-id=\"12606\" data-orig-file=\"https:\/\/blog.kunstgriff.net\/wp-content\/uploads\/2015\/05\/Atemberaubende-Strassen.jpg\" data-orig-size=\"1500,1125\" data-comments-opened=\"1\" data-image-meta=\"{&quot;aperture&quot;:&quot;2.8&quot;,&quot;credit&quot;:&quot;&quot;,&quot;camera&quot;:&quot;Canon DIGITAL IXUS 870 IS&quot;,&quot;caption&quot;:&quot;&quot;,&quot;created_timestamp&quot;:&quot;1431781547&quot;,&quot;copyright&quot;:&quot;&quot;,&quot;focal_length&quot;:&quot;5&quot;,&quot;iso&quot;:&quot;80&quot;,&quot;shutter_speed&quot;:&quot;0.0015625&quot;,&quot;title&quot;:&quot;&quot;,&quot;orientation&quot;:&quot;1&quot;}\" data-image-title=\"Atemberaubende Strassen\" data-image-description=\"\" data-medium-file=\"https:\/\/i0.wp.com\/blog.kunstgriff.net\/wp-content\/uploads\/2015\/05\/Atemberaubende-Strassen.jpg?fit=300%2C225&#038;ssl=1\" data-large-file=\"https:\/\/i0.wp.com\/blog.kunstgriff.net\/wp-content\/uploads\/2015\/05\/Atemberaubende-Strassen.jpg?fit=1024%2C768&#038;ssl=1\" src=\"https:\/\/i0.wp.com\/blog.kunstgriff.net\/wp-content\/uploads\/2015\/05\/Atemberaubende-Strassen.jpg?w=171&#038;h=128&#038;ssl=1\" srcset=\"https:\/\/i0.wp.com\/blog.kunstgriff.net\/wp-content\/uploads\/2015\/05\/Atemberaubende-Strassen.jpg?w=1500&amp;ssl=1 1500w, https:\/\/i0.wp.com\/blog.kunstgriff.net\/wp-content\/uploads\/2015\/05\/Atemberaubende-Strassen.jpg?resize=300%2C225&amp;ssl=1 300w, https:\/\/i0.wp.com\/blog.kunstgriff.net\/wp-content\/uploads\/2015\/05\/Atemberaubende-Strassen.jpg?resize=1024%2C768&amp;ssl=1 1024w, https:\/\/i0.wp.com\/blog.kunstgriff.net\/wp-content\/uploads\/2015\/05\/Atemberaubende-Strassen.jpg?resize=400%2C300&amp;ssl=1 400w, https:\/\/i0.wp.com\/blog.kunstgriff.net\/wp-content\/uploads\/2015\/05\/Atemberaubende-Strassen.jpg?resize=900%2C675&amp;ssl=1 900w\" width=\"171\" height=\"128\" loading=\"lazy\" data-original-width=\"171\" data-original-height=\"128\" itemprop=\"http:\/\/schema.org\/image\" title=\"Atemberaubende Strassen\" alt=\"Atemberaubende Strassen\" style=\"width: 171px; height: 128px;\" \/> <\/a> <div class=\"tiled-gallery-caption\" itemprop=\"caption description\"> Atemberaubende Strassen <\/div> <\/div> <\/div> <!-- close group --> <\/div> <!-- close row --> <\/div>\n","protected":false},"excerpt":{"rendered":"<p>149 km | 2.577 H\u00f6henmeter | K\u00d6NIGSETAPPE Der Aufbruch fiel heute sehr leicht, denn beim Blick aus dem H\u00fctten-Fenster lachte uns die Sonne entgegen und wolkenloser Himmel oben drauf. Also ohne viel zu \u00fcberlegen die kurz-kurzen Radklamotten \u00fcbergestreift, Sonnencreme aufgetragen und los! Ohne lange zu Fackeln wurde die lange Route nach dem gemeinsamen Gruppenfoto gew\u00e4hlt. &hellip; <\/p>\n<p class=\"link-more\"><a href=\"https:\/\/blog.kunstgriff.net\/?p=12561\" class=\"more-link\"><span class=\"screen-reader-text\">\u201eAuf Friedensfahrt\u2013Kurs 2015 4. Tag: Zieleniec -> Benecko\u201c <\/span>weiterlesen<\/a><\/p>\n","protected":false},"author":2,"featured_media":12610,"comment_status":"open","ping_status":"open","sticky":false,"template":"","format":"standard","meta":{"jetpack_post_was_ever_published":false,"_jetpack_newsletter_access":"","_jetpack_dont_email_post_to_subs":false,"_jetpack_newsletter_tier_id":0,"_jetpack_memberships_contains_paywalled_content":false,"_jetpack_memberships_contains_paid_content":false,"footnotes":""},"categories":[14,13,7],"tags":[],"class_list":["post-12561","post","type-post","status-publish","format-standard","has-post-thumbnail","hentry","category-radfahren","category-radreise","category-rennradfahren"],"jetpack_featured_media_url":"https:\/\/i0.wp.com\/blog.kunstgriff.net\/wp-content\/uploads\/2015\/05\/Peter-Scheunemann-gibt-den-Start-frei.jpg?fit=1500%2C1125&ssl=1","jetpack_shortlink":"https:\/\/wp.me\/p8Cxe7-3gB","jetpack-related-posts":[{"id":17199,"url":"https:\/\/blog.kunstgriff.net\/?p=17199","url_meta":{"origin":12561,"position":0},"title":"ERT 2018: Taiwan Tour 1. Etappe","author":"Georg","date":"Januar 15, 2018","format":false,"excerpt":"Taipei \u2013 Miaoli Nachdem der Aklimatisierungs-Tag mit Sightseeing vom Feinsten abgespult wurde, war heute die erste Tour auf dem Renner nach S\u00fcden angesagt. Die erstklassigen Erinnerungen an den Taipei 101 Turm und des Elektronik-Kaufhauses vom Vorabend kamen beim Fr\u00fchst\u00fcck zur\u00fcck. Am umfangreichen Buffet wurden neben Cornflakes auch allerlei interessante Asiatische\u2026","rel":"","context":"In &quot;Radfahren&quot;","block_context":{"text":"Radfahren","link":"https:\/\/blog.kunstgriff.net\/?cat=14"},"img":{"alt_text":"","src":"https:\/\/i0.wp.com\/blog.kunstgriff.net\/wp-content\/uploads\/2018\/02\/Die-ganze-Gruppe-vor-der-Abfahrt-in-Taipei.jpg?fit=1200%2C800&ssl=1&resize=350%2C200","width":350,"height":200,"srcset":"https:\/\/i0.wp.com\/blog.kunstgriff.net\/wp-content\/uploads\/2018\/02\/Die-ganze-Gruppe-vor-der-Abfahrt-in-Taipei.jpg?fit=1200%2C800&ssl=1&resize=350%2C200 1x, https:\/\/i0.wp.com\/blog.kunstgriff.net\/wp-content\/uploads\/2018\/02\/Die-ganze-Gruppe-vor-der-Abfahrt-in-Taipei.jpg?fit=1200%2C800&ssl=1&resize=525%2C300 1.5x, https:\/\/i0.wp.com\/blog.kunstgriff.net\/wp-content\/uploads\/2018\/02\/Die-ganze-Gruppe-vor-der-Abfahrt-in-Taipei.jpg?fit=1200%2C800&ssl=1&resize=700%2C400 2x, https:\/\/i0.wp.com\/blog.kunstgriff.net\/wp-content\/uploads\/2018\/02\/Die-ganze-Gruppe-vor-der-Abfahrt-in-Taipei.jpg?fit=1200%2C800&ssl=1&resize=1050%2C600 3x"},"classes":[]},{"id":7486,"url":"https:\/\/blog.kunstgriff.net\/?p=7486","url_meta":{"origin":12561,"position":1},"title":"Mallorca Trainingscamp 2012 &#8211; Tag 3 &#8211; Col de S\u00f3ller &#038; Dey\u00e1","author":"Georg","date":"M\u00e4rz 11, 2012","format":false,"excerpt":"oder \u00bbimmer lockt der Berg\u00ab Heute waren wieder einige H\u00f6henmeter auf dem Zettel; nix f\u00fcr Sonntagsfahrer. Der Einstieg rollte \u00fcber das wundersch\u00f6ne Peter-Maffay-Tal, das ich in diesem Jahr das erste mal durchqueren durfte. Die Gruppe, welche heute noch durch Karin & Christoph erg\u00e4nzt wurde, harmonierte erstklassig und so kamen wir\u2026","rel":"","context":"In &quot;Radreise&quot;","block_context":{"text":"Radreise","link":"https:\/\/blog.kunstgriff.net\/?cat=13"},"img":{"alt_text":"","src":"https:\/\/i0.wp.com\/blog.kunstgriff.net\/wp-content\/uploads\/2012\/03\/kurz-hinter-Selva.jpg?resize=350%2C200","width":350,"height":200,"srcset":"https:\/\/i0.wp.com\/blog.kunstgriff.net\/wp-content\/uploads\/2012\/03\/kurz-hinter-Selva.jpg?resize=350%2C200 1x, https:\/\/i0.wp.com\/blog.kunstgriff.net\/wp-content\/uploads\/2012\/03\/kurz-hinter-Selva.jpg?resize=525%2C300 1.5x, https:\/\/i0.wp.com\/blog.kunstgriff.net\/wp-content\/uploads\/2012\/03\/kurz-hinter-Selva.jpg?resize=700%2C400 2x"},"classes":[]},{"id":1497,"url":"https:\/\/blog.kunstgriff.net\/?p=1497","url_meta":{"origin":12561,"position":2},"title":"Breisgau Tour 2010 &#8211; Tag 2 &#8211; B\u00f6tzingen->K\u00e4lbelescheuer->M\u00fcnsterthal","author":"Georg","date":"Juni 6, 2010","format":false,"excerpt":"Der Tag begann um 8 Uhr mit einem tollen Sportlerfr\u00fchst\u00fcck am B\u00fcffet unseres Hotels zur Krone in B\u00f6tzingen. Ich hatte super geschlafen und freute mich auf die heutige Tour und die vielen H\u00f6henmeter, die uns erwarten w\u00fcrden. Wir wollten heute schon vor 10 Uhr losfahren, da f\u00fcr den Nachmittag Regen\u2026","rel":"","context":"In &quot;Radfahren&quot;","block_context":{"text":"Radfahren","link":"https:\/\/blog.kunstgriff.net\/?cat=14"},"img":{"alt_text":"","src":"https:\/\/i0.wp.com\/blog.kunstgriff.net\/wp-content\/uploads\/2010\/06\/DSC00102.jpg?fit=800%2C600&ssl=1&resize=350%2C200","width":350,"height":200,"srcset":"https:\/\/i0.wp.com\/blog.kunstgriff.net\/wp-content\/uploads\/2010\/06\/DSC00102.jpg?fit=800%2C600&ssl=1&resize=350%2C200 1x, https:\/\/i0.wp.com\/blog.kunstgriff.net\/wp-content\/uploads\/2010\/06\/DSC00102.jpg?fit=800%2C600&ssl=1&resize=525%2C300 1.5x, https:\/\/i0.wp.com\/blog.kunstgriff.net\/wp-content\/uploads\/2010\/06\/DSC00102.jpg?fit=800%2C600&ssl=1&resize=700%2C400 2x"},"classes":[]},{"id":15579,"url":"https:\/\/blog.kunstgriff.net\/?p=15579","url_meta":{"origin":12561,"position":3},"title":"Pankow \u2013 \u00dcckeritz mit der \u00bbCakeG\u00e4ng\u00ab","author":"Georg","date":"Mai 20, 2017","format":false,"excerpt":"\u00bbEin Tag am Meer\u00ab Die ganze Woche schon war ich nicht nur wegen meines Urlaubs voller Vorfreude, nein auch die legend\u00e4re Usedom-Tour stand am Samstag mit der \u00bbCakeG\u00e4ng\u00ab auf dem Programm. Um kurz nach vier erwachte ich v\u00f6llig ohne Wecker und voller Tatentdrang aus einer traumlosen Nacht. M\u00fcsli und Kaffee\u2026","rel":"","context":"In &quot;200er&quot;","block_context":{"text":"200er","link":"https:\/\/blog.kunstgriff.net\/?cat=48"},"img":{"alt_text":"","src":"https:\/\/i0.wp.com\/blog.kunstgriff.net\/wp-content\/uploads\/2017\/05\/Wellen-dr%C3%BCcken-mit-den-Damen.jpg?fit=1200%2C800&ssl=1&resize=350%2C200","width":350,"height":200,"srcset":"https:\/\/i0.wp.com\/blog.kunstgriff.net\/wp-content\/uploads\/2017\/05\/Wellen-dr%C3%BCcken-mit-den-Damen.jpg?fit=1200%2C800&ssl=1&resize=350%2C200 1x, https:\/\/i0.wp.com\/blog.kunstgriff.net\/wp-content\/uploads\/2017\/05\/Wellen-dr%C3%BCcken-mit-den-Damen.jpg?fit=1200%2C800&ssl=1&resize=525%2C300 1.5x, https:\/\/i0.wp.com\/blog.kunstgriff.net\/wp-content\/uploads\/2017\/05\/Wellen-dr%C3%BCcken-mit-den-Damen.jpg?fit=1200%2C800&ssl=1&resize=700%2C400 2x, https:\/\/i0.wp.com\/blog.kunstgriff.net\/wp-content\/uploads\/2017\/05\/Wellen-dr%C3%BCcken-mit-den-Damen.jpg?fit=1200%2C800&ssl=1&resize=1050%2C600 3x"},"classes":[]},{"id":8337,"url":"https:\/\/blog.kunstgriff.net\/?p=8337","url_meta":{"origin":12561,"position":4},"title":"Nauders -> Meran -> Reschen Pass","author":"Georg","date":"Juni 22, 2012","format":false,"excerpt":"oder \u00bbAuf einen Cappuccino nach Meran\u00ab Heute stand eine lange, relativ flache Etappe auf dem Zettel. In den Alpen ist es allerdings nicht wirklich m\u00f6glich, flach zu fahren. Auf einer Distanz von 180 km kommen immer ein paar H\u00f6henmeter zusammen. Dirk hatte die Strecke f\u00fcr uns geplant und so ging\u2026","rel":"","context":"In &quot;Radfahren&quot;","block_context":{"text":"Radfahren","link":"https:\/\/blog.kunstgriff.net\/?cat=14"},"img":{"alt_text":"","src":"https:\/\/i0.wp.com\/blog.kunstgriff.net\/wp-content\/uploads\/2012\/06\/Naturstrasse-entlang-der-Etsch.jpg?resize=350%2C200","width":350,"height":200,"srcset":"https:\/\/i0.wp.com\/blog.kunstgriff.net\/wp-content\/uploads\/2012\/06\/Naturstrasse-entlang-der-Etsch.jpg?resize=350%2C200 1x, https:\/\/i0.wp.com\/blog.kunstgriff.net\/wp-content\/uploads\/2012\/06\/Naturstrasse-entlang-der-Etsch.jpg?resize=525%2C300 1.5x, https:\/\/i0.wp.com\/blog.kunstgriff.net\/wp-content\/uploads\/2012\/06\/Naturstrasse-entlang-der-Etsch.jpg?resize=700%2C400 2x"},"classes":[]},{"id":7500,"url":"https:\/\/blog.kunstgriff.net\/?p=7500","url_meta":{"origin":12561,"position":5},"title":"Mallorca Trainingscamp 2012 &#8211; Tag 4 &#8211; Manacor &#038; Llosetta","author":"Georg","date":"M\u00e4rz 12, 2012","format":false,"excerpt":"oder \u00bblange flach - muy agradable\u00ab F\u00fcr viele war heute Ruhetag, andere wollten in die Berge. Mein Wunsch war es, heute lange und flach zu fahren. Einige Kettenbr\u00fcder hatten das selbe Verlangen und so planten Alexander und ich die Strecke flach. Karin, Christoph, Holger, Herbert, Christian, Michael, Alexander und ich\u2026","rel":"","context":"In &quot;Radreise&quot;","block_context":{"text":"Radreise","link":"https:\/\/blog.kunstgriff.net\/?cat=13"},"img":{"alt_text":"","src":"https:\/\/i0.wp.com\/blog.kunstgriff.net\/wp-content\/uploads\/2012\/03\/Was-f%C3%BCr-ein-herrliches-Wetter.jpg?fit=1000%2C750&ssl=1&resize=350%2C200","width":350,"height":200,"srcset":"https:\/\/i0.wp.com\/blog.kunstgriff.net\/wp-content\/uploads\/2012\/03\/Was-f%C3%BCr-ein-herrliches-Wetter.jpg?fit=1000%2C750&ssl=1&resize=350%2C200 1x, https:\/\/i0.wp.com\/blog.kunstgriff.net\/wp-content\/uploads\/2012\/03\/Was-f%C3%BCr-ein-herrliches-Wetter.jpg?fit=1000%2C750&ssl=1&resize=525%2C300 1.5x, https:\/\/i0.wp.com\/blog.kunstgriff.net\/wp-content\/uploads\/2012\/03\/Was-f%C3%BCr-ein-herrliches-Wetter.jpg?fit=1000%2C750&ssl=1&resize=700%2C400 2x"},"classes":[]}],"jetpack_likes_enabled":true,"jetpack_sharing_enabled":true,"_links":{"self":[{"href":"https:\/\/blog.kunstgriff.net\/index.php?rest_route=\/wp\/v2\/posts\/12561","targetHints":{"allow":["GET"]}}],"collection":[{"href":"https:\/\/blog.kunstgriff.net\/index.php?rest_route=\/wp\/v2\/posts"}],"about":[{"href":"https:\/\/blog.kunstgriff.net\/index.php?rest_route=\/wp\/v2\/types\/post"}],"author":[{"embeddable":true,"href":"https:\/\/blog.kunstgriff.net\/index.php?rest_route=\/wp\/v2\/users\/2"}],"replies":[{"embeddable":true,"href":"https:\/\/blog.kunstgriff.net\/index.php?rest_route=%2Fwp%2Fv2%2Fcomments&post=12561"}],"version-history":[{"count":0,"href":"https:\/\/blog.kunstgriff.net\/index.php?rest_route=\/wp\/v2\/posts\/12561\/revisions"}],"wp:featuredmedia":[{"embeddable":true,"href":"https:\/\/blog.kunstgriff.net\/index.php?rest_route=\/wp\/v2\/media\/12610"}],"wp:attachment":[{"href":"https:\/\/blog.kunstgriff.net\/index.php?rest_route=%2Fwp%2Fv2%2Fmedia&parent=12561"}],"wp:term":[{"taxonomy":"category","embeddable":true,"href":"https:\/\/blog.kunstgriff.net\/index.php?rest_route=%2Fwp%2Fv2%2Fcategories&post=12561"},{"taxonomy":"post_tag","embeddable":true,"href":"https:\/\/blog.kunstgriff.net\/index.php?rest_route=%2Fwp%2Fv2%2Ftags&post=12561"}],"curies":[{"name":"wp","href":"https:\/\/api.w.org\/{rel}","templated":true}]}}