{"id":12636,"date":"2015-05-24T16:10:01","date_gmt":"2015-05-24T14:10:01","guid":{"rendered":"http:\/\/blog.kunstgriff.net\/?p=12636"},"modified":"2015-05-24T16:10:01","modified_gmt":"2015-05-24T14:10:01","slug":"auf-friedensfahrt-kurs-2015-ein-resume","status":"publish","type":"post","link":"https:\/\/blog.kunstgriff.net\/?p=12636","title":{"rendered":"Auf Friedensfahrt\u2013Kurs 2015 &#8211; Ein R\u00e9sum\u00e9"},"content":{"rendered":"<span class=\"span-reading-time rt-reading-time\" style=\"display: block;\"><span class=\"rt-label rt-prefix\">Lesezeit: <\/span> <span class=\"rt-time\"> &lt; 1<\/span> <span class=\"rt-label rt-postfix\">Minute<\/span><\/span><p>Nachdem ich im letzten Jahr die ITF ausgelassen hatte, war es in diesem Jahr meine f\u00fcnfte Teilnahme. Vor dem Start in Elsterwerda wusste ich, was mich in den n\u00e4chsten f\u00fcnf Tage erwarten w\u00fcrde: Radfahren, Radfahren und noch ein bisschen Radfahren. Um das Dazwischen wollte sich, wie schon in den Jahren zuvor, Peter Scheunemann und seine Frau Christel k\u00fcmmern.<\/p>\n<p>Was sofort auffiel war, da\u00df die Organisation auf breitere Beine gestellt war. Schon beim Prolog begr\u00fc\u00dfte uns Tom Bialowons von\u00a0<a href=\"http:\/\/www.wff-berlin.de\" target=\"_blank\">wff<\/a>, der die Streckenplanung in Eigenregie in die Hand genommen hatte. Und das war gut so, denn es konnte auf eine erprobte Streckenf\u00fchrung zur\u00fcck gegriffen werden, die er als Strecken-Gourmet erprobt hatte. Die Strecken m\u00fcssen ja nicht jedes Jahr neu erfunden werden! Auch bei der Quartierfindung und den Buffets bzw. Verpflegungspunkten erhielt Peter tatkr\u00e4ftige Unterst\u00fctzung. Zum Einen durch die Familien der Th\u00fcringer Bergziegen zum anderen durch viele freundliche Helfer, die sich um den reibungslosen Gep\u00e4cktransport, die Zimmerfindung und die Aufteilung dieser im Hintergrund k\u00fcmmerten.<\/p>\n<p>In diesem Jahr merkte ich, dass ich wirklich nur Radfahren brauchte. Klar, hier und da mal zur Hand gehen, bei Gep\u00e4ckverladen helfen oder geduldig auf den Zimmerschl\u00fcssel warten. Mehr war nicht zu tun, au\u00dfer Rad zu fahren.<\/p>\n<p>Auch klappte es mit der Ankunft der unterschiedlichen Leistungsgruppen in diesem Jahr erstaunlich harmonisch. Das lag sicher auch daran, dass die verschiedenen Streckenl\u00e4ngen so geplant waren, dass sie immer wieder zusammen f\u00fchrten und so eine relativ zeitgleiche Buffet-Zeit erm\u00f6glichte. Niemand erreichte erst nach Einbruch der Dunkelheit das Nachtquartier.<\/p>\n<p>Das tolle Wetter hat nat\u00fcrlich auch noch zu einem perfekten Gelingen beigetragen. Keine einzigen Regentropfen haben wir in den f\u00fcnf Tagen abbekommen. Das gab es selten bei dieser Veranstaltung.<\/p>\n<p>Diese ITF war <del>eigentlich<\/del> perfekt organisiert, ich freue mich sehr auf 2016! Aber wie soll das noch besser werden?<\/p>\n","protected":false},"excerpt":{"rendered":"<p>Nachdem ich im letzten Jahr die ITF ausgelassen hatte, war es in diesem Jahr meine f\u00fcnfte Teilnahme. Vor dem Start in Elsterwerda wusste ich, was mich in den n\u00e4chsten f\u00fcnf Tage erwarten w\u00fcrde: Radfahren, Radfahren und noch ein bisschen Radfahren. Um das Dazwischen wollte sich, wie schon in den Jahren zuvor, Peter Scheunemann und seine &hellip; <\/p>\n<p class=\"link-more\"><a href=\"https:\/\/blog.kunstgriff.net\/?p=12636\" class=\"more-link\"><span class=\"screen-reader-text\">\u201eAuf Friedensfahrt\u2013Kurs 2015 &#8211; Ein R\u00e9sum\u00e9\u201c <\/span>weiterlesen<\/a><\/p>\n","protected":false},"author":2,"featured_media":0,"comment_status":"open","ping_status":"open","sticky":false,"template":"","format":"standard","meta":{"jetpack_post_was_ever_published":false,"_jetpack_newsletter_access":"","_jetpack_dont_email_post_to_subs":false,"_jetpack_newsletter_tier_id":0,"_jetpack_memberships_contains_paywalled_content":false,"_jetpack_memberships_contains_paid_content":false,"footnotes":""},"categories":[25,14,13,7],"tags":[],"class_list":["post-12636","post","type-post","status-publish","format-standard","hentry","category-besonderes-ereignis","category-radfahren","category-radreise","category-rennradfahren"],"jetpack_featured_media_url":"","jetpack_shortlink":"https:\/\/wp.me\/p8Cxe7-3hO","jetpack-related-posts":[{"id":6384,"url":"https:\/\/blog.kunstgriff.net\/?p=6384","url_meta":{"origin":12636,"position":0},"title":"Saisonabschluss-Tour mit den Havellandriders 2011","author":"Georg","date":"Oktober 22, 2011","format":false,"excerpt":"oder \u00bbF\u00fcr einen Schnitzel-Teller nach Klein-Ziethen\u00ab Nach einer extrem abwechslungsreichen Rennrad-Saison 2011 stand heute die Abschluss-Rennrad-Tour mit den Havellandriders auf dem Programm. Da wir im letzten Jahr so viel Spass an der Runde hatten, wurde die Route nicht modifiziert und der gleiche Track aus dem letzten Jahr gefahren. Nach der\u2026","rel":"","context":"In &quot;Radfahren&quot;","block_context":{"text":"Radfahren","link":"https:\/\/blog.kunstgriff.net\/?cat=14"},"img":{"alt_text":"","src":"https:\/\/i0.wp.com\/blog.kunstgriff.net\/wp-content\/uploads\/2011\/10\/Gruppenfoto-am-Rathaus-Falkensee1-300x225.jpg?resize=350%2C200","width":350,"height":200},"classes":[]},{"id":12640,"url":"https:\/\/blog.kunstgriff.net\/?p=12640","url_meta":{"origin":12636,"position":1},"title":"M\u00fcnchen &#8211; Irschenberg","author":"Georg","date":"Mai 24, 2015","format":false,"excerpt":"Traumtour zu den Rampen, trotz vieler WolkenPfingsten wollte in diesem Jahr in M\u00fcnchen verbracht werden. Mit dem Postbus am Freitag hin und am Montag wieder zur\u00fcck. Dazwischen ein wenig meine zweit-liebste Stadt erkunden und noch\u00a0nach S\u00fcden raus Radfahren. Das war der Plan. W\u00e4re am Samstag mehr Sonne gewesen, h\u00e4tte ich\u2026","rel":"","context":"In &quot;Radfahren&quot;","block_context":{"text":"Radfahren","link":"https:\/\/blog.kunstgriff.net\/?cat=14"},"img":{"alt_text":"","src":"https:\/\/i0.wp.com\/blog.kunstgriff.net\/wp-content\/uploads\/2015\/05\/Wow-was-f%C3%BCr-eine-Abfahrt.jpg?fit=1200%2C900&ssl=1&resize=350%2C200","width":350,"height":200,"srcset":"https:\/\/i0.wp.com\/blog.kunstgriff.net\/wp-content\/uploads\/2015\/05\/Wow-was-f%C3%BCr-eine-Abfahrt.jpg?fit=1200%2C900&ssl=1&resize=350%2C200 1x, https:\/\/i0.wp.com\/blog.kunstgriff.net\/wp-content\/uploads\/2015\/05\/Wow-was-f%C3%BCr-eine-Abfahrt.jpg?fit=1200%2C900&ssl=1&resize=525%2C300 1.5x, https:\/\/i0.wp.com\/blog.kunstgriff.net\/wp-content\/uploads\/2015\/05\/Wow-was-f%C3%BCr-eine-Abfahrt.jpg?fit=1200%2C900&ssl=1&resize=700%2C400 2x, https:\/\/i0.wp.com\/blog.kunstgriff.net\/wp-content\/uploads\/2015\/05\/Wow-was-f%C3%BCr-eine-Abfahrt.jpg?fit=1200%2C900&ssl=1&resize=1050%2C600 3x"},"classes":[]},{"id":15346,"url":"https:\/\/blog.kunstgriff.net\/?p=15346","url_meta":{"origin":12636,"position":2},"title":"Kurze Nordrunde \u00fcber Kremmen","author":"Georg","date":"M\u00e4rz 27, 2017","format":false,"excerpt":"oder \u00bbSchweinehund, was machst Du?\u00ab Eigentlich stand ja fest auf dem Plan, dass ich heute fahren wollte; ach was schreibe ich: Geplant war schon gestern zu fahren. Aber die angebotenen Runden waren mir zu lang und draussen waren trotz Sonnenscheins einstellige Temperaturen. Keine Lust. Prokrastinieren war Programm, nicht Radfahren. Als\u2026","rel":"","context":"In &quot;Radfahren&quot;","block_context":{"text":"Radfahren","link":"https:\/\/blog.kunstgriff.net\/?cat=14"},"img":{"alt_text":"","src":"https:\/\/i0.wp.com\/blog.kunstgriff.net\/wp-content\/uploads\/2017\/03\/Riegel-Pause.jpg?fit=1200%2C800&ssl=1&resize=350%2C200","width":350,"height":200,"srcset":"https:\/\/i0.wp.com\/blog.kunstgriff.net\/wp-content\/uploads\/2017\/03\/Riegel-Pause.jpg?fit=1200%2C800&ssl=1&resize=350%2C200 1x, https:\/\/i0.wp.com\/blog.kunstgriff.net\/wp-content\/uploads\/2017\/03\/Riegel-Pause.jpg?fit=1200%2C800&ssl=1&resize=525%2C300 1.5x, https:\/\/i0.wp.com\/blog.kunstgriff.net\/wp-content\/uploads\/2017\/03\/Riegel-Pause.jpg?fit=1200%2C800&ssl=1&resize=700%2C400 2x, https:\/\/i0.wp.com\/blog.kunstgriff.net\/wp-content\/uploads\/2017\/03\/Riegel-Pause.jpg?fit=1200%2C800&ssl=1&resize=1050%2C600 3x"},"classes":[]},{"id":12307,"url":"https:\/\/blog.kunstgriff.net\/?p=12307","url_meta":{"origin":12636,"position":3},"title":"Mallorca Trainingscamp 2015 &#8211; Tag 1 &#8211; Petra-Maffay-Tal","author":"Georg","date":"M\u00e4rz 18, 2015","format":false,"excerpt":"oder \u00bbAmbitionierte erste Ausfahrt\u00ab Selten, ich w\u00fcrde sogar behaupten, nie kam ich bisher mit so wenig Trainingskilometern in den Beinen auf die Balearen-Insel wie in diesem Jahr. Stets war ich gut vorbereitet und hatte einige Kilometer auf dem Ergometer absolviert. Nicht so in diesem Winter. Die Bilanz waren zwei Ausfahrten\u2026","rel":"","context":"In &quot;Radfahren&quot;","block_context":{"text":"Radfahren","link":"https:\/\/blog.kunstgriff.net\/?cat=14"},"img":{"alt_text":"","src":"https:\/\/i0.wp.com\/blog.kunstgriff.net\/wp-content\/uploads\/2015\/03\/Da-gehts-lang.jpg?fit=1200%2C900&ssl=1&resize=350%2C200","width":350,"height":200,"srcset":"https:\/\/i0.wp.com\/blog.kunstgriff.net\/wp-content\/uploads\/2015\/03\/Da-gehts-lang.jpg?fit=1200%2C900&ssl=1&resize=350%2C200 1x, https:\/\/i0.wp.com\/blog.kunstgriff.net\/wp-content\/uploads\/2015\/03\/Da-gehts-lang.jpg?fit=1200%2C900&ssl=1&resize=525%2C300 1.5x, https:\/\/i0.wp.com\/blog.kunstgriff.net\/wp-content\/uploads\/2015\/03\/Da-gehts-lang.jpg?fit=1200%2C900&ssl=1&resize=700%2C400 2x, https:\/\/i0.wp.com\/blog.kunstgriff.net\/wp-content\/uploads\/2015\/03\/Da-gehts-lang.jpg?fit=1200%2C900&ssl=1&resize=1050%2C600 3x"},"classes":[]},{"id":2866,"url":"https:\/\/blog.kunstgriff.net\/?p=2866","url_meta":{"origin":12636,"position":4},"title":"Ferch-Runde","author":"Georg","date":"November 14, 2010","format":false,"excerpt":"oder \"Radfahren im November bei Fr\u00fchlingstemperaturen\"Meine Beine f\u00fchlten sich schwer an. Die beiden Einheiten vom Samstag hingen mir noch in den Knochen Muskeln. Der Blick aus dem Fenster und das anschlie\u00dfende \u00f6ffnen der Balkont\u00fcr pr\u00e4sentierte aber herrliches Kaiserwetter, welches pr\u00e4destiniert f\u00fcr eine Rad-Ausfahrt war. Ich haderte, dachte mir aber, das\u2026","rel":"","context":"In &quot;Rennradfahren&quot;","block_context":{"text":"Rennradfahren","link":"https:\/\/blog.kunstgriff.net\/?cat=7"},"img":{"alt_text":"","src":"https:\/\/i0.wp.com\/blog.kunstgriff.net\/wp-content\/uploads\/2010\/11\/GA1.png?resize=350%2C200","width":350,"height":200},"classes":[]},{"id":19549,"url":"https:\/\/blog.kunstgriff.net\/?p=19549","url_meta":{"origin":12636,"position":5},"title":"ERT 2019: Sardinien 5. Tag","author":"Georg","date":"Juni 6, 2019","format":false,"excerpt":"von Alghero nach Santa Maria Coghinas Das herrlich moderne und komfortable Hotel musste heute mit einigem Wehmut verlassen werden. An den Meerblick k\u00f6nnte ich mich tats\u00e4chlich gew\u00f6hnen. Aber wir sind ja zum Radfahren hier. Also rauf aufs Rad und raus aus der Stadt. Erstmal am Meer entlang. Zuerst war es\u2026","rel":"","context":"In &quot;Cake-Ride&quot;","block_context":{"text":"Cake-Ride","link":"https:\/\/blog.kunstgriff.net\/?cat=34"},"img":{"alt_text":"K\u00fcstenstrassen","src":"https:\/\/i0.wp.com\/blog.kunstgriff.net\/wp-content\/uploads\/2019\/06\/K%C3%BCstenstrassen.jpg?fit=1200%2C800&ssl=1&resize=350%2C200","width":350,"height":200,"srcset":"https:\/\/i0.wp.com\/blog.kunstgriff.net\/wp-content\/uploads\/2019\/06\/K%C3%BCstenstrassen.jpg?fit=1200%2C800&ssl=1&resize=350%2C200 1x, https:\/\/i0.wp.com\/blog.kunstgriff.net\/wp-content\/uploads\/2019\/06\/K%C3%BCstenstrassen.jpg?fit=1200%2C800&ssl=1&resize=525%2C300 1.5x, https:\/\/i0.wp.com\/blog.kunstgriff.net\/wp-content\/uploads\/2019\/06\/K%C3%BCstenstrassen.jpg?fit=1200%2C800&ssl=1&resize=700%2C400 2x, https:\/\/i0.wp.com\/blog.kunstgriff.net\/wp-content\/uploads\/2019\/06\/K%C3%BCstenstrassen.jpg?fit=1200%2C800&ssl=1&resize=1050%2C600 3x"},"classes":[]}],"jetpack_likes_enabled":true,"jetpack_sharing_enabled":true,"_links":{"self":[{"href":"https:\/\/blog.kunstgriff.net\/index.php?rest_route=\/wp\/v2\/posts\/12636","targetHints":{"allow":["GET"]}}],"collection":[{"href":"https:\/\/blog.kunstgriff.net\/index.php?rest_route=\/wp\/v2\/posts"}],"about":[{"href":"https:\/\/blog.kunstgriff.net\/index.php?rest_route=\/wp\/v2\/types\/post"}],"author":[{"embeddable":true,"href":"https:\/\/blog.kunstgriff.net\/index.php?rest_route=\/wp\/v2\/users\/2"}],"replies":[{"embeddable":true,"href":"https:\/\/blog.kunstgriff.net\/index.php?rest_route=%2Fwp%2Fv2%2Fcomments&post=12636"}],"version-history":[{"count":0,"href":"https:\/\/blog.kunstgriff.net\/index.php?rest_route=\/wp\/v2\/posts\/12636\/revisions"}],"wp:attachment":[{"href":"https:\/\/blog.kunstgriff.net\/index.php?rest_route=%2Fwp%2Fv2%2Fmedia&parent=12636"}],"wp:term":[{"taxonomy":"category","embeddable":true,"href":"https:\/\/blog.kunstgriff.net\/index.php?rest_route=%2Fwp%2Fv2%2Fcategories&post=12636"},{"taxonomy":"post_tag","embeddable":true,"href":"https:\/\/blog.kunstgriff.net\/index.php?rest_route=%2Fwp%2Fv2%2Ftags&post=12636"}],"curies":[{"name":"wp","href":"https:\/\/api.w.org\/{rel}","templated":true}]}}