{"id":12730,"date":"2015-08-01T21:00:15","date_gmt":"2015-08-01T19:00:15","guid":{"rendered":"http:\/\/blog.kunstgriff.net\/?p=12730"},"modified":"2016-07-31T17:40:39","modified_gmt":"2016-07-31T15:40:39","slug":"blankensee-runde-3","status":"publish","type":"post","link":"https:\/\/blog.kunstgriff.net\/?p=12730","title":{"rendered":"Blankensee-Runde"},"content":{"rendered":"<span class=\"span-reading-time rt-reading-time\" style=\"display: block;\"><span class=\"rt-label rt-prefix\">Lesezeit: <\/span> <span class=\"rt-time\"> &lt; 1<\/span> <span class=\"rt-label rt-postfix\">Minute<\/span><\/span><h4>oder \u00bbHunderter mit Hindernissen\u00ab<\/h4>\n<hr \/>\n<p>Heute bin ich bedauerlicherweise\u00a0erst recht sp\u00e4t auf meinen Renner gekommen. Es waren zwar tolle Runden im Angebot aber nicht mit meinem Fitness-Stand zu vereinbaren. So entschloss ich mich, das kleine Zeitfenster zu nutzen und nach <a href=\"http:\/\/blog.kunstgriff.net\/?p=12540\" target=\"_blank\">Blankensee zu B\u00e4cker R\u00f6hrig<\/a> aufzubrechen.<\/p>\n<p>Die Sonne schien und herrliches Sommerwetter erwartete mich auf meinem Velo. Gut dass ich Sonnencreme aufgetragen hatte. Die Fortbewegung funktionierte eigentlich ganz passabel aber richtig Tempo aufnehmen funktionierte nicht. Egal rollen und genie\u00dfen.<\/p>\n<p>An der Halbzeit meines Hunderters gab es dann zum Gl\u00fcck noch Kuchen, obwohl R\u00f6hrig am Samstag um 13 Uhr eigentlich schon zu hatte. Gut zu wissen.<\/p>\n<p>Auf dem R\u00fcckweg radelte mir noch Herbert W. entgegen, der auch alleine auf einer Trainingsausfahrt unterwegs war. Kurzer Plausch, dann weiter. Willy das \u00fcbliche Nach-Hause-Weg-Programm und dann ganz sch\u00f6n angeschossen unter die Dusche, obwohl das nur ein 100er war. Ich mache mir Gedanken\u2026<\/p>\n<p><iframe height='405' width='590' frameborder='0' allowtransparency='true' scrolling='no' src='https:\/\/www.strava.com\/activities\/358908679\/embed\/2cd195ed9c90a8daead89355619c168f6e8ca502'><\/iframe><\/p>\n<div class=\"tiled-gallery type-rectangular tiled-gallery-unresized\" data-original-width=\"525\" data-carousel-extra='{&quot;blog_id&quot;:1,&quot;permalink&quot;:&quot;https:\\\/\\\/blog.kunstgriff.net\\\/?p=12730&quot;,&quot;likes_blog_id&quot;:127394879}' itemscope itemtype=\"http:\/\/schema.org\/ImageGallery\" > <div class=\"gallery-row\" style=\"width: 525px; height: 264px;\" data-original-width=\"525\" data-original-height=\"264\" > <div class=\"gallery-group images-1\" style=\"width: 350px; height: 264px;\" data-original-width=\"350\" data-original-height=\"264\" > <div class=\"tiled-gallery-item tiled-gallery-item-large\" itemprop=\"associatedMedia\" itemscope itemtype=\"http:\/\/schema.org\/ImageObject\"> <a href=\"https:\/\/blog.kunstgriff.net\/?attachment_id=12733\" border=\"0\" itemprop=\"url\"> <meta itemprop=\"width\" content=\"346\"> <meta itemprop=\"height\" content=\"260\"> <img decoding=\"async\" class=\"\" data-attachment-id=\"12733\" data-orig-file=\"https:\/\/blog.kunstgriff.net\/wp-content\/uploads\/2015\/08\/Kuchen-und-alkoholfreies-Radler-beim-B\u00e4cker-R\u00f6hrig-in-Blankensee.jpg\" data-orig-size=\"1500,1125\" data-comments-opened=\"1\" data-image-meta=\"{&quot;aperture&quot;:&quot;5.6&quot;,&quot;credit&quot;:&quot;&quot;,&quot;camera&quot;:&quot;Canon DIGITAL IXUS 870 IS&quot;,&quot;caption&quot;:&quot;&quot;,&quot;created_timestamp&quot;:&quot;1438438458&quot;,&quot;copyright&quot;:&quot;&quot;,&quot;focal_length&quot;:&quot;5&quot;,&quot;iso&quot;:&quot;80&quot;,&quot;shutter_speed&quot;:&quot;0.0015625&quot;,&quot;title&quot;:&quot;&quot;,&quot;orientation&quot;:&quot;1&quot;}\" data-image-title=\"Kuchen und alkoholfreies Radler beim B\u00e4cker R\u00f6hrig in Blankensee\" data-image-description=\"\" data-medium-file=\"https:\/\/i0.wp.com\/blog.kunstgriff.net\/wp-content\/uploads\/2015\/08\/Kuchen-und-alkoholfreies-Radler-beim-B%C3%A4cker-R%C3%B6hrig-in-Blankensee.jpg?fit=300%2C225&#038;ssl=1\" data-large-file=\"https:\/\/i0.wp.com\/blog.kunstgriff.net\/wp-content\/uploads\/2015\/08\/Kuchen-und-alkoholfreies-Radler-beim-B%C3%A4cker-R%C3%B6hrig-in-Blankensee.jpg?fit=1024%2C768&#038;ssl=1\" src=\"https:\/\/i0.wp.com\/blog.kunstgriff.net\/wp-content\/uploads\/2015\/08\/Kuchen-und-alkoholfreies-Radler-beim-B%C3%A4cker-R%C3%B6hrig-in-Blankensee.jpg?w=346&#038;h=260&#038;ssl=1\" width=\"346\" height=\"260\" loading=\"lazy\" data-original-width=\"346\" data-original-height=\"260\" itemprop=\"http:\/\/schema.org\/image\" title=\"Kuchen und alkoholfreies Radler beim B\u00e4cker R\u00f6hrig in Blankensee\" alt=\"Kuchen und alkoholfreies Radler beim B\u00e4cker R\u00f6hrig in Blankensee\" style=\"width: 346px; height: 260px;\" \/> <\/a> <\/div> <\/div> <!-- close group --> <div class=\"gallery-group images-2\" style=\"width: 175px; height: 264px;\" data-original-width=\"175\" data-original-height=\"264\" > <div class=\"tiled-gallery-item tiled-gallery-item-small\" itemprop=\"associatedMedia\" itemscope itemtype=\"http:\/\/schema.org\/ImageObject\"> <a href=\"https:\/\/blog.kunstgriff.net\/?attachment_id=12732\" border=\"0\" itemprop=\"url\"> <meta itemprop=\"width\" content=\"171\"> <meta itemprop=\"height\" content=\"128\"> <img decoding=\"async\" class=\"\" data-attachment-id=\"12732\" data-orig-file=\"https:\/\/blog.kunstgriff.net\/wp-content\/uploads\/2015\/08\/Dieses-Jahr-ohne-Prozessionsspinner.jpg\" data-orig-size=\"1500,1125\" data-comments-opened=\"1\" data-image-meta=\"{&quot;aperture&quot;:&quot;2.8&quot;,&quot;credit&quot;:&quot;&quot;,&quot;camera&quot;:&quot;Canon DIGITAL IXUS 870 IS&quot;,&quot;caption&quot;:&quot;&quot;,&quot;created_timestamp&quot;:&quot;1438440356&quot;,&quot;copyright&quot;:&quot;&quot;,&quot;focal_length&quot;:&quot;5&quot;,&quot;iso&quot;:&quot;400&quot;,&quot;shutter_speed&quot;:&quot;0.003125&quot;,&quot;title&quot;:&quot;&quot;,&quot;orientation&quot;:&quot;1&quot;}\" data-image-title=\"Dieses Jahr ohne Prozessionsspinner\" data-image-description=\"\" data-medium-file=\"https:\/\/i0.wp.com\/blog.kunstgriff.net\/wp-content\/uploads\/2015\/08\/Dieses-Jahr-ohne-Prozessionsspinner.jpg?fit=300%2C225&#038;ssl=1\" data-large-file=\"https:\/\/i0.wp.com\/blog.kunstgriff.net\/wp-content\/uploads\/2015\/08\/Dieses-Jahr-ohne-Prozessionsspinner.jpg?fit=1024%2C768&#038;ssl=1\" src=\"https:\/\/i0.wp.com\/blog.kunstgriff.net\/wp-content\/uploads\/2015\/08\/Dieses-Jahr-ohne-Prozessionsspinner.jpg?w=171&#038;h=128&#038;ssl=1\" srcset=\"https:\/\/i0.wp.com\/blog.kunstgriff.net\/wp-content\/uploads\/2015\/08\/Dieses-Jahr-ohne-Prozessionsspinner.jpg?w=1500&amp;ssl=1 1500w, https:\/\/i0.wp.com\/blog.kunstgriff.net\/wp-content\/uploads\/2015\/08\/Dieses-Jahr-ohne-Prozessionsspinner.jpg?resize=300%2C225&amp;ssl=1 300w, https:\/\/i0.wp.com\/blog.kunstgriff.net\/wp-content\/uploads\/2015\/08\/Dieses-Jahr-ohne-Prozessionsspinner.jpg?resize=1024%2C768&amp;ssl=1 1024w, https:\/\/i0.wp.com\/blog.kunstgriff.net\/wp-content\/uploads\/2015\/08\/Dieses-Jahr-ohne-Prozessionsspinner.jpg?resize=400%2C300&amp;ssl=1 400w, https:\/\/i0.wp.com\/blog.kunstgriff.net\/wp-content\/uploads\/2015\/08\/Dieses-Jahr-ohne-Prozessionsspinner.jpg?resize=900%2C675&amp;ssl=1 900w\" width=\"171\" height=\"128\" loading=\"lazy\" data-original-width=\"171\" data-original-height=\"128\" itemprop=\"http:\/\/schema.org\/image\" title=\"Dieses Jahr ohne Prozessionsspinner\" alt=\"Dieses Jahr ohne Prozessionsspinner\" style=\"width: 171px; height: 128px;\" \/> <\/a> <\/div> <div class=\"tiled-gallery-item tiled-gallery-item-small\" itemprop=\"associatedMedia\" itemscope itemtype=\"http:\/\/schema.org\/ImageObject\"> <a href=\"https:\/\/blog.kunstgriff.net\/?attachment_id=12734\" border=\"0\" itemprop=\"url\"> <meta itemprop=\"width\" content=\"171\"> <meta itemprop=\"height\" content=\"128\"> <img decoding=\"async\" class=\"\" data-attachment-id=\"12734\" data-orig-file=\"https:\/\/blog.kunstgriff.net\/wp-content\/uploads\/2015\/08\/unterwegs-ohne-Selfie-Stick.jpg\" data-orig-size=\"1500,1125\" data-comments-opened=\"1\" data-image-meta=\"{&quot;aperture&quot;:&quot;2.8&quot;,&quot;credit&quot;:&quot;&quot;,&quot;camera&quot;:&quot;Canon DIGITAL IXUS 870 IS&quot;,&quot;caption&quot;:&quot;&quot;,&quot;created_timestamp&quot;:&quot;1438440390&quot;,&quot;copyright&quot;:&quot;&quot;,&quot;focal_length&quot;:&quot;5&quot;,&quot;iso&quot;:&quot;100&quot;,&quot;shutter_speed&quot;:&quot;0.002&quot;,&quot;title&quot;:&quot;&quot;,&quot;orientation&quot;:&quot;1&quot;}\" data-image-title=\"unterwegs ohne Selfie Stick\" data-image-description=\"\" data-medium-file=\"https:\/\/i0.wp.com\/blog.kunstgriff.net\/wp-content\/uploads\/2015\/08\/unterwegs-ohne-Selfie-Stick.jpg?fit=300%2C225&#038;ssl=1\" data-large-file=\"https:\/\/i0.wp.com\/blog.kunstgriff.net\/wp-content\/uploads\/2015\/08\/unterwegs-ohne-Selfie-Stick.jpg?fit=1024%2C768&#038;ssl=1\" src=\"https:\/\/i0.wp.com\/blog.kunstgriff.net\/wp-content\/uploads\/2015\/08\/unterwegs-ohne-Selfie-Stick.jpg?w=171&#038;h=128&#038;ssl=1\" srcset=\"https:\/\/i0.wp.com\/blog.kunstgriff.net\/wp-content\/uploads\/2015\/08\/unterwegs-ohne-Selfie-Stick.jpg?w=1500&amp;ssl=1 1500w, https:\/\/i0.wp.com\/blog.kunstgriff.net\/wp-content\/uploads\/2015\/08\/unterwegs-ohne-Selfie-Stick.jpg?resize=300%2C225&amp;ssl=1 300w, https:\/\/i0.wp.com\/blog.kunstgriff.net\/wp-content\/uploads\/2015\/08\/unterwegs-ohne-Selfie-Stick.jpg?resize=1024%2C768&amp;ssl=1 1024w, https:\/\/i0.wp.com\/blog.kunstgriff.net\/wp-content\/uploads\/2015\/08\/unterwegs-ohne-Selfie-Stick.jpg?resize=400%2C300&amp;ssl=1 400w, https:\/\/i0.wp.com\/blog.kunstgriff.net\/wp-content\/uploads\/2015\/08\/unterwegs-ohne-Selfie-Stick.jpg?resize=900%2C675&amp;ssl=1 900w\" width=\"171\" height=\"128\" loading=\"lazy\" data-original-width=\"171\" data-original-height=\"128\" itemprop=\"http:\/\/schema.org\/image\" title=\"unterwegs ohne Selfie Stick\" alt=\"unterwegs ohne Selfie Stick\" style=\"width: 171px; height: 128px;\" \/> <\/a> <\/div> <\/div> <!-- close group --> <\/div> <!-- close row --> <\/div>\n","protected":false},"excerpt":{"rendered":"<p>oder \u00bbHunderter mit Hindernissen\u00ab Heute bin ich bedauerlicherweise\u00a0erst recht sp\u00e4t auf meinen Renner gekommen. Es waren zwar tolle Runden im Angebot aber nicht mit meinem Fitness-Stand zu vereinbaren. So entschloss ich mich, das kleine Zeitfenster zu nutzen und nach Blankensee zu B\u00e4cker R\u00f6hrig aufzubrechen. Die Sonne schien und herrliches Sommerwetter erwartete mich auf meinem Velo. &hellip; <\/p>\n<p class=\"link-more\"><a href=\"https:\/\/blog.kunstgriff.net\/?p=12730\" class=\"more-link\"><span class=\"screen-reader-text\">\u201eBlankensee-Runde\u201c <\/span>weiterlesen<\/a><\/p>\n","protected":false},"author":2,"featured_media":12732,"comment_status":"open","ping_status":"open","sticky":false,"template":"","format":"standard","meta":{"jetpack_post_was_ever_published":false,"_jetpack_newsletter_access":"","_jetpack_dont_email_post_to_subs":false,"_jetpack_newsletter_tier_id":0,"_jetpack_memberships_contains_paywalled_content":false,"_jetpack_memberships_contains_paid_content":false,"footnotes":""},"categories":[14,7],"tags":[],"class_list":["post-12730","post","type-post","status-publish","format-standard","has-post-thumbnail","hentry","category-radfahren","category-rennradfahren"],"jetpack_featured_media_url":"https:\/\/i0.wp.com\/blog.kunstgriff.net\/wp-content\/uploads\/2015\/08\/Dieses-Jahr-ohne-Prozessionsspinner.jpg?fit=1500%2C1125&ssl=1","jetpack_shortlink":"https:\/\/wp.me\/p8Cxe7-3jk","jetpack-related-posts":[{"id":19328,"url":"https:\/\/blog.kunstgriff.net\/?p=19328","url_meta":{"origin":12730,"position":0},"title":"3-Seen-Runde auf dem Renner","author":"Georg","date":"Mai 1, 2019","format":false,"excerpt":"vom Sacrower See zum Schwielowsee nach Blankensee In Ermangelung geeigneter Tourenangebote der \u00fcblichen Quellen, musste ich mir am heutigen Feiertag selber eine Strecke zusammen klicken. Das geht mit dem Routenplaner von Strava einfach von der Hand. Nicht das ich Angst h\u00e4tte mich zu verfahren, aber ich wollte vorher sehen, wie\u2026","rel":"","context":"In &quot;Cake-Ride&quot;","block_context":{"text":"Cake-Ride","link":"https:\/\/blog.kunstgriff.net\/?cat=34"},"img":{"alt_text":"","src":"https:\/\/i0.wp.com\/blog.kunstgriff.net\/wp-content\/uploads\/2019\/05\/Sacrow-nach-Fahrland.jpg?fit=1200%2C800&ssl=1&resize=350%2C200","width":350,"height":200,"srcset":"https:\/\/i0.wp.com\/blog.kunstgriff.net\/wp-content\/uploads\/2019\/05\/Sacrow-nach-Fahrland.jpg?fit=1200%2C800&ssl=1&resize=350%2C200 1x, https:\/\/i0.wp.com\/blog.kunstgriff.net\/wp-content\/uploads\/2019\/05\/Sacrow-nach-Fahrland.jpg?fit=1200%2C800&ssl=1&resize=525%2C300 1.5x, https:\/\/i0.wp.com\/blog.kunstgriff.net\/wp-content\/uploads\/2019\/05\/Sacrow-nach-Fahrland.jpg?fit=1200%2C800&ssl=1&resize=700%2C400 2x, https:\/\/i0.wp.com\/blog.kunstgriff.net\/wp-content\/uploads\/2019\/05\/Sacrow-nach-Fahrland.jpg?fit=1200%2C800&ssl=1&resize=1050%2C600 3x"},"classes":[]},{"id":10691,"url":"https:\/\/blog.kunstgriff.net\/?p=10691","url_meta":{"origin":12730,"position":1},"title":"Beelitz-Runde","author":"Georg","date":"August 4, 2013","format":false,"excerpt":"oder \u00bbHat ganz sch\u00f6n gesaugt!\u00abDie ganze Woche plagten mich schon Kopfschmerzen und gestern war erst um 20 Uhr Feierabend. Keine guten Voraussetzungen um heute ordentlich abzustrampeln. Trotzdem ich recht fr\u00fch auf war, dauerte es ewig bis ich mich motivieren konnte, die Flaschen zu f\u00fcllen und die Dackelschneider auf 8,5 bar\u2026","rel":"","context":"In &quot;Radfahren&quot;","block_context":{"text":"Radfahren","link":"https:\/\/blog.kunstgriff.net\/?cat=14"},"img":{"alt_text":"","src":"","width":0,"height":0},"classes":[]},{"id":20106,"url":"https:\/\/blog.kunstgriff.net\/?p=20106","url_meta":{"origin":12730,"position":2},"title":"Blankensee-Runde","author":"Georg","date":"September 28, 2019","format":false,"excerpt":"Fast Kuchen-Hunni mit Regen Eigentlich ist dieses Herbstwetter ja nicht mehr so mein Ding, seit Zwift erfunden wurde. Freiwillige Regenfahrten am Samstag sind da so eher die Ausnahme. Aber der Regen-Radar versprach nur punktuellen Regen und so machte ich mich dann doch f\u00fcr Drau\u00dfen-Fahren fertig. Einige kamen um 10 Uhr,\u2026","rel":"","context":"In &quot;Cake-Ride&quot;","block_context":{"text":"Cake-Ride","link":"https:\/\/blog.kunstgriff.net\/?cat=34"},"img":{"alt_text":"Endliche Sonne in Blankensee","src":"https:\/\/i0.wp.com\/blog.kunstgriff.net\/wp-content\/uploads\/2019\/09\/Endliche-Sonne-in-Blankensee.jpg?fit=1200%2C800&ssl=1&resize=350%2C200","width":350,"height":200,"srcset":"https:\/\/i0.wp.com\/blog.kunstgriff.net\/wp-content\/uploads\/2019\/09\/Endliche-Sonne-in-Blankensee.jpg?fit=1200%2C800&ssl=1&resize=350%2C200 1x, https:\/\/i0.wp.com\/blog.kunstgriff.net\/wp-content\/uploads\/2019\/09\/Endliche-Sonne-in-Blankensee.jpg?fit=1200%2C800&ssl=1&resize=525%2C300 1.5x, https:\/\/i0.wp.com\/blog.kunstgriff.net\/wp-content\/uploads\/2019\/09\/Endliche-Sonne-in-Blankensee.jpg?fit=1200%2C800&ssl=1&resize=700%2C400 2x, https:\/\/i0.wp.com\/blog.kunstgriff.net\/wp-content\/uploads\/2019\/09\/Endliche-Sonne-in-Blankensee.jpg?fit=1200%2C800&ssl=1&resize=1050%2C600 3x"},"classes":[]},{"id":10119,"url":"https:\/\/blog.kunstgriff.net\/?p=10119","url_meta":{"origin":12730,"position":3},"title":"Sperenberg-Blankensee-Runde","author":"Georg","date":"April 20, 2013","format":false,"excerpt":"oder \u00bbAuf \u2019ne Buchtel zu B\u00e4cker R\u00f6hrig\u00abHeute war es wieder soweit und ich konnte nach einer Woche Laufsport, endlich wieder einmal mein Rennrad bewegen. Oleg hatte zum\u00a0Tirschenreuther-Ring gerufen und eine Radlerin und sechs Radler folgten dem Aufruf aus dem Internet. Da die weibliche Begleitung, Yvonne, heute das Vetorecht zur Streckenwahl\u2026","rel":"","context":"In &quot;Radfahren&quot;","block_context":{"text":"Radfahren","link":"https:\/\/blog.kunstgriff.net\/?cat=14"},"img":{"alt_text":"Buchteln bein B\u00e4cker R\u00f6hrig in Blankensee","src":"https:\/\/i0.wp.com\/blog.kunstgriff.net\/wp-content\/uploads\/2013\/04\/Buchteln-bein-B%C3%A4cker-R%C3%B6hrig-in-Blankensee-300x225.jpg?resize=350%2C200","width":350,"height":200},"classes":[]},{"id":19430,"url":"https:\/\/blog.kunstgriff.net\/?p=19430","url_meta":{"origin":12730,"position":4},"title":"An Himmelfahrt nach Blankensee","author":"Georg","date":"Mai 30, 2019","format":false,"excerpt":"Mit Herbert \u2019nen Kuchenhunni abgerissen Eigentlich bin ich zu dieser Zeit ja immer in Tschechien mit der ITF unterwegs. Aufgrund von Termin-\u00dcberlappungen ging dies in 2019 nicht. Die Merseburg RTF wollte ich aufgrund der weiten Anreise auch nicht mitfahren, also blieb nur eine Runde ohne Gruppe. Herbert meldete sich am\u2026","rel":"","context":"In &quot;Cake-Ride&quot;","block_context":{"text":"Cake-Ride","link":"https:\/\/blog.kunstgriff.net\/?cat=34"},"img":{"alt_text":"Auf dem Weg nach Dobrikow","src":"https:\/\/i0.wp.com\/blog.kunstgriff.net\/wp-content\/uploads\/2019\/05\/Auf-dem-Weg-nach-Dobrikow.jpg?fit=1200%2C800&ssl=1&resize=350%2C200","width":350,"height":200,"srcset":"https:\/\/i0.wp.com\/blog.kunstgriff.net\/wp-content\/uploads\/2019\/05\/Auf-dem-Weg-nach-Dobrikow.jpg?fit=1200%2C800&ssl=1&resize=350%2C200 1x, https:\/\/i0.wp.com\/blog.kunstgriff.net\/wp-content\/uploads\/2019\/05\/Auf-dem-Weg-nach-Dobrikow.jpg?fit=1200%2C800&ssl=1&resize=525%2C300 1.5x, https:\/\/i0.wp.com\/blog.kunstgriff.net\/wp-content\/uploads\/2019\/05\/Auf-dem-Weg-nach-Dobrikow.jpg?fit=1200%2C800&ssl=1&resize=700%2C400 2x, https:\/\/i0.wp.com\/blog.kunstgriff.net\/wp-content\/uploads\/2019\/05\/Auf-dem-Weg-nach-Dobrikow.jpg?fit=1200%2C800&ssl=1&resize=1050%2C600 3x"},"classes":[]},{"id":6533,"url":"https:\/\/blog.kunstgriff.net\/?p=6533","url_meta":{"origin":12730,"position":5},"title":"B\u00e4ckertour nach Blankensee","author":"Christine","date":"November 9, 2011","format":false,"excerpt":"oder \u00bbSpende Blut - Radle gut?!?!\u00ab Heute war es wieder soweit, in Erwartung strahlenden Sonnenscheins und Buchteln haben wir uns zu dritt am Kaiserdamm getroffen, um der B\u00e4ckerei R\u00f6hrig in Blankensee einen Besuch abzustatten. Andreas kam hierf\u00fcr sogar extra aus dem weit entfernten Friedrichshain angereist. Wir haben uns f\u00fcr die\u2026","rel":"","context":"In &quot;Radfahren&quot;","block_context":{"text":"Radfahren","link":"https:\/\/blog.kunstgriff.net\/?cat=14"},"img":{"alt_text":"","src":"https:\/\/i0.wp.com\/blog.kunstgriff.net\/wp-content\/uploads\/2011\/11\/Weggenossen-in-Blankensee-300x225.jpg?resize=350%2C200","width":350,"height":200},"classes":[]}],"jetpack_likes_enabled":true,"jetpack_sharing_enabled":true,"_links":{"self":[{"href":"https:\/\/blog.kunstgriff.net\/index.php?rest_route=\/wp\/v2\/posts\/12730","targetHints":{"allow":["GET"]}}],"collection":[{"href":"https:\/\/blog.kunstgriff.net\/index.php?rest_route=\/wp\/v2\/posts"}],"about":[{"href":"https:\/\/blog.kunstgriff.net\/index.php?rest_route=\/wp\/v2\/types\/post"}],"author":[{"embeddable":true,"href":"https:\/\/blog.kunstgriff.net\/index.php?rest_route=\/wp\/v2\/users\/2"}],"replies":[{"embeddable":true,"href":"https:\/\/blog.kunstgriff.net\/index.php?rest_route=%2Fwp%2Fv2%2Fcomments&post=12730"}],"version-history":[{"count":0,"href":"https:\/\/blog.kunstgriff.net\/index.php?rest_route=\/wp\/v2\/posts\/12730\/revisions"}],"wp:featuredmedia":[{"embeddable":true,"href":"https:\/\/blog.kunstgriff.net\/index.php?rest_route=\/wp\/v2\/media\/12732"}],"wp:attachment":[{"href":"https:\/\/blog.kunstgriff.net\/index.php?rest_route=%2Fwp%2Fv2%2Fmedia&parent=12730"}],"wp:term":[{"taxonomy":"category","embeddable":true,"href":"https:\/\/blog.kunstgriff.net\/index.php?rest_route=%2Fwp%2Fv2%2Fcategories&post=12730"},{"taxonomy":"post_tag","embeddable":true,"href":"https:\/\/blog.kunstgriff.net\/index.php?rest_route=%2Fwp%2Fv2%2Ftags&post=12730"}],"curies":[{"name":"wp","href":"https:\/\/api.w.org\/{rel}","templated":true}]}}