{"id":12746,"date":"2015-08-02T18:50:11","date_gmt":"2015-08-02T16:50:11","guid":{"rendered":"http:\/\/blog.kunstgriff.net\/?p=12746"},"modified":"2016-07-31T17:39:00","modified_gmt":"2016-07-31T15:39:00","slug":"grosse-baecker-runde-nach-fehrbellin","status":"publish","type":"post","link":"https:\/\/blog.kunstgriff.net\/?p=12746","title":{"rendered":"Gro\u00dfe B\u00e4cker-Runde nach Fehrbellin"},"content":{"rendered":"<span class=\"span-reading-time rt-reading-time\" style=\"display: block;\"><span class=\"rt-label rt-prefix\">Lesezeit: <\/span> <span class=\"rt-time\"> 2<\/span> <span class=\"rt-label rt-postfix\">Minuten<\/span><\/span><h4>oder \u00bbFlott, lang &amp; heiss\u00ab<\/h4>\n<hr \/>\n<p>Nach der gestrigen, doch ein wenig frustrierenden Alleine-Fahrt, wollte ich heute auf jeden Fall mal wieder einen <em>Group-Ride<\/em> wagen. In Ermangelung toller Angebote, bot ich selber eine Runde an. Nur auf facebook <em>ganz Exklusiv<\/em>, keine Mailing-Liste, kein Forum.<\/p>\n<p>Und siehe da, es kamen genau <em>die Richtigen!<\/em> Ausgelobt war die B\u00e4ckerrunde nach Fehrbellin, bedingt durch das tolle Wetter und die vielen Trainingskilometer die<em> lange<\/em> Runde. Naja 17 Kilometer Unterschieden sind jetzt nicht so die Herausforderung, aber immerhin. <a href=\"http:\/\/blog.kunstgriff.net\/?p=7601\">Seit \u00fcber 3 Jahren (!) <\/a>bin ich die Strecke schon nicht mehr \u00fcber Friesack gefahren also war heute <em>der Tag!<\/em><\/p>\n<p>Sechs sportliche Mitfahrer hatten sich gemeldet: Christian, Herbert, Sebastian, Tom, Ren\u00e9 und der \u00dcberraschungsgast: Oliver \u2013 eine klasse Truppe, die super harmonierte. Oliver stellte auch fest, dass es in Spanien nicht so zivilisiert zu gehe wie hier \u2013 Zweierreihen und immer alles sch\u00f6n anzeigen.<\/p>\n<p>Vor Friesack hatte ich dann einen H\u00e4nger. Meine Kr\u00e4fte hatten mich verlassen. Aber die Gruppe war so zuvorkommend, dass ich mich im Windschatten ein paar Wechsel ausruhen durfte und dann ging es auch schon wieder und ich konnte vorne mitspielen.<\/p>\n<p>Nach gut 90 km war dann aber auch endlich unsere Einkehr erreicht. Bitter n\u00f6tig, denn alle Flaschen waren leer. Aber noch wichtiger: Es gab leckersten Kuchen im Havelland. Heute f\u00fcr mich\u00a0Apfel-Banane-Marzipan-Torte und Zitroneneis, denn Obst ist wichtig!<\/p>\n<p>Nach ausgiebigem gekl\u00f6ne ging es weiter auf die R\u00fcckreise \u00fcber Kremmen und Vehlefanz, wo wir Ren\u00e9 und Tom verabschiedeten. Dann bog am Marwitzer-Kreisel noch Sebastian ab und in Hennigsdorf verlie\u00df uns Christian.<\/p>\n<p>Herbert hatte wegen seiner Gewichtsreduktionsversuche der vergangenen Woche keine K\u00f6rner mehr und musste durch den Spandauer-Forst gezogen werden. Daf\u00fcr gab er Oliver und mir dann in Spandau-Hakenfelde noch eine Cola aus. Vielen Dank an dieser Stelle daf\u00fcr!<\/p>\n<p>Zufrieden erreichte ich die HomeBase. Heute geht es mir nach der Ausfahrt deutlich besser als Gestern. Sch\u00f6ne Truppe, grosser Sport!<\/p>\n<p><iframe height='405' width='590' frameborder='0' allowtransparency='true' scrolling='no' src='https:\/\/www.strava.com\/activities\/359653517\/embed\/836d8a23328514300df0330abc7a6974e195c0c5'><\/iframe><\/p>\n<div class=\"tiled-gallery type-rectangular tiled-gallery-unresized\" data-original-width=\"525\" data-carousel-extra='{&quot;blog_id&quot;:1,&quot;permalink&quot;:&quot;https:\\\/\\\/blog.kunstgriff.net\\\/?p=12746&quot;,&quot;likes_blog_id&quot;:127394879}' itemscope itemtype=\"http:\/\/schema.org\/ImageGallery\" > <div class=\"gallery-row\" style=\"width: 525px; height: 264px;\" data-original-width=\"525\" data-original-height=\"264\" > <div class=\"gallery-group images-1\" style=\"width: 350px; height: 264px;\" data-original-width=\"350\" data-original-height=\"264\" > <div class=\"tiled-gallery-item tiled-gallery-item-large\" itemprop=\"associatedMedia\" itemscope itemtype=\"http:\/\/schema.org\/ImageObject\"> <a href=\"https:\/\/blog.kunstgriff.net\/?attachment_id=12742\" border=\"0\" itemprop=\"url\"> <meta itemprop=\"width\" content=\"346\"> <meta itemprop=\"height\" content=\"260\"> <img decoding=\"async\" class=\"\" data-attachment-id=\"12742\" data-orig-file=\"https:\/\/blog.kunstgriff.net\/wp-content\/uploads\/2015\/08\/Gest\u00e4rkt-nach-Kremmen.jpg\" data-orig-size=\"1500,1125\" data-comments-opened=\"1\" data-image-meta=\"{&quot;aperture&quot;:&quot;2.8&quot;,&quot;credit&quot;:&quot;&quot;,&quot;camera&quot;:&quot;Canon DIGITAL IXUS 870 IS&quot;,&quot;caption&quot;:&quot;&quot;,&quot;created_timestamp&quot;:&quot;1438519035&quot;,&quot;copyright&quot;:&quot;&quot;,&quot;focal_length&quot;:&quot;5&quot;,&quot;iso&quot;:&quot;80&quot;,&quot;shutter_speed&quot;:&quot;0.001&quot;,&quot;title&quot;:&quot;&quot;,&quot;orientation&quot;:&quot;1&quot;}\" data-image-title=\"Gest\u00e4rkt nach Kremmen\" data-image-description=\"\" data-medium-file=\"https:\/\/i0.wp.com\/blog.kunstgriff.net\/wp-content\/uploads\/2015\/08\/Gest%C3%A4rkt-nach-Kremmen.jpg?fit=300%2C225&#038;ssl=1\" data-large-file=\"https:\/\/i0.wp.com\/blog.kunstgriff.net\/wp-content\/uploads\/2015\/08\/Gest%C3%A4rkt-nach-Kremmen.jpg?fit=1024%2C768&#038;ssl=1\" src=\"https:\/\/i0.wp.com\/blog.kunstgriff.net\/wp-content\/uploads\/2015\/08\/Gest%C3%A4rkt-nach-Kremmen.jpg?w=346&#038;h=260&#038;ssl=1\" width=\"346\" height=\"260\" loading=\"lazy\" data-original-width=\"346\" data-original-height=\"260\" itemprop=\"http:\/\/schema.org\/image\" title=\"Gest\u00e4rkt nach Kremmen\" alt=\"Gest\u00e4rkt nach Kremmen\" style=\"width: 346px; height: 260px;\" \/> <\/a> <div class=\"tiled-gallery-caption\" itemprop=\"caption description\"> Gest\u00e4rkt nach Kremmen <\/div> <\/div> <\/div> <!-- close group --> <div class=\"gallery-group images-2\" style=\"width: 175px; height: 264px;\" data-original-width=\"175\" data-original-height=\"264\" > <div class=\"tiled-gallery-item tiled-gallery-item-small\" itemprop=\"associatedMedia\" itemscope itemtype=\"http:\/\/schema.org\/ImageObject\"> <a href=\"https:\/\/blog.kunstgriff.net\/?attachment_id=12744\" border=\"0\" itemprop=\"url\"> <meta itemprop=\"width\" content=\"171\"> <meta itemprop=\"height\" content=\"128\"> <img decoding=\"async\" class=\"\" data-attachment-id=\"12744\" data-orig-file=\"https:\/\/blog.kunstgriff.net\/wp-content\/uploads\/2015\/08\/So-viel-Auswahl-beim-Konditor-Schmiedel-in-Fehrbellin.jpg\" data-orig-size=\"1500,1125\" data-comments-opened=\"1\" data-image-meta=\"{&quot;aperture&quot;:&quot;2.8&quot;,&quot;credit&quot;:&quot;&quot;,&quot;camera&quot;:&quot;Canon DIGITAL IXUS 870 IS&quot;,&quot;caption&quot;:&quot;&quot;,&quot;created_timestamp&quot;:&quot;1438519649&quot;,&quot;copyright&quot;:&quot;&quot;,&quot;focal_length&quot;:&quot;5&quot;,&quot;iso&quot;:&quot;800&quot;,&quot;shutter_speed&quot;:&quot;0.016666666666667&quot;,&quot;title&quot;:&quot;&quot;,&quot;orientation&quot;:&quot;1&quot;}\" data-image-title=\"So viel Auswahl beim Konditor Schmiedel in Fehrbellin\" data-image-description=\"\" data-medium-file=\"https:\/\/i0.wp.com\/blog.kunstgriff.net\/wp-content\/uploads\/2015\/08\/So-viel-Auswahl-beim-Konditor-Schmiedel-in-Fehrbellin.jpg?fit=300%2C225&#038;ssl=1\" data-large-file=\"https:\/\/i0.wp.com\/blog.kunstgriff.net\/wp-content\/uploads\/2015\/08\/So-viel-Auswahl-beim-Konditor-Schmiedel-in-Fehrbellin.jpg?fit=1024%2C768&#038;ssl=1\" src=\"https:\/\/i0.wp.com\/blog.kunstgriff.net\/wp-content\/uploads\/2015\/08\/So-viel-Auswahl-beim-Konditor-Schmiedel-in-Fehrbellin.jpg?w=171&#038;h=128&#038;ssl=1\" srcset=\"https:\/\/i0.wp.com\/blog.kunstgriff.net\/wp-content\/uploads\/2015\/08\/So-viel-Auswahl-beim-Konditor-Schmiedel-in-Fehrbellin.jpg?w=1500&amp;ssl=1 1500w, https:\/\/i0.wp.com\/blog.kunstgriff.net\/wp-content\/uploads\/2015\/08\/So-viel-Auswahl-beim-Konditor-Schmiedel-in-Fehrbellin.jpg?resize=300%2C225&amp;ssl=1 300w, https:\/\/i0.wp.com\/blog.kunstgriff.net\/wp-content\/uploads\/2015\/08\/So-viel-Auswahl-beim-Konditor-Schmiedel-in-Fehrbellin.jpg?resize=1024%2C768&amp;ssl=1 1024w, https:\/\/i0.wp.com\/blog.kunstgriff.net\/wp-content\/uploads\/2015\/08\/So-viel-Auswahl-beim-Konditor-Schmiedel-in-Fehrbellin.jpg?resize=400%2C300&amp;ssl=1 400w, https:\/\/i0.wp.com\/blog.kunstgriff.net\/wp-content\/uploads\/2015\/08\/So-viel-Auswahl-beim-Konditor-Schmiedel-in-Fehrbellin.jpg?resize=900%2C675&amp;ssl=1 900w\" width=\"171\" height=\"128\" loading=\"lazy\" data-original-width=\"171\" data-original-height=\"128\" itemprop=\"http:\/\/schema.org\/image\" title=\"So viel Auswahl beim Konditor Schmiedel in Fehrbellin\" alt=\"So viel Auswahl beim Konditor Schmiedel in Fehrbellin\" style=\"width: 171px; height: 128px;\" \/> <\/a> <div class=\"tiled-gallery-caption\" itemprop=\"caption description\"> So viel Auswahl beim Konditor Schmiedel in Fehrbellin <\/div> <\/div> <div class=\"tiled-gallery-item tiled-gallery-item-small\" itemprop=\"associatedMedia\" itemscope itemtype=\"http:\/\/schema.org\/ImageObject\"> <a href=\"https:\/\/blog.kunstgriff.net\/?attachment_id=12740\" border=\"0\" itemprop=\"url\"> <meta itemprop=\"width\" content=\"171\"> <meta itemprop=\"height\" content=\"128\"> <img decoding=\"async\" class=\"\" data-attachment-id=\"12740\" data-orig-file=\"https:\/\/blog.kunstgriff.net\/wp-content\/uploads\/2015\/08\/Apfel-Banane-Marzipan-Torte-und-Zitroneneis-Obst-ist-wichtig.jpg\" data-orig-size=\"1500,1125\" data-comments-opened=\"1\" data-image-meta=\"{&quot;aperture&quot;:&quot;5.6&quot;,&quot;credit&quot;:&quot;&quot;,&quot;camera&quot;:&quot;Canon DIGITAL IXUS 870 IS&quot;,&quot;caption&quot;:&quot;&quot;,&quot;created_timestamp&quot;:&quot;1438519827&quot;,&quot;copyright&quot;:&quot;&quot;,&quot;focal_length&quot;:&quot;5&quot;,&quot;iso&quot;:&quot;80&quot;,&quot;shutter_speed&quot;:&quot;0.001&quot;,&quot;title&quot;:&quot;&quot;,&quot;orientation&quot;:&quot;1&quot;}\" data-image-title=\"Apfel-Banane-Marzipan-Torte und Zitroneneis &amp;#8211; Obst ist wichtig\" data-image-description=\"\" data-medium-file=\"https:\/\/i0.wp.com\/blog.kunstgriff.net\/wp-content\/uploads\/2015\/08\/Apfel-Banane-Marzipan-Torte-und-Zitroneneis-Obst-ist-wichtig.jpg?fit=300%2C225&#038;ssl=1\" data-large-file=\"https:\/\/i0.wp.com\/blog.kunstgriff.net\/wp-content\/uploads\/2015\/08\/Apfel-Banane-Marzipan-Torte-und-Zitroneneis-Obst-ist-wichtig.jpg?fit=1024%2C768&#038;ssl=1\" src=\"https:\/\/i0.wp.com\/blog.kunstgriff.net\/wp-content\/uploads\/2015\/08\/Apfel-Banane-Marzipan-Torte-und-Zitroneneis-Obst-ist-wichtig.jpg?w=171&#038;h=128&#038;ssl=1\" srcset=\"https:\/\/i0.wp.com\/blog.kunstgriff.net\/wp-content\/uploads\/2015\/08\/Apfel-Banane-Marzipan-Torte-und-Zitroneneis-Obst-ist-wichtig.jpg?w=1500&amp;ssl=1 1500w, https:\/\/i0.wp.com\/blog.kunstgriff.net\/wp-content\/uploads\/2015\/08\/Apfel-Banane-Marzipan-Torte-und-Zitroneneis-Obst-ist-wichtig.jpg?resize=300%2C225&amp;ssl=1 300w, https:\/\/i0.wp.com\/blog.kunstgriff.net\/wp-content\/uploads\/2015\/08\/Apfel-Banane-Marzipan-Torte-und-Zitroneneis-Obst-ist-wichtig.jpg?resize=1024%2C768&amp;ssl=1 1024w, https:\/\/i0.wp.com\/blog.kunstgriff.net\/wp-content\/uploads\/2015\/08\/Apfel-Banane-Marzipan-Torte-und-Zitroneneis-Obst-ist-wichtig.jpg?resize=400%2C300&amp;ssl=1 400w, https:\/\/i0.wp.com\/blog.kunstgriff.net\/wp-content\/uploads\/2015\/08\/Apfel-Banane-Marzipan-Torte-und-Zitroneneis-Obst-ist-wichtig.jpg?resize=900%2C675&amp;ssl=1 900w\" width=\"171\" height=\"128\" loading=\"lazy\" data-original-width=\"171\" data-original-height=\"128\" itemprop=\"http:\/\/schema.org\/image\" title=\"Apfel-Banane-Marzipan-Torte und Zitroneneis - Obst ist wichtig\" alt=\"Apfel-Banane-Marzipan-Torte und Zitroneneis - Obst ist wichtig\" style=\"width: 171px; height: 128px;\" \/> <\/a> <div class=\"tiled-gallery-caption\" itemprop=\"caption description\"> Apfel-Banane-Marzipan-Torte und Zitroneneis &#8211; Obst ist wichtig <\/div> <\/div> <\/div> <!-- close group --> <\/div> <!-- close row --> <div class=\"gallery-row\" style=\"width: 525px; height: 132px;\" data-original-width=\"525\" data-original-height=\"132\" > <div class=\"gallery-group images-1\" style=\"width: 175px; height: 132px;\" data-original-width=\"175\" data-original-height=\"132\" > <div class=\"tiled-gallery-item tiled-gallery-item-small\" itemprop=\"associatedMedia\" itemscope itemtype=\"http:\/\/schema.org\/ImageObject\"> <a href=\"https:\/\/blog.kunstgriff.net\/?attachment_id=12745\" border=\"0\" itemprop=\"url\"> <meta itemprop=\"width\" content=\"171\"> <meta itemprop=\"height\" content=\"128\"> <img decoding=\"async\" class=\"\" data-attachment-id=\"12745\" data-orig-file=\"https:\/\/blog.kunstgriff.net\/wp-content\/uploads\/2015\/08\/Sonntags-beim-Kaffeekr\u00e4nzchen.jpg\" data-orig-size=\"1500,1125\" data-comments-opened=\"1\" data-image-meta=\"{&quot;aperture&quot;:&quot;2.8&quot;,&quot;credit&quot;:&quot;&quot;,&quot;camera&quot;:&quot;Canon DIGITAL IXUS 870 IS&quot;,&quot;caption&quot;:&quot;&quot;,&quot;created_timestamp&quot;:&quot;1438521083&quot;,&quot;copyright&quot;:&quot;&quot;,&quot;focal_length&quot;:&quot;5&quot;,&quot;iso&quot;:&quot;80&quot;,&quot;shutter_speed&quot;:&quot;0.002&quot;,&quot;title&quot;:&quot;&quot;,&quot;orientation&quot;:&quot;1&quot;}\" data-image-title=\"Sonntags beim Kaffeekr\u00e4nzchen\" data-image-description=\"\" data-medium-file=\"https:\/\/i0.wp.com\/blog.kunstgriff.net\/wp-content\/uploads\/2015\/08\/Sonntags-beim-Kaffeekr%C3%A4nzchen.jpg?fit=300%2C225&#038;ssl=1\" data-large-file=\"https:\/\/i0.wp.com\/blog.kunstgriff.net\/wp-content\/uploads\/2015\/08\/Sonntags-beim-Kaffeekr%C3%A4nzchen.jpg?fit=1024%2C768&#038;ssl=1\" src=\"https:\/\/i0.wp.com\/blog.kunstgriff.net\/wp-content\/uploads\/2015\/08\/Sonntags-beim-Kaffeekr%C3%A4nzchen.jpg?w=171&#038;h=128&#038;ssl=1\" width=\"171\" height=\"128\" loading=\"lazy\" data-original-width=\"171\" data-original-height=\"128\" itemprop=\"http:\/\/schema.org\/image\" title=\"Sonntags beim Kaffeekr\u00e4nzchen\" alt=\"Sonntags beim Kaffeekr\u00e4nzchen\" style=\"width: 171px; height: 128px;\" \/> <\/a> <div class=\"tiled-gallery-caption\" itemprop=\"caption description\"> Sonntags beim Kaffeekr\u00e4nzchen <\/div> <\/div> <\/div> <!-- close group --> <div class=\"gallery-group images-1\" style=\"width: 175px; height: 132px;\" data-original-width=\"175\" data-original-height=\"132\" > <div class=\"tiled-gallery-item tiled-gallery-item-small\" itemprop=\"associatedMedia\" itemscope itemtype=\"http:\/\/schema.org\/ImageObject\"> <a href=\"https:\/\/blog.kunstgriff.net\/?attachment_id=12743\" border=\"0\" itemprop=\"url\"> <meta itemprop=\"width\" content=\"171\"> <meta itemprop=\"height\" content=\"128\"> <img decoding=\"async\" class=\"\" data-attachment-id=\"12743\" data-orig-file=\"https:\/\/blog.kunstgriff.net\/wp-content\/uploads\/2015\/08\/Lets-roll.jpg\" data-orig-size=\"1500,1125\" data-comments-opened=\"1\" data-image-meta=\"{&quot;aperture&quot;:&quot;5.6&quot;,&quot;credit&quot;:&quot;&quot;,&quot;camera&quot;:&quot;Canon DIGITAL IXUS 870 IS&quot;,&quot;caption&quot;:&quot;&quot;,&quot;created_timestamp&quot;:&quot;1438519054&quot;,&quot;copyright&quot;:&quot;&quot;,&quot;focal_length&quot;:&quot;5&quot;,&quot;iso&quot;:&quot;80&quot;,&quot;shutter_speed&quot;:&quot;0.002&quot;,&quot;title&quot;:&quot;&quot;,&quot;orientation&quot;:&quot;1&quot;}\" data-image-title=\"Lets roll\" data-image-description=\"\" data-medium-file=\"https:\/\/i0.wp.com\/blog.kunstgriff.net\/wp-content\/uploads\/2015\/08\/Lets-roll.jpg?fit=300%2C225&#038;ssl=1\" data-large-file=\"https:\/\/i0.wp.com\/blog.kunstgriff.net\/wp-content\/uploads\/2015\/08\/Lets-roll.jpg?fit=1024%2C768&#038;ssl=1\" src=\"https:\/\/i0.wp.com\/blog.kunstgriff.net\/wp-content\/uploads\/2015\/08\/Lets-roll.jpg?w=171&#038;h=128&#038;ssl=1\" srcset=\"https:\/\/i0.wp.com\/blog.kunstgriff.net\/wp-content\/uploads\/2015\/08\/Lets-roll.jpg?w=1500&amp;ssl=1 1500w, https:\/\/i0.wp.com\/blog.kunstgriff.net\/wp-content\/uploads\/2015\/08\/Lets-roll.jpg?resize=300%2C225&amp;ssl=1 300w, https:\/\/i0.wp.com\/blog.kunstgriff.net\/wp-content\/uploads\/2015\/08\/Lets-roll.jpg?resize=1024%2C768&amp;ssl=1 1024w, https:\/\/i0.wp.com\/blog.kunstgriff.net\/wp-content\/uploads\/2015\/08\/Lets-roll.jpg?resize=400%2C300&amp;ssl=1 400w, https:\/\/i0.wp.com\/blog.kunstgriff.net\/wp-content\/uploads\/2015\/08\/Lets-roll.jpg?resize=900%2C675&amp;ssl=1 900w\" width=\"171\" height=\"128\" loading=\"lazy\" data-original-width=\"171\" data-original-height=\"128\" itemprop=\"http:\/\/schema.org\/image\" title=\"Lets roll\" alt=\"Lets roll\" style=\"width: 171px; height: 128px;\" \/> <\/a> <div class=\"tiled-gallery-caption\" itemprop=\"caption description\"> Lets roll <\/div> <\/div> <\/div> <!-- close group --> <div class=\"gallery-group images-1\" style=\"width: 175px; height: 132px;\" data-original-width=\"175\" data-original-height=\"132\" > <div class=\"tiled-gallery-item tiled-gallery-item-small\" itemprop=\"associatedMedia\" itemscope itemtype=\"http:\/\/schema.org\/ImageObject\"> <a href=\"https:\/\/blog.kunstgriff.net\/?attachment_id=12741\" border=\"0\" itemprop=\"url\"> <meta itemprop=\"width\" content=\"171\"> <meta itemprop=\"height\" content=\"128\"> <img decoding=\"async\" class=\"\" data-attachment-id=\"12741\" data-orig-file=\"https:\/\/blog.kunstgriff.net\/wp-content\/uploads\/2015\/08\/Bl\u00fchende-Landschaften-und-strahlend-blauber-Himmel.jpg\" data-orig-size=\"1500,1125\" data-comments-opened=\"1\" data-image-meta=\"{&quot;aperture&quot;:&quot;2.8&quot;,&quot;credit&quot;:&quot;&quot;,&quot;camera&quot;:&quot;Canon DIGITAL IXUS 870 IS&quot;,&quot;caption&quot;:&quot;&quot;,&quot;created_timestamp&quot;:&quot;1438519089&quot;,&quot;copyright&quot;:&quot;&quot;,&quot;focal_length&quot;:&quot;5&quot;,&quot;iso&quot;:&quot;80&quot;,&quot;shutter_speed&quot;:&quot;0.001&quot;,&quot;title&quot;:&quot;&quot;,&quot;orientation&quot;:&quot;1&quot;}\" data-image-title=\"Bl\u00fchende Landschaften und strahlend blauber Himmel\" data-image-description=\"\" data-medium-file=\"https:\/\/i0.wp.com\/blog.kunstgriff.net\/wp-content\/uploads\/2015\/08\/Bl%C3%BChende-Landschaften-und-strahlend-blauber-Himmel.jpg?fit=300%2C225&#038;ssl=1\" data-large-file=\"https:\/\/i0.wp.com\/blog.kunstgriff.net\/wp-content\/uploads\/2015\/08\/Bl%C3%BChende-Landschaften-und-strahlend-blauber-Himmel.jpg?fit=1024%2C768&#038;ssl=1\" src=\"https:\/\/i0.wp.com\/blog.kunstgriff.net\/wp-content\/uploads\/2015\/08\/Bl%C3%BChende-Landschaften-und-strahlend-blauber-Himmel.jpg?w=171&#038;h=128&#038;ssl=1\" width=\"171\" height=\"128\" loading=\"lazy\" data-original-width=\"171\" data-original-height=\"128\" itemprop=\"http:\/\/schema.org\/image\" title=\"Bl\u00fchende Landschaften und strahlend blauber Himmel\" alt=\"Bl\u00fchende Landschaften und strahlend blauber Himmel\" style=\"width: 171px; height: 128px;\" \/> <\/a> <div class=\"tiled-gallery-caption\" itemprop=\"caption description\"> Bl\u00fchende Landschaften und strahlend blauber Himmel <\/div> <\/div> <\/div> <!-- close group --> <\/div> <!-- close row --> <\/div>\n","protected":false},"excerpt":{"rendered":"<p>oder \u00bbFlott, lang &amp; heiss\u00ab Nach der gestrigen, doch ein wenig frustrierenden Alleine-Fahrt, wollte ich heute auf jeden Fall mal wieder einen Group-Ride wagen. In Ermangelung toller Angebote, bot ich selber eine Runde an. Nur auf facebook ganz Exklusiv, keine Mailing-Liste, kein Forum. Und siehe da, es kamen genau die Richtigen! Ausgelobt war die B\u00e4ckerrunde &hellip; <\/p>\n<p class=\"link-more\"><a href=\"https:\/\/blog.kunstgriff.net\/?p=12746\" class=\"more-link\"><span class=\"screen-reader-text\">\u201eGro\u00dfe B\u00e4cker-Runde nach Fehrbellin\u201c <\/span>weiterlesen<\/a><\/p>\n","protected":false},"author":2,"featured_media":12743,"comment_status":"open","ping_status":"open","sticky":false,"template":"","format":"standard","meta":{"jetpack_post_was_ever_published":false,"_jetpack_newsletter_access":"","_jetpack_dont_email_post_to_subs":false,"_jetpack_newsletter_tier_id":0,"_jetpack_memberships_contains_paywalled_content":false,"_jetpack_memberships_contains_paid_content":false,"footnotes":""},"categories":[34,14,7],"tags":[],"class_list":["post-12746","post","type-post","status-publish","format-standard","has-post-thumbnail","hentry","category-cake-ride","category-radfahren","category-rennradfahren"],"jetpack_featured_media_url":"https:\/\/i0.wp.com\/blog.kunstgriff.net\/wp-content\/uploads\/2015\/08\/Lets-roll.jpg?fit=1500%2C1125&ssl=1","jetpack_shortlink":"https:\/\/wp.me\/p8Cxe7-3jA","jetpack-related-posts":[{"id":16513,"url":"https:\/\/blog.kunstgriff.net\/?p=16513","url_meta":{"origin":12746,"position":0},"title":"Gro\u00dfe B\u00e4cker Runde nach Fehrbellin","author":"Georg","date":"Juli 30, 2017","format":false,"excerpt":"\u00bbFahren am Limit\u00ab Eine ganze Weile ist es schon her, dass ich die grosse B\u00e4ckerrunde nach Fehrbellin gefahren bin. So kam es mir sehr gelegen, dass der Olaf diese sch\u00f6ne Runde mal wieder \u00fcber facebook anbot. P\u00fcnktlich um 10 erreichte ich das Rathaus Falkensee, unser bekannter Treffpunkt. Da ich nicht\u2026","rel":"","context":"In &quot;Cake-Ride&quot;","block_context":{"text":"Cake-Ride","link":"https:\/\/blog.kunstgriff.net\/?cat=34"},"img":{"alt_text":"","src":"https:\/\/i0.wp.com\/blog.kunstgriff.net\/wp-content\/uploads\/2017\/07\/gl%C3%BCckliche-K%C3%BChe.jpg?fit=1200%2C800&ssl=1&resize=350%2C200","width":350,"height":200,"srcset":"https:\/\/i0.wp.com\/blog.kunstgriff.net\/wp-content\/uploads\/2017\/07\/gl%C3%BCckliche-K%C3%BChe.jpg?fit=1200%2C800&ssl=1&resize=350%2C200 1x, https:\/\/i0.wp.com\/blog.kunstgriff.net\/wp-content\/uploads\/2017\/07\/gl%C3%BCckliche-K%C3%BChe.jpg?fit=1200%2C800&ssl=1&resize=525%2C300 1.5x, https:\/\/i0.wp.com\/blog.kunstgriff.net\/wp-content\/uploads\/2017\/07\/gl%C3%BCckliche-K%C3%BChe.jpg?fit=1200%2C800&ssl=1&resize=700%2C400 2x, https:\/\/i0.wp.com\/blog.kunstgriff.net\/wp-content\/uploads\/2017\/07\/gl%C3%BCckliche-K%C3%BChe.jpg?fit=1200%2C800&ssl=1&resize=1050%2C600 3x"},"classes":[]},{"id":5863,"url":"https:\/\/blog.kunstgriff.net\/?p=5863","url_meta":{"origin":12746,"position":1},"title":"Kleine B\u00e4cker-Runde nach Fehrbellin","author":"Georg","date":"September 10, 2011","format":false,"excerpt":"oder \u00bbAuf neuen Wegen\u00abHeute stand die B\u00e4ckerrunde mit anschlie\u00dfendem Grillen bei Herbert auf dem Programm. Solche leckeren kulinarischen Touren liegen mir, obwohl sich ja Kuchen nach dem W\u00fcrstchen besser macht als davor. Egal, erstmal musste die Konditorei Schmiedel in Fehrbellin erreicht werden. Susanne, Herbert und Christoph kamen p\u00fcnktlich um halb\u2026","rel":"","context":"In &quot;Radfahren&quot;","block_context":{"text":"Radfahren","link":"https:\/\/blog.kunstgriff.net\/?cat=14"},"img":{"alt_text":"","src":"https:\/\/i0.wp.com\/blog.kunstgriff.net\/wp-content\/uploads\/2011\/09\/Susanne-f%C3%BChrt-das-Feld.jpg?resize=350%2C200","width":350,"height":200,"srcset":"https:\/\/i0.wp.com\/blog.kunstgriff.net\/wp-content\/uploads\/2011\/09\/Susanne-f%C3%BChrt-das-Feld.jpg?resize=350%2C200 1x, https:\/\/i0.wp.com\/blog.kunstgriff.net\/wp-content\/uploads\/2011\/09\/Susanne-f%C3%BChrt-das-Feld.jpg?resize=525%2C300 1.5x, https:\/\/i0.wp.com\/blog.kunstgriff.net\/wp-content\/uploads\/2011\/09\/Susanne-f%C3%BChrt-das-Feld.jpg?resize=700%2C400 2x"},"classes":[]},{"id":3983,"url":"https:\/\/blog.kunstgriff.net\/?p=3983","url_meta":{"origin":12746,"position":2},"title":"B\u00e4ckerrunde nach Fehrbellin","author":"Georg","date":"M\u00e4rz 20, 2011","format":false,"excerpt":"oder \u00bbVon 32 auf 0 in 36 Stunden\u00abDer Blick aus dem Fenster zeigte keine Sonne. Nebel, wohin das Auge blickte. Morgenraureif auf den Autos. Kein einladender Anblick, den ich f\u00fcr eine Rennradtour mit meiner Gang nach Fehrbellin ben\u00f6tigte. Was ich wollte, war die im Radio versprochene Sonne. Aber diese wollte\u2026","rel":"","context":"In &quot;Radfahren&quot;","block_context":{"text":"Radfahren","link":"https:\/\/blog.kunstgriff.net\/?cat=14"},"img":{"alt_text":"","src":"https:\/\/i0.wp.com\/blog.kunstgriff.net\/wp-content\/uploads\/2011\/03\/Schniedel.jpg?resize=350%2C200","width":350,"height":200,"srcset":"https:\/\/i0.wp.com\/blog.kunstgriff.net\/wp-content\/uploads\/2011\/03\/Schniedel.jpg?resize=350%2C200 1x, https:\/\/i0.wp.com\/blog.kunstgriff.net\/wp-content\/uploads\/2011\/03\/Schniedel.jpg?resize=525%2C300 1.5x"},"classes":[]},{"id":11836,"url":"https:\/\/blog.kunstgriff.net\/?p=11836","url_meta":{"origin":12746,"position":3},"title":"B\u00e4ckerrunde nach Fehrbellin-reverse","author":"Georg","date":"Mai 25, 2014","format":false,"excerpt":"oder \u00bbAlleine zum Lieblings-Ausflugsziel in der Ostprignitz\u00ab Tourenangebote gab es heute wieder ohne Ende. Das hervorragende Wetter war aber auch pr\u00e4destiniert f\u00fcr eine Ausfahrt\u00a0auf dem Renner. So richtig sagte mir aber kein Angebot zu und ich hatte auch noch den Charm meines letzten Solo-Ritts im Hinterkopf. So war schnell klar,\u2026","rel":"","context":"In &quot;Radfahren&quot;","block_context":{"text":"Radfahren","link":"https:\/\/blog.kunstgriff.net\/?cat=14"},"img":{"alt_text":"","src":"https:\/\/i0.wp.com\/blog.kunstgriff.net\/wp-content\/uploads\/2014\/05\/Start-duch-meinen-gr%C3%BCnen-Spandauer-Forst.jpg?fit=1200%2C900&ssl=1&resize=350%2C200","width":350,"height":200,"srcset":"https:\/\/i0.wp.com\/blog.kunstgriff.net\/wp-content\/uploads\/2014\/05\/Start-duch-meinen-gr%C3%BCnen-Spandauer-Forst.jpg?fit=1200%2C900&ssl=1&resize=350%2C200 1x, https:\/\/i0.wp.com\/blog.kunstgriff.net\/wp-content\/uploads\/2014\/05\/Start-duch-meinen-gr%C3%BCnen-Spandauer-Forst.jpg?fit=1200%2C900&ssl=1&resize=525%2C300 1.5x, https:\/\/i0.wp.com\/blog.kunstgriff.net\/wp-content\/uploads\/2014\/05\/Start-duch-meinen-gr%C3%BCnen-Spandauer-Forst.jpg?fit=1200%2C900&ssl=1&resize=700%2C400 2x, https:\/\/i0.wp.com\/blog.kunstgriff.net\/wp-content\/uploads\/2014\/05\/Start-duch-meinen-gr%C3%BCnen-Spandauer-Forst.jpg?fit=1200%2C900&ssl=1&resize=1050%2C600 3x"},"classes":[]},{"id":22242,"url":"https:\/\/blog.kunstgriff.net\/?p=22242","url_meta":{"origin":12746,"position":4},"title":"Fehrbellin-Runde #1","author":"Georg","date":"Juni 6, 2021","format":false,"excerpt":"Sonntags-Radler-Konditor-Quartett Nachdem es gestern mit den Jungs auf eine eher gem\u00fctlich 50-km-Biergarten-Radtour ging, sollte heute mal wieder \u00bbgesportelt\u00ab werden. In Fehrbellin waren wir ich schon lange nicht mehr: Also flux ne Runde ausgerufen! Sch\u00f6n \u00fcberschaubar zu viert ging es bei Temperaturen jenseits der 20\u00b0C ab Tegel aus der Stadt. Bekannte\u2026","rel":"","context":"In &quot;Cake-Ride&quot;","block_context":{"text":"Cake-Ride","link":"https:\/\/blog.kunstgriff.net\/?cat=34"},"img":{"alt_text":"Cooles Quartett","src":"https:\/\/i0.wp.com\/blog.kunstgriff.net\/wp-content\/uploads\/2021\/06\/Cooles-Quartett.jpg?fit=1200%2C800&ssl=1&resize=350%2C200","width":350,"height":200,"srcset":"https:\/\/i0.wp.com\/blog.kunstgriff.net\/wp-content\/uploads\/2021\/06\/Cooles-Quartett.jpg?fit=1200%2C800&ssl=1&resize=350%2C200 1x, https:\/\/i0.wp.com\/blog.kunstgriff.net\/wp-content\/uploads\/2021\/06\/Cooles-Quartett.jpg?fit=1200%2C800&ssl=1&resize=525%2C300 1.5x, https:\/\/i0.wp.com\/blog.kunstgriff.net\/wp-content\/uploads\/2021\/06\/Cooles-Quartett.jpg?fit=1200%2C800&ssl=1&resize=700%2C400 2x, https:\/\/i0.wp.com\/blog.kunstgriff.net\/wp-content\/uploads\/2021\/06\/Cooles-Quartett.jpg?fit=1200%2C800&ssl=1&resize=1050%2C600 3x"},"classes":[]},{"id":2124,"url":"https:\/\/blog.kunstgriff.net\/?p=2124","url_meta":{"origin":12746,"position":5},"title":"Gro\u00dfe B\u00e4cker-Runde nach Fehrbellin","author":"Georg","date":"August 1, 2010","format":false,"excerpt":"oder \"78 km Anfahrt f\u00fcr zwei St\u00fcck Kuchen\"Die Wettervorhersage k\u00fcndigte leichten Regen f\u00fcr das westliche Havelland an - und genau dort wollte ich heute mit anderen schnellen Havellandridern die gro\u00dfe B\u00e4cker-Runde nach Fehrbellin fahren. Ein kurzer Blick auf das Regenradar zeigte aber, das wir nur sehr kurz nass werden w\u00fcrden\u2026","rel":"","context":"In &quot;Cake-Ride&quot;","block_context":{"text":"Cake-Ride","link":"https:\/\/blog.kunstgriff.net\/?cat=34"},"img":{"alt_text":"","src":"","width":0,"height":0},"classes":[]}],"jetpack_likes_enabled":true,"jetpack_sharing_enabled":true,"_links":{"self":[{"href":"https:\/\/blog.kunstgriff.net\/index.php?rest_route=\/wp\/v2\/posts\/12746","targetHints":{"allow":["GET"]}}],"collection":[{"href":"https:\/\/blog.kunstgriff.net\/index.php?rest_route=\/wp\/v2\/posts"}],"about":[{"href":"https:\/\/blog.kunstgriff.net\/index.php?rest_route=\/wp\/v2\/types\/post"}],"author":[{"embeddable":true,"href":"https:\/\/blog.kunstgriff.net\/index.php?rest_route=\/wp\/v2\/users\/2"}],"replies":[{"embeddable":true,"href":"https:\/\/blog.kunstgriff.net\/index.php?rest_route=%2Fwp%2Fv2%2Fcomments&post=12746"}],"version-history":[{"count":0,"href":"https:\/\/blog.kunstgriff.net\/index.php?rest_route=\/wp\/v2\/posts\/12746\/revisions"}],"wp:featuredmedia":[{"embeddable":true,"href":"https:\/\/blog.kunstgriff.net\/index.php?rest_route=\/wp\/v2\/media\/12743"}],"wp:attachment":[{"href":"https:\/\/blog.kunstgriff.net\/index.php?rest_route=%2Fwp%2Fv2%2Fmedia&parent=12746"}],"wp:term":[{"taxonomy":"category","embeddable":true,"href":"https:\/\/blog.kunstgriff.net\/index.php?rest_route=%2Fwp%2Fv2%2Fcategories&post=12746"},{"taxonomy":"post_tag","embeddable":true,"href":"https:\/\/blog.kunstgriff.net\/index.php?rest_route=%2Fwp%2Fv2%2Ftags&post=12746"}],"curies":[{"name":"wp","href":"https:\/\/api.w.org\/{rel}","templated":true}]}}