{"id":13105,"date":"2016-02-24T19:53:53","date_gmt":"2016-02-24T18:53:53","guid":{"rendered":"http:\/\/blog.kunstgriff.net\/?p=13105"},"modified":"2016-07-31T17:08:14","modified_gmt":"2016-07-31T15:08:14","slug":"kuba-2016-tag-5-matanzas-varadero","status":"publish","type":"post","link":"https:\/\/blog.kunstgriff.net\/?p=13105","title":{"rendered":"Kuba 2016 \u2013 Tag 5: Matanzas &#8211; Varadero"},"content":{"rendered":"<span class=\"span-reading-time rt-reading-time\" style=\"display: block;\"><span class=\"rt-label rt-prefix\">Lesezeit: <\/span> <span class=\"rt-time\"> 2<\/span> <span class=\"rt-label rt-postfix\">Minuten<\/span><\/span><h4>oder \u00bbZum weissen Sandstrand und azurblauen Meer\u00ab<\/h4>\n<hr \/>\n<p>Heute stand nur eine recht kurze Etappe von rund 40 km auf dem Programm. Das Ziel war die Touri-Strandurlaub-Metropole Varadero. Es ging schon um 8:30 Uhr los, sodass wir den Tag am azurblauen Meer\u00a0 mit Badehose und schwimmen genie\u00dfen konnten. Abseits vom Strand ist Varadero eine typische Touri-Metropole, die ein wenig an die Promenade von Alcudia auf Mallorca erinnert, nur ohne die Bettenburgen. Von kubanischen. Schnitzereien \u00fcber einfache Textilen mit Kuba-Flaggen-Symbolen wird hier alles feil geboten, was der generische Strandurlauber so auf dem Wunschzettel hat. F\u00fcr mich war nix dabei, au\u00dfer das herrliche Mittagessen: Knoblauch-Garnelen mit Reis &amp; Pina Colada zu 12 CUK\/EUR.<\/p>\n<p>Dann ging es an den Strand um im azurblauen Meer zu baden. Wahnsinn: feinster wei\u00dfer Sand und kristallklares Wasser. Da kann die Ostsee nicht wirklich mithalten.<\/p>\n<p>Nach dem ausgiebigen Bad genossen wir den Strand noch im Schatten bevor wir entspannt aber trotzdem ungeduldig auf unsere Zimmerschl\u00fcssel warteten. Das zog sich, wie so vieles auf Kuba, noch eine Weile hin. Gegen 16:30 Uhr war es dann endlich soweit und wir durften unsere Zimmer auf beziehen.<\/p>\n<p>Das Abendessen wurde wieder sehr kreativ kredenzt: als Vorspeise gab es Brot mit Butter, das Hauptgericht bestand auf Fisch oder Fleisch mit Reis und Bohnen. Als Nachtisch wurde Schoko-Pudding ohne Milch gereicht. Nicht wirklich schlecht, aber definitiv nicht meins, also ohne Nachtisch in die Nacht!<\/p>\n<p>Da Valadero sehr touristisch ist, war es unm\u00f6glich in eine Bar zu gehen, die auch einheimische besuchen. Unsere Wahl fiel aufs \u00bbBeatles\u00ab, ein kubanischer Hard-Rock-Caf\u00e9-Verschnitt mit Open-Air-Rock-Life-Musik. Gar nicht so schlecht. Auch der Rum und die Cocktails schmeckten wieder hervorragend und so beschlossen wir auf dem Heimweg noch den Strand bei Vollmond zu bewundern. Atemberaubend. Aber was w\u00e4re so ein toller Tag ohne einen Absacker, den wir in einem Resort ab Strand genossen, bevor wir mit hervorragender Laune in unsere Unterkunft zur\u00fcck kehrten.<\/p>\n<p><iframe height='405' width='590' frameborder='0' allowtransparency='true' scrolling='no' src='https:\/\/www.strava.com\/activities\/511042068\/embed\/9d8e42b3e258b652090e7a4cddb7e6cba3451f7a'><\/iframe><\/p>\n<div class=\"tiled-gallery type-rectangular tiled-gallery-unresized\" data-original-width=\"525\" data-carousel-extra='{&quot;blog_id&quot;:1,&quot;permalink&quot;:&quot;https:\\\/\\\/blog.kunstgriff.net\\\/?p=13105&quot;,&quot;likes_blog_id&quot;:127394879}' itemscope itemtype=\"http:\/\/schema.org\/ImageGallery\" > <div class=\"gallery-row\" style=\"width: 525px; height: 154px;\" data-original-width=\"525\" data-original-height=\"154\" > <div class=\"gallery-group images-1\" style=\"width: 204px; height: 154px;\" data-original-width=\"204\" data-original-height=\"154\" > <div class=\"tiled-gallery-item tiled-gallery-item-small\" itemprop=\"associatedMedia\" itemscope itemtype=\"http:\/\/schema.org\/ImageObject\"> <a href=\"https:\/\/blog.kunstgriff.net\/?attachment_id=13131\" border=\"0\" itemprop=\"url\"> <meta itemprop=\"width\" content=\"200\"> <meta itemprop=\"height\" content=\"150\"> <img decoding=\"async\" class=\"\" data-attachment-id=\"13131\" data-orig-file=\"https:\/\/blog.kunstgriff.net\/wp-content\/uploads\/2016\/03\/Auf-dem-weg-nach-Varadero.jpg\" data-orig-size=\"1500,1125\" data-comments-opened=\"1\" data-image-meta=\"{&quot;aperture&quot;:&quot;368313&quot;,&quot;credit&quot;:&quot;&quot;,&quot;camera&quot;:&quot;&quot;,&quot;caption&quot;:&quot;&quot;,&quot;created_timestamp&quot;:&quot;&quot;,&quot;copyright&quot;:&quot;&quot;,&quot;focal_length&quot;:&quot;0.22675736961451&quot;,&quot;iso&quot;:&quot;160&quot;,&quot;shutter_speed&quot;:&quot;0.95970586679256&quot;,&quot;title&quot;:&quot;&quot;,&quot;orientation&quot;:&quot;1&quot;}\" data-image-title=\"Auf dem weg nach Varadero\" data-image-description=\"\" data-medium-file=\"https:\/\/i0.wp.com\/blog.kunstgriff.net\/wp-content\/uploads\/2016\/03\/Auf-dem-weg-nach-Varadero.jpg?fit=300%2C225&#038;ssl=1\" data-large-file=\"https:\/\/i0.wp.com\/blog.kunstgriff.net\/wp-content\/uploads\/2016\/03\/Auf-dem-weg-nach-Varadero.jpg?fit=1024%2C768&#038;ssl=1\" src=\"https:\/\/i0.wp.com\/blog.kunstgriff.net\/wp-content\/uploads\/2016\/03\/Auf-dem-weg-nach-Varadero.jpg?w=200&#038;h=150&#038;ssl=1\" srcset=\"https:\/\/i0.wp.com\/blog.kunstgriff.net\/wp-content\/uploads\/2016\/03\/Auf-dem-weg-nach-Varadero.jpg?w=1500&amp;ssl=1 1500w, https:\/\/i0.wp.com\/blog.kunstgriff.net\/wp-content\/uploads\/2016\/03\/Auf-dem-weg-nach-Varadero.jpg?resize=300%2C225&amp;ssl=1 300w, https:\/\/i0.wp.com\/blog.kunstgriff.net\/wp-content\/uploads\/2016\/03\/Auf-dem-weg-nach-Varadero.jpg?resize=768%2C576&amp;ssl=1 768w, https:\/\/i0.wp.com\/blog.kunstgriff.net\/wp-content\/uploads\/2016\/03\/Auf-dem-weg-nach-Varadero.jpg?resize=1024%2C768&amp;ssl=1 1024w, https:\/\/i0.wp.com\/blog.kunstgriff.net\/wp-content\/uploads\/2016\/03\/Auf-dem-weg-nach-Varadero.jpg?resize=400%2C300&amp;ssl=1 400w\" width=\"200\" height=\"150\" loading=\"lazy\" data-original-width=\"200\" data-original-height=\"150\" itemprop=\"http:\/\/schema.org\/image\" title=\"Auf dem weg nach Varadero\" alt=\"Auf dem weg nach Varadero\" style=\"width: 200px; height: 150px;\" \/> <\/a> <div class=\"tiled-gallery-caption\" itemprop=\"caption description\"> Auf dem weg nach Varadero <\/div> <\/div> <\/div> <!-- close group --> <div class=\"gallery-group images-1\" style=\"width: 117px; height: 154px;\" data-original-width=\"117\" data-original-height=\"154\" > <div class=\"tiled-gallery-item tiled-gallery-item-small\" itemprop=\"associatedMedia\" itemscope itemtype=\"http:\/\/schema.org\/ImageObject\"> <a href=\"https:\/\/blog.kunstgriff.net\/?attachment_id=13133\" border=\"0\" itemprop=\"url\"> <meta itemprop=\"width\" content=\"113\"> <meta itemprop=\"height\" content=\"150\"> <img decoding=\"async\" class=\"\" data-attachment-id=\"13133\" data-orig-file=\"https:\/\/blog.kunstgriff.net\/wp-content\/uploads\/2016\/03\/Ganz-sch\u00f6n-sch\u00f6n-hier.jpg\" data-orig-size=\"768,1024\" data-comments-opened=\"1\" data-image-meta=\"{&quot;aperture&quot;:&quot;335519.4&quot;,&quot;credit&quot;:&quot;&quot;,&quot;camera&quot;:&quot;&quot;,&quot;caption&quot;:&quot;&quot;,&quot;created_timestamp&quot;:&quot;&quot;,&quot;copyright&quot;:&quot;&quot;,&quot;focal_length&quot;:&quot;0.22675736961451&quot;,&quot;iso&quot;:&quot;200&quot;,&quot;shutter_speed&quot;:&quot;1.0192877383445&quot;,&quot;title&quot;:&quot;&quot;,&quot;orientation&quot;:&quot;1&quot;}\" data-image-title=\"Ganz sch\u00f6n sch\u00f6n hier\" data-image-description=\"\" data-medium-file=\"https:\/\/i0.wp.com\/blog.kunstgriff.net\/wp-content\/uploads\/2016\/03\/Ganz-sch%C3%B6n-sch%C3%B6n-hier.jpg?fit=225%2C300&#038;ssl=1\" data-large-file=\"https:\/\/i0.wp.com\/blog.kunstgriff.net\/wp-content\/uploads\/2016\/03\/Ganz-sch%C3%B6n-sch%C3%B6n-hier.jpg?fit=768%2C1024&#038;ssl=1\" src=\"https:\/\/i0.wp.com\/blog.kunstgriff.net\/wp-content\/uploads\/2016\/03\/Ganz-sch%C3%B6n-sch%C3%B6n-hier.jpg?w=113&#038;h=150&#038;ssl=1\" width=\"113\" height=\"150\" loading=\"lazy\" data-original-width=\"113\" data-original-height=\"150\" itemprop=\"http:\/\/schema.org\/image\" title=\"Ganz sch\u00f6n sch\u00f6n hier\" alt=\"Ganz sch\u00f6n sch\u00f6n hier\" style=\"width: 113px; height: 150px;\" \/> <\/a> <div class=\"tiled-gallery-caption\" itemprop=\"caption description\"> Ganz sch\u00f6n sch\u00f6n hier <\/div> <\/div> <\/div> <!-- close group --> <div class=\"gallery-group images-1\" style=\"width: 204px; height: 154px;\" data-original-width=\"204\" data-original-height=\"154\" > <div class=\"tiled-gallery-item tiled-gallery-item-small\" itemprop=\"associatedMedia\" itemscope itemtype=\"http:\/\/schema.org\/ImageObject\"> <a href=\"https:\/\/blog.kunstgriff.net\/?attachment_id=13137\" border=\"0\" itemprop=\"url\"> <meta itemprop=\"width\" content=\"200\"> <meta itemprop=\"height\" content=\"150\"> <img decoding=\"async\" class=\"\" data-attachment-id=\"13137\" data-orig-file=\"https:\/\/blog.kunstgriff.net\/wp-content\/uploads\/2016\/03\/Weisser-Sandstrand-und-azurblaues-Meer-in-Varadero.jpg\" data-orig-size=\"1500,1125\" data-comments-opened=\"1\" data-image-meta=\"{&quot;aperture&quot;:&quot;335545&quot;,&quot;credit&quot;:&quot;&quot;,&quot;camera&quot;:&quot;&quot;,&quot;caption&quot;:&quot;&quot;,&quot;created_timestamp&quot;:&quot;&quot;,&quot;copyright&quot;:&quot;&quot;,&quot;focal_length&quot;:&quot;0.22675736961451&quot;,&quot;iso&quot;:&quot;100&quot;,&quot;shutter_speed&quot;:&quot;0.90637821709056&quot;,&quot;title&quot;:&quot;&quot;,&quot;orientation&quot;:&quot;1&quot;}\" data-image-title=\"Weisser Sandstrand und azurblaues Meer in Varadero\" data-image-description=\"\" data-medium-file=\"https:\/\/i0.wp.com\/blog.kunstgriff.net\/wp-content\/uploads\/2016\/03\/Weisser-Sandstrand-und-azurblaues-Meer-in-Varadero.jpg?fit=300%2C225&#038;ssl=1\" data-large-file=\"https:\/\/i0.wp.com\/blog.kunstgriff.net\/wp-content\/uploads\/2016\/03\/Weisser-Sandstrand-und-azurblaues-Meer-in-Varadero.jpg?fit=1024%2C768&#038;ssl=1\" src=\"https:\/\/i0.wp.com\/blog.kunstgriff.net\/wp-content\/uploads\/2016\/03\/Weisser-Sandstrand-und-azurblaues-Meer-in-Varadero.jpg?w=200&#038;h=150&#038;ssl=1\" srcset=\"https:\/\/i0.wp.com\/blog.kunstgriff.net\/wp-content\/uploads\/2016\/03\/Weisser-Sandstrand-und-azurblaues-Meer-in-Varadero.jpg?w=1500&amp;ssl=1 1500w, https:\/\/i0.wp.com\/blog.kunstgriff.net\/wp-content\/uploads\/2016\/03\/Weisser-Sandstrand-und-azurblaues-Meer-in-Varadero.jpg?resize=300%2C225&amp;ssl=1 300w, https:\/\/i0.wp.com\/blog.kunstgriff.net\/wp-content\/uploads\/2016\/03\/Weisser-Sandstrand-und-azurblaues-Meer-in-Varadero.jpg?resize=768%2C576&amp;ssl=1 768w, https:\/\/i0.wp.com\/blog.kunstgriff.net\/wp-content\/uploads\/2016\/03\/Weisser-Sandstrand-und-azurblaues-Meer-in-Varadero.jpg?resize=1024%2C768&amp;ssl=1 1024w, https:\/\/i0.wp.com\/blog.kunstgriff.net\/wp-content\/uploads\/2016\/03\/Weisser-Sandstrand-und-azurblaues-Meer-in-Varadero.jpg?resize=400%2C300&amp;ssl=1 400w\" width=\"200\" height=\"150\" loading=\"lazy\" data-original-width=\"200\" data-original-height=\"150\" itemprop=\"http:\/\/schema.org\/image\" title=\"Weisser Sandstrand und azurblaues Meer in Varadero\" alt=\"Weisser Sandstrand und azurblaues Meer in Varadero\" style=\"width: 200px; height: 150px;\" \/> <\/a> <div class=\"tiled-gallery-caption\" itemprop=\"caption description\"> Weisser Sandstrand und azurblaues Meer in Varadero <\/div> <\/div> <\/div> <!-- close group --> <\/div> <!-- close row --> <\/div>\n","protected":false},"excerpt":{"rendered":"<p>oder \u00bbZum weissen Sandstrand und azurblauen Meer\u00ab Heute stand nur eine recht kurze Etappe von rund 40 km auf dem Programm. Das Ziel war die Touri-Strandurlaub-Metropole Varadero. Es ging schon um 8:30 Uhr los, sodass wir den Tag am azurblauen Meer\u00a0 mit Badehose und schwimmen genie\u00dfen konnten. Abseits vom Strand ist Varadero eine typische Touri-Metropole, &hellip; <\/p>\n<p class=\"link-more\"><a href=\"https:\/\/blog.kunstgriff.net\/?p=13105\" class=\"more-link\"><span class=\"screen-reader-text\">\u201eKuba 2016 \u2013 Tag 5: Matanzas &#8211; Varadero\u201c <\/span>weiterlesen<\/a><\/p>\n","protected":false},"author":2,"featured_media":13137,"comment_status":"open","ping_status":"open","sticky":false,"template":"","format":"standard","meta":{"jetpack_post_was_ever_published":false,"_jetpack_newsletter_access":"","_jetpack_dont_email_post_to_subs":false,"_jetpack_newsletter_tier_id":0,"_jetpack_memberships_contains_paywalled_content":false,"_jetpack_memberships_contains_paid_content":false,"footnotes":""},"categories":[25,13],"tags":[39],"class_list":["post-13105","post","type-post","status-publish","format-standard","has-post-thumbnail","hentry","category-besonderes-ereignis","category-radreise","tag-kuba"],"jetpack_featured_media_url":"https:\/\/i0.wp.com\/blog.kunstgriff.net\/wp-content\/uploads\/2016\/03\/Weisser-Sandstrand-und-azurblaues-Meer-in-Varadero.jpg?fit=1500%2C1125&ssl=1","jetpack_shortlink":"https:\/\/wp.me\/p8Cxe7-3pn","jetpack-related-posts":[{"id":13219,"url":"https:\/\/blog.kunstgriff.net\/?p=13219","url_meta":{"origin":13105,"position":0},"title":"Kuba 2016 \u2013 Tag 12: Chivirico &#8211; Santiago de Cuba","author":"Georg","date":"M\u00e4rz 2, 2016","format":false,"excerpt":"oder \u00bbLetzte Radetappe in der Karibik\u00abHeute stand schon die letzte Radetappe auf dem Plan. Allerdings k\u00f6nnten wir noch den Vormittag in unserem All-Inclusive-Hotel genie\u00dfen. Das bedeutete, dass wir nach dem, f\u00fcr kubanische Verh\u00e4ltnisse, reichhaltigen Fr\u00fchst\u00fccksb\u00fcffet sofort unsere Badesachen packten und mit dem Fahrstuhl runter zum Strand fuhren. Dieser war ok,\u2026","rel":"","context":"In &quot;Besonderes Ereignis&quot;","block_context":{"text":"Besonderes Ereignis","link":"https:\/\/blog.kunstgriff.net\/?cat=25"},"img":{"alt_text":"","src":"https:\/\/i0.wp.com\/blog.kunstgriff.net\/wp-content\/uploads\/2016\/03\/Che-is-everywhere.jpg?fit=1200%2C900&ssl=1&resize=350%2C200","width":350,"height":200,"srcset":"https:\/\/i0.wp.com\/blog.kunstgriff.net\/wp-content\/uploads\/2016\/03\/Che-is-everywhere.jpg?fit=1200%2C900&ssl=1&resize=350%2C200 1x, https:\/\/i0.wp.com\/blog.kunstgriff.net\/wp-content\/uploads\/2016\/03\/Che-is-everywhere.jpg?fit=1200%2C900&ssl=1&resize=525%2C300 1.5x, https:\/\/i0.wp.com\/blog.kunstgriff.net\/wp-content\/uploads\/2016\/03\/Che-is-everywhere.jpg?fit=1200%2C900&ssl=1&resize=700%2C400 2x, https:\/\/i0.wp.com\/blog.kunstgriff.net\/wp-content\/uploads\/2016\/03\/Che-is-everywhere.jpg?fit=1200%2C900&ssl=1&resize=1050%2C600 3x"},"classes":[]},{"id":13141,"url":"https:\/\/blog.kunstgriff.net\/?p=13141","url_meta":{"origin":13105,"position":1},"title":"Kuba 2016 \u2013 Tag 6: Varadero- Playa Larga","author":"Georg","date":"Februar 25, 2016","format":false,"excerpt":"oder \u00bbVom Mistwetter zur Schweinebucht\u00abIch schlief schlecht, was sicher an einer Mischung aus zu viel Rum, keinem Trinkwasser auf dem Zimmer, Vollmond und heftigen Winden mit Regen lag. Meine Laune war so d\u00fcster wie der Morgenhimmel. Ich hatte keine Lust zum Radfahren. Die Camerados versuchten mich zwar zu motivieren, vergeblich:\u2026","rel":"","context":"In &quot;Besonderes Ereignis&quot;","block_context":{"text":"Besonderes Ereignis","link":"https:\/\/blog.kunstgriff.net\/?cat=25"},"img":{"alt_text":"","src":"https:\/\/i0.wp.com\/blog.kunstgriff.net\/wp-content\/uploads\/2016\/03\/Windschatten-f%C3%BCr-mich.jpg?fit=1200%2C900&ssl=1&resize=350%2C200","width":350,"height":200,"srcset":"https:\/\/i0.wp.com\/blog.kunstgriff.net\/wp-content\/uploads\/2016\/03\/Windschatten-f%C3%BCr-mich.jpg?fit=1200%2C900&ssl=1&resize=350%2C200 1x, https:\/\/i0.wp.com\/blog.kunstgriff.net\/wp-content\/uploads\/2016\/03\/Windschatten-f%C3%BCr-mich.jpg?fit=1200%2C900&ssl=1&resize=525%2C300 1.5x, https:\/\/i0.wp.com\/blog.kunstgriff.net\/wp-content\/uploads\/2016\/03\/Windschatten-f%C3%BCr-mich.jpg?fit=1200%2C900&ssl=1&resize=700%2C400 2x, https:\/\/i0.wp.com\/blog.kunstgriff.net\/wp-content\/uploads\/2016\/03\/Windschatten-f%C3%BCr-mich.jpg?fit=1200%2C900&ssl=1&resize=1050%2C600 3x"},"classes":[]},{"id":13261,"url":"https:\/\/blog.kunstgriff.net\/?p=13261","url_meta":{"origin":13105,"position":2},"title":"Fazit und mein pers\u00f6nlicher kleiner Kuba FAQ:","author":"Georg","date":"M\u00e4rz 8, 2016","format":false,"excerpt":"Was f\u00fcr eine Insel! Ich bin Fan geworden, bisher war ich zweimal in der Karibik. In Jamaica und in Antigua. Meine Erwartung an Kuba war eher gering. Die \u00fcblichen Vorurteile schwirrten in meinem Kopf: Kommunismus, Plan- und Misswirtschaft. Ungl\u00fcckliche und arme Menschen. Klar es gibt wirklich nichts im \u00dcberfluss au\u00dfer\u2026","rel":"","context":"In &quot;Radreise&quot;","block_context":{"text":"Radreise","link":"https:\/\/blog.kunstgriff.net\/?cat=13"},"img":{"alt_text":"","src":"https:\/\/i0.wp.com\/blog.kunstgriff.net\/wp-content\/uploads\/2016\/03\/Herzlich-willkommen.jpg?fit=768%2C1024&ssl=1&resize=350%2C200","width":350,"height":200,"srcset":"https:\/\/i0.wp.com\/blog.kunstgriff.net\/wp-content\/uploads\/2016\/03\/Herzlich-willkommen.jpg?fit=768%2C1024&ssl=1&resize=350%2C200 1x, https:\/\/i0.wp.com\/blog.kunstgriff.net\/wp-content\/uploads\/2016\/03\/Herzlich-willkommen.jpg?fit=768%2C1024&ssl=1&resize=525%2C300 1.5x, https:\/\/i0.wp.com\/blog.kunstgriff.net\/wp-content\/uploads\/2016\/03\/Herzlich-willkommen.jpg?fit=768%2C1024&ssl=1&resize=700%2C400 2x"},"classes":[]},{"id":12829,"url":"https:\/\/blog.kunstgriff.net\/?p=12829","url_meta":{"origin":13105,"position":3},"title":"12. Etappe WfF Europa Radtour 2015","author":"Georg","date":"September 4, 2015","format":false,"excerpt":"Valdeblore \u2013 NizzaRiesig hatte ich mich auf diesen Tag gefreut - ging es doch endlich ans Meer und neben der faszinierenden Bergwelt w\u00fcrden wir auch mit einem Abstecher durch Monaco das urbane Leben der sch\u00f6nen und Reichen zu sehen bekommen. Nach einer recht unruhigen Nacht, wieder einmal im 1.Stock eines\u2026","rel":"","context":"In &quot;Besonderes Ereignis&quot;","block_context":{"text":"Besonderes Ereignis","link":"https:\/\/blog.kunstgriff.net\/?cat=25"},"img":{"alt_text":"der Sonne entgegen auf den Col de Turini","src":"https:\/\/i0.wp.com\/blog.kunstgriff.net\/wp-content\/uploads\/2015\/08\/der-Sonne-entgegen-auf-den-Col-de-Turini.jpg?fit=1200%2C900&ssl=1&resize=350%2C200","width":350,"height":200,"srcset":"https:\/\/i0.wp.com\/blog.kunstgriff.net\/wp-content\/uploads\/2015\/08\/der-Sonne-entgegen-auf-den-Col-de-Turini.jpg?fit=1200%2C900&ssl=1&resize=350%2C200 1x, https:\/\/i0.wp.com\/blog.kunstgriff.net\/wp-content\/uploads\/2015\/08\/der-Sonne-entgegen-auf-den-Col-de-Turini.jpg?fit=1200%2C900&ssl=1&resize=525%2C300 1.5x, https:\/\/i0.wp.com\/blog.kunstgriff.net\/wp-content\/uploads\/2015\/08\/der-Sonne-entgegen-auf-den-Col-de-Turini.jpg?fit=1200%2C900&ssl=1&resize=700%2C400 2x, https:\/\/i0.wp.com\/blog.kunstgriff.net\/wp-content\/uploads\/2015\/08\/der-Sonne-entgegen-auf-den-Col-de-Turini.jpg?fit=1200%2C900&ssl=1&resize=1050%2C600 3x"},"classes":[]},{"id":13064,"url":"https:\/\/blog.kunstgriff.net\/?p=13064","url_meta":{"origin":13105,"position":4},"title":"Kuba 2016 \u2013 Tag 3: Havanna Rad-Tour","author":"Georg","date":"Februar 22, 2016","format":false,"excerpt":"oder \u00bbendlich mit Rad\u00abHeute war es endlich soweit: Wir bekamen unsere Drahtesel \u00fcbergeben, die uns die n\u00e4chsten 11 Tage als Haupt-Fortbewegungsmittel dienen werden. Solide Rahmentechnik und pannensicherer M\u00e4ntel \u00bbMade in Germany\u00ab. Dazu eine gut abgestimmte Schaltung eines japanischen Herstellers und perfekt war das spurtreue Tourenrad. Dieses wurde in der Mittagssonne\u2026","rel":"","context":"In &quot;Besonderes Ereignis&quot;","block_context":{"text":"Besonderes Ereignis","link":"https:\/\/blog.kunstgriff.net\/?cat=25"},"img":{"alt_text":"","src":"https:\/\/i0.wp.com\/blog.kunstgriff.net\/wp-content\/uploads\/2016\/03\/Gruppenfoto-auf-dem-Plaza-de-la-Revoluti%C3%B3n.jpg?fit=1200%2C900&ssl=1&resize=350%2C200","width":350,"height":200,"srcset":"https:\/\/i0.wp.com\/blog.kunstgriff.net\/wp-content\/uploads\/2016\/03\/Gruppenfoto-auf-dem-Plaza-de-la-Revoluti%C3%B3n.jpg?fit=1200%2C900&ssl=1&resize=350%2C200 1x, https:\/\/i0.wp.com\/blog.kunstgriff.net\/wp-content\/uploads\/2016\/03\/Gruppenfoto-auf-dem-Plaza-de-la-Revoluti%C3%B3n.jpg?fit=1200%2C900&ssl=1&resize=525%2C300 1.5x, https:\/\/i0.wp.com\/blog.kunstgriff.net\/wp-content\/uploads\/2016\/03\/Gruppenfoto-auf-dem-Plaza-de-la-Revoluti%C3%B3n.jpg?fit=1200%2C900&ssl=1&resize=700%2C400 2x, https:\/\/i0.wp.com\/blog.kunstgriff.net\/wp-content\/uploads\/2016\/03\/Gruppenfoto-auf-dem-Plaza-de-la-Revoluti%C3%B3n.jpg?fit=1200%2C900&ssl=1&resize=1050%2C600 3x"},"classes":[]},{"id":13214,"url":"https:\/\/blog.kunstgriff.net\/?p=13214","url_meta":{"origin":13105,"position":5},"title":"Kuba 2016 \u2013 Tag 11: Pilon &#8211; Chivirico","author":"Georg","date":"M\u00e4rz 1, 2016","format":false,"excerpt":"oder \u00bbTraumhafte K\u00fcstenstrasse\u00abWow! Was f\u00fcr ein grandioser Tag! Ich sitze in unserem All-Inclusive Hotel-Zimmer mit Blick in den karibischen Sonnenuntergang und lasse die heutigen 125 Kilometer auf dem Rad Revue passieren. Der Tag startete eigentlich recht unaufgeregt mit einem eher schlechten Fr\u00fchst\u00fcck. Gro\u00dfe Erwartungen hatte ich nach dem gestrigen Abendessen\u2026","rel":"","context":"In &quot;Besonderes Ereignis&quot;","block_context":{"text":"Besonderes Ereignis","link":"https:\/\/blog.kunstgriff.net\/?cat=25"},"img":{"alt_text":"","src":"https:\/\/i0.wp.com\/blog.kunstgriff.net\/wp-content\/uploads\/2016\/03\/Das-macht-Spass.jpg?fit=1200%2C900&ssl=1&resize=350%2C200","width":350,"height":200,"srcset":"https:\/\/i0.wp.com\/blog.kunstgriff.net\/wp-content\/uploads\/2016\/03\/Das-macht-Spass.jpg?fit=1200%2C900&ssl=1&resize=350%2C200 1x, https:\/\/i0.wp.com\/blog.kunstgriff.net\/wp-content\/uploads\/2016\/03\/Das-macht-Spass.jpg?fit=1200%2C900&ssl=1&resize=525%2C300 1.5x, https:\/\/i0.wp.com\/blog.kunstgriff.net\/wp-content\/uploads\/2016\/03\/Das-macht-Spass.jpg?fit=1200%2C900&ssl=1&resize=700%2C400 2x, https:\/\/i0.wp.com\/blog.kunstgriff.net\/wp-content\/uploads\/2016\/03\/Das-macht-Spass.jpg?fit=1200%2C900&ssl=1&resize=1050%2C600 3x"},"classes":[]}],"jetpack_likes_enabled":true,"jetpack_sharing_enabled":true,"_links":{"self":[{"href":"https:\/\/blog.kunstgriff.net\/index.php?rest_route=\/wp\/v2\/posts\/13105","targetHints":{"allow":["GET"]}}],"collection":[{"href":"https:\/\/blog.kunstgriff.net\/index.php?rest_route=\/wp\/v2\/posts"}],"about":[{"href":"https:\/\/blog.kunstgriff.net\/index.php?rest_route=\/wp\/v2\/types\/post"}],"author":[{"embeddable":true,"href":"https:\/\/blog.kunstgriff.net\/index.php?rest_route=\/wp\/v2\/users\/2"}],"replies":[{"embeddable":true,"href":"https:\/\/blog.kunstgriff.net\/index.php?rest_route=%2Fwp%2Fv2%2Fcomments&post=13105"}],"version-history":[{"count":0,"href":"https:\/\/blog.kunstgriff.net\/index.php?rest_route=\/wp\/v2\/posts\/13105\/revisions"}],"wp:featuredmedia":[{"embeddable":true,"href":"https:\/\/blog.kunstgriff.net\/index.php?rest_route=\/wp\/v2\/media\/13137"}],"wp:attachment":[{"href":"https:\/\/blog.kunstgriff.net\/index.php?rest_route=%2Fwp%2Fv2%2Fmedia&parent=13105"}],"wp:term":[{"taxonomy":"category","embeddable":true,"href":"https:\/\/blog.kunstgriff.net\/index.php?rest_route=%2Fwp%2Fv2%2Fcategories&post=13105"},{"taxonomy":"post_tag","embeddable":true,"href":"https:\/\/blog.kunstgriff.net\/index.php?rest_route=%2Fwp%2Fv2%2Ftags&post=13105"}],"curies":[{"name":"wp","href":"https:\/\/api.w.org\/{rel}","templated":true}]}}