{"id":13166,"date":"2016-02-27T21:58:41","date_gmt":"2016-02-27T20:58:41","guid":{"rendered":"http:\/\/blog.kunstgriff.net\/?p=13166"},"modified":"2016-07-31T17:05:01","modified_gmt":"2016-07-31T15:05:01","slug":"kuba-2016-tag-8-cienfuegos-trinidad","status":"publish","type":"post","link":"https:\/\/blog.kunstgriff.net\/?p=13166","title":{"rendered":"Kuba 2016 \u2013 Tag 8: Cienfuegos &#8211; Trinidad"},"content":{"rendered":"<span class=\"span-reading-time rt-reading-time\" style=\"display: block;\"><span class=\"rt-label rt-prefix\">Lesezeit: <\/span> <span class=\"rt-time\"> 2<\/span> <span class=\"rt-label rt-postfix\">Minuten<\/span><\/span><h4>oder \u00bbWellig zum Weltkulturerbe\u00ab<\/h4>\n<hr \/>\n<p>Der heutige Radtag ist eigentlich schnell erz\u00e4hlt: nach dem leckeren, aber mittlerweile doch recht eint\u00f6nigen, Fr\u00fchst\u00fcck ging es mit Samsonite und Rad vom <em>\u00bbHostel Anita\u00ab<\/em> zwei Blocks nach Osten um den Koffer am wartenden Bus abzugeben und im Anschluss den Track zu laden um die Gruppe aus der Stadt zu f\u00fchren.<\/p>\n<p>Das gelang sehr gut und in null-Komma-nix hatten wir die wuselige Stadt hinter uns gelassen und radelten auf recht welligem Terrain nach S\u00fcd-Ost. Die Gruppen fanden sich schnell und <del>auch<\/del> Susi half in der F\u00fchrung aus. Ich empfand die Landschaft als recht abwechslungsreich, wobei einige Mitfahrer anderer Meinung waren. Na gut. Oft f\u00fchlte ich mich an <em>Marlboro-Land<\/em> oder Argentinien erinnert (obwohl ich dort noch nie war). Als wieder eine Rinderherde mit den entsprechenden <a href=\"https:\/\/de.wikipedia.org\/wiki\/Gaucho\" target=\"_blank\">Gauchos<\/a> mit Pferd, Cowboyhut, Sporen, Peitschen und Lassos die Stra\u00dfe kreuzten und uns zum Abbremsen zwangen, weil ihre Rinderherde unbedingt vor uns \u00fcber die Strasse musste.<\/p>\n<p>Wellig ging es weiter und der ein oder andere H\u00fcgel musste ausgefahren werden. Mein Bergtag war es heute nicht. Egal, nach 42 km heute schon Pause mit Erfrischungen und weiteren 40 km <em>\u00bbto go\u00ab<\/em>. Genau die richtige Distanz heute f\u00fcr mich, denn der Asphalt hatte sich sehr aufgeheizt und die Sonne machte mir ganz sch\u00f6n zu schaffen.<\/p>\n<p>Als wir die K\u00fcste erreichten, wollten einige noch baden. Herbert, Marietta, Maria und ich aber nicht und so fuhren wir weiter zum Zielort Trinidad.<\/p>\n<p>Dieser Ort geh\u00f6rt mit 500 Jahren auf dem Buckel zu den \u00e4ltesten Orten auf Kuba. Auf dem Weg zu unserer Unterkunft mussten wir uns dann noch durch schmale Gassen und mindestens 480 Jahre altes Kopfsteinpflaster qu\u00e4lte uns, bevor wir unsere heutige Unterkunft erreichten. Zufrieden checkten wir in unserer sch\u00f6nen Casa Particular ein. Unsere Haush\u00e4lterin bereitete uns leckeren Fisch, Lobster und Pommes (!) zum Abendbrot. Alles mit einem L\u00e4cheln und viel guter Laune und Freunde, die fremden Europ\u00e4er mit Ihren Kochk\u00fcnsten gl\u00fccklich zu machen. Wir genossen es beim Bier.<\/p>\n<p>Sp\u00e4ter ging es dann noch zu einer Stadtf\u00fchrung in die alte Stadt, bevor wir zufrieden in unsere komfortablen Betten sackten. Morgen dann nur Busfahren.<\/p>\n<p><iframe height='405' width='590' frameborder='0' allowtransparency='true' scrolling='no' src='https:\/\/www.strava.com\/activities\/511042033\/embed\/c4d8f5182f3dd945c6abb5cc959db736e691e519'><\/iframe><\/p>\n<div class=\"tiled-gallery type-rectangular tiled-gallery-unresized\" data-original-width=\"525\" data-carousel-extra='{&quot;blog_id&quot;:1,&quot;permalink&quot;:&quot;https:\\\/\\\/blog.kunstgriff.net\\\/?p=13166&quot;,&quot;likes_blog_id&quot;:127394879}' itemscope itemtype=\"http:\/\/schema.org\/ImageGallery\" > <div class=\"gallery-row\" style=\"width: 525px; height: 264px;\" data-original-width=\"525\" data-original-height=\"264\" > <div class=\"gallery-group images-1\" style=\"width: 350px; height: 264px;\" data-original-width=\"350\" data-original-height=\"264\" > <div class=\"tiled-gallery-item tiled-gallery-item-large\" itemprop=\"associatedMedia\" itemscope itemtype=\"http:\/\/schema.org\/ImageObject\"> <a href=\"https:\/\/blog.kunstgriff.net\/?attachment_id=13183\" border=\"0\" itemprop=\"url\"> <meta itemprop=\"width\" content=\"346\"> <meta itemprop=\"height\" content=\"260\"> <img decoding=\"async\" class=\"\" data-attachment-id=\"13183\" data-orig-file=\"https:\/\/blog.kunstgriff.net\/wp-content\/uploads\/2016\/03\/Viva-La-Revolucion.jpg\" data-orig-size=\"1500,1125\" data-comments-opened=\"1\" data-image-meta=\"{&quot;aperture&quot;:&quot;348652.2&quot;,&quot;credit&quot;:&quot;&quot;,&quot;camera&quot;:&quot;&quot;,&quot;caption&quot;:&quot;&quot;,&quot;created_timestamp&quot;:&quot;&quot;,&quot;copyright&quot;:&quot;&quot;,&quot;focal_length&quot;:&quot;0.22675736961451&quot;,&quot;iso&quot;:&quot;125&quot;,&quot;shutter_speed&quot;:&quot;1.0191234879004&quot;,&quot;title&quot;:&quot;&quot;,&quot;orientation&quot;:&quot;1&quot;}\" data-image-title=\"Viva La Revolucion\" data-image-description=\"\" data-medium-file=\"https:\/\/i0.wp.com\/blog.kunstgriff.net\/wp-content\/uploads\/2016\/03\/Viva-La-Revolucion.jpg?fit=300%2C225&#038;ssl=1\" data-large-file=\"https:\/\/i0.wp.com\/blog.kunstgriff.net\/wp-content\/uploads\/2016\/03\/Viva-La-Revolucion.jpg?fit=1024%2C768&#038;ssl=1\" src=\"https:\/\/i0.wp.com\/blog.kunstgriff.net\/wp-content\/uploads\/2016\/03\/Viva-La-Revolucion.jpg?w=346&#038;h=260&#038;ssl=1\" srcset=\"https:\/\/i0.wp.com\/blog.kunstgriff.net\/wp-content\/uploads\/2016\/03\/Viva-La-Revolucion.jpg?w=1500&amp;ssl=1 1500w, https:\/\/i0.wp.com\/blog.kunstgriff.net\/wp-content\/uploads\/2016\/03\/Viva-La-Revolucion.jpg?resize=300%2C225&amp;ssl=1 300w, https:\/\/i0.wp.com\/blog.kunstgriff.net\/wp-content\/uploads\/2016\/03\/Viva-La-Revolucion.jpg?resize=768%2C576&amp;ssl=1 768w, https:\/\/i0.wp.com\/blog.kunstgriff.net\/wp-content\/uploads\/2016\/03\/Viva-La-Revolucion.jpg?resize=1024%2C768&amp;ssl=1 1024w, https:\/\/i0.wp.com\/blog.kunstgriff.net\/wp-content\/uploads\/2016\/03\/Viva-La-Revolucion.jpg?resize=400%2C300&amp;ssl=1 400w\" width=\"346\" height=\"260\" loading=\"lazy\" data-original-width=\"346\" data-original-height=\"260\" itemprop=\"http:\/\/schema.org\/image\" title=\"Viva La Revolucion\" alt=\"Viva La Revolucion\" style=\"width: 346px; height: 260px;\" \/> <\/a> <div class=\"tiled-gallery-caption\" itemprop=\"caption description\"> Viva La Revolucion <\/div> <\/div> <\/div> <!-- close group --> <div class=\"gallery-group images-2\" style=\"width: 175px; height: 264px;\" data-original-width=\"175\" data-original-height=\"264\" > <div class=\"tiled-gallery-item tiled-gallery-item-small\" itemprop=\"associatedMedia\" itemscope itemtype=\"http:\/\/schema.org\/ImageObject\"> <a href=\"https:\/\/blog.kunstgriff.net\/?attachment_id=13178\" border=\"0\" itemprop=\"url\"> <meta itemprop=\"width\" content=\"171\"> <meta itemprop=\"height\" content=\"128\"> <img decoding=\"async\" class=\"\" data-attachment-id=\"13178\" data-orig-file=\"https:\/\/blog.kunstgriff.net\/wp-content\/uploads\/2016\/03\/Pause-in-den-Middel-of-Nowere.jpg\" data-orig-size=\"1500,1125\" data-comments-opened=\"1\" data-image-meta=\"{&quot;aperture&quot;:&quot;322437.8&quot;,&quot;credit&quot;:&quot;&quot;,&quot;camera&quot;:&quot;&quot;,&quot;caption&quot;:&quot;&quot;,&quot;created_timestamp&quot;:&quot;&quot;,&quot;copyright&quot;:&quot;&quot;,&quot;focal_length&quot;:&quot;0.22675736961451&quot;,&quot;iso&quot;:&quot;160&quot;,&quot;shutter_speed&quot;:&quot;0.94096533063226&quot;,&quot;title&quot;:&quot;&quot;,&quot;orientation&quot;:&quot;1&quot;}\" data-image-title=\"Pause in den Middel of Nowere\" data-image-description=\"\" data-medium-file=\"https:\/\/i0.wp.com\/blog.kunstgriff.net\/wp-content\/uploads\/2016\/03\/Pause-in-den-Middel-of-Nowere.jpg?fit=300%2C225&#038;ssl=1\" data-large-file=\"https:\/\/i0.wp.com\/blog.kunstgriff.net\/wp-content\/uploads\/2016\/03\/Pause-in-den-Middel-of-Nowere.jpg?fit=1024%2C768&#038;ssl=1\" src=\"https:\/\/i0.wp.com\/blog.kunstgriff.net\/wp-content\/uploads\/2016\/03\/Pause-in-den-Middel-of-Nowere.jpg?w=171&#038;h=128&#038;ssl=1\" srcset=\"https:\/\/i0.wp.com\/blog.kunstgriff.net\/wp-content\/uploads\/2016\/03\/Pause-in-den-Middel-of-Nowere.jpg?w=1500&amp;ssl=1 1500w, https:\/\/i0.wp.com\/blog.kunstgriff.net\/wp-content\/uploads\/2016\/03\/Pause-in-den-Middel-of-Nowere.jpg?resize=300%2C225&amp;ssl=1 300w, https:\/\/i0.wp.com\/blog.kunstgriff.net\/wp-content\/uploads\/2016\/03\/Pause-in-den-Middel-of-Nowere.jpg?resize=768%2C576&amp;ssl=1 768w, https:\/\/i0.wp.com\/blog.kunstgriff.net\/wp-content\/uploads\/2016\/03\/Pause-in-den-Middel-of-Nowere.jpg?resize=1024%2C768&amp;ssl=1 1024w, https:\/\/i0.wp.com\/blog.kunstgriff.net\/wp-content\/uploads\/2016\/03\/Pause-in-den-Middel-of-Nowere.jpg?resize=400%2C300&amp;ssl=1 400w\" width=\"171\" height=\"128\" loading=\"lazy\" data-original-width=\"171\" data-original-height=\"128\" itemprop=\"http:\/\/schema.org\/image\" title=\"Pause in den Middel of Nowere\" alt=\"Pause in den Middel of Nowere\" style=\"width: 171px; height: 128px;\" \/> <\/a> <div class=\"tiled-gallery-caption\" itemprop=\"caption description\"> Pause in den Middel of Nowere <\/div> <\/div> <div class=\"tiled-gallery-item tiled-gallery-item-small\" itemprop=\"associatedMedia\" itemscope itemtype=\"http:\/\/schema.org\/ImageObject\"> <a href=\"https:\/\/blog.kunstgriff.net\/?attachment_id=13179\" border=\"0\" itemprop=\"url\"> <meta itemprop=\"width\" content=\"171\"> <meta itemprop=\"height\" content=\"128\"> <img decoding=\"async\" class=\"\" data-attachment-id=\"13179\" data-orig-file=\"https:\/\/blog.kunstgriff.net\/wp-content\/uploads\/2016\/03\/Pause-in-the-Middle-of-Nowere2.jpg\" data-orig-size=\"1500,1125\" data-comments-opened=\"1\" data-image-meta=\"{&quot;aperture&quot;:&quot;335570.6&quot;,&quot;credit&quot;:&quot;&quot;,&quot;camera&quot;:&quot;&quot;,&quot;caption&quot;:&quot;&quot;,&quot;created_timestamp&quot;:&quot;&quot;,&quot;copyright&quot;:&quot;&quot;,&quot;focal_length&quot;:&quot;0.22675736961451&quot;,&quot;iso&quot;:&quot;100&quot;,&quot;shutter_speed&quot;:&quot;0.92355185352112&quot;,&quot;title&quot;:&quot;&quot;,&quot;orientation&quot;:&quot;1&quot;}\" data-image-title=\"Pause in the Middle of Nowere2\" data-image-description=\"\" data-medium-file=\"https:\/\/i0.wp.com\/blog.kunstgriff.net\/wp-content\/uploads\/2016\/03\/Pause-in-the-Middle-of-Nowere2.jpg?fit=300%2C225&#038;ssl=1\" data-large-file=\"https:\/\/i0.wp.com\/blog.kunstgriff.net\/wp-content\/uploads\/2016\/03\/Pause-in-the-Middle-of-Nowere2.jpg?fit=1024%2C768&#038;ssl=1\" src=\"https:\/\/i0.wp.com\/blog.kunstgriff.net\/wp-content\/uploads\/2016\/03\/Pause-in-the-Middle-of-Nowere2.jpg?w=171&#038;h=128&#038;ssl=1\" srcset=\"https:\/\/i0.wp.com\/blog.kunstgriff.net\/wp-content\/uploads\/2016\/03\/Pause-in-the-Middle-of-Nowere2.jpg?w=1500&amp;ssl=1 1500w, https:\/\/i0.wp.com\/blog.kunstgriff.net\/wp-content\/uploads\/2016\/03\/Pause-in-the-Middle-of-Nowere2.jpg?resize=300%2C225&amp;ssl=1 300w, https:\/\/i0.wp.com\/blog.kunstgriff.net\/wp-content\/uploads\/2016\/03\/Pause-in-the-Middle-of-Nowere2.jpg?resize=768%2C576&amp;ssl=1 768w, https:\/\/i0.wp.com\/blog.kunstgriff.net\/wp-content\/uploads\/2016\/03\/Pause-in-the-Middle-of-Nowere2.jpg?resize=1024%2C768&amp;ssl=1 1024w, https:\/\/i0.wp.com\/blog.kunstgriff.net\/wp-content\/uploads\/2016\/03\/Pause-in-the-Middle-of-Nowere2.jpg?resize=400%2C300&amp;ssl=1 400w\" width=\"171\" height=\"128\" loading=\"lazy\" data-original-width=\"171\" data-original-height=\"128\" itemprop=\"http:\/\/schema.org\/image\" title=\"Pause in the Middle of Nowere2\" alt=\"Pause in the Middle of Nowere2\" style=\"width: 171px; height: 128px;\" \/> <\/a> <div class=\"tiled-gallery-caption\" itemprop=\"caption description\"> Pause in the Middle of Nowere2 <\/div> <\/div> <\/div> <!-- close group --> <\/div> <!-- close row --> <div class=\"gallery-row\" style=\"width: 525px; height: 132px;\" data-original-width=\"525\" data-original-height=\"132\" > <div class=\"gallery-group images-1\" style=\"width: 175px; height: 132px;\" data-original-width=\"175\" data-original-height=\"132\" > <div class=\"tiled-gallery-item tiled-gallery-item-small\" itemprop=\"associatedMedia\" itemscope itemtype=\"http:\/\/schema.org\/ImageObject\"> <a href=\"https:\/\/blog.kunstgriff.net\/?attachment_id=13182\" border=\"0\" itemprop=\"url\"> <meta itemprop=\"width\" content=\"171\"> <meta itemprop=\"height\" content=\"128\"> <img decoding=\"async\" class=\"\" data-attachment-id=\"13182\" data-orig-file=\"https:\/\/blog.kunstgriff.net\/wp-content\/uploads\/2016\/03\/Unsere-herrliche-Terasse-in-der-Casa-particular-Trinidad.jpg\" data-orig-size=\"1500,1125\" data-comments-opened=\"1\" data-image-meta=\"{&quot;aperture&quot;:&quot;348652.2&quot;,&quot;credit&quot;:&quot;&quot;,&quot;camera&quot;:&quot;&quot;,&quot;caption&quot;:&quot;&quot;,&quot;created_timestamp&quot;:&quot;&quot;,&quot;copyright&quot;:&quot;&quot;,&quot;focal_length&quot;:&quot;0.22675736961451&quot;,&quot;iso&quot;:&quot;100&quot;,&quot;shutter_speed&quot;:&quot;0.89191720848247&quot;,&quot;title&quot;:&quot;&quot;,&quot;orientation&quot;:&quot;1&quot;}\" data-image-title=\"Unsere herrliche Terasse in der Casa particular Trinidad\" data-image-description=\"\" data-medium-file=\"https:\/\/i0.wp.com\/blog.kunstgriff.net\/wp-content\/uploads\/2016\/03\/Unsere-herrliche-Terasse-in-der-Casa-particular-Trinidad.jpg?fit=300%2C225&#038;ssl=1\" data-large-file=\"https:\/\/i0.wp.com\/blog.kunstgriff.net\/wp-content\/uploads\/2016\/03\/Unsere-herrliche-Terasse-in-der-Casa-particular-Trinidad.jpg?fit=1024%2C768&#038;ssl=1\" src=\"https:\/\/i0.wp.com\/blog.kunstgriff.net\/wp-content\/uploads\/2016\/03\/Unsere-herrliche-Terasse-in-der-Casa-particular-Trinidad.jpg?w=171&#038;h=128&#038;ssl=1\" srcset=\"https:\/\/i0.wp.com\/blog.kunstgriff.net\/wp-content\/uploads\/2016\/03\/Unsere-herrliche-Terasse-in-der-Casa-particular-Trinidad.jpg?w=1500&amp;ssl=1 1500w, https:\/\/i0.wp.com\/blog.kunstgriff.net\/wp-content\/uploads\/2016\/03\/Unsere-herrliche-Terasse-in-der-Casa-particular-Trinidad.jpg?resize=300%2C225&amp;ssl=1 300w, https:\/\/i0.wp.com\/blog.kunstgriff.net\/wp-content\/uploads\/2016\/03\/Unsere-herrliche-Terasse-in-der-Casa-particular-Trinidad.jpg?resize=768%2C576&amp;ssl=1 768w, https:\/\/i0.wp.com\/blog.kunstgriff.net\/wp-content\/uploads\/2016\/03\/Unsere-herrliche-Terasse-in-der-Casa-particular-Trinidad.jpg?resize=1024%2C768&amp;ssl=1 1024w, https:\/\/i0.wp.com\/blog.kunstgriff.net\/wp-content\/uploads\/2016\/03\/Unsere-herrliche-Terasse-in-der-Casa-particular-Trinidad.jpg?resize=400%2C300&amp;ssl=1 400w\" width=\"171\" height=\"128\" loading=\"lazy\" data-original-width=\"171\" data-original-height=\"128\" itemprop=\"http:\/\/schema.org\/image\" title=\"Unsere herrliche Terasse in der Casa particular Trinidad\" alt=\"Unsere herrliche Terasse in der Casa particular Trinidad\" style=\"width: 171px; height: 128px;\" \/> <\/a> <div class=\"tiled-gallery-caption\" itemprop=\"caption description\"> Unsere herrliche Terasse in der Casa particular Trinidad <\/div> <\/div> <\/div> <!-- close group --> <div class=\"gallery-group images-1\" style=\"width: 175px; height: 132px;\" data-original-width=\"175\" data-original-height=\"132\" > <div class=\"tiled-gallery-item tiled-gallery-item-small\" itemprop=\"associatedMedia\" itemscope itemtype=\"http:\/\/schema.org\/ImageObject\"> <a href=\"https:\/\/blog.kunstgriff.net\/?attachment_id=13177\" border=\"0\" itemprop=\"url\"> <meta itemprop=\"width\" content=\"171\"> <meta itemprop=\"height\" content=\"128\"> <img decoding=\"async\" class=\"\" data-attachment-id=\"13177\" data-orig-file=\"https:\/\/blog.kunstgriff.net\/wp-content\/uploads\/2016\/03\/Mama-macht-uns-Lobster.jpg\" data-orig-size=\"1500,1125\" data-comments-opened=\"1\" data-image-meta=\"{&quot;aperture&quot;:&quot;335519.4&quot;,&quot;credit&quot;:&quot;&quot;,&quot;camera&quot;:&quot;&quot;,&quot;caption&quot;:&quot;&quot;,&quot;created_timestamp&quot;:&quot;&quot;,&quot;copyright&quot;:&quot;&quot;,&quot;focal_length&quot;:&quot;0.22675736961451&quot;,&quot;iso&quot;:&quot;400&quot;,&quot;shutter_speed&quot;:&quot;1.0398686549614&quot;,&quot;title&quot;:&quot;&quot;,&quot;orientation&quot;:&quot;1&quot;}\" data-image-title=\"Mama macht uns Lobster\" data-image-description=\"\" data-medium-file=\"https:\/\/i0.wp.com\/blog.kunstgriff.net\/wp-content\/uploads\/2016\/03\/Mama-macht-uns-Lobster.jpg?fit=300%2C225&#038;ssl=1\" data-large-file=\"https:\/\/i0.wp.com\/blog.kunstgriff.net\/wp-content\/uploads\/2016\/03\/Mama-macht-uns-Lobster.jpg?fit=1024%2C768&#038;ssl=1\" src=\"https:\/\/i0.wp.com\/blog.kunstgriff.net\/wp-content\/uploads\/2016\/03\/Mama-macht-uns-Lobster.jpg?w=171&#038;h=128&#038;ssl=1\" srcset=\"https:\/\/i0.wp.com\/blog.kunstgriff.net\/wp-content\/uploads\/2016\/03\/Mama-macht-uns-Lobster.jpg?w=1500&amp;ssl=1 1500w, https:\/\/i0.wp.com\/blog.kunstgriff.net\/wp-content\/uploads\/2016\/03\/Mama-macht-uns-Lobster.jpg?resize=300%2C225&amp;ssl=1 300w, https:\/\/i0.wp.com\/blog.kunstgriff.net\/wp-content\/uploads\/2016\/03\/Mama-macht-uns-Lobster.jpg?resize=768%2C576&amp;ssl=1 768w, https:\/\/i0.wp.com\/blog.kunstgriff.net\/wp-content\/uploads\/2016\/03\/Mama-macht-uns-Lobster.jpg?resize=1024%2C768&amp;ssl=1 1024w, https:\/\/i0.wp.com\/blog.kunstgriff.net\/wp-content\/uploads\/2016\/03\/Mama-macht-uns-Lobster.jpg?resize=400%2C300&amp;ssl=1 400w\" width=\"171\" height=\"128\" loading=\"lazy\" data-original-width=\"171\" data-original-height=\"128\" itemprop=\"http:\/\/schema.org\/image\" title=\"Mama macht uns Lobster\" alt=\"Mama macht uns Lobstet und Eugen fotografiert\" style=\"width: 171px; height: 128px;\" \/> <\/a> <div class=\"tiled-gallery-caption\" itemprop=\"caption description\"> Mama macht uns Lobstet und Eugen fotografiert <\/div> <\/div> <\/div> <!-- close group --> <div class=\"gallery-group images-1\" style=\"width: 175px; height: 132px;\" data-original-width=\"175\" data-original-height=\"132\" > <div class=\"tiled-gallery-item tiled-gallery-item-small\" itemprop=\"associatedMedia\" itemscope itemtype=\"http:\/\/schema.org\/ImageObject\"> <a href=\"https:\/\/blog.kunstgriff.net\/?attachment_id=13176\" border=\"0\" itemprop=\"url\"> <meta itemprop=\"width\" content=\"171\"> <meta itemprop=\"height\" content=\"128\"> <img decoding=\"async\" class=\"\" data-attachment-id=\"13176\" data-orig-file=\"https:\/\/blog.kunstgriff.net\/wp-content\/uploads\/2016\/03\/leckerster-Lobster.jpg\" data-orig-size=\"1500,1125\" data-comments-opened=\"1\" data-image-meta=\"{&quot;aperture&quot;:&quot;2.2&quot;,&quot;credit&quot;:&quot;&quot;,&quot;camera&quot;:&quot;iPhone 6s&quot;,&quot;caption&quot;:&quot;&quot;,&quot;created_timestamp&quot;:&quot;1456618852&quot;,&quot;copyright&quot;:&quot;&quot;,&quot;focal_length&quot;:&quot;4.15&quot;,&quot;iso&quot;:&quot;200&quot;,&quot;shutter_speed&quot;:&quot;0.066666666666667&quot;,&quot;title&quot;:&quot;&quot;,&quot;orientation&quot;:&quot;1&quot;}\" data-image-title=\"leckerster Lobster\" data-image-description=\"\" data-medium-file=\"https:\/\/i0.wp.com\/blog.kunstgriff.net\/wp-content\/uploads\/2016\/03\/leckerster-Lobster.jpg?fit=300%2C225&#038;ssl=1\" data-large-file=\"https:\/\/i0.wp.com\/blog.kunstgriff.net\/wp-content\/uploads\/2016\/03\/leckerster-Lobster.jpg?fit=1024%2C768&#038;ssl=1\" src=\"https:\/\/i0.wp.com\/blog.kunstgriff.net\/wp-content\/uploads\/2016\/03\/leckerster-Lobster.jpg?w=171&#038;h=128&#038;ssl=1\" srcset=\"https:\/\/i0.wp.com\/blog.kunstgriff.net\/wp-content\/uploads\/2016\/03\/leckerster-Lobster.jpg?w=1500&amp;ssl=1 1500w, https:\/\/i0.wp.com\/blog.kunstgriff.net\/wp-content\/uploads\/2016\/03\/leckerster-Lobster.jpg?resize=300%2C225&amp;ssl=1 300w, https:\/\/i0.wp.com\/blog.kunstgriff.net\/wp-content\/uploads\/2016\/03\/leckerster-Lobster.jpg?resize=768%2C576&amp;ssl=1 768w, https:\/\/i0.wp.com\/blog.kunstgriff.net\/wp-content\/uploads\/2016\/03\/leckerster-Lobster.jpg?resize=1024%2C768&amp;ssl=1 1024w, https:\/\/i0.wp.com\/blog.kunstgriff.net\/wp-content\/uploads\/2016\/03\/leckerster-Lobster.jpg?resize=400%2C300&amp;ssl=1 400w\" width=\"171\" height=\"128\" loading=\"lazy\" data-original-width=\"171\" data-original-height=\"128\" itemprop=\"http:\/\/schema.org\/image\" title=\"leckerster Lobster\" alt=\"leckerster Lobster\" style=\"width: 171px; height: 128px;\" \/> <\/a> <div class=\"tiled-gallery-caption\" itemprop=\"caption description\"> leckerster Lobster <\/div> <\/div> <\/div> <!-- close group --> <\/div> <!-- close row --> <div class=\"gallery-row\" style=\"width: 525px; height: 198px;\" data-original-width=\"525\" data-original-height=\"198\" > <div class=\"gallery-group images-1\" style=\"width: 263px; height: 198px;\" data-original-width=\"263\" data-original-height=\"198\" > <div class=\"tiled-gallery-item tiled-gallery-item-large\" itemprop=\"associatedMedia\" itemscope itemtype=\"http:\/\/schema.org\/ImageObject\"> <a href=\"https:\/\/blog.kunstgriff.net\/?attachment_id=13180\" border=\"0\" itemprop=\"url\"> <meta itemprop=\"width\" content=\"259\"> <meta itemprop=\"height\" content=\"194\"> <img decoding=\"async\" class=\"\" data-attachment-id=\"13180\" data-orig-file=\"https:\/\/blog.kunstgriff.net\/wp-content\/uploads\/2016\/03\/Sonnenuntergang-in-Trinindad-von-unserer-Terasse-in-Trinidad.jpg\" data-orig-size=\"1500,1125\" data-comments-opened=\"1\" data-image-meta=\"{&quot;aperture&quot;:&quot;2.2&quot;,&quot;credit&quot;:&quot;&quot;,&quot;camera&quot;:&quot;iPhone 6s&quot;,&quot;caption&quot;:&quot;&quot;,&quot;created_timestamp&quot;:&quot;1456596869&quot;,&quot;copyright&quot;:&quot;&quot;,&quot;focal_length&quot;:&quot;4.15&quot;,&quot;iso&quot;:&quot;25&quot;,&quot;shutter_speed&quot;:&quot;0.0016&quot;,&quot;title&quot;:&quot;&quot;,&quot;orientation&quot;:&quot;1&quot;}\" data-image-title=\"Sonnenuntergang in Trinindad von unserer Terasse in Trinidad\" data-image-description=\"\" data-medium-file=\"https:\/\/i0.wp.com\/blog.kunstgriff.net\/wp-content\/uploads\/2016\/03\/Sonnenuntergang-in-Trinindad-von-unserer-Terasse-in-Trinidad.jpg?fit=300%2C225&#038;ssl=1\" data-large-file=\"https:\/\/i0.wp.com\/blog.kunstgriff.net\/wp-content\/uploads\/2016\/03\/Sonnenuntergang-in-Trinindad-von-unserer-Terasse-in-Trinidad.jpg?fit=1024%2C768&#038;ssl=1\" src=\"https:\/\/i0.wp.com\/blog.kunstgriff.net\/wp-content\/uploads\/2016\/03\/Sonnenuntergang-in-Trinindad-von-unserer-Terasse-in-Trinidad.jpg?w=259&#038;h=194&#038;ssl=1\" srcset=\"https:\/\/i0.wp.com\/blog.kunstgriff.net\/wp-content\/uploads\/2016\/03\/Sonnenuntergang-in-Trinindad-von-unserer-Terasse-in-Trinidad.jpg?w=1500&amp;ssl=1 1500w, https:\/\/i0.wp.com\/blog.kunstgriff.net\/wp-content\/uploads\/2016\/03\/Sonnenuntergang-in-Trinindad-von-unserer-Terasse-in-Trinidad.jpg?resize=300%2C225&amp;ssl=1 300w, https:\/\/i0.wp.com\/blog.kunstgriff.net\/wp-content\/uploads\/2016\/03\/Sonnenuntergang-in-Trinindad-von-unserer-Terasse-in-Trinidad.jpg?resize=768%2C576&amp;ssl=1 768w, https:\/\/i0.wp.com\/blog.kunstgriff.net\/wp-content\/uploads\/2016\/03\/Sonnenuntergang-in-Trinindad-von-unserer-Terasse-in-Trinidad.jpg?resize=1024%2C768&amp;ssl=1 1024w, https:\/\/i0.wp.com\/blog.kunstgriff.net\/wp-content\/uploads\/2016\/03\/Sonnenuntergang-in-Trinindad-von-unserer-Terasse-in-Trinidad.jpg?resize=400%2C300&amp;ssl=1 400w\" width=\"259\" height=\"194\" loading=\"lazy\" data-original-width=\"259\" data-original-height=\"194\" itemprop=\"http:\/\/schema.org\/image\" title=\"Sonnenuntergang in Trinindad von unserer Terasse in Trinidad\" alt=\"Sonnenuntergang in Trinindad von unserer Terasse\" style=\"width: 259px; height: 194px;\" \/> <\/a> <div class=\"tiled-gallery-caption\" itemprop=\"caption description\"> Sonnenuntergang in Trinindad von unserer Terasse <\/div> <\/div> <\/div> <!-- close group --> <div class=\"gallery-group images-1\" style=\"width: 262px; height: 198px;\" data-original-width=\"262\" data-original-height=\"198\" > <div class=\"tiled-gallery-item tiled-gallery-item-large\" itemprop=\"associatedMedia\" itemscope itemtype=\"http:\/\/schema.org\/ImageObject\"> <a href=\"https:\/\/blog.kunstgriff.net\/?attachment_id=13174\" border=\"0\" itemprop=\"url\"> <meta itemprop=\"width\" content=\"258\"> <meta itemprop=\"height\" content=\"194\"> <img decoding=\"async\" class=\"\" data-attachment-id=\"13174\" data-orig-file=\"https:\/\/blog.kunstgriff.net\/wp-content\/uploads\/2016\/03\/Architektur-delux-made-in-cuba.jpg\" data-orig-size=\"1500,1125\" data-comments-opened=\"1\" data-image-meta=\"{&quot;aperture&quot;:&quot;2.2&quot;,&quot;credit&quot;:&quot;&quot;,&quot;camera&quot;:&quot;iPhone 6s&quot;,&quot;caption&quot;:&quot;&quot;,&quot;created_timestamp&quot;:&quot;1456618154&quot;,&quot;copyright&quot;:&quot;&quot;,&quot;focal_length&quot;:&quot;4.15&quot;,&quot;iso&quot;:&quot;200&quot;,&quot;shutter_speed&quot;:&quot;0.041666666666667&quot;,&quot;title&quot;:&quot;&quot;,&quot;orientation&quot;:&quot;1&quot;}\" data-image-title=\"Architektur delux made in cuba\" data-image-description=\"\" data-medium-file=\"https:\/\/i0.wp.com\/blog.kunstgriff.net\/wp-content\/uploads\/2016\/03\/Architektur-delux-made-in-cuba.jpg?fit=300%2C225&#038;ssl=1\" data-large-file=\"https:\/\/i0.wp.com\/blog.kunstgriff.net\/wp-content\/uploads\/2016\/03\/Architektur-delux-made-in-cuba.jpg?fit=1024%2C768&#038;ssl=1\" src=\"https:\/\/i0.wp.com\/blog.kunstgriff.net\/wp-content\/uploads\/2016\/03\/Architektur-delux-made-in-cuba.jpg?w=258&#038;h=194&#038;ssl=1\" srcset=\"https:\/\/i0.wp.com\/blog.kunstgriff.net\/wp-content\/uploads\/2016\/03\/Architektur-delux-made-in-cuba.jpg?w=1500&amp;ssl=1 1500w, https:\/\/i0.wp.com\/blog.kunstgriff.net\/wp-content\/uploads\/2016\/03\/Architektur-delux-made-in-cuba.jpg?resize=300%2C225&amp;ssl=1 300w, https:\/\/i0.wp.com\/blog.kunstgriff.net\/wp-content\/uploads\/2016\/03\/Architektur-delux-made-in-cuba.jpg?resize=768%2C576&amp;ssl=1 768w, https:\/\/i0.wp.com\/blog.kunstgriff.net\/wp-content\/uploads\/2016\/03\/Architektur-delux-made-in-cuba.jpg?resize=1024%2C768&amp;ssl=1 1024w, https:\/\/i0.wp.com\/blog.kunstgriff.net\/wp-content\/uploads\/2016\/03\/Architektur-delux-made-in-cuba.jpg?resize=400%2C300&amp;ssl=1 400w\" width=\"258\" height=\"194\" loading=\"lazy\" data-original-width=\"258\" data-original-height=\"194\" itemprop=\"http:\/\/schema.org\/image\" title=\"Architektur delux made in cuba\" alt=\"Architektur delux made in cuba\" style=\"width: 258px; height: 194px;\" \/> <\/a> <div class=\"tiled-gallery-caption\" itemprop=\"caption description\"> Architektur delux made in cuba <\/div> <\/div> <\/div> <!-- close group --> <\/div> <!-- close row --> <\/div>\n","protected":false},"excerpt":{"rendered":"<p>oder \u00bbWellig zum Weltkulturerbe\u00ab Der heutige Radtag ist eigentlich schnell erz\u00e4hlt: nach dem leckeren, aber mittlerweile doch recht eint\u00f6nigen, Fr\u00fchst\u00fcck ging es mit Samsonite und Rad vom \u00bbHostel Anita\u00ab zwei Blocks nach Osten um den Koffer am wartenden Bus abzugeben und im Anschluss den Track zu laden um die Gruppe aus der Stadt zu f\u00fchren. &hellip; <\/p>\n<p class=\"link-more\"><a href=\"https:\/\/blog.kunstgriff.net\/?p=13166\" class=\"more-link\"><span class=\"screen-reader-text\">\u201eKuba 2016 \u2013 Tag 8: Cienfuegos &#8211; Trinidad\u201c <\/span>weiterlesen<\/a><\/p>\n","protected":false},"author":2,"featured_media":13180,"comment_status":"open","ping_status":"open","sticky":false,"template":"","format":"standard","meta":{"jetpack_post_was_ever_published":false,"_jetpack_newsletter_access":"","_jetpack_dont_email_post_to_subs":false,"_jetpack_newsletter_tier_id":0,"_jetpack_memberships_contains_paywalled_content":false,"_jetpack_memberships_contains_paid_content":false,"footnotes":""},"categories":[25,13],"tags":[39],"class_list":["post-13166","post","type-post","status-publish","format-standard","has-post-thumbnail","hentry","category-besonderes-ereignis","category-radreise","tag-kuba"],"jetpack_featured_media_url":"https:\/\/i0.wp.com\/blog.kunstgriff.net\/wp-content\/uploads\/2016\/03\/Sonnenuntergang-in-Trinindad-von-unserer-Terasse-in-Trinidad.jpg?fit=1500%2C1125&ssl=1","jetpack_shortlink":"https:\/\/wp.me\/p8Cxe7-3qm","jetpack-related-posts":[{"id":13318,"url":"https:\/\/blog.kunstgriff.net\/?p=13318","url_meta":{"origin":13166,"position":0},"title":"Viertel-Vor-Zehn-Gruppen-S\u00fcd-Runde","author":"Georg","date":"April 9, 2016","format":false,"excerpt":"oder \u00bbRollen mit der grossen Gruppe\u00ab [gcmap act=\"1119285056\" class=\"alignright\"]Eigentlich war geplant mit Oleg nach Treuenbrietzen zu fahren. Der Track war geladen und der Treffpunkt am Tunnel vereinbart. Als dann nur Oleg, Julia und Ralph am Tunnel standen, wurde mir ein wenig mulmig und ich entschloss mich mit der 10-Uhr-Gruppe aus\u2026","rel":"","context":"In &quot;Radfahren&quot;","block_context":{"text":"Radfahren","link":"https:\/\/blog.kunstgriff.net\/?cat=14"},"img":{"alt_text":"","src":"https:\/\/i0.wp.com\/blog.kunstgriff.net\/wp-content\/uploads\/2016\/04\/Nach-Zachwitz.jpg?fit=1200%2C900&ssl=1&resize=350%2C200","width":350,"height":200,"srcset":"https:\/\/i0.wp.com\/blog.kunstgriff.net\/wp-content\/uploads\/2016\/04\/Nach-Zachwitz.jpg?fit=1200%2C900&ssl=1&resize=350%2C200 1x, https:\/\/i0.wp.com\/blog.kunstgriff.net\/wp-content\/uploads\/2016\/04\/Nach-Zachwitz.jpg?fit=1200%2C900&ssl=1&resize=525%2C300 1.5x, https:\/\/i0.wp.com\/blog.kunstgriff.net\/wp-content\/uploads\/2016\/04\/Nach-Zachwitz.jpg?fit=1200%2C900&ssl=1&resize=700%2C400 2x, https:\/\/i0.wp.com\/blog.kunstgriff.net\/wp-content\/uploads\/2016\/04\/Nach-Zachwitz.jpg?fit=1200%2C900&ssl=1&resize=1050%2C600 3x"},"classes":[]},{"id":13205,"url":"https:\/\/blog.kunstgriff.net\/?p=13205","url_meta":{"origin":13166,"position":1},"title":"Kuba 2016 \u2013 Tag 10: Manzanillo &#8211; Pilon","author":"Georg","date":"Februar 29, 2016","format":false,"excerpt":"oder \u00bbHeute mal echt h\u00fcgelig\u00abAls Fr\u00fchst\u00fcck gab es wieder den Kuba-Klassiker: Obst-Teller mit Ananas, Mango und Guave, dann noch ein Fruchtsaft, heute mal zur Abwechslung Tamarindensaft und als kr\u00f6nenden Abschluss ein Omlette mit Zwiebeln. Eine Tasse heissen Kaffee dazu, dann schnell Sachen packen und im Bus verstauen. Dann ging es\u2026","rel":"","context":"In &quot;Besonderes Ereignis&quot;","block_context":{"text":"Besonderes Ereignis","link":"https:\/\/blog.kunstgriff.net\/?cat=25"},"img":{"alt_text":"","src":"https:\/\/i0.wp.com\/blog.kunstgriff.net\/wp-content\/uploads\/2016\/03\/%C3%9Cber-die-Insel.jpg?fit=1200%2C900&ssl=1&resize=350%2C200","width":350,"height":200,"srcset":"https:\/\/i0.wp.com\/blog.kunstgriff.net\/wp-content\/uploads\/2016\/03\/%C3%9Cber-die-Insel.jpg?fit=1200%2C900&ssl=1&resize=350%2C200 1x, https:\/\/i0.wp.com\/blog.kunstgriff.net\/wp-content\/uploads\/2016\/03\/%C3%9Cber-die-Insel.jpg?fit=1200%2C900&ssl=1&resize=525%2C300 1.5x, https:\/\/i0.wp.com\/blog.kunstgriff.net\/wp-content\/uploads\/2016\/03\/%C3%9Cber-die-Insel.jpg?fit=1200%2C900&ssl=1&resize=700%2C400 2x, https:\/\/i0.wp.com\/blog.kunstgriff.net\/wp-content\/uploads\/2016\/03\/%C3%9Cber-die-Insel.jpg?fit=1200%2C900&ssl=1&resize=1050%2C600 3x"},"classes":[]},{"id":16648,"url":"https:\/\/blog.kunstgriff.net\/?p=16648","url_meta":{"origin":13166,"position":2},"title":"Mit der Nordgruppe ins L\u00f6wenberger Land","author":"Georg","date":"September 3, 2017","format":false,"excerpt":"\u00bbGrosse Gruppe - flotte Runde\u00ab Schon seit Freitag freute ich mich auf diese Runde, denn Sascha T. lud in den Norden. Der Track war von Alex geplant und so war eine hohe Touren-Qualit\u00e4t gewiss. Mit Marc C. fuhr ich locker zum Treffpunkt in Pankow, wo wir uns um kurz nach\u2026","rel":"","context":"In &quot;Cake-Ride&quot;","block_context":{"text":"Cake-Ride","link":"https:\/\/blog.kunstgriff.net\/?cat=34"},"img":{"alt_text":"","src":"https:\/\/i0.wp.com\/blog.kunstgriff.net\/wp-content\/uploads\/2017\/09\/Treffpunkt-AGIP-Dietzgenstrasse.jpg?fit=1200%2C800&ssl=1&resize=350%2C200","width":350,"height":200,"srcset":"https:\/\/i0.wp.com\/blog.kunstgriff.net\/wp-content\/uploads\/2017\/09\/Treffpunkt-AGIP-Dietzgenstrasse.jpg?fit=1200%2C800&ssl=1&resize=350%2C200 1x, https:\/\/i0.wp.com\/blog.kunstgriff.net\/wp-content\/uploads\/2017\/09\/Treffpunkt-AGIP-Dietzgenstrasse.jpg?fit=1200%2C800&ssl=1&resize=525%2C300 1.5x, https:\/\/i0.wp.com\/blog.kunstgriff.net\/wp-content\/uploads\/2017\/09\/Treffpunkt-AGIP-Dietzgenstrasse.jpg?fit=1200%2C800&ssl=1&resize=700%2C400 2x, https:\/\/i0.wp.com\/blog.kunstgriff.net\/wp-content\/uploads\/2017\/09\/Treffpunkt-AGIP-Dietzgenstrasse.jpg?fit=1200%2C800&ssl=1&resize=1050%2C600 3x"},"classes":[]},{"id":13085,"url":"https:\/\/blog.kunstgriff.net\/?p=13085","url_meta":{"origin":13166,"position":3},"title":"Kuba 2016 \u2013 Tag 4: Havanna \u2013 Matanzas","author":"Georg","date":"Februar 23, 2016","format":false,"excerpt":"oder \u00bbHeute mal richtig anabschwitzen\u00abErst einmal musste der Tunnel nach Westen aus Havanna passiert werden. F\u00fcr diesen galt ein stricktes Fahrrad-Verbot. Deshalb mussten die R\u00e4der in den Bus verladen werden um dann etwa 15 Minuten aus Havanna raus zu fahren. Auf einem gro\u00dfen Parkplatz hielten wir und montierten unsere R\u00e4der\u2026","rel":"","context":"In &quot;Besonderes Ereignis&quot;","block_context":{"text":"Besonderes Ereignis","link":"https:\/\/blog.kunstgriff.net\/?cat=25"},"img":{"alt_text":"","src":"https:\/\/i0.wp.com\/blog.kunstgriff.net\/wp-content\/uploads\/2016\/03\/K%C3%BCstenstrasse.jpg?fit=1200%2C900&ssl=1&resize=350%2C200","width":350,"height":200,"srcset":"https:\/\/i0.wp.com\/blog.kunstgriff.net\/wp-content\/uploads\/2016\/03\/K%C3%BCstenstrasse.jpg?fit=1200%2C900&ssl=1&resize=350%2C200 1x, https:\/\/i0.wp.com\/blog.kunstgriff.net\/wp-content\/uploads\/2016\/03\/K%C3%BCstenstrasse.jpg?fit=1200%2C900&ssl=1&resize=525%2C300 1.5x, https:\/\/i0.wp.com\/blog.kunstgriff.net\/wp-content\/uploads\/2016\/03\/K%C3%BCstenstrasse.jpg?fit=1200%2C900&ssl=1&resize=700%2C400 2x, https:\/\/i0.wp.com\/blog.kunstgriff.net\/wp-content\/uploads\/2016\/03\/K%C3%BCstenstrasse.jpg?fit=1200%2C900&ssl=1&resize=1050%2C600 3x"},"classes":[]},{"id":13044,"url":"https:\/\/blog.kunstgriff.net\/?p=13044","url_meta":{"origin":13166,"position":4},"title":"Kuba 2016 &#8211; Anreise","author":"Georg","date":"Februar 20, 2016","format":false,"excerpt":"oder \u00bbIn freudiger Erwartung\u00ab Nun war es endlich soweit und es ging auf meine erste echte Fernreise mit dem Rad. Die Vorbereitungen fielen eher d\u00fcrftig aus. Au\u00dfer der notorischen Packliste wurde keine Reiseliteratur im Vorfeld gew\u00e4lzt. Meine Karibik-Erfahrung bestand aus zwei vorherigen Aufenthalten auf Jamaica und Antigua. Der gebuchte Nachflug\u2026","rel":"","context":"In &quot;Besonderes Ereignis&quot;","block_context":{"text":"Besonderes Ereignis","link":"https:\/\/blog.kunstgriff.net\/?cat=25"},"img":{"alt_text":"","src":"https:\/\/i0.wp.com\/blog.kunstgriff.net\/wp-content\/uploads\/2016\/03\/Malachon.jpg?fit=1200%2C900&ssl=1&resize=350%2C200","width":350,"height":200,"srcset":"https:\/\/i0.wp.com\/blog.kunstgriff.net\/wp-content\/uploads\/2016\/03\/Malachon.jpg?fit=1200%2C900&ssl=1&resize=350%2C200 1x, https:\/\/i0.wp.com\/blog.kunstgriff.net\/wp-content\/uploads\/2016\/03\/Malachon.jpg?fit=1200%2C900&ssl=1&resize=525%2C300 1.5x, https:\/\/i0.wp.com\/blog.kunstgriff.net\/wp-content\/uploads\/2016\/03\/Malachon.jpg?fit=1200%2C900&ssl=1&resize=700%2C400 2x, https:\/\/i0.wp.com\/blog.kunstgriff.net\/wp-content\/uploads\/2016\/03\/Malachon.jpg?fit=1200%2C900&ssl=1&resize=1050%2C600 3x"},"classes":[]},{"id":13219,"url":"https:\/\/blog.kunstgriff.net\/?p=13219","url_meta":{"origin":13166,"position":5},"title":"Kuba 2016 \u2013 Tag 12: Chivirico &#8211; Santiago de Cuba","author":"Georg","date":"M\u00e4rz 2, 2016","format":false,"excerpt":"oder \u00bbLetzte Radetappe in der Karibik\u00abHeute stand schon die letzte Radetappe auf dem Plan. Allerdings k\u00f6nnten wir noch den Vormittag in unserem All-Inclusive-Hotel genie\u00dfen. Das bedeutete, dass wir nach dem, f\u00fcr kubanische Verh\u00e4ltnisse, reichhaltigen Fr\u00fchst\u00fccksb\u00fcffet sofort unsere Badesachen packten und mit dem Fahrstuhl runter zum Strand fuhren. Dieser war ok,\u2026","rel":"","context":"In &quot;Besonderes Ereignis&quot;","block_context":{"text":"Besonderes Ereignis","link":"https:\/\/blog.kunstgriff.net\/?cat=25"},"img":{"alt_text":"","src":"https:\/\/i0.wp.com\/blog.kunstgriff.net\/wp-content\/uploads\/2016\/03\/Che-is-everywhere.jpg?fit=1200%2C900&ssl=1&resize=350%2C200","width":350,"height":200,"srcset":"https:\/\/i0.wp.com\/blog.kunstgriff.net\/wp-content\/uploads\/2016\/03\/Che-is-everywhere.jpg?fit=1200%2C900&ssl=1&resize=350%2C200 1x, https:\/\/i0.wp.com\/blog.kunstgriff.net\/wp-content\/uploads\/2016\/03\/Che-is-everywhere.jpg?fit=1200%2C900&ssl=1&resize=525%2C300 1.5x, https:\/\/i0.wp.com\/blog.kunstgriff.net\/wp-content\/uploads\/2016\/03\/Che-is-everywhere.jpg?fit=1200%2C900&ssl=1&resize=700%2C400 2x, https:\/\/i0.wp.com\/blog.kunstgriff.net\/wp-content\/uploads\/2016\/03\/Che-is-everywhere.jpg?fit=1200%2C900&ssl=1&resize=1050%2C600 3x"},"classes":[]}],"jetpack_likes_enabled":true,"jetpack_sharing_enabled":true,"_links":{"self":[{"href":"https:\/\/blog.kunstgriff.net\/index.php?rest_route=\/wp\/v2\/posts\/13166","targetHints":{"allow":["GET"]}}],"collection":[{"href":"https:\/\/blog.kunstgriff.net\/index.php?rest_route=\/wp\/v2\/posts"}],"about":[{"href":"https:\/\/blog.kunstgriff.net\/index.php?rest_route=\/wp\/v2\/types\/post"}],"author":[{"embeddable":true,"href":"https:\/\/blog.kunstgriff.net\/index.php?rest_route=\/wp\/v2\/users\/2"}],"replies":[{"embeddable":true,"href":"https:\/\/blog.kunstgriff.net\/index.php?rest_route=%2Fwp%2Fv2%2Fcomments&post=13166"}],"version-history":[{"count":0,"href":"https:\/\/blog.kunstgriff.net\/index.php?rest_route=\/wp\/v2\/posts\/13166\/revisions"}],"wp:featuredmedia":[{"embeddable":true,"href":"https:\/\/blog.kunstgriff.net\/index.php?rest_route=\/wp\/v2\/media\/13180"}],"wp:attachment":[{"href":"https:\/\/blog.kunstgriff.net\/index.php?rest_route=%2Fwp%2Fv2%2Fmedia&parent=13166"}],"wp:term":[{"taxonomy":"category","embeddable":true,"href":"https:\/\/blog.kunstgriff.net\/index.php?rest_route=%2Fwp%2Fv2%2Fcategories&post=13166"},{"taxonomy":"post_tag","embeddable":true,"href":"https:\/\/blog.kunstgriff.net\/index.php?rest_route=%2Fwp%2Fv2%2Ftags&post=13166"}],"curies":[{"name":"wp","href":"https:\/\/api.w.org\/{rel}","templated":true}]}}