{"id":13214,"date":"2016-03-01T15:17:52","date_gmt":"2016-03-01T14:17:52","guid":{"rendered":"http:\/\/blog.kunstgriff.net\/?p=13214"},"modified":"2016-07-31T17:02:49","modified_gmt":"2016-07-31T15:02:49","slug":"kuba-2016-tag-11-pilon-chivirico","status":"publish","type":"post","link":"https:\/\/blog.kunstgriff.net\/?p=13214","title":{"rendered":"Kuba 2016 \u2013 Tag 11: Pilon &#8211; Chivirico"},"content":{"rendered":"<span class=\"span-reading-time rt-reading-time\" style=\"display: block;\"><span class=\"rt-label rt-prefix\">Lesezeit: <\/span> <span class=\"rt-time\"> 2<\/span> <span class=\"rt-label rt-postfix\">Minuten<\/span><\/span><h4>oder \u00bbTraumhafte K\u00fcstenstrasse\u00ab<\/h4>\n<hr \/>\n<p>Wow! Was f\u00fcr ein grandioser Tag! Ich sitze in unserem All-Inclusive Hotel-Zimmer mit Blick in den karibischen Sonnenuntergang und lasse die heutigen 125 Kilometer auf dem Rad Revue passieren.<\/p>\n<p>Der Tag startete eigentlich recht unaufgeregt mit einem eher schlechten Fr\u00fchst\u00fcck. Gro\u00dfe Erwartungen hatte ich nach dem gestrigen Abendessen eh nicht und so hielt ich meinen Mund und a\u00df Wei\u00dfmehl-Br\u00f6tchen mit Butter, ein paar Mango Schnipsel und sp\u00e4ter ein Omlett. Schon mal gehabt. Funktioniert.<\/p>\n<p>Dann los, leider ohne Wasser in den Flaschen, daf\u00fcr mit strahlend blauem Himmel und einer Strecke vor der Nase, die ich wahrlich zu den <em>\u00bbTraumstrasse der Welt\u00ab<\/em> z\u00e4hlen m\u00f6chte &#8211; gut 100 Kilometer entlang der kubanischen S\u00fcd-Karibik-K\u00fcste, wahrlich \u00fcber Stock uns Stein. Oft ins Meer gest\u00fcrzter Asphalt oder nur Schotterpisten, die mich an Dokumentationen auf ARTE \u00fcber die Anden-Stra\u00dfen in Bolivien oder Kolumbien erinnerten. Auf der Gesamten Strecke begegneten mir maximal 10 Kraftfahrzeuge. Ansonsten viele Gauchos mit Pferden, die G\u00e4msen vor sich her trieben oder Eselkarren und Pferdefuhrwerke.<\/p>\n<p>So direkt an der Wasserkante zu pedallieren war einfach nur atemberaubend. Ich konnte die Gischt riechen und manchmal spritze sie mir gar ins Gesicht. Selten habe ich die Natur beim Radeln so intensiv erleben d\u00fcrfen, wie auf dieser Etappe. Brillant!<\/p>\n<p>Irgendwann wurde es aber auch echt hart, denn die Sonne sengte auf mich herab und es gab sehr wenig Schatten. Die Infrastruktur ist nun auch nicht so prall, dass alle paar Kilometer ein Ort aus dem nichts erscheinen w\u00fcrde, der gek\u00fchlte Getr\u00e4nke vorhielt. Ich musste schon ein wenig improvisieren und mir meine mitgef\u00fchrten Getr\u00e4nke gut einteilen.<\/p>\n<p>Ich fuhr wieder viele Sektoren alleine, weil ich einfach keine Lust auf Gruppenzwang hatte. Die letzten 20 km blieben wir aber zusammen und scheuchte uns die letzten H\u00fcgel hinauf, bevor unsere riesiges Beton-Bunker-Artiges Resort mit Lift zum Strand erreicht war. Real existierender, sozialistischer Luxus-Tourismus wird hier gelebt und ich mitten drin. Ich schmunzelte, genoss und bestelle mir noch einen Kuba-Libre und sah gelassen \u00fcber das nicht funktionierende Licht in unserem Badezimmer hinweg. Life is Good.<\/p>\n<p>Morgen dann nach Santiago de Kuba &#8211; ich freu mich!<\/p>\n<p><iframe height='405' width='590' frameborder='0' allowtransparency='true' scrolling='no' src='https:\/\/www.strava.com\/activities\/511041903\/embed\/c751166d1a5f3e5836e4252fa2f97ec5aec50437'><\/iframe><\/p>\n<div class=\"tiled-gallery type-rectangular tiled-gallery-unresized\" data-original-width=\"525\" data-carousel-extra='{&quot;blog_id&quot;:1,&quot;permalink&quot;:&quot;https:\\\/\\\/blog.kunstgriff.net\\\/?p=13214&quot;,&quot;likes_blog_id&quot;:127394879}' itemscope itemtype=\"http:\/\/schema.org\/ImageGallery\" > <div class=\"gallery-row\" style=\"width: 525px; height: 264px;\" data-original-width=\"525\" data-original-height=\"264\" > <div class=\"gallery-group images-1\" style=\"width: 350px; height: 264px;\" data-original-width=\"350\" data-original-height=\"264\" > <div class=\"tiled-gallery-item tiled-gallery-item-large\" itemprop=\"associatedMedia\" itemscope itemtype=\"http:\/\/schema.org\/ImageObject\"> <a href=\"https:\/\/blog.kunstgriff.net\/?attachment_id=13202\" border=\"0\" itemprop=\"url\"> <meta itemprop=\"width\" content=\"346\"> <meta itemprop=\"height\" content=\"260\"> <img decoding=\"async\" class=\"\" data-attachment-id=\"13202\" data-orig-file=\"https:\/\/blog.kunstgriff.net\/wp-content\/uploads\/2016\/03\/Traumhafte-K\u00fcstenstrasse.jpg\" data-orig-size=\"1500,1125\" data-comments-opened=\"1\" data-image-meta=\"{&quot;aperture&quot;:&quot;2.2&quot;,&quot;credit&quot;:&quot;&quot;,&quot;camera&quot;:&quot;iPhone 6s&quot;,&quot;caption&quot;:&quot;&quot;,&quot;created_timestamp&quot;:&quot;1456830063&quot;,&quot;copyright&quot;:&quot;&quot;,&quot;focal_length&quot;:&quot;4.15&quot;,&quot;iso&quot;:&quot;25&quot;,&quot;shutter_speed&quot;:&quot;0.00053304904051173&quot;,&quot;title&quot;:&quot;&quot;,&quot;orientation&quot;:&quot;1&quot;}\" data-image-title=\"Traumhafte K\u00fcstenstrasse\" data-image-description=\"\" data-medium-file=\"https:\/\/i0.wp.com\/blog.kunstgriff.net\/wp-content\/uploads\/2016\/03\/Traumhafte-K%C3%BCstenstrasse.jpg?fit=300%2C225&#038;ssl=1\" data-large-file=\"https:\/\/i0.wp.com\/blog.kunstgriff.net\/wp-content\/uploads\/2016\/03\/Traumhafte-K%C3%BCstenstrasse.jpg?fit=1024%2C768&#038;ssl=1\" src=\"https:\/\/i0.wp.com\/blog.kunstgriff.net\/wp-content\/uploads\/2016\/03\/Traumhafte-K%C3%BCstenstrasse.jpg?w=346&#038;h=260&#038;ssl=1\" width=\"346\" height=\"260\" loading=\"lazy\" data-original-width=\"346\" data-original-height=\"260\" itemprop=\"http:\/\/schema.org\/image\" title=\"Traumhafte K\u00fcstenstrasse\" alt=\"Traumhafte K\u00fcstenstrasse\" style=\"width: 346px; height: 260px;\" \/> <\/a> <div class=\"tiled-gallery-caption\" itemprop=\"caption description\"> Traumhafte K\u00fcstenstrasse <\/div> <\/div> <\/div> <!-- close group --> <div class=\"gallery-group images-2\" style=\"width: 175px; height: 264px;\" data-original-width=\"175\" data-original-height=\"264\" > <div class=\"tiled-gallery-item tiled-gallery-item-small\" itemprop=\"associatedMedia\" itemscope itemtype=\"http:\/\/schema.org\/ImageObject\"> <a href=\"https:\/\/blog.kunstgriff.net\/?attachment_id=13194\" border=\"0\" itemprop=\"url\"> <meta itemprop=\"width\" content=\"171\"> <meta itemprop=\"height\" content=\"128\"> <img decoding=\"async\" class=\"\" data-attachment-id=\"13194\" data-orig-file=\"https:\/\/blog.kunstgriff.net\/wp-content\/uploads\/2016\/03\/Drahtesel-trifft-Echt-Esel.jpg\" data-orig-size=\"1500,1125\" data-comments-opened=\"1\" data-image-meta=\"{&quot;aperture&quot;:&quot;335493.8&quot;,&quot;credit&quot;:&quot;&quot;,&quot;camera&quot;:&quot;&quot;,&quot;caption&quot;:&quot;&quot;,&quot;created_timestamp&quot;:&quot;&quot;,&quot;copyright&quot;:&quot;&quot;,&quot;focal_length&quot;:&quot;0.22675736961451&quot;,&quot;iso&quot;:&quot;100&quot;,&quot;shutter_speed&quot;:&quot;0.97882701757783&quot;,&quot;title&quot;:&quot;&quot;,&quot;orientation&quot;:&quot;1&quot;}\" data-image-title=\"Drahtesel trifft Echt-Esel\" data-image-description=\"\" data-medium-file=\"https:\/\/i0.wp.com\/blog.kunstgriff.net\/wp-content\/uploads\/2016\/03\/Drahtesel-trifft-Echt-Esel.jpg?fit=300%2C225&#038;ssl=1\" data-large-file=\"https:\/\/i0.wp.com\/blog.kunstgriff.net\/wp-content\/uploads\/2016\/03\/Drahtesel-trifft-Echt-Esel.jpg?fit=1024%2C768&#038;ssl=1\" src=\"https:\/\/i0.wp.com\/blog.kunstgriff.net\/wp-content\/uploads\/2016\/03\/Drahtesel-trifft-Echt-Esel.jpg?w=171&#038;h=128&#038;ssl=1\" srcset=\"https:\/\/i0.wp.com\/blog.kunstgriff.net\/wp-content\/uploads\/2016\/03\/Drahtesel-trifft-Echt-Esel.jpg?w=1500&amp;ssl=1 1500w, https:\/\/i0.wp.com\/blog.kunstgriff.net\/wp-content\/uploads\/2016\/03\/Drahtesel-trifft-Echt-Esel.jpg?resize=300%2C225&amp;ssl=1 300w, https:\/\/i0.wp.com\/blog.kunstgriff.net\/wp-content\/uploads\/2016\/03\/Drahtesel-trifft-Echt-Esel.jpg?resize=768%2C576&amp;ssl=1 768w, https:\/\/i0.wp.com\/blog.kunstgriff.net\/wp-content\/uploads\/2016\/03\/Drahtesel-trifft-Echt-Esel.jpg?resize=1024%2C768&amp;ssl=1 1024w, https:\/\/i0.wp.com\/blog.kunstgriff.net\/wp-content\/uploads\/2016\/03\/Drahtesel-trifft-Echt-Esel.jpg?resize=400%2C300&amp;ssl=1 400w\" width=\"171\" height=\"128\" loading=\"lazy\" data-original-width=\"171\" data-original-height=\"128\" itemprop=\"http:\/\/schema.org\/image\" title=\"Drahtesel trifft Echt-Esel\" alt=\"Drahtesel trifft Echt-Esel\" style=\"width: 171px; height: 128px;\" \/> <\/a> <div class=\"tiled-gallery-caption\" itemprop=\"caption description\"> Drahtesel trifft Echt-Esel <\/div> <\/div> <div class=\"tiled-gallery-item tiled-gallery-item-small\" itemprop=\"associatedMedia\" itemscope itemtype=\"http:\/\/schema.org\/ImageObject\"> <a href=\"https:\/\/blog.kunstgriff.net\/?attachment_id=13193\" border=\"0\" itemprop=\"url\"> <meta itemprop=\"width\" content=\"171\"> <meta itemprop=\"height\" content=\"128\"> <img decoding=\"async\" class=\"\" data-attachment-id=\"13193\" data-orig-file=\"https:\/\/blog.kunstgriff.net\/wp-content\/uploads\/2016\/03\/Die-Br\u00fccke-h\u00e4lt.jpg\" data-orig-size=\"1500,1125\" data-comments-opened=\"1\" data-image-meta=\"{&quot;aperture&quot;:&quot;315935.4&quot;,&quot;credit&quot;:&quot;&quot;,&quot;camera&quot;:&quot;&quot;,&quot;caption&quot;:&quot;&quot;,&quot;created_timestamp&quot;:&quot;&quot;,&quot;copyright&quot;:&quot;&quot;,&quot;focal_length&quot;:&quot;0.22675736961451&quot;,&quot;iso&quot;:&quot;100&quot;,&quot;shutter_speed&quot;:&quot;0.89014649758036&quot;,&quot;title&quot;:&quot;&quot;,&quot;orientation&quot;:&quot;1&quot;}\" data-image-title=\"Die Br\u00fccke h\u00e4lt\" data-image-description=\"\" data-medium-file=\"https:\/\/i0.wp.com\/blog.kunstgriff.net\/wp-content\/uploads\/2016\/03\/Die-Br%C3%BCcke-h%C3%A4lt.jpg?fit=300%2C225&#038;ssl=1\" data-large-file=\"https:\/\/i0.wp.com\/blog.kunstgriff.net\/wp-content\/uploads\/2016\/03\/Die-Br%C3%BCcke-h%C3%A4lt.jpg?fit=1024%2C768&#038;ssl=1\" src=\"https:\/\/i0.wp.com\/blog.kunstgriff.net\/wp-content\/uploads\/2016\/03\/Die-Br%C3%BCcke-h%C3%A4lt.jpg?w=171&#038;h=128&#038;ssl=1\" width=\"171\" height=\"128\" loading=\"lazy\" data-original-width=\"171\" data-original-height=\"128\" itemprop=\"http:\/\/schema.org\/image\" title=\"Die Br\u00fccke h\u00e4lt\" alt=\"Die Br\u00fccke h\u00e4lt\" style=\"width: 171px; height: 128px;\" \/> <\/a> <div class=\"tiled-gallery-caption\" itemprop=\"caption description\"> Die Br\u00fccke h\u00e4lt <\/div> <\/div> <\/div> <!-- close group --> <\/div> <!-- close row --> <div class=\"gallery-row\" style=\"width: 525px; height: 154px;\" data-original-width=\"525\" data-original-height=\"154\" > <div class=\"gallery-group images-1\" style=\"width: 204px; height: 154px;\" data-original-width=\"204\" data-original-height=\"154\" > <div class=\"tiled-gallery-item tiled-gallery-item-small\" itemprop=\"associatedMedia\" itemscope itemtype=\"http:\/\/schema.org\/ImageObject\"> <a href=\"https:\/\/blog.kunstgriff.net\/?attachment_id=13192\" border=\"0\" itemprop=\"url\"> <meta itemprop=\"width\" content=\"200\"> <meta itemprop=\"height\" content=\"150\"> <img decoding=\"async\" class=\"\" data-attachment-id=\"13192\" data-orig-file=\"https:\/\/blog.kunstgriff.net\/wp-content\/uploads\/2016\/03\/Das-macht-Spass.jpg\" data-orig-size=\"1500,1125\" data-comments-opened=\"1\" data-image-meta=\"{&quot;aperture&quot;:&quot;2.2&quot;,&quot;credit&quot;:&quot;&quot;,&quot;camera&quot;:&quot;iPhone 5s&quot;,&quot;caption&quot;:&quot;&quot;,&quot;created_timestamp&quot;:&quot;1456827685&quot;,&quot;copyright&quot;:&quot;&quot;,&quot;focal_length&quot;:&quot;4.15&quot;,&quot;iso&quot;:&quot;32&quot;,&quot;shutter_speed&quot;:&quot;0.00026802465826856&quot;,&quot;title&quot;:&quot;&quot;,&quot;orientation&quot;:&quot;1&quot;}\" data-image-title=\"Das macht Spass\" data-image-description=\"\" data-medium-file=\"https:\/\/i0.wp.com\/blog.kunstgriff.net\/wp-content\/uploads\/2016\/03\/Das-macht-Spass.jpg?fit=300%2C225&#038;ssl=1\" data-large-file=\"https:\/\/i0.wp.com\/blog.kunstgriff.net\/wp-content\/uploads\/2016\/03\/Das-macht-Spass.jpg?fit=1024%2C768&#038;ssl=1\" src=\"https:\/\/i0.wp.com\/blog.kunstgriff.net\/wp-content\/uploads\/2016\/03\/Das-macht-Spass.jpg?w=200&#038;h=150&#038;ssl=1\" srcset=\"https:\/\/i0.wp.com\/blog.kunstgriff.net\/wp-content\/uploads\/2016\/03\/Das-macht-Spass.jpg?w=1500&amp;ssl=1 1500w, https:\/\/i0.wp.com\/blog.kunstgriff.net\/wp-content\/uploads\/2016\/03\/Das-macht-Spass.jpg?resize=300%2C225&amp;ssl=1 300w, https:\/\/i0.wp.com\/blog.kunstgriff.net\/wp-content\/uploads\/2016\/03\/Das-macht-Spass.jpg?resize=768%2C576&amp;ssl=1 768w, https:\/\/i0.wp.com\/blog.kunstgriff.net\/wp-content\/uploads\/2016\/03\/Das-macht-Spass.jpg?resize=1024%2C768&amp;ssl=1 1024w, https:\/\/i0.wp.com\/blog.kunstgriff.net\/wp-content\/uploads\/2016\/03\/Das-macht-Spass.jpg?resize=400%2C300&amp;ssl=1 400w\" width=\"200\" height=\"150\" loading=\"lazy\" data-original-width=\"200\" data-original-height=\"150\" itemprop=\"http:\/\/schema.org\/image\" title=\"Das macht Spass\" alt=\"Das macht Spass\" style=\"width: 200px; height: 150px;\" \/> <\/a> <div class=\"tiled-gallery-caption\" itemprop=\"caption description\"> Das macht Spass <\/div> <\/div> <\/div> <!-- close group --> <div class=\"gallery-group images-1\" style=\"width: 117px; height: 154px;\" data-original-width=\"117\" data-original-height=\"154\" > <div class=\"tiled-gallery-item tiled-gallery-item-small\" itemprop=\"associatedMedia\" itemscope itemtype=\"http:\/\/schema.org\/ImageObject\"> <a href=\"https:\/\/blog.kunstgriff.net\/?attachment_id=13190\" border=\"0\" itemprop=\"url\"> <meta itemprop=\"width\" content=\"113\"> <meta itemprop=\"height\" content=\"150\"> <img decoding=\"async\" class=\"\" data-attachment-id=\"13190\" data-orig-file=\"https:\/\/blog.kunstgriff.net\/wp-content\/uploads\/2016\/03\/Auf-rauhem-Asphalt.jpg\" data-orig-size=\"768,1024\" data-comments-opened=\"1\" data-image-meta=\"{&quot;aperture&quot;:&quot;322437.8&quot;,&quot;credit&quot;:&quot;&quot;,&quot;camera&quot;:&quot;&quot;,&quot;caption&quot;:&quot;&quot;,&quot;created_timestamp&quot;:&quot;&quot;,&quot;copyright&quot;:&quot;&quot;,&quot;focal_length&quot;:&quot;0.22675736961451&quot;,&quot;iso&quot;:&quot;160&quot;,&quot;shutter_speed&quot;:&quot;0.95970497019124&quot;,&quot;title&quot;:&quot;&quot;,&quot;orientation&quot;:&quot;1&quot;}\" data-image-title=\"Auf rauhem Asphalt\" data-image-description=\"\" data-medium-file=\"https:\/\/i0.wp.com\/blog.kunstgriff.net\/wp-content\/uploads\/2016\/03\/Auf-rauhem-Asphalt.jpg?fit=225%2C300&#038;ssl=1\" data-large-file=\"https:\/\/i0.wp.com\/blog.kunstgriff.net\/wp-content\/uploads\/2016\/03\/Auf-rauhem-Asphalt.jpg?fit=768%2C1024&#038;ssl=1\" src=\"https:\/\/i0.wp.com\/blog.kunstgriff.net\/wp-content\/uploads\/2016\/03\/Auf-rauhem-Asphalt.jpg?w=113&#038;h=150&#038;ssl=1\" srcset=\"https:\/\/i0.wp.com\/blog.kunstgriff.net\/wp-content\/uploads\/2016\/03\/Auf-rauhem-Asphalt.jpg?w=768&amp;ssl=1 768w, https:\/\/i0.wp.com\/blog.kunstgriff.net\/wp-content\/uploads\/2016\/03\/Auf-rauhem-Asphalt.jpg?resize=225%2C300&amp;ssl=1 225w\" width=\"113\" height=\"150\" loading=\"lazy\" data-original-width=\"113\" data-original-height=\"150\" itemprop=\"http:\/\/schema.org\/image\" title=\"Auf rauhem Asphalt\" alt=\"Auf rauhem Asphalt\" style=\"width: 113px; height: 150px;\" \/> <\/a> <div class=\"tiled-gallery-caption\" itemprop=\"caption description\"> Auf rauhem Asphalt <\/div> <\/div> <\/div> <!-- close group --> <div class=\"gallery-group images-1\" style=\"width: 204px; height: 154px;\" data-original-width=\"204\" data-original-height=\"154\" > <div class=\"tiled-gallery-item tiled-gallery-item-small\" itemprop=\"associatedMedia\" itemscope itemtype=\"http:\/\/schema.org\/ImageObject\"> <a href=\"https:\/\/blog.kunstgriff.net\/?attachment_id=13196\" border=\"0\" itemprop=\"url\"> <meta itemprop=\"width\" content=\"200\"> <meta itemprop=\"height\" content=\"150\"> <img decoding=\"async\" class=\"\" data-attachment-id=\"13196\" data-orig-file=\"https:\/\/blog.kunstgriff.net\/wp-content\/uploads\/2016\/03\/Fast-geschafft.jpg\" data-orig-size=\"1500,1125\" data-comments-opened=\"1\" data-image-meta=\"{&quot;aperture&quot;:&quot;315884.2&quot;,&quot;credit&quot;:&quot;&quot;,&quot;camera&quot;:&quot;&quot;,&quot;caption&quot;:&quot;&quot;,&quot;created_timestamp&quot;:&quot;&quot;,&quot;copyright&quot;:&quot;&quot;,&quot;focal_length&quot;:&quot;0.22675736961451&quot;,&quot;iso&quot;:&quot;100&quot;,&quot;shutter_speed&quot;:&quot;0.92469423839861&quot;,&quot;title&quot;:&quot;&quot;,&quot;orientation&quot;:&quot;1&quot;}\" data-image-title=\"Fast geschafft\" data-image-description=\"\" data-medium-file=\"https:\/\/i0.wp.com\/blog.kunstgriff.net\/wp-content\/uploads\/2016\/03\/Fast-geschafft.jpg?fit=300%2C225&#038;ssl=1\" data-large-file=\"https:\/\/i0.wp.com\/blog.kunstgriff.net\/wp-content\/uploads\/2016\/03\/Fast-geschafft.jpg?fit=1024%2C768&#038;ssl=1\" src=\"https:\/\/i0.wp.com\/blog.kunstgriff.net\/wp-content\/uploads\/2016\/03\/Fast-geschafft.jpg?w=200&#038;h=150&#038;ssl=1\" srcset=\"https:\/\/i0.wp.com\/blog.kunstgriff.net\/wp-content\/uploads\/2016\/03\/Fast-geschafft.jpg?w=1500&amp;ssl=1 1500w, https:\/\/i0.wp.com\/blog.kunstgriff.net\/wp-content\/uploads\/2016\/03\/Fast-geschafft.jpg?resize=300%2C225&amp;ssl=1 300w, https:\/\/i0.wp.com\/blog.kunstgriff.net\/wp-content\/uploads\/2016\/03\/Fast-geschafft.jpg?resize=768%2C576&amp;ssl=1 768w, https:\/\/i0.wp.com\/blog.kunstgriff.net\/wp-content\/uploads\/2016\/03\/Fast-geschafft.jpg?resize=1024%2C768&amp;ssl=1 1024w, https:\/\/i0.wp.com\/blog.kunstgriff.net\/wp-content\/uploads\/2016\/03\/Fast-geschafft.jpg?resize=400%2C300&amp;ssl=1 400w\" width=\"200\" height=\"150\" loading=\"lazy\" data-original-width=\"200\" data-original-height=\"150\" itemprop=\"http:\/\/schema.org\/image\" title=\"Fast geschafft\" alt=\"Fast geschafft\" style=\"width: 200px; height: 150px;\" \/> <\/a> <div class=\"tiled-gallery-caption\" itemprop=\"caption description\"> Fast geschafft <\/div> <\/div> <\/div> <!-- close group --> <\/div> <!-- close row --> <div class=\"gallery-row\" style=\"width: 525px; height: 198px;\" data-original-width=\"525\" data-original-height=\"198\" > <div class=\"gallery-group images-1\" style=\"width: 263px; height: 198px;\" data-original-width=\"263\" data-original-height=\"198\" > <div class=\"tiled-gallery-item tiled-gallery-item-large\" itemprop=\"associatedMedia\" itemscope itemtype=\"http:\/\/schema.org\/ImageObject\"> <a href=\"https:\/\/blog.kunstgriff.net\/?attachment_id=13189\" border=\"0\" itemprop=\"url\"> <meta itemprop=\"width\" content=\"259\"> <meta itemprop=\"height\" content=\"194\"> <img decoding=\"async\" class=\"\" data-attachment-id=\"13189\" data-orig-file=\"https:\/\/blog.kunstgriff.net\/wp-content\/uploads\/2016\/03\/All-Inclusive.jpg\" data-orig-size=\"1500,1125\" data-comments-opened=\"1\" data-image-meta=\"{&quot;aperture&quot;:&quot;322437.8&quot;,&quot;credit&quot;:&quot;&quot;,&quot;camera&quot;:&quot;&quot;,&quot;caption&quot;:&quot;&quot;,&quot;created_timestamp&quot;:&quot;&quot;,&quot;copyright&quot;:&quot;&quot;,&quot;focal_length&quot;:&quot;0.22675736961451&quot;,&quot;iso&quot;:&quot;100&quot;,&quot;shutter_speed&quot;:&quot;1.0193697227518&quot;,&quot;title&quot;:&quot;&quot;,&quot;orientation&quot;:&quot;1&quot;}\" data-image-title=\"All Inclusive\" data-image-description=\"\" data-medium-file=\"https:\/\/i0.wp.com\/blog.kunstgriff.net\/wp-content\/uploads\/2016\/03\/All-Inclusive.jpg?fit=300%2C225&#038;ssl=1\" data-large-file=\"https:\/\/i0.wp.com\/blog.kunstgriff.net\/wp-content\/uploads\/2016\/03\/All-Inclusive.jpg?fit=1024%2C768&#038;ssl=1\" src=\"https:\/\/i0.wp.com\/blog.kunstgriff.net\/wp-content\/uploads\/2016\/03\/All-Inclusive.jpg?w=259&#038;h=194&#038;ssl=1\" srcset=\"https:\/\/i0.wp.com\/blog.kunstgriff.net\/wp-content\/uploads\/2016\/03\/All-Inclusive.jpg?w=1500&amp;ssl=1 1500w, https:\/\/i0.wp.com\/blog.kunstgriff.net\/wp-content\/uploads\/2016\/03\/All-Inclusive.jpg?resize=300%2C225&amp;ssl=1 300w, https:\/\/i0.wp.com\/blog.kunstgriff.net\/wp-content\/uploads\/2016\/03\/All-Inclusive.jpg?resize=768%2C576&amp;ssl=1 768w, https:\/\/i0.wp.com\/blog.kunstgriff.net\/wp-content\/uploads\/2016\/03\/All-Inclusive.jpg?resize=1024%2C768&amp;ssl=1 1024w, https:\/\/i0.wp.com\/blog.kunstgriff.net\/wp-content\/uploads\/2016\/03\/All-Inclusive.jpg?resize=400%2C300&amp;ssl=1 400w\" width=\"259\" height=\"194\" loading=\"lazy\" data-original-width=\"259\" data-original-height=\"194\" itemprop=\"http:\/\/schema.org\/image\" title=\"All Inclusive\" alt=\"Allinculsive\" style=\"width: 259px; height: 194px;\" \/> <\/a> <div class=\"tiled-gallery-caption\" itemprop=\"caption description\"> Allinculsive <\/div> <\/div> <\/div> <!-- close group --> <div class=\"gallery-group images-1\" style=\"width: 262px; height: 198px;\" data-original-width=\"262\" data-original-height=\"198\" > <div class=\"tiled-gallery-item tiled-gallery-item-large\" itemprop=\"associatedMedia\" itemscope itemtype=\"http:\/\/schema.org\/ImageObject\"> <a href=\"https:\/\/blog.kunstgriff.net\/?attachment_id=13201\" border=\"0\" itemprop=\"url\"> <meta itemprop=\"width\" content=\"258\"> <meta itemprop=\"height\" content=\"194\"> <img decoding=\"async\" class=\"\" data-attachment-id=\"13201\" data-orig-file=\"https:\/\/blog.kunstgriff.net\/wp-content\/uploads\/2016\/03\/Sonnenuntergang-mit-All-In-Bier.jpg\" data-orig-size=\"1500,1125\" data-comments-opened=\"1\" data-image-meta=\"{&quot;aperture&quot;:&quot;2.2&quot;,&quot;credit&quot;:&quot;&quot;,&quot;camera&quot;:&quot;iPhone 6s&quot;,&quot;caption&quot;:&quot;&quot;,&quot;created_timestamp&quot;:&quot;1456855295&quot;,&quot;copyright&quot;:&quot;&quot;,&quot;focal_length&quot;:&quot;4.15&quot;,&quot;iso&quot;:&quot;40&quot;,&quot;shutter_speed&quot;:&quot;0.0083333333333333&quot;,&quot;title&quot;:&quot;&quot;,&quot;orientation&quot;:&quot;1&quot;}\" data-image-title=\"Sonnenuntergang mit All-In-Bier\" data-image-description=\"\" data-medium-file=\"https:\/\/i0.wp.com\/blog.kunstgriff.net\/wp-content\/uploads\/2016\/03\/Sonnenuntergang-mit-All-In-Bier.jpg?fit=300%2C225&#038;ssl=1\" data-large-file=\"https:\/\/i0.wp.com\/blog.kunstgriff.net\/wp-content\/uploads\/2016\/03\/Sonnenuntergang-mit-All-In-Bier.jpg?fit=1024%2C768&#038;ssl=1\" src=\"https:\/\/i0.wp.com\/blog.kunstgriff.net\/wp-content\/uploads\/2016\/03\/Sonnenuntergang-mit-All-In-Bier.jpg?w=258&#038;h=194&#038;ssl=1\" srcset=\"https:\/\/i0.wp.com\/blog.kunstgriff.net\/wp-content\/uploads\/2016\/03\/Sonnenuntergang-mit-All-In-Bier.jpg?w=1500&amp;ssl=1 1500w, https:\/\/i0.wp.com\/blog.kunstgriff.net\/wp-content\/uploads\/2016\/03\/Sonnenuntergang-mit-All-In-Bier.jpg?resize=300%2C225&amp;ssl=1 300w, https:\/\/i0.wp.com\/blog.kunstgriff.net\/wp-content\/uploads\/2016\/03\/Sonnenuntergang-mit-All-In-Bier.jpg?resize=768%2C576&amp;ssl=1 768w, https:\/\/i0.wp.com\/blog.kunstgriff.net\/wp-content\/uploads\/2016\/03\/Sonnenuntergang-mit-All-In-Bier.jpg?resize=1024%2C768&amp;ssl=1 1024w, https:\/\/i0.wp.com\/blog.kunstgriff.net\/wp-content\/uploads\/2016\/03\/Sonnenuntergang-mit-All-In-Bier.jpg?resize=400%2C300&amp;ssl=1 400w\" width=\"258\" height=\"194\" loading=\"lazy\" data-original-width=\"258\" data-original-height=\"194\" itemprop=\"http:\/\/schema.org\/image\" title=\"Sonnenuntergang mit All-In-Bier\" alt=\"Sonnenuntergang mit All-In-Bier\" style=\"width: 258px; height: 194px;\" \/> <\/a> <div class=\"tiled-gallery-caption\" itemprop=\"caption description\"> Sonnenuntergang mit All-In-Bier <\/div> <\/div> <\/div> <!-- close group --> <\/div> <!-- close row --> <\/div>\n","protected":false},"excerpt":{"rendered":"<p>oder \u00bbTraumhafte K\u00fcstenstrasse\u00ab Wow! Was f\u00fcr ein grandioser Tag! Ich sitze in unserem All-Inclusive Hotel-Zimmer mit Blick in den karibischen Sonnenuntergang und lasse die heutigen 125 Kilometer auf dem Rad Revue passieren. Der Tag startete eigentlich recht unaufgeregt mit einem eher schlechten Fr\u00fchst\u00fcck. Gro\u00dfe Erwartungen hatte ich nach dem gestrigen Abendessen eh nicht und so &hellip; <\/p>\n<p class=\"link-more\"><a href=\"https:\/\/blog.kunstgriff.net\/?p=13214\" class=\"more-link\"><span class=\"screen-reader-text\">\u201eKuba 2016 \u2013 Tag 11: Pilon &#8211; Chivirico\u201c <\/span>weiterlesen<\/a><\/p>\n","protected":false},"author":2,"featured_media":13192,"comment_status":"open","ping_status":"open","sticky":false,"template":"","format":"standard","meta":{"jetpack_post_was_ever_published":false,"_jetpack_newsletter_access":"","_jetpack_dont_email_post_to_subs":false,"_jetpack_newsletter_tier_id":0,"_jetpack_memberships_contains_paywalled_content":false,"_jetpack_memberships_contains_paid_content":false,"footnotes":""},"categories":[25,13],"tags":[39],"class_list":["post-13214","post","type-post","status-publish","format-standard","has-post-thumbnail","hentry","category-besonderes-ereignis","category-radreise","tag-kuba"],"jetpack_featured_media_url":"https:\/\/i0.wp.com\/blog.kunstgriff.net\/wp-content\/uploads\/2016\/03\/Das-macht-Spass.jpg?fit=1500%2C1125&ssl=1","jetpack_shortlink":"https:\/\/wp.me\/p8Cxe7-3r8","jetpack-related-posts":[{"id":13148,"url":"https:\/\/blog.kunstgriff.net\/?p=13148","url_meta":{"origin":13214,"position":0},"title":"Kuba 2016 \u2013 Tag 7: Playa Larga &#8211; Cienfuegos","author":"Georg","date":"Februar 26, 2016","format":false,"excerpt":"oder \u00bbEntlang des karibischen Meers\u00abP\u00fcnktlich um 8:45 Uhr verlie\u00dfen wir nach einem guten Fr\u00fchst\u00fcck, leider im Schatten, die malerische Bucht nach Osten. Das erste Zwischenziel war der etwa 30 km entfernte Playa Giron. Ein herrlicher Sandstrand sollte uns dort nach einer Stunde fahrt auf der K\u00fcstenstra\u00dfe erwarten. Stattdessen sch\u00fctzte ein\u2026","rel":"","context":"In &quot;Besonderes Ereignis&quot;","block_context":{"text":"Besonderes Ereignis","link":"https:\/\/blog.kunstgriff.net\/?cat=25"},"img":{"alt_text":"","src":"https:\/\/i0.wp.com\/blog.kunstgriff.net\/wp-content\/uploads\/2016\/03\/Ranfahren.jpg?fit=1200%2C900&ssl=1&resize=350%2C200","width":350,"height":200,"srcset":"https:\/\/i0.wp.com\/blog.kunstgriff.net\/wp-content\/uploads\/2016\/03\/Ranfahren.jpg?fit=1200%2C900&ssl=1&resize=350%2C200 1x, https:\/\/i0.wp.com\/blog.kunstgriff.net\/wp-content\/uploads\/2016\/03\/Ranfahren.jpg?fit=1200%2C900&ssl=1&resize=525%2C300 1.5x, https:\/\/i0.wp.com\/blog.kunstgriff.net\/wp-content\/uploads\/2016\/03\/Ranfahren.jpg?fit=1200%2C900&ssl=1&resize=700%2C400 2x, https:\/\/i0.wp.com\/blog.kunstgriff.net\/wp-content\/uploads\/2016\/03\/Ranfahren.jpg?fit=1200%2C900&ssl=1&resize=1050%2C600 3x"},"classes":[]},{"id":13141,"url":"https:\/\/blog.kunstgriff.net\/?p=13141","url_meta":{"origin":13214,"position":1},"title":"Kuba 2016 \u2013 Tag 6: Varadero- Playa Larga","author":"Georg","date":"Februar 25, 2016","format":false,"excerpt":"oder \u00bbVom Mistwetter zur Schweinebucht\u00abIch schlief schlecht, was sicher an einer Mischung aus zu viel Rum, keinem Trinkwasser auf dem Zimmer, Vollmond und heftigen Winden mit Regen lag. Meine Laune war so d\u00fcster wie der Morgenhimmel. Ich hatte keine Lust zum Radfahren. Die Camerados versuchten mich zwar zu motivieren, vergeblich:\u2026","rel":"","context":"In &quot;Besonderes Ereignis&quot;","block_context":{"text":"Besonderes Ereignis","link":"https:\/\/blog.kunstgriff.net\/?cat=25"},"img":{"alt_text":"","src":"https:\/\/i0.wp.com\/blog.kunstgriff.net\/wp-content\/uploads\/2016\/03\/Windschatten-f%C3%BCr-mich.jpg?fit=1200%2C900&ssl=1&resize=350%2C200","width":350,"height":200,"srcset":"https:\/\/i0.wp.com\/blog.kunstgriff.net\/wp-content\/uploads\/2016\/03\/Windschatten-f%C3%BCr-mich.jpg?fit=1200%2C900&ssl=1&resize=350%2C200 1x, https:\/\/i0.wp.com\/blog.kunstgriff.net\/wp-content\/uploads\/2016\/03\/Windschatten-f%C3%BCr-mich.jpg?fit=1200%2C900&ssl=1&resize=525%2C300 1.5x, https:\/\/i0.wp.com\/blog.kunstgriff.net\/wp-content\/uploads\/2016\/03\/Windschatten-f%C3%BCr-mich.jpg?fit=1200%2C900&ssl=1&resize=700%2C400 2x, https:\/\/i0.wp.com\/blog.kunstgriff.net\/wp-content\/uploads\/2016\/03\/Windschatten-f%C3%BCr-mich.jpg?fit=1200%2C900&ssl=1&resize=1050%2C600 3x"},"classes":[]},{"id":13166,"url":"https:\/\/blog.kunstgriff.net\/?p=13166","url_meta":{"origin":13214,"position":2},"title":"Kuba 2016 \u2013 Tag 8: Cienfuegos &#8211; Trinidad","author":"Georg","date":"Februar 27, 2016","format":false,"excerpt":"oder \u00bbWellig zum Weltkulturerbe\u00abDer heutige Radtag ist eigentlich schnell erz\u00e4hlt: nach dem leckeren, aber mittlerweile doch recht eint\u00f6nigen, Fr\u00fchst\u00fcck ging es mit Samsonite und Rad vom \u00bbHostel Anita\u00ab zwei Blocks nach Osten um den Koffer am wartenden Bus abzugeben und im Anschluss den Track zu laden um die Gruppe aus\u2026","rel":"","context":"In &quot;Besonderes Ereignis&quot;","block_context":{"text":"Besonderes Ereignis","link":"https:\/\/blog.kunstgriff.net\/?cat=25"},"img":{"alt_text":"","src":"https:\/\/i0.wp.com\/blog.kunstgriff.net\/wp-content\/uploads\/2016\/03\/Sonnenuntergang-in-Trinindad-von-unserer-Terasse-in-Trinidad.jpg?fit=1200%2C900&ssl=1&resize=350%2C200","width":350,"height":200,"srcset":"https:\/\/i0.wp.com\/blog.kunstgriff.net\/wp-content\/uploads\/2016\/03\/Sonnenuntergang-in-Trinindad-von-unserer-Terasse-in-Trinidad.jpg?fit=1200%2C900&ssl=1&resize=350%2C200 1x, https:\/\/i0.wp.com\/blog.kunstgriff.net\/wp-content\/uploads\/2016\/03\/Sonnenuntergang-in-Trinindad-von-unserer-Terasse-in-Trinidad.jpg?fit=1200%2C900&ssl=1&resize=525%2C300 1.5x, https:\/\/i0.wp.com\/blog.kunstgriff.net\/wp-content\/uploads\/2016\/03\/Sonnenuntergang-in-Trinindad-von-unserer-Terasse-in-Trinidad.jpg?fit=1200%2C900&ssl=1&resize=700%2C400 2x, https:\/\/i0.wp.com\/blog.kunstgriff.net\/wp-content\/uploads\/2016\/03\/Sonnenuntergang-in-Trinindad-von-unserer-Terasse-in-Trinidad.jpg?fit=1200%2C900&ssl=1&resize=1050%2C600 3x"},"classes":[]},{"id":13205,"url":"https:\/\/blog.kunstgriff.net\/?p=13205","url_meta":{"origin":13214,"position":3},"title":"Kuba 2016 \u2013 Tag 10: Manzanillo &#8211; Pilon","author":"Georg","date":"Februar 29, 2016","format":false,"excerpt":"oder \u00bbHeute mal echt h\u00fcgelig\u00abAls Fr\u00fchst\u00fcck gab es wieder den Kuba-Klassiker: Obst-Teller mit Ananas, Mango und Guave, dann noch ein Fruchtsaft, heute mal zur Abwechslung Tamarindensaft und als kr\u00f6nenden Abschluss ein Omlette mit Zwiebeln. Eine Tasse heissen Kaffee dazu, dann schnell Sachen packen und im Bus verstauen. Dann ging es\u2026","rel":"","context":"In &quot;Besonderes Ereignis&quot;","block_context":{"text":"Besonderes Ereignis","link":"https:\/\/blog.kunstgriff.net\/?cat=25"},"img":{"alt_text":"","src":"https:\/\/i0.wp.com\/blog.kunstgriff.net\/wp-content\/uploads\/2016\/03\/%C3%9Cber-die-Insel.jpg?fit=1200%2C900&ssl=1&resize=350%2C200","width":350,"height":200,"srcset":"https:\/\/i0.wp.com\/blog.kunstgriff.net\/wp-content\/uploads\/2016\/03\/%C3%9Cber-die-Insel.jpg?fit=1200%2C900&ssl=1&resize=350%2C200 1x, https:\/\/i0.wp.com\/blog.kunstgriff.net\/wp-content\/uploads\/2016\/03\/%C3%9Cber-die-Insel.jpg?fit=1200%2C900&ssl=1&resize=525%2C300 1.5x, https:\/\/i0.wp.com\/blog.kunstgriff.net\/wp-content\/uploads\/2016\/03\/%C3%9Cber-die-Insel.jpg?fit=1200%2C900&ssl=1&resize=700%2C400 2x, https:\/\/i0.wp.com\/blog.kunstgriff.net\/wp-content\/uploads\/2016\/03\/%C3%9Cber-die-Insel.jpg?fit=1200%2C900&ssl=1&resize=1050%2C600 3x"},"classes":[]},{"id":1753,"url":"https:\/\/blog.kunstgriff.net\/?p=1753","url_meta":{"origin":13214,"position":4},"title":"S\u00e4chsische Schweiz &#8211; Tag 2 (Samstag)","author":"Georg","date":"Juni 26, 2010","format":false,"excerpt":"148,3 km | 2.292 H\u00f6henmeter Der Tag begann ausgeruht, mit stark bew\u00f6lktem Himmel und einem sehr leckeren Fr\u00fchst\u00fcck um acht Uhr. Anschlie\u00dfend sollte es auf die rund 2.000 H\u00f6henmeter umfassende Tour gehen. Wir waren alle guter Dinge, denn die ersten Kilometer waren flach und die Steigungen begannen sehr moderat. Auch\u2026","rel":"","context":"In &quot;Allgemein&quot;","block_context":{"text":"Allgemein","link":"https:\/\/blog.kunstgriff.net\/?cat=1"},"img":{"alt_text":"","src":"https:\/\/i0.wp.com\/blog.kunstgriff.net\/wp-content\/uploads\/2010\/06\/DSCF1391.jpg?fit=750%2C1000&ssl=1&resize=350%2C200","width":350,"height":200,"srcset":"https:\/\/i0.wp.com\/blog.kunstgriff.net\/wp-content\/uploads\/2010\/06\/DSCF1391.jpg?fit=750%2C1000&ssl=1&resize=350%2C200 1x, https:\/\/i0.wp.com\/blog.kunstgriff.net\/wp-content\/uploads\/2010\/06\/DSCF1391.jpg?fit=750%2C1000&ssl=1&resize=525%2C300 1.5x, https:\/\/i0.wp.com\/blog.kunstgriff.net\/wp-content\/uploads\/2010\/06\/DSCF1391.jpg?fit=750%2C1000&ssl=1&resize=700%2C400 2x"},"classes":[]},{"id":22851,"url":"https:\/\/blog.kunstgriff.net\/?p=22851","url_meta":{"origin":13214,"position":5},"title":"WfF Slowenien Tour 2022 &#8211; Tag 1: Ljubljana nach Koper","author":"Georg","date":"Mai 8, 2022","format":false,"excerpt":"Einmal an die Mittelmeerk\u00fcste Der Blick aus dem Dach-Fenster unseres Gluten-Free-Hotel Mini-Hotelzimmer versprach erstmal nicht die besten Wetteraussichten: dicke Regentropfen bedeckten die Glasscheibe. Kurzer Check des Regenradars versprach uns allerdings eine sehr geringe Regenwahrscheinlichkeit! Bingo! Die w\u00e4rmende Kleidung konnte also getrost in der Reisetasche verstaut werden und ich ging all-in\u2026","rel":"","context":"In &quot;Radfahren&quot;","block_context":{"text":"Radfahren","link":"https:\/\/blog.kunstgriff.net\/?cat=14"},"img":{"alt_text":"Gruppenfoto vor der Abfahrt","src":"https:\/\/i0.wp.com\/blog.kunstgriff.net\/wp-content\/uploads\/2022\/05\/Gruppenfoto-vor-der-Abfahrt.jpg?fit=1200%2C800&ssl=1&resize=350%2C200","width":350,"height":200,"srcset":"https:\/\/i0.wp.com\/blog.kunstgriff.net\/wp-content\/uploads\/2022\/05\/Gruppenfoto-vor-der-Abfahrt.jpg?fit=1200%2C800&ssl=1&resize=350%2C200 1x, https:\/\/i0.wp.com\/blog.kunstgriff.net\/wp-content\/uploads\/2022\/05\/Gruppenfoto-vor-der-Abfahrt.jpg?fit=1200%2C800&ssl=1&resize=525%2C300 1.5x, https:\/\/i0.wp.com\/blog.kunstgriff.net\/wp-content\/uploads\/2022\/05\/Gruppenfoto-vor-der-Abfahrt.jpg?fit=1200%2C800&ssl=1&resize=700%2C400 2x, https:\/\/i0.wp.com\/blog.kunstgriff.net\/wp-content\/uploads\/2022\/05\/Gruppenfoto-vor-der-Abfahrt.jpg?fit=1200%2C800&ssl=1&resize=1050%2C600 3x"},"classes":[]}],"jetpack_likes_enabled":true,"jetpack_sharing_enabled":true,"_links":{"self":[{"href":"https:\/\/blog.kunstgriff.net\/index.php?rest_route=\/wp\/v2\/posts\/13214","targetHints":{"allow":["GET"]}}],"collection":[{"href":"https:\/\/blog.kunstgriff.net\/index.php?rest_route=\/wp\/v2\/posts"}],"about":[{"href":"https:\/\/blog.kunstgriff.net\/index.php?rest_route=\/wp\/v2\/types\/post"}],"author":[{"embeddable":true,"href":"https:\/\/blog.kunstgriff.net\/index.php?rest_route=\/wp\/v2\/users\/2"}],"replies":[{"embeddable":true,"href":"https:\/\/blog.kunstgriff.net\/index.php?rest_route=%2Fwp%2Fv2%2Fcomments&post=13214"}],"version-history":[{"count":0,"href":"https:\/\/blog.kunstgriff.net\/index.php?rest_route=\/wp\/v2\/posts\/13214\/revisions"}],"wp:featuredmedia":[{"embeddable":true,"href":"https:\/\/blog.kunstgriff.net\/index.php?rest_route=\/wp\/v2\/media\/13192"}],"wp:attachment":[{"href":"https:\/\/blog.kunstgriff.net\/index.php?rest_route=%2Fwp%2Fv2%2Fmedia&parent=13214"}],"wp:term":[{"taxonomy":"category","embeddable":true,"href":"https:\/\/blog.kunstgriff.net\/index.php?rest_route=%2Fwp%2Fv2%2Fcategories&post=13214"},{"taxonomy":"post_tag","embeddable":true,"href":"https:\/\/blog.kunstgriff.net\/index.php?rest_route=%2Fwp%2Fv2%2Ftags&post=13214"}],"curies":[{"name":"wp","href":"https:\/\/api.w.org\/{rel}","templated":true}]}}