{"id":13293,"date":"2016-04-02T19:41:07","date_gmt":"2016-04-02T17:41:07","guid":{"rendered":"http:\/\/blog.kunstgriff.net\/?p=13293"},"modified":"2016-07-31T16:56:29","modified_gmt":"2016-07-31T14:56:29","slug":"viertel-vor-zehn-gruppen-hennickendorf-runde","status":"publish","type":"post","link":"https:\/\/blog.kunstgriff.net\/?p=13293","title":{"rendered":"Viertel-Vor-Zehn-Gruppen-Hennickendorf-Runde"},"content":{"rendered":"<span class=\"span-reading-time rt-reading-time\" style=\"display: block;\"><span class=\"rt-label rt-prefix\">Lesezeit: <\/span> <span class=\"rt-time\"> &lt; 1<\/span> <span class=\"rt-label rt-postfix\">Minute<\/span><\/span><h4>oder \u00bbGanz sch\u00f6n hart im Windschatten\u00ab<\/h4>\n<hr \/>\n<p>Im Angebot waren heute einige Ausfahrten. Diese waren mir aber zu lang. Jeweils \u00fcber 150 km war nix f\u00fcr einen schlecht trainierten Senior und ich wollte auch noch was jenseits vom Radsport mit dem Samstag anfangen.<\/p>\n<p>Also wie schon so oft in solchen Situationen: Einfach mal um 10 am Auerbachtunnel vorbei schauen und sehen was so geht. Als ich Mann &amp; Material dort sah, beschloss ich kurz mitzufahren und dann mein eigenes Ding zumachen Zu austrainiert waren die Protagonisten. Nach taktischem Fahren im hinteren Teil des Feldes entwickelte sich doch so etwas wie <em>Spass am Hochpulsen<\/em> und ich fuhr auch am Zauchwitzer-Kreisverkehr noch weiter mit der Bande gen S\u00fcden. In Hennickendorf war dann Ende mit dem Drang nach S\u00fcden und es ging wieder, ohne Pause zur\u00fcck in die Hauptstadt.<\/p>\n<p>Nun war der Wind auf unserer Seite, oder besser gesagt in unserem R\u00fccken und die Trainierten zogen ordentlich an der Kette. Ich war dann schon froh, als wir wieder die Krone erreichten und nur noch zur\u00fcck zum Tunnel gefahren wurde. Der Willy wurde auch heute wieder ausgelassen. Mal sehen ob ich den in 2016 noch mal mitnehme.<\/p>\n<p>Sch\u00f6ne, f\u00fcr mich doch recht anstrengende, Ausfahrt. Starkes Feld, toller Radsport. Danke f\u00fcrs Mitnehmen!<\/p>\n<p><iframe height='405' width='590' frameborder='0' allowtransparency='true' scrolling='no' src='https:\/\/www.strava.com\/activities\/533704314\/embed\/37a97d6963b384b530298c1dccc24e4defe3d4a3'><\/iframe><\/p>\n<div class=\"tiled-gallery type-rectangular tiled-gallery-unresized\" data-original-width=\"525\" data-carousel-extra='{&quot;blog_id&quot;:1,&quot;permalink&quot;:&quot;https:\\\/\\\/blog.kunstgriff.net\\\/?p=13293&quot;,&quot;likes_blog_id&quot;:127394879}' itemscope itemtype=\"http:\/\/schema.org\/ImageGallery\" > <div class=\"gallery-row\" style=\"width: 525px; height: 264px;\" data-original-width=\"525\" data-original-height=\"264\" > <div class=\"gallery-group images-1\" style=\"width: 350px; height: 264px;\" data-original-width=\"350\" data-original-height=\"264\" > <div class=\"tiled-gallery-item tiled-gallery-item-large\" itemprop=\"associatedMedia\" itemscope itemtype=\"http:\/\/schema.org\/ImageObject\"> <a href=\"https:\/\/blog.kunstgriff.net\/?attachment_id=13297\" border=\"0\" itemprop=\"url\"> <meta itemprop=\"width\" content=\"346\"> <meta itemprop=\"height\" content=\"260\"> <img decoding=\"async\" class=\"\" data-attachment-id=\"13297\" data-orig-file=\"https:\/\/blog.kunstgriff.net\/wp-content\/uploads\/2016\/04\/Durch-das-sch\u00f6ne-Brandenburg.jpg\" data-orig-size=\"1500,1125\" data-comments-opened=\"1\" data-image-meta=\"{&quot;aperture&quot;:&quot;2.8&quot;,&quot;credit&quot;:&quot;&quot;,&quot;camera&quot;:&quot;Canon DIGITAL IXUS 870 IS&quot;,&quot;caption&quot;:&quot;&quot;,&quot;created_timestamp&quot;:&quot;1459595911&quot;,&quot;copyright&quot;:&quot;&quot;,&quot;focal_length&quot;:&quot;5&quot;,&quot;iso&quot;:&quot;80&quot;,&quot;shutter_speed&quot;:&quot;0.0125&quot;,&quot;title&quot;:&quot;&quot;,&quot;orientation&quot;:&quot;1&quot;}\" data-image-title=\"Durch das sch\u00f6ne Brandenburg\" data-image-description=\"\" data-medium-file=\"https:\/\/i0.wp.com\/blog.kunstgriff.net\/wp-content\/uploads\/2016\/04\/Durch-das-sch%C3%B6ne-Brandenburg.jpg?fit=300%2C225&#038;ssl=1\" data-large-file=\"https:\/\/i0.wp.com\/blog.kunstgriff.net\/wp-content\/uploads\/2016\/04\/Durch-das-sch%C3%B6ne-Brandenburg.jpg?fit=1024%2C768&#038;ssl=1\" src=\"https:\/\/i0.wp.com\/blog.kunstgriff.net\/wp-content\/uploads\/2016\/04\/Durch-das-sch%C3%B6ne-Brandenburg.jpg?w=346&#038;h=260&#038;ssl=1\" width=\"346\" height=\"260\" loading=\"lazy\" data-original-width=\"346\" data-original-height=\"260\" itemprop=\"http:\/\/schema.org\/image\" title=\"Durch das sch\u00f6ne Brandenburg\" alt=\"Durch das sch\u00f6ne Brandenburg\" style=\"width: 346px; height: 260px;\" \/> <\/a> <div class=\"tiled-gallery-caption\" itemprop=\"caption description\"> Durch das sch\u00f6ne Brandenburg <\/div> <\/div> <\/div> <!-- close group --> <div class=\"gallery-group images-2\" style=\"width: 175px; height: 264px;\" data-original-width=\"175\" data-original-height=\"264\" > <div class=\"tiled-gallery-item tiled-gallery-item-small\" itemprop=\"associatedMedia\" itemscope itemtype=\"http:\/\/schema.org\/ImageObject\"> <a href=\"https:\/\/blog.kunstgriff.net\/?attachment_id=13298\" border=\"0\" itemprop=\"url\"> <meta itemprop=\"width\" content=\"171\"> <meta itemprop=\"height\" content=\"128\"> <img decoding=\"async\" class=\"\" data-attachment-id=\"13298\" data-orig-file=\"https:\/\/blog.kunstgriff.net\/wp-content\/uploads\/2016\/04\/Kurz-vorm-Zauchwitzer-Kreisel.jpg\" data-orig-size=\"1500,1125\" data-comments-opened=\"1\" data-image-meta=\"{&quot;aperture&quot;:&quot;5.6&quot;,&quot;credit&quot;:&quot;&quot;,&quot;camera&quot;:&quot;Canon DIGITAL IXUS 870 IS&quot;,&quot;caption&quot;:&quot;&quot;,&quot;created_timestamp&quot;:&quot;1459595314&quot;,&quot;copyright&quot;:&quot;&quot;,&quot;focal_length&quot;:&quot;5&quot;,&quot;iso&quot;:&quot;80&quot;,&quot;shutter_speed&quot;:&quot;0.003125&quot;,&quot;title&quot;:&quot;&quot;,&quot;orientation&quot;:&quot;1&quot;}\" data-image-title=\"Kurz vorm Zauchwitzer Kreisel\" data-image-description=\"\" data-medium-file=\"https:\/\/i0.wp.com\/blog.kunstgriff.net\/wp-content\/uploads\/2016\/04\/Kurz-vorm-Zauchwitzer-Kreisel.jpg?fit=300%2C225&#038;ssl=1\" data-large-file=\"https:\/\/i0.wp.com\/blog.kunstgriff.net\/wp-content\/uploads\/2016\/04\/Kurz-vorm-Zauchwitzer-Kreisel.jpg?fit=1024%2C768&#038;ssl=1\" src=\"https:\/\/i0.wp.com\/blog.kunstgriff.net\/wp-content\/uploads\/2016\/04\/Kurz-vorm-Zauchwitzer-Kreisel.jpg?w=171&#038;h=128&#038;ssl=1\" srcset=\"https:\/\/i0.wp.com\/blog.kunstgriff.net\/wp-content\/uploads\/2016\/04\/Kurz-vorm-Zauchwitzer-Kreisel.jpg?w=1500&amp;ssl=1 1500w, https:\/\/i0.wp.com\/blog.kunstgriff.net\/wp-content\/uploads\/2016\/04\/Kurz-vorm-Zauchwitzer-Kreisel.jpg?resize=300%2C225&amp;ssl=1 300w, https:\/\/i0.wp.com\/blog.kunstgriff.net\/wp-content\/uploads\/2016\/04\/Kurz-vorm-Zauchwitzer-Kreisel.jpg?resize=768%2C576&amp;ssl=1 768w, https:\/\/i0.wp.com\/blog.kunstgriff.net\/wp-content\/uploads\/2016\/04\/Kurz-vorm-Zauchwitzer-Kreisel.jpg?resize=1024%2C768&amp;ssl=1 1024w, https:\/\/i0.wp.com\/blog.kunstgriff.net\/wp-content\/uploads\/2016\/04\/Kurz-vorm-Zauchwitzer-Kreisel.jpg?resize=400%2C300&amp;ssl=1 400w\" width=\"171\" height=\"128\" loading=\"lazy\" data-original-width=\"171\" data-original-height=\"128\" itemprop=\"http:\/\/schema.org\/image\" title=\"Kurz vorm Zauchwitzer Kreisel\" alt=\"Kurz vorm Zauchwitzer Kreisel\" style=\"width: 171px; height: 128px;\" \/> <\/a> <div class=\"tiled-gallery-caption\" itemprop=\"caption description\"> Kurz vorm Zauchwitzer Kreisel <\/div> <\/div> <div class=\"tiled-gallery-item tiled-gallery-item-small\" itemprop=\"associatedMedia\" itemscope itemtype=\"http:\/\/schema.org\/ImageObject\"> <a href=\"https:\/\/blog.kunstgriff.net\/?attachment_id=13296\" border=\"0\" itemprop=\"url\"> <meta itemprop=\"width\" content=\"171\"> <meta itemprop=\"height\" content=\"128\"> <img decoding=\"async\" class=\"\" data-attachment-id=\"13296\" data-orig-file=\"https:\/\/blog.kunstgriff.net\/wp-content\/uploads\/2016\/04\/Ampel-Zwangspause-vor-Trebbin.jpg\" data-orig-size=\"1500,1125\" data-comments-opened=\"1\" data-image-meta=\"{&quot;aperture&quot;:&quot;5.6&quot;,&quot;credit&quot;:&quot;&quot;,&quot;camera&quot;:&quot;Canon DIGITAL IXUS 870 IS&quot;,&quot;caption&quot;:&quot;&quot;,&quot;created_timestamp&quot;:&quot;1459597525&quot;,&quot;copyright&quot;:&quot;&quot;,&quot;focal_length&quot;:&quot;5&quot;,&quot;iso&quot;:&quot;80&quot;,&quot;shutter_speed&quot;:&quot;0.005&quot;,&quot;title&quot;:&quot;&quot;,&quot;orientation&quot;:&quot;1&quot;}\" data-image-title=\"Ampel-Zwangspause vor Trebbin\" data-image-description=\"\" data-medium-file=\"https:\/\/i0.wp.com\/blog.kunstgriff.net\/wp-content\/uploads\/2016\/04\/Ampel-Zwangspause-vor-Trebbin.jpg?fit=300%2C225&#038;ssl=1\" data-large-file=\"https:\/\/i0.wp.com\/blog.kunstgriff.net\/wp-content\/uploads\/2016\/04\/Ampel-Zwangspause-vor-Trebbin.jpg?fit=1024%2C768&#038;ssl=1\" src=\"https:\/\/i0.wp.com\/blog.kunstgriff.net\/wp-content\/uploads\/2016\/04\/Ampel-Zwangspause-vor-Trebbin.jpg?w=171&#038;h=128&#038;ssl=1\" srcset=\"https:\/\/i0.wp.com\/blog.kunstgriff.net\/wp-content\/uploads\/2016\/04\/Ampel-Zwangspause-vor-Trebbin.jpg?w=1500&amp;ssl=1 1500w, https:\/\/i0.wp.com\/blog.kunstgriff.net\/wp-content\/uploads\/2016\/04\/Ampel-Zwangspause-vor-Trebbin.jpg?resize=300%2C225&amp;ssl=1 300w, https:\/\/i0.wp.com\/blog.kunstgriff.net\/wp-content\/uploads\/2016\/04\/Ampel-Zwangspause-vor-Trebbin.jpg?resize=768%2C576&amp;ssl=1 768w, https:\/\/i0.wp.com\/blog.kunstgriff.net\/wp-content\/uploads\/2016\/04\/Ampel-Zwangspause-vor-Trebbin.jpg?resize=1024%2C768&amp;ssl=1 1024w, https:\/\/i0.wp.com\/blog.kunstgriff.net\/wp-content\/uploads\/2016\/04\/Ampel-Zwangspause-vor-Trebbin.jpg?resize=400%2C300&amp;ssl=1 400w\" width=\"171\" height=\"128\" loading=\"lazy\" data-original-width=\"171\" data-original-height=\"128\" itemprop=\"http:\/\/schema.org\/image\" title=\"Ampel-Zwangspause vor Trebbin\" alt=\"Ampel-Zwangspause vor Trebbin\" style=\"width: 171px; height: 128px;\" \/> <\/a> <div class=\"tiled-gallery-caption\" itemprop=\"caption description\"> Ampel-Zwangspause vor Trebbin <\/div> <\/div> <\/div> <!-- close group --> <\/div> <!-- close row --> <\/div>\n","protected":false},"excerpt":{"rendered":"<p>oder \u00bbGanz sch\u00f6n hart im Windschatten\u00ab Im Angebot waren heute einige Ausfahrten. Diese waren mir aber zu lang. Jeweils \u00fcber 150 km war nix f\u00fcr einen schlecht trainierten Senior und ich wollte auch noch was jenseits vom Radsport mit dem Samstag anfangen. Also wie schon so oft in solchen Situationen: Einfach mal um 10 am &hellip; <\/p>\n<p class=\"link-more\"><a href=\"https:\/\/blog.kunstgriff.net\/?p=13293\" class=\"more-link\"><span class=\"screen-reader-text\">\u201eViertel-Vor-Zehn-Gruppen-Hennickendorf-Runde\u201c <\/span>weiterlesen<\/a><\/p>\n","protected":false},"author":2,"featured_media":13298,"comment_status":"open","ping_status":"open","sticky":false,"template":"","format":"standard","meta":{"jetpack_post_was_ever_published":false,"_jetpack_newsletter_access":"","_jetpack_dont_email_post_to_subs":false,"_jetpack_newsletter_tier_id":0,"_jetpack_memberships_contains_paywalled_content":false,"_jetpack_memberships_contains_paid_content":false,"footnotes":""},"categories":[14,7],"tags":[],"class_list":["post-13293","post","type-post","status-publish","format-standard","has-post-thumbnail","hentry","category-radfahren","category-rennradfahren"],"jetpack_featured_media_url":"https:\/\/i0.wp.com\/blog.kunstgriff.net\/wp-content\/uploads\/2016\/04\/Kurz-vorm-Zauchwitzer-Kreisel.jpg?fit=1500%2C1125&ssl=1","jetpack_shortlink":"https:\/\/wp.me\/p8Cxe7-3sp","jetpack-related-posts":[{"id":21219,"url":"https:\/\/blog.kunstgriff.net\/?p=21219","url_meta":{"origin":13293,"position":0},"title":"Tiri-Pfingst-Sonntags-Ausfahrt","author":"Georg","date":"Mai 31, 2020","format":false,"excerpt":"Fahren bis Einer heult Ach was freute ich mich auf eine echte Gruppenausfahrt! Endlich wieder mit ein paar mehr Leuten unterwegs sein. Oleg bot einen lockeren 100er an, der genau in mein Programm passte. Herrlich! Also um kurz nach Neun auf den Renner und durch die Stadt nach S\u00fcden. Ganz\u2026","rel":"","context":"In &quot;Radfahren&quot;","block_context":{"text":"Radfahren","link":"https:\/\/blog.kunstgriff.net\/?cat=14"},"img":{"alt_text":"Kurz vor Tyrow","src":"https:\/\/i0.wp.com\/blog.kunstgriff.net\/wp-content\/uploads\/2020\/05\/Kurz-vor-Tyrow.jpg?fit=1200%2C800&ssl=1&resize=350%2C200","width":350,"height":200,"srcset":"https:\/\/i0.wp.com\/blog.kunstgriff.net\/wp-content\/uploads\/2020\/05\/Kurz-vor-Tyrow.jpg?fit=1200%2C800&ssl=1&resize=350%2C200 1x, https:\/\/i0.wp.com\/blog.kunstgriff.net\/wp-content\/uploads\/2020\/05\/Kurz-vor-Tyrow.jpg?fit=1200%2C800&ssl=1&resize=525%2C300 1.5x, https:\/\/i0.wp.com\/blog.kunstgriff.net\/wp-content\/uploads\/2020\/05\/Kurz-vor-Tyrow.jpg?fit=1200%2C800&ssl=1&resize=700%2C400 2x, https:\/\/i0.wp.com\/blog.kunstgriff.net\/wp-content\/uploads\/2020\/05\/Kurz-vor-Tyrow.jpg?fit=1200%2C800&ssl=1&resize=1050%2C600 3x"},"classes":[]},{"id":14201,"url":"https:\/\/blog.kunstgriff.net\/?p=14201","url_meta":{"origin":13293,"position":1},"title":"Tiri-Burg Rabenstein","author":"Georg","date":"August 27, 2016","format":false,"excerpt":"oder \u00bbmal wieder ein 200er\u00ab Nach der gestrigen Kollegen-Verabschiedung mit ein paar fl\u00fcssigen \u00bbRadlern\u00ab zu viel, war die Entscheidung heute mit der Bande aus dem S\u00fcden einen 200er zu fahren schon ein wenig gewagt. Am Treffpunkt waren dann auch nur erstmal vier Mitstreiter, sp\u00e4ter kamen gl\u00fccklicherweise noch Zwei hinzu, die\u2026","rel":"","context":"In &quot;200er&quot;","block_context":{"text":"200er","link":"https:\/\/blog.kunstgriff.net\/?cat=48"},"img":{"alt_text":"","src":"https:\/\/i0.wp.com\/blog.kunstgriff.net\/wp-content\/uploads\/2016\/08\/P8270002.jpg?fit=1200%2C800&ssl=1&resize=350%2C200","width":350,"height":200,"srcset":"https:\/\/i0.wp.com\/blog.kunstgriff.net\/wp-content\/uploads\/2016\/08\/P8270002.jpg?fit=1200%2C800&ssl=1&resize=350%2C200 1x, https:\/\/i0.wp.com\/blog.kunstgriff.net\/wp-content\/uploads\/2016\/08\/P8270002.jpg?fit=1200%2C800&ssl=1&resize=525%2C300 1.5x, https:\/\/i0.wp.com\/blog.kunstgriff.net\/wp-content\/uploads\/2016\/08\/P8270002.jpg?fit=1200%2C800&ssl=1&resize=700%2C400 2x, https:\/\/i0.wp.com\/blog.kunstgriff.net\/wp-content\/uploads\/2016\/08\/P8270002.jpg?fit=1200%2C800&ssl=1&resize=1050%2C600 3x"},"classes":[]},{"id":9264,"url":"https:\/\/blog.kunstgriff.net\/?p=9264","url_meta":{"origin":13293,"position":2},"title":"Ruhlsdorf-Runde","author":"Georg","date":"Oktober 3, 2012","format":false,"excerpt":"oder \u00bbAb in den S\u00fcden am Tag der Deutschen Einheit\u00abNachdem ich gestern schon mit Oleg im S\u00fcden unterwegs war, wollte ich es heute erneut wagen. Auf dem Zettel stand eine ruhige Runde. Eine gr\u00f6\u00dfere Gruppe w\u00fcrde auch helfen, mehr Erholungsphasen im Windschatten zu haben. Zu neunt ging es dann gen\u2026","rel":"","context":"In &quot;Radfahren&quot;","block_context":{"text":"Radfahren","link":"https:\/\/blog.kunstgriff.net\/?cat=14"},"img":{"alt_text":"","src":"https:\/\/i0.wp.com\/blog.kunstgriff.net\/wp-content\/uploads\/2012\/10\/Erneute-Einkehr-beim-B%C3%A4cker-R%C3%B6hrig-in-Blankensee.jpg?resize=350%2C200","width":350,"height":200,"srcset":"https:\/\/i0.wp.com\/blog.kunstgriff.net\/wp-content\/uploads\/2012\/10\/Erneute-Einkehr-beim-B%C3%A4cker-R%C3%B6hrig-in-Blankensee.jpg?resize=350%2C200 1x, https:\/\/i0.wp.com\/blog.kunstgriff.net\/wp-content\/uploads\/2012\/10\/Erneute-Einkehr-beim-B%C3%A4cker-R%C3%B6hrig-in-Blankensee.jpg?resize=525%2C300 1.5x, https:\/\/i0.wp.com\/blog.kunstgriff.net\/wp-content\/uploads\/2012\/10\/Erneute-Einkehr-beim-B%C3%A4cker-R%C3%B6hrig-in-Blankensee.jpg?resize=700%2C400 2x"},"classes":[]},{"id":6570,"url":"https:\/\/blog.kunstgriff.net\/?p=6570","url_meta":{"origin":13293,"position":3},"title":"Tirschenreuther-Ring-Runde v2","author":"Georg","date":"November 13, 2011","format":false,"excerpt":"oder \u00bbJanz sch\u00f6n frisch da drau\u00dfen!\u00abAls ich mich vor gut 8 Wochen mit den Jungs da unten zum Radeln getroffen habe, waren die klimatischen Bedingungen noch ein wenig anders: fast 20\u00b0C mehr an \u00d8-Temperatur waren auf dem Thermometer. Egal, Oleg, Herbert, Stefan H., Dirk S. und ich lie\u00dfen uns vom\u2026","rel":"","context":"In &quot;Radfahren&quot;","block_context":{"text":"Radfahren","link":"https:\/\/blog.kunstgriff.net\/?cat=14"},"img":{"alt_text":"","src":"https:\/\/i0.wp.com\/blog.kunstgriff.net\/wp-content\/uploads\/2011\/11\/Dirk-und-Stefan-kurz-vor-Gro%C3%9Fbeeren-300x225.jpg?resize=350%2C200","width":350,"height":200},"classes":[]},{"id":11717,"url":"https:\/\/blog.kunstgriff.net\/?p=11717","url_meta":{"origin":13293,"position":4},"title":"Werbellinsee-Runde","author":"Georg","date":"April 20, 2014","format":false,"excerpt":"oder \u00bb4-Mann \u2013 ein Ziel\u00abNach dem Aufstehen war ich mir noch nicht dar\u00fcber im Klaren, wo heute gefahren werden w\u00fcrde. Das gefahren wird war klar wie Klo\u00dfbr\u00fche. Zwei Touren im S\u00fcden und eine im Norden \u2013 um den Werbellinsee. Dort war ich schon lange nicht mehr unterwegs gewesen und auch\u2026","rel":"","context":"In &quot;Radfahren&quot;","block_context":{"text":"Radfahren","link":"https:\/\/blog.kunstgriff.net\/?cat=14"},"img":{"alt_text":"","src":"https:\/\/i0.wp.com\/blog.kunstgriff.net\/wp-content\/uploads\/2014\/04\/Herrliche-W%C3%A4lder.jpg?fit=1200%2C900&ssl=1&resize=350%2C200","width":350,"height":200,"srcset":"https:\/\/i0.wp.com\/blog.kunstgriff.net\/wp-content\/uploads\/2014\/04\/Herrliche-W%C3%A4lder.jpg?fit=1200%2C900&ssl=1&resize=350%2C200 1x, https:\/\/i0.wp.com\/blog.kunstgriff.net\/wp-content\/uploads\/2014\/04\/Herrliche-W%C3%A4lder.jpg?fit=1200%2C900&ssl=1&resize=525%2C300 1.5x, https:\/\/i0.wp.com\/blog.kunstgriff.net\/wp-content\/uploads\/2014\/04\/Herrliche-W%C3%A4lder.jpg?fit=1200%2C900&ssl=1&resize=700%2C400 2x, https:\/\/i0.wp.com\/blog.kunstgriff.net\/wp-content\/uploads\/2014\/04\/Herrliche-W%C3%A4lder.jpg?fit=1200%2C900&ssl=1&resize=1050%2C600 3x"},"classes":[]},{"id":8229,"url":"https:\/\/blog.kunstgriff.net\/?p=8229","url_meta":{"origin":13293,"position":5},"title":"Berlin -> Fichtelberg 2012","author":"Georg","date":"Juni 16, 2012","format":false,"excerpt":"oder \u00bbHeute mal ein wenig l\u00e4nger unterwegs\u00ab Es muss schon ein besonders Ereignis anstehen, wenn ich mir den Wecker auf 2:50 Uhr stelle. Um p\u00fcnktlich um 4:30 Uhr am Potsdamer Platz zu sein, war diese Ma\u00dfnahme aber n\u00f6tig. In der U-Bahn traf ich, neben einigen Nachtschw\u00e4rmern, auch den verschlafenen Stefan\u2026","rel":"","context":"In &quot;200er&quot;","block_context":{"text":"200er","link":"https:\/\/blog.kunstgriff.net\/?cat=48"},"img":{"alt_text":"","src":"https:\/\/i0.wp.com\/blog.kunstgriff.net\/wp-content\/uploads\/2012\/06\/Jetzt-noch-schnell-runter-nach-Rittersgr%C3%BCn.jpg?resize=350%2C200","width":350,"height":200,"srcset":"https:\/\/i0.wp.com\/blog.kunstgriff.net\/wp-content\/uploads\/2012\/06\/Jetzt-noch-schnell-runter-nach-Rittersgr%C3%BCn.jpg?resize=350%2C200 1x, https:\/\/i0.wp.com\/blog.kunstgriff.net\/wp-content\/uploads\/2012\/06\/Jetzt-noch-schnell-runter-nach-Rittersgr%C3%BCn.jpg?resize=525%2C300 1.5x, https:\/\/i0.wp.com\/blog.kunstgriff.net\/wp-content\/uploads\/2012\/06\/Jetzt-noch-schnell-runter-nach-Rittersgr%C3%BCn.jpg?resize=700%2C400 2x"},"classes":[]}],"jetpack_likes_enabled":true,"jetpack_sharing_enabled":true,"_links":{"self":[{"href":"https:\/\/blog.kunstgriff.net\/index.php?rest_route=\/wp\/v2\/posts\/13293","targetHints":{"allow":["GET"]}}],"collection":[{"href":"https:\/\/blog.kunstgriff.net\/index.php?rest_route=\/wp\/v2\/posts"}],"about":[{"href":"https:\/\/blog.kunstgriff.net\/index.php?rest_route=\/wp\/v2\/types\/post"}],"author":[{"embeddable":true,"href":"https:\/\/blog.kunstgriff.net\/index.php?rest_route=\/wp\/v2\/users\/2"}],"replies":[{"embeddable":true,"href":"https:\/\/blog.kunstgriff.net\/index.php?rest_route=%2Fwp%2Fv2%2Fcomments&post=13293"}],"version-history":[{"count":0,"href":"https:\/\/blog.kunstgriff.net\/index.php?rest_route=\/wp\/v2\/posts\/13293\/revisions"}],"wp:featuredmedia":[{"embeddable":true,"href":"https:\/\/blog.kunstgriff.net\/index.php?rest_route=\/wp\/v2\/media\/13298"}],"wp:attachment":[{"href":"https:\/\/blog.kunstgriff.net\/index.php?rest_route=%2Fwp%2Fv2%2Fmedia&parent=13293"}],"wp:term":[{"taxonomy":"category","embeddable":true,"href":"https:\/\/blog.kunstgriff.net\/index.php?rest_route=%2Fwp%2Fv2%2Fcategories&post=13293"},{"taxonomy":"post_tag","embeddable":true,"href":"https:\/\/blog.kunstgriff.net\/index.php?rest_route=%2Fwp%2Fv2%2Ftags&post=13293"}],"curies":[{"name":"wp","href":"https:\/\/api.w.org\/{rel}","templated":true}]}}