{"id":13307,"date":"2016-04-03T18:51:45","date_gmt":"2016-04-03T16:51:45","guid":{"rendered":"http:\/\/blog.kunstgriff.net\/?p=13307"},"modified":"2016-07-31T16:54:42","modified_gmt":"2016-07-31T14:54:42","slug":"paewesin-runde-5","status":"publish","type":"post","link":"https:\/\/blog.kunstgriff.net\/?p=13307","title":{"rendered":"P\u00e4wesin-Runde"},"content":{"rendered":"<span class=\"span-reading-time rt-reading-time\" style=\"display: block;\"><span class=\"rt-label rt-prefix\">Lesezeit: <\/span> <span class=\"rt-time\"> &lt; 1<\/span> <span class=\"rt-label rt-postfix\">Minute<\/span><\/span><h4>oder \u00bbSonntag-Ausfahrt-Klassiker\u00ab<\/h4>\n<hr \/>\n<p>Die m\u00fcden Beine konnte mich von gestern nicht schocken, fahren wollte ich bei diesem herrlichen Fr\u00fchlingswetter auf jeden Fall.<\/p>\n<p>Es gab die <em>Tour f\u00fcr die Luschen<\/em>, der ich mich nicht wirklich anschlie\u00dfen wollte. Zwar bin ich eine <em>echte Lusche<\/em>, da ich auf einen Samstag Morgen im April noch keine 200+ Kilometer fahre, trotzdem war mir der erneute Ritt nach Ruhlsdorf und die Einkehr bei einem B\u00e4cker in Trebbin zu dr\u00f6ge.<\/p>\n<p>Was also tun? Im Streckenarchiv gekramt und eine sch\u00f6ne <em>100Plus-Kilometer-Strecke<\/em> gefunden.<\/p>\n<p>Die ersten Kilometer entlang der Heerstrassen waren zwar nicht wirklich entspannt, als aber der Abzweig nach Gatow genommen war, rollte es verkehrsarm ins Havelland. Das <em>Alleine-Fahren<\/em> genoss ich heute sehr.<\/p>\n<p>Immer wieder gerne fahre ich diese Strecke, da nach etwas mehr als der H\u00e4lfte der Strecke der herrliche Backwahn in P\u00e4wesin sein reichhaltiges Kuchenangebot feil bietet. Zwei St\u00fcck genehmigte ich mir. Lutz und seine Bande kreuzten auch noch auf, ein kurzer Plausch, dann ging es f\u00fcr mich alleine weiter.<\/p>\n<p>Ich hatte ganz sch\u00f6n zu k\u00e4mpfen und merkte wieder einmal wie unfit ich noch war. Mal sehen ob da noch was passiert, sonst sehe ich schwarz f\u00fcr die ITF.<\/p>\n<p><iframe height='405' width='590' frameborder='0' allowtransparency='true' scrolling='no' src='https:\/\/www.strava.com\/activities\/534754051\/embed\/bd6358dba280a57266ebd50e07c8ce5765134ae8'><\/iframe><\/p>\n<div class=\"tiled-gallery type-rectangular tiled-gallery-unresized\" data-original-width=\"525\" data-carousel-extra='{&quot;blog_id&quot;:1,&quot;permalink&quot;:&quot;https:\\\/\\\/blog.kunstgriff.net\\\/?p=13307&quot;,&quot;likes_blog_id&quot;:127394879}' itemscope itemtype=\"http:\/\/schema.org\/ImageGallery\" > <div class=\"gallery-row\" style=\"width: 525px; height: 264px;\" data-original-width=\"525\" data-original-height=\"264\" > <div class=\"gallery-group images-1\" style=\"width: 350px; height: 264px;\" data-original-width=\"350\" data-original-height=\"264\" > <div class=\"tiled-gallery-item tiled-gallery-item-large\" itemprop=\"associatedMedia\" itemscope itemtype=\"http:\/\/schema.org\/ImageObject\"> <a href=\"https:\/\/blog.kunstgriff.net\/?attachment_id=13305\" border=\"0\" itemprop=\"url\"> <meta itemprop=\"width\" content=\"346\"> <meta itemprop=\"height\" content=\"260\"> <img decoding=\"async\" class=\"\" data-attachment-id=\"13305\" data-orig-file=\"https:\/\/blog.kunstgriff.net\/wp-content\/uploads\/2016\/04\/Hinter-Sacrow.jpg\" data-orig-size=\"1500,1125\" data-comments-opened=\"1\" data-image-meta=\"{&quot;aperture&quot;:&quot;2.8&quot;,&quot;credit&quot;:&quot;&quot;,&quot;camera&quot;:&quot;Canon DIGITAL IXUS 870 IS&quot;,&quot;caption&quot;:&quot;&quot;,&quot;created_timestamp&quot;:&quot;1459684738&quot;,&quot;copyright&quot;:&quot;&quot;,&quot;focal_length&quot;:&quot;5&quot;,&quot;iso&quot;:&quot;80&quot;,&quot;shutter_speed&quot;:&quot;0.003125&quot;,&quot;title&quot;:&quot;&quot;,&quot;orientation&quot;:&quot;1&quot;}\" data-image-title=\"Hinter Sacrow\" data-image-description=\"\" data-medium-file=\"https:\/\/i0.wp.com\/blog.kunstgriff.net\/wp-content\/uploads\/2016\/04\/Hinter-Sacrow.jpg?fit=300%2C225&#038;ssl=1\" data-large-file=\"https:\/\/i0.wp.com\/blog.kunstgriff.net\/wp-content\/uploads\/2016\/04\/Hinter-Sacrow.jpg?fit=1024%2C768&#038;ssl=1\" src=\"https:\/\/i0.wp.com\/blog.kunstgriff.net\/wp-content\/uploads\/2016\/04\/Hinter-Sacrow.jpg?w=346&#038;h=260&#038;ssl=1\" srcset=\"https:\/\/i0.wp.com\/blog.kunstgriff.net\/wp-content\/uploads\/2016\/04\/Hinter-Sacrow.jpg?w=1500&amp;ssl=1 1500w, https:\/\/i0.wp.com\/blog.kunstgriff.net\/wp-content\/uploads\/2016\/04\/Hinter-Sacrow.jpg?resize=300%2C225&amp;ssl=1 300w, https:\/\/i0.wp.com\/blog.kunstgriff.net\/wp-content\/uploads\/2016\/04\/Hinter-Sacrow.jpg?resize=768%2C576&amp;ssl=1 768w, https:\/\/i0.wp.com\/blog.kunstgriff.net\/wp-content\/uploads\/2016\/04\/Hinter-Sacrow.jpg?resize=1024%2C768&amp;ssl=1 1024w, https:\/\/i0.wp.com\/blog.kunstgriff.net\/wp-content\/uploads\/2016\/04\/Hinter-Sacrow.jpg?resize=400%2C300&amp;ssl=1 400w\" width=\"346\" height=\"260\" loading=\"lazy\" data-original-width=\"346\" data-original-height=\"260\" itemprop=\"http:\/\/schema.org\/image\" title=\"Hinter Sacrow\" alt=\"Hinter Sacrow\" style=\"width: 346px; height: 260px;\" \/> <\/a> <div class=\"tiled-gallery-caption\" itemprop=\"caption description\"> Hinter Sacrow <\/div> <\/div> <\/div> <!-- close group --> <div class=\"gallery-group images-2\" style=\"width: 175px; height: 264px;\" data-original-width=\"175\" data-original-height=\"264\" > <div class=\"tiled-gallery-item tiled-gallery-item-small\" itemprop=\"associatedMedia\" itemscope itemtype=\"http:\/\/schema.org\/ImageObject\"> <a href=\"https:\/\/blog.kunstgriff.net\/?attachment_id=13303\" border=\"0\" itemprop=\"url\"> <meta itemprop=\"width\" content=\"171\"> <meta itemprop=\"height\" content=\"128\"> <img decoding=\"async\" class=\"\" data-attachment-id=\"13303\" data-orig-file=\"https:\/\/blog.kunstgriff.net\/wp-content\/uploads\/2016\/04\/Bl\u00fctezeit-am-Weinberg-hinter-Fahrland.jpg\" data-orig-size=\"1500,1125\" data-comments-opened=\"1\" data-image-meta=\"{&quot;aperture&quot;:&quot;5.6&quot;,&quot;credit&quot;:&quot;&quot;,&quot;camera&quot;:&quot;Canon DIGITAL IXUS 870 IS&quot;,&quot;caption&quot;:&quot;&quot;,&quot;created_timestamp&quot;:&quot;1459686003&quot;,&quot;copyright&quot;:&quot;&quot;,&quot;focal_length&quot;:&quot;5&quot;,&quot;iso&quot;:&quot;80&quot;,&quot;shutter_speed&quot;:&quot;0.0025&quot;,&quot;title&quot;:&quot;&quot;,&quot;orientation&quot;:&quot;1&quot;}\" data-image-title=\"Bl\u00fctezeit am Weinberg hinter Fahrland\" data-image-description=\"\" data-medium-file=\"https:\/\/i0.wp.com\/blog.kunstgriff.net\/wp-content\/uploads\/2016\/04\/Bl%C3%BCtezeit-am-Weinberg-hinter-Fahrland.jpg?fit=300%2C225&#038;ssl=1\" data-large-file=\"https:\/\/i0.wp.com\/blog.kunstgriff.net\/wp-content\/uploads\/2016\/04\/Bl%C3%BCtezeit-am-Weinberg-hinter-Fahrland.jpg?fit=1024%2C768&#038;ssl=1\" src=\"https:\/\/i0.wp.com\/blog.kunstgriff.net\/wp-content\/uploads\/2016\/04\/Bl%C3%BCtezeit-am-Weinberg-hinter-Fahrland.jpg?w=171&#038;h=128&#038;ssl=1\" width=\"171\" height=\"128\" loading=\"lazy\" data-original-width=\"171\" data-original-height=\"128\" itemprop=\"http:\/\/schema.org\/image\" title=\"Bl\u00fctezeit am Weinberg hinter Fahrland\" alt=\"Bl\u00fctezeit am Weinberg hinter Fahrland\" style=\"width: 171px; height: 128px;\" \/> <\/a> <div class=\"tiled-gallery-caption\" itemprop=\"caption description\"> Bl\u00fctezeit am Weinberg hinter Fahrland <\/div> <\/div> <div class=\"tiled-gallery-item tiled-gallery-item-small\" itemprop=\"associatedMedia\" itemscope itemtype=\"http:\/\/schema.org\/ImageObject\"> <a href=\"https:\/\/blog.kunstgriff.net\/?attachment_id=13306\" border=\"0\" itemprop=\"url\"> <meta itemprop=\"width\" content=\"171\"> <meta itemprop=\"height\" content=\"128\"> <img decoding=\"async\" class=\"\" data-attachment-id=\"13306\" data-orig-file=\"https:\/\/blog.kunstgriff.net\/wp-content\/uploads\/2016\/04\/Reichhaltige-Auswahl-beim-Backwahn-in-P\u00e4wesin.jpg\" data-orig-size=\"1500,1125\" data-comments-opened=\"1\" data-image-meta=\"{&quot;aperture&quot;:&quot;2.8&quot;,&quot;credit&quot;:&quot;&quot;,&quot;camera&quot;:&quot;Canon DIGITAL IXUS 870 IS&quot;,&quot;caption&quot;:&quot;&quot;,&quot;created_timestamp&quot;:&quot;1459689937&quot;,&quot;copyright&quot;:&quot;&quot;,&quot;focal_length&quot;:&quot;5&quot;,&quot;iso&quot;:&quot;80&quot;,&quot;shutter_speed&quot;:&quot;0.0125&quot;,&quot;title&quot;:&quot;&quot;,&quot;orientation&quot;:&quot;1&quot;}\" data-image-title=\"Reichhaltige Auswahl beim Backwahn in P\u00e4wesin\" data-image-description=\"\" data-medium-file=\"https:\/\/i0.wp.com\/blog.kunstgriff.net\/wp-content\/uploads\/2016\/04\/Reichhaltige-Auswahl-beim-Backwahn-in-P%C3%A4wesin.jpg?fit=300%2C225&#038;ssl=1\" data-large-file=\"https:\/\/i0.wp.com\/blog.kunstgriff.net\/wp-content\/uploads\/2016\/04\/Reichhaltige-Auswahl-beim-Backwahn-in-P%C3%A4wesin.jpg?fit=1024%2C768&#038;ssl=1\" src=\"https:\/\/i0.wp.com\/blog.kunstgriff.net\/wp-content\/uploads\/2016\/04\/Reichhaltige-Auswahl-beim-Backwahn-in-P%C3%A4wesin.jpg?w=171&#038;h=128&#038;ssl=1\" width=\"171\" height=\"128\" loading=\"lazy\" data-original-width=\"171\" data-original-height=\"128\" itemprop=\"http:\/\/schema.org\/image\" title=\"Reichhaltige Auswahl beim Backwahn in P\u00e4wesin\" alt=\"Reichhaltige Auswahl beim Backwahn in P\u00e4wesin\" style=\"width: 171px; height: 128px;\" \/> <\/a> <div class=\"tiled-gallery-caption\" itemprop=\"caption description\"> Reichhaltige Auswahl beim Backwahn in P\u00e4wesin <\/div> <\/div> <\/div> <!-- close group --> <\/div> <!-- close row --> <div class=\"gallery-row\" style=\"width: 525px; height: 395px;\" data-original-width=\"525\" data-original-height=\"395\" > <div class=\"gallery-group images-1\" style=\"width: 525px; height: 395px;\" data-original-width=\"525\" data-original-height=\"395\" > <div class=\"tiled-gallery-item tiled-gallery-item-large\" itemprop=\"associatedMedia\" itemscope itemtype=\"http:\/\/schema.org\/ImageObject\"> <a href=\"https:\/\/blog.kunstgriff.net\/?attachment_id=13304\" border=\"0\" itemprop=\"url\"> <meta itemprop=\"width\" content=\"521\"> <meta itemprop=\"height\" content=\"391\"> <img decoding=\"async\" class=\"\" data-attachment-id=\"13304\" data-orig-file=\"https:\/\/blog.kunstgriff.net\/wp-content\/uploads\/2016\/04\/F\u00fcr-mich-gabs-gedeckten-Apfelkuchen-und-Feuerwehrkuchen.jpg\" data-orig-size=\"1500,1125\" data-comments-opened=\"1\" data-image-meta=\"{&quot;aperture&quot;:&quot;5.6&quot;,&quot;credit&quot;:&quot;&quot;,&quot;camera&quot;:&quot;Canon DIGITAL IXUS 870 IS&quot;,&quot;caption&quot;:&quot;&quot;,&quot;created_timestamp&quot;:&quot;1459690472&quot;,&quot;copyright&quot;:&quot;&quot;,&quot;focal_length&quot;:&quot;5&quot;,&quot;iso&quot;:&quot;80&quot;,&quot;shutter_speed&quot;:&quot;0.002&quot;,&quot;title&quot;:&quot;&quot;,&quot;orientation&quot;:&quot;1&quot;}\" data-image-title=\"F\u00fcr mich gabs gedeckten Apfelkuchen und Feuerwehrkuchen\" data-image-description=\"\" data-medium-file=\"https:\/\/i0.wp.com\/blog.kunstgriff.net\/wp-content\/uploads\/2016\/04\/F%C3%BCr-mich-gabs-gedeckten-Apfelkuchen-und-Feuerwehrkuchen.jpg?fit=300%2C225&#038;ssl=1\" data-large-file=\"https:\/\/i0.wp.com\/blog.kunstgriff.net\/wp-content\/uploads\/2016\/04\/F%C3%BCr-mich-gabs-gedeckten-Apfelkuchen-und-Feuerwehrkuchen.jpg?fit=1024%2C768&#038;ssl=1\" src=\"https:\/\/i0.wp.com\/blog.kunstgriff.net\/wp-content\/uploads\/2016\/04\/F%C3%BCr-mich-gabs-gedeckten-Apfelkuchen-und-Feuerwehrkuchen.jpg?w=521&#038;h=391&#038;ssl=1\" width=\"521\" height=\"391\" loading=\"lazy\" data-original-width=\"521\" data-original-height=\"391\" itemprop=\"http:\/\/schema.org\/image\" title=\"F\u00fcr mich gabs gedeckten Apfelkuchen und Feuerwehrkuchen\" alt=\"F\u00fcr mich gabs gedeckten Apfelkuchen und Feuerwehrkuchen\" style=\"width: 521px; height: 391px;\" \/> <\/a> <div class=\"tiled-gallery-caption\" itemprop=\"caption description\"> F\u00fcr mich gabs gedeckten Apfelkuchen und Feuerwehrkuchen <\/div> <\/div> <\/div> <!-- close group --> <\/div> <!-- close row --> <\/div>\n","protected":false},"excerpt":{"rendered":"<p>oder \u00bbSonntag-Ausfahrt-Klassiker\u00ab Die m\u00fcden Beine konnte mich von gestern nicht schocken, fahren wollte ich bei diesem herrlichen Fr\u00fchlingswetter auf jeden Fall. Es gab die Tour f\u00fcr die Luschen, der ich mich nicht wirklich anschlie\u00dfen wollte. Zwar bin ich eine echte Lusche, da ich auf einen Samstag Morgen im April noch keine 200+ Kilometer fahre, trotzdem &hellip; <\/p>\n<p class=\"link-more\"><a href=\"https:\/\/blog.kunstgriff.net\/?p=13307\" class=\"more-link\"><span class=\"screen-reader-text\">\u201eP\u00e4wesin-Runde\u201c <\/span>weiterlesen<\/a><\/p>\n","protected":false},"author":2,"featured_media":13303,"comment_status":"open","ping_status":"open","sticky":false,"template":"","format":"standard","meta":{"jetpack_post_was_ever_published":false,"_jetpack_newsletter_access":"","_jetpack_dont_email_post_to_subs":false,"_jetpack_newsletter_tier_id":0,"_jetpack_memberships_contains_paywalled_content":false,"_jetpack_memberships_contains_paid_content":false,"footnotes":""},"categories":[34,14,7],"tags":[],"class_list":["post-13307","post","type-post","status-publish","format-standard","has-post-thumbnail","hentry","category-cake-ride","category-radfahren","category-rennradfahren"],"jetpack_featured_media_url":"https:\/\/i0.wp.com\/blog.kunstgriff.net\/wp-content\/uploads\/2016\/04\/Bl%C3%BCtezeit-am-Weinberg-hinter-Fahrland.jpg?fit=1500%2C1125&ssl=1","jetpack_shortlink":"https:\/\/wp.me\/p8Cxe7-3sD","jetpack-related-posts":[{"id":19934,"url":"https:\/\/blog.kunstgriff.net\/?p=19934","url_meta":{"origin":13307,"position":0},"title":"Sella Ronda erweitert","author":"Georg","date":"August 18, 2019","format":false,"excerpt":"Vier P\u00e4sse sind genug Gruppen-Radreisen kenne ich ja nun schon seit mehr als 10 Jahren. Deshalb wollte ich mal was neues ausprobieren: Radreise alleine. Der Plan reifte schon vor mehreren Monaten als mir mein Sommer-Urlaubs-Plan mit dem wff zu fahren von meinem Arbeitgeber gestrichen wurde. So war ich auf der\u2026","rel":"","context":"In &quot;Cake-Ride&quot;","block_context":{"text":"Cake-Ride","link":"https:\/\/blog.kunstgriff.net\/?cat=34"},"img":{"alt_text":"kann mich nicht dran sattsehen","src":"https:\/\/i0.wp.com\/blog.kunstgriff.net\/wp-content\/uploads\/2019\/08\/kann-mich-nicht-dran-sattsehen.jpg?fit=1200%2C800&ssl=1&resize=350%2C200","width":350,"height":200,"srcset":"https:\/\/i0.wp.com\/blog.kunstgriff.net\/wp-content\/uploads\/2019\/08\/kann-mich-nicht-dran-sattsehen.jpg?fit=1200%2C800&ssl=1&resize=350%2C200 1x, https:\/\/i0.wp.com\/blog.kunstgriff.net\/wp-content\/uploads\/2019\/08\/kann-mich-nicht-dran-sattsehen.jpg?fit=1200%2C800&ssl=1&resize=525%2C300 1.5x, https:\/\/i0.wp.com\/blog.kunstgriff.net\/wp-content\/uploads\/2019\/08\/kann-mich-nicht-dran-sattsehen.jpg?fit=1200%2C800&ssl=1&resize=700%2C400 2x, https:\/\/i0.wp.com\/blog.kunstgriff.net\/wp-content\/uploads\/2019\/08\/kann-mich-nicht-dran-sattsehen.jpg?fit=1200%2C800&ssl=1&resize=1050%2C600 3x"},"classes":[]},{"id":4881,"url":"https:\/\/blog.kunstgriff.net\/?p=4881","url_meta":{"origin":13307,"position":1},"title":"Trebbin-Runde","author":"Georg","date":"Juni 13, 2011","format":false,"excerpt":"oder \u00bbPfingstmontag - what to do?\u00ab [gcmap act=\"92131182\" class=\"alignright\"]Heute erwachte ich ein wenig unentschlossen, denn Rennrad war ich ja eigentlich die letzten beiden Tag genug gefahren. Allerdings lachte drau\u00dfen die Sonne und wirklich kreative-alternativ-Feiertags-Freizeitplanung hatte ich auch nicht in petto. Also Internet nach Touren gecheckt. Mike bot eine an, aber\u2026","rel":"","context":"In &quot;Garmin&quot;","block_context":{"text":"Garmin","link":"https:\/\/blog.kunstgriff.net\/?cat=35"},"img":{"alt_text":"","src":"http:\/\/www.assoc-amazon.de\/e\/ir?t=&l=as2&o=3&a=B00424LN5G","width":350,"height":200},"classes":[]},{"id":2819,"url":"https:\/\/blog.kunstgriff.net\/?p=2819","url_meta":{"origin":13307,"position":2},"title":"ErgoPlanet-South Africa Cape Argus Pick n Pay","author":"Georg","date":"November 13, 2010","format":false,"excerpt":"oder \"Die Strecke schon mal Probefahren\"Da heute wieder f\u00fcr den ganzen Tag Regen angesagt war und nur noch 116 Tage bis zur Cape Argus Pick n Pay Cycle Tour verbleiben, wollte ich diese Strecke in Angriff nehmen. Mitte M\u00e4rz fliege ich nach S\u00fcdafrika um an diesem weltgr\u00f6\u00dften Radrennen teilzunehmen und\u2026","rel":"","context":"In &quot;Ergometer Training&quot;","block_context":{"text":"Ergometer Training","link":"https:\/\/blog.kunstgriff.net\/?cat=15"},"img":{"alt_text":"","src":"https:\/\/i0.wp.com\/blog.kunstgriff.net\/wp-content\/uploads\/2010\/11\/SouthAfrica.jpg?resize=350%2C200","width":350,"height":200},"classes":[]},{"id":7069,"url":"https:\/\/blog.kunstgriff.net\/?p=7069","url_meta":{"origin":13307,"position":3},"title":"Kleine Grenzsteintrophy &#8211; ein Versuch","author":"Georg","date":"Dezember 30, 2011","format":false,"excerpt":"oder \u00bbImmer auf dem Mauerstreifen lang\u00abIm MTB-Forum wurde f\u00fcr den 30.12. eine Tour entlang des ehemaligen Grenzstreifens, welcher West-Berlin von der DDR und der Hauptstadt der DDR trennte, angeboten. Eine f\u00fcr mich interessante Streckenf\u00fchrung die ich so noch nie gefahren bin und noch auf\u2019m Zettel hatte. 160 Kilometer rund um\u2026","rel":"","context":"In &quot;Besonderes Ereignis&quot;","block_context":{"text":"Besonderes Ereignis","link":"https:\/\/blog.kunstgriff.net\/?cat=25"},"img":{"alt_text":"","src":"","width":0,"height":0},"classes":[]},{"id":1313,"url":"https:\/\/blog.kunstgriff.net\/?p=1313","url_meta":{"origin":13307,"position":4},"title":"Zum Radrennen nach Buckow","author":"Georg","date":"Mai 9, 2010","format":false,"excerpt":"Nachdem ich, bedingt durch Svens Geburtstagsfeier, erst nach 2 Uhr ins Bett gekommen bin, wurde heute bis 10 Uhr ausgeschlafen. Kaum waren die Augendecke auf, war ich allerdings voller Tatendrang, denn ich wusste das heute um 14 Uhr in Buckow, in der M\u00e4rkischen Schweiz ein Radrennen stattfinden w\u00fcrde, an welchem\u2026","rel":"","context":"In &quot;Allgemein&quot;","block_context":{"text":"Allgemein","link":"https:\/\/blog.kunstgriff.net\/?cat=1"},"img":{"alt_text":"","src":"","width":0,"height":0},"classes":[]},{"id":20009,"url":"https:\/\/blog.kunstgriff.net\/?p=20009","url_meta":{"origin":13307,"position":5},"title":"Wendelstein Rundfahrt 2019","author":"Georg","date":"August 24, 2019","format":false,"excerpt":"Zwei mal 211 Kilometer Diese Rundfahrt wollte ich schon seit mehr als neun Jahren unter die R\u00e4der nehmen. Damals,\u00a0im Mai 2010 beim Rh\u00f6n Marathon schw\u00e4rmte mir Ralph W. vor, da\u00df er diese Rundfahrt unbedingt mal machen wollen w\u00fcrde. Da mir diese Radfahr-Region auch g\u00e4nzlich unbekannt ist, ich den Tegernsee unter\u2026","rel":"","context":"In &quot;Besonderes Ereignis&quot;","block_context":{"text":"Besonderes Ereignis","link":"https:\/\/blog.kunstgriff.net\/?cat=25"},"img":{"alt_text":"tolle Stimmung am Morgen","src":"https:\/\/i0.wp.com\/blog.kunstgriff.net\/wp-content\/uploads\/2019\/08\/tolle-Stimmung-am-Morgen.jpg?fit=1200%2C800&ssl=1&resize=350%2C200","width":350,"height":200,"srcset":"https:\/\/i0.wp.com\/blog.kunstgriff.net\/wp-content\/uploads\/2019\/08\/tolle-Stimmung-am-Morgen.jpg?fit=1200%2C800&ssl=1&resize=350%2C200 1x, https:\/\/i0.wp.com\/blog.kunstgriff.net\/wp-content\/uploads\/2019\/08\/tolle-Stimmung-am-Morgen.jpg?fit=1200%2C800&ssl=1&resize=525%2C300 1.5x, https:\/\/i0.wp.com\/blog.kunstgriff.net\/wp-content\/uploads\/2019\/08\/tolle-Stimmung-am-Morgen.jpg?fit=1200%2C800&ssl=1&resize=700%2C400 2x, https:\/\/i0.wp.com\/blog.kunstgriff.net\/wp-content\/uploads\/2019\/08\/tolle-Stimmung-am-Morgen.jpg?fit=1200%2C800&ssl=1&resize=1050%2C600 3x"},"classes":[]}],"jetpack_likes_enabled":true,"jetpack_sharing_enabled":true,"_links":{"self":[{"href":"https:\/\/blog.kunstgriff.net\/index.php?rest_route=\/wp\/v2\/posts\/13307","targetHints":{"allow":["GET"]}}],"collection":[{"href":"https:\/\/blog.kunstgriff.net\/index.php?rest_route=\/wp\/v2\/posts"}],"about":[{"href":"https:\/\/blog.kunstgriff.net\/index.php?rest_route=\/wp\/v2\/types\/post"}],"author":[{"embeddable":true,"href":"https:\/\/blog.kunstgriff.net\/index.php?rest_route=\/wp\/v2\/users\/2"}],"replies":[{"embeddable":true,"href":"https:\/\/blog.kunstgriff.net\/index.php?rest_route=%2Fwp%2Fv2%2Fcomments&post=13307"}],"version-history":[{"count":0,"href":"https:\/\/blog.kunstgriff.net\/index.php?rest_route=\/wp\/v2\/posts\/13307\/revisions"}],"wp:featuredmedia":[{"embeddable":true,"href":"https:\/\/blog.kunstgriff.net\/index.php?rest_route=\/wp\/v2\/media\/13303"}],"wp:attachment":[{"href":"https:\/\/blog.kunstgriff.net\/index.php?rest_route=%2Fwp%2Fv2%2Fmedia&parent=13307"}],"wp:term":[{"taxonomy":"category","embeddable":true,"href":"https:\/\/blog.kunstgriff.net\/index.php?rest_route=%2Fwp%2Fv2%2Fcategories&post=13307"},{"taxonomy":"post_tag","embeddable":true,"href":"https:\/\/blog.kunstgriff.net\/index.php?rest_route=%2Fwp%2Fv2%2Ftags&post=13307"}],"curies":[{"name":"wp","href":"https:\/\/api.w.org\/{rel}","templated":true}]}}