{"id":13419,"date":"2016-05-07T22:39:21","date_gmt":"2016-05-07T20:39:21","guid":{"rendered":"http:\/\/blog.kunstgriff.net\/?p=13419"},"modified":"2016-07-31T16:13:50","modified_gmt":"2016-07-31T14:13:50","slug":"auf-friedensfahrt-kurs-2016-4-tag-jicin-karpacz","status":"publish","type":"post","link":"https:\/\/blog.kunstgriff.net\/?p=13419","title":{"rendered":"Auf Friedensfahrt\u2013Kurs 2016 4. Tag: Ji\u010d\u00edn -> Karpacz"},"content":{"rendered":"<span class=\"span-reading-time rt-reading-time\" style=\"display: block;\"><span class=\"rt-label rt-prefix\">Lesezeit: <\/span> <span class=\"rt-time\"> 2<\/span> <span class=\"rt-label rt-postfix\">Minuten<\/span><\/span><h4>134 km | 2.446 H\u00f6henmeter<\/h4>\n<hr \/>\n<p>Der Tag begann spannend, denn eigentlich waren es zu viele Biere in der Nach zuvor so waren nicht nur die Beine schwer, sondern auch der K\u00f6rper. Kopfschmerztabletten waren auf Grund der hohen Qualit\u00e4t des tschechischen Bieres gl\u00fccklicherweise\u00a0nicht n\u00f6tig.<\/p>\n<p>Auch nach dem ausgiebigen Fr\u00fchst\u00fcck, welches ein wenig Kraft in die morschen Knochen zur\u00fcck brachte, f\u00fchlte ich mich trotzdem nicht gen\u00f6tigt, heute H\u00f6chstleistungen auf dem Rad zu vollbringen. Wo soll das nur Enden? Wer soll denn die ganzen KOMs holen? Und wie soll ich Jammerlappen \u00fcberhaupt \u00fcber die ganzen Wellen kommen? Fragen \u00fcber Fragen, f\u00fcr dessen Beantwortung\u00a0ich noch ein wenig Zeit hatte.<\/p>\n<p>Eher im <em>\u00bbJum\u00ab<\/em> ging es zum \u00fcblichen Programm: Nett Gr\u00fc\u00dfen, nach Luftpumpe fragen und nicht ganz unwichtig: Gep\u00e4ck verladen und Gruppen-Erinnerungsfoto-Foto-Schie\u00dfen .<\/p>\n<p>Als all diese Formalit\u00e4ten erledigt waren ging es endlich auf die Strecke. Ganz ohne Beine und klarem Kopf. Suboptimale Voraussetzung um mehr als 2.000 hm wegzukurbeln. Welche Gruppe nehmen, wo mitfahren waren die klarsten Gedanken in diesem Moment. Leider\u00a0war dann eben diese Gruppen schon von dannen gezogen.<\/p>\n<p>Also Musik an und mein Ding machen. Sp\u00e4ter auf Toms Gruppe aufrollen und mich dort im Windschatten einreihen. Blo\u00df nicht nach vorne fahren und sich zeigen. F\u00fchrungsarbeit <del>konnte und<\/del> wollte ich heute nicht leisten. Was f\u00fcr ein <em>Lutscher<\/em> ich doch geworden bin!? Sch\u00e4men m\u00fcsste ich mich. Stattdessen war ich froh auch an den Wellen dort mitdr\u00fccken zu k\u00f6nnen.<\/p>\n<p>Dass sie die mittlere Streckenl\u00e4nge gew\u00e4hlt hatten kam mir auch sehr gelegen, denn zu H\u00f6chstleistungen oder gar neuen Rkorden war ich heute, wie bereits geschrieben, nicht in der Lage. Was f\u00fcr ein Jammerlappen. Mein neues CAAD12 sch\u00e4mte sich gewaltig f\u00fcr mich.<\/p>\n<p>An den Anstiegen musste ich immer alles geben. Und wurde trotzdem letzter. Egal, denn die Hauptsache war, dass die Bande auf mich wartete, was sie auch taten. Bilder von Erik Zabel wie er sein Bike in den Graben schmeisst und in den Besenwagen steigt schwirrten mir durch den Kopf.<\/p>\n<p>Die Strecke war nicht f\u00fcr umsonst\u00a0als <em>K\u00f6nigsetappe<\/em> deklariert. Jede Menge fiese Kanten mussten geb\u00fcgelt werden, was mir trotz elektronischer\u00a0<del>Unterst\u00fctzung<\/del> Schaltung f\u00fchlbar <del>nicht leicht<\/del> schwer fiel.<\/p>\n<p>Auch nach dem langen Anstieg hoch zum Skigebiet kamen, gerade auf der polnischen Seite, noch ein 3,6 km langer Anstieg mit\u00a0kontinuierlicher Steigung von 12\u201314%, die mir richtig die Beine verkloppten. Stellenweise dachte ich, ich w\u00fcrde es nicht bis oben schaffen aber dann bekam ich es doch noch hin. Nicht ohne erhebliche Leiden. Aber das ist ja <del>ganz grosser<\/del> Radsport!<\/p>\n<p>Meine Gruppe wollte dann leider, ganz zu meinem Verdruss, ohne Pause weiter fahren und nicht mehr Einkehren. Was f\u00fcr ein Mist. Was h\u00e4tte ich f\u00fcr eine kalte Cola gegeben?!<\/p>\n<p>So musste ich weiter k\u00e4mpfen um die Pension Apollo zu erreichen. Damit noch mal zum Abschluss ordentlich das Laktat in die Beine schiesst, war es eine reinrassige Bergankunft und es musste sich durch die Fussg\u00e4ngerzone des sch\u00f6nen Skiorts gek\u00e4mpft werden. Noch einmal Vollgas und dann war <em>endlich <\/em>das Tagesziel erreicht.<\/p>\n<p>Heute war das eine echt harte Etappe, aber ich\u00a0war ja\u00a0nicht zum Vergn\u00fcgen hier.\u00a0Zum Ausgleich\u00a0gab es dann sp\u00e4ter in unserem Stammlokal, nach dem gewohnt einfachen Abendbrot im Apollo, ein ordentliches zweites <em>Diner.<\/em>\u00a0Morgen dann zur\u00fcck nach G\u00f6rlitz. Und schon wieder Friedensfahrt vorbei. Sehr sehr schade.<\/p>\n<p><iframe height='405' width='590' frameborder='0' allowtransparency='true' scrolling='no' src='https:\/\/www.strava.com\/activities\/569987921\/embed\/32b6a35030d19f4285b8a97c2677edbe16dd89f8'><\/iframe><\/p>\n<div class=\"tiled-gallery type-rectangular tiled-gallery-unresized\" data-original-width=\"525\" data-carousel-extra='{&quot;blog_id&quot;:1,&quot;permalink&quot;:&quot;https:\\\/\\\/blog.kunstgriff.net\\\/?p=13419&quot;,&quot;likes_blog_id&quot;:127394879}' itemscope itemtype=\"http:\/\/schema.org\/ImageGallery\" > <div class=\"gallery-row\" style=\"width: 525px; height: 371px;\" data-original-width=\"525\" data-original-height=\"371\" > <div class=\"gallery-group images-2\" style=\"width: 246px; height: 371px;\" data-original-width=\"246\" data-original-height=\"371\" > <div class=\"tiled-gallery-item tiled-gallery-item-small\" itemprop=\"associatedMedia\" itemscope itemtype=\"http:\/\/schema.org\/ImageObject\"> <a href=\"https:\/\/i0.wp.com\/blog.kunstgriff.net\/wp-content\/uploads\/2016\/05\/22-Gruppenfoto-vor-der-Abfahrt-in-Ji%C4%8D%C3%ADn.jpg?ssl=1\" border=\"0\" itemprop=\"url\"> <meta itemprop=\"width\" content=\"242\"> <meta itemprop=\"height\" content=\"182\"> <img decoding=\"async\" class=\"\" data-attachment-id=\"13398\" data-orig-file=\"https:\/\/blog.kunstgriff.net\/wp-content\/uploads\/2016\/05\/22-Gruppenfoto-vor-der-Abfahrt-in-Ji\u010d\u00edn.jpg\" data-orig-size=\"1500,1125\" data-comments-opened=\"1\" data-image-meta=\"{&quot;aperture&quot;:&quot;5.6&quot;,&quot;credit&quot;:&quot;&quot;,&quot;camera&quot;:&quot;Canon DIGITAL IXUS 870 IS&quot;,&quot;caption&quot;:&quot;&quot;,&quot;created_timestamp&quot;:&quot;1462611317&quot;,&quot;copyright&quot;:&quot;&quot;,&quot;focal_length&quot;:&quot;5&quot;,&quot;iso&quot;:&quot;80&quot;,&quot;shutter_speed&quot;:&quot;0.0025&quot;,&quot;title&quot;:&quot;&quot;,&quot;orientation&quot;:&quot;1&quot;}\" data-image-title=\"22 Gruppenfoto vor der Abfahrt in Ji\u010d\u00edn\" data-image-description=\"\" data-medium-file=\"https:\/\/i0.wp.com\/blog.kunstgriff.net\/wp-content\/uploads\/2016\/05\/22-Gruppenfoto-vor-der-Abfahrt-in-Ji%C4%8D%C3%ADn.jpg?fit=300%2C225&#038;ssl=1\" data-large-file=\"https:\/\/i0.wp.com\/blog.kunstgriff.net\/wp-content\/uploads\/2016\/05\/22-Gruppenfoto-vor-der-Abfahrt-in-Ji%C4%8D%C3%ADn.jpg?fit=1024%2C768&#038;ssl=1\" src=\"https:\/\/i0.wp.com\/blog.kunstgriff.net\/wp-content\/uploads\/2016\/05\/22-Gruppenfoto-vor-der-Abfahrt-in-Ji%C4%8D%C3%ADn.jpg?w=242&#038;h=182&#038;ssl=1\" width=\"242\" height=\"182\" loading=\"lazy\" data-original-width=\"242\" data-original-height=\"182\" itemprop=\"http:\/\/schema.org\/image\" title=\"22 Gruppenfoto vor der Abfahrt in Ji\u010d\u00edn\" alt=\"Gruppenfoto vor der Abfahrt in Ji\u010d\u00edn\" style=\"width: 242px; height: 182px;\" \/> <\/a> <div class=\"tiled-gallery-caption\" itemprop=\"caption description\"> Gruppenfoto vor der Abfahrt in Ji\u010d\u00edn <\/div> <\/div> <div class=\"tiled-gallery-item tiled-gallery-item-small\" itemprop=\"associatedMedia\" itemscope itemtype=\"http:\/\/schema.org\/ImageObject\"> <a href=\"https:\/\/i0.wp.com\/blog.kunstgriff.net\/wp-content\/uploads\/2016\/05\/23-durch-das-wilde-Tschechien.jpg?ssl=1\" border=\"0\" itemprop=\"url\"> <meta itemprop=\"width\" content=\"242\"> <meta itemprop=\"height\" content=\"181\"> <img decoding=\"async\" class=\"\" data-attachment-id=\"13399\" data-orig-file=\"https:\/\/blog.kunstgriff.net\/wp-content\/uploads\/2016\/05\/23-durch-das-wilde-Tschechien.jpg\" data-orig-size=\"1500,1125\" data-comments-opened=\"1\" data-image-meta=\"{&quot;aperture&quot;:&quot;5.6&quot;,&quot;credit&quot;:&quot;&quot;,&quot;camera&quot;:&quot;Canon DIGITAL IXUS 870 IS&quot;,&quot;caption&quot;:&quot;&quot;,&quot;created_timestamp&quot;:&quot;1462612311&quot;,&quot;copyright&quot;:&quot;&quot;,&quot;focal_length&quot;:&quot;5&quot;,&quot;iso&quot;:&quot;80&quot;,&quot;shutter_speed&quot;:&quot;0.003125&quot;,&quot;title&quot;:&quot;&quot;,&quot;orientation&quot;:&quot;1&quot;}\" data-image-title=\"23 durch das wilde Tschechien\" data-image-description=\"\" data-medium-file=\"https:\/\/i0.wp.com\/blog.kunstgriff.net\/wp-content\/uploads\/2016\/05\/23-durch-das-wilde-Tschechien.jpg?fit=300%2C225&#038;ssl=1\" data-large-file=\"https:\/\/i0.wp.com\/blog.kunstgriff.net\/wp-content\/uploads\/2016\/05\/23-durch-das-wilde-Tschechien.jpg?fit=1024%2C768&#038;ssl=1\" src=\"https:\/\/i0.wp.com\/blog.kunstgriff.net\/wp-content\/uploads\/2016\/05\/23-durch-das-wilde-Tschechien.jpg?w=242&#038;h=181&#038;ssl=1\" srcset=\"https:\/\/i0.wp.com\/blog.kunstgriff.net\/wp-content\/uploads\/2016\/05\/23-durch-das-wilde-Tschechien.jpg?w=1500&amp;ssl=1 1500w, https:\/\/i0.wp.com\/blog.kunstgriff.net\/wp-content\/uploads\/2016\/05\/23-durch-das-wilde-Tschechien.jpg?resize=300%2C225&amp;ssl=1 300w, https:\/\/i0.wp.com\/blog.kunstgriff.net\/wp-content\/uploads\/2016\/05\/23-durch-das-wilde-Tschechien.jpg?resize=768%2C576&amp;ssl=1 768w, https:\/\/i0.wp.com\/blog.kunstgriff.net\/wp-content\/uploads\/2016\/05\/23-durch-das-wilde-Tschechien.jpg?resize=1024%2C768&amp;ssl=1 1024w, https:\/\/i0.wp.com\/blog.kunstgriff.net\/wp-content\/uploads\/2016\/05\/23-durch-das-wilde-Tschechien.jpg?resize=400%2C300&amp;ssl=1 400w\" width=\"242\" height=\"181\" loading=\"lazy\" data-original-width=\"242\" data-original-height=\"181\" itemprop=\"http:\/\/schema.org\/image\" title=\"23 durch das wilde Tschechien\" alt=\"durch das wilde Tschechien\" style=\"width: 242px; height: 181px;\" \/> <\/a> <div class=\"tiled-gallery-caption\" itemprop=\"caption description\"> durch das wilde Tschechien <\/div> <\/div> <\/div> <!-- close group --> <div class=\"gallery-group images-1\" style=\"width: 279px; height: 371px;\" data-original-width=\"279\" data-original-height=\"371\" > <div class=\"tiled-gallery-item tiled-gallery-item-large\" itemprop=\"associatedMedia\" itemscope itemtype=\"http:\/\/schema.org\/ImageObject\"> <a href=\"https:\/\/i0.wp.com\/blog.kunstgriff.net\/wp-content\/uploads\/2016\/05\/24-Endlich-wieder-Stullen-f%C3%BCr-die-hungrigen-Radfahrer.jpg?ssl=1\" border=\"0\" itemprop=\"url\"> <meta itemprop=\"width\" content=\"275\"> <meta itemprop=\"height\" content=\"367\"> <img decoding=\"async\" class=\"\" data-attachment-id=\"13400\" data-orig-file=\"https:\/\/blog.kunstgriff.net\/wp-content\/uploads\/2016\/05\/24-Endlich-wieder-Stullen-f\u00fcr-die-hungrigen-Radfahrer.jpg\" data-orig-size=\"1500,2000\" data-comments-opened=\"1\" data-image-meta=\"{&quot;aperture&quot;:&quot;2.8&quot;,&quot;credit&quot;:&quot;&quot;,&quot;camera&quot;:&quot;Canon DIGITAL IXUS 870 IS&quot;,&quot;caption&quot;:&quot;&quot;,&quot;created_timestamp&quot;:&quot;1462622972&quot;,&quot;copyright&quot;:&quot;&quot;,&quot;focal_length&quot;:&quot;5&quot;,&quot;iso&quot;:&quot;80&quot;,&quot;shutter_speed&quot;:&quot;0.0015625&quot;,&quot;title&quot;:&quot;&quot;,&quot;orientation&quot;:&quot;1&quot;}\" data-image-title=\"24 Endlich wieder Stullen f\u00fcr die hungrigen Radfahrer\" data-image-description=\"\" data-medium-file=\"https:\/\/i0.wp.com\/blog.kunstgriff.net\/wp-content\/uploads\/2016\/05\/24-Endlich-wieder-Stullen-f%C3%BCr-die-hungrigen-Radfahrer.jpg?fit=225%2C300&#038;ssl=1\" data-large-file=\"https:\/\/i0.wp.com\/blog.kunstgriff.net\/wp-content\/uploads\/2016\/05\/24-Endlich-wieder-Stullen-f%C3%BCr-die-hungrigen-Radfahrer.jpg?fit=768%2C1024&#038;ssl=1\" src=\"https:\/\/i0.wp.com\/blog.kunstgriff.net\/wp-content\/uploads\/2016\/05\/24-Endlich-wieder-Stullen-f%C3%BCr-die-hungrigen-Radfahrer.jpg?w=275&#038;h=367&#038;ssl=1\" width=\"275\" height=\"367\" loading=\"lazy\" data-original-width=\"275\" data-original-height=\"367\" itemprop=\"http:\/\/schema.org\/image\" title=\"24 Endlich wieder Stullen f\u00fcr die hungrigen Radfahrer\" alt=\"Endlich wieder Stullen f\u00fcr die hungrigen Radfahrer\" style=\"width: 275px; height: 367px;\" \/> <\/a> <div class=\"tiled-gallery-caption\" itemprop=\"caption description\"> Endlich wieder Stullen f\u00fcr die hungrigen Radfahrer <\/div> <\/div> <\/div> <!-- close group --> <\/div> <!-- close row --> <div class=\"gallery-row\" style=\"width: 525px; height: 198px;\" data-original-width=\"525\" data-original-height=\"198\" > <div class=\"gallery-group images-1\" style=\"width: 263px; height: 198px;\" data-original-width=\"263\" data-original-height=\"198\" > <div class=\"tiled-gallery-item tiled-gallery-item-large\" itemprop=\"associatedMedia\" itemscope itemtype=\"http:\/\/schema.org\/ImageObject\"> <a href=\"https:\/\/i0.wp.com\/blog.kunstgriff.net\/wp-content\/uploads\/2016\/05\/26-Peter-kredentzt-Ban%C3%A4nchen.jpg?ssl=1\" border=\"0\" itemprop=\"url\"> <meta itemprop=\"width\" content=\"259\"> <meta itemprop=\"height\" content=\"194\"> <img decoding=\"async\" class=\"\" data-attachment-id=\"13402\" data-orig-file=\"https:\/\/blog.kunstgriff.net\/wp-content\/uploads\/2016\/05\/26-Peter-kredentzt-Ban\u00e4nchen.jpg\" data-orig-size=\"1500,1125\" data-comments-opened=\"1\" data-image-meta=\"{&quot;aperture&quot;:&quot;2.8&quot;,&quot;credit&quot;:&quot;&quot;,&quot;camera&quot;:&quot;Canon DIGITAL IXUS 870 IS&quot;,&quot;caption&quot;:&quot;&quot;,&quot;created_timestamp&quot;:&quot;1462624482&quot;,&quot;copyright&quot;:&quot;&quot;,&quot;focal_length&quot;:&quot;5&quot;,&quot;iso&quot;:&quot;80&quot;,&quot;shutter_speed&quot;:&quot;0.0025&quot;,&quot;title&quot;:&quot;&quot;,&quot;orientation&quot;:&quot;1&quot;}\" data-image-title=\"26 Peter kredentzt Ban\u00e4nchen\" data-image-description=\"\" data-medium-file=\"https:\/\/i0.wp.com\/blog.kunstgriff.net\/wp-content\/uploads\/2016\/05\/26-Peter-kredentzt-Ban%C3%A4nchen.jpg?fit=300%2C225&#038;ssl=1\" data-large-file=\"https:\/\/i0.wp.com\/blog.kunstgriff.net\/wp-content\/uploads\/2016\/05\/26-Peter-kredentzt-Ban%C3%A4nchen.jpg?fit=1024%2C768&#038;ssl=1\" src=\"https:\/\/i0.wp.com\/blog.kunstgriff.net\/wp-content\/uploads\/2016\/05\/26-Peter-kredentzt-Ban%C3%A4nchen.jpg?w=259&#038;h=194&#038;ssl=1\" width=\"259\" height=\"194\" loading=\"lazy\" data-original-width=\"259\" data-original-height=\"194\" itemprop=\"http:\/\/schema.org\/image\" title=\"26 Peter kredentzt Ban\u00e4nchen\" alt=\"Peter Scheunemann kredentzt Ban\u00e4nchen\" style=\"width: 259px; height: 194px;\" \/> <\/a> <div class=\"tiled-gallery-caption\" itemprop=\"caption description\"> Peter Scheunemann kredentzt Ban\u00e4nchen <\/div> <\/div> <\/div> <!-- close group --> <div class=\"gallery-group images-1\" style=\"width: 262px; height: 198px;\" data-original-width=\"262\" data-original-height=\"198\" > <div class=\"tiled-gallery-item tiled-gallery-item-large\" itemprop=\"associatedMedia\" itemscope itemtype=\"http:\/\/schema.org\/ImageObject\"> <a href=\"https:\/\/i0.wp.com\/blog.kunstgriff.net\/wp-content\/uploads\/2016\/05\/25-die-fleissigen-HelferInnen-beim-Brote-bereiten.jpg?ssl=1\" border=\"0\" itemprop=\"url\"> <meta itemprop=\"width\" content=\"258\"> <meta itemprop=\"height\" content=\"194\"> <img decoding=\"async\" class=\"\" data-attachment-id=\"13401\" data-orig-file=\"https:\/\/blog.kunstgriff.net\/wp-content\/uploads\/2016\/05\/25-die-fleissigen-HelferInnen-beim-Brote-bereiten.jpg\" data-orig-size=\"1500,1125\" data-comments-opened=\"1\" data-image-meta=\"{&quot;aperture&quot;:&quot;2.8&quot;,&quot;credit&quot;:&quot;&quot;,&quot;camera&quot;:&quot;Canon DIGITAL IXUS 870 IS&quot;,&quot;caption&quot;:&quot;&quot;,&quot;created_timestamp&quot;:&quot;1462624180&quot;,&quot;copyright&quot;:&quot;&quot;,&quot;focal_length&quot;:&quot;5&quot;,&quot;iso&quot;:&quot;80&quot;,&quot;shutter_speed&quot;:&quot;0.005&quot;,&quot;title&quot;:&quot;&quot;,&quot;orientation&quot;:&quot;1&quot;}\" data-image-title=\"25 die fleissigen HelferInnen beim Brote bereiten\" data-image-description=\"\" data-medium-file=\"https:\/\/i0.wp.com\/blog.kunstgriff.net\/wp-content\/uploads\/2016\/05\/25-die-fleissigen-HelferInnen-beim-Brote-bereiten.jpg?fit=300%2C225&#038;ssl=1\" data-large-file=\"https:\/\/i0.wp.com\/blog.kunstgriff.net\/wp-content\/uploads\/2016\/05\/25-die-fleissigen-HelferInnen-beim-Brote-bereiten.jpg?fit=1024%2C768&#038;ssl=1\" src=\"https:\/\/i0.wp.com\/blog.kunstgriff.net\/wp-content\/uploads\/2016\/05\/25-die-fleissigen-HelferInnen-beim-Brote-bereiten.jpg?w=258&#038;h=194&#038;ssl=1\" srcset=\"https:\/\/i0.wp.com\/blog.kunstgriff.net\/wp-content\/uploads\/2016\/05\/25-die-fleissigen-HelferInnen-beim-Brote-bereiten.jpg?w=1500&amp;ssl=1 1500w, https:\/\/i0.wp.com\/blog.kunstgriff.net\/wp-content\/uploads\/2016\/05\/25-die-fleissigen-HelferInnen-beim-Brote-bereiten.jpg?resize=300%2C225&amp;ssl=1 300w, https:\/\/i0.wp.com\/blog.kunstgriff.net\/wp-content\/uploads\/2016\/05\/25-die-fleissigen-HelferInnen-beim-Brote-bereiten.jpg?resize=768%2C576&amp;ssl=1 768w, https:\/\/i0.wp.com\/blog.kunstgriff.net\/wp-content\/uploads\/2016\/05\/25-die-fleissigen-HelferInnen-beim-Brote-bereiten.jpg?resize=1024%2C768&amp;ssl=1 1024w, https:\/\/i0.wp.com\/blog.kunstgriff.net\/wp-content\/uploads\/2016\/05\/25-die-fleissigen-HelferInnen-beim-Brote-bereiten.jpg?resize=400%2C300&amp;ssl=1 400w\" width=\"258\" height=\"194\" loading=\"lazy\" data-original-width=\"258\" data-original-height=\"194\" itemprop=\"http:\/\/schema.org\/image\" title=\"25 die fleissigen HelferInnen beim Brote bereiten\" alt=\"Die fleissigen HelferInnen beim Brote bereiten\" style=\"width: 258px; height: 194px;\" \/> <\/a> <div class=\"tiled-gallery-caption\" itemprop=\"caption description\"> Die fleissigen HelferInnen beim Brote bereiten <\/div> <\/div> <\/div> <!-- close group --> <\/div> <!-- close row --> <\/div>\n","protected":false},"excerpt":{"rendered":"<p>134 km | 2.446 H\u00f6henmeter Der Tag begann spannend, denn eigentlich waren es zu viele Biere in der Nach zuvor so waren nicht nur die Beine schwer, sondern auch der K\u00f6rper. Kopfschmerztabletten waren auf Grund der hohen Qualit\u00e4t des tschechischen Bieres gl\u00fccklicherweise\u00a0nicht n\u00f6tig. Auch nach dem ausgiebigen Fr\u00fchst\u00fcck, welches ein wenig Kraft in die morschen &hellip; <\/p>\n<p class=\"link-more\"><a href=\"https:\/\/blog.kunstgriff.net\/?p=13419\" class=\"more-link\"><span class=\"screen-reader-text\">\u201eAuf Friedensfahrt\u2013Kurs 2016 4. Tag: Ji\u010d\u00edn -> Karpacz\u201c <\/span>weiterlesen<\/a><\/p>\n","protected":false},"author":2,"featured_media":13398,"comment_status":"open","ping_status":"open","sticky":false,"template":"","format":"standard","meta":{"jetpack_post_was_ever_published":false,"_jetpack_newsletter_access":"","_jetpack_dont_email_post_to_subs":false,"_jetpack_newsletter_tier_id":0,"_jetpack_memberships_contains_paywalled_content":false,"_jetpack_memberships_contains_paid_content":false,"footnotes":""},"categories":[14,13,7],"tags":[],"class_list":["post-13419","post","type-post","status-publish","format-standard","has-post-thumbnail","hentry","category-radfahren","category-radreise","category-rennradfahren"],"jetpack_featured_media_url":"https:\/\/i0.wp.com\/blog.kunstgriff.net\/wp-content\/uploads\/2016\/05\/22-Gruppenfoto-vor-der-Abfahrt-in-Ji%C4%8D%C3%ADn.jpg?fit=1500%2C1125&ssl=1","jetpack_shortlink":"https:\/\/wp.me\/p8Cxe7-3ur","jetpack-related-posts":[{"id":8495,"url":"https:\/\/blog.kunstgriff.net\/?p=8495","url_meta":{"origin":13419,"position":0},"title":"Bernds-Blankensee-Feierabendrunde v3","author":"Georg","date":"Juli 10, 2012","format":false,"excerpt":"oder \u00bbOhne Kraft bolzen \u2013 kann das gut gehen?\u00ab Als ich das letzte mal diese sch\u00f6ne Feierabendrunde gefahren bin waren wir nur zu dritt \u2013 heute waren es 11 Rennradler und 1 Liegeradler, die sich auf Bernds Runde machen wollten. Wie gewohnt ging es gleich flott die Krone herunter. Oliver\u2026","rel":"","context":"In &quot;Radfahren&quot;","block_context":{"text":"Radfahren","link":"https:\/\/blog.kunstgriff.net\/?cat=14"},"img":{"alt_text":"","src":"https:\/\/i0.wp.com\/blog.kunstgriff.net\/wp-content\/uploads\/2012\/07\/Zu-zw%C3%B6lft-bei-der-kurzen-Halbzeitpause-in-St%C3%BCcken-300x225.jpg?resize=350%2C200","width":350,"height":200},"classes":[]},{"id":12371,"url":"https:\/\/blog.kunstgriff.net\/?p=12371","url_meta":{"origin":13419,"position":1},"title":"Mallorca Trainingscamp 2015 &#8211; Tag 5 &#8211; Esporles &#8211; Palma &#8211; Lluc","author":"Georg","date":"M\u00e4rz 23, 2015","format":false,"excerpt":"oder \u00bbWieder auf nen Caf\u00e9 in die Inselhauptstadt\u00ab Begeistert stieg ich heute auf meinen Renner, denn ein meiner Lieblingstouren auf dieser Insel stand auf dem Plan: Es sollte \u00a0wieder in den Yachthafen von Palma gehen. Die Fahrt dorthin hat eine lange Tradition und wird schon seit Jahren gefahren. Die Aufzeichnungen\u2026","rel":"","context":"In &quot;Radfahren&quot;","block_context":{"text":"Radfahren","link":"https:\/\/blog.kunstgriff.net\/?cat=14"},"img":{"alt_text":"","src":"https:\/\/i0.wp.com\/blog.kunstgriff.net\/wp-content\/uploads\/2015\/03\/Wieder-mal-geschafft-die-Jungs-von-der-Tankstelle.jpg?fit=1200%2C900&ssl=1&resize=350%2C200","width":350,"height":200,"srcset":"https:\/\/i0.wp.com\/blog.kunstgriff.net\/wp-content\/uploads\/2015\/03\/Wieder-mal-geschafft-die-Jungs-von-der-Tankstelle.jpg?fit=1200%2C900&ssl=1&resize=350%2C200 1x, https:\/\/i0.wp.com\/blog.kunstgriff.net\/wp-content\/uploads\/2015\/03\/Wieder-mal-geschafft-die-Jungs-von-der-Tankstelle.jpg?fit=1200%2C900&ssl=1&resize=525%2C300 1.5x, https:\/\/i0.wp.com\/blog.kunstgriff.net\/wp-content\/uploads\/2015\/03\/Wieder-mal-geschafft-die-Jungs-von-der-Tankstelle.jpg?fit=1200%2C900&ssl=1&resize=700%2C400 2x, https:\/\/i0.wp.com\/blog.kunstgriff.net\/wp-content\/uploads\/2015\/03\/Wieder-mal-geschafft-die-Jungs-von-der-Tankstelle.jpg?fit=1200%2C900&ssl=1&resize=1050%2C600 3x"},"classes":[]},{"id":12347,"url":"https:\/\/blog.kunstgriff.net\/?p=12347","url_meta":{"origin":13419,"position":2},"title":"Mallorca Trainingscamp 2015 &#8211; Tag 3 &#8211; Randa in the rain","author":"Georg","date":"M\u00e4rz 20, 2015","format":false,"excerpt":"oder \u00bbDas Wetter war auch schon mal besser hier\u00abRichtig begeistert war ich nicht, mich heute nach dem Fr\u00fchst\u00fcck auf den Renner zu schwingen. Nicht nur dass der Himmel sich grau in grau zeigte, auch blies ein sehr starker Wind, der uns das Fahren sicher nur auf einigen wenigen Passagen erleichtern\u2026","rel":"","context":"In &quot;Radfahren&quot;","block_context":{"text":"Radfahren","link":"https:\/\/blog.kunstgriff.net\/?cat=14"},"img":{"alt_text":"","src":"https:\/\/i0.wp.com\/blog.kunstgriff.net\/wp-content\/uploads\/2015\/03\/Titel.jpg?fit=1200%2C612&ssl=1&resize=350%2C200","width":350,"height":200,"srcset":"https:\/\/i0.wp.com\/blog.kunstgriff.net\/wp-content\/uploads\/2015\/03\/Titel.jpg?fit=1200%2C612&ssl=1&resize=350%2C200 1x, https:\/\/i0.wp.com\/blog.kunstgriff.net\/wp-content\/uploads\/2015\/03\/Titel.jpg?fit=1200%2C612&ssl=1&resize=525%2C300 1.5x, https:\/\/i0.wp.com\/blog.kunstgriff.net\/wp-content\/uploads\/2015\/03\/Titel.jpg?fit=1200%2C612&ssl=1&resize=700%2C400 2x, https:\/\/i0.wp.com\/blog.kunstgriff.net\/wp-content\/uploads\/2015\/03\/Titel.jpg?fit=1200%2C612&ssl=1&resize=1050%2C600 3x"},"classes":[]},{"id":8519,"url":"https:\/\/blog.kunstgriff.net\/?p=8519","url_meta":{"origin":13419,"position":3},"title":"Harz-Tour 2012 &#8211; Tag 2","author":"Georg","date":"Juli 14, 2012","format":false,"excerpt":"oder \u00bbHeute mal mein echter Rennrad-Blues\u00abDie ganze Nacht prasselte der Regen auf unsere Fensterbank und auch beim Br\u00f6tchen holen nach dem Aufstehen wurden wir ordentlich eingeregnet. Suboptimale Bedingungen f\u00fcr einen sch\u00f6nen Tag auf unseren Rennern. Uns blieb nicht anderes \u00fcbrig, als ausgiebig zu Fr\u00fchst\u00fccken und auf Regenl\u00f6cher bzw. ein abziehendes\u2026","rel":"","context":"In &quot;Radfahren&quot;","block_context":{"text":"Radfahren","link":"https:\/\/blog.kunstgriff.net\/?cat=14"},"img":{"alt_text":"","src":"https:\/\/i0.wp.com\/blog.kunstgriff.net\/wp-content\/uploads\/2012\/07\/Noch-scheint-die-Sonne-150x150.jpg?resize=350%2C200","width":350,"height":200},"classes":[]},{"id":22879,"url":"https:\/\/blog.kunstgriff.net\/?p=22879","url_meta":{"origin":13419,"position":4},"title":"WfF Slowenien Tour 2022 &#8211; Tag 3: Nova Gorica nach Blet","author":"Georg","date":"Mai 10, 2022","format":false,"excerpt":"Traumstrasse auf dem Grenzkamm Heute versprachen die Streckeplaner:innen einiges an Tourenvariationen. Das lag an den sehr vielen H\u00f6henmetern die mitgenommen werden konnten oder auch umfahren werden durften. Dann konnte man auch noch kombinieren: Vor und nach dem Buffet. Eigentlich nicht wirklich kompliziert, denn Christian verkaufte uns den Tag auf dem\u2026","rel":"","context":"In &quot;Radfahren&quot;","block_context":{"text":"Radfahren","link":"https:\/\/blog.kunstgriff.net\/?cat=14"},"img":{"alt_text":"Klasse Ausblick","src":"https:\/\/i0.wp.com\/blog.kunstgriff.net\/wp-content\/uploads\/2022\/05\/Klasse-Ausblick.jpg?fit=1200%2C900&ssl=1&resize=350%2C200","width":350,"height":200,"srcset":"https:\/\/i0.wp.com\/blog.kunstgriff.net\/wp-content\/uploads\/2022\/05\/Klasse-Ausblick.jpg?fit=1200%2C900&ssl=1&resize=350%2C200 1x, https:\/\/i0.wp.com\/blog.kunstgriff.net\/wp-content\/uploads\/2022\/05\/Klasse-Ausblick.jpg?fit=1200%2C900&ssl=1&resize=525%2C300 1.5x, https:\/\/i0.wp.com\/blog.kunstgriff.net\/wp-content\/uploads\/2022\/05\/Klasse-Ausblick.jpg?fit=1200%2C900&ssl=1&resize=700%2C400 2x, https:\/\/i0.wp.com\/blog.kunstgriff.net\/wp-content\/uploads\/2022\/05\/Klasse-Ausblick.jpg?fit=1200%2C900&ssl=1&resize=1050%2C600 3x"},"classes":[]},{"id":7486,"url":"https:\/\/blog.kunstgriff.net\/?p=7486","url_meta":{"origin":13419,"position":5},"title":"Mallorca Trainingscamp 2012 &#8211; Tag 3 &#8211; Col de S\u00f3ller &#038; Dey\u00e1","author":"Georg","date":"M\u00e4rz 11, 2012","format":false,"excerpt":"oder \u00bbimmer lockt der Berg\u00ab Heute waren wieder einige H\u00f6henmeter auf dem Zettel; nix f\u00fcr Sonntagsfahrer. Der Einstieg rollte \u00fcber das wundersch\u00f6ne Peter-Maffay-Tal, das ich in diesem Jahr das erste mal durchqueren durfte. Die Gruppe, welche heute noch durch Karin & Christoph erg\u00e4nzt wurde, harmonierte erstklassig und so kamen wir\u2026","rel":"","context":"In &quot;Radreise&quot;","block_context":{"text":"Radreise","link":"https:\/\/blog.kunstgriff.net\/?cat=13"},"img":{"alt_text":"","src":"https:\/\/i0.wp.com\/blog.kunstgriff.net\/wp-content\/uploads\/2012\/03\/kurz-hinter-Selva.jpg?resize=350%2C200","width":350,"height":200,"srcset":"https:\/\/i0.wp.com\/blog.kunstgriff.net\/wp-content\/uploads\/2012\/03\/kurz-hinter-Selva.jpg?resize=350%2C200 1x, https:\/\/i0.wp.com\/blog.kunstgriff.net\/wp-content\/uploads\/2012\/03\/kurz-hinter-Selva.jpg?resize=525%2C300 1.5x, https:\/\/i0.wp.com\/blog.kunstgriff.net\/wp-content\/uploads\/2012\/03\/kurz-hinter-Selva.jpg?resize=700%2C400 2x"},"classes":[]}],"jetpack_likes_enabled":true,"jetpack_sharing_enabled":true,"_links":{"self":[{"href":"https:\/\/blog.kunstgriff.net\/index.php?rest_route=\/wp\/v2\/posts\/13419","targetHints":{"allow":["GET"]}}],"collection":[{"href":"https:\/\/blog.kunstgriff.net\/index.php?rest_route=\/wp\/v2\/posts"}],"about":[{"href":"https:\/\/blog.kunstgriff.net\/index.php?rest_route=\/wp\/v2\/types\/post"}],"author":[{"embeddable":true,"href":"https:\/\/blog.kunstgriff.net\/index.php?rest_route=\/wp\/v2\/users\/2"}],"replies":[{"embeddable":true,"href":"https:\/\/blog.kunstgriff.net\/index.php?rest_route=%2Fwp%2Fv2%2Fcomments&post=13419"}],"version-history":[{"count":0,"href":"https:\/\/blog.kunstgriff.net\/index.php?rest_route=\/wp\/v2\/posts\/13419\/revisions"}],"wp:featuredmedia":[{"embeddable":true,"href":"https:\/\/blog.kunstgriff.net\/index.php?rest_route=\/wp\/v2\/media\/13398"}],"wp:attachment":[{"href":"https:\/\/blog.kunstgriff.net\/index.php?rest_route=%2Fwp%2Fv2%2Fmedia&parent=13419"}],"wp:term":[{"taxonomy":"category","embeddable":true,"href":"https:\/\/blog.kunstgriff.net\/index.php?rest_route=%2Fwp%2Fv2%2Fcategories&post=13419"},{"taxonomy":"post_tag","embeddable":true,"href":"https:\/\/blog.kunstgriff.net\/index.php?rest_route=%2Fwp%2Fv2%2Ftags&post=13419"}],"curies":[{"name":"wp","href":"https:\/\/api.w.org\/{rel}","templated":true}]}}