{"id":1440,"date":"2010-05-30T20:21:28","date_gmt":"2010-05-30T18:21:28","guid":{"rendered":"http:\/\/blog.kunstgriff.net\/?p=1440"},"modified":"2017-06-13T16:30:35","modified_gmt":"2017-06-13T14:30:35","slug":"skoda-velothon-berlin-2010","status":"publish","type":"post","link":"https:\/\/blog.kunstgriff.net\/?p=1440","title":{"rendered":"Skoda Velothon Berlin 2010"},"content":{"rendered":"<span class=\"span-reading-time rt-reading-time\" style=\"display: block;\"><span class=\"rt-label rt-prefix\">Lesezeit: <\/span> <span class=\"rt-time\"> 6<\/span> <span class=\"rt-label rt-postfix\">Minuten<\/span><\/span><p>Die Nacht war kurz, denn der <a href=\"http:\/\/de.wikipedia.org\/wiki\/Eurovision_Song_Contest\" target=\"_blank\" rel=\"noopener\">Grand Prix Eurovision<\/a> mit <a href=\"http:\/\/www.oe24.at\/multimedia\/archive\/00395\/lena1_395074a.jpg\" target=\"_blank\" rel=\"noopener\">unserer Lena<\/a> wollte am Vorabend gesehen werden und so kam ich erst um kurz nach 1 ins Bett und der Wecker klingelte gewohnt um 6:29 Uhr.<\/p>\n<p>Ich war sofort hellwach und wagte einen Blick aus dem Wohnzimmerfenster auf die Stra\u00dfe und den nassen Asphalt. Es regnete in kleinen Tropfen und lud mich nicht gerade ein, heute mein erstes Radrennen, den <a href=\"http:\/\/www.skoda-velothon-berlin.de\/\" target=\"_blank\" rel=\"noopener\">Skoda Velothon Berlin 2010<\/a>,&nbsp;zu fahren. Ich wog ab und war hin &amp; her gerissen ob ich wirklich zu dem Event antreten sollte.<\/p>\n<p>Mir war wegen der allgemeinen Sturzgefahr bei dieser Veranstaltung sowieso schon ganz mulmig und dann das ganze noch bei Regen? Das konnte <span style=\"text-decoration: line-through;\">nur<\/span> heiter werden\u2026<\/p>\n<p>Aber ich konnte meine <a href=\"http:\/\/blog.kunstgriff.net\/wp-content\/uploads\/2010\/05\/amigos90.png\" target=\"_blank\" rel=\"noopener\">amigos90<\/a> ja nicht h\u00e4ngen lassen und so machte ich mich nach einem <em>Power-Fr\u00fchst\u00fcck<\/em> mit einer gro\u00dfen Portion M\u00fcsli mit Eiweisspulver und <a href=\"http:\/\/de.wikipedia.org\/wiki\/Ovomaltine\" target=\"_blank\" rel=\"noopener\">Ovomaltine<\/a>, mit den <em><a href=\"http:\/\/www.bvg.de\/\" target=\"_blank\" rel=\"noopener\">\u00d6fis<\/a><\/em> auf den Weg zum Brandenburger-Tor.<\/p>\n<p>Dort traf ich in der Charlottenstra\u00dfe auf Karin, welche ich freudig begr\u00fc\u00dfte. Es gab also noch andere Verr\u00fcckte die bei solch einer Wetterprognose den Velothon fahren wollten. Ich wahr beruhigt und f\u00fchlte mich best\u00e4tigt die richtige Entscheidung getroffen zu haben.<\/p>\n<p><a href=\"https:\/\/i0.wp.com\/blog.kunstgriff.net\/wp-content\/uploads\/2010\/05\/DSCF1130.jpg\"><img data-recalc-dims=\"1\" loading=\"lazy\" decoding=\"async\" data-attachment-id=\"1450\" data-permalink=\"https:\/\/blog.kunstgriff.net\/?attachment_id=1450\" data-orig-file=\"https:\/\/i0.wp.com\/blog.kunstgriff.net\/wp-content\/uploads\/2010\/05\/DSCF1130.jpg?fit=1000%2C750&amp;ssl=1\" data-orig-size=\"1000,750\" data-comments-opened=\"1\" data-image-meta=\"{&quot;aperture&quot;:&quot;3.7&quot;,&quot;credit&quot;:&quot;&quot;,&quot;camera&quot;:&quot;FinePix Z33WP&quot;,&quot;caption&quot;:&quot;&quot;,&quot;created_timestamp&quot;:&quot;1275203618&quot;,&quot;copyright&quot;:&quot;&quot;,&quot;focal_length&quot;:&quot;6.3&quot;,&quot;iso&quot;:&quot;100&quot;,&quot;shutter_speed&quot;:&quot;0.0047619047619048&quot;,&quot;title&quot;:&quot;&quot;}\" data-image-title=\"DSCF1130\" data-image-description=\"\" data-image-caption=\"\" data-large-file=\"https:\/\/i0.wp.com\/blog.kunstgriff.net\/wp-content\/uploads\/2010\/05\/DSCF1130.jpg?fit=1000%2C750&amp;ssl=1\" class=\"alignleft size-medium wp-image-1450\" style=\"margin: 0px; border: 10px solid white;\" title=\"DSCF1130\" src=\"https:\/\/i0.wp.com\/blog.kunstgriff.net\/wp-content\/uploads\/2010\/05\/DSCF1130-300x225.jpg?resize=270%2C203\" alt=\"\" width=\"270\" height=\"203\" srcset=\"https:\/\/i0.wp.com\/blog.kunstgriff.net\/wp-content\/uploads\/2010\/05\/DSCF1130.jpg?resize=300%2C225&amp;ssl=1 300w, https:\/\/i0.wp.com\/blog.kunstgriff.net\/wp-content\/uploads\/2010\/05\/DSCF1130.jpg?w=1000&amp;ssl=1 1000w\" sizes=\"auto, (max-width: 270px) 100vw, 270px\" \/><\/a>Zielstrebig erreichte ich gegen 8:40 Uhr den Startblock B, welcher noch nicht wirklich gef\u00fcllt war und so konnte ich leicht Zeljo, Mina, Jasper und Oleg entdecken. Sven und Oliver kamen auch hinzu und so war unsere Gang komplett. Wenige Minuten vor dem Start ging dann mein Puls von 80 auf 109 und ich merkte wie die Nervosit\u00e4t in mir st\u00e4rker wurde. Viele Fragen schossen durch meinen Kopf: W\u00fcrde ich mit allen mithalten k\u00f6nnen, auch an den leichten Anstiegen? W\u00fcrde es gleich richtig zur Sache gehen? W\u00fcrde das Material halten? W\u00fcrden die anderen Fahrer so vorausschauend fahren, das es zu keinen St\u00fcrzen kommen wird, die mich dann ggf. mitrei\u00dfen w\u00fcrden? Bei den vielen Gedanken war keine Zeit an das Wetter und die richtige Kleidungswahl zu denken. Das musste einfach passen und passte.<\/p>\n<p>Und pl\u00f6tzlich war es halb zehn und der Startschuss t\u00f6nte. Aber leider nicht f\u00fcr uns. Die Veranstalter wollten Block A und B gleichzeitig starten lassen, was sie aber nicht taten. So mussten wir uns gef\u00fchlte Stunden hinter dem Absperrband gedulden bis uns endlich die neutralisierenden Inlineskater durch das Brandenburger-Tor f\u00fchrten.<\/p>\n<p><a href=\"https:\/\/i0.wp.com\/blog.kunstgriff.net\/wp-content\/uploads\/2010\/05\/DSCF1131.jpg\"><img data-recalc-dims=\"1\" loading=\"lazy\" decoding=\"async\" data-attachment-id=\"1451\" data-permalink=\"https:\/\/blog.kunstgriff.net\/?attachment_id=1451\" data-orig-file=\"https:\/\/i0.wp.com\/blog.kunstgriff.net\/wp-content\/uploads\/2010\/05\/DSCF1131.jpg?fit=1000%2C750&amp;ssl=1\" data-orig-size=\"1000,750\" data-comments-opened=\"1\" data-image-meta=\"{&quot;aperture&quot;:&quot;3.7&quot;,&quot;credit&quot;:&quot;&quot;,&quot;camera&quot;:&quot;FinePix Z33WP&quot;,&quot;caption&quot;:&quot;&quot;,&quot;created_timestamp&quot;:&quot;1275203632&quot;,&quot;copyright&quot;:&quot;&quot;,&quot;focal_length&quot;:&quot;6.3&quot;,&quot;iso&quot;:&quot;100&quot;,&quot;shutter_speed&quot;:&quot;0.0041666666666667&quot;,&quot;title&quot;:&quot;&quot;}\" data-image-title=\"DSCF1131\" data-image-description=\"\" data-image-caption=\"\" data-large-file=\"https:\/\/i0.wp.com\/blog.kunstgriff.net\/wp-content\/uploads\/2010\/05\/DSCF1131.jpg?fit=1000%2C750&amp;ssl=1\" class=\"size-medium wp-image-1451 alignright\" style=\"border: 10px solid white;\" title=\"DSCF1131\" src=\"https:\/\/i0.wp.com\/blog.kunstgriff.net\/wp-content\/uploads\/2010\/05\/DSCF1131-300x225.jpg?resize=270%2C203\" alt=\"\" width=\"270\" height=\"203\" srcset=\"https:\/\/i0.wp.com\/blog.kunstgriff.net\/wp-content\/uploads\/2010\/05\/DSCF1131.jpg?resize=300%2C225&amp;ssl=1 300w, https:\/\/i0.wp.com\/blog.kunstgriff.net\/wp-content\/uploads\/2010\/05\/DSCF1131.jpg?w=1000&amp;ssl=1 1000w\" sizes=\"auto, (max-width: 270px) 100vw, 270px\" \/><\/a>Dann gleich eine scharfe Linkskurve und es ging im Affenzahn zum Potsdamer-Platz. Sofort war Unterlenkergriff und gro\u00dfes Blatt angesagt. Es wurde flott, sehr flott gefahren und es bereitete mir keine gro\u00dfen Schwierigkeiten mich einzufinden. Zoo und Ernst-Reuther-Platz wurden passiert. Die Stra\u00dfen waren perfekt abgesperrt und \u00fcber unseren K\u00f6pfen waren immer wieder Hubschrauber zu h\u00f6ren. Eine tolle Rennatmosph\u00e4re war das, die uns die Hauptstadt da bot.<\/p>\n<p>Nun begann ich mir Gedanken \u00fcber den leichten Anstieg, die Spandauer-Damm-Br\u00fccke hoch zu machen. Da fuhr ich oft lang, und kannte den ganz leichten Anstieg schon. Ich war \u00fcberrascht wie einfach sich solch eine Welle in einer gro\u00dfen Gruppe b\u00fcgeln l\u00e4sst. Ich musste aufpassen keinem hinten rein zu fahren, weil ich so viel Schub hatte. Meine Sorgen waren also unbegr\u00fcndet.<\/p>\n<p>Weiter \u00fcber die Charlottenburger Chaussee. Ein kurzer Blick auf den Garmin verriet einen glatten 44er Schnitt. Voll im Soll. Sauber.<\/p>\n<p style=\"text-align: center;\"><a href=\"https:\/\/i0.wp.com\/blog.kunstgriff.net\/wp-content\/uploads\/2010\/05\/DSCF1133.jpg\"><img data-recalc-dims=\"1\" loading=\"lazy\" decoding=\"async\" data-attachment-id=\"1452\" data-permalink=\"https:\/\/blog.kunstgriff.net\/?attachment_id=1452\" data-orig-file=\"https:\/\/i0.wp.com\/blog.kunstgriff.net\/wp-content\/uploads\/2010\/05\/DSCF1133.jpg?fit=1000%2C750&amp;ssl=1\" data-orig-size=\"1000,750\" data-comments-opened=\"1\" data-image-meta=\"{&quot;aperture&quot;:&quot;3.7&quot;,&quot;credit&quot;:&quot;&quot;,&quot;camera&quot;:&quot;FinePix Z33WP&quot;,&quot;caption&quot;:&quot;&quot;,&quot;created_timestamp&quot;:&quot;1275203863&quot;,&quot;copyright&quot;:&quot;&quot;,&quot;focal_length&quot;:&quot;6.3&quot;,&quot;iso&quot;:&quot;100&quot;,&quot;shutter_speed&quot;:&quot;0.0029411764705882&quot;,&quot;title&quot;:&quot;&quot;}\" data-image-title=\"DSCF1133\" data-image-description=\"\" data-image-caption=\"\" data-large-file=\"https:\/\/i0.wp.com\/blog.kunstgriff.net\/wp-content\/uploads\/2010\/05\/DSCF1133.jpg?fit=1000%2C750&amp;ssl=1\" class=\"aligncenter size-full wp-image-1452\" title=\"DSCF1133\" src=\"https:\/\/i0.wp.com\/blog.kunstgriff.net\/wp-content\/uploads\/2010\/05\/DSCF1133.jpg?resize=525%2C394\" alt=\"\" width=\"525\" height=\"394\" srcset=\"https:\/\/i0.wp.com\/blog.kunstgriff.net\/wp-content\/uploads\/2010\/05\/DSCF1133.jpg?w=1000&amp;ssl=1 1000w, https:\/\/i0.wp.com\/blog.kunstgriff.net\/wp-content\/uploads\/2010\/05\/DSCF1133.jpg?resize=300%2C225&amp;ssl=1 300w\" sizes=\"auto, (max-width: 525px) 100vw, 525px\" \/><\/a><\/p>\n<p>Nun ging es \u00fcber Kopfsteinpflaster auf die Havelchaussee und ich war erfreut wie diszipliniert diese erste Gefahrenstelle von allen Teilnehmern gefahren wurde: Es kam zu keinen Ber\u00fchrungen oder gar St\u00fcrzen. Ich war gut in Fahrt und konnte viele Fahrer auf den beiden Anstiegen \u00fcberholen. Leider war ich wohl nicht gut genug um an der Gruppe dran zu bleiben welche schon zur A-Gruppe aufgeschlossen hatte und diese bereits nach wenigen Kilometern kassiert hatte. Wir sahen die erste Gruppe nun etwa 400 Meter vor uns, aber keiner in meiner Gruppe, die zum gr\u00f6\u00dften Teil, zu erkennen an den R\u00fcckennummern, aus geplatzten A-Grupplern bestand, hatte ernste Ambitionen wieder an die andere Gruppe vor uns heran zu fahren. So landete ich recht schnell ganz vorne in diesem Feld und war auf einmal alleine im Wind. F\u00fcr einen echten Ausrei\u00dfversuch war ich nicht stark genug, bzw. hatte meine Amigos nicht um mich und von den anderen 30-40 Radlern hatte wirklich so gut wie keiner Lust vorne zu fahren. Die Konsequenz war, das die Reisegeschwindigkeit teilweise unter 35 km\/h viel und Sabine vom <a href=\"http:\/\/eisenschweinkader.org\/\" target=\"_blank\" rel=\"noopener\">ESK<\/a> und ein anderes M\u00e4dchen vorne im Wind fuhren. Das geht ja nun mal gar nicht! Die Situation war mir sehr unangenehm und ich ging immer wieder in die F\u00fchrung, was aber auch nicht wirklich ein dankbarer Job war. Auf der anderen Seite folgten nun viele Kreisverkehre aka <em>Gefahrenstellen <\/em>und ich war froh nicht in einem Pulk festh\u00e4ngend diese fahren zu m\u00fcssen.<\/p>\n<p>Das w\u00e4re mir am Kreisverkehr in G\u00fctersfelde fast zum Verh\u00e4ngnis geworde, wo ich meine einzige echt brenzlige Situation hatte: Ich fuhr recht weit rechts um dem Get\u00fcmmel an diesem Kreisverkehr zu entgehen, hatte aber trotzdem noch Radler vor mir, die urpl\u00f6tzlich nach links auswichen. Mir war nicht klar warum und da war es auch schon passiert: Direkt vor mir stand eine etwa 70 cm hoher <a href=\"http:\/\/www.secufence.de\/images\/SafetyBox\/pilonegeschlossen.jpg\" target=\"_blank\" rel=\"noopener\">rot-wei\u00dfe Kunsstoffpillone<\/a>, welche ich genau in der Mitte mit meinem Vorderrad anstie\u00df so das diese einen ca. 50 cm weiten Satz machte und ich dann hochkonzentriert einen kleinen Hacken um das Teil zirkeln konnte.<\/p>\n<p style=\"text-align: left;\">Das alles ohne Abzusteigen oder mich hin zu legen. Ich war erleichtert das nichts passiert war und beschleunigte wieder auf nun erh\u00f6hte Reisegeschwindigkeit, denn gl\u00fccklicherweise hatte uns von hinten kommende eine starke Gruppe kassiert, die vorne nun wieder m\u00e4chtig am Rad drehte.<\/p>\n<p>Wir erreichten die B101, welche extra f\u00fcr uns gesperrt war. Das war genial mal mit <em>Karacho<\/em> auf einer Autoschnellstra\u00dfe mit dem Rennrad unterwegs zu sein. Es h\u00e4tte aber gerade dort schneller gefahren werden k\u00f6nnen.<\/p>\n<p>Am Stra\u00dfenrand stehend neben einem Krankenwagen sah ich Heiko K.. Ich hoffe es ist nichts ernstes passiert!<\/p>\n<p>Der super Aphalt wurde abgel\u00f6st durch den rauen Tempelhofer Damm. Aber nun waren wieder Zuschauer an der Strecke die uns Beifall spendeten. Eine tolle Atmosph\u00e4re zum Rennrad fahren. Aber keine Zeit zum entspannen. Es musste st\u00e4ndig mit 100% Wachsamkeit gefahren werden, denn vor uns lag schon die n\u00e4chste Gefahrenstelle: Die scharfe Rechtskurve auf das Flugfeld des Flughafen Tempelhofs. Dort warteten einige Kurven auf uns, bevor es auf die eigentliche Landebahn ging. Nun stand ordentlich Gegenwind auf dem Programm und das Tempo wurde wieder langsamer. Richtig Spass hatte ich dort nicht, denn die Abfahrt war auch wieder eine Gefahrenstelle, weil die Fahrbahn sich verengte.<\/p>\n<p style=\"text-align: center;\"><a href=\"https:\/\/i0.wp.com\/blog.kunstgriff.net\/wp-content\/uploads\/2010\/05\/DSCF1136.jpg\"><img data-recalc-dims=\"1\" loading=\"lazy\" decoding=\"async\" data-attachment-id=\"1453\" data-permalink=\"https:\/\/blog.kunstgriff.net\/?attachment_id=1453\" data-orig-file=\"https:\/\/i0.wp.com\/blog.kunstgriff.net\/wp-content\/uploads\/2010\/05\/DSCF1136.jpg?fit=1000%2C750&amp;ssl=1\" data-orig-size=\"1000,750\" data-comments-opened=\"1\" data-image-meta=\"{&quot;aperture&quot;:&quot;3.7&quot;,&quot;credit&quot;:&quot;&quot;,&quot;camera&quot;:&quot;FinePix Z33WP&quot;,&quot;caption&quot;:&quot;&quot;,&quot;created_timestamp&quot;:&quot;1275204200&quot;,&quot;copyright&quot;:&quot;&quot;,&quot;focal_length&quot;:&quot;6.3&quot;,&quot;iso&quot;:&quot;100&quot;,&quot;shutter_speed&quot;:&quot;0.0033333333333333&quot;,&quot;title&quot;:&quot;&quot;}\" data-image-title=\"DSCF1136\" data-image-description=\"\" data-image-caption=\"\" data-large-file=\"https:\/\/i0.wp.com\/blog.kunstgriff.net\/wp-content\/uploads\/2010\/05\/DSCF1136.jpg?fit=1000%2C750&amp;ssl=1\" class=\"aligncenter size-full wp-image-1453\" title=\"DSCF1136\" src=\"https:\/\/i0.wp.com\/blog.kunstgriff.net\/wp-content\/uploads\/2010\/05\/DSCF1136.jpg?resize=493%2C370\" alt=\"\" width=\"493\" height=\"370\" srcset=\"https:\/\/i0.wp.com\/blog.kunstgriff.net\/wp-content\/uploads\/2010\/05\/DSCF1136.jpg?w=1000&amp;ssl=1 1000w, https:\/\/i0.wp.com\/blog.kunstgriff.net\/wp-content\/uploads\/2010\/05\/DSCF1136.jpg?resize=300%2C225&amp;ssl=1 300w\" sizes=\"auto, (max-width: 493px) 100vw, 493px\" \/><\/a><\/p>\n<p style=\"text-align: left;\">Weiter \u00fcber Columbiadamm, Herrmannplatz und Kottbusser Tor zum Schlesischen Tor und \u00fcber die Warschauer Br\u00fccke. Hinter mir h\u00f6rte ich jemand \u00fcber die schlechte Streckenf\u00fchrung schimpfen und die Stimme klang vertraut: Es war Sven F. Ich war erstaunt, denn ich vermutete die Amigos weit vor mir.<\/p>\n<p style=\"text-align: left;\">Das Gr\u00f6bste war nun geschafft. Meine Beine f\u00fchlten sich top an und ich wollte noch ein paar Pl\u00e4tze gut machen, was mir auch gelang.<\/p>\n<p>Beim Abzweig von der Torstra\u00dfe auf die Friedrichstra\u00dfe wurde es nochmal eng und vor mir legten sich ein paar Radler lang. Allerdings bei sehr reduziertem Tempo, sodass nicht wirklich gro\u00dfe Verletzungen aufgetreten sein k\u00f6nnen.<\/p>\n<p>Nun ging es entlang des Hauptbahnhofs vorbei an Schloss Bellevue zur\u00fcck auf die Stra\u00dfe des 17. Juni. Ich dachte das Feld w\u00fcrde nun noch einmal richtig Feuer geben, dem war aber leider nicht so. \u00dcberholen konnte ich auch nicht mehr, denn daf\u00fcr war die Stra\u00dfe einfach zu eng. So erreichte ich das Ziel an dem viele Zuschauer standen und frenetisch Beifall spendeten.<\/p>\n<p>Neben mir war Zeljo, mit dem ich mich freudig abklatschte. Es war geschafft, mein erstes Rennen war ohne Komplikationen absolviert.<\/p>\n<p>Nun gaben wir an den St\u00e4nden unsere<a href=\"http:\/\/de.wikipedia.org\/wiki\/Transponder#Zeitmessung_bei_Sportveranstaltungen\" target=\"_blank\" rel=\"noopener\"> Transponder<\/a> zur\u00fcck und warteten an der Kleiderausgabe auf die anderen Fahrer aus unserem Team die sich alle dort einfanden. Wir mussten recht lange auf Mina und Oleg warten und begannen uns Sorgen zu machen.<\/p>\n<p>Beide kamen recht sp\u00e4t ins Ziel. Mina war gest\u00fcrzt, hatte sich ihren Brems-Schalt-Hebel dabei abgebrochen konnte nicht mehr ordentlich schalten und zu allem \u00fcbel platzte ihr dann auch noch ein Reifen auf dem Flugfeld in Tempelhof. Oleg war ein so super Teamleader, das er sie sicher ins Ziel brachte. Ganz gro\u00dfes Kino! Zum Gl\u00fcck hatte sich Mina nicht ernsthaft verletzt und der Schaden am Bike schien gr\u00f6\u00dfer als an ihr.<\/p>\n<p>Ich traf noch Thomas J. und Karsten A. von den <a href=\"http:\/\/www.havellandriders.de\/\" target=\"_blank\" rel=\"noopener\">Havellandridern<\/a> und Karin kam auch sehr erfreut \u00fcber ihre Leistung ins Ziel.<\/p>\n<p>Von Westen zogen dunkle Wolken auf, die uns in k\u00fcrze erreichen sollten und so verabschiedeten wir uns vom Velothon 2010 ohne wirklich nass geworden zu sein. Petrus meinte es heute wirklich gut mit uns und ich war froh mich <em>ProRace<\/em> entschieden zu haben.<\/p>\n<p><em>N\u00e4chstes Jahr wieder!<\/em><\/p>\n<p style=\"text-align: center;\"><a href=\"https:\/\/i0.wp.com\/blog.kunstgriff.net\/wp-content\/uploads\/2010\/05\/MeinErgebnis.png\" target=\"_blank\" rel=\"noopener\"><img data-recalc-dims=\"1\" loading=\"lazy\" decoding=\"async\" data-attachment-id=\"1454\" data-permalink=\"https:\/\/blog.kunstgriff.net\/?attachment_id=1454\" data-orig-file=\"https:\/\/i0.wp.com\/blog.kunstgriff.net\/wp-content\/uploads\/2010\/05\/MeinErgebnis.png?fit=414%2C196&amp;ssl=1\" data-orig-size=\"414,196\" data-comments-opened=\"1\" data-image-meta=\"{&quot;aperture&quot;:&quot;0&quot;,&quot;credit&quot;:&quot;&quot;,&quot;camera&quot;:&quot;&quot;,&quot;caption&quot;:&quot;&quot;,&quot;created_timestamp&quot;:&quot;0&quot;,&quot;copyright&quot;:&quot;&quot;,&quot;focal_length&quot;:&quot;0&quot;,&quot;iso&quot;:&quot;0&quot;,&quot;shutter_speed&quot;:&quot;0&quot;,&quot;title&quot;:&quot;&quot;}\" data-image-title=\"MeinErgebnis\" data-image-description=\"\" data-image-caption=\"\" data-large-file=\"https:\/\/i0.wp.com\/blog.kunstgriff.net\/wp-content\/uploads\/2010\/05\/MeinErgebnis.png?fit=414%2C196&amp;ssl=1\" class=\"aligncenter size-full wp-image-1454\" title=\"MeinErgebnis\" src=\"https:\/\/i0.wp.com\/blog.kunstgriff.net\/wp-content\/uploads\/2010\/05\/MeinErgebnis.png?resize=414%2C196\" alt=\"\" width=\"414\" height=\"196\" srcset=\"https:\/\/i0.wp.com\/blog.kunstgriff.net\/wp-content\/uploads\/2010\/05\/MeinErgebnis.png?w=414&amp;ssl=1 414w, https:\/\/i0.wp.com\/blog.kunstgriff.net\/wp-content\/uploads\/2010\/05\/MeinErgebnis.png?resize=300%2C142&amp;ssl=1 300w\" sizes=\"auto, (max-width: 414px) 100vw, 414px\" \/><\/a><\/p>\n<p><iframe height='405' width='590' frameborder='0' allowtransparency='true' scrolling='no' src='https:\/\/www.strava.com\/activities\/698647660\/embed\/1bbcc22826510db8dc8c20471d400da9ac287fc9'><\/iframe><\/p>\n","protected":false},"excerpt":{"rendered":"<p>Die Nacht war kurz, denn der Grand Prix Eurovision mit unserer Lena wollte am Vorabend gesehen werden und so kam ich erst um kurz nach 1 ins Bett und der Wecker klingelte gewohnt um 6:29 Uhr. Ich war sofort hellwach und wagte einen Blick aus dem Wohnzimmerfenster auf die Stra\u00dfe und den nassen Asphalt. Es &hellip; <\/p>\n<p class=\"link-more\"><a href=\"https:\/\/blog.kunstgriff.net\/?p=1440\" class=\"more-link\"><span class=\"screen-reader-text\">\u201eSkoda Velothon Berlin 2010\u201c <\/span>weiterlesen<\/a><\/p>\n","protected":false},"author":2,"featured_media":1453,"comment_status":"open","ping_status":"open","sticky":false,"template":"","format":"standard","meta":{"jetpack_post_was_ever_published":false,"_jetpack_newsletter_access":"","_jetpack_dont_email_post_to_subs":false,"_jetpack_newsletter_tier_id":0,"_jetpack_memberships_contains_paywalled_content":false,"_jetpack_memberships_contains_paid_content":false,"footnotes":""},"categories":[25,14,17,7,36],"tags":[],"class_list":["post-1440","post","type-post","status-publish","format-standard","has-post-thumbnail","hentry","category-besonderes-ereignis","category-radfahren","category-radrennen","category-rennradfahren","category-veranstaltungen"],"jetpack_featured_media_url":"https:\/\/i0.wp.com\/blog.kunstgriff.net\/wp-content\/uploads\/2010\/05\/DSCF1136.jpg?fit=1000%2C750&ssl=1","jetpack_shortlink":"https:\/\/wp.me\/p8Cxe7-ne","jetpack-related-posts":[{"id":8140,"url":"https:\/\/blog.kunstgriff.net\/?p=8140","url_meta":{"origin":1440,"position":0},"title":"\u0160koda Velothon Berlin 2012","author":"Georg","date":"Juni 10, 2012","format":false,"excerpt":"oder \u00bbGeht\u2019s ein wenig flotter als in 2010?\u00abFr\u00fch in 2012 entschloss ich mich, am \u0160koda Velothon Berlin 2012 in diesem Jahr nicht teil zu nehmen, es sei denn, es w\u00fcrde sich einen Sponsor f\u00fcr meinen Startplatz finden. Dieser wurde kurzerhand mit Ambrosetti, dem Bierspeziallit\u00e4tenh\u00e4ndler in Berlin, gefunden und so gab\u2026","rel":"","context":"In &quot;Besonderes Ereignis&quot;","block_context":{"text":"Besonderes Ereignis","link":"https:\/\/blog.kunstgriff.net\/?cat=25"},"img":{"alt_text":"","src":"https:\/\/i0.wp.com\/blog.kunstgriff.net\/wp-content\/uploads\/2012\/06\/Fahrer-auf-der-60er-Runde-300x225.jpg?resize=350%2C200","width":350,"height":200},"classes":[]},{"id":9628,"url":"https:\/\/blog.kunstgriff.net\/?p=9628","url_meta":{"origin":1440,"position":1},"title":"Mein Sportjahr 2012 &#8211; Eine Retrospektive","author":"Georg","date":"Dezember 31, 2012","format":false,"excerpt":"Wieder geht ein ereignisreiches Sportjahr zu Ende. Auch in 2012 wurden wieder viele Kilometer unter die Laufschuhe und Continental GP 4000 S genommen. Faszinierende Radreisen habe ich unternommen und auch beruflich hat sich in 2012 einiges f\u00fcr mich ver\u00e4ndert. Insgesamt weniger Kilometer als in 2011 wurden abgespult, sowohl per pedes\u2026","rel":"","context":"In &quot;Allgemein&quot;","block_context":{"text":"Allgemein","link":"https:\/\/blog.kunstgriff.net\/?cat=1"},"img":{"alt_text":"Jahreskilometer2012","src":"https:\/\/i0.wp.com\/blog.kunstgriff.net\/wp-content\/uploads\/2012\/12\/Jahreskilometer2012.png?resize=350%2C200","width":350,"height":200},"classes":[]},{"id":4641,"url":"https:\/\/blog.kunstgriff.net\/?p=4641","url_meta":{"origin":1440,"position":2},"title":"Nordrunde \u00fcber Kremmen","author":"Georg","date":"Mai 22, 2011","format":false,"excerpt":"oder \u00bbVelothon-Alternativprogramm\u00abZum\u00a0Velothon war ich in diesem Jahr nicht gemeldet. Einerseits hatte ich doch ein wenig Wehmut, weil es ja im letzten Jahr alles recht gut geklappt hatte und dieses Jahr einige Kettenbr\u00fcder wieder am Start waren, andererseits hatte ich wirklich Angst vor einem Sturz bei der gro\u00dfen Zahl an Mitfahrern.\u2026","rel":"","context":"In &quot;Rennradfahren&quot;","block_context":{"text":"Rennradfahren","link":"https:\/\/blog.kunstgriff.net\/?cat=7"},"img":{"alt_text":"","src":"https:\/\/i0.wp.com\/blog.kunstgriff.net\/wp-content\/uploads\/2011\/05\/15710.png?resize=350%2C200","width":350,"height":200},"classes":[]},{"id":11098,"url":"https:\/\/blog.kunstgriff.net\/?p=11098","url_meta":{"origin":1440,"position":3},"title":"ErgoPlanet-Berlin Marathon 2010 (Online-Rennen)","author":"Georg","date":"November 21, 2013","format":false,"excerpt":"oder \u00bbWie man in \u2019ner Stunde 1.000 kCal verbrennt\u00abSchon in der letzten Woche, hatte Karsten zu einem weiteren Online-Rennen gerufen. Diesmal war die Strecke des Berlin-Marathon 2010 eingeplant. Ein Track, der mir sehr liegt, da wenig H\u00f6henmeter zu absolvieren sind. \u00a0 Sven st\u00fcrmte gleich los, war dann jedoch in Moabit,\u2026","rel":"","context":"In &quot;Ergometer Training&quot;","block_context":{"text":"Ergometer Training","link":"https:\/\/blog.kunstgriff.net\/?cat=15"},"img":{"alt_text":"1092kCal","src":"https:\/\/i0.wp.com\/blog.kunstgriff.net\/wp-content\/uploads\/2013\/11\/1092kCal.png?resize=350%2C200","width":350,"height":200},"classes":[]},{"id":1313,"url":"https:\/\/blog.kunstgriff.net\/?p=1313","url_meta":{"origin":1440,"position":4},"title":"Zum Radrennen nach Buckow","author":"Georg","date":"Mai 9, 2010","format":false,"excerpt":"Nachdem ich, bedingt durch Svens Geburtstagsfeier, erst nach 2 Uhr ins Bett gekommen bin, wurde heute bis 10 Uhr ausgeschlafen. Kaum waren die Augendecke auf, war ich allerdings voller Tatendrang, denn ich wusste das heute um 14 Uhr in Buckow, in der M\u00e4rkischen Schweiz ein Radrennen stattfinden w\u00fcrde, an welchem\u2026","rel":"","context":"In &quot;Allgemein&quot;","block_context":{"text":"Allgemein","link":"https:\/\/blog.kunstgriff.net\/?cat=1"},"img":{"alt_text":"","src":"","width":0,"height":0},"classes":[]},{"id":2842,"url":"https:\/\/blog.kunstgriff.net\/?p=2842","url_meta":{"origin":1440,"position":5},"title":"ErgoPlanet-Voralpen Marathon St. Veit","author":"Georg","date":"November 13, 2010","format":false,"excerpt":"oder \"Premiere: Erstes online Rennen\"Die 112 km auf dem Ergometer h\u00e4tten ja eigentlich genug sein k\u00f6nnen, aber leider stie\u00df ich auf einen Link der mich zur heute beginnenden Ergo_bike Trophy 10\/11 f\u00fchren sollte. Es wurde mit einer dreistelligen Teilnehmerzahl geworben und nun war mein Interesse endg\u00fcltig geweckt. Meine bisherigen Versuche,\u2026","rel":"","context":"In &quot;Ergometer Training&quot;","block_context":{"text":"Ergometer Training","link":"https:\/\/blog.kunstgriff.net\/?cat=15"},"img":{"alt_text":"","src":"https:\/\/i0.wp.com\/blog.kunstgriff.net\/wp-content\/uploads\/2010\/11\/32426_216993.jpg?resize=350%2C200","width":350,"height":200},"classes":[]}],"jetpack_likes_enabled":true,"jetpack_sharing_enabled":true,"_links":{"self":[{"href":"https:\/\/blog.kunstgriff.net\/index.php?rest_route=\/wp\/v2\/posts\/1440","targetHints":{"allow":["GET"]}}],"collection":[{"href":"https:\/\/blog.kunstgriff.net\/index.php?rest_route=\/wp\/v2\/posts"}],"about":[{"href":"https:\/\/blog.kunstgriff.net\/index.php?rest_route=\/wp\/v2\/types\/post"}],"author":[{"embeddable":true,"href":"https:\/\/blog.kunstgriff.net\/index.php?rest_route=\/wp\/v2\/users\/2"}],"replies":[{"embeddable":true,"href":"https:\/\/blog.kunstgriff.net\/index.php?rest_route=%2Fwp%2Fv2%2Fcomments&post=1440"}],"version-history":[{"count":0,"href":"https:\/\/blog.kunstgriff.net\/index.php?rest_route=\/wp\/v2\/posts\/1440\/revisions"}],"wp:featuredmedia":[{"embeddable":true,"href":"https:\/\/blog.kunstgriff.net\/index.php?rest_route=\/wp\/v2\/media\/1453"}],"wp:attachment":[{"href":"https:\/\/blog.kunstgriff.net\/index.php?rest_route=%2Fwp%2Fv2%2Fmedia&parent=1440"}],"wp:term":[{"taxonomy":"category","embeddable":true,"href":"https:\/\/blog.kunstgriff.net\/index.php?rest_route=%2Fwp%2Fv2%2Fcategories&post=1440"},{"taxonomy":"post_tag","embeddable":true,"href":"https:\/\/blog.kunstgriff.net\/index.php?rest_route=%2Fwp%2Fv2%2Ftags&post=1440"}],"curies":[{"name":"wp","href":"https:\/\/api.w.org\/{rel}","templated":true}]}}