{"id":14965,"date":"2016-09-02T16:47:58","date_gmt":"2016-09-02T14:47:58","guid":{"rendered":"http:\/\/blog.kunstgriff.net\/?p=14965"},"modified":"2016-09-02T16:47:58","modified_gmt":"2016-09-02T14:47:58","slug":"schwielowsee-beelitz-trebbin-runde","status":"publish","type":"post","link":"https:\/\/blog.kunstgriff.net\/?p=14965","title":{"rendered":"Schwielowsee-Beelitz-Trebbin-Runde"},"content":{"rendered":"<span class=\"span-reading-time rt-reading-time\" style=\"display: block;\"><span class=\"rt-label rt-prefix\">Lesezeit: <\/span> <span class=\"rt-time\"> &lt; 1<\/span> <span class=\"rt-label rt-postfix\">Minute<\/span><\/span><h4>oder \u00bbAlleine fahren \u2013 geht noch\u00ab<\/h4>\n<hr \/>\n<p>Auf den \u00fcblichen Kan\u00e4len gab es f\u00fcr heute keine Tourenangebote und so entschloss ich mich bei diesem Kaiser-Wetter mal wieder alleine in die Pedale zu treten.<br \/>\nDie Strecke hatte ich im Kopf es musste nix zusammengeklickt werden. Der Plan ging so: Auf den Berlitz-Europaradweg wollte ich und in Sch\u00f6nhagen wollte ich gucken, wie weit die Bauarbeiten sind. Dann noch in Trebbin nen Kaffee, Kuchen oder ne Limo und dann wieder ab nach Hause unter die Dusche und zum kalten alkoholfreien Weizenbier. Fein.<\/p>\n<p>Der Plan ging eigentlich weitestgehend auf, der Radweg hinter Ferch wurde genossen, die fertige Baustelle und Verkehrs-Entschleunigung in Sch\u00f6nhagen wurde bewundert und auf dem Weg nach Trebbin kam mir noch Stephan S. aka <em>der Linuxer<\/em> entgegen. Kurzes Gespr\u00e4ch, dann weiter.<\/p>\n<p>Beim Caf\u00e9 Conrad in Trebbin war die Au\u00dfenbestuhlung komplett belegt \u2013 wen wundert&#8217;s bei dem herrlichen Wetter. So entschloss ich mich kurzerhand auf eine kalte Limo beim Getr\u00e4nke Hoffmann zu halten. Die mitgebrachte Banane musste heute als Brotzeit bzw. Kuchenersatz herhalten.<\/p>\n<p>Dann noch locker zur\u00fcck \u00fcber den Willy und durch den doch recht dichten Innenstadtverkehr in die <em>HomeBase. <\/em><\/p>\n<p>Sch\u00f6ne Ausfahrt am letzten Urlaubstag. <em>Alles richtig gemacht.<\/em><\/p>\n<p><iframe loading=\"lazy\" src=\"https:\/\/www.strava.com\/activities\/697869184\/embed\/7e8f63a99a6bbd9375c1a49edfe128aeae7343c2\" width=\"590\" height=\"405\" frameborder=\"0\" scrolling=\"no\"><\/iframe><\/p>\n<div class=\"tiled-gallery type-rectangular tiled-gallery-unresized\" data-original-width=\"525\" data-carousel-extra='{&quot;blog_id&quot;:1,&quot;permalink&quot;:&quot;https:\\\/\\\/blog.kunstgriff.net\\\/?p=14965&quot;,&quot;likes_blog_id&quot;:127394879}' itemscope itemtype=\"http:\/\/schema.org\/ImageGallery\" > <div class=\"gallery-row\" style=\"width: 525px; height: 235px;\" data-original-width=\"525\" data-original-height=\"235\" > <div class=\"gallery-group images-1\" style=\"width: 351px; height: 235px;\" data-original-width=\"351\" data-original-height=\"235\" > <div class=\"tiled-gallery-item tiled-gallery-item-large\" itemprop=\"associatedMedia\" itemscope itemtype=\"http:\/\/schema.org\/ImageObject\"> <a href=\"https:\/\/i0.wp.com\/blog.kunstgriff.net\/wp-content\/uploads\/2016\/09\/Hinter-Sacrow-Photo-immer-hier.jpg?ssl=1\" border=\"0\" itemprop=\"url\"> <meta itemprop=\"width\" content=\"347\"> <meta itemprop=\"height\" content=\"231\"> <img decoding=\"async\" class=\"\" data-attachment-id=\"14963\" data-orig-file=\"https:\/\/blog.kunstgriff.net\/wp-content\/uploads\/2016\/09\/Hinter-Sacrow-Photo-immer-hier.jpg\" data-orig-size=\"2000,1333\" data-comments-opened=\"1\" data-image-meta=\"{&quot;aperture&quot;:&quot;2&quot;,&quot;credit&quot;:&quot;&quot;,&quot;camera&quot;:&quot;TG-4&quot;,&quot;caption&quot;:&quot;OLYMPUS DIGITAL CAMERA&quot;,&quot;created_timestamp&quot;:&quot;1472813892&quot;,&quot;copyright&quot;:&quot;&quot;,&quot;focal_length&quot;:&quot;4.5&quot;,&quot;iso&quot;:&quot;250&quot;,&quot;shutter_speed&quot;:&quot;0.002&quot;,&quot;title&quot;:&quot;OLYMPUS DIGITAL CAMERA&quot;,&quot;orientation&quot;:&quot;1&quot;}\" data-image-title=\"Hinter Sacrow &amp;#8211; Photo immer hier\" data-image-description=\"\" data-medium-file=\"https:\/\/i0.wp.com\/blog.kunstgriff.net\/wp-content\/uploads\/2016\/09\/Hinter-Sacrow-Photo-immer-hier.jpg?fit=300%2C200&#038;ssl=1\" data-large-file=\"https:\/\/i0.wp.com\/blog.kunstgriff.net\/wp-content\/uploads\/2016\/09\/Hinter-Sacrow-Photo-immer-hier.jpg?fit=1024%2C682&#038;ssl=1\" src=\"https:\/\/i0.wp.com\/blog.kunstgriff.net\/wp-content\/uploads\/2016\/09\/Hinter-Sacrow-Photo-immer-hier.jpg?w=347&#038;h=231&#038;ssl=1\" srcset=\"https:\/\/i0.wp.com\/blog.kunstgriff.net\/wp-content\/uploads\/2016\/09\/Hinter-Sacrow-Photo-immer-hier.jpg?w=2000&amp;ssl=1 2000w, https:\/\/i0.wp.com\/blog.kunstgriff.net\/wp-content\/uploads\/2016\/09\/Hinter-Sacrow-Photo-immer-hier.jpg?resize=300%2C200&amp;ssl=1 300w, https:\/\/i0.wp.com\/blog.kunstgriff.net\/wp-content\/uploads\/2016\/09\/Hinter-Sacrow-Photo-immer-hier.jpg?resize=768%2C512&amp;ssl=1 768w, https:\/\/i0.wp.com\/blog.kunstgriff.net\/wp-content\/uploads\/2016\/09\/Hinter-Sacrow-Photo-immer-hier.jpg?resize=1024%2C682&amp;ssl=1 1024w, https:\/\/i0.wp.com\/blog.kunstgriff.net\/wp-content\/uploads\/2016\/09\/Hinter-Sacrow-Photo-immer-hier.jpg?resize=450%2C300&amp;ssl=1 450w, https:\/\/i0.wp.com\/blog.kunstgriff.net\/wp-content\/uploads\/2016\/09\/Hinter-Sacrow-Photo-immer-hier.jpg?w=1575&amp;ssl=1 1575w\" width=\"347\" height=\"231\" loading=\"lazy\" data-original-width=\"347\" data-original-height=\"231\" itemprop=\"http:\/\/schema.org\/image\" title=\"Hinter Sacrow - Photo immer hier\" alt=\"Hinter Sacrow - Photo immer hier\" style=\"width: 347px; height: 231px;\" \/> <\/a> <div class=\"tiled-gallery-caption\" itemprop=\"caption description\"> Hinter Sacrow &#8211; Photo immer hier <\/div> <\/div> <\/div> <!-- close group --> <div class=\"gallery-group images-2\" style=\"width: 174px; height: 235px;\" data-original-width=\"174\" data-original-height=\"235\" > <div class=\"tiled-gallery-item tiled-gallery-item-small\" itemprop=\"associatedMedia\" itemscope itemtype=\"http:\/\/schema.org\/ImageObject\"> <a href=\"https:\/\/i0.wp.com\/blog.kunstgriff.net\/wp-content\/uploads\/2016\/09\/Autofrei-wegen-Strassensperrung-in-Sch%C3%B6nhagen.jpg?ssl=1\" border=\"0\" itemprop=\"url\"> <meta itemprop=\"width\" content=\"170\"> <meta itemprop=\"height\" content=\"114\"> <img decoding=\"async\" class=\"\" data-attachment-id=\"14961\" data-orig-file=\"https:\/\/blog.kunstgriff.net\/wp-content\/uploads\/2016\/09\/Autofrei-wegen-Strassensperrung-in-Sch\u00f6nhagen.jpg\" data-orig-size=\"2000,1333\" data-comments-opened=\"1\" data-image-meta=\"{&quot;aperture&quot;:&quot;8&quot;,&quot;credit&quot;:&quot;&quot;,&quot;camera&quot;:&quot;TG-4&quot;,&quot;caption&quot;:&quot;OLYMPUS DIGITAL CAMERA&quot;,&quot;created_timestamp&quot;:&quot;1472821517&quot;,&quot;copyright&quot;:&quot;&quot;,&quot;focal_length&quot;:&quot;4.5&quot;,&quot;iso&quot;:&quot;400&quot;,&quot;shutter_speed&quot;:&quot;0.002&quot;,&quot;title&quot;:&quot;OLYMPUS DIGITAL CAMERA&quot;,&quot;orientation&quot;:&quot;1&quot;}\" data-image-title=\"Autofrei wegen Strassensperrung in Sch\u00f6nhagen\" data-image-description=\"\" data-medium-file=\"https:\/\/i0.wp.com\/blog.kunstgriff.net\/wp-content\/uploads\/2016\/09\/Autofrei-wegen-Strassensperrung-in-Sch%C3%B6nhagen.jpg?fit=300%2C200&#038;ssl=1\" data-large-file=\"https:\/\/i0.wp.com\/blog.kunstgriff.net\/wp-content\/uploads\/2016\/09\/Autofrei-wegen-Strassensperrung-in-Sch%C3%B6nhagen.jpg?fit=1024%2C682&#038;ssl=1\" src=\"https:\/\/i0.wp.com\/blog.kunstgriff.net\/wp-content\/uploads\/2016\/09\/Autofrei-wegen-Strassensperrung-in-Sch%C3%B6nhagen.jpg?w=170&#038;h=114&#038;ssl=1\" width=\"170\" height=\"114\" loading=\"lazy\" data-original-width=\"170\" data-original-height=\"114\" itemprop=\"http:\/\/schema.org\/image\" title=\"Autofrei wegen Strassensperrung in Sch\u00f6nhagen\" alt=\"Autofrei wegen Strassensperrung in Sch\u00f6nhagen\" style=\"width: 170px; height: 114px;\" \/> <\/a> <div class=\"tiled-gallery-caption\" itemprop=\"caption description\"> Autofrei wegen Strassensperrung in Sch\u00f6nhagen <\/div> <\/div> <div class=\"tiled-gallery-item tiled-gallery-item-small\" itemprop=\"associatedMedia\" itemscope itemtype=\"http:\/\/schema.org\/ImageObject\"> <a href=\"https:\/\/i0.wp.com\/blog.kunstgriff.net\/wp-content\/uploads\/2016\/09\/Baustelle-fertig.jpg?ssl=1\" border=\"0\" itemprop=\"url\"> <meta itemprop=\"width\" content=\"170\"> <meta itemprop=\"height\" content=\"113\"> <img decoding=\"async\" class=\"\" data-attachment-id=\"14962\" data-orig-file=\"https:\/\/blog.kunstgriff.net\/wp-content\/uploads\/2016\/09\/Baustelle-fertig.jpg\" data-orig-size=\"2000,1333\" data-comments-opened=\"1\" data-image-meta=\"{&quot;aperture&quot;:&quot;8&quot;,&quot;credit&quot;:&quot;&quot;,&quot;camera&quot;:&quot;TG-4&quot;,&quot;caption&quot;:&quot;OLYMPUS DIGITAL CAMERA&quot;,&quot;created_timestamp&quot;:&quot;1472821825&quot;,&quot;copyright&quot;:&quot;&quot;,&quot;focal_length&quot;:&quot;4.5&quot;,&quot;iso&quot;:&quot;250&quot;,&quot;shutter_speed&quot;:&quot;0.002&quot;,&quot;title&quot;:&quot;OLYMPUS DIGITAL CAMERA&quot;,&quot;orientation&quot;:&quot;1&quot;}\" data-image-title=\"Baustelle fertig\" data-image-description=\"\" data-medium-file=\"https:\/\/i0.wp.com\/blog.kunstgriff.net\/wp-content\/uploads\/2016\/09\/Baustelle-fertig.jpg?fit=300%2C200&#038;ssl=1\" data-large-file=\"https:\/\/i0.wp.com\/blog.kunstgriff.net\/wp-content\/uploads\/2016\/09\/Baustelle-fertig.jpg?fit=1024%2C682&#038;ssl=1\" src=\"https:\/\/i0.wp.com\/blog.kunstgriff.net\/wp-content\/uploads\/2016\/09\/Baustelle-fertig.jpg?w=170&#038;h=113&#038;ssl=1\" srcset=\"https:\/\/i0.wp.com\/blog.kunstgriff.net\/wp-content\/uploads\/2016\/09\/Baustelle-fertig.jpg?w=2000&amp;ssl=1 2000w, https:\/\/i0.wp.com\/blog.kunstgriff.net\/wp-content\/uploads\/2016\/09\/Baustelle-fertig.jpg?resize=300%2C200&amp;ssl=1 300w, https:\/\/i0.wp.com\/blog.kunstgriff.net\/wp-content\/uploads\/2016\/09\/Baustelle-fertig.jpg?resize=768%2C512&amp;ssl=1 768w, https:\/\/i0.wp.com\/blog.kunstgriff.net\/wp-content\/uploads\/2016\/09\/Baustelle-fertig.jpg?resize=1024%2C682&amp;ssl=1 1024w, https:\/\/i0.wp.com\/blog.kunstgriff.net\/wp-content\/uploads\/2016\/09\/Baustelle-fertig.jpg?resize=450%2C300&amp;ssl=1 450w, https:\/\/i0.wp.com\/blog.kunstgriff.net\/wp-content\/uploads\/2016\/09\/Baustelle-fertig.jpg?w=1575&amp;ssl=1 1575w\" width=\"170\" height=\"113\" loading=\"lazy\" data-original-width=\"170\" data-original-height=\"113\" itemprop=\"http:\/\/schema.org\/image\" title=\"Baustelle fertig\" alt=\"Baustelle fertig\" style=\"width: 170px; height: 113px;\" \/> <\/a> <div class=\"tiled-gallery-caption\" itemprop=\"caption description\"> Baustelle fertig <\/div> <\/div> <\/div> <!-- close group --> <\/div> <!-- close row --> <div class=\"gallery-row\" style=\"width: 525px; height: 351px;\" data-original-width=\"525\" data-original-height=\"351\" > <div class=\"gallery-group images-1\" style=\"width: 525px; height: 351px;\" data-original-width=\"525\" data-original-height=\"351\" > <div class=\"tiled-gallery-item tiled-gallery-item-large\" itemprop=\"associatedMedia\" itemscope itemtype=\"http:\/\/schema.org\/ImageObject\"> <a href=\"https:\/\/i0.wp.com\/blog.kunstgriff.net\/wp-content\/uploads\/2016\/09\/Selfie-in-Dreilnden.jpg?ssl=1\" border=\"0\" itemprop=\"url\"> <meta itemprop=\"width\" content=\"521\"> <meta itemprop=\"height\" content=\"347\"> <img decoding=\"async\" class=\"\" data-attachment-id=\"14964\" data-orig-file=\"https:\/\/blog.kunstgriff.net\/wp-content\/uploads\/2016\/09\/Selfie-in-Dreilnden.jpg\" data-orig-size=\"2000,1333\" data-comments-opened=\"1\" data-image-meta=\"{&quot;aperture&quot;:&quot;2&quot;,&quot;credit&quot;:&quot;&quot;,&quot;camera&quot;:&quot;TG-4&quot;,&quot;caption&quot;:&quot;OLYMPUS DIGITAL CAMERA&quot;,&quot;created_timestamp&quot;:&quot;1472826887&quot;,&quot;copyright&quot;:&quot;&quot;,&quot;focal_length&quot;:&quot;4.5&quot;,&quot;iso&quot;:&quot;500&quot;,&quot;shutter_speed&quot;:&quot;0.002&quot;,&quot;title&quot;:&quot;OLYMPUS DIGITAL CAMERA&quot;,&quot;orientation&quot;:&quot;1&quot;}\" data-image-title=\"Selfie in Dreilinden\" data-image-description=\"\" data-medium-file=\"https:\/\/i0.wp.com\/blog.kunstgriff.net\/wp-content\/uploads\/2016\/09\/Selfie-in-Dreilnden.jpg?fit=300%2C200&#038;ssl=1\" data-large-file=\"https:\/\/i0.wp.com\/blog.kunstgriff.net\/wp-content\/uploads\/2016\/09\/Selfie-in-Dreilnden.jpg?fit=1024%2C682&#038;ssl=1\" src=\"https:\/\/i0.wp.com\/blog.kunstgriff.net\/wp-content\/uploads\/2016\/09\/Selfie-in-Dreilnden.jpg?w=521&#038;h=347&#038;ssl=1\" srcset=\"https:\/\/i0.wp.com\/blog.kunstgriff.net\/wp-content\/uploads\/2016\/09\/Selfie-in-Dreilnden.jpg?w=2000&amp;ssl=1 2000w, https:\/\/i0.wp.com\/blog.kunstgriff.net\/wp-content\/uploads\/2016\/09\/Selfie-in-Dreilnden.jpg?resize=300%2C200&amp;ssl=1 300w, https:\/\/i0.wp.com\/blog.kunstgriff.net\/wp-content\/uploads\/2016\/09\/Selfie-in-Dreilnden.jpg?resize=768%2C512&amp;ssl=1 768w, https:\/\/i0.wp.com\/blog.kunstgriff.net\/wp-content\/uploads\/2016\/09\/Selfie-in-Dreilnden.jpg?resize=1024%2C682&amp;ssl=1 1024w, https:\/\/i0.wp.com\/blog.kunstgriff.net\/wp-content\/uploads\/2016\/09\/Selfie-in-Dreilnden.jpg?resize=450%2C300&amp;ssl=1 450w, https:\/\/i0.wp.com\/blog.kunstgriff.net\/wp-content\/uploads\/2016\/09\/Selfie-in-Dreilnden.jpg?w=1575&amp;ssl=1 1575w\" width=\"521\" height=\"347\" loading=\"lazy\" data-original-width=\"521\" data-original-height=\"347\" itemprop=\"http:\/\/schema.org\/image\" title=\"Selfie in Dreilinden\" alt=\"Selfie in Dreilinden\" style=\"width: 521px; height: 347px;\" \/> <\/a> <div class=\"tiled-gallery-caption\" itemprop=\"caption description\"> Selfie in Dreilinden <\/div> <\/div> <\/div> <!-- close group --> <\/div> <!-- close row --> <\/div>\n","protected":false},"excerpt":{"rendered":"<p>oder \u00bbAlleine fahren \u2013 geht noch\u00ab Auf den \u00fcblichen Kan\u00e4len gab es f\u00fcr heute keine Tourenangebote und so entschloss ich mich bei diesem Kaiser-Wetter mal wieder alleine in die Pedale zu treten. Die Strecke hatte ich im Kopf es musste nix zusammengeklickt werden. Der Plan ging so: Auf den Berlitz-Europaradweg wollte ich und in Sch\u00f6nhagen &hellip; <\/p>\n<p class=\"link-more\"><a href=\"https:\/\/blog.kunstgriff.net\/?p=14965\" class=\"more-link\"><span class=\"screen-reader-text\">\u201eSchwielowsee-Beelitz-Trebbin-Runde\u201c <\/span>weiterlesen<\/a><\/p>\n","protected":false},"author":2,"featured_media":14961,"comment_status":"open","ping_status":"open","sticky":false,"template":"","format":"standard","meta":{"jetpack_post_was_ever_published":false,"_jetpack_newsletter_access":"","_jetpack_dont_email_post_to_subs":false,"_jetpack_newsletter_tier_id":0,"_jetpack_memberships_contains_paywalled_content":false,"_jetpack_memberships_contains_paid_content":false,"footnotes":""},"categories":[14,7],"tags":[],"class_list":["post-14965","post","type-post","status-publish","format-standard","has-post-thumbnail","hentry","category-radfahren","category-rennradfahren"],"jetpack_featured_media_url":"https:\/\/i0.wp.com\/blog.kunstgriff.net\/wp-content\/uploads\/2016\/09\/Autofrei-wegen-Strassensperrung-in-Sch%C3%B6nhagen.jpg?fit=2000%2C1333&ssl=1","jetpack_shortlink":"https:\/\/wp.me\/p8Cxe7-3Tn","jetpack-related-posts":[{"id":14056,"url":"https:\/\/blog.kunstgriff.net\/?p=14056","url_meta":{"origin":14965,"position":0},"title":"10-Uhr-Gruppe nach Ferch","author":"Georg","date":"August 6, 2016","format":false,"excerpt":"oder \u00bbLeider nicht mehr mein Niveau\u00ab Die halbe Rennrad-Fahr-Fraktion war in weit entfernten Bundesl\u00e4nder unterwegs und deshalb musste heute mal wieder die alt-bew\u00e4hrte 10-Uhr-Gruppe herhalten, um in den Genuss einer Gruppenausfahrt zu kommen. So war zumindest der Plan. Auch Uwe hatte sich zum Tunnel verirrt, die Sonne schien und alles\u2026","rel":"","context":"In &quot;Radfahren&quot;","block_context":{"text":"Radfahren","link":"https:\/\/blog.kunstgriff.net\/?cat=14"},"img":{"alt_text":"","src":"https:\/\/i0.wp.com\/blog.kunstgriff.net\/wp-content\/uploads\/2016\/08\/P8060001.jpg?fit=1200%2C800&ssl=1&resize=350%2C200","width":350,"height":200,"srcset":"https:\/\/i0.wp.com\/blog.kunstgriff.net\/wp-content\/uploads\/2016\/08\/P8060001.jpg?fit=1200%2C800&ssl=1&resize=350%2C200 1x, https:\/\/i0.wp.com\/blog.kunstgriff.net\/wp-content\/uploads\/2016\/08\/P8060001.jpg?fit=1200%2C800&ssl=1&resize=525%2C300 1.5x, https:\/\/i0.wp.com\/blog.kunstgriff.net\/wp-content\/uploads\/2016\/08\/P8060001.jpg?fit=1200%2C800&ssl=1&resize=700%2C400 2x, https:\/\/i0.wp.com\/blog.kunstgriff.net\/wp-content\/uploads\/2016\/08\/P8060001.jpg?fit=1200%2C800&ssl=1&resize=1050%2C600 3x"},"classes":[]},{"id":11425,"url":"https:\/\/blog.kunstgriff.net\/?p=11425","url_meta":{"origin":14965,"position":1},"title":"Viertel-Vor-Zehn-Gruppen-Baruth-Runde","author":"Georg","date":"M\u00e4rz 8, 2014","format":false,"excerpt":"oder \u00bbAua inne Beine\u00abDa einige meiner Rad-Kollegen heute an die Ostsee unterwegs waren und ich gerne eine kurze flotte Runde fahren wollte, entschied ich mich, nach langem, einmal wieder f\u00fcr die Viertel-Vor-Zehn-Gruppe. Die \u00fcblichen Verd\u00e4chtigen waren am Start und ich ahnte noch nichts b\u00f6ses. Die Streckenbeschreibung war wie immer vage\u2026","rel":"","context":"In &quot;Radfahren&quot;","block_context":{"text":"Radfahren","link":"https:\/\/blog.kunstgriff.net\/?cat=14"},"img":{"alt_text":"","src":"","width":0,"height":0},"classes":[]},{"id":19266,"url":"https:\/\/blog.kunstgriff.net\/?p=19266","url_meta":{"origin":14965,"position":2},"title":"Nach Motzen und Trebbin mit den TiRis","author":"Georg","date":"April 19, 2019","format":false,"excerpt":"Fast kein Kuchen in Brandenburg Heute war mal wieder Tiri angesagt. Mit An- & Abreise satte 174 km. Eigentlich zuviel f\u00fcr den Einstieg ins Osterwochenende. Aber ich wollte mal wieder mit der G\u00e4ng fahren und so musste ich da durch. Die Anfahrt verlief routiniert, au\u00dfer da\u00df ich mich heute mal\u2026","rel":"","context":"In &quot;Cake-Ride&quot;","block_context":{"text":"Cake-Ride","link":"https:\/\/blog.kunstgriff.net\/?cat=34"},"img":{"alt_text":"","src":"https:\/\/i0.wp.com\/blog.kunstgriff.net\/wp-content\/uploads\/2019\/04\/Bl%C3%BChendes-Trebbin.jpg?fit=1200%2C800&ssl=1&resize=350%2C200","width":350,"height":200,"srcset":"https:\/\/i0.wp.com\/blog.kunstgriff.net\/wp-content\/uploads\/2019\/04\/Bl%C3%BChendes-Trebbin.jpg?fit=1200%2C800&ssl=1&resize=350%2C200 1x, https:\/\/i0.wp.com\/blog.kunstgriff.net\/wp-content\/uploads\/2019\/04\/Bl%C3%BChendes-Trebbin.jpg?fit=1200%2C800&ssl=1&resize=525%2C300 1.5x, https:\/\/i0.wp.com\/blog.kunstgriff.net\/wp-content\/uploads\/2019\/04\/Bl%C3%BChendes-Trebbin.jpg?fit=1200%2C800&ssl=1&resize=700%2C400 2x, https:\/\/i0.wp.com\/blog.kunstgriff.net\/wp-content\/uploads\/2019\/04\/Bl%C3%BChendes-Trebbin.jpg?fit=1200%2C800&ssl=1&resize=1050%2C600 3x"},"classes":[]},{"id":15468,"url":"https:\/\/blog.kunstgriff.net\/?p=15468","url_meta":{"origin":14965,"position":3},"title":"Mit den Tiris nach Trebbin","author":"Georg","date":"April 29, 2017","format":false,"excerpt":"\u00bbk\u00fchler 100er\u00ab Zwei Touren waren im Angebot, ich entschloss mich f\u00fcr die Tiri-Bande. Nach dem vergangenen, eher durchwachsenen beiderseitigem \u00bbFahrvergn\u00fcgen\u00ab, wollte ich es heute noch einmal probieren. Gute Entscheidung, wie sich sp\u00e4ter herausstellte. Denn wenn man diszipliniertes Gruppenfahren lernen oder vertiefen m\u00f6chte, ist man hier richtig. Also auf ein neues.\u2026","rel":"","context":"In &quot;Cake-Ride&quot;","block_context":{"text":"Cake-Ride","link":"https:\/\/blog.kunstgriff.net\/?cat=34"},"img":{"alt_text":"","src":"https:\/\/i0.wp.com\/blog.kunstgriff.net\/wp-content\/uploads\/2017\/04\/Brandenburg.jpg?fit=1200%2C800&ssl=1&resize=350%2C200","width":350,"height":200,"srcset":"https:\/\/i0.wp.com\/blog.kunstgriff.net\/wp-content\/uploads\/2017\/04\/Brandenburg.jpg?fit=1200%2C800&ssl=1&resize=350%2C200 1x, https:\/\/i0.wp.com\/blog.kunstgriff.net\/wp-content\/uploads\/2017\/04\/Brandenburg.jpg?fit=1200%2C800&ssl=1&resize=525%2C300 1.5x, https:\/\/i0.wp.com\/blog.kunstgriff.net\/wp-content\/uploads\/2017\/04\/Brandenburg.jpg?fit=1200%2C800&ssl=1&resize=700%2C400 2x, https:\/\/i0.wp.com\/blog.kunstgriff.net\/wp-content\/uploads\/2017\/04\/Brandenburg.jpg?fit=1200%2C800&ssl=1&resize=1050%2C600 3x"},"classes":[]},{"id":13307,"url":"https:\/\/blog.kunstgriff.net\/?p=13307","url_meta":{"origin":14965,"position":4},"title":"P\u00e4wesin-Runde","author":"Georg","date":"April 3, 2016","format":false,"excerpt":"oder \u00bbSonntag-Ausfahrt-Klassiker\u00abDie m\u00fcden Beine konnte mich von gestern nicht schocken, fahren wollte ich bei diesem herrlichen Fr\u00fchlingswetter auf jeden Fall. Es gab die Tour f\u00fcr die Luschen, der ich mich nicht wirklich anschlie\u00dfen wollte. Zwar bin ich eine echte Lusche, da ich auf einen Samstag Morgen im April noch keine\u2026","rel":"","context":"In &quot;Cake-Ride&quot;","block_context":{"text":"Cake-Ride","link":"https:\/\/blog.kunstgriff.net\/?cat=34"},"img":{"alt_text":"","src":"https:\/\/i0.wp.com\/blog.kunstgriff.net\/wp-content\/uploads\/2016\/04\/Bl%C3%BCtezeit-am-Weinberg-hinter-Fahrland.jpg?fit=1200%2C900&ssl=1&resize=350%2C200","width":350,"height":200,"srcset":"https:\/\/i0.wp.com\/blog.kunstgriff.net\/wp-content\/uploads\/2016\/04\/Bl%C3%BCtezeit-am-Weinberg-hinter-Fahrland.jpg?fit=1200%2C900&ssl=1&resize=350%2C200 1x, https:\/\/i0.wp.com\/blog.kunstgriff.net\/wp-content\/uploads\/2016\/04\/Bl%C3%BCtezeit-am-Weinberg-hinter-Fahrland.jpg?fit=1200%2C900&ssl=1&resize=525%2C300 1.5x, https:\/\/i0.wp.com\/blog.kunstgriff.net\/wp-content\/uploads\/2016\/04\/Bl%C3%BCtezeit-am-Weinberg-hinter-Fahrland.jpg?fit=1200%2C900&ssl=1&resize=700%2C400 2x, https:\/\/i0.wp.com\/blog.kunstgriff.net\/wp-content\/uploads\/2016\/04\/Bl%C3%BCtezeit-am-Weinberg-hinter-Fahrland.jpg?fit=1200%2C900&ssl=1&resize=1050%2C600 3x"},"classes":[]},{"id":21752,"url":"https:\/\/blog.kunstgriff.net\/?p=21752","url_meta":{"origin":14965,"position":5},"title":"10-Uhr-Gruppe Sonntags-Ausfahrt #7","author":"Georg","date":"September 6, 2020","format":false,"excerpt":"Sport in der gro\u00dfen Gruppe Da ich mich gestern nicht motivieren konnte, drau\u00dfen zu fahren, war heute auf jeden Fall eine Ausfahrt f\u00e4llig. Stefan Har. hatte auch Lust auf 10 Uhr Gruppe und so verabredeten wir uns zu 10 Uhr am Tunnel. Jede Menge Protagonisten kamen. Fast zu viele. Aber\u2026","rel":"","context":"In &quot;Radfahren&quot;","block_context":{"text":"Radfahren","link":"https:\/\/blog.kunstgriff.net\/?cat=14"},"img":{"alt_text":"Aufholjagd hinter Zauchwitz","src":"https:\/\/i0.wp.com\/blog.kunstgriff.net\/wp-content\/uploads\/2020\/09\/Aufholjagd-hinter-Zauchwitz.jpg?fit=1200%2C800&ssl=1&resize=350%2C200","width":350,"height":200,"srcset":"https:\/\/i0.wp.com\/blog.kunstgriff.net\/wp-content\/uploads\/2020\/09\/Aufholjagd-hinter-Zauchwitz.jpg?fit=1200%2C800&ssl=1&resize=350%2C200 1x, https:\/\/i0.wp.com\/blog.kunstgriff.net\/wp-content\/uploads\/2020\/09\/Aufholjagd-hinter-Zauchwitz.jpg?fit=1200%2C800&ssl=1&resize=525%2C300 1.5x, https:\/\/i0.wp.com\/blog.kunstgriff.net\/wp-content\/uploads\/2020\/09\/Aufholjagd-hinter-Zauchwitz.jpg?fit=1200%2C800&ssl=1&resize=700%2C400 2x, https:\/\/i0.wp.com\/blog.kunstgriff.net\/wp-content\/uploads\/2020\/09\/Aufholjagd-hinter-Zauchwitz.jpg?fit=1200%2C800&ssl=1&resize=1050%2C600 3x"},"classes":[]}],"jetpack_likes_enabled":true,"jetpack_sharing_enabled":true,"_links":{"self":[{"href":"https:\/\/blog.kunstgriff.net\/index.php?rest_route=\/wp\/v2\/posts\/14965","targetHints":{"allow":["GET"]}}],"collection":[{"href":"https:\/\/blog.kunstgriff.net\/index.php?rest_route=\/wp\/v2\/posts"}],"about":[{"href":"https:\/\/blog.kunstgriff.net\/index.php?rest_route=\/wp\/v2\/types\/post"}],"author":[{"embeddable":true,"href":"https:\/\/blog.kunstgriff.net\/index.php?rest_route=\/wp\/v2\/users\/2"}],"replies":[{"embeddable":true,"href":"https:\/\/blog.kunstgriff.net\/index.php?rest_route=%2Fwp%2Fv2%2Fcomments&post=14965"}],"version-history":[{"count":0,"href":"https:\/\/blog.kunstgriff.net\/index.php?rest_route=\/wp\/v2\/posts\/14965\/revisions"}],"wp:featuredmedia":[{"embeddable":true,"href":"https:\/\/blog.kunstgriff.net\/index.php?rest_route=\/wp\/v2\/media\/14961"}],"wp:attachment":[{"href":"https:\/\/blog.kunstgriff.net\/index.php?rest_route=%2Fwp%2Fv2%2Fmedia&parent=14965"}],"wp:term":[{"taxonomy":"category","embeddable":true,"href":"https:\/\/blog.kunstgriff.net\/index.php?rest_route=%2Fwp%2Fv2%2Fcategories&post=14965"},{"taxonomy":"post_tag","embeddable":true,"href":"https:\/\/blog.kunstgriff.net\/index.php?rest_route=%2Fwp%2Fv2%2Ftags&post=14965"}],"curies":[{"name":"wp","href":"https:\/\/api.w.org\/{rel}","templated":true}]}}