{"id":14971,"date":"2016-09-03T23:13:59","date_gmt":"2016-09-03T21:13:59","guid":{"rendered":"http:\/\/blog.kunstgriff.net\/?p=14971"},"modified":"2016-09-03T23:17:06","modified_gmt":"2016-09-03T21:17:06","slug":"1x-holzhausen-kein-zurueck","status":"publish","type":"post","link":"https:\/\/blog.kunstgriff.net\/?p=14971","title":{"rendered":"1x Holzhausen &#8211; kein Zur\u00fcck"},"content":{"rendered":"<span class=\"span-reading-time rt-reading-time\" style=\"display: block;\"><span class=\"rt-label rt-prefix\">Lesezeit: <\/span> <span class=\"rt-time\"> &lt; 1<\/span> <span class=\"rt-label rt-postfix\">Minute<\/span><\/span><h4>oder \u00bbkann mal bitte jemand den Nord-West-Wind ausknipsen!?\u00ab<\/h4>\n<hr \/>\n<p>Der Post heute ist eigentlich schnell geschrieben: Ich war auf ein Hoffest der fr\u00fcheren\u00a0Nachbarn meiner Eltern ins Ruppiger Land eingeladen. Der Termin stand schon lange und mein erster Gedanke war sofort: Da f\u00e4hrst Du mit dem Rad hin!<\/p>\n<p>Geplant &#8211; getan, hinfahren mit dem Rad, sch\u00f6n feiern, trinken und essen und dann mit dem T-Modell von Papa nach Hause kutschieren lassen. Der Plan ging soweit auf, aber vor dem Bier kam der Schweiss. Denn es herrschte heute ordentlicher Nord-West-Wind, der mir ein z\u00fcgiges Vorankommen erschwerte. Auch hatte ich die gestrige Runde wohl noch in den Beinen. Lange Rede: Es lief nicht gut.<\/p>\n<p>Hinter Frisack schickte mich mein Garmin dann auch noch auf einen 8 km langen Plattenweg durch das Nirgendwo-Brandenburgs. Selber schuld, denn ich hatte eigenh\u00e4ndig mit BaseCamp die Route geplant. Die letzten Kilometer zogen sich dann, trotz sch\u00f6nem Asphalt,\u00a0denn\u00a0der Wind lie\u00df nicht locker.<\/p>\n<p>Nach 90 km war ich dann sehr froh, die herrliche Partylocation erreicht zu haben, mich aus meinen Radklamotten zu pellen, zu duschen und ein frisches Fassbier zu trinken. Prost!<br \/>\n<iframe loading=\"lazy\" src=\"https:\/\/www.strava.com\/activities\/699442588\/embed\/ca60eb73b018576fc82699c3c23254aaaf36147f\" width=\"590\" height=\"405\" frameborder=\"0\" scrolling=\"no\"><\/iframe><\/p>\n<div class=\"tiled-gallery type-rectangular tiled-gallery-unresized\" data-original-width=\"525\" data-carousel-extra='{&quot;blog_id&quot;:1,&quot;permalink&quot;:&quot;https:\\\/\\\/blog.kunstgriff.net\\\/?p=14971&quot;,&quot;likes_blog_id&quot;:127394879}' itemscope itemtype=\"http:\/\/schema.org\/ImageGallery\" > <div class=\"gallery-row\" style=\"width: 525px; height: 235px;\" data-original-width=\"525\" data-original-height=\"235\" > <div class=\"gallery-group images-1\" style=\"width: 351px; height: 235px;\" data-original-width=\"351\" data-original-height=\"235\" > <div class=\"tiled-gallery-item tiled-gallery-item-large\" itemprop=\"associatedMedia\" itemscope itemtype=\"http:\/\/schema.org\/ImageObject\"> <a href=\"https:\/\/i0.wp.com\/blog.kunstgriff.net\/wp-content\/uploads\/2016\/09\/hinter-Falkensee.jpg?ssl=1\" border=\"0\" itemprop=\"url\"> <meta itemprop=\"width\" content=\"347\"> <meta itemprop=\"height\" content=\"231\"> <img decoding=\"async\" class=\"\" data-attachment-id=\"14975\" data-orig-file=\"https:\/\/blog.kunstgriff.net\/wp-content\/uploads\/2016\/09\/hinter-Falkensee.jpg\" data-orig-size=\"2000,1333\" data-comments-opened=\"1\" data-image-meta=\"{&quot;aperture&quot;:&quot;2.8&quot;,&quot;credit&quot;:&quot;&quot;,&quot;camera&quot;:&quot;TG-4&quot;,&quot;caption&quot;:&quot;OLYMPUS DIGITAL CAMERA&quot;,&quot;created_timestamp&quot;:&quot;1472908923&quot;,&quot;copyright&quot;:&quot;&quot;,&quot;focal_length&quot;:&quot;4.5&quot;,&quot;iso&quot;:&quot;200&quot;,&quot;shutter_speed&quot;:&quot;0.0015625&quot;,&quot;title&quot;:&quot;OLYMPUS DIGITAL CAMERA&quot;,&quot;orientation&quot;:&quot;1&quot;}\" data-image-title=\"hinter Falkensee\" data-image-description=\"\" data-medium-file=\"https:\/\/i0.wp.com\/blog.kunstgriff.net\/wp-content\/uploads\/2016\/09\/hinter-Falkensee.jpg?fit=300%2C200&#038;ssl=1\" data-large-file=\"https:\/\/i0.wp.com\/blog.kunstgriff.net\/wp-content\/uploads\/2016\/09\/hinter-Falkensee.jpg?fit=1024%2C682&#038;ssl=1\" src=\"https:\/\/i0.wp.com\/blog.kunstgriff.net\/wp-content\/uploads\/2016\/09\/hinter-Falkensee.jpg?w=347&#038;h=231&#038;ssl=1\" srcset=\"https:\/\/i0.wp.com\/blog.kunstgriff.net\/wp-content\/uploads\/2016\/09\/hinter-Falkensee.jpg?w=2000&amp;ssl=1 2000w, https:\/\/i0.wp.com\/blog.kunstgriff.net\/wp-content\/uploads\/2016\/09\/hinter-Falkensee.jpg?resize=300%2C200&amp;ssl=1 300w, https:\/\/i0.wp.com\/blog.kunstgriff.net\/wp-content\/uploads\/2016\/09\/hinter-Falkensee.jpg?resize=768%2C512&amp;ssl=1 768w, https:\/\/i0.wp.com\/blog.kunstgriff.net\/wp-content\/uploads\/2016\/09\/hinter-Falkensee.jpg?resize=1024%2C682&amp;ssl=1 1024w, https:\/\/i0.wp.com\/blog.kunstgriff.net\/wp-content\/uploads\/2016\/09\/hinter-Falkensee.jpg?resize=450%2C300&amp;ssl=1 450w, https:\/\/i0.wp.com\/blog.kunstgriff.net\/wp-content\/uploads\/2016\/09\/hinter-Falkensee.jpg?w=1575&amp;ssl=1 1575w\" width=\"347\" height=\"231\" loading=\"lazy\" data-original-width=\"347\" data-original-height=\"231\" itemprop=\"http:\/\/schema.org\/image\" title=\"hinter Falkensee\" alt=\"hinter Falkensee\" style=\"width: 347px; height: 231px;\" \/> <\/a> <div class=\"tiled-gallery-caption\" itemprop=\"caption description\"> hinter Falkensee <\/div> <\/div> <\/div> <!-- close group --> <div class=\"gallery-group images-2\" style=\"width: 174px; height: 235px;\" data-original-width=\"174\" data-original-height=\"235\" > <div class=\"tiled-gallery-item tiled-gallery-item-small\" itemprop=\"associatedMedia\" itemscope itemtype=\"http:\/\/schema.org\/ImageObject\"> <a href=\"https:\/\/i0.wp.com\/blog.kunstgriff.net\/wp-content\/uploads\/2016\/09\/vor-Paulinenaue.jpg?ssl=1\" border=\"0\" itemprop=\"url\"> <meta itemprop=\"width\" content=\"170\"> <meta itemprop=\"height\" content=\"114\"> <img decoding=\"async\" class=\"\" data-attachment-id=\"14978\" data-orig-file=\"https:\/\/blog.kunstgriff.net\/wp-content\/uploads\/2016\/09\/vor-Paulinenaue.jpg\" data-orig-size=\"2000,1333\" data-comments-opened=\"1\" data-image-meta=\"{&quot;aperture&quot;:&quot;8&quot;,&quot;credit&quot;:&quot;&quot;,&quot;camera&quot;:&quot;TG-4&quot;,&quot;caption&quot;:&quot;OLYMPUS DIGITAL CAMERA&quot;,&quot;created_timestamp&quot;:&quot;1472911843&quot;,&quot;copyright&quot;:&quot;&quot;,&quot;focal_length&quot;:&quot;4.5&quot;,&quot;iso&quot;:&quot;200&quot;,&quot;shutter_speed&quot;:&quot;0.002&quot;,&quot;title&quot;:&quot;OLYMPUS DIGITAL CAMERA&quot;,&quot;orientation&quot;:&quot;1&quot;}\" data-image-title=\"vor Paulinenaue\" data-image-description=\"\" data-medium-file=\"https:\/\/i0.wp.com\/blog.kunstgriff.net\/wp-content\/uploads\/2016\/09\/vor-Paulinenaue.jpg?fit=300%2C200&#038;ssl=1\" data-large-file=\"https:\/\/i0.wp.com\/blog.kunstgriff.net\/wp-content\/uploads\/2016\/09\/vor-Paulinenaue.jpg?fit=1024%2C682&#038;ssl=1\" src=\"https:\/\/i0.wp.com\/blog.kunstgriff.net\/wp-content\/uploads\/2016\/09\/vor-Paulinenaue.jpg?w=170&#038;h=114&#038;ssl=1\" srcset=\"https:\/\/i0.wp.com\/blog.kunstgriff.net\/wp-content\/uploads\/2016\/09\/vor-Paulinenaue.jpg?w=2000&amp;ssl=1 2000w, https:\/\/i0.wp.com\/blog.kunstgriff.net\/wp-content\/uploads\/2016\/09\/vor-Paulinenaue.jpg?resize=300%2C200&amp;ssl=1 300w, https:\/\/i0.wp.com\/blog.kunstgriff.net\/wp-content\/uploads\/2016\/09\/vor-Paulinenaue.jpg?resize=768%2C512&amp;ssl=1 768w, https:\/\/i0.wp.com\/blog.kunstgriff.net\/wp-content\/uploads\/2016\/09\/vor-Paulinenaue.jpg?resize=1024%2C682&amp;ssl=1 1024w, https:\/\/i0.wp.com\/blog.kunstgriff.net\/wp-content\/uploads\/2016\/09\/vor-Paulinenaue.jpg?resize=450%2C300&amp;ssl=1 450w, https:\/\/i0.wp.com\/blog.kunstgriff.net\/wp-content\/uploads\/2016\/09\/vor-Paulinenaue.jpg?w=1575&amp;ssl=1 1575w\" width=\"170\" height=\"114\" loading=\"lazy\" data-original-width=\"170\" data-original-height=\"114\" itemprop=\"http:\/\/schema.org\/image\" title=\"vor Paulinenaue\" alt=\"vor Paulinenaue\" style=\"width: 170px; height: 114px;\" \/> <\/a> <div class=\"tiled-gallery-caption\" itemprop=\"caption description\"> vor Paulinenaue <\/div> <\/div> <div class=\"tiled-gallery-item tiled-gallery-item-small\" itemprop=\"associatedMedia\" itemscope itemtype=\"http:\/\/schema.org\/ImageObject\"> <a href=\"https:\/\/i0.wp.com\/blog.kunstgriff.net\/wp-content\/uploads\/2016\/09\/Ich-liebe-diese-Einsamkeit.jpg?ssl=1\" border=\"0\" itemprop=\"url\"> <meta itemprop=\"width\" content=\"170\"> <meta itemprop=\"height\" content=\"113\"> <img decoding=\"async\" class=\"\" data-attachment-id=\"14976\" data-orig-file=\"https:\/\/blog.kunstgriff.net\/wp-content\/uploads\/2016\/09\/Ich-liebe-diese-Einsamkeit.jpg\" data-orig-size=\"2000,1333\" data-comments-opened=\"1\" data-image-meta=\"{&quot;aperture&quot;:&quot;2&quot;,&quot;credit&quot;:&quot;&quot;,&quot;camera&quot;:&quot;TG-4&quot;,&quot;caption&quot;:&quot;OLYMPUS DIGITAL CAMERA&quot;,&quot;created_timestamp&quot;:&quot;1472913515&quot;,&quot;copyright&quot;:&quot;&quot;,&quot;focal_length&quot;:&quot;4.5&quot;,&quot;iso&quot;:&quot;640&quot;,&quot;shutter_speed&quot;:&quot;0.002&quot;,&quot;title&quot;:&quot;OLYMPUS DIGITAL CAMERA&quot;,&quot;orientation&quot;:&quot;1&quot;}\" data-image-title=\"Ich liebe diese Einsamkeit\" data-image-description=\"\" data-medium-file=\"https:\/\/i0.wp.com\/blog.kunstgriff.net\/wp-content\/uploads\/2016\/09\/Ich-liebe-diese-Einsamkeit.jpg?fit=300%2C200&#038;ssl=1\" data-large-file=\"https:\/\/i0.wp.com\/blog.kunstgriff.net\/wp-content\/uploads\/2016\/09\/Ich-liebe-diese-Einsamkeit.jpg?fit=1024%2C682&#038;ssl=1\" src=\"https:\/\/i0.wp.com\/blog.kunstgriff.net\/wp-content\/uploads\/2016\/09\/Ich-liebe-diese-Einsamkeit.jpg?w=170&#038;h=113&#038;ssl=1\" srcset=\"https:\/\/i0.wp.com\/blog.kunstgriff.net\/wp-content\/uploads\/2016\/09\/Ich-liebe-diese-Einsamkeit.jpg?w=2000&amp;ssl=1 2000w, https:\/\/i0.wp.com\/blog.kunstgriff.net\/wp-content\/uploads\/2016\/09\/Ich-liebe-diese-Einsamkeit.jpg?resize=300%2C200&amp;ssl=1 300w, https:\/\/i0.wp.com\/blog.kunstgriff.net\/wp-content\/uploads\/2016\/09\/Ich-liebe-diese-Einsamkeit.jpg?resize=768%2C512&amp;ssl=1 768w, https:\/\/i0.wp.com\/blog.kunstgriff.net\/wp-content\/uploads\/2016\/09\/Ich-liebe-diese-Einsamkeit.jpg?resize=1024%2C682&amp;ssl=1 1024w, https:\/\/i0.wp.com\/blog.kunstgriff.net\/wp-content\/uploads\/2016\/09\/Ich-liebe-diese-Einsamkeit.jpg?resize=450%2C300&amp;ssl=1 450w, https:\/\/i0.wp.com\/blog.kunstgriff.net\/wp-content\/uploads\/2016\/09\/Ich-liebe-diese-Einsamkeit.jpg?w=1575&amp;ssl=1 1575w\" width=\"170\" height=\"113\" loading=\"lazy\" data-original-width=\"170\" data-original-height=\"113\" itemprop=\"http:\/\/schema.org\/image\" title=\"Ich liebe diese Einsamkeit\" alt=\"Ich liebe diese Einsamkeit\" style=\"width: 170px; height: 113px;\" \/> <\/a> <div class=\"tiled-gallery-caption\" itemprop=\"caption description\"> Ich liebe diese Einsamkeit <\/div> <\/div> <\/div> <!-- close group --> <\/div> <!-- close row --> <div class=\"gallery-row\" style=\"width: 525px; height: 118px;\" data-original-width=\"525\" data-original-height=\"118\" > <div class=\"gallery-group images-1\" style=\"width: 175px; height: 118px;\" data-original-width=\"175\" data-original-height=\"118\" > <div class=\"tiled-gallery-item tiled-gallery-item-small\" itemprop=\"associatedMedia\" itemscope itemtype=\"http:\/\/schema.org\/ImageObject\"> <a href=\"https:\/\/i0.wp.com\/blog.kunstgriff.net\/wp-content\/uploads\/2016\/09\/Plattenweg-neben-der-B5.jpg?ssl=1\" border=\"0\" itemprop=\"url\"> <meta itemprop=\"width\" content=\"171\"> <meta itemprop=\"height\" content=\"114\"> <img decoding=\"async\" class=\"\" data-attachment-id=\"14977\" data-orig-file=\"https:\/\/blog.kunstgriff.net\/wp-content\/uploads\/2016\/09\/Plattenweg-neben-der-B5.jpg\" data-orig-size=\"2000,1333\" data-comments-opened=\"1\" data-image-meta=\"{&quot;aperture&quot;:&quot;2.8&quot;,&quot;credit&quot;:&quot;&quot;,&quot;camera&quot;:&quot;TG-4&quot;,&quot;caption&quot;:&quot;OLYMPUS DIGITAL CAMERA&quot;,&quot;created_timestamp&quot;:&quot;1472915045&quot;,&quot;copyright&quot;:&quot;&quot;,&quot;focal_length&quot;:&quot;4.5&quot;,&quot;iso&quot;:&quot;200&quot;,&quot;shutter_speed&quot;:&quot;0.002&quot;,&quot;title&quot;:&quot;OLYMPUS DIGITAL CAMERA&quot;,&quot;orientation&quot;:&quot;1&quot;}\" data-image-title=\"Plattenweg neben der B5\" data-image-description=\"\" data-medium-file=\"https:\/\/i0.wp.com\/blog.kunstgriff.net\/wp-content\/uploads\/2016\/09\/Plattenweg-neben-der-B5.jpg?fit=300%2C200&#038;ssl=1\" data-large-file=\"https:\/\/i0.wp.com\/blog.kunstgriff.net\/wp-content\/uploads\/2016\/09\/Plattenweg-neben-der-B5.jpg?fit=1024%2C682&#038;ssl=1\" src=\"https:\/\/i0.wp.com\/blog.kunstgriff.net\/wp-content\/uploads\/2016\/09\/Plattenweg-neben-der-B5.jpg?w=171&#038;h=114&#038;ssl=1\" srcset=\"https:\/\/i0.wp.com\/blog.kunstgriff.net\/wp-content\/uploads\/2016\/09\/Plattenweg-neben-der-B5.jpg?w=2000&amp;ssl=1 2000w, https:\/\/i0.wp.com\/blog.kunstgriff.net\/wp-content\/uploads\/2016\/09\/Plattenweg-neben-der-B5.jpg?resize=300%2C200&amp;ssl=1 300w, https:\/\/i0.wp.com\/blog.kunstgriff.net\/wp-content\/uploads\/2016\/09\/Plattenweg-neben-der-B5.jpg?resize=768%2C512&amp;ssl=1 768w, https:\/\/i0.wp.com\/blog.kunstgriff.net\/wp-content\/uploads\/2016\/09\/Plattenweg-neben-der-B5.jpg?resize=1024%2C682&amp;ssl=1 1024w, https:\/\/i0.wp.com\/blog.kunstgriff.net\/wp-content\/uploads\/2016\/09\/Plattenweg-neben-der-B5.jpg?resize=450%2C300&amp;ssl=1 450w, https:\/\/i0.wp.com\/blog.kunstgriff.net\/wp-content\/uploads\/2016\/09\/Plattenweg-neben-der-B5.jpg?w=1575&amp;ssl=1 1575w\" width=\"171\" height=\"114\" loading=\"lazy\" data-original-width=\"171\" data-original-height=\"114\" itemprop=\"http:\/\/schema.org\/image\" title=\"Plattenweg neben der B5\" alt=\"Plattenweg neben der B5\" style=\"width: 171px; height: 114px;\" \/> <\/a> <div class=\"tiled-gallery-caption\" itemprop=\"caption description\"> Plattenweg neben der B5 <\/div> <\/div> <\/div> <!-- close group --> <div class=\"gallery-group images-1\" style=\"width: 175px; height: 118px;\" data-original-width=\"175\" data-original-height=\"118\" > <div class=\"tiled-gallery-item tiled-gallery-item-small\" itemprop=\"associatedMedia\" itemscope itemtype=\"http:\/\/schema.org\/ImageObject\"> <a href=\"https:\/\/i0.wp.com\/blog.kunstgriff.net\/wp-content\/uploads\/2016\/09\/Gut-lachen-trotz-Wind.jpg?ssl=1\" border=\"0\" itemprop=\"url\"> <meta itemprop=\"width\" content=\"171\"> <meta itemprop=\"height\" content=\"114\"> <img decoding=\"async\" class=\"\" data-attachment-id=\"14974\" data-orig-file=\"https:\/\/blog.kunstgriff.net\/wp-content\/uploads\/2016\/09\/Gut-lachen-trotz-Wind.jpg\" data-orig-size=\"2000,1333\" data-comments-opened=\"1\" data-image-meta=\"{&quot;aperture&quot;:&quot;2&quot;,&quot;credit&quot;:&quot;&quot;,&quot;camera&quot;:&quot;TG-4&quot;,&quot;caption&quot;:&quot;OLYMPUS DIGITAL CAMERA&quot;,&quot;created_timestamp&quot;:&quot;1472913534&quot;,&quot;copyright&quot;:&quot;&quot;,&quot;focal_length&quot;:&quot;4.5&quot;,&quot;iso&quot;:&quot;500&quot;,&quot;shutter_speed&quot;:&quot;0.002&quot;,&quot;title&quot;:&quot;OLYMPUS DIGITAL CAMERA&quot;,&quot;orientation&quot;:&quot;1&quot;}\" data-image-title=\"Gut lachen trotz Windes\" data-image-description=\"\" data-medium-file=\"https:\/\/i0.wp.com\/blog.kunstgriff.net\/wp-content\/uploads\/2016\/09\/Gut-lachen-trotz-Wind.jpg?fit=300%2C200&#038;ssl=1\" data-large-file=\"https:\/\/i0.wp.com\/blog.kunstgriff.net\/wp-content\/uploads\/2016\/09\/Gut-lachen-trotz-Wind.jpg?fit=1024%2C682&#038;ssl=1\" src=\"https:\/\/i0.wp.com\/blog.kunstgriff.net\/wp-content\/uploads\/2016\/09\/Gut-lachen-trotz-Wind.jpg?w=171&#038;h=114&#038;ssl=1\" srcset=\"https:\/\/i0.wp.com\/blog.kunstgriff.net\/wp-content\/uploads\/2016\/09\/Gut-lachen-trotz-Wind.jpg?w=2000&amp;ssl=1 2000w, https:\/\/i0.wp.com\/blog.kunstgriff.net\/wp-content\/uploads\/2016\/09\/Gut-lachen-trotz-Wind.jpg?resize=300%2C200&amp;ssl=1 300w, https:\/\/i0.wp.com\/blog.kunstgriff.net\/wp-content\/uploads\/2016\/09\/Gut-lachen-trotz-Wind.jpg?resize=768%2C512&amp;ssl=1 768w, https:\/\/i0.wp.com\/blog.kunstgriff.net\/wp-content\/uploads\/2016\/09\/Gut-lachen-trotz-Wind.jpg?resize=1024%2C682&amp;ssl=1 1024w, https:\/\/i0.wp.com\/blog.kunstgriff.net\/wp-content\/uploads\/2016\/09\/Gut-lachen-trotz-Wind.jpg?resize=450%2C300&amp;ssl=1 450w, https:\/\/i0.wp.com\/blog.kunstgriff.net\/wp-content\/uploads\/2016\/09\/Gut-lachen-trotz-Wind.jpg?w=1575&amp;ssl=1 1575w\" width=\"171\" height=\"114\" loading=\"lazy\" data-original-width=\"171\" data-original-height=\"114\" itemprop=\"http:\/\/schema.org\/image\" title=\"Gut lachen trotz Windes\" alt=\"Gut lachen trotz Windes\" style=\"width: 171px; height: 114px;\" \/> <\/a> <div class=\"tiled-gallery-caption\" itemprop=\"caption description\"> Gut lachen trotz Windes <\/div> <\/div> <\/div> <!-- close group --> <div class=\"gallery-group images-1\" style=\"width: 175px; height: 118px;\" data-original-width=\"175\" data-original-height=\"118\" > <div class=\"tiled-gallery-item tiled-gallery-item-small\" itemprop=\"associatedMedia\" itemscope itemtype=\"http:\/\/schema.org\/ImageObject\"> <a href=\"https:\/\/i0.wp.com\/blog.kunstgriff.net\/wp-content\/uploads\/2016\/09\/geschafft.jpg?ssl=1\" border=\"0\" itemprop=\"url\"> <meta itemprop=\"width\" content=\"171\"> <meta itemprop=\"height\" content=\"114\"> <img decoding=\"async\" class=\"\" data-attachment-id=\"14973\" data-orig-file=\"https:\/\/blog.kunstgriff.net\/wp-content\/uploads\/2016\/09\/geschafft.jpg\" data-orig-size=\"2000,1333\" data-comments-opened=\"1\" data-image-meta=\"{&quot;aperture&quot;:&quot;8&quot;,&quot;credit&quot;:&quot;&quot;,&quot;camera&quot;:&quot;TG-4&quot;,&quot;caption&quot;:&quot;OLYMPUS DIGITAL CAMERA&quot;,&quot;created_timestamp&quot;:&quot;1472918970&quot;,&quot;copyright&quot;:&quot;&quot;,&quot;focal_length&quot;:&quot;4.5&quot;,&quot;iso&quot;:&quot;250&quot;,&quot;shutter_speed&quot;:&quot;0.002&quot;,&quot;title&quot;:&quot;OLYMPUS DIGITAL CAMERA&quot;,&quot;orientation&quot;:&quot;1&quot;}\" data-image-title=\"geschafft\" data-image-description=\"\" data-medium-file=\"https:\/\/i0.wp.com\/blog.kunstgriff.net\/wp-content\/uploads\/2016\/09\/geschafft.jpg?fit=300%2C200&#038;ssl=1\" data-large-file=\"https:\/\/i0.wp.com\/blog.kunstgriff.net\/wp-content\/uploads\/2016\/09\/geschafft.jpg?fit=1024%2C682&#038;ssl=1\" src=\"https:\/\/i0.wp.com\/blog.kunstgriff.net\/wp-content\/uploads\/2016\/09\/geschafft.jpg?w=171&#038;h=114&#038;ssl=1\" srcset=\"https:\/\/i0.wp.com\/blog.kunstgriff.net\/wp-content\/uploads\/2016\/09\/geschafft.jpg?w=2000&amp;ssl=1 2000w, https:\/\/i0.wp.com\/blog.kunstgriff.net\/wp-content\/uploads\/2016\/09\/geschafft.jpg?resize=300%2C200&amp;ssl=1 300w, https:\/\/i0.wp.com\/blog.kunstgriff.net\/wp-content\/uploads\/2016\/09\/geschafft.jpg?resize=768%2C512&amp;ssl=1 768w, https:\/\/i0.wp.com\/blog.kunstgriff.net\/wp-content\/uploads\/2016\/09\/geschafft.jpg?resize=1024%2C682&amp;ssl=1 1024w, https:\/\/i0.wp.com\/blog.kunstgriff.net\/wp-content\/uploads\/2016\/09\/geschafft.jpg?resize=450%2C300&amp;ssl=1 450w, https:\/\/i0.wp.com\/blog.kunstgriff.net\/wp-content\/uploads\/2016\/09\/geschafft.jpg?w=1575&amp;ssl=1 1575w\" width=\"171\" height=\"114\" loading=\"lazy\" data-original-width=\"171\" data-original-height=\"114\" itemprop=\"http:\/\/schema.org\/image\" title=\"geschafft\" alt=\"geschafft\" style=\"width: 171px; height: 114px;\" \/> <\/a> <div class=\"tiled-gallery-caption\" itemprop=\"caption description\"> geschafft <\/div> <\/div> <\/div> <!-- close group --> <\/div> <!-- close row --> <\/div>\n","protected":false},"excerpt":{"rendered":"<p>oder \u00bbkann mal bitte jemand den Nord-West-Wind ausknipsen!?\u00ab Der Post heute ist eigentlich schnell geschrieben: Ich war auf ein Hoffest der fr\u00fcheren\u00a0Nachbarn meiner Eltern ins Ruppiger Land eingeladen. Der Termin stand schon lange und mein erster Gedanke war sofort: Da f\u00e4hrst Du mit dem Rad hin! Geplant &#8211; getan, hinfahren mit dem Rad, sch\u00f6n feiern, &hellip; <\/p>\n<p class=\"link-more\"><a href=\"https:\/\/blog.kunstgriff.net\/?p=14971\" class=\"more-link\"><span class=\"screen-reader-text\">\u201e1x Holzhausen &#8211; kein Zur\u00fcck\u201c <\/span>weiterlesen<\/a><\/p>\n","protected":false},"author":2,"featured_media":14976,"comment_status":"open","ping_status":"open","sticky":false,"template":"","format":"standard","meta":{"jetpack_post_was_ever_published":false,"_jetpack_newsletter_access":"","_jetpack_dont_email_post_to_subs":false,"_jetpack_newsletter_tier_id":0,"_jetpack_memberships_contains_paywalled_content":false,"_jetpack_memberships_contains_paid_content":false,"footnotes":""},"categories":[14,7],"tags":[],"class_list":["post-14971","post","type-post","status-publish","format-standard","has-post-thumbnail","hentry","category-radfahren","category-rennradfahren"],"jetpack_featured_media_url":"https:\/\/i0.wp.com\/blog.kunstgriff.net\/wp-content\/uploads\/2016\/09\/Ich-liebe-diese-Einsamkeit.jpg?fit=2000%2C1333&ssl=1","jetpack_shortlink":"https:\/\/wp.me\/p8Cxe7-3Tt","jetpack-related-posts":[{"id":15579,"url":"https:\/\/blog.kunstgriff.net\/?p=15579","url_meta":{"origin":14971,"position":0},"title":"Pankow \u2013 \u00dcckeritz mit der \u00bbCakeG\u00e4ng\u00ab","author":"Georg","date":"Mai 20, 2017","format":false,"excerpt":"\u00bbEin Tag am Meer\u00ab Die ganze Woche schon war ich nicht nur wegen meines Urlaubs voller Vorfreude, nein auch die legend\u00e4re Usedom-Tour stand am Samstag mit der \u00bbCakeG\u00e4ng\u00ab auf dem Programm. Um kurz nach vier erwachte ich v\u00f6llig ohne Wecker und voller Tatentdrang aus einer traumlosen Nacht. M\u00fcsli und Kaffee\u2026","rel":"","context":"In &quot;200er&quot;","block_context":{"text":"200er","link":"https:\/\/blog.kunstgriff.net\/?cat=48"},"img":{"alt_text":"","src":"https:\/\/i0.wp.com\/blog.kunstgriff.net\/wp-content\/uploads\/2017\/05\/Wellen-dr%C3%BCcken-mit-den-Damen.jpg?fit=1200%2C800&ssl=1&resize=350%2C200","width":350,"height":200,"srcset":"https:\/\/i0.wp.com\/blog.kunstgriff.net\/wp-content\/uploads\/2017\/05\/Wellen-dr%C3%BCcken-mit-den-Damen.jpg?fit=1200%2C800&ssl=1&resize=350%2C200 1x, https:\/\/i0.wp.com\/blog.kunstgriff.net\/wp-content\/uploads\/2017\/05\/Wellen-dr%C3%BCcken-mit-den-Damen.jpg?fit=1200%2C800&ssl=1&resize=525%2C300 1.5x, https:\/\/i0.wp.com\/blog.kunstgriff.net\/wp-content\/uploads\/2017\/05\/Wellen-dr%C3%BCcken-mit-den-Damen.jpg?fit=1200%2C800&ssl=1&resize=700%2C400 2x, https:\/\/i0.wp.com\/blog.kunstgriff.net\/wp-content\/uploads\/2017\/05\/Wellen-dr%C3%BCcken-mit-den-Damen.jpg?fit=1200%2C800&ssl=1&resize=1050%2C600 3x"},"classes":[]},{"id":1667,"url":"https:\/\/blog.kunstgriff.net\/?p=1667","url_meta":{"origin":14971,"position":1},"title":"Mal wieder alleine die \u00bbNordrunde\u00ab","author":"Georg","date":"Juni 17, 2010","format":false,"excerpt":"Heute war genau der richtige Tag um mal wieder eine Runde alleine zu drehen. Seit Wochen schon fahre ich meine Runden immer in der Gruppe, was durchaus auch seinen Reiz hat, aber alleine und dann noch auf meiner Referenz-Nordrunde bei solche herrlichem Sommerwetter ist schon etwas besonderes. Ich startete direkt\u2026","rel":"","context":"In &quot;Radfahren&quot;","block_context":{"text":"Radfahren","link":"https:\/\/blog.kunstgriff.net\/?cat=14"},"img":{"alt_text":"","src":"","width":0,"height":0},"classes":[]},{"id":18052,"url":"https:\/\/blog.kunstgriff.net\/?p=18052","url_meta":{"origin":14971,"position":2},"title":"P\u00e4wesin-Runde #3","author":"Georg","date":"Juni 2, 2018","format":false,"excerpt":"N\u00fcchtern und mit Food-logging Niemand hatte heute die Absicht eine Mauer zu bauen eine Runde zu fahren und so musste ich mich selbst motivieren aufs Rad zu steigen. Das war nicht all zu schwer, denn mein Arbeitgeber hat weltweit eine neue Gesundheits-Herausforderung ausgerufen. Neu-deutsch Lose-It-Challenge. Wie geht das? \u00dcber einen\u2026","rel":"","context":"In &quot;Cake-Ride&quot;","block_context":{"text":"Cake-Ride","link":"https:\/\/blog.kunstgriff.net\/?cat=34"},"img":{"alt_text":"","src":"https:\/\/i0.wp.com\/blog.kunstgriff.net\/wp-content\/uploads\/2018\/06\/bei-Sacrow-herrlich-gr%C3%BCn.jpg?fit=1200%2C800&ssl=1&resize=350%2C200","width":350,"height":200,"srcset":"https:\/\/i0.wp.com\/blog.kunstgriff.net\/wp-content\/uploads\/2018\/06\/bei-Sacrow-herrlich-gr%C3%BCn.jpg?fit=1200%2C800&ssl=1&resize=350%2C200 1x, https:\/\/i0.wp.com\/blog.kunstgriff.net\/wp-content\/uploads\/2018\/06\/bei-Sacrow-herrlich-gr%C3%BCn.jpg?fit=1200%2C800&ssl=1&resize=525%2C300 1.5x, https:\/\/i0.wp.com\/blog.kunstgriff.net\/wp-content\/uploads\/2018\/06\/bei-Sacrow-herrlich-gr%C3%BCn.jpg?fit=1200%2C800&ssl=1&resize=700%2C400 2x, https:\/\/i0.wp.com\/blog.kunstgriff.net\/wp-content\/uploads\/2018\/06\/bei-Sacrow-herrlich-gr%C3%BCn.jpg?fit=1200%2C800&ssl=1&resize=1050%2C600 3x"},"classes":[]},{"id":20683,"url":"https:\/\/blog.kunstgriff.net\/?p=20683","url_meta":{"origin":14971,"position":3},"title":"ERT 2020: Portugal\/Algarve 7. Tag","author":"Georg","date":"M\u00e4rz 7, 2020","format":false,"excerpt":"von Portim\u00e3o zur\u00fcck nach Faro Heute war dann echt schon der letzte Tag der ERT Fr\u00fchjahrestour durch die Algarve in Portugal. Mit Bedacht und ein wenig reflektierend genoss ich das letzte Fr\u00fchst\u00fccksbuffet mit Sternchen-Corn-Flakes. Geschlafen hatte ich sehr gut in dem recht modernen Hotel mit Meerblick. P\u00fcnktlich um 9 Uhr\u2026","rel":"","context":"In &quot;Radfahren&quot;","block_context":{"text":"Radfahren","link":"https:\/\/blog.kunstgriff.net\/?cat=14"},"img":{"alt_text":"Erinnerungsfoto vor Abfahrt","src":"https:\/\/i0.wp.com\/blog.kunstgriff.net\/wp-content\/uploads\/2020\/03\/Erinnerungsfoto-vor-Abfahrt.jpg?fit=1200%2C800&ssl=1&resize=350%2C200","width":350,"height":200,"srcset":"https:\/\/i0.wp.com\/blog.kunstgriff.net\/wp-content\/uploads\/2020\/03\/Erinnerungsfoto-vor-Abfahrt.jpg?fit=1200%2C800&ssl=1&resize=350%2C200 1x, https:\/\/i0.wp.com\/blog.kunstgriff.net\/wp-content\/uploads\/2020\/03\/Erinnerungsfoto-vor-Abfahrt.jpg?fit=1200%2C800&ssl=1&resize=525%2C300 1.5x, https:\/\/i0.wp.com\/blog.kunstgriff.net\/wp-content\/uploads\/2020\/03\/Erinnerungsfoto-vor-Abfahrt.jpg?fit=1200%2C800&ssl=1&resize=700%2C400 2x, https:\/\/i0.wp.com\/blog.kunstgriff.net\/wp-content\/uploads\/2020\/03\/Erinnerungsfoto-vor-Abfahrt.jpg?fit=1200%2C800&ssl=1&resize=1050%2C600 3x"},"classes":[]},{"id":2214,"url":"https:\/\/blog.kunstgriff.net\/?p=2214","url_meta":{"origin":14971,"position":4},"title":"Kurze Nordrunde \u00fcber Kremmen","author":"Georg","date":"August 18, 2010","format":false,"excerpt":"oder \"Letztes Training vor Rad am Ring inklusive Foto mit rotem Blitz in Boernicke\"Die klassische Feierabendrunden-Hatz am Mittwoch mit meinen Rennrad-Buddies musste heute ausfallen. Zum einen war das Wetter zu unbest\u00e4ndig und zum Anderen, viel wichtiger, wollte ich heute auf keinen Fall mehr Bolzen und mir die Beine kaputt fahren\u2026","rel":"","context":"In &quot;Garmin&quot;","block_context":{"text":"Garmin","link":"https:\/\/blog.kunstgriff.net\/?cat=35"},"img":{"alt_text":"","src":"https:\/\/i0.wp.com\/blog.kunstgriff.net\/wp-content\/uploads\/2010\/08\/BoernickeBlitzer.png?resize=350%2C200","width":350,"height":200,"srcset":"https:\/\/i0.wp.com\/blog.kunstgriff.net\/wp-content\/uploads\/2010\/08\/BoernickeBlitzer.png?resize=350%2C200 1x, https:\/\/i0.wp.com\/blog.kunstgriff.net\/wp-content\/uploads\/2010\/08\/BoernickeBlitzer.png?resize=525%2C300 1.5x"},"classes":[]},{"id":12670,"url":"https:\/\/blog.kunstgriff.net\/?p=12670","url_meta":{"origin":14971,"position":5},"title":"Pankow- > Usedom 2015","author":"Georg","date":"Juni 6, 2015","format":false,"excerpt":"oder \u00bbVon der Gro\u00dfstadt an die K\u00fcste\u00abEin gef\u00fchlte Ewigkeit bin ich schon nicht mehr bei einem Tagesausflug an die Ostsee gefahren. In 2014 ist dieses herrliche Unternehmen ganz ausgefallen. So war ich sofort am Gr\u00fcbeln, als Alexander diese Tour anbot. Das allgemeine Interesse an der Tour war jedoch zuerst relativ\u2026","rel":"","context":"In &quot;Besonderes Ereignis&quot;","block_context":{"text":"Besonderes Ereignis","link":"https:\/\/blog.kunstgriff.net\/?cat=25"},"img":{"alt_text":"","src":"https:\/\/i0.wp.com\/blog.kunstgriff.net\/wp-content\/uploads\/2015\/06\/Baustelle-in-Liebenwalde.jpg?fit=1200%2C900&ssl=1&resize=350%2C200","width":350,"height":200,"srcset":"https:\/\/i0.wp.com\/blog.kunstgriff.net\/wp-content\/uploads\/2015\/06\/Baustelle-in-Liebenwalde.jpg?fit=1200%2C900&ssl=1&resize=350%2C200 1x, https:\/\/i0.wp.com\/blog.kunstgriff.net\/wp-content\/uploads\/2015\/06\/Baustelle-in-Liebenwalde.jpg?fit=1200%2C900&ssl=1&resize=525%2C300 1.5x, https:\/\/i0.wp.com\/blog.kunstgriff.net\/wp-content\/uploads\/2015\/06\/Baustelle-in-Liebenwalde.jpg?fit=1200%2C900&ssl=1&resize=700%2C400 2x, https:\/\/i0.wp.com\/blog.kunstgriff.net\/wp-content\/uploads\/2015\/06\/Baustelle-in-Liebenwalde.jpg?fit=1200%2C900&ssl=1&resize=1050%2C600 3x"},"classes":[]}],"jetpack_likes_enabled":true,"jetpack_sharing_enabled":true,"_links":{"self":[{"href":"https:\/\/blog.kunstgriff.net\/index.php?rest_route=\/wp\/v2\/posts\/14971","targetHints":{"allow":["GET"]}}],"collection":[{"href":"https:\/\/blog.kunstgriff.net\/index.php?rest_route=\/wp\/v2\/posts"}],"about":[{"href":"https:\/\/blog.kunstgriff.net\/index.php?rest_route=\/wp\/v2\/types\/post"}],"author":[{"embeddable":true,"href":"https:\/\/blog.kunstgriff.net\/index.php?rest_route=\/wp\/v2\/users\/2"}],"replies":[{"embeddable":true,"href":"https:\/\/blog.kunstgriff.net\/index.php?rest_route=%2Fwp%2Fv2%2Fcomments&post=14971"}],"version-history":[{"count":0,"href":"https:\/\/blog.kunstgriff.net\/index.php?rest_route=\/wp\/v2\/posts\/14971\/revisions"}],"wp:featuredmedia":[{"embeddable":true,"href":"https:\/\/blog.kunstgriff.net\/index.php?rest_route=\/wp\/v2\/media\/14976"}],"wp:attachment":[{"href":"https:\/\/blog.kunstgriff.net\/index.php?rest_route=%2Fwp%2Fv2%2Fmedia&parent=14971"}],"wp:term":[{"taxonomy":"category","embeddable":true,"href":"https:\/\/blog.kunstgriff.net\/index.php?rest_route=%2Fwp%2Fv2%2Fcategories&post=14971"},{"taxonomy":"post_tag","embeddable":true,"href":"https:\/\/blog.kunstgriff.net\/index.php?rest_route=%2Fwp%2Fv2%2Ftags&post=14971"}],"curies":[{"name":"wp","href":"https:\/\/api.w.org\/{rel}","templated":true}]}}