{"id":15185,"date":"2016-10-29T13:11:51","date_gmt":"2016-10-29T11:11:51","guid":{"rendered":"https:\/\/blog.kunstgriff.net\/?p=15185"},"modified":"2016-11-06T14:27:19","modified_gmt":"2016-11-06T13:27:19","slug":"ert-teneriffa-2016-tag-1","status":"publish","type":"post","link":"https:\/\/blog.kunstgriff.net\/?p=15185","title":{"rendered":"ERT-Teneriffa 2016 &#8211; Tag 1"},"content":{"rendered":"<span class=\"span-reading-time rt-reading-time\" style=\"display: block;\"><span class=\"rt-label rt-prefix\">Lesezeit: <\/span> <span class=\"rt-time\"> 2<\/span> <span class=\"rt-label rt-postfix\">Minuten<\/span><\/span><h4>oder \u00bbRund um El Medano\u00ab<\/h4>\n<hr \/>\n<p>Mir war klar, dass es ein beschwerlicher Weg werden w\u00fcrde, bis in endlich auf dem Renner auf der Kanareninsel Teneriffa sitzen w\u00fcrde. Aber der Reihe nach: Da unser Flug zur uns\u00e4glichsten Zeit, um kurz nach 4 starten sollte, entschloss ich mich, mich nicht aufs Ohr zu legen und <em>\u00bbdurch zu machen\u00ab.<\/em><\/p>\n<p>Das gelang mir zwar nicht ganz, denn um kurz nach 12 nickte ich vor dem Fernseher f\u00fcr eine gute Stunde ein. Gl\u00fccklicherweise wachte ich rechtzeitig von selbst wieder auf, sodass mich ein lieber Arbeitskollege um kurz nach 2, <em>\u00bbgepowernapped\u00ab\u00a0<\/em>nach Sch\u00f6nefeld bringen konnte.<\/p>\n<p>Wir Berliner k\u00f6nnen ja bekanntlich Einiges, nur wahrlich keine Flugh\u00e4fen. Der elektronische Check-In war f\u00fcr den Small-Planet Flug nicht aktiviert worden und so ging es neben dem Einchecken auch noch um die Sitzplatzwahl, was eine ganze Menge an Zeit in Anspruch nahm. \u00dcberm\u00fcdet mit Reisegep\u00e4ck Schlange stehen \u2013\u00a0nicht sch\u00f6n.<\/p>\n<p>Hinzu kam das sich bei aktuellen Billigfliegern die R\u00fcckenlehne auch bei 5-Stunden-Fl\u00fcgen nicht mehr kippen l\u00e4sst, was eine angenehme Nachtruhe trotz Noise-canceling Kopfh\u00f6rer fast unm\u00f6glich machte. <em>Oh well.<\/em> Ich habe ja Urlaub!<\/p>\n<p>So erreichte ich relativ\u00a0\u00fcberm\u00fcdet die Sommerinsel. Der Himmel war zwar bedeckt, aber das Thermometer zeigte 32\u00b0C, was f\u00fcr <del>einiges<\/del> alles entsch\u00e4digte.<\/p>\n<p>Die Bande war nat\u00fcrlich voller Tatendrang und so wurden nach einem sch\u00f6nen Fr\u00fchst\u00fcck an der Strandpromenade der Radverleih aufgesucht.<\/p>\n<p>Das Rad war leider nicht so wie ich es mir erhofft hatte, lie\u00df sich aber gut fahren. Luxus-Probleme die im Urlaub nicht wichtig sind. Wichtiger war, dass es sch\u00f6n warm war und der Renner bewegt werden wollte. Wir fuhren erst kurz im Flachen und dann ging es auch gleich bergauf und nie wieder bergab. Nach einer knappen Stunde warten Herb, Ralph und Mathias an einem Caf\u00e9 um eine Cola zu ziehen und einen Kaffee zu trinken. Eigentlich waren wir so gut wie oben, nur noch ein paar Kilometer, dann ging es auf einem langen Plateau die K\u00fcste entlang. Wir hatten einen wunderbaren Blick \u00fcber die Bucht und die leichte Briese lie\u00df die W\u00e4rme gut ertragen. Perfekte Rennrad-Bedingungen, aber auch ganz sch\u00f6n stressig das Terrain. So ein wenig kam ich schon ins Zweifeln ob ich, als nicht wirklich passionierter Bergfahrer, hier viel Spa\u00df haben w\u00fcrde.<\/p>\n<p>Am Ende der Runde kehrten wir dann noch ein zweites Mal ein, was mehr sehr gelegen kam, da ich keine Riegel eingepackt hatte.<\/p>\n<p>Die restlichen 10 km wurden noch an der K\u00fcste abgespult, bevor die HomeBase in Form einer einfachen Jugendherberge mit dem Sch\u00f6nen Namen \u00bbCasa Grande Surf Hostal\u00ab erreicht wurde. Zum\u00a0Abendessen gab es drei Sorten leckeres Paella.<\/p>\n<p>Leider habe ich Mist bei der Trackaufzeichnung gebaut, deshalb kein ordentlicher Track hier:<br \/>\n<iframe loading=\"lazy\" src=\"https:\/\/www.strava.com\/activities\/767394872\/embed\/c4992155ce5ff971ba8b400ecffacc187af276e9\" width=\"590\" height=\"405\" frameborder=\"0\" scrolling=\"no\"><\/iframe><\/p>\n<div class=\"tiled-gallery type-rectangular tiled-gallery-unresized\" data-original-width=\"525\" data-carousel-extra='{&quot;blog_id&quot;:1,&quot;permalink&quot;:&quot;https:\\\/\\\/blog.kunstgriff.net\\\/?p=15185&quot;,&quot;likes_blog_id&quot;:127394879}' itemscope itemtype=\"http:\/\/schema.org\/ImageGallery\" > <div class=\"gallery-row\" style=\"width: 525px; height: 235px;\" data-original-width=\"525\" data-original-height=\"235\" > <div class=\"gallery-group images-1\" style=\"width: 351px; height: 235px;\" data-original-width=\"351\" data-original-height=\"235\" > <div class=\"tiled-gallery-item tiled-gallery-item-large\" itemprop=\"associatedMedia\" itemscope itemtype=\"http:\/\/schema.org\/ImageObject\"> <a href=\"https:\/\/i0.wp.com\/blog.kunstgriff.net\/wp-content\/uploads\/2016\/11\/Erkundungstour.jpg?ssl=1\" border=\"0\" itemprop=\"url\"> <meta itemprop=\"width\" content=\"347\"> <meta itemprop=\"height\" content=\"231\"> <img decoding=\"async\" class=\"\" data-attachment-id=\"15205\" data-orig-file=\"https:\/\/blog.kunstgriff.net\/wp-content\/uploads\/2016\/11\/Erkundungstour.jpg\" data-orig-size=\"2000,1333\" data-comments-opened=\"1\" data-image-meta=\"{&quot;aperture&quot;:&quot;8&quot;,&quot;credit&quot;:&quot;&quot;,&quot;camera&quot;:&quot;TG-4&quot;,&quot;caption&quot;:&quot;OLYMPUS DIGITAL CAMERA&quot;,&quot;created_timestamp&quot;:&quot;1477752862&quot;,&quot;copyright&quot;:&quot;&quot;,&quot;focal_length&quot;:&quot;4.5&quot;,&quot;iso&quot;:&quot;400&quot;,&quot;shutter_speed&quot;:&quot;0.002&quot;,&quot;title&quot;:&quot;OLYMPUS DIGITAL CAMERA&quot;,&quot;orientation&quot;:&quot;1&quot;}\" data-image-title=\"Erkundungstour\" data-image-description=\"\" data-medium-file=\"https:\/\/i0.wp.com\/blog.kunstgriff.net\/wp-content\/uploads\/2016\/11\/Erkundungstour.jpg?fit=300%2C200&#038;ssl=1\" data-large-file=\"https:\/\/i0.wp.com\/blog.kunstgriff.net\/wp-content\/uploads\/2016\/11\/Erkundungstour.jpg?fit=1024%2C682&#038;ssl=1\" src=\"https:\/\/i0.wp.com\/blog.kunstgriff.net\/wp-content\/uploads\/2016\/11\/Erkundungstour.jpg?w=347&#038;h=231&#038;ssl=1\" srcset=\"https:\/\/i0.wp.com\/blog.kunstgriff.net\/wp-content\/uploads\/2016\/11\/Erkundungstour.jpg?w=2000&amp;ssl=1 2000w, https:\/\/i0.wp.com\/blog.kunstgriff.net\/wp-content\/uploads\/2016\/11\/Erkundungstour.jpg?resize=300%2C200&amp;ssl=1 300w, https:\/\/i0.wp.com\/blog.kunstgriff.net\/wp-content\/uploads\/2016\/11\/Erkundungstour.jpg?resize=768%2C512&amp;ssl=1 768w, https:\/\/i0.wp.com\/blog.kunstgriff.net\/wp-content\/uploads\/2016\/11\/Erkundungstour.jpg?resize=1024%2C682&amp;ssl=1 1024w, https:\/\/i0.wp.com\/blog.kunstgriff.net\/wp-content\/uploads\/2016\/11\/Erkundungstour.jpg?resize=450%2C300&amp;ssl=1 450w, https:\/\/i0.wp.com\/blog.kunstgriff.net\/wp-content\/uploads\/2016\/11\/Erkundungstour.jpg?w=1575&amp;ssl=1 1575w\" width=\"347\" height=\"231\" loading=\"lazy\" data-original-width=\"347\" data-original-height=\"231\" itemprop=\"http:\/\/schema.org\/image\" title=\"Erkundungstour\" alt=\"Erkundungstour\" style=\"width: 347px; height: 231px;\" \/> <\/a> <div class=\"tiled-gallery-caption\" itemprop=\"caption description\"> Erkundungstour <\/div> <\/div> <\/div> <!-- close group --> <div class=\"gallery-group images-2\" style=\"width: 174px; height: 235px;\" data-original-width=\"174\" data-original-height=\"235\" > <div class=\"tiled-gallery-item tiled-gallery-item-small\" itemprop=\"associatedMedia\" itemscope itemtype=\"http:\/\/schema.org\/ImageObject\"> <a href=\"https:\/\/i0.wp.com\/blog.kunstgriff.net\/wp-content\/uploads\/2016\/11\/Hoch-oben.jpg?ssl=1\" border=\"0\" itemprop=\"url\"> <meta itemprop=\"width\" content=\"170\"> <meta itemprop=\"height\" content=\"114\"> <img decoding=\"async\" class=\"\" data-attachment-id=\"15208\" data-orig-file=\"https:\/\/blog.kunstgriff.net\/wp-content\/uploads\/2016\/11\/Hoch-oben.jpg\" data-orig-size=\"2000,1333\" data-comments-opened=\"1\" data-image-meta=\"{&quot;aperture&quot;:&quot;8&quot;,&quot;credit&quot;:&quot;&quot;,&quot;camera&quot;:&quot;TG-4&quot;,&quot;caption&quot;:&quot;OLYMPUS DIGITAL CAMERA&quot;,&quot;created_timestamp&quot;:&quot;1477757288&quot;,&quot;copyright&quot;:&quot;&quot;,&quot;focal_length&quot;:&quot;4.5&quot;,&quot;iso&quot;:&quot;200&quot;,&quot;shutter_speed&quot;:&quot;0.00125&quot;,&quot;title&quot;:&quot;OLYMPUS DIGITAL CAMERA&quot;,&quot;orientation&quot;:&quot;1&quot;}\" data-image-title=\"Hoch oben\" data-image-description=\"\" data-medium-file=\"https:\/\/i0.wp.com\/blog.kunstgriff.net\/wp-content\/uploads\/2016\/11\/Hoch-oben.jpg?fit=300%2C200&#038;ssl=1\" data-large-file=\"https:\/\/i0.wp.com\/blog.kunstgriff.net\/wp-content\/uploads\/2016\/11\/Hoch-oben.jpg?fit=1024%2C682&#038;ssl=1\" src=\"https:\/\/i0.wp.com\/blog.kunstgriff.net\/wp-content\/uploads\/2016\/11\/Hoch-oben.jpg?w=170&#038;h=114&#038;ssl=1\" srcset=\"https:\/\/i0.wp.com\/blog.kunstgriff.net\/wp-content\/uploads\/2016\/11\/Hoch-oben.jpg?w=2000&amp;ssl=1 2000w, https:\/\/i0.wp.com\/blog.kunstgriff.net\/wp-content\/uploads\/2016\/11\/Hoch-oben.jpg?resize=300%2C200&amp;ssl=1 300w, https:\/\/i0.wp.com\/blog.kunstgriff.net\/wp-content\/uploads\/2016\/11\/Hoch-oben.jpg?resize=768%2C512&amp;ssl=1 768w, https:\/\/i0.wp.com\/blog.kunstgriff.net\/wp-content\/uploads\/2016\/11\/Hoch-oben.jpg?resize=1024%2C682&amp;ssl=1 1024w, https:\/\/i0.wp.com\/blog.kunstgriff.net\/wp-content\/uploads\/2016\/11\/Hoch-oben.jpg?resize=450%2C300&amp;ssl=1 450w, https:\/\/i0.wp.com\/blog.kunstgriff.net\/wp-content\/uploads\/2016\/11\/Hoch-oben.jpg?w=1575&amp;ssl=1 1575w\" width=\"170\" height=\"114\" loading=\"lazy\" data-original-width=\"170\" data-original-height=\"114\" itemprop=\"http:\/\/schema.org\/image\" title=\"Hoch oben\" alt=\"Hoch oben\" style=\"width: 170px; height: 114px;\" \/> <\/a> <div class=\"tiled-gallery-caption\" itemprop=\"caption description\"> Hoch oben <\/div> <\/div> <div class=\"tiled-gallery-item tiled-gallery-item-small\" itemprop=\"associatedMedia\" itemscope itemtype=\"http:\/\/schema.org\/ImageObject\"> <a href=\"https:\/\/i0.wp.com\/blog.kunstgriff.net\/wp-content\/uploads\/2016\/11\/Hinterherfahren.jpg?ssl=1\" border=\"0\" itemprop=\"url\"> <meta itemprop=\"width\" content=\"170\"> <meta itemprop=\"height\" content=\"113\"> <img decoding=\"async\" class=\"\" data-attachment-id=\"15207\" data-orig-file=\"https:\/\/blog.kunstgriff.net\/wp-content\/uploads\/2016\/11\/Hinterherfahren.jpg\" data-orig-size=\"2000,1333\" data-comments-opened=\"1\" data-image-meta=\"{&quot;aperture&quot;:&quot;8&quot;,&quot;credit&quot;:&quot;&quot;,&quot;camera&quot;:&quot;TG-4&quot;,&quot;caption&quot;:&quot;OLYMPUS DIGITAL CAMERA&quot;,&quot;created_timestamp&quot;:&quot;1477758334&quot;,&quot;copyright&quot;:&quot;&quot;,&quot;focal_length&quot;:&quot;4.5&quot;,&quot;iso&quot;:&quot;200&quot;,&quot;shutter_speed&quot;:&quot;0.002&quot;,&quot;title&quot;:&quot;OLYMPUS DIGITAL CAMERA&quot;,&quot;orientation&quot;:&quot;1&quot;}\" data-image-title=\"Hinterherfahren\" data-image-description=\"\" data-medium-file=\"https:\/\/i0.wp.com\/blog.kunstgriff.net\/wp-content\/uploads\/2016\/11\/Hinterherfahren.jpg?fit=300%2C200&#038;ssl=1\" data-large-file=\"https:\/\/i0.wp.com\/blog.kunstgriff.net\/wp-content\/uploads\/2016\/11\/Hinterherfahren.jpg?fit=1024%2C682&#038;ssl=1\" src=\"https:\/\/i0.wp.com\/blog.kunstgriff.net\/wp-content\/uploads\/2016\/11\/Hinterherfahren.jpg?w=170&#038;h=113&#038;ssl=1\" srcset=\"https:\/\/i0.wp.com\/blog.kunstgriff.net\/wp-content\/uploads\/2016\/11\/Hinterherfahren.jpg?w=2000&amp;ssl=1 2000w, https:\/\/i0.wp.com\/blog.kunstgriff.net\/wp-content\/uploads\/2016\/11\/Hinterherfahren.jpg?resize=300%2C200&amp;ssl=1 300w, https:\/\/i0.wp.com\/blog.kunstgriff.net\/wp-content\/uploads\/2016\/11\/Hinterherfahren.jpg?resize=768%2C512&amp;ssl=1 768w, https:\/\/i0.wp.com\/blog.kunstgriff.net\/wp-content\/uploads\/2016\/11\/Hinterherfahren.jpg?resize=1024%2C682&amp;ssl=1 1024w, https:\/\/i0.wp.com\/blog.kunstgriff.net\/wp-content\/uploads\/2016\/11\/Hinterherfahren.jpg?resize=450%2C300&amp;ssl=1 450w, https:\/\/i0.wp.com\/blog.kunstgriff.net\/wp-content\/uploads\/2016\/11\/Hinterherfahren.jpg?w=1575&amp;ssl=1 1575w\" width=\"170\" height=\"113\" loading=\"lazy\" data-original-width=\"170\" data-original-height=\"113\" itemprop=\"http:\/\/schema.org\/image\" title=\"Hinterherfahren\" alt=\"Hinterherfahren\" style=\"width: 170px; height: 113px;\" \/> <\/a> <div class=\"tiled-gallery-caption\" itemprop=\"caption description\"> Hinterherfahren <\/div> <\/div> <\/div> <!-- close group --> <\/div> <!-- close row --> <div class=\"gallery-row\" style=\"width: 525px; height: 118px;\" data-original-width=\"525\" data-original-height=\"118\" > <div class=\"gallery-group images-1\" style=\"width: 175px; height: 118px;\" data-original-width=\"175\" data-original-height=\"118\" > <div class=\"tiled-gallery-item tiled-gallery-item-small\" itemprop=\"associatedMedia\" itemscope itemtype=\"http:\/\/schema.org\/ImageObject\"> <a href=\"https:\/\/i0.wp.com\/blog.kunstgriff.net\/wp-content\/uploads\/2016\/11\/Oben-tollen-Aussicht.jpg?ssl=1\" border=\"0\" itemprop=\"url\"> <meta itemprop=\"width\" content=\"171\"> <meta itemprop=\"height\" content=\"114\"> <img decoding=\"async\" class=\"\" data-attachment-id=\"15209\" data-orig-file=\"https:\/\/blog.kunstgriff.net\/wp-content\/uploads\/2016\/11\/Oben-tollen-Aussicht.jpg\" data-orig-size=\"2000,1333\" data-comments-opened=\"1\" data-image-meta=\"{&quot;aperture&quot;:&quot;8&quot;,&quot;credit&quot;:&quot;&quot;,&quot;camera&quot;:&quot;TG-4&quot;,&quot;caption&quot;:&quot;OLYMPUS DIGITAL CAMERA&quot;,&quot;created_timestamp&quot;:&quot;1477758693&quot;,&quot;copyright&quot;:&quot;&quot;,&quot;focal_length&quot;:&quot;4.5&quot;,&quot;iso&quot;:&quot;200&quot;,&quot;shutter_speed&quot;:&quot;0.00125&quot;,&quot;title&quot;:&quot;OLYMPUS DIGITAL CAMERA&quot;,&quot;orientation&quot;:&quot;1&quot;}\" data-image-title=\"Oben &amp;#8211; tollen Aussicht\" data-image-description=\"\" data-medium-file=\"https:\/\/i0.wp.com\/blog.kunstgriff.net\/wp-content\/uploads\/2016\/11\/Oben-tollen-Aussicht.jpg?fit=300%2C200&#038;ssl=1\" data-large-file=\"https:\/\/i0.wp.com\/blog.kunstgriff.net\/wp-content\/uploads\/2016\/11\/Oben-tollen-Aussicht.jpg?fit=1024%2C682&#038;ssl=1\" src=\"https:\/\/i0.wp.com\/blog.kunstgriff.net\/wp-content\/uploads\/2016\/11\/Oben-tollen-Aussicht.jpg?w=171&#038;h=114&#038;ssl=1\" srcset=\"https:\/\/i0.wp.com\/blog.kunstgriff.net\/wp-content\/uploads\/2016\/11\/Oben-tollen-Aussicht.jpg?w=2000&amp;ssl=1 2000w, https:\/\/i0.wp.com\/blog.kunstgriff.net\/wp-content\/uploads\/2016\/11\/Oben-tollen-Aussicht.jpg?resize=300%2C200&amp;ssl=1 300w, https:\/\/i0.wp.com\/blog.kunstgriff.net\/wp-content\/uploads\/2016\/11\/Oben-tollen-Aussicht.jpg?resize=768%2C512&amp;ssl=1 768w, https:\/\/i0.wp.com\/blog.kunstgriff.net\/wp-content\/uploads\/2016\/11\/Oben-tollen-Aussicht.jpg?resize=1024%2C682&amp;ssl=1 1024w, https:\/\/i0.wp.com\/blog.kunstgriff.net\/wp-content\/uploads\/2016\/11\/Oben-tollen-Aussicht.jpg?resize=450%2C300&amp;ssl=1 450w, https:\/\/i0.wp.com\/blog.kunstgriff.net\/wp-content\/uploads\/2016\/11\/Oben-tollen-Aussicht.jpg?w=1575&amp;ssl=1 1575w\" width=\"171\" height=\"114\" loading=\"lazy\" data-original-width=\"171\" data-original-height=\"114\" itemprop=\"http:\/\/schema.org\/image\" title=\"Oben - tollen Aussicht\" alt=\"Oben - tollen Aussicht\" style=\"width: 171px; height: 114px;\" \/> <\/a> <div class=\"tiled-gallery-caption\" itemprop=\"caption description\"> Oben &#8211; tollen Aussicht <\/div> <\/div> <\/div> <!-- close group --> <div class=\"gallery-group images-1\" style=\"width: 175px; height: 118px;\" data-original-width=\"175\" data-original-height=\"118\" > <div class=\"tiled-gallery-item tiled-gallery-item-small\" itemprop=\"associatedMedia\" itemscope itemtype=\"http:\/\/schema.org\/ImageObject\"> <a href=\"https:\/\/i0.wp.com\/blog.kunstgriff.net\/wp-content\/uploads\/2016\/11\/Finde-den-Fehler.jpg?ssl=1\" border=\"0\" itemprop=\"url\"> <meta itemprop=\"width\" content=\"171\"> <meta itemprop=\"height\" content=\"114\"> <img decoding=\"async\" class=\"\" data-attachment-id=\"15206\" data-orig-file=\"https:\/\/blog.kunstgriff.net\/wp-content\/uploads\/2016\/11\/Finde-den-Fehler.jpg\" data-orig-size=\"2000,1333\" data-comments-opened=\"1\" data-image-meta=\"{&quot;aperture&quot;:&quot;2.8&quot;,&quot;credit&quot;:&quot;&quot;,&quot;camera&quot;:&quot;TG-4&quot;,&quot;caption&quot;:&quot;OLYMPUS DIGITAL CAMERA&quot;,&quot;created_timestamp&quot;:&quot;1477758727&quot;,&quot;copyright&quot;:&quot;&quot;,&quot;focal_length&quot;:&quot;4.5&quot;,&quot;iso&quot;:&quot;200&quot;,&quot;shutter_speed&quot;:&quot;0.0008&quot;,&quot;title&quot;:&quot;OLYMPUS DIGITAL CAMERA&quot;,&quot;orientation&quot;:&quot;1&quot;}\" data-image-title=\"Finde den Fehler\" data-image-description=\"\" data-medium-file=\"https:\/\/i0.wp.com\/blog.kunstgriff.net\/wp-content\/uploads\/2016\/11\/Finde-den-Fehler.jpg?fit=300%2C200&#038;ssl=1\" data-large-file=\"https:\/\/i0.wp.com\/blog.kunstgriff.net\/wp-content\/uploads\/2016\/11\/Finde-den-Fehler.jpg?fit=1024%2C682&#038;ssl=1\" src=\"https:\/\/i0.wp.com\/blog.kunstgriff.net\/wp-content\/uploads\/2016\/11\/Finde-den-Fehler.jpg?w=171&#038;h=114&#038;ssl=1\" srcset=\"https:\/\/i0.wp.com\/blog.kunstgriff.net\/wp-content\/uploads\/2016\/11\/Finde-den-Fehler.jpg?w=2000&amp;ssl=1 2000w, https:\/\/i0.wp.com\/blog.kunstgriff.net\/wp-content\/uploads\/2016\/11\/Finde-den-Fehler.jpg?resize=300%2C200&amp;ssl=1 300w, https:\/\/i0.wp.com\/blog.kunstgriff.net\/wp-content\/uploads\/2016\/11\/Finde-den-Fehler.jpg?resize=768%2C512&amp;ssl=1 768w, https:\/\/i0.wp.com\/blog.kunstgriff.net\/wp-content\/uploads\/2016\/11\/Finde-den-Fehler.jpg?resize=1024%2C682&amp;ssl=1 1024w, https:\/\/i0.wp.com\/blog.kunstgriff.net\/wp-content\/uploads\/2016\/11\/Finde-den-Fehler.jpg?resize=450%2C300&amp;ssl=1 450w, https:\/\/i0.wp.com\/blog.kunstgriff.net\/wp-content\/uploads\/2016\/11\/Finde-den-Fehler.jpg?w=1575&amp;ssl=1 1575w\" width=\"171\" height=\"114\" loading=\"lazy\" data-original-width=\"171\" data-original-height=\"114\" itemprop=\"http:\/\/schema.org\/image\" title=\"Finde den Fehler\" alt=\"Finde den Fehler\" style=\"width: 171px; height: 114px;\" \/> <\/a> <div class=\"tiled-gallery-caption\" itemprop=\"caption description\"> Finde den Fehler <\/div> <\/div> <\/div> <!-- close group --> <div class=\"gallery-group images-1\" style=\"width: 175px; height: 118px;\" data-original-width=\"175\" data-original-height=\"118\" > <div class=\"tiled-gallery-item tiled-gallery-item-small\" itemprop=\"associatedMedia\" itemscope itemtype=\"http:\/\/schema.org\/ImageObject\"> <a href=\"https:\/\/i0.wp.com\/blog.kunstgriff.net\/wp-content\/uploads\/2016\/11\/Erkundung.jpg?ssl=1\" border=\"0\" itemprop=\"url\"> <meta itemprop=\"width\" content=\"171\"> <meta itemprop=\"height\" content=\"114\"> <img decoding=\"async\" class=\"\" data-attachment-id=\"15204\" data-orig-file=\"https:\/\/blog.kunstgriff.net\/wp-content\/uploads\/2016\/11\/Erkundung.jpg\" data-orig-size=\"2000,1333\" data-comments-opened=\"1\" data-image-meta=\"{&quot;aperture&quot;:&quot;2.8&quot;,&quot;credit&quot;:&quot;&quot;,&quot;camera&quot;:&quot;TG-4&quot;,&quot;caption&quot;:&quot;OLYMPUS DIGITAL CAMERA&quot;,&quot;created_timestamp&quot;:&quot;1477757861&quot;,&quot;copyright&quot;:&quot;&quot;,&quot;focal_length&quot;:&quot;4.5&quot;,&quot;iso&quot;:&quot;200&quot;,&quot;shutter_speed&quot;:&quot;0.001&quot;,&quot;title&quot;:&quot;OLYMPUS DIGITAL CAMERA&quot;,&quot;orientation&quot;:&quot;1&quot;}\" data-image-title=\"Erkundung\" data-image-description=\"\" data-medium-file=\"https:\/\/i0.wp.com\/blog.kunstgriff.net\/wp-content\/uploads\/2016\/11\/Erkundung.jpg?fit=300%2C200&#038;ssl=1\" data-large-file=\"https:\/\/i0.wp.com\/blog.kunstgriff.net\/wp-content\/uploads\/2016\/11\/Erkundung.jpg?fit=1024%2C682&#038;ssl=1\" src=\"https:\/\/i0.wp.com\/blog.kunstgriff.net\/wp-content\/uploads\/2016\/11\/Erkundung.jpg?w=171&#038;h=114&#038;ssl=1\" srcset=\"https:\/\/i0.wp.com\/blog.kunstgriff.net\/wp-content\/uploads\/2016\/11\/Erkundung.jpg?w=2000&amp;ssl=1 2000w, https:\/\/i0.wp.com\/blog.kunstgriff.net\/wp-content\/uploads\/2016\/11\/Erkundung.jpg?resize=300%2C200&amp;ssl=1 300w, https:\/\/i0.wp.com\/blog.kunstgriff.net\/wp-content\/uploads\/2016\/11\/Erkundung.jpg?resize=768%2C512&amp;ssl=1 768w, https:\/\/i0.wp.com\/blog.kunstgriff.net\/wp-content\/uploads\/2016\/11\/Erkundung.jpg?resize=1024%2C682&amp;ssl=1 1024w, https:\/\/i0.wp.com\/blog.kunstgriff.net\/wp-content\/uploads\/2016\/11\/Erkundung.jpg?resize=450%2C300&amp;ssl=1 450w, https:\/\/i0.wp.com\/blog.kunstgriff.net\/wp-content\/uploads\/2016\/11\/Erkundung.jpg?w=1575&amp;ssl=1 1575w\" width=\"171\" height=\"114\" loading=\"lazy\" data-original-width=\"171\" data-original-height=\"114\" itemprop=\"http:\/\/schema.org\/image\" title=\"Erkundung\" alt=\"Erkundung\" style=\"width: 171px; height: 114px;\" \/> <\/a> <div class=\"tiled-gallery-caption\" itemprop=\"caption description\"> Erkundung <\/div> <\/div> <\/div> <!-- close group --> <\/div> <!-- close row --> <div class=\"gallery-row\" style=\"width: 525px; height: 176px;\" data-original-width=\"525\" data-original-height=\"176\" > <div class=\"gallery-group images-1\" style=\"width: 263px; height: 176px;\" data-original-width=\"263\" data-original-height=\"176\" > <div class=\"tiled-gallery-item tiled-gallery-item-large\" itemprop=\"associatedMedia\" itemscope itemtype=\"http:\/\/schema.org\/ImageObject\"> <a href=\"https:\/\/i0.wp.com\/blog.kunstgriff.net\/wp-content\/uploads\/2016\/11\/Bomben-Wetter-bomben-Truppe.jpg?ssl=1\" border=\"0\" itemprop=\"url\"> <meta itemprop=\"width\" content=\"259\"> <meta itemprop=\"height\" content=\"172\"> <img decoding=\"async\" class=\"\" data-attachment-id=\"15203\" data-orig-file=\"https:\/\/blog.kunstgriff.net\/wp-content\/uploads\/2016\/11\/Bomben-Wetter-bomben-Truppe.jpg\" data-orig-size=\"2000,1333\" data-comments-opened=\"1\" data-image-meta=\"{&quot;aperture&quot;:&quot;8&quot;,&quot;credit&quot;:&quot;&quot;,&quot;camera&quot;:&quot;TG-4&quot;,&quot;caption&quot;:&quot;OLYMPUS DIGITAL CAMERA&quot;,&quot;created_timestamp&quot;:&quot;1477758804&quot;,&quot;copyright&quot;:&quot;&quot;,&quot;focal_length&quot;:&quot;4.5&quot;,&quot;iso&quot;:&quot;200&quot;,&quot;shutter_speed&quot;:&quot;0.0015625&quot;,&quot;title&quot;:&quot;OLYMPUS DIGITAL CAMERA&quot;,&quot;orientation&quot;:&quot;1&quot;}\" data-image-title=\"Bomben Wetter &amp;#8211; bomben Truppe\" data-image-description=\"\" data-medium-file=\"https:\/\/i0.wp.com\/blog.kunstgriff.net\/wp-content\/uploads\/2016\/11\/Bomben-Wetter-bomben-Truppe.jpg?fit=300%2C200&#038;ssl=1\" data-large-file=\"https:\/\/i0.wp.com\/blog.kunstgriff.net\/wp-content\/uploads\/2016\/11\/Bomben-Wetter-bomben-Truppe.jpg?fit=1024%2C682&#038;ssl=1\" src=\"https:\/\/i0.wp.com\/blog.kunstgriff.net\/wp-content\/uploads\/2016\/11\/Bomben-Wetter-bomben-Truppe.jpg?w=259&#038;h=172&#038;ssl=1\" srcset=\"https:\/\/i0.wp.com\/blog.kunstgriff.net\/wp-content\/uploads\/2016\/11\/Bomben-Wetter-bomben-Truppe.jpg?w=2000&amp;ssl=1 2000w, https:\/\/i0.wp.com\/blog.kunstgriff.net\/wp-content\/uploads\/2016\/11\/Bomben-Wetter-bomben-Truppe.jpg?resize=300%2C200&amp;ssl=1 300w, https:\/\/i0.wp.com\/blog.kunstgriff.net\/wp-content\/uploads\/2016\/11\/Bomben-Wetter-bomben-Truppe.jpg?resize=768%2C512&amp;ssl=1 768w, https:\/\/i0.wp.com\/blog.kunstgriff.net\/wp-content\/uploads\/2016\/11\/Bomben-Wetter-bomben-Truppe.jpg?resize=1024%2C682&amp;ssl=1 1024w, https:\/\/i0.wp.com\/blog.kunstgriff.net\/wp-content\/uploads\/2016\/11\/Bomben-Wetter-bomben-Truppe.jpg?resize=450%2C300&amp;ssl=1 450w, https:\/\/i0.wp.com\/blog.kunstgriff.net\/wp-content\/uploads\/2016\/11\/Bomben-Wetter-bomben-Truppe.jpg?w=1575&amp;ssl=1 1575w\" width=\"259\" height=\"172\" loading=\"lazy\" data-original-width=\"259\" data-original-height=\"172\" itemprop=\"http:\/\/schema.org\/image\" title=\"Bomben Wetter - bomben Truppe\" alt=\"Bomben Wetter - bomben Truppe\" style=\"width: 259px; height: 172px;\" \/> <\/a> <div class=\"tiled-gallery-caption\" itemprop=\"caption description\"> Bomben Wetter &#8211; bomben Truppe <\/div> <\/div> <\/div> <!-- close group --> <div class=\"gallery-group images-1\" style=\"width: 262px; height: 176px;\" data-original-width=\"262\" data-original-height=\"176\" > <div class=\"tiled-gallery-item tiled-gallery-item-large\" itemprop=\"associatedMedia\" itemscope itemtype=\"http:\/\/schema.org\/ImageObject\"> <a href=\"https:\/\/i0.wp.com\/blog.kunstgriff.net\/wp-content\/uploads\/2016\/11\/Vulkanlandschaft.jpg?ssl=1\" border=\"0\" itemprop=\"url\"> <meta itemprop=\"width\" content=\"258\"> <meta itemprop=\"height\" content=\"172\"> <img decoding=\"async\" class=\"\" data-attachment-id=\"15210\" data-orig-file=\"https:\/\/blog.kunstgriff.net\/wp-content\/uploads\/2016\/11\/Vulkanlandschaft.jpg\" data-orig-size=\"2000,1333\" data-comments-opened=\"1\" data-image-meta=\"{&quot;aperture&quot;:&quot;8&quot;,&quot;credit&quot;:&quot;&quot;,&quot;camera&quot;:&quot;TG-4&quot;,&quot;caption&quot;:&quot;OLYMPUS DIGITAL CAMERA&quot;,&quot;created_timestamp&quot;:&quot;1477825722&quot;,&quot;copyright&quot;:&quot;&quot;,&quot;focal_length&quot;:&quot;4.5&quot;,&quot;iso&quot;:&quot;200&quot;,&quot;shutter_speed&quot;:&quot;0.002&quot;,&quot;title&quot;:&quot;OLYMPUS DIGITAL CAMERA&quot;,&quot;orientation&quot;:&quot;1&quot;}\" data-image-title=\"Vulkanlandschaft\" data-image-description=\"\" data-medium-file=\"https:\/\/i0.wp.com\/blog.kunstgriff.net\/wp-content\/uploads\/2016\/11\/Vulkanlandschaft.jpg?fit=300%2C200&#038;ssl=1\" data-large-file=\"https:\/\/i0.wp.com\/blog.kunstgriff.net\/wp-content\/uploads\/2016\/11\/Vulkanlandschaft.jpg?fit=1024%2C682&#038;ssl=1\" src=\"https:\/\/i0.wp.com\/blog.kunstgriff.net\/wp-content\/uploads\/2016\/11\/Vulkanlandschaft.jpg?w=258&#038;h=172&#038;ssl=1\" srcset=\"https:\/\/i0.wp.com\/blog.kunstgriff.net\/wp-content\/uploads\/2016\/11\/Vulkanlandschaft.jpg?w=2000&amp;ssl=1 2000w, https:\/\/i0.wp.com\/blog.kunstgriff.net\/wp-content\/uploads\/2016\/11\/Vulkanlandschaft.jpg?resize=300%2C200&amp;ssl=1 300w, https:\/\/i0.wp.com\/blog.kunstgriff.net\/wp-content\/uploads\/2016\/11\/Vulkanlandschaft.jpg?resize=768%2C512&amp;ssl=1 768w, https:\/\/i0.wp.com\/blog.kunstgriff.net\/wp-content\/uploads\/2016\/11\/Vulkanlandschaft.jpg?resize=1024%2C682&amp;ssl=1 1024w, https:\/\/i0.wp.com\/blog.kunstgriff.net\/wp-content\/uploads\/2016\/11\/Vulkanlandschaft.jpg?resize=450%2C300&amp;ssl=1 450w, https:\/\/i0.wp.com\/blog.kunstgriff.net\/wp-content\/uploads\/2016\/11\/Vulkanlandschaft.jpg?w=1575&amp;ssl=1 1575w\" width=\"258\" height=\"172\" loading=\"lazy\" data-original-width=\"258\" data-original-height=\"172\" itemprop=\"http:\/\/schema.org\/image\" title=\"Vulkanlandschaft\" alt=\"Vulkanlandschaft\" style=\"width: 258px; height: 172px;\" \/> <\/a> <div class=\"tiled-gallery-caption\" itemprop=\"caption description\"> Vulkanlandschaft <\/div> <\/div> <\/div> <!-- close group --> <\/div> <!-- close row --> <\/div>\n","protected":false},"excerpt":{"rendered":"<p>oder \u00bbRund um El Medano\u00ab Mir war klar, dass es ein beschwerlicher Weg werden w\u00fcrde, bis in endlich auf dem Renner auf der Kanareninsel Teneriffa sitzen w\u00fcrde. Aber der Reihe nach: Da unser Flug zur uns\u00e4glichsten Zeit, um kurz nach 4 starten sollte, entschloss ich mich, mich nicht aufs Ohr zu legen und \u00bbdurch zu &hellip; <\/p>\n<p class=\"link-more\"><a href=\"https:\/\/blog.kunstgriff.net\/?p=15185\" class=\"more-link\"><span class=\"screen-reader-text\">\u201eERT-Teneriffa 2016 &#8211; Tag 1\u201c <\/span>weiterlesen<\/a><\/p>\n","protected":false},"author":2,"featured_media":15210,"comment_status":"open","ping_status":"open","sticky":false,"template":"","format":"standard","meta":{"jetpack_post_was_ever_published":false,"_jetpack_newsletter_access":"","_jetpack_dont_email_post_to_subs":false,"_jetpack_newsletter_tier_id":0,"_jetpack_memberships_contains_paywalled_content":false,"_jetpack_memberships_contains_paid_content":false,"footnotes":""},"categories":[14,13,7],"tags":[],"class_list":["post-15185","post","type-post","status-publish","format-standard","has-post-thumbnail","hentry","category-radfahren","category-radreise","category-rennradfahren"],"jetpack_featured_media_url":"https:\/\/i0.wp.com\/blog.kunstgriff.net\/wp-content\/uploads\/2016\/11\/Vulkanlandschaft.jpg?fit=2000%2C1333&ssl=1","jetpack_shortlink":"https:\/\/wp.me\/p8Cxe7-3WV","jetpack-related-posts":[{"id":21219,"url":"https:\/\/blog.kunstgriff.net\/?p=21219","url_meta":{"origin":15185,"position":0},"title":"Tiri-Pfingst-Sonntags-Ausfahrt","author":"Georg","date":"Mai 31, 2020","format":false,"excerpt":"Fahren bis Einer heult Ach was freute ich mich auf eine echte Gruppenausfahrt! Endlich wieder mit ein paar mehr Leuten unterwegs sein. Oleg bot einen lockeren 100er an, der genau in mein Programm passte. Herrlich! Also um kurz nach Neun auf den Renner und durch die Stadt nach S\u00fcden. Ganz\u2026","rel":"","context":"In &quot;Radfahren&quot;","block_context":{"text":"Radfahren","link":"https:\/\/blog.kunstgriff.net\/?cat=14"},"img":{"alt_text":"Kurz vor Tyrow","src":"https:\/\/i0.wp.com\/blog.kunstgriff.net\/wp-content\/uploads\/2020\/05\/Kurz-vor-Tyrow.jpg?fit=1200%2C800&ssl=1&resize=350%2C200","width":350,"height":200,"srcset":"https:\/\/i0.wp.com\/blog.kunstgriff.net\/wp-content\/uploads\/2020\/05\/Kurz-vor-Tyrow.jpg?fit=1200%2C800&ssl=1&resize=350%2C200 1x, https:\/\/i0.wp.com\/blog.kunstgriff.net\/wp-content\/uploads\/2020\/05\/Kurz-vor-Tyrow.jpg?fit=1200%2C800&ssl=1&resize=525%2C300 1.5x, https:\/\/i0.wp.com\/blog.kunstgriff.net\/wp-content\/uploads\/2020\/05\/Kurz-vor-Tyrow.jpg?fit=1200%2C800&ssl=1&resize=700%2C400 2x, https:\/\/i0.wp.com\/blog.kunstgriff.net\/wp-content\/uploads\/2020\/05\/Kurz-vor-Tyrow.jpg?fit=1200%2C800&ssl=1&resize=1050%2C600 3x"},"classes":[]},{"id":12784,"url":"https:\/\/blog.kunstgriff.net\/?p=12784","url_meta":{"origin":15185,"position":1},"title":"1. Etappe WfF Europa Radtour 2015","author":"Georg","date":"August 22, 2015","format":false,"excerpt":"Stuttgart - FreudenstadtIm vergangenen grauen Herbst in Berlin kam die \u00dcberlegung auf, eine Etappenfahrt im kommenden Sommer zu fahren. Viel hatte ich von den Sommertouren des WfF geh\u00f6rt und so entschloss ich mich, die Sommer-Alpentour einfach zu buchen.Urlaub eingereicht und abgehackt. Je n\u00e4her der Termin r\u00fcckte um so banger wurde\u2026","rel":"","context":"In &quot;Besonderes Ereignis&quot;","block_context":{"text":"Besonderes Ereignis","link":"https:\/\/blog.kunstgriff.net\/?cat=25"},"img":{"alt_text":"Das gesamte FahrerInnen Feld","src":"https:\/\/i0.wp.com\/blog.kunstgriff.net\/wp-content\/uploads\/2015\/07\/Das-gesamte-FahrerInnen-Feld.jpg?fit=1200%2C900&ssl=1&resize=350%2C200","width":350,"height":200,"srcset":"https:\/\/i0.wp.com\/blog.kunstgriff.net\/wp-content\/uploads\/2015\/07\/Das-gesamte-FahrerInnen-Feld.jpg?fit=1200%2C900&ssl=1&resize=350%2C200 1x, https:\/\/i0.wp.com\/blog.kunstgriff.net\/wp-content\/uploads\/2015\/07\/Das-gesamte-FahrerInnen-Feld.jpg?fit=1200%2C900&ssl=1&resize=525%2C300 1.5x, https:\/\/i0.wp.com\/blog.kunstgriff.net\/wp-content\/uploads\/2015\/07\/Das-gesamte-FahrerInnen-Feld.jpg?fit=1200%2C900&ssl=1&resize=700%2C400 2x, https:\/\/i0.wp.com\/blog.kunstgriff.net\/wp-content\/uploads\/2015\/07\/Das-gesamte-FahrerInnen-Feld.jpg?fit=1200%2C900&ssl=1&resize=1050%2C600 3x"},"classes":[]},{"id":19934,"url":"https:\/\/blog.kunstgriff.net\/?p=19934","url_meta":{"origin":15185,"position":2},"title":"Sella Ronda erweitert","author":"Georg","date":"August 18, 2019","format":false,"excerpt":"Vier P\u00e4sse sind genug Gruppen-Radreisen kenne ich ja nun schon seit mehr als 10 Jahren. Deshalb wollte ich mal was neues ausprobieren: Radreise alleine. Der Plan reifte schon vor mehreren Monaten als mir mein Sommer-Urlaubs-Plan mit dem wff zu fahren von meinem Arbeitgeber gestrichen wurde. So war ich auf der\u2026","rel":"","context":"In &quot;Cake-Ride&quot;","block_context":{"text":"Cake-Ride","link":"https:\/\/blog.kunstgriff.net\/?cat=34"},"img":{"alt_text":"kann mich nicht dran sattsehen","src":"https:\/\/i0.wp.com\/blog.kunstgriff.net\/wp-content\/uploads\/2019\/08\/kann-mich-nicht-dran-sattsehen.jpg?fit=1200%2C800&ssl=1&resize=350%2C200","width":350,"height":200,"srcset":"https:\/\/i0.wp.com\/blog.kunstgriff.net\/wp-content\/uploads\/2019\/08\/kann-mich-nicht-dran-sattsehen.jpg?fit=1200%2C800&ssl=1&resize=350%2C200 1x, https:\/\/i0.wp.com\/blog.kunstgriff.net\/wp-content\/uploads\/2019\/08\/kann-mich-nicht-dran-sattsehen.jpg?fit=1200%2C800&ssl=1&resize=525%2C300 1.5x, https:\/\/i0.wp.com\/blog.kunstgriff.net\/wp-content\/uploads\/2019\/08\/kann-mich-nicht-dran-sattsehen.jpg?fit=1200%2C800&ssl=1&resize=700%2C400 2x, https:\/\/i0.wp.com\/blog.kunstgriff.net\/wp-content\/uploads\/2019\/08\/kann-mich-nicht-dran-sattsehen.jpg?fit=1200%2C800&ssl=1&resize=1050%2C600 3x"},"classes":[]},{"id":12187,"url":"https:\/\/blog.kunstgriff.net\/?p=12187","url_meta":{"origin":15185,"position":3},"title":"Korsika 2014 &#8211; Tag 2","author":"Georg","date":"Oktober 10, 2014","format":false,"excerpt":"oder \u00bb\u00dcber die H\u00fcgel nach Corte\u00ab Nachdem gestern aktive Regeneration betrieben wurde, wollte heute wieder der Renner bewegt werden. Es sollte ein wenig ins Landesinnere nach Corte gehen. Dorthin hatte ich noch eine kleine Nase eingebaut, die ich aus den Tour-Tourenvorschl\u00e4gen stibitzt hatte. Erstmal musste um kurz nach 10 der\u2026","rel":"","context":"In &quot;Radfahren&quot;","block_context":{"text":"Radfahren","link":"https:\/\/blog.kunstgriff.net\/?cat=14"},"img":{"alt_text":"","src":"https:\/\/i0.wp.com\/blog.kunstgriff.net\/wp-content\/uploads\/2014\/10\/Im-Tal-liegt-Corte.jpg?fit=1200%2C900&ssl=1&resize=350%2C200","width":350,"height":200,"srcset":"https:\/\/i0.wp.com\/blog.kunstgriff.net\/wp-content\/uploads\/2014\/10\/Im-Tal-liegt-Corte.jpg?fit=1200%2C900&ssl=1&resize=350%2C200 1x, https:\/\/i0.wp.com\/blog.kunstgriff.net\/wp-content\/uploads\/2014\/10\/Im-Tal-liegt-Corte.jpg?fit=1200%2C900&ssl=1&resize=525%2C300 1.5x, https:\/\/i0.wp.com\/blog.kunstgriff.net\/wp-content\/uploads\/2014\/10\/Im-Tal-liegt-Corte.jpg?fit=1200%2C900&ssl=1&resize=700%2C400 2x, https:\/\/i0.wp.com\/blog.kunstgriff.net\/wp-content\/uploads\/2014\/10\/Im-Tal-liegt-Corte.jpg?fit=1200%2C900&ssl=1&resize=1050%2C600 3x"},"classes":[]},{"id":10818,"url":"https:\/\/blog.kunstgriff.net\/?p=10818","url_meta":{"origin":15185,"position":4},"title":"\u00bbRad am Ring\u00ab 2013 3.&#038; 4. Wechsel","author":"Georg","date":"September 8, 2013","format":false,"excerpt":"oder \u00bbNachtfahrt und Fr\u00fchsport\u00abUm 22:40 Uhr seine 100 km Ausfahrt mit \u00fcber 2.000 H\u00f6henmetern zu beginnen, hat schon was. Da ist es ganz wichtig, sich motivieren zu k\u00f6nnen und den richtigen Film im Kopfkino einzulegen, sonst scheitert das Vorhaben schon bei km 12 auf dem Weg, hoch zur Hohen Acht.\u2026","rel":"","context":"In &quot;Besonderes Ereignis&quot;","block_context":{"text":"Besonderes Ereignis","link":"https:\/\/blog.kunstgriff.net\/?cat=25"},"img":{"alt_text":"Rad am Ring 2013 ist f\u00fcr mich Geschichte","src":"https:\/\/i0.wp.com\/blog.kunstgriff.net\/wp-content\/uploads\/2013\/09\/Rad-am-Ring-2013-ist-f%C3%BCr-mich-Geschichte.jpg?resize=350%2C200","width":350,"height":200,"srcset":"https:\/\/i0.wp.com\/blog.kunstgriff.net\/wp-content\/uploads\/2013\/09\/Rad-am-Ring-2013-ist-f%C3%BCr-mich-Geschichte.jpg?resize=350%2C200 1x, https:\/\/i0.wp.com\/blog.kunstgriff.net\/wp-content\/uploads\/2013\/09\/Rad-am-Ring-2013-ist-f%C3%BCr-mich-Geschichte.jpg?resize=525%2C300 1.5x, https:\/\/i0.wp.com\/blog.kunstgriff.net\/wp-content\/uploads\/2013\/09\/Rad-am-Ring-2013-ist-f%C3%BCr-mich-Geschichte.jpg?resize=700%2C400 2x, https:\/\/i0.wp.com\/blog.kunstgriff.net\/wp-content\/uploads\/2013\/09\/Rad-am-Ring-2013-ist-f%C3%BCr-mich-Geschichte.jpg?resize=1050%2C600 3x"},"classes":[]},{"id":4098,"url":"https:\/\/blog.kunstgriff.net\/?p=4098","url_meta":{"origin":15185,"position":5},"title":"Mallorca Trainingscamp &#8211; Tag 4 &#8211; Randa","author":"Georg","date":"April 7, 2011","format":false,"excerpt":"oder \u00bbEntscheidung am Schicksalsberg\u00ab Nach dem erholsamen Ruhetag konnte es heute eigentlich mit neuer Kraft in diese bekannte Etappe gehen. Ganz so entspannt waren die Vorzeichen jedoch nicht, denn Herbert hatte noch eine Rechnung aus dem letzten Jahr mit mir offen. Wie er mir erz\u00e4hlte, war ich im letzten Jahr\u2026","rel":"","context":"In &quot;Radfahren&quot;","block_context":{"text":"Radfahren","link":"https:\/\/blog.kunstgriff.net\/?cat=14"},"img":{"alt_text":"","src":"https:\/\/i0.wp.com\/blog.kunstgriff.net\/wp-content\/uploads\/2011\/04\/IMG_1784.jpg?resize=350%2C200","width":350,"height":200,"srcset":"https:\/\/i0.wp.com\/blog.kunstgriff.net\/wp-content\/uploads\/2011\/04\/IMG_1784.jpg?resize=350%2C200 1x, https:\/\/i0.wp.com\/blog.kunstgriff.net\/wp-content\/uploads\/2011\/04\/IMG_1784.jpg?resize=525%2C300 1.5x, https:\/\/i0.wp.com\/blog.kunstgriff.net\/wp-content\/uploads\/2011\/04\/IMG_1784.jpg?resize=700%2C400 2x"},"classes":[]}],"jetpack_likes_enabled":true,"jetpack_sharing_enabled":true,"_links":{"self":[{"href":"https:\/\/blog.kunstgriff.net\/index.php?rest_route=\/wp\/v2\/posts\/15185","targetHints":{"allow":["GET"]}}],"collection":[{"href":"https:\/\/blog.kunstgriff.net\/index.php?rest_route=\/wp\/v2\/posts"}],"about":[{"href":"https:\/\/blog.kunstgriff.net\/index.php?rest_route=\/wp\/v2\/types\/post"}],"author":[{"embeddable":true,"href":"https:\/\/blog.kunstgriff.net\/index.php?rest_route=\/wp\/v2\/users\/2"}],"replies":[{"embeddable":true,"href":"https:\/\/blog.kunstgriff.net\/index.php?rest_route=%2Fwp%2Fv2%2Fcomments&post=15185"}],"version-history":[{"count":0,"href":"https:\/\/blog.kunstgriff.net\/index.php?rest_route=\/wp\/v2\/posts\/15185\/revisions"}],"wp:featuredmedia":[{"embeddable":true,"href":"https:\/\/blog.kunstgriff.net\/index.php?rest_route=\/wp\/v2\/media\/15210"}],"wp:attachment":[{"href":"https:\/\/blog.kunstgriff.net\/index.php?rest_route=%2Fwp%2Fv2%2Fmedia&parent=15185"}],"wp:term":[{"taxonomy":"category","embeddable":true,"href":"https:\/\/blog.kunstgriff.net\/index.php?rest_route=%2Fwp%2Fv2%2Fcategories&post=15185"},{"taxonomy":"post_tag","embeddable":true,"href":"https:\/\/blog.kunstgriff.net\/index.php?rest_route=%2Fwp%2Fv2%2Ftags&post=15185"}],"curies":[{"name":"wp","href":"https:\/\/api.w.org\/{rel}","templated":true}]}}