{"id":15192,"date":"2016-11-01T14:15:51","date_gmt":"2016-11-01T13:15:51","guid":{"rendered":"https:\/\/blog.kunstgriff.net\/?p=15192"},"modified":"2016-11-07T07:42:42","modified_gmt":"2016-11-07T06:42:42","slug":"ert-teneriffa-2016-tag-4","status":"publish","type":"post","link":"https:\/\/blog.kunstgriff.net\/?p=15192","title":{"rendered":"ERT-Teneriffa 2016 &#8211; Tag 4"},"content":{"rendered":"<span class=\"span-reading-time rt-reading-time\" style=\"display: block;\"><span class=\"rt-label rt-prefix\">Lesezeit: <\/span> <span class=\"rt-time\"> 2<\/span> <span class=\"rt-label rt-postfix\">Minuten<\/span><\/span><h4>\u00bb\u00dcber den Teide nach Icod de los Vinos\u00ab<\/h4>\n<hr \/>\n<p>Nach einer unruhigen Nacht in unmittelbarer N\u00e4he zum n\u00f6rdlichen Flughafen der Insel, bot unsere <del>recht<\/del>\u00a0sehr einfache Unterkunft kein Fr\u00fchst\u00fcck. Aber auch die benachbarte Fr\u00fchst\u00fcckslokalit\u00e4t war nicht im Stande innerhalb von 40 Minuten einen Caf\u00e9 con Leche auf den Tisch zu zaubern und so nahm ich die<em> \u00bbMission Fr\u00fchst\u00fcck\u00ab<\/em> selbst in die Hand. W\u00e4hrend der Rest der Bande noch aufs Sandwitch wartete hatte ich schon leckere Teilchen vom unweit entfernten B\u00e4cker in der Hand. Kaffee gabs zwar keinen, dieser wurde aber 15 km sp\u00e4ter auf dem Rad durch eine Coke-Zero-Fresko kompensiert. Im Urlaub sollte man anspassungsf\u00e4hig sein.<\/p>\n<p>Die Coke war auch bitter n\u00f6tig, denn nach den extra-steilen Rampen, die wir teils schiebend durch die Ortschaft nehmen mussten begann nun der eigentliche Anstieg zu unserem Tages-Highlight dem h\u00f6chsten Berg Spaniens, dem Teide.<\/p>\n<p>Schon das Tor zum Nationalpark und Kulturerbe versprach Fahrspass und Kurzweile den knapp 30 km langen Anstieg hoch: Nur moderate Steigung um die 5 bis 7 Prozent und abwechslungsreiche Natur. Ich hatte teilweise den Eindruck, ich sei in einem Nationalpark in den USA, so atemberaubend war die Vegetation abseits des Wegesrandes.<\/p>\n<p>Aber die eigentliche Plagerei begann genau jetzt, wo Kilometer um Kilometer und H\u00f6henmeter um H\u00f6henmeter gefressen wurden. Je weiter es hoch ging um so steiler <del>f\u00fchlte es sich an<\/del> wurde es. War es so weil die Kr\u00e4fte schwanden?<\/p>\n<p>Die H\u00f6henanzeige auf meinem Garmin war nun das einzige eindeutige Indiz f\u00fcr meine Strapazen. Jeder weitere H\u00f6henmeter wurde gefeiert. Bei 1.700 versprach ich mir ein Gel, bei 2.300 sollte Schluss sein.<\/p>\n<p>Aber es zog sich und der schlechte Asphalt und die Rampen hoch oben machten es nich einfach. Ein echter Gipfel war auch nicht auszumachen. Aber als es wieder bergab ging und der weisse wff-Transporter in Sichtweite war, wusste ich, dass es geschafft war.<\/p>\n<p>Es gab leckeres Chiabatta mit K\u00e4se und Paprikastrreifen bevor wir uns in die endlos lange Abfahrt st\u00fcrzten.<\/p>\n<p>Unten angekommen ging es relativ flach, aber wellig durch diverse Ortschaften, bevor es mal wieder steil links ab von der Hauptstra\u00dfe wegging. Ich war auf dem gro\u00dfen Blatt, grau und ich konnte nicht rechtzeitig Schalten und fiel um. Nix passiert aber auch nicht n\u00f6tig. Mit ordentlich Adrenalin weiter, den n\u00e4chsten, und zum Gl\u00fcck letzten Anstieg hoch. Oben dann auf einer herrlichen Aussichtsplattform mit der Bande noch eine letzte Cola-Zero genossen bevor die lange Abfahrt in den Zielort begann.<\/p>\n<p>Ein toller Tag auf dem Renner. Eigentlich fast zu sportlich und zu viele H\u00f6henmeter f\u00fcr meinen Geschmack, aber ich bin ja zum Radfahrn hier und nicht zum &#8230;<\/p>\n<p>Morgen dann <del>bitte<\/del> etwas ruhiger!<\/p>\n<p><iframe loading=\"lazy\" src=\"https:\/\/www.strava.com\/activities\/767395699\/embed\/6c4ec8209be108eac6238b7865f7715a9d954a67\" width=\"590\" height=\"405\" frameborder=\"0\" scrolling=\"no\"><\/iframe><\/p>\n<div class=\"tiled-gallery type-rectangular tiled-gallery-unresized\" data-original-width=\"525\" data-carousel-extra='{&quot;blog_id&quot;:1,&quot;permalink&quot;:&quot;https:\\\/\\\/blog.kunstgriff.net\\\/?p=15192&quot;,&quot;likes_blog_id&quot;:127394879}' itemscope itemtype=\"http:\/\/schema.org\/ImageGallery\" > <div class=\"gallery-row\" style=\"width: 525px; height: 451px;\" data-original-width=\"525\" data-original-height=\"451\" > <div class=\"gallery-group images-1\" style=\"width: 302px; height: 451px;\" data-original-width=\"302\" data-original-height=\"451\" > <div class=\"tiled-gallery-item tiled-gallery-item-large\" itemprop=\"associatedMedia\" itemscope itemtype=\"http:\/\/schema.org\/ImageObject\"> <a href=\"https:\/\/blog.kunstgriff.net\/?attachment_id=15261\" border=\"0\" itemprop=\"url\"> <meta itemprop=\"width\" content=\"298\"> <meta itemprop=\"height\" content=\"447\"> <img decoding=\"async\" class=\"\" data-attachment-id=\"15261\" data-orig-file=\"https:\/\/blog.kunstgriff.net\/wp-content\/uploads\/2016\/11\/Doch-noch-Fr\u00fchst\u00fcck.jpg\" data-orig-size=\"2000,3000\" data-comments-opened=\"1\" data-image-meta=\"{&quot;aperture&quot;:&quot;8&quot;,&quot;credit&quot;:&quot;&quot;,&quot;camera&quot;:&quot;TG-4&quot;,&quot;caption&quot;:&quot;OLYMPUS DIGITAL CAMERA&quot;,&quot;created_timestamp&quot;:&quot;1477999356&quot;,&quot;copyright&quot;:&quot;&quot;,&quot;focal_length&quot;:&quot;4.5&quot;,&quot;iso&quot;:&quot;200&quot;,&quot;shutter_speed&quot;:&quot;0.002&quot;,&quot;title&quot;:&quot;OLYMPUS DIGITAL CAMERA&quot;,&quot;orientation&quot;:&quot;1&quot;}\" data-image-title=\"Doch noch Fr\u00fchst\u00fcck\" data-image-description=\"\" data-medium-file=\"https:\/\/i0.wp.com\/blog.kunstgriff.net\/wp-content\/uploads\/2016\/11\/Doch-noch-Fr%C3%BChst%C3%BCck.jpg?fit=200%2C300&#038;ssl=1\" data-large-file=\"https:\/\/i0.wp.com\/blog.kunstgriff.net\/wp-content\/uploads\/2016\/11\/Doch-noch-Fr%C3%BChst%C3%BCck.jpg?fit=683%2C1024&#038;ssl=1\" src=\"https:\/\/i0.wp.com\/blog.kunstgriff.net\/wp-content\/uploads\/2016\/11\/Doch-noch-Fr%C3%BChst%C3%BCck.jpg?w=298&#038;h=447&#038;ssl=1\" width=\"298\" height=\"447\" loading=\"lazy\" data-original-width=\"298\" data-original-height=\"447\" itemprop=\"http:\/\/schema.org\/image\" title=\"Doch noch Fr\u00fchst\u00fcck\" alt=\"Doch noch Fr\u00fchst\u00fcck\" style=\"width: 298px; height: 447px;\" \/> <\/a> <div class=\"tiled-gallery-caption\" itemprop=\"caption description\"> Doch noch Fr\u00fchst\u00fcck <\/div> <\/div> <\/div> <!-- close group --> <div class=\"gallery-group images-3\" style=\"width: 223px; height: 451px;\" data-original-width=\"223\" data-original-height=\"451\" > <div class=\"tiled-gallery-item tiled-gallery-item-small\" itemprop=\"associatedMedia\" itemscope itemtype=\"http:\/\/schema.org\/ImageObject\"> <a href=\"https:\/\/blog.kunstgriff.net\/?attachment_id=15260\" border=\"0\" itemprop=\"url\"> <meta itemprop=\"width\" content=\"219\"> <meta itemprop=\"height\" content=\"147\"> <img decoding=\"async\" class=\"\" data-attachment-id=\"15260\" data-orig-file=\"https:\/\/blog.kunstgriff.net\/wp-content\/uploads\/2016\/11\/Der-h\u00f6chste-Berg-Spaniens-der-Teide.jpg\" data-orig-size=\"2000,1333\" data-comments-opened=\"1\" data-image-meta=\"{&quot;aperture&quot;:&quot;8&quot;,&quot;credit&quot;:&quot;&quot;,&quot;camera&quot;:&quot;TG-4&quot;,&quot;caption&quot;:&quot;OLYMPUS DIGITAL CAMERA&quot;,&quot;created_timestamp&quot;:&quot;1478001325&quot;,&quot;copyright&quot;:&quot;&quot;,&quot;focal_length&quot;:&quot;4.5&quot;,&quot;iso&quot;:&quot;100&quot;,&quot;shutter_speed&quot;:&quot;0.005&quot;,&quot;title&quot;:&quot;OLYMPUS DIGITAL CAMERA&quot;,&quot;orientation&quot;:&quot;1&quot;}\" data-image-title=\"Der h\u00f6chste Berg Spaniens &amp;#8211; der Teide\" data-image-description=\"\" data-medium-file=\"https:\/\/i0.wp.com\/blog.kunstgriff.net\/wp-content\/uploads\/2016\/11\/Der-h%C3%B6chste-Berg-Spaniens-der-Teide.jpg?fit=300%2C200&#038;ssl=1\" data-large-file=\"https:\/\/i0.wp.com\/blog.kunstgriff.net\/wp-content\/uploads\/2016\/11\/Der-h%C3%B6chste-Berg-Spaniens-der-Teide.jpg?fit=1024%2C682&#038;ssl=1\" src=\"https:\/\/i0.wp.com\/blog.kunstgriff.net\/wp-content\/uploads\/2016\/11\/Der-h%C3%B6chste-Berg-Spaniens-der-Teide.jpg?w=219&#038;h=147&#038;ssl=1\" width=\"219\" height=\"147\" loading=\"lazy\" data-original-width=\"219\" data-original-height=\"147\" itemprop=\"http:\/\/schema.org\/image\" title=\"Der h\u00f6chste Berg Spaniens - der Teide\" alt=\"Der h\u00f6chste Berg Spaniens - der Teide\" style=\"width: 219px; height: 147px;\" \/> <\/a> <div class=\"tiled-gallery-caption\" itemprop=\"caption description\"> Der h\u00f6chste Berg Spaniens &#8211; der Teide <\/div> <\/div> <div class=\"tiled-gallery-item tiled-gallery-item-small\" itemprop=\"associatedMedia\" itemscope itemtype=\"http:\/\/schema.org\/ImageObject\"> <a href=\"https:\/\/blog.kunstgriff.net\/?attachment_id=15266\" border=\"0\" itemprop=\"url\"> <meta itemprop=\"width\" content=\"219\"> <meta itemprop=\"height\" content=\"146\"> <img decoding=\"async\" class=\"\" data-attachment-id=\"15266\" data-orig-file=\"https:\/\/blog.kunstgriff.net\/wp-content\/uploads\/2016\/11\/Schieben-auch-f\u00fcr-Ralph-und-Christoph.jpg\" data-orig-size=\"2000,1333\" data-comments-opened=\"1\" data-image-meta=\"{&quot;aperture&quot;:&quot;8&quot;,&quot;credit&quot;:&quot;&quot;,&quot;camera&quot;:&quot;TG-4&quot;,&quot;caption&quot;:&quot;OLYMPUS DIGITAL CAMERA&quot;,&quot;created_timestamp&quot;:&quot;1478003485&quot;,&quot;copyright&quot;:&quot;&quot;,&quot;focal_length&quot;:&quot;4.5&quot;,&quot;iso&quot;:&quot;200&quot;,&quot;shutter_speed&quot;:&quot;0.0015625&quot;,&quot;title&quot;:&quot;OLYMPUS DIGITAL CAMERA&quot;,&quot;orientation&quot;:&quot;1&quot;}\" data-image-title=\"Schieben &amp;#8211; auch f\u00fcr Ralph und Christoph\" data-image-description=\"\" data-medium-file=\"https:\/\/i0.wp.com\/blog.kunstgriff.net\/wp-content\/uploads\/2016\/11\/Schieben-auch-f%C3%BCr-Ralph-und-Christoph.jpg?fit=300%2C200&#038;ssl=1\" data-large-file=\"https:\/\/i0.wp.com\/blog.kunstgriff.net\/wp-content\/uploads\/2016\/11\/Schieben-auch-f%C3%BCr-Ralph-und-Christoph.jpg?fit=1024%2C682&#038;ssl=1\" src=\"https:\/\/i0.wp.com\/blog.kunstgriff.net\/wp-content\/uploads\/2016\/11\/Schieben-auch-f%C3%BCr-Ralph-und-Christoph.jpg?w=219&#038;h=146&#038;ssl=1\" width=\"219\" height=\"146\" loading=\"lazy\" data-original-width=\"219\" data-original-height=\"146\" itemprop=\"http:\/\/schema.org\/image\" title=\"Schieben - auch f\u00fcr Ralph und Christoph\" alt=\"Schieben - auch f\u00fcr Ralph und Christoph\" style=\"width: 219px; height: 146px;\" \/> <\/a> <div class=\"tiled-gallery-caption\" itemprop=\"caption description\"> Schieben &#8211; auch f\u00fcr Ralph und Christoph <\/div> <\/div> <div class=\"tiled-gallery-item tiled-gallery-item-small\" itemprop=\"associatedMedia\" itemscope itemtype=\"http:\/\/schema.org\/ImageObject\"> <a href=\"https:\/\/blog.kunstgriff.net\/?attachment_id=15264\" border=\"0\" itemprop=\"url\"> <meta itemprop=\"width\" content=\"219\"> <meta itemprop=\"height\" content=\"146\"> <img decoding=\"async\" class=\"\" data-attachment-id=\"15264\" data-orig-file=\"https:\/\/blog.kunstgriff.net\/wp-content\/uploads\/2016\/11\/herrlicher-Nationalpark.jpg\" data-orig-size=\"2000,1333\" data-comments-opened=\"1\" data-image-meta=\"{&quot;aperture&quot;:&quot;2.8&quot;,&quot;credit&quot;:&quot;&quot;,&quot;camera&quot;:&quot;TG-4&quot;,&quot;caption&quot;:&quot;OLYMPUS DIGITAL CAMERA&quot;,&quot;created_timestamp&quot;:&quot;1478007075&quot;,&quot;copyright&quot;:&quot;&quot;,&quot;focal_length&quot;:&quot;4.5&quot;,&quot;iso&quot;:&quot;200&quot;,&quot;shutter_speed&quot;:&quot;0.0015625&quot;,&quot;title&quot;:&quot;OLYMPUS DIGITAL CAMERA&quot;,&quot;orientation&quot;:&quot;1&quot;}\" data-image-title=\"herrlicher Nationalpark\" data-image-description=\"\" data-medium-file=\"https:\/\/i0.wp.com\/blog.kunstgriff.net\/wp-content\/uploads\/2016\/11\/herrlicher-Nationalpark.jpg?fit=300%2C200&#038;ssl=1\" data-large-file=\"https:\/\/i0.wp.com\/blog.kunstgriff.net\/wp-content\/uploads\/2016\/11\/herrlicher-Nationalpark.jpg?fit=1024%2C682&#038;ssl=1\" src=\"https:\/\/i0.wp.com\/blog.kunstgriff.net\/wp-content\/uploads\/2016\/11\/herrlicher-Nationalpark.jpg?w=219&#038;h=146&#038;ssl=1\" srcset=\"https:\/\/i0.wp.com\/blog.kunstgriff.net\/wp-content\/uploads\/2016\/11\/herrlicher-Nationalpark.jpg?w=2000&amp;ssl=1 2000w, https:\/\/i0.wp.com\/blog.kunstgriff.net\/wp-content\/uploads\/2016\/11\/herrlicher-Nationalpark.jpg?resize=300%2C200&amp;ssl=1 300w, https:\/\/i0.wp.com\/blog.kunstgriff.net\/wp-content\/uploads\/2016\/11\/herrlicher-Nationalpark.jpg?resize=768%2C512&amp;ssl=1 768w, https:\/\/i0.wp.com\/blog.kunstgriff.net\/wp-content\/uploads\/2016\/11\/herrlicher-Nationalpark.jpg?resize=1024%2C682&amp;ssl=1 1024w, https:\/\/i0.wp.com\/blog.kunstgriff.net\/wp-content\/uploads\/2016\/11\/herrlicher-Nationalpark.jpg?resize=450%2C300&amp;ssl=1 450w, https:\/\/i0.wp.com\/blog.kunstgriff.net\/wp-content\/uploads\/2016\/11\/herrlicher-Nationalpark.jpg?w=1575&amp;ssl=1 1575w\" width=\"219\" height=\"146\" loading=\"lazy\" data-original-width=\"219\" data-original-height=\"146\" itemprop=\"http:\/\/schema.org\/image\" title=\"herrlicher Nationalpark\" alt=\"herrlicher Nationalpark\" style=\"width: 219px; height: 146px;\" \/> <\/a> <div class=\"tiled-gallery-caption\" itemprop=\"caption description\"> herrlicher Nationalpark <\/div> <\/div> <\/div> <!-- close group --> <\/div> <!-- close row --> <div class=\"gallery-row\" style=\"width: 525px; height: 235px;\" data-original-width=\"525\" data-original-height=\"235\" > <div class=\"gallery-group images-1\" style=\"width: 351px; height: 235px;\" data-original-width=\"351\" data-original-height=\"235\" > <div class=\"tiled-gallery-item tiled-gallery-item-large\" itemprop=\"associatedMedia\" itemscope itemtype=\"http:\/\/schema.org\/ImageObject\"> <a href=\"https:\/\/blog.kunstgriff.net\/?attachment_id=15258\" border=\"0\" itemprop=\"url\"> <meta itemprop=\"width\" content=\"347\"> <meta itemprop=\"height\" content=\"231\"> <img decoding=\"async\" class=\"\" data-attachment-id=\"15258\" data-orig-file=\"https:\/\/blog.kunstgriff.net\/wp-content\/uploads\/2016\/11\/atemberaubende-Strass-und-Landschaft.jpg\" data-orig-size=\"2000,1333\" data-comments-opened=\"1\" data-image-meta=\"{&quot;aperture&quot;:&quot;2&quot;,&quot;credit&quot;:&quot;&quot;,&quot;camera&quot;:&quot;TG-4&quot;,&quot;caption&quot;:&quot;OLYMPUS DIGITAL CAMERA&quot;,&quot;created_timestamp&quot;:&quot;1478009087&quot;,&quot;copyright&quot;:&quot;&quot;,&quot;focal_length&quot;:&quot;4.5&quot;,&quot;iso&quot;:&quot;200&quot;,&quot;shutter_speed&quot;:&quot;0.0015625&quot;,&quot;title&quot;:&quot;OLYMPUS DIGITAL CAMERA&quot;,&quot;orientation&quot;:&quot;1&quot;}\" data-image-title=\"atemberaubende Strass und Landschaft\" data-image-description=\"\" data-medium-file=\"https:\/\/i0.wp.com\/blog.kunstgriff.net\/wp-content\/uploads\/2016\/11\/atemberaubende-Strass-und-Landschaft.jpg?fit=300%2C200&#038;ssl=1\" data-large-file=\"https:\/\/i0.wp.com\/blog.kunstgriff.net\/wp-content\/uploads\/2016\/11\/atemberaubende-Strass-und-Landschaft.jpg?fit=1024%2C682&#038;ssl=1\" src=\"https:\/\/i0.wp.com\/blog.kunstgriff.net\/wp-content\/uploads\/2016\/11\/atemberaubende-Strass-und-Landschaft.jpg?w=347&#038;h=231&#038;ssl=1\" srcset=\"https:\/\/i0.wp.com\/blog.kunstgriff.net\/wp-content\/uploads\/2016\/11\/atemberaubende-Strass-und-Landschaft.jpg?w=2000&amp;ssl=1 2000w, https:\/\/i0.wp.com\/blog.kunstgriff.net\/wp-content\/uploads\/2016\/11\/atemberaubende-Strass-und-Landschaft.jpg?resize=300%2C200&amp;ssl=1 300w, https:\/\/i0.wp.com\/blog.kunstgriff.net\/wp-content\/uploads\/2016\/11\/atemberaubende-Strass-und-Landschaft.jpg?resize=768%2C512&amp;ssl=1 768w, https:\/\/i0.wp.com\/blog.kunstgriff.net\/wp-content\/uploads\/2016\/11\/atemberaubende-Strass-und-Landschaft.jpg?resize=1024%2C682&amp;ssl=1 1024w, https:\/\/i0.wp.com\/blog.kunstgriff.net\/wp-content\/uploads\/2016\/11\/atemberaubende-Strass-und-Landschaft.jpg?resize=450%2C300&amp;ssl=1 450w, https:\/\/i0.wp.com\/blog.kunstgriff.net\/wp-content\/uploads\/2016\/11\/atemberaubende-Strass-und-Landschaft.jpg?w=1575&amp;ssl=1 1575w\" width=\"347\" height=\"231\" loading=\"lazy\" data-original-width=\"347\" data-original-height=\"231\" itemprop=\"http:\/\/schema.org\/image\" title=\"atemberaubende Strass und Landschaft\" alt=\"atemberaubende Strass und Landschaft\" style=\"width: 347px; height: 231px;\" \/> <\/a> <div class=\"tiled-gallery-caption\" itemprop=\"caption description\"> atemberaubende Strass und Landschaft <\/div> <\/div> <\/div> <!-- close group --> <div class=\"gallery-group images-2\" style=\"width: 174px; height: 235px;\" data-original-width=\"174\" data-original-height=\"235\" > <div class=\"tiled-gallery-item tiled-gallery-item-small\" itemprop=\"associatedMedia\" itemscope itemtype=\"http:\/\/schema.org\/ImageObject\"> <a href=\"https:\/\/blog.kunstgriff.net\/?attachment_id=15267\" border=\"0\" itemprop=\"url\"> <meta itemprop=\"width\" content=\"170\"> <meta itemprop=\"height\" content=\"114\"> <img decoding=\"async\" class=\"\" data-attachment-id=\"15267\" data-orig-file=\"https:\/\/blog.kunstgriff.net\/wp-content\/uploads\/2016\/11\/Vulkangestein-auf-fast-2000-Meter-\u00fcber-Null.jpg\" data-orig-size=\"2000,1333\" data-comments-opened=\"1\" data-image-meta=\"{&quot;aperture&quot;:&quot;8&quot;,&quot;credit&quot;:&quot;&quot;,&quot;camera&quot;:&quot;TG-4&quot;,&quot;caption&quot;:&quot;OLYMPUS DIGITAL CAMERA&quot;,&quot;created_timestamp&quot;:&quot;1478014100&quot;,&quot;copyright&quot;:&quot;&quot;,&quot;focal_length&quot;:&quot;4.5&quot;,&quot;iso&quot;:&quot;250&quot;,&quot;shutter_speed&quot;:&quot;0.002&quot;,&quot;title&quot;:&quot;OLYMPUS DIGITAL CAMERA&quot;,&quot;orientation&quot;:&quot;1&quot;}\" data-image-title=\"Vulkangestein auf fast 2000 Meter \u00fcber Null\" data-image-description=\"\" data-medium-file=\"https:\/\/i0.wp.com\/blog.kunstgriff.net\/wp-content\/uploads\/2016\/11\/Vulkangestein-auf-fast-2000-Meter-%C3%BCber-Null.jpg?fit=300%2C200&#038;ssl=1\" data-large-file=\"https:\/\/i0.wp.com\/blog.kunstgriff.net\/wp-content\/uploads\/2016\/11\/Vulkangestein-auf-fast-2000-Meter-%C3%BCber-Null.jpg?fit=1024%2C682&#038;ssl=1\" src=\"https:\/\/i0.wp.com\/blog.kunstgriff.net\/wp-content\/uploads\/2016\/11\/Vulkangestein-auf-fast-2000-Meter-%C3%BCber-Null.jpg?w=170&#038;h=114&#038;ssl=1\" width=\"170\" height=\"114\" loading=\"lazy\" data-original-width=\"170\" data-original-height=\"114\" itemprop=\"http:\/\/schema.org\/image\" title=\"Vulkangestein auf fast 2000 Meter \u00fcber Null\" alt=\"Vulkangestein auf fast 2000 Meter \u00fcber Null\" style=\"width: 170px; height: 114px;\" \/> <\/a> <div class=\"tiled-gallery-caption\" itemprop=\"caption description\"> Vulkangestein auf fast 2000 Meter \u00fcber Null <\/div> <\/div> <div class=\"tiled-gallery-item tiled-gallery-item-small\" itemprop=\"associatedMedia\" itemscope itemtype=\"http:\/\/schema.org\/ImageObject\"> <a href=\"https:\/\/blog.kunstgriff.net\/?attachment_id=15262\" border=\"0\" itemprop=\"url\"> <meta itemprop=\"width\" content=\"170\"> <meta itemprop=\"height\" content=\"113\"> <img decoding=\"async\" class=\"\" data-attachment-id=\"15262\" data-orig-file=\"https:\/\/blog.kunstgriff.net\/wp-content\/uploads\/2016\/11\/Durch-das-Vulkangestein.jpg\" data-orig-size=\"2000,1333\" data-comments-opened=\"1\" data-image-meta=\"{&quot;aperture&quot;:&quot;8&quot;,&quot;credit&quot;:&quot;&quot;,&quot;camera&quot;:&quot;TG-4&quot;,&quot;caption&quot;:&quot;OLYMPUS DIGITAL CAMERA&quot;,&quot;created_timestamp&quot;:&quot;1478014121&quot;,&quot;copyright&quot;:&quot;&quot;,&quot;focal_length&quot;:&quot;4.5&quot;,&quot;iso&quot;:&quot;250&quot;,&quot;shutter_speed&quot;:&quot;0.002&quot;,&quot;title&quot;:&quot;OLYMPUS DIGITAL CAMERA&quot;,&quot;orientation&quot;:&quot;1&quot;}\" data-image-title=\"Durch das Vulkangestein\" data-image-description=\"\" data-medium-file=\"https:\/\/i0.wp.com\/blog.kunstgriff.net\/wp-content\/uploads\/2016\/11\/Durch-das-Vulkangestein.jpg?fit=300%2C200&#038;ssl=1\" data-large-file=\"https:\/\/i0.wp.com\/blog.kunstgriff.net\/wp-content\/uploads\/2016\/11\/Durch-das-Vulkangestein.jpg?fit=1024%2C682&#038;ssl=1\" src=\"https:\/\/i0.wp.com\/blog.kunstgriff.net\/wp-content\/uploads\/2016\/11\/Durch-das-Vulkangestein.jpg?w=170&#038;h=113&#038;ssl=1\" srcset=\"https:\/\/i0.wp.com\/blog.kunstgriff.net\/wp-content\/uploads\/2016\/11\/Durch-das-Vulkangestein.jpg?w=2000&amp;ssl=1 2000w, https:\/\/i0.wp.com\/blog.kunstgriff.net\/wp-content\/uploads\/2016\/11\/Durch-das-Vulkangestein.jpg?resize=300%2C200&amp;ssl=1 300w, https:\/\/i0.wp.com\/blog.kunstgriff.net\/wp-content\/uploads\/2016\/11\/Durch-das-Vulkangestein.jpg?resize=768%2C512&amp;ssl=1 768w, https:\/\/i0.wp.com\/blog.kunstgriff.net\/wp-content\/uploads\/2016\/11\/Durch-das-Vulkangestein.jpg?resize=1024%2C682&amp;ssl=1 1024w, https:\/\/i0.wp.com\/blog.kunstgriff.net\/wp-content\/uploads\/2016\/11\/Durch-das-Vulkangestein.jpg?resize=450%2C300&amp;ssl=1 450w, https:\/\/i0.wp.com\/blog.kunstgriff.net\/wp-content\/uploads\/2016\/11\/Durch-das-Vulkangestein.jpg?w=1575&amp;ssl=1 1575w\" width=\"170\" height=\"113\" loading=\"lazy\" data-original-width=\"170\" data-original-height=\"113\" itemprop=\"http:\/\/schema.org\/image\" title=\"Durch das Vulkangestein\" alt=\"Durch das Vulkangestein\" style=\"width: 170px; height: 113px;\" \/> <\/a> <div class=\"tiled-gallery-caption\" itemprop=\"caption description\"> Durch das Vulkangestein <\/div> <\/div> <\/div> <!-- close group --> <\/div> <!-- close row --> <div class=\"gallery-row\" style=\"width: 525px; height: 118px;\" data-original-width=\"525\" data-original-height=\"118\" > <div class=\"gallery-group images-1\" style=\"width: 175px; height: 118px;\" data-original-width=\"175\" data-original-height=\"118\" > <div class=\"tiled-gallery-item tiled-gallery-item-small\" itemprop=\"associatedMedia\" itemscope itemtype=\"http:\/\/schema.org\/ImageObject\"> <a href=\"https:\/\/blog.kunstgriff.net\/?attachment_id=15263\" border=\"0\" itemprop=\"url\"> <meta itemprop=\"width\" content=\"171\"> <meta itemprop=\"height\" content=\"114\"> <img decoding=\"async\" class=\"\" data-attachment-id=\"15263\" data-orig-file=\"https:\/\/blog.kunstgriff.net\/wp-content\/uploads\/2016\/11\/Endlich-Verpflegung.jpg\" data-orig-size=\"2000,1333\" data-comments-opened=\"1\" data-image-meta=\"{&quot;aperture&quot;:&quot;11&quot;,&quot;credit&quot;:&quot;&quot;,&quot;camera&quot;:&quot;TG-4&quot;,&quot;caption&quot;:&quot;OLYMPUS DIGITAL CAMERA&quot;,&quot;created_timestamp&quot;:&quot;1478017086&quot;,&quot;copyright&quot;:&quot;&quot;,&quot;focal_length&quot;:&quot;7.34&quot;,&quot;iso&quot;:&quot;400&quot;,&quot;shutter_speed&quot;:&quot;0.002&quot;,&quot;title&quot;:&quot;OLYMPUS DIGITAL CAMERA&quot;,&quot;orientation&quot;:&quot;1&quot;}\" data-image-title=\"Endlich Verpflegung\" data-image-description=\"\" data-medium-file=\"https:\/\/i0.wp.com\/blog.kunstgriff.net\/wp-content\/uploads\/2016\/11\/Endlich-Verpflegung.jpg?fit=300%2C200&#038;ssl=1\" data-large-file=\"https:\/\/i0.wp.com\/blog.kunstgriff.net\/wp-content\/uploads\/2016\/11\/Endlich-Verpflegung.jpg?fit=1024%2C682&#038;ssl=1\" src=\"https:\/\/i0.wp.com\/blog.kunstgriff.net\/wp-content\/uploads\/2016\/11\/Endlich-Verpflegung.jpg?w=171&#038;h=114&#038;ssl=1\" srcset=\"https:\/\/i0.wp.com\/blog.kunstgriff.net\/wp-content\/uploads\/2016\/11\/Endlich-Verpflegung.jpg?w=2000&amp;ssl=1 2000w, https:\/\/i0.wp.com\/blog.kunstgriff.net\/wp-content\/uploads\/2016\/11\/Endlich-Verpflegung.jpg?resize=300%2C200&amp;ssl=1 300w, https:\/\/i0.wp.com\/blog.kunstgriff.net\/wp-content\/uploads\/2016\/11\/Endlich-Verpflegung.jpg?resize=768%2C512&amp;ssl=1 768w, https:\/\/i0.wp.com\/blog.kunstgriff.net\/wp-content\/uploads\/2016\/11\/Endlich-Verpflegung.jpg?resize=1024%2C682&amp;ssl=1 1024w, https:\/\/i0.wp.com\/blog.kunstgriff.net\/wp-content\/uploads\/2016\/11\/Endlich-Verpflegung.jpg?resize=450%2C300&amp;ssl=1 450w, https:\/\/i0.wp.com\/blog.kunstgriff.net\/wp-content\/uploads\/2016\/11\/Endlich-Verpflegung.jpg?w=1575&amp;ssl=1 1575w\" width=\"171\" height=\"114\" loading=\"lazy\" data-original-width=\"171\" data-original-height=\"114\" itemprop=\"http:\/\/schema.org\/image\" title=\"Endlich Verpflegung\" alt=\"Endlich Verpflegung\" style=\"width: 171px; height: 114px;\" \/> <\/a> <div class=\"tiled-gallery-caption\" itemprop=\"caption description\"> Endlich Verpflegung <\/div> <\/div> <\/div> <!-- close group --> <div class=\"gallery-group images-1\" style=\"width: 175px; height: 118px;\" data-original-width=\"175\" data-original-height=\"118\" > <div class=\"tiled-gallery-item tiled-gallery-item-small\" itemprop=\"associatedMedia\" itemscope itemtype=\"http:\/\/schema.org\/ImageObject\"> <a href=\"https:\/\/blog.kunstgriff.net\/?attachment_id=15259\" border=\"0\" itemprop=\"url\"> <meta itemprop=\"width\" content=\"171\"> <meta itemprop=\"height\" content=\"114\"> <img decoding=\"async\" class=\"\" data-attachment-id=\"15259\" data-orig-file=\"https:\/\/blog.kunstgriff.net\/wp-content\/uploads\/2016\/11\/Dem-Horziont-ganz-nah.jpg\" data-orig-size=\"2000,1333\" data-comments-opened=\"1\" data-image-meta=\"{&quot;aperture&quot;:&quot;2.8&quot;,&quot;credit&quot;:&quot;&quot;,&quot;camera&quot;:&quot;TG-4&quot;,&quot;caption&quot;:&quot;OLYMPUS DIGITAL CAMERA&quot;,&quot;created_timestamp&quot;:&quot;1478027454&quot;,&quot;copyright&quot;:&quot;&quot;,&quot;focal_length&quot;:&quot;4.5&quot;,&quot;iso&quot;:&quot;100&quot;,&quot;shutter_speed&quot;:&quot;0.0015625&quot;,&quot;title&quot;:&quot;OLYMPUS DIGITAL CAMERA&quot;,&quot;orientation&quot;:&quot;1&quot;}\" data-image-title=\"Dem Horziont ganz nah\" data-image-description=\"\" data-medium-file=\"https:\/\/i0.wp.com\/blog.kunstgriff.net\/wp-content\/uploads\/2016\/11\/Dem-Horziont-ganz-nah.jpg?fit=300%2C200&#038;ssl=1\" data-large-file=\"https:\/\/i0.wp.com\/blog.kunstgriff.net\/wp-content\/uploads\/2016\/11\/Dem-Horziont-ganz-nah.jpg?fit=1024%2C682&#038;ssl=1\" src=\"https:\/\/i0.wp.com\/blog.kunstgriff.net\/wp-content\/uploads\/2016\/11\/Dem-Horziont-ganz-nah.jpg?w=171&#038;h=114&#038;ssl=1\" srcset=\"https:\/\/i0.wp.com\/blog.kunstgriff.net\/wp-content\/uploads\/2016\/11\/Dem-Horziont-ganz-nah.jpg?w=2000&amp;ssl=1 2000w, https:\/\/i0.wp.com\/blog.kunstgriff.net\/wp-content\/uploads\/2016\/11\/Dem-Horziont-ganz-nah.jpg?resize=300%2C200&amp;ssl=1 300w, https:\/\/i0.wp.com\/blog.kunstgriff.net\/wp-content\/uploads\/2016\/11\/Dem-Horziont-ganz-nah.jpg?resize=768%2C512&amp;ssl=1 768w, https:\/\/i0.wp.com\/blog.kunstgriff.net\/wp-content\/uploads\/2016\/11\/Dem-Horziont-ganz-nah.jpg?resize=1024%2C682&amp;ssl=1 1024w, https:\/\/i0.wp.com\/blog.kunstgriff.net\/wp-content\/uploads\/2016\/11\/Dem-Horziont-ganz-nah.jpg?resize=450%2C300&amp;ssl=1 450w, https:\/\/i0.wp.com\/blog.kunstgriff.net\/wp-content\/uploads\/2016\/11\/Dem-Horziont-ganz-nah.jpg?w=1575&amp;ssl=1 1575w\" width=\"171\" height=\"114\" loading=\"lazy\" data-original-width=\"171\" data-original-height=\"114\" itemprop=\"http:\/\/schema.org\/image\" title=\"Dem Horziont ganz nah\" alt=\"Dem Horziont ganz nah\" style=\"width: 171px; height: 114px;\" \/> <\/a> <div class=\"tiled-gallery-caption\" itemprop=\"caption description\"> Dem Horziont ganz nah <\/div> <\/div> <\/div> <!-- close group --> <div class=\"gallery-group images-1\" style=\"width: 175px; height: 118px;\" data-original-width=\"175\" data-original-height=\"118\" > <div class=\"tiled-gallery-item tiled-gallery-item-small\" itemprop=\"associatedMedia\" itemscope itemtype=\"http:\/\/schema.org\/ImageObject\"> <a href=\"https:\/\/blog.kunstgriff.net\/?attachment_id=15265\" border=\"0\" itemprop=\"url\"> <meta itemprop=\"width\" content=\"171\"> <meta itemprop=\"height\" content=\"114\"> <img decoding=\"async\" class=\"\" data-attachment-id=\"15265\" data-orig-file=\"https:\/\/blog.kunstgriff.net\/wp-content\/uploads\/2016\/11\/letzte-Schippe-zum-Hotel.jpg\" data-orig-size=\"2000,1333\" data-comments-opened=\"1\" data-image-meta=\"{&quot;aperture&quot;:&quot;2.8&quot;,&quot;credit&quot;:&quot;&quot;,&quot;camera&quot;:&quot;TG-4&quot;,&quot;caption&quot;:&quot;OLYMPUS DIGITAL CAMERA&quot;,&quot;created_timestamp&quot;:&quot;1478028556&quot;,&quot;copyright&quot;:&quot;&quot;,&quot;focal_length&quot;:&quot;4.5&quot;,&quot;iso&quot;:&quot;100&quot;,&quot;shutter_speed&quot;:&quot;0.002&quot;,&quot;title&quot;:&quot;OLYMPUS DIGITAL CAMERA&quot;,&quot;orientation&quot;:&quot;1&quot;}\" data-image-title=\"letzte Schippe zum Hotel\" data-image-description=\"\" data-medium-file=\"https:\/\/i0.wp.com\/blog.kunstgriff.net\/wp-content\/uploads\/2016\/11\/letzte-Schippe-zum-Hotel.jpg?fit=300%2C200&#038;ssl=1\" data-large-file=\"https:\/\/i0.wp.com\/blog.kunstgriff.net\/wp-content\/uploads\/2016\/11\/letzte-Schippe-zum-Hotel.jpg?fit=1024%2C682&#038;ssl=1\" src=\"https:\/\/i0.wp.com\/blog.kunstgriff.net\/wp-content\/uploads\/2016\/11\/letzte-Schippe-zum-Hotel.jpg?w=171&#038;h=114&#038;ssl=1\" srcset=\"https:\/\/i0.wp.com\/blog.kunstgriff.net\/wp-content\/uploads\/2016\/11\/letzte-Schippe-zum-Hotel.jpg?w=2000&amp;ssl=1 2000w, https:\/\/i0.wp.com\/blog.kunstgriff.net\/wp-content\/uploads\/2016\/11\/letzte-Schippe-zum-Hotel.jpg?resize=300%2C200&amp;ssl=1 300w, https:\/\/i0.wp.com\/blog.kunstgriff.net\/wp-content\/uploads\/2016\/11\/letzte-Schippe-zum-Hotel.jpg?resize=768%2C512&amp;ssl=1 768w, https:\/\/i0.wp.com\/blog.kunstgriff.net\/wp-content\/uploads\/2016\/11\/letzte-Schippe-zum-Hotel.jpg?resize=1024%2C682&amp;ssl=1 1024w, https:\/\/i0.wp.com\/blog.kunstgriff.net\/wp-content\/uploads\/2016\/11\/letzte-Schippe-zum-Hotel.jpg?resize=450%2C300&amp;ssl=1 450w, https:\/\/i0.wp.com\/blog.kunstgriff.net\/wp-content\/uploads\/2016\/11\/letzte-Schippe-zum-Hotel.jpg?w=1575&amp;ssl=1 1575w\" width=\"171\" height=\"114\" loading=\"lazy\" data-original-width=\"171\" data-original-height=\"114\" itemprop=\"http:\/\/schema.org\/image\" title=\"letzte Schippe zum Hotel\" alt=\"letzte Schippe zum Hotel\" style=\"width: 171px; height: 114px;\" \/> <\/a> <div class=\"tiled-gallery-caption\" itemprop=\"caption description\"> letzte Schippe zum Hotel <\/div> <\/div> <\/div> <!-- close group --> <\/div> <!-- close row --> <\/div>\n","protected":false},"excerpt":{"rendered":"<p>\u00bb\u00dcber den Teide nach Icod de los Vinos\u00ab Nach einer unruhigen Nacht in unmittelbarer N\u00e4he zum n\u00f6rdlichen Flughafen der Insel, bot unsere recht\u00a0sehr einfache Unterkunft kein Fr\u00fchst\u00fcck. Aber auch die benachbarte Fr\u00fchst\u00fcckslokalit\u00e4t war nicht im Stande innerhalb von 40 Minuten einen Caf\u00e9 con Leche auf den Tisch zu zaubern und so nahm ich die \u00bbMission &hellip; <\/p>\n<p class=\"link-more\"><a href=\"https:\/\/blog.kunstgriff.net\/?p=15192\" class=\"more-link\"><span class=\"screen-reader-text\">\u201eERT-Teneriffa 2016 &#8211; Tag 4\u201c <\/span>weiterlesen<\/a><\/p>\n","protected":false},"author":2,"featured_media":15260,"comment_status":"open","ping_status":"open","sticky":false,"template":"","format":"standard","meta":{"jetpack_post_was_ever_published":false,"_jetpack_newsletter_access":"","_jetpack_dont_email_post_to_subs":false,"_jetpack_newsletter_tier_id":0,"_jetpack_memberships_contains_paywalled_content":false,"_jetpack_memberships_contains_paid_content":false,"footnotes":""},"categories":[14,13,7],"tags":[],"class_list":["post-15192","post","type-post","status-publish","format-standard","has-post-thumbnail","hentry","category-radfahren","category-radreise","category-rennradfahren"],"jetpack_featured_media_url":"https:\/\/i0.wp.com\/blog.kunstgriff.net\/wp-content\/uploads\/2016\/11\/Der-h%C3%B6chste-Berg-Spaniens-der-Teide.jpg?fit=2000%2C1333&ssl=1","jetpack_shortlink":"https:\/\/wp.me\/p8Cxe7-3X2","jetpack-related-posts":[{"id":11610,"url":"https:\/\/blog.kunstgriff.net\/?p=11610","url_meta":{"origin":15192,"position":0},"title":"Mallorca Trainingscamp 2014 &#8211; Tag 5 &#8211; Soller &#8211; Bunyola","author":"Georg","date":"April 5, 2014","format":false,"excerpt":"oder \u00bbPleiten-Pech & Pannen\u00abDer Plan war heute, nicht nur mehr H\u00f6henmeter zu sammeln, sondern auch ein paar Kilometer drauf zu packen. Start war, wie immer um 10 Uhr vor dem Hotel. In einer grossen Gruppe sollte es los gehen, durch das Maffay-Tal \u00fcber Alaro in den ersten Berg, nach Soller.\u2026","rel":"","context":"In &quot;Radfahren&quot;","block_context":{"text":"Radfahren","link":"https:\/\/blog.kunstgriff.net\/?cat=14"},"img":{"alt_text":"","src":"https:\/\/i0.wp.com\/blog.kunstgriff.net\/wp-content\/uploads\/2014\/04\/Teure-Kuchenpause.jpg?fit=1000%2C750&ssl=1&resize=350%2C200","width":350,"height":200,"srcset":"https:\/\/i0.wp.com\/blog.kunstgriff.net\/wp-content\/uploads\/2014\/04\/Teure-Kuchenpause.jpg?fit=1000%2C750&ssl=1&resize=350%2C200 1x, https:\/\/i0.wp.com\/blog.kunstgriff.net\/wp-content\/uploads\/2014\/04\/Teure-Kuchenpause.jpg?fit=1000%2C750&ssl=1&resize=525%2C300 1.5x, https:\/\/i0.wp.com\/blog.kunstgriff.net\/wp-content\/uploads\/2014\/04\/Teure-Kuchenpause.jpg?fit=1000%2C750&ssl=1&resize=700%2C400 2x"},"classes":[]},{"id":11629,"url":"https:\/\/blog.kunstgriff.net\/?p=11629","url_meta":{"origin":15192,"position":1},"title":"Mallorca Trainingscamp 2014 &#8211; Tag 6 &#8211; Esporles &#8211; Palma &#8211; Lluc","author":"Georg","date":"April 6, 2014","format":false,"excerpt":"oder \u00bbAuf nen Caf\u00e9 in die Inselhauptstadt\u00abHeute war die lange, eigentlich flache Etappe nach Palma geplant. Schon im letzten Jahr hatte wir viel Freude auf der Runde, die wir heute auf jeden Fall toppen wollten. Mit relativ schweren Beinen ging es raus zum Schilf. Dank der ordentlichen Wechsel musste auch\u2026","rel":"","context":"In &quot;Radfahren&quot;","block_context":{"text":"Radfahren","link":"https:\/\/blog.kunstgriff.net\/?cat=14"},"img":{"alt_text":"","src":"https:\/\/i0.wp.com\/blog.kunstgriff.net\/wp-content\/uploads\/2014\/04\/Cafe-im-Hafen-in-der-Sonne.jpg?fit=1200%2C900&ssl=1&resize=350%2C200","width":350,"height":200,"srcset":"https:\/\/i0.wp.com\/blog.kunstgriff.net\/wp-content\/uploads\/2014\/04\/Cafe-im-Hafen-in-der-Sonne.jpg?fit=1200%2C900&ssl=1&resize=350%2C200 1x, https:\/\/i0.wp.com\/blog.kunstgriff.net\/wp-content\/uploads\/2014\/04\/Cafe-im-Hafen-in-der-Sonne.jpg?fit=1200%2C900&ssl=1&resize=525%2C300 1.5x, https:\/\/i0.wp.com\/blog.kunstgriff.net\/wp-content\/uploads\/2014\/04\/Cafe-im-Hafen-in-der-Sonne.jpg?fit=1200%2C900&ssl=1&resize=700%2C400 2x, https:\/\/i0.wp.com\/blog.kunstgriff.net\/wp-content\/uploads\/2014\/04\/Cafe-im-Hafen-in-der-Sonne.jpg?fit=1200%2C900&ssl=1&resize=1050%2C600 3x"},"classes":[]},{"id":13148,"url":"https:\/\/blog.kunstgriff.net\/?p=13148","url_meta":{"origin":15192,"position":2},"title":"Kuba 2016 \u2013 Tag 7: Playa Larga &#8211; Cienfuegos","author":"Georg","date":"Februar 26, 2016","format":false,"excerpt":"oder \u00bbEntlang des karibischen Meers\u00abP\u00fcnktlich um 8:45 Uhr verlie\u00dfen wir nach einem guten Fr\u00fchst\u00fcck, leider im Schatten, die malerische Bucht nach Osten. Das erste Zwischenziel war der etwa 30 km entfernte Playa Giron. Ein herrlicher Sandstrand sollte uns dort nach einer Stunde fahrt auf der K\u00fcstenstra\u00dfe erwarten. Stattdessen sch\u00fctzte ein\u2026","rel":"","context":"In &quot;Besonderes Ereignis&quot;","block_context":{"text":"Besonderes Ereignis","link":"https:\/\/blog.kunstgriff.net\/?cat=25"},"img":{"alt_text":"","src":"https:\/\/i0.wp.com\/blog.kunstgriff.net\/wp-content\/uploads\/2016\/03\/Ranfahren.jpg?fit=1200%2C900&ssl=1&resize=350%2C200","width":350,"height":200,"srcset":"https:\/\/i0.wp.com\/blog.kunstgriff.net\/wp-content\/uploads\/2016\/03\/Ranfahren.jpg?fit=1200%2C900&ssl=1&resize=350%2C200 1x, https:\/\/i0.wp.com\/blog.kunstgriff.net\/wp-content\/uploads\/2016\/03\/Ranfahren.jpg?fit=1200%2C900&ssl=1&resize=525%2C300 1.5x, https:\/\/i0.wp.com\/blog.kunstgriff.net\/wp-content\/uploads\/2016\/03\/Ranfahren.jpg?fit=1200%2C900&ssl=1&resize=700%2C400 2x, https:\/\/i0.wp.com\/blog.kunstgriff.net\/wp-content\/uploads\/2016\/03\/Ranfahren.jpg?fit=1200%2C900&ssl=1&resize=1050%2C600 3x"},"classes":[]},{"id":10249,"url":"https:\/\/blog.kunstgriff.net\/?p=10249","url_meta":{"origin":15192,"position":3},"title":"Auf Friedensfahrt\u2013Kurs 2013 4. Tag: Bayreuth -> Domazlice","author":"Georg","date":"Mai 10, 2013","format":false,"excerpt":"145,12 km | 1.017 H\u00f6henmeterDer Blick aus dem Fenster meines kleinen Dachstuhlfensters zeigte, was uns heute begleiten w\u00fcrde: Regentropfen prasselten auf den Asphalt. Die Motivation war sehr niedrig, um nicht zu sagen im Keller, heute aufs Renrrad zu steigen. Beim Fr\u00fchst\u00fcck pr\u00e4sentierten dann die Mitfahrer ihren Plan f\u00fcr die Weiterfahrt:\u2026","rel":"","context":"In &quot;Besonderes Ereignis&quot;","block_context":{"text":"Besonderes Ereignis","link":"https:\/\/blog.kunstgriff.net\/?cat=25"},"img":{"alt_text":"","src":"https:\/\/i0.wp.com\/blog.kunstgriff.net\/wp-content\/uploads\/2013\/05\/Satte-gr%C3%BCne-W%C3%A4lder-in-der-Oberpfalz.jpg?fit=1200%2C900&ssl=1&resize=350%2C200","width":350,"height":200,"srcset":"https:\/\/i0.wp.com\/blog.kunstgriff.net\/wp-content\/uploads\/2013\/05\/Satte-gr%C3%BCne-W%C3%A4lder-in-der-Oberpfalz.jpg?fit=1200%2C900&ssl=1&resize=350%2C200 1x, https:\/\/i0.wp.com\/blog.kunstgriff.net\/wp-content\/uploads\/2013\/05\/Satte-gr%C3%BCne-W%C3%A4lder-in-der-Oberpfalz.jpg?fit=1200%2C900&ssl=1&resize=525%2C300 1.5x, https:\/\/i0.wp.com\/blog.kunstgriff.net\/wp-content\/uploads\/2013\/05\/Satte-gr%C3%BCne-W%C3%A4lder-in-der-Oberpfalz.jpg?fit=1200%2C900&ssl=1&resize=700%2C400 2x, https:\/\/i0.wp.com\/blog.kunstgriff.net\/wp-content\/uploads\/2013\/05\/Satte-gr%C3%BCne-W%C3%A4lder-in-der-Oberpfalz.jpg?fit=1200%2C900&ssl=1&resize=1050%2C600 3x"},"classes":[]},{"id":368,"url":"https:\/\/blog.kunstgriff.net\/?p=368","url_meta":{"origin":15192,"position":4},"title":"Runter nach Zossen","author":"Georg","date":"November 15, 2009","format":false,"excerpt":"Die Tour an diesem sonnigen und f\u00fcr die Jahreszeit sehr warmen Sonntag war von Dominik von der Rennradgruppe.de organisiert. Gestern bin ich ja\u00a0 mit der Rennradliste.de gefahren. Sch\u00f6n wenn man die Auswahl hat! Der Startpunkt war um 11 Uhr am Bahnhof S\u00fcdkreuz, f\u00fcr mich eigentlich sehr sp\u00e4t, aber ich nutzte\u2026","rel":"","context":"In &quot;Garmin&quot;","block_context":{"text":"Garmin","link":"https:\/\/blog.kunstgriff.net\/?cat=35"},"img":{"alt_text":"","src":"http:\/\/www.assoc-amazon.de\/e\/ir?t=&l=as2&o=3&a=B001690VC6","width":350,"height":200},"classes":[]},{"id":18341,"url":"https:\/\/blog.kunstgriff.net\/?p=18341","url_meta":{"origin":15192,"position":5},"title":"ERT 2018: Belgien 2. Etappe","author":"Georg","date":"Juli 23, 2018","format":false,"excerpt":"L\u00fcttich \u2013 Namur Nach dem doch recht anstrengenden gestrigen Tag, freute ich mich heute \u00fcber eine relativ flache und kurze Etappe. Abfahrt war deshalb auch erst um 10 Uhr. So entspannten wir noch ein wenig nach dem fr\u00fchen Fr\u00fchst\u00fcck um 6.30 Uhr. Um 10 ging es dann aber wirklich los,\u2026","rel":"","context":"In &quot;Radfahren&quot;","block_context":{"text":"Radfahren","link":"https:\/\/blog.kunstgriff.net\/?cat=14"},"img":{"alt_text":"","src":"https:\/\/i0.wp.com\/blog.kunstgriff.net\/wp-content\/uploads\/2018\/08\/tolle-Landschaft.jpg?fit=1200%2C800&ssl=1&resize=350%2C200","width":350,"height":200,"srcset":"https:\/\/i0.wp.com\/blog.kunstgriff.net\/wp-content\/uploads\/2018\/08\/tolle-Landschaft.jpg?fit=1200%2C800&ssl=1&resize=350%2C200 1x, https:\/\/i0.wp.com\/blog.kunstgriff.net\/wp-content\/uploads\/2018\/08\/tolle-Landschaft.jpg?fit=1200%2C800&ssl=1&resize=525%2C300 1.5x, https:\/\/i0.wp.com\/blog.kunstgriff.net\/wp-content\/uploads\/2018\/08\/tolle-Landschaft.jpg?fit=1200%2C800&ssl=1&resize=700%2C400 2x, https:\/\/i0.wp.com\/blog.kunstgriff.net\/wp-content\/uploads\/2018\/08\/tolle-Landschaft.jpg?fit=1200%2C800&ssl=1&resize=1050%2C600 3x"},"classes":[]}],"jetpack_likes_enabled":true,"jetpack_sharing_enabled":true,"_links":{"self":[{"href":"https:\/\/blog.kunstgriff.net\/index.php?rest_route=\/wp\/v2\/posts\/15192","targetHints":{"allow":["GET"]}}],"collection":[{"href":"https:\/\/blog.kunstgriff.net\/index.php?rest_route=\/wp\/v2\/posts"}],"about":[{"href":"https:\/\/blog.kunstgriff.net\/index.php?rest_route=\/wp\/v2\/types\/post"}],"author":[{"embeddable":true,"href":"https:\/\/blog.kunstgriff.net\/index.php?rest_route=\/wp\/v2\/users\/2"}],"replies":[{"embeddable":true,"href":"https:\/\/blog.kunstgriff.net\/index.php?rest_route=%2Fwp%2Fv2%2Fcomments&post=15192"}],"version-history":[{"count":0,"href":"https:\/\/blog.kunstgriff.net\/index.php?rest_route=\/wp\/v2\/posts\/15192\/revisions"}],"wp:featuredmedia":[{"embeddable":true,"href":"https:\/\/blog.kunstgriff.net\/index.php?rest_route=\/wp\/v2\/media\/15260"}],"wp:attachment":[{"href":"https:\/\/blog.kunstgriff.net\/index.php?rest_route=%2Fwp%2Fv2%2Fmedia&parent=15192"}],"wp:term":[{"taxonomy":"category","embeddable":true,"href":"https:\/\/blog.kunstgriff.net\/index.php?rest_route=%2Fwp%2Fv2%2Fcategories&post=15192"},{"taxonomy":"post_tag","embeddable":true,"href":"https:\/\/blog.kunstgriff.net\/index.php?rest_route=%2Fwp%2Fv2%2Ftags&post=15192"}],"curies":[{"name":"wp","href":"https:\/\/api.w.org\/{rel}","templated":true}]}}