{"id":1538,"date":"2010-06-07T21:28:32","date_gmt":"2010-06-07T19:28:32","guid":{"rendered":"http:\/\/blog.kunstgriff.net\/?p=1538"},"modified":"2017-06-13T16:23:39","modified_gmt":"2017-06-13T14:23:39","slug":"breisgau-tour-2010-tag-3-botzingen-todtmoos","status":"publish","type":"post","link":"https:\/\/blog.kunstgriff.net\/?p=1538","title":{"rendered":"Breisgau Tour 2010 &#8211; Tag 3 &#8211; B\u00f6tzingen->Todtmoos"},"content":{"rendered":"<span class=\"span-reading-time rt-reading-time\" style=\"display: block;\"><span class=\"rt-label rt-prefix\">Lesezeit: <\/span> <span class=\"rt-time\"> &lt; 1<\/span> <span class=\"rt-label rt-postfix\">Minute<\/span><\/span><p>Der Tag begann mit einem leicht ver\u00e4nderten Fr\u00fchst\u00fcck, denn ich wollte die K\u00f6nigsetappe gut vorbereitet fahren. So lie\u00df ich das Brot weg und a\u00df nur M\u00fcsli mit Eiweisspulver und Fr\u00fcchtequark mit Yoghurt.<\/p>\n<p>Auf dem ersten langen Anstieg merkte ich das es heute gut laufen k\u00f6nnte: Ohne viel M\u00fche blieb ich an Andi&#8217;s und Stephan S&#8217;s Hinterrad. Zumindest bis zur letzten Kehre vor dem Abzweig zum Belchen konnte ich folgen. Dann musste ich ziehen lassen. Aber es standen ja noch Dreieinhalb weitere echte Klopper auf dem Programm.<br \/>\nBei diesen ging dann leider nicht mehr viel und ich musste, sehr zu meinem Bedauern, st\u00e4ndig die rote Laterne tragen. Mal schauen ob ich beim Einzel-Zeit-Bergfahren hoch zum <a href=\"http:\/\/de.wikipedia.org\/wiki\/Schauinsland\" target=\"_blank\" rel=\"noopener\">Schau ins Land<\/a> am Mittwoch noch was rei\u00dfen kann!?<\/p>\n<p>Wir hatten wieder gro\u00dfes Gl\u00fcck mit dem Wetter und es r\u00e4chte sich nicht, das wir keine Regenjacken eingepackt hatten, denn es schien fast den ganzen Tag die Sonne! So war uns auch in 1.200 Meter H\u00f6he nicht kalt und wir konnten den Schwarzwald in vollen Z\u00fcgen genie\u00dfen.<\/p>\n<p>Nach der letzten Abfahrt verpassten wir einen Abzweig &#8211; kein Problem &#8211; der Garmin kann uns ja wieder auf einem kleinen Umweg auf die eigentliche Strecke leiten. Normalerweise funktioniert das hervorragend nur heute wollte uns der Garmin dann noch einen Wirtschaftsweg mit knapp 20% Steigung hoch f\u00fchren. Genau der richtige Abschluss nach \u00fcber 2.800 H\u00f6henmetern. Zwei Mitfahreren war das zu heftig und sie <span style=\"text-decoration: line-through;\">fuhren<\/span> schoben das Ding hoch. Siehe letztes Bild.<\/p>\n<p>Morgen steht ein Abstecher nach Frankreich auf dem Plan, nach Colmar auf den Spuren der <a href=\"http:\/\/de.wikipedia.org\/wiki\/Tour_de_France\" target=\"_blank\" rel=\"noopener\">TDF<\/a> 2009.<\/p>\n<div class=\"tiled-gallery type-rectangular tiled-gallery-unresized\" data-original-width=\"525\" data-carousel-extra='{&quot;blog_id&quot;:1,&quot;permalink&quot;:&quot;https:\\\/\\\/blog.kunstgriff.net\\\/?p=1538&quot;,&quot;likes_blog_id&quot;:127394879}' itemscope itemtype=\"http:\/\/schema.org\/ImageGallery\" > <div class=\"gallery-row\" style=\"width: 525px; height: 264px;\" data-original-width=\"525\" data-original-height=\"264\" > <div class=\"gallery-group images-1\" style=\"width: 350px; height: 264px;\" data-original-width=\"350\" data-original-height=\"264\" > <div class=\"tiled-gallery-item tiled-gallery-item-large\" itemprop=\"associatedMedia\" itemscope itemtype=\"http:\/\/schema.org\/ImageObject\"> <a href=\"https:\/\/i0.wp.com\/blog.kunstgriff.net\/wp-content\/uploads\/2010\/06\/DSC00115.jpg?ssl=1\" border=\"0\" itemprop=\"url\"> <meta itemprop=\"width\" content=\"346\"> <meta itemprop=\"height\" content=\"260\"> <img decoding=\"async\" class=\"\" data-attachment-id=\"1548\" data-orig-file=\"https:\/\/blog.kunstgriff.net\/wp-content\/uploads\/2010\/06\/DSC00115.jpg\" data-orig-size=\"800,600\" data-comments-opened=\"1\" data-image-meta=\"{&quot;aperture&quot;:&quot;2.8&quot;,&quot;credit&quot;:&quot;&quot;,&quot;camera&quot;:&quot;W890i&quot;,&quot;caption&quot;:&quot;&quot;,&quot;created_timestamp&quot;:&quot;1275909129&quot;,&quot;copyright&quot;:&quot;&quot;,&quot;focal_length&quot;:&quot;3.6&quot;,&quot;iso&quot;:&quot;64&quot;,&quot;shutter_speed&quot;:&quot;0.0015625&quot;,&quot;title&quot;:&quot;&quot;}\" data-image-title=\"DSC00115\" data-image-description=\"\" data-medium-file=\"https:\/\/i0.wp.com\/blog.kunstgriff.net\/wp-content\/uploads\/2010\/06\/DSC00115.jpg?fit=300%2C225&#038;ssl=1\" data-large-file=\"https:\/\/i0.wp.com\/blog.kunstgriff.net\/wp-content\/uploads\/2010\/06\/DSC00115.jpg?fit=800%2C600&#038;ssl=1\" src=\"https:\/\/i0.wp.com\/blog.kunstgriff.net\/wp-content\/uploads\/2010\/06\/DSC00115.jpg?w=346&#038;h=260&#038;ssl=1\" srcset=\"https:\/\/i0.wp.com\/blog.kunstgriff.net\/wp-content\/uploads\/2010\/06\/DSC00115.jpg?w=800&amp;ssl=1 800w, https:\/\/i0.wp.com\/blog.kunstgriff.net\/wp-content\/uploads\/2010\/06\/DSC00115.jpg?resize=300%2C225&amp;ssl=1 300w\" width=\"346\" height=\"260\" loading=\"lazy\" data-original-width=\"346\" data-original-height=\"260\" itemprop=\"http:\/\/schema.org\/image\" title=\"DSC00115\" alt=\"DSC00115\" style=\"width: 346px; height: 260px;\" \/> <\/a> <\/div> <\/div> <!-- close group --> <div class=\"gallery-group images-2\" style=\"width: 175px; height: 264px;\" data-original-width=\"175\" data-original-height=\"264\" > <div class=\"tiled-gallery-item tiled-gallery-item-small\" itemprop=\"associatedMedia\" itemscope itemtype=\"http:\/\/schema.org\/ImageObject\"> <a href=\"https:\/\/i0.wp.com\/blog.kunstgriff.net\/wp-content\/uploads\/2010\/06\/DSC00119.jpg?ssl=1\" border=\"0\" itemprop=\"url\"> <meta itemprop=\"width\" content=\"171\"> <meta itemprop=\"height\" content=\"128\"> <img decoding=\"async\" class=\"\" data-attachment-id=\"1549\" data-orig-file=\"https:\/\/blog.kunstgriff.net\/wp-content\/uploads\/2010\/06\/DSC00119.jpg\" data-orig-size=\"800,600\" data-comments-opened=\"1\" data-image-meta=\"{&quot;aperture&quot;:&quot;2.8&quot;,&quot;credit&quot;:&quot;&quot;,&quot;camera&quot;:&quot;W890i&quot;,&quot;caption&quot;:&quot;&quot;,&quot;created_timestamp&quot;:&quot;1275909215&quot;,&quot;copyright&quot;:&quot;&quot;,&quot;focal_length&quot;:&quot;3.6&quot;,&quot;iso&quot;:&quot;64&quot;,&quot;shutter_speed&quot;:&quot;0.0008&quot;,&quot;title&quot;:&quot;&quot;}\" data-image-title=\"DSC00119\" data-image-description=\"\" data-medium-file=\"https:\/\/i0.wp.com\/blog.kunstgriff.net\/wp-content\/uploads\/2010\/06\/DSC00119.jpg?fit=300%2C225&#038;ssl=1\" data-large-file=\"https:\/\/i0.wp.com\/blog.kunstgriff.net\/wp-content\/uploads\/2010\/06\/DSC00119.jpg?fit=800%2C600&#038;ssl=1\" src=\"https:\/\/i0.wp.com\/blog.kunstgriff.net\/wp-content\/uploads\/2010\/06\/DSC00119.jpg?w=171&#038;h=128&#038;ssl=1\" srcset=\"https:\/\/i0.wp.com\/blog.kunstgriff.net\/wp-content\/uploads\/2010\/06\/DSC00119.jpg?w=800&amp;ssl=1 800w, https:\/\/i0.wp.com\/blog.kunstgriff.net\/wp-content\/uploads\/2010\/06\/DSC00119.jpg?resize=300%2C225&amp;ssl=1 300w\" width=\"171\" height=\"128\" loading=\"lazy\" data-original-width=\"171\" data-original-height=\"128\" itemprop=\"http:\/\/schema.org\/image\" title=\"DSC00119\" alt=\"DSC00119\" style=\"width: 171px; height: 128px;\" \/> <\/a> <\/div> <div class=\"tiled-gallery-item tiled-gallery-item-small\" itemprop=\"associatedMedia\" itemscope itemtype=\"http:\/\/schema.org\/ImageObject\"> <a href=\"https:\/\/i0.wp.com\/blog.kunstgriff.net\/wp-content\/uploads\/2010\/06\/DSC00133.jpg?ssl=1\" border=\"0\" itemprop=\"url\"> <meta itemprop=\"width\" content=\"171\"> <meta itemprop=\"height\" content=\"128\"> <img decoding=\"async\" class=\"\" data-attachment-id=\"1550\" data-orig-file=\"https:\/\/blog.kunstgriff.net\/wp-content\/uploads\/2010\/06\/DSC00133.jpg\" data-orig-size=\"800,600\" data-comments-opened=\"1\" data-image-meta=\"{&quot;aperture&quot;:&quot;2.8&quot;,&quot;credit&quot;:&quot;&quot;,&quot;camera&quot;:&quot;W890i&quot;,&quot;caption&quot;:&quot;&quot;,&quot;created_timestamp&quot;:&quot;1275918905&quot;,&quot;copyright&quot;:&quot;&quot;,&quot;focal_length&quot;:&quot;3.6&quot;,&quot;iso&quot;:&quot;64&quot;,&quot;shutter_speed&quot;:&quot;0.00125&quot;,&quot;title&quot;:&quot;&quot;}\" data-image-title=\"DSC00133\" data-image-description=\"\" data-medium-file=\"https:\/\/i0.wp.com\/blog.kunstgriff.net\/wp-content\/uploads\/2010\/06\/DSC00133.jpg?fit=300%2C225&#038;ssl=1\" data-large-file=\"https:\/\/i0.wp.com\/blog.kunstgriff.net\/wp-content\/uploads\/2010\/06\/DSC00133.jpg?fit=800%2C600&#038;ssl=1\" src=\"https:\/\/i0.wp.com\/blog.kunstgriff.net\/wp-content\/uploads\/2010\/06\/DSC00133.jpg?w=171&#038;h=128&#038;ssl=1\" srcset=\"https:\/\/i0.wp.com\/blog.kunstgriff.net\/wp-content\/uploads\/2010\/06\/DSC00133.jpg?w=800&amp;ssl=1 800w, https:\/\/i0.wp.com\/blog.kunstgriff.net\/wp-content\/uploads\/2010\/06\/DSC00133.jpg?resize=300%2C225&amp;ssl=1 300w\" width=\"171\" height=\"128\" loading=\"lazy\" data-original-width=\"171\" data-original-height=\"128\" itemprop=\"http:\/\/schema.org\/image\" title=\"DSC00133\" alt=\"DSC00133\" style=\"width: 171px; height: 128px;\" \/> <\/a> <\/div> <\/div> <!-- close group --> <\/div> <!-- close row --> <div class=\"gallery-row\" style=\"width: 525px; height: 132px;\" data-original-width=\"525\" data-original-height=\"132\" > <div class=\"gallery-group images-1\" style=\"width: 175px; height: 132px;\" data-original-width=\"175\" data-original-height=\"132\" > <div class=\"tiled-gallery-item tiled-gallery-item-small\" itemprop=\"associatedMedia\" itemscope itemtype=\"http:\/\/schema.org\/ImageObject\"> <a href=\"https:\/\/i0.wp.com\/blog.kunstgriff.net\/wp-content\/uploads\/2010\/06\/DSC00134.jpg?ssl=1\" border=\"0\" itemprop=\"url\"> <meta itemprop=\"width\" content=\"171\"> <meta itemprop=\"height\" content=\"128\"> <img decoding=\"async\" class=\"\" data-attachment-id=\"1551\" data-orig-file=\"https:\/\/blog.kunstgriff.net\/wp-content\/uploads\/2010\/06\/DSC00134.jpg\" data-orig-size=\"800,600\" data-comments-opened=\"1\" data-image-meta=\"{&quot;aperture&quot;:&quot;2.8&quot;,&quot;credit&quot;:&quot;&quot;,&quot;camera&quot;:&quot;W890i&quot;,&quot;caption&quot;:&quot;&quot;,&quot;created_timestamp&quot;:&quot;1275918942&quot;,&quot;copyright&quot;:&quot;&quot;,&quot;focal_length&quot;:&quot;3.6&quot;,&quot;iso&quot;:&quot;100&quot;,&quot;shutter_speed&quot;:&quot;0.008&quot;,&quot;title&quot;:&quot;&quot;}\" data-image-title=\"DSC00134\" data-image-description=\"\" data-medium-file=\"https:\/\/i0.wp.com\/blog.kunstgriff.net\/wp-content\/uploads\/2010\/06\/DSC00134.jpg?fit=300%2C225&#038;ssl=1\" data-large-file=\"https:\/\/i0.wp.com\/blog.kunstgriff.net\/wp-content\/uploads\/2010\/06\/DSC00134.jpg?fit=800%2C600&#038;ssl=1\" src=\"https:\/\/i0.wp.com\/blog.kunstgriff.net\/wp-content\/uploads\/2010\/06\/DSC00134.jpg?w=171&#038;h=128&#038;ssl=1\" srcset=\"https:\/\/i0.wp.com\/blog.kunstgriff.net\/wp-content\/uploads\/2010\/06\/DSC00134.jpg?w=800&amp;ssl=1 800w, https:\/\/i0.wp.com\/blog.kunstgriff.net\/wp-content\/uploads\/2010\/06\/DSC00134.jpg?resize=300%2C225&amp;ssl=1 300w\" width=\"171\" height=\"128\" loading=\"lazy\" data-original-width=\"171\" data-original-height=\"128\" itemprop=\"http:\/\/schema.org\/image\" title=\"DSC00134\" alt=\"DSC00134\" style=\"width: 171px; height: 128px;\" \/> <\/a> <\/div> <\/div> <!-- close group --> <div class=\"gallery-group images-1\" style=\"width: 175px; height: 132px;\" data-original-width=\"175\" data-original-height=\"132\" > <div class=\"tiled-gallery-item tiled-gallery-item-small\" itemprop=\"associatedMedia\" itemscope itemtype=\"http:\/\/schema.org\/ImageObject\"> <a href=\"https:\/\/i0.wp.com\/blog.kunstgriff.net\/wp-content\/uploads\/2010\/06\/DSC00137.jpg?ssl=1\" border=\"0\" itemprop=\"url\"> <meta itemprop=\"width\" content=\"171\"> <meta itemprop=\"height\" content=\"128\"> <img decoding=\"async\" class=\"\" data-attachment-id=\"1552\" data-orig-file=\"https:\/\/blog.kunstgriff.net\/wp-content\/uploads\/2010\/06\/DSC00137.jpg\" data-orig-size=\"800,600\" data-comments-opened=\"1\" data-image-meta=\"{&quot;aperture&quot;:&quot;2.8&quot;,&quot;credit&quot;:&quot;&quot;,&quot;camera&quot;:&quot;W890i&quot;,&quot;caption&quot;:&quot;&quot;,&quot;created_timestamp&quot;:&quot;1275919146&quot;,&quot;copyright&quot;:&quot;&quot;,&quot;focal_length&quot;:&quot;3.6&quot;,&quot;iso&quot;:&quot;64&quot;,&quot;shutter_speed&quot;:&quot;0.0025&quot;,&quot;title&quot;:&quot;&quot;}\" data-image-title=\"DSC00137\" data-image-description=\"\" data-medium-file=\"https:\/\/i0.wp.com\/blog.kunstgriff.net\/wp-content\/uploads\/2010\/06\/DSC00137.jpg?fit=300%2C225&#038;ssl=1\" data-large-file=\"https:\/\/i0.wp.com\/blog.kunstgriff.net\/wp-content\/uploads\/2010\/06\/DSC00137.jpg?fit=800%2C600&#038;ssl=1\" src=\"https:\/\/i0.wp.com\/blog.kunstgriff.net\/wp-content\/uploads\/2010\/06\/DSC00137.jpg?w=171&#038;h=128&#038;ssl=1\" srcset=\"https:\/\/i0.wp.com\/blog.kunstgriff.net\/wp-content\/uploads\/2010\/06\/DSC00137.jpg?w=800&amp;ssl=1 800w, https:\/\/i0.wp.com\/blog.kunstgriff.net\/wp-content\/uploads\/2010\/06\/DSC00137.jpg?resize=300%2C225&amp;ssl=1 300w\" width=\"171\" height=\"128\" loading=\"lazy\" data-original-width=\"171\" data-original-height=\"128\" itemprop=\"http:\/\/schema.org\/image\" title=\"DSC00137\" alt=\"DSC00137\" style=\"width: 171px; height: 128px;\" \/> <\/a> <\/div> <\/div> <!-- close group --> <div class=\"gallery-group images-1\" style=\"width: 175px; height: 132px;\" data-original-width=\"175\" data-original-height=\"132\" > <div class=\"tiled-gallery-item tiled-gallery-item-small\" itemprop=\"associatedMedia\" itemscope itemtype=\"http:\/\/schema.org\/ImageObject\"> <a href=\"https:\/\/i0.wp.com\/blog.kunstgriff.net\/wp-content\/uploads\/2010\/06\/DSC00141.jpg?ssl=1\" border=\"0\" itemprop=\"url\"> <meta itemprop=\"width\" content=\"171\"> <meta itemprop=\"height\" content=\"128\"> <img decoding=\"async\" class=\"\" data-attachment-id=\"1553\" data-orig-file=\"https:\/\/blog.kunstgriff.net\/wp-content\/uploads\/2010\/06\/DSC00141.jpg\" data-orig-size=\"800,600\" data-comments-opened=\"1\" data-image-meta=\"{&quot;aperture&quot;:&quot;2.8&quot;,&quot;credit&quot;:&quot;&quot;,&quot;camera&quot;:&quot;W890i&quot;,&quot;caption&quot;:&quot;&quot;,&quot;created_timestamp&quot;:&quot;1275920792&quot;,&quot;copyright&quot;:&quot;&quot;,&quot;focal_length&quot;:&quot;3.6&quot;,&quot;iso&quot;:&quot;64&quot;,&quot;shutter_speed&quot;:&quot;0.008&quot;,&quot;title&quot;:&quot;&quot;}\" data-image-title=\"DSC00141\" data-image-description=\"\" data-medium-file=\"https:\/\/i0.wp.com\/blog.kunstgriff.net\/wp-content\/uploads\/2010\/06\/DSC00141.jpg?fit=300%2C225&#038;ssl=1\" data-large-file=\"https:\/\/i0.wp.com\/blog.kunstgriff.net\/wp-content\/uploads\/2010\/06\/DSC00141.jpg?fit=800%2C600&#038;ssl=1\" src=\"https:\/\/i0.wp.com\/blog.kunstgriff.net\/wp-content\/uploads\/2010\/06\/DSC00141.jpg?w=171&#038;h=128&#038;ssl=1\" srcset=\"https:\/\/i0.wp.com\/blog.kunstgriff.net\/wp-content\/uploads\/2010\/06\/DSC00141.jpg?w=800&amp;ssl=1 800w, https:\/\/i0.wp.com\/blog.kunstgriff.net\/wp-content\/uploads\/2010\/06\/DSC00141.jpg?resize=300%2C225&amp;ssl=1 300w\" width=\"171\" height=\"128\" loading=\"lazy\" data-original-width=\"171\" data-original-height=\"128\" itemprop=\"http:\/\/schema.org\/image\" title=\"DSC00141\" alt=\"DSC00141\" style=\"width: 171px; height: 128px;\" \/> <\/a> <\/div> <\/div> <!-- close group --> <\/div> <!-- close row --> <\/div>\n<p><iframe loading=\"lazy\" src=\"https:\/\/www.strava.com\/activities\/698647647\/embed\/63d68ff698abd108adec77604579e8fe15ef338e\" width=\"590\" height=\"405\" frameborder=\"0\" scrolling=\"no\"><\/iframe><\/p>\n","protected":false},"excerpt":{"rendered":"<p>Der Tag begann mit einem leicht ver\u00e4nderten Fr\u00fchst\u00fcck, denn ich wollte die K\u00f6nigsetappe gut vorbereitet fahren. So lie\u00df ich das Brot weg und a\u00df nur M\u00fcsli mit Eiweisspulver und Fr\u00fcchtequark mit Yoghurt. Auf dem ersten langen Anstieg merkte ich das es heute gut laufen k\u00f6nnte: Ohne viel M\u00fche blieb ich an Andi&#8217;s und Stephan S&#8217;s &hellip; <\/p>\n<p class=\"link-more\"><a href=\"https:\/\/blog.kunstgriff.net\/?p=1538\" class=\"more-link\"><span class=\"screen-reader-text\">\u201eBreisgau Tour 2010 &#8211; Tag 3 &#8211; B\u00f6tzingen->Todtmoos\u201c <\/span>weiterlesen<\/a><\/p>\n","protected":false},"author":2,"featured_media":1548,"comment_status":"open","ping_status":"open","sticky":false,"template":"","format":"standard","meta":{"jetpack_post_was_ever_published":false,"_jetpack_newsletter_access":"","_jetpack_dont_email_post_to_subs":false,"_jetpack_newsletter_tier_id":0,"_jetpack_memberships_contains_paywalled_content":false,"_jetpack_memberships_contains_paid_content":false,"footnotes":""},"categories":[14,13,7],"tags":[],"class_list":["post-1538","post","type-post","status-publish","format-standard","has-post-thumbnail","hentry","category-radfahren","category-radreise","category-rennradfahren"],"jetpack_featured_media_url":"https:\/\/i0.wp.com\/blog.kunstgriff.net\/wp-content\/uploads\/2010\/06\/DSC00115.jpg?fit=800%2C600&ssl=1","jetpack_shortlink":"https:\/\/wp.me\/p8Cxe7-oO","jetpack-related-posts":[{"id":19934,"url":"https:\/\/blog.kunstgriff.net\/?p=19934","url_meta":{"origin":1538,"position":0},"title":"Sella Ronda erweitert","author":"Georg","date":"August 18, 2019","format":false,"excerpt":"Vier P\u00e4sse sind genug Gruppen-Radreisen kenne ich ja nun schon seit mehr als 10 Jahren. Deshalb wollte ich mal was neues ausprobieren: Radreise alleine. Der Plan reifte schon vor mehreren Monaten als mir mein Sommer-Urlaubs-Plan mit dem wff zu fahren von meinem Arbeitgeber gestrichen wurde. So war ich auf der\u2026","rel":"","context":"In &quot;Cake-Ride&quot;","block_context":{"text":"Cake-Ride","link":"https:\/\/blog.kunstgriff.net\/?cat=34"},"img":{"alt_text":"kann mich nicht dran sattsehen","src":"https:\/\/i0.wp.com\/blog.kunstgriff.net\/wp-content\/uploads\/2019\/08\/kann-mich-nicht-dran-sattsehen.jpg?fit=1200%2C800&ssl=1&resize=350%2C200","width":350,"height":200,"srcset":"https:\/\/i0.wp.com\/blog.kunstgriff.net\/wp-content\/uploads\/2019\/08\/kann-mich-nicht-dran-sattsehen.jpg?fit=1200%2C800&ssl=1&resize=350%2C200 1x, https:\/\/i0.wp.com\/blog.kunstgriff.net\/wp-content\/uploads\/2019\/08\/kann-mich-nicht-dran-sattsehen.jpg?fit=1200%2C800&ssl=1&resize=525%2C300 1.5x, https:\/\/i0.wp.com\/blog.kunstgriff.net\/wp-content\/uploads\/2019\/08\/kann-mich-nicht-dran-sattsehen.jpg?fit=1200%2C800&ssl=1&resize=700%2C400 2x, https:\/\/i0.wp.com\/blog.kunstgriff.net\/wp-content\/uploads\/2019\/08\/kann-mich-nicht-dran-sattsehen.jpg?fit=1200%2C800&ssl=1&resize=1050%2C600 3x"},"classes":[]},{"id":9599,"url":"https:\/\/blog.kunstgriff.net\/?p=9599","url_meta":{"origin":1538,"position":1},"title":"Kurze Nordrunde \u00fcber Kremmen","author":"Georg","date":"Dezember 30, 2012","format":false,"excerpt":"oder \u00bbLetzte Ausfahrt in 2012\u00abDie Wettervorhersage klang vielversprechend: \u00bbFast kein Regen\u00ab \u2026 und als dann noch die Sonne um die Mittagszeit heraus kam und blieb, gab es f\u00fcr mich kein Halten mehr. Ich musste mich einfach auf meinen Renner setzen und ein letztes mal in 2012 meine Nordrunde fahren. Zu\u2026","rel":"","context":"In &quot;Radfahren&quot;","block_context":{"text":"Radfahren","link":"https:\/\/blog.kunstgriff.net\/?cat=14"},"img":{"alt_text":"","src":"https:\/\/i0.wp.com\/blog.kunstgriff.net\/wp-content\/uploads\/2012\/12\/Sieht-eher-aus-wie-im-Herbst-kurz-vor-Sch%C3%B6nwalde.jpg?fit=1000%2C750&ssl=1&resize=350%2C200","width":350,"height":200,"srcset":"https:\/\/i0.wp.com\/blog.kunstgriff.net\/wp-content\/uploads\/2012\/12\/Sieht-eher-aus-wie-im-Herbst-kurz-vor-Sch%C3%B6nwalde.jpg?fit=1000%2C750&ssl=1&resize=350%2C200 1x, https:\/\/i0.wp.com\/blog.kunstgriff.net\/wp-content\/uploads\/2012\/12\/Sieht-eher-aus-wie-im-Herbst-kurz-vor-Sch%C3%B6nwalde.jpg?fit=1000%2C750&ssl=1&resize=525%2C300 1.5x, https:\/\/i0.wp.com\/blog.kunstgriff.net\/wp-content\/uploads\/2012\/12\/Sieht-eher-aus-wie-im-Herbst-kurz-vor-Sch%C3%B6nwalde.jpg?fit=1000%2C750&ssl=1&resize=700%2C400 2x"},"classes":[]},{"id":330,"url":"https:\/\/blog.kunstgriff.net\/?p=330","url_meta":{"origin":1538,"position":2},"title":"Bericht vom Arber Radmarathon 2009","author":"Georg","date":"Juli 26, 2009","format":false,"excerpt":"Alle Radreiseutensilien waren sicher im Rucksack verstaut, der Helm auf dem Kopf und so konnte ich mich am Samstag Morgen um 8 Uhr auf meinem Rennrad bei leichtem Regen auf den Weg zum 3,5 km entfernten Zweirad Stadler machen. Stadler bot diese Radreise bereits im M\u00e4rz an. Enthalten sind: Anreise\u2026","rel":"","context":"In &quot;Radfahren&quot;","block_context":{"text":"Radfahren","link":"https:\/\/blog.kunstgriff.net\/?cat=14"},"img":{"alt_text":"","src":"https:\/\/i0.wp.com\/blog.kunstgriff.net\/wp-content\/uploads\/2009\/07\/image007.png?fit=548%2C372&ssl=1&resize=350%2C200","width":350,"height":200,"srcset":"https:\/\/i0.wp.com\/blog.kunstgriff.net\/wp-content\/uploads\/2009\/07\/image007.png?fit=548%2C372&ssl=1&resize=350%2C200 1x, https:\/\/i0.wp.com\/blog.kunstgriff.net\/wp-content\/uploads\/2009\/07\/image007.png?fit=548%2C372&ssl=1&resize=525%2C300 1.5x"},"classes":[]},{"id":1440,"url":"https:\/\/blog.kunstgriff.net\/?p=1440","url_meta":{"origin":1538,"position":3},"title":"Skoda Velothon Berlin 2010","author":"Georg","date":"Mai 30, 2010","format":false,"excerpt":"Die Nacht war kurz, denn der Grand Prix Eurovision mit unserer Lena wollte am Vorabend gesehen werden und so kam ich erst um kurz nach 1 ins Bett und der Wecker klingelte gewohnt um 6:29 Uhr. Ich war sofort hellwach und wagte einen Blick aus dem Wohnzimmerfenster auf die Stra\u00dfe\u2026","rel":"","context":"In &quot;Besonderes Ereignis&quot;","block_context":{"text":"Besonderes Ereignis","link":"https:\/\/blog.kunstgriff.net\/?cat=25"},"img":{"alt_text":"","src":"https:\/\/i0.wp.com\/blog.kunstgriff.net\/wp-content\/uploads\/2010\/05\/DSCF1136.jpg?fit=1000%2C750&ssl=1&resize=350%2C200","width":350,"height":200,"srcset":"https:\/\/i0.wp.com\/blog.kunstgriff.net\/wp-content\/uploads\/2010\/05\/DSCF1136.jpg?fit=1000%2C750&ssl=1&resize=350%2C200 1x, https:\/\/i0.wp.com\/blog.kunstgriff.net\/wp-content\/uploads\/2010\/05\/DSCF1136.jpg?fit=1000%2C750&ssl=1&resize=525%2C300 1.5x, https:\/\/i0.wp.com\/blog.kunstgriff.net\/wp-content\/uploads\/2010\/05\/DSCF1136.jpg?fit=1000%2C750&ssl=1&resize=700%2C400 2x"},"classes":[]},{"id":18571,"url":"https:\/\/blog.kunstgriff.net\/?p=18571","url_meta":{"origin":1538,"position":4},"title":"ERT 2018: Breisgau 4. Tag","author":"Georg","date":"August 2, 2018","format":false,"excerpt":"Route des Cr\u00eates Mit gro\u00dfer Vorfreude ging es f\u00fcr mich heute auf die lange Runde, denn endlich war einmal die M\u00f6glichkeit gegeben, die \u00bbRoute des Cr\u00eates\u00ab im echten Leben zu fahren. In vielen vergangenen Wintern habe ich diese wundersch\u00f6ne Strecke bereits sieben mal virtuell, dank Real-Live-Video auf dem Ergometer absolviert.\u2026","rel":"","context":"In &quot;Radfahren&quot;","block_context":{"text":"Radfahren","link":"https:\/\/blog.kunstgriff.net\/?cat=14"},"img":{"alt_text":"","src":"https:\/\/i0.wp.com\/blog.kunstgriff.net\/wp-content\/uploads\/2018\/08\/Geschafft-Le-Grand-Ballon.jpg?fit=800%2C1200&ssl=1&resize=350%2C200","width":350,"height":200,"srcset":"https:\/\/i0.wp.com\/blog.kunstgriff.net\/wp-content\/uploads\/2018\/08\/Geschafft-Le-Grand-Ballon.jpg?fit=800%2C1200&ssl=1&resize=350%2C200 1x, https:\/\/i0.wp.com\/blog.kunstgriff.net\/wp-content\/uploads\/2018\/08\/Geschafft-Le-Grand-Ballon.jpg?fit=800%2C1200&ssl=1&resize=525%2C300 1.5x, https:\/\/i0.wp.com\/blog.kunstgriff.net\/wp-content\/uploads\/2018\/08\/Geschafft-Le-Grand-Ballon.jpg?fit=800%2C1200&ssl=1&resize=700%2C400 2x"},"classes":[]},{"id":11629,"url":"https:\/\/blog.kunstgriff.net\/?p=11629","url_meta":{"origin":1538,"position":5},"title":"Mallorca Trainingscamp 2014 &#8211; Tag 6 &#8211; Esporles &#8211; Palma &#8211; Lluc","author":"Georg","date":"April 6, 2014","format":false,"excerpt":"oder \u00bbAuf nen Caf\u00e9 in die Inselhauptstadt\u00abHeute war die lange, eigentlich flache Etappe nach Palma geplant. Schon im letzten Jahr hatte wir viel Freude auf der Runde, die wir heute auf jeden Fall toppen wollten. Mit relativ schweren Beinen ging es raus zum Schilf. Dank der ordentlichen Wechsel musste auch\u2026","rel":"","context":"In &quot;Radfahren&quot;","block_context":{"text":"Radfahren","link":"https:\/\/blog.kunstgriff.net\/?cat=14"},"img":{"alt_text":"","src":"https:\/\/i0.wp.com\/blog.kunstgriff.net\/wp-content\/uploads\/2014\/04\/Cafe-im-Hafen-in-der-Sonne.jpg?fit=1200%2C900&ssl=1&resize=350%2C200","width":350,"height":200,"srcset":"https:\/\/i0.wp.com\/blog.kunstgriff.net\/wp-content\/uploads\/2014\/04\/Cafe-im-Hafen-in-der-Sonne.jpg?fit=1200%2C900&ssl=1&resize=350%2C200 1x, https:\/\/i0.wp.com\/blog.kunstgriff.net\/wp-content\/uploads\/2014\/04\/Cafe-im-Hafen-in-der-Sonne.jpg?fit=1200%2C900&ssl=1&resize=525%2C300 1.5x, https:\/\/i0.wp.com\/blog.kunstgriff.net\/wp-content\/uploads\/2014\/04\/Cafe-im-Hafen-in-der-Sonne.jpg?fit=1200%2C900&ssl=1&resize=700%2C400 2x, https:\/\/i0.wp.com\/blog.kunstgriff.net\/wp-content\/uploads\/2014\/04\/Cafe-im-Hafen-in-der-Sonne.jpg?fit=1200%2C900&ssl=1&resize=1050%2C600 3x"},"classes":[]}],"jetpack_likes_enabled":true,"jetpack_sharing_enabled":true,"_links":{"self":[{"href":"https:\/\/blog.kunstgriff.net\/index.php?rest_route=\/wp\/v2\/posts\/1538","targetHints":{"allow":["GET"]}}],"collection":[{"href":"https:\/\/blog.kunstgriff.net\/index.php?rest_route=\/wp\/v2\/posts"}],"about":[{"href":"https:\/\/blog.kunstgriff.net\/index.php?rest_route=\/wp\/v2\/types\/post"}],"author":[{"embeddable":true,"href":"https:\/\/blog.kunstgriff.net\/index.php?rest_route=\/wp\/v2\/users\/2"}],"replies":[{"embeddable":true,"href":"https:\/\/blog.kunstgriff.net\/index.php?rest_route=%2Fwp%2Fv2%2Fcomments&post=1538"}],"version-history":[{"count":0,"href":"https:\/\/blog.kunstgriff.net\/index.php?rest_route=\/wp\/v2\/posts\/1538\/revisions"}],"wp:featuredmedia":[{"embeddable":true,"href":"https:\/\/blog.kunstgriff.net\/index.php?rest_route=\/wp\/v2\/media\/1548"}],"wp:attachment":[{"href":"https:\/\/blog.kunstgriff.net\/index.php?rest_route=%2Fwp%2Fv2%2Fmedia&parent=1538"}],"wp:term":[{"taxonomy":"category","embeddable":true,"href":"https:\/\/blog.kunstgriff.net\/index.php?rest_route=%2Fwp%2Fv2%2Fcategories&post=1538"},{"taxonomy":"post_tag","embeddable":true,"href":"https:\/\/blog.kunstgriff.net\/index.php?rest_route=%2Fwp%2Fv2%2Ftags&post=1538"}],"curies":[{"name":"wp","href":"https:\/\/api.w.org\/{rel}","templated":true}]}}