{"id":15571,"date":"2017-05-14T13:58:57","date_gmt":"2017-05-14T11:58:57","guid":{"rendered":"https:\/\/blog.kunstgriff.net\/?p=15571"},"modified":"2017-05-14T19:57:56","modified_gmt":"2017-05-14T17:57:56","slug":"kurze-nordrunde-ueber-kremmen-11","status":"publish","type":"post","link":"https:\/\/blog.kunstgriff.net\/?p=15571","title":{"rendered":"Kurze Nordrunde \u00fcber Kremmen"},"content":{"rendered":"<span class=\"span-reading-time rt-reading-time\" style=\"display: block;\"><span class=\"rt-label rt-prefix\">Lesezeit: <\/span> <span class=\"rt-time\"> &lt; 1<\/span> <span class=\"rt-label rt-postfix\">Minute<\/span><\/span><h4>\u00bbEndlich echter Fr\u00fchling\u00ab<\/h4>\n<hr \/>\n<p>Leider ist mein Trainings-Buddy Marc heute aufgrund von zu langem Wach-bleiben ausgefallen. Die Sonne lachte allerdings in der Nonnendammallee und so gab es kein Halten, obwohl die Beine vom <a href=\"https:\/\/blog.kunstgriff.net\/?p=15553\" target=\"_blank\" rel=\"noopener noreferrer\">gestrigen 200er<\/a> noch ein wenig schwer waren.<\/p>\n<p>Egal, <em>ruff uffs Rad<\/em> und los! Da nicht all zu viel Zeit f\u00fcrs heutige Training zur Verf\u00fcgung stand, beschloss ich meine bew\u00e4hrte Nordrunde zu fahren. <a href=\"https:\/\/blog.kunstgriff.net\/?p=15453\" target=\"_blank\" rel=\"noopener noreferrer\">Beim letzten mal<\/a> war es erheblich k\u00fchler und so freute ich mich an den Temperaturen und bereute es nicht, \u00bbkurz\/kurz\u00ab losgefahren zu sein.<\/p>\n<p>Die Geschwindigkeit und die getretenen Watt waren heute nicht wirklich konkurrenzf\u00e4hig. Auch der Schnitt am Ende war eher unterirdisch. Sicher den schweren Beinen von gestern geschuldet, aber Spass hat\u2019s gemacht und das ist die Hauptsache! Sch\u00f6nen Sonntag, sch\u00f6nen Muttertag!<\/p>\n<div class=\"tiled-gallery type-rectangular tiled-gallery-unresized\" data-original-width=\"525\" data-carousel-extra='{&quot;blog_id&quot;:1,&quot;permalink&quot;:&quot;https:\\\/\\\/blog.kunstgriff.net\\\/?p=15571&quot;,&quot;likes_blog_id&quot;:127394879}' itemscope itemtype=\"http:\/\/schema.org\/ImageGallery\" > <div class=\"gallery-row\" style=\"width: 525px; height: 235px;\" data-original-width=\"525\" data-original-height=\"235\" > <div class=\"gallery-group images-1\" style=\"width: 351px; height: 235px;\" data-original-width=\"351\" data-original-height=\"235\" > <div class=\"tiled-gallery-item tiled-gallery-item-large\" itemprop=\"associatedMedia\" itemscope itemtype=\"http:\/\/schema.org\/ImageObject\"> <a href=\"https:\/\/i0.wp.com\/blog.kunstgriff.net\/wp-content\/uploads\/2017\/05\/Selfie-mit-Flash.jpg?ssl=1\" border=\"0\" itemprop=\"url\"> <meta itemprop=\"width\" content=\"347\"> <meta itemprop=\"height\" content=\"231\"> <img decoding=\"async\" class=\"\" data-attachment-id=\"15570\" data-orig-file=\"https:\/\/blog.kunstgriff.net\/wp-content\/uploads\/2017\/05\/Selfie-mit-Flash.jpg\" data-orig-size=\"2000,1333\" data-comments-opened=\"1\" data-image-meta=\"{&quot;aperture&quot;:&quot;5.6&quot;,&quot;credit&quot;:&quot;&quot;,&quot;camera&quot;:&quot;TG-4&quot;,&quot;caption&quot;:&quot;OLYMPUS DIGITAL CAMERA&quot;,&quot;created_timestamp&quot;:&quot;1494758295&quot;,&quot;copyright&quot;:&quot;&quot;,&quot;focal_length&quot;:&quot;4.5&quot;,&quot;iso&quot;:&quot;200&quot;,&quot;shutter_speed&quot;:&quot;0.002&quot;,&quot;title&quot;:&quot;OLYMPUS DIGITAL CAMERA&quot;,&quot;orientation&quot;:&quot;1&quot;}\" data-image-title=\"Selfie mit Flash\" data-image-description=\"\" data-medium-file=\"https:\/\/i0.wp.com\/blog.kunstgriff.net\/wp-content\/uploads\/2017\/05\/Selfie-mit-Flash.jpg?fit=300%2C200&#038;ssl=1\" data-large-file=\"https:\/\/i0.wp.com\/blog.kunstgriff.net\/wp-content\/uploads\/2017\/05\/Selfie-mit-Flash.jpg?fit=1024%2C682&#038;ssl=1\" src=\"https:\/\/i0.wp.com\/blog.kunstgriff.net\/wp-content\/uploads\/2017\/05\/Selfie-mit-Flash.jpg?w=347&#038;h=231&#038;ssl=1\" srcset=\"https:\/\/i0.wp.com\/blog.kunstgriff.net\/wp-content\/uploads\/2017\/05\/Selfie-mit-Flash.jpg?w=2000&amp;ssl=1 2000w, https:\/\/i0.wp.com\/blog.kunstgriff.net\/wp-content\/uploads\/2017\/05\/Selfie-mit-Flash.jpg?resize=300%2C200&amp;ssl=1 300w, https:\/\/i0.wp.com\/blog.kunstgriff.net\/wp-content\/uploads\/2017\/05\/Selfie-mit-Flash.jpg?resize=768%2C512&amp;ssl=1 768w, https:\/\/i0.wp.com\/blog.kunstgriff.net\/wp-content\/uploads\/2017\/05\/Selfie-mit-Flash.jpg?resize=1024%2C682&amp;ssl=1 1024w, https:\/\/i0.wp.com\/blog.kunstgriff.net\/wp-content\/uploads\/2017\/05\/Selfie-mit-Flash.jpg?resize=450%2C300&amp;ssl=1 450w, https:\/\/i0.wp.com\/blog.kunstgriff.net\/wp-content\/uploads\/2017\/05\/Selfie-mit-Flash.jpg?w=1575&amp;ssl=1 1575w\" width=\"347\" height=\"231\" loading=\"lazy\" data-original-width=\"347\" data-original-height=\"231\" itemprop=\"http:\/\/schema.org\/image\" title=\"Selfie mit Flash\" alt=\"Selfie mit Flash\" style=\"width: 347px; height: 231px;\" \/> <\/a> <div class=\"tiled-gallery-caption\" itemprop=\"caption description\"> Selfie mit Flash <\/div> <\/div> <\/div> <!-- close group --> <div class=\"gallery-group images-2\" style=\"width: 174px; height: 235px;\" data-original-width=\"174\" data-original-height=\"235\" > <div class=\"tiled-gallery-item tiled-gallery-item-small\" itemprop=\"associatedMedia\" itemscope itemtype=\"http:\/\/schema.org\/ImageObject\"> <a href=\"https:\/\/i0.wp.com\/blog.kunstgriff.net\/wp-content\/uploads\/2017\/05\/Kurzer-Fotostop.jpg?ssl=1\" border=\"0\" itemprop=\"url\"> <meta itemprop=\"width\" content=\"170\"> <meta itemprop=\"height\" content=\"114\"> <img decoding=\"async\" class=\"\" data-attachment-id=\"15569\" data-orig-file=\"https:\/\/blog.kunstgriff.net\/wp-content\/uploads\/2017\/05\/Kurzer-Fotostop.jpg\" data-orig-size=\"2000,1333\" data-comments-opened=\"1\" data-image-meta=\"{&quot;aperture&quot;:&quot;2.8&quot;,&quot;credit&quot;:&quot;&quot;,&quot;camera&quot;:&quot;TG-4&quot;,&quot;caption&quot;:&quot;OLYMPUS DIGITAL CAMERA&quot;,&quot;created_timestamp&quot;:&quot;1494761205&quot;,&quot;copyright&quot;:&quot;&quot;,&quot;focal_length&quot;:&quot;4.5&quot;,&quot;iso&quot;:&quot;200&quot;,&quot;shutter_speed&quot;:&quot;0.000625&quot;,&quot;title&quot;:&quot;OLYMPUS DIGITAL CAMERA&quot;,&quot;orientation&quot;:&quot;1&quot;}\" data-image-title=\"Kurzer Fotostop\" data-image-description=\"\" data-medium-file=\"https:\/\/i0.wp.com\/blog.kunstgriff.net\/wp-content\/uploads\/2017\/05\/Kurzer-Fotostop.jpg?fit=300%2C200&#038;ssl=1\" data-large-file=\"https:\/\/i0.wp.com\/blog.kunstgriff.net\/wp-content\/uploads\/2017\/05\/Kurzer-Fotostop.jpg?fit=1024%2C682&#038;ssl=1\" src=\"https:\/\/i0.wp.com\/blog.kunstgriff.net\/wp-content\/uploads\/2017\/05\/Kurzer-Fotostop.jpg?w=170&#038;h=114&#038;ssl=1\" srcset=\"https:\/\/i0.wp.com\/blog.kunstgriff.net\/wp-content\/uploads\/2017\/05\/Kurzer-Fotostop.jpg?w=2000&amp;ssl=1 2000w, https:\/\/i0.wp.com\/blog.kunstgriff.net\/wp-content\/uploads\/2017\/05\/Kurzer-Fotostop.jpg?resize=300%2C200&amp;ssl=1 300w, https:\/\/i0.wp.com\/blog.kunstgriff.net\/wp-content\/uploads\/2017\/05\/Kurzer-Fotostop.jpg?resize=768%2C512&amp;ssl=1 768w, https:\/\/i0.wp.com\/blog.kunstgriff.net\/wp-content\/uploads\/2017\/05\/Kurzer-Fotostop.jpg?resize=1024%2C682&amp;ssl=1 1024w, https:\/\/i0.wp.com\/blog.kunstgriff.net\/wp-content\/uploads\/2017\/05\/Kurzer-Fotostop.jpg?resize=450%2C300&amp;ssl=1 450w, https:\/\/i0.wp.com\/blog.kunstgriff.net\/wp-content\/uploads\/2017\/05\/Kurzer-Fotostop.jpg?w=1575&amp;ssl=1 1575w\" width=\"170\" height=\"114\" loading=\"lazy\" data-original-width=\"170\" data-original-height=\"114\" itemprop=\"http:\/\/schema.org\/image\" title=\"Kurzer Fotostop\" alt=\"Kurzer Fotostop\" style=\"width: 170px; height: 114px;\" \/> <\/a> <div class=\"tiled-gallery-caption\" itemprop=\"caption description\"> Kurzer Fotostop <\/div> <\/div> <div class=\"tiled-gallery-item tiled-gallery-item-small\" itemprop=\"associatedMedia\" itemscope itemtype=\"http:\/\/schema.org\/ImageObject\"> <a href=\"https:\/\/i0.wp.com\/blog.kunstgriff.net\/wp-content\/uploads\/2017\/05\/Durch-den-Wald-vor-Kremmen.jpg?ssl=1\" border=\"0\" itemprop=\"url\"> <meta itemprop=\"width\" content=\"170\"> <meta itemprop=\"height\" content=\"113\"> <img decoding=\"async\" class=\"\" data-attachment-id=\"15568\" data-orig-file=\"https:\/\/blog.kunstgriff.net\/wp-content\/uploads\/2017\/05\/Durch-den-Wald-vor-Kremmen.jpg\" data-orig-size=\"2000,1333\" data-comments-opened=\"1\" data-image-meta=\"{&quot;aperture&quot;:&quot;2.8&quot;,&quot;credit&quot;:&quot;&quot;,&quot;camera&quot;:&quot;TG-4&quot;,&quot;caption&quot;:&quot;OLYMPUS DIGITAL CAMERA&quot;,&quot;created_timestamp&quot;:&quot;1494758274&quot;,&quot;copyright&quot;:&quot;&quot;,&quot;focal_length&quot;:&quot;4.5&quot;,&quot;iso&quot;:&quot;200&quot;,&quot;shutter_speed&quot;:&quot;0.002&quot;,&quot;title&quot;:&quot;OLYMPUS DIGITAL CAMERA&quot;,&quot;orientation&quot;:&quot;1&quot;}\" data-image-title=\"Durch den Wald vor Kremmen\" data-image-description=\"\" data-medium-file=\"https:\/\/i0.wp.com\/blog.kunstgriff.net\/wp-content\/uploads\/2017\/05\/Durch-den-Wald-vor-Kremmen.jpg?fit=300%2C200&#038;ssl=1\" data-large-file=\"https:\/\/i0.wp.com\/blog.kunstgriff.net\/wp-content\/uploads\/2017\/05\/Durch-den-Wald-vor-Kremmen.jpg?fit=1024%2C682&#038;ssl=1\" src=\"https:\/\/i0.wp.com\/blog.kunstgriff.net\/wp-content\/uploads\/2017\/05\/Durch-den-Wald-vor-Kremmen.jpg?w=170&#038;h=113&#038;ssl=1\" srcset=\"https:\/\/i0.wp.com\/blog.kunstgriff.net\/wp-content\/uploads\/2017\/05\/Durch-den-Wald-vor-Kremmen.jpg?w=2000&amp;ssl=1 2000w, https:\/\/i0.wp.com\/blog.kunstgriff.net\/wp-content\/uploads\/2017\/05\/Durch-den-Wald-vor-Kremmen.jpg?resize=300%2C200&amp;ssl=1 300w, https:\/\/i0.wp.com\/blog.kunstgriff.net\/wp-content\/uploads\/2017\/05\/Durch-den-Wald-vor-Kremmen.jpg?resize=768%2C512&amp;ssl=1 768w, https:\/\/i0.wp.com\/blog.kunstgriff.net\/wp-content\/uploads\/2017\/05\/Durch-den-Wald-vor-Kremmen.jpg?resize=1024%2C682&amp;ssl=1 1024w, https:\/\/i0.wp.com\/blog.kunstgriff.net\/wp-content\/uploads\/2017\/05\/Durch-den-Wald-vor-Kremmen.jpg?resize=450%2C300&amp;ssl=1 450w, https:\/\/i0.wp.com\/blog.kunstgriff.net\/wp-content\/uploads\/2017\/05\/Durch-den-Wald-vor-Kremmen.jpg?w=1575&amp;ssl=1 1575w\" width=\"170\" height=\"113\" loading=\"lazy\" data-original-width=\"170\" data-original-height=\"113\" itemprop=\"http:\/\/schema.org\/image\" title=\"Durch den Wald vor Kremmen\" alt=\"Durch den Wald vor Kremmen\" style=\"width: 170px; height: 113px;\" \/> <\/a> <div class=\"tiled-gallery-caption\" itemprop=\"caption description\"> Durch den Wald vor Kremmen <\/div> <\/div> <\/div> <!-- close group --> <\/div> <!-- close row --> <\/div>\n<p><iframe loading=\"lazy\" src=\"https:\/\/www.strava.com\/activities\/985719046\/embed\/6847ecd22abf5a31610c3e2e973b6375ffa06e95\" width=\"590\" height=\"405\" frameborder=\"0\" scrolling=\"no\"><\/iframe><\/p>\n<div style=\"width: 525px;\" class=\"wp-video\"><video class=\"wp-video-shortcode\" id=\"video-15571-1\" width=\"525\" height=\"295\" preload=\"metadata\" controls=\"controls\"><source type=\"video\/mp4\" src=\"https:\/\/blog.kunstgriff.net\/wp-content\/uploads\/2017\/05\/Relive-Kurze-Nordrunde-\u00fcber-Kremmen.mp4?_=1\" \/><a href=\"https:\/\/blog.kunstgriff.net\/wp-content\/uploads\/2017\/05\/Relive-Kurze-Nordrunde-\u00fcber-Kremmen.mp4\">https:\/\/blog.kunstgriff.net\/wp-content\/uploads\/2017\/05\/Relive-Kurze-Nordrunde-\u00fcber-Kremmen.mp4<\/a><\/video><\/div>\n","protected":false},"excerpt":{"rendered":"<p>\u00bbEndlich echter Fr\u00fchling\u00ab Leider ist mein Trainings-Buddy Marc heute aufgrund von zu langem Wach-bleiben ausgefallen. Die Sonne lachte allerdings in der Nonnendammallee und so gab es kein Halten, obwohl die Beine vom gestrigen 200er noch ein wenig schwer waren. Egal, ruff uffs Rad und los! Da nicht all zu viel Zeit f\u00fcrs heutige Training zur &hellip; <\/p>\n<p class=\"link-more\"><a href=\"https:\/\/blog.kunstgriff.net\/?p=15571\" class=\"more-link\"><span class=\"screen-reader-text\">\u201eKurze Nordrunde \u00fcber Kremmen\u201c <\/span>weiterlesen<\/a><\/p>\n","protected":false},"author":2,"featured_media":15569,"comment_status":"open","ping_status":"open","sticky":false,"template":"","format":"standard","meta":{"jetpack_post_was_ever_published":false,"_jetpack_newsletter_access":"","_jetpack_dont_email_post_to_subs":false,"_jetpack_newsletter_tier_id":0,"_jetpack_memberships_contains_paywalled_content":false,"_jetpack_memberships_contains_paid_content":false,"footnotes":""},"categories":[14,7],"tags":[],"class_list":["post-15571","post","type-post","status-publish","format-standard","has-post-thumbnail","hentry","category-radfahren","category-rennradfahren"],"jetpack_featured_media_url":"https:\/\/i0.wp.com\/blog.kunstgriff.net\/wp-content\/uploads\/2017\/05\/Kurzer-Fotostop.jpg?fit=2000%2C1333&ssl=1","jetpack_shortlink":"https:\/\/wp.me\/p8Cxe7-439","jetpack-related-posts":[{"id":9106,"url":"https:\/\/blog.kunstgriff.net\/?p=9106","url_meta":{"origin":15571,"position":0},"title":"Kurze Nordrunde \u00fcber Kremmen","author":"Georg","date":"September 11, 2012","format":false,"excerpt":"oder \u00bbNo punch - no glory\u00abDer geneigte Leser k\u00f6nnte glatt denken: \u00bbJetzt f\u00e4hrt der schon wieder da lang!\u00ab. Das habe ich mir n\u00e4mlich auf den ersten Kilometer auch gedacht, aber der Reihe nach: Angefixt von der Wettervorhersage f\u00fcr die n\u00e4chsten Tage, dass der Sommer nun wirklich\u00a0morgen vorbei sei, wollte ich\u2026","rel":"","context":"In &quot;Radfahren&quot;","block_context":{"text":"Radfahren","link":"https:\/\/blog.kunstgriff.net\/?cat=14"},"img":{"alt_text":"","src":"https:\/\/i0.wp.com\/blog.kunstgriff.net\/wp-content\/uploads\/2012\/09\/Kurz-vor-dem-Mauerradweg-hinter-Sch%C3%B6nwalde.jpg?fit=1000%2C750&ssl=1&resize=350%2C200","width":350,"height":200,"srcset":"https:\/\/i0.wp.com\/blog.kunstgriff.net\/wp-content\/uploads\/2012\/09\/Kurz-vor-dem-Mauerradweg-hinter-Sch%C3%B6nwalde.jpg?fit=1000%2C750&ssl=1&resize=350%2C200 1x, https:\/\/i0.wp.com\/blog.kunstgriff.net\/wp-content\/uploads\/2012\/09\/Kurz-vor-dem-Mauerradweg-hinter-Sch%C3%B6nwalde.jpg?fit=1000%2C750&ssl=1&resize=525%2C300 1.5x, https:\/\/i0.wp.com\/blog.kunstgriff.net\/wp-content\/uploads\/2012\/09\/Kurz-vor-dem-Mauerradweg-hinter-Sch%C3%B6nwalde.jpg?fit=1000%2C750&ssl=1&resize=700%2C400 2x"},"classes":[]},{"id":7753,"url":"https:\/\/blog.kunstgriff.net\/?p=7753","url_meta":{"origin":15571,"position":1},"title":"Kurze Nordrunde \u00fcber Kremmen","author":"Georg","date":"April 19, 2012","format":false,"excerpt":"oder \u00bbPremiere in 2012\u00abDa heute nicht endlos Zeit zum Trainieren war, w\u00e4hle ich meine kurze Referenz-Strecke \u00fcber Kremmen. Ich bin sie in diesem Jahr noch nicht gefahren. Sie ist abwechslungsreich, in unter drei Stunden zu fahren und dient mir als idealer Benchmark meiner momentanen Leistungsf\u00e4higkeit. Die Beine f\u00fchlten sich heute\u2026","rel":"","context":"In &quot;Radfahren&quot;","block_context":{"text":"Radfahren","link":"https:\/\/blog.kunstgriff.net\/?cat=14"},"img":{"alt_text":"","src":"https:\/\/i0.wp.com\/blog.kunstgriff.net\/wp-content\/uploads\/2012\/04\/16-Minuten-Vorsprung.jpg?resize=350%2C200","width":350,"height":200,"srcset":"https:\/\/i0.wp.com\/blog.kunstgriff.net\/wp-content\/uploads\/2012\/04\/16-Minuten-Vorsprung.jpg?resize=350%2C200 1x, https:\/\/i0.wp.com\/blog.kunstgriff.net\/wp-content\/uploads\/2012\/04\/16-Minuten-Vorsprung.jpg?resize=525%2C300 1.5x"},"classes":[]},{"id":1953,"url":"https:\/\/blog.kunstgriff.net\/?p=1953","url_meta":{"origin":15571,"position":2},"title":"Kurze Nordrunde \u00fcber Kremmen","author":"Georg","date":"Juli 7, 2010","format":false,"excerpt":"oder \"Das ist fast unheimlich wie es heute lief\"Viel Zeit hatte ich heute nicht zum Radfahren, denn um halb Neun beginnt das Halbfinalspiel der Nationalmannschaft gegen Spanien. So bot es sich an, die Runde, welche ich in der letzten Woche mit Bernd, David und Jens gefahren bin, heute zu wiederholen.\u2026","rel":"","context":"In &quot;Radfahren&quot;","block_context":{"text":"Radfahren","link":"https:\/\/blog.kunstgriff.net\/?cat=14"},"img":{"alt_text":"","src":"","width":0,"height":0},"classes":[]},{"id":1149,"url":"https:\/\/blog.kunstgriff.net\/?p=1149","url_meta":{"origin":15571,"position":3},"title":"Nordrunde &#8211; Ostermontag","author":"Georg","date":"April 5, 2010","format":false,"excerpt":"Matthias aka \u00bbOldboy\u00ab hatte schon am Karfreitag zu dieser sch\u00f6nen Nordrunde geladen, und da ich dieses Jahr noch nicht im Nord-Osten unterwegs war, freute ich mich auch die Strecke auf teils bekannten und unbekannten Wegen. Nach 15 km durch Tegel und Waidmannslust Anreise mit dem Rennrad trafen wir uns unter\u2026","rel":"","context":"In &quot;Radfahren&quot;","block_context":{"text":"Radfahren","link":"https:\/\/blog.kunstgriff.net\/?cat=14"},"img":{"alt_text":"","src":"","width":0,"height":0},"classes":[]},{"id":2544,"url":"https:\/\/blog.kunstgriff.net\/?p=2544","url_meta":{"origin":15571,"position":4},"title":"Nordrunde \u00fcber Kremmen","author":"Georg","date":"Oktober 5, 2010","format":false,"excerpt":"oder \"Fr\u00fch Feierabend = Trainingsrunde im Hellen\"Heute machte ich zeitig Feierabend um meine Trainingsrunde noch bei Tageslicht und ohne Beleuchtung am Renner absolvieren zu k\u00f6nnen. Das Wetter war zwar herbstlich freundlich und trocken aber ich hatte es schwer mich zum Losfahren zu \u00fcberwinden. Als die Getr\u00e4nkeflaschen gef\u00fcllt waren, ging dann\u2026","rel":"","context":"In &quot;Rennradfahren&quot;","block_context":{"text":"Rennradfahren","link":"https:\/\/blog.kunstgriff.net\/?cat=7"},"img":{"alt_text":"","src":"","width":0,"height":0},"classes":[]},{"id":17660,"url":"https:\/\/blog.kunstgriff.net\/?p=17660","url_meta":{"origin":15571,"position":5},"title":"Nordrunde \u00fcber Kremmen","author":"Georg","date":"April 29, 2018","format":false,"excerpt":"oder \u00bbRennrad-Wetter vom Feinsten!\u00ab Nach den extrem unsch\u00f6nen Vorkommnissen auf dem Rad am Vortag, war heute wieder entspanntes Rollen angesagt. Spontan entschloss ich mich die Nordrunde \u00fcber Kremmen zu fahren. Also nicht die Kurze sondern die Lange. Naja so lang ist sie auch nicht, bietet aber noch ein wenig mehr\u2026","rel":"","context":"In &quot;Radfahren&quot;","block_context":{"text":"Radfahren","link":"https:\/\/blog.kunstgriff.net\/?cat=14"},"img":{"alt_text":"","src":"https:\/\/i0.wp.com\/blog.kunstgriff.net\/wp-content\/uploads\/2018\/04\/Dieser-Sektor-ist-toll-w%C3%A4ren-da-nicht-die-Autos.jpg?fit=1200%2C800&ssl=1&resize=350%2C200","width":350,"height":200,"srcset":"https:\/\/i0.wp.com\/blog.kunstgriff.net\/wp-content\/uploads\/2018\/04\/Dieser-Sektor-ist-toll-w%C3%A4ren-da-nicht-die-Autos.jpg?fit=1200%2C800&ssl=1&resize=350%2C200 1x, https:\/\/i0.wp.com\/blog.kunstgriff.net\/wp-content\/uploads\/2018\/04\/Dieser-Sektor-ist-toll-w%C3%A4ren-da-nicht-die-Autos.jpg?fit=1200%2C800&ssl=1&resize=525%2C300 1.5x, https:\/\/i0.wp.com\/blog.kunstgriff.net\/wp-content\/uploads\/2018\/04\/Dieser-Sektor-ist-toll-w%C3%A4ren-da-nicht-die-Autos.jpg?fit=1200%2C800&ssl=1&resize=700%2C400 2x, https:\/\/i0.wp.com\/blog.kunstgriff.net\/wp-content\/uploads\/2018\/04\/Dieser-Sektor-ist-toll-w%C3%A4ren-da-nicht-die-Autos.jpg?fit=1200%2C800&ssl=1&resize=1050%2C600 3x"},"classes":[]}],"jetpack_likes_enabled":true,"jetpack_sharing_enabled":true,"_links":{"self":[{"href":"https:\/\/blog.kunstgriff.net\/index.php?rest_route=\/wp\/v2\/posts\/15571","targetHints":{"allow":["GET"]}}],"collection":[{"href":"https:\/\/blog.kunstgriff.net\/index.php?rest_route=\/wp\/v2\/posts"}],"about":[{"href":"https:\/\/blog.kunstgriff.net\/index.php?rest_route=\/wp\/v2\/types\/post"}],"author":[{"embeddable":true,"href":"https:\/\/blog.kunstgriff.net\/index.php?rest_route=\/wp\/v2\/users\/2"}],"replies":[{"embeddable":true,"href":"https:\/\/blog.kunstgriff.net\/index.php?rest_route=%2Fwp%2Fv2%2Fcomments&post=15571"}],"version-history":[{"count":0,"href":"https:\/\/blog.kunstgriff.net\/index.php?rest_route=\/wp\/v2\/posts\/15571\/revisions"}],"wp:featuredmedia":[{"embeddable":true,"href":"https:\/\/blog.kunstgriff.net\/index.php?rest_route=\/wp\/v2\/media\/15569"}],"wp:attachment":[{"href":"https:\/\/blog.kunstgriff.net\/index.php?rest_route=%2Fwp%2Fv2%2Fmedia&parent=15571"}],"wp:term":[{"taxonomy":"category","embeddable":true,"href":"https:\/\/blog.kunstgriff.net\/index.php?rest_route=%2Fwp%2Fv2%2Fcategories&post=15571"},{"taxonomy":"post_tag","embeddable":true,"href":"https:\/\/blog.kunstgriff.net\/index.php?rest_route=%2Fwp%2Fv2%2Ftags&post=15571"}],"curies":[{"name":"wp","href":"https:\/\/api.w.org\/{rel}","templated":true}]}}