{"id":15579,"date":"2017-05-20T23:37:41","date_gmt":"2017-05-20T21:37:41","guid":{"rendered":"https:\/\/blog.kunstgriff.net\/?p=15579"},"modified":"2017-05-21T09:55:05","modified_gmt":"2017-05-21T07:55:05","slug":"pankow-ueckeritz-mit-der-cakegaeng","status":"publish","type":"post","link":"https:\/\/blog.kunstgriff.net\/?p=15579","title":{"rendered":"Pankow \u2013 \u00dcckeritz mit der \u00bbCakeG\u00e4ng\u00ab"},"content":{"rendered":"<span class=\"span-reading-time rt-reading-time\" style=\"display: block;\"><span class=\"rt-label rt-prefix\">Lesezeit: <\/span> <span class=\"rt-time\"> 2<\/span> <span class=\"rt-label rt-postfix\">Minuten<\/span><\/span><h4>\u00bbEin Tag am Meer\u00ab<\/h4>\n<hr \/>\n<p>Die ganze Woche schon war ich nicht nur wegen meines Urlaubs voller Vorfreude, nein auch die <del>legend\u00e4re<\/del> Usedom-Tour stand am Samstag mit der \u00bbCakeG\u00e4ng\u00ab auf dem Programm.<\/p>\n<p>Um kurz nach vier erwachte ich v\u00f6llig ohne Wecker und voller Tatentdrang aus einer traumlosen Nacht. M\u00fcsli und Kaffee konsumieren, in die Rennradbuchse und los.<\/p>\n<p>Auf den ersten Metern merkte ich schon, dass ich mit kurz\/kurz heute trotz der 18\u00b0C auf dem Thermometer ein wenig zu progressiv gekleidet war. Es nieselte und ohne Armlinge wars auch eher suboptimal. Aber ich w\u00fcrde ja gleich auf der nahen Bernauer Br\u00fccke meinen <em>CakeG\u00e4ng-Peep<\/em> Marc treffen, um mit ihm nach Pankow zu kurbeln. Die Stimmung am Treffpunkt war d\u00fcster: Morgennebel, Nieselregen und ein recht frischer Wind und kein Marc weit &amp; breit. Anruf abgesetzt, keine Antwort. Also dann los, denn ich wollte den Treffpunkt in Pankow nicht zu sp\u00e4t erreichen.<\/p>\n<p>Kurz hinterm Rathaus Reinickendorf erreichte mich dann Marc auf dem iPhone: Er hatte verschlafen. Was f\u00fcr eine traurige Nachricht. Am Treffpunkt wurde das Fehlen von Marc auch mit grosser Entt\u00e4uschung aufgenommen.<\/p>\n<p>Aber es half nix, wir mussten los. Sauber in Zweier-Reihe ging es aus der Stadt. Ich war froh, die S\u00e4pp neben mir gehabt zu haben, denn sie war auch noch nicht im <em>Erz\u00e4hl-Modus<\/em> sondern eher im <em>Erwach-Modus.<\/em> Einige Mitfahrer waren dahingehend schon weiter und es wurden um halb sieben schon flei\u00dfig Kettengespr\u00e4che gef\u00fchrt. Auch gut.<\/p>\n<p>Es dauerte bis hinter Liebenwalde, bis das erste Grinsen \u00fcber mein Gesicht ging, just in dem Moment wo Christian verk\u00fcndete, dass in Templin der erst Kaffee-Stop geplant sei. Klasse. Keine 104 km lange Durststrecke bis nach Woldegk, sondern schon Kaffee und Kuchen nach rund zwei Stunden Fahrzeit. C\u00e4keRide mit der C\u00e4keG\u00e4ng = I like.<\/p>\n<p>Nach der Pause fuhr es sich gleich doppelt gut und auch die Baustellen, H\u00fcgel und Plattenwege, die wir vor Woldegk zu passieren hatten waren heute kein grosses Hindernis. Auch der Wind meinte es nicht all zu schlimm mit uns, denn er kam fast immer von S\u00fcd-West und so half er uns, den Garmin stetig\u00a0\u00fcber 30 km\/h zu halten.<\/p>\n<p>In Woldegk gabs dann an bekannter Stelle Milchreis, Kaffee und Br\u00f6tchen bevor es auf den 54 km langen Sektor nach Ankam ging. Auch dieser wurde heute ohne Fress-Puls absolviert.<\/p>\n<p>In Anklam noch ne Fritz-Cola und die Insel konnte kommen. Aufgrund des bew\u00f6lkten Himmels waren heute nicht zu viele Kraftfahrzeugf\u00fchrer unterwegs und so blieben wir vom Angehupe auf der Insel heute weitestgehend verschont. Dank klasse Teamworks wurden auch noch die letzten H\u00fcgel geb\u00fcgelt und unser Tagesziel nach 240 km Pedallieren erreicht. Schnell noch ein Beweisfoto von einem professionellen Fotografen realisiert, bevor es zur Erfrischung ins <del>extrem-<\/del>k\u00fchle Nass, der Ostsee zum Anbanden ging.<\/p>\n<p>Lecker Fisch und ein leckeres Radler rundeten den Tag auf dem Rad auch f\u00fcr den Gaumen hervorragend ab Dann mit viel Elan in den Supermarkt am Bahnhof, um uns noch Reiseproviant zu shoppen.<\/p>\n<p>Das war mal eine super-harmonische Ostsee-Fahrt mit super CakeG\u00e4ng-Truppe. Keine Zwischenf\u00e4lle, Defekte oder sonstige Herausforderungen.<\/p>\n<p>Danke f\u00fcrs Mitnehmen! Gerne wieder! Dieses Jahr?<\/p>\n<div class=\"tiled-gallery type-rectangular tiled-gallery-unresized\" data-original-width=\"525\" data-carousel-extra='{&quot;blog_id&quot;:1,&quot;permalink&quot;:&quot;https:\\\/\\\/blog.kunstgriff.net\\\/?p=15579&quot;,&quot;likes_blog_id&quot;:127394879}' itemscope itemtype=\"http:\/\/schema.org\/ImageGallery\" > <div class=\"gallery-row\" style=\"width: 525px; height: 235px;\" data-original-width=\"525\" data-original-height=\"235\" > <div class=\"gallery-group images-1\" style=\"width: 351px; height: 235px;\" data-original-width=\"351\" data-original-height=\"235\" > <div class=\"tiled-gallery-item tiled-gallery-item-large\" itemprop=\"associatedMedia\" itemscope itemtype=\"http:\/\/schema.org\/ImageObject\"> <a href=\"https:\/\/i0.wp.com\/blog.kunstgriff.net\/wp-content\/uploads\/2017\/05\/Treffunkt-Pankow-Dietzgenstrasse-um-viertel-nach-sechs.jpg?ssl=1\" border=\"0\" itemprop=\"url\"> <meta itemprop=\"width\" content=\"347\"> <meta itemprop=\"height\" content=\"231\"> <img decoding=\"async\" class=\"\" data-attachment-id=\"15590\" data-orig-file=\"https:\/\/blog.kunstgriff.net\/wp-content\/uploads\/2017\/05\/Treffunkt-Pankow-Dietzgenstrasse-um-viertel-nach-sechs.jpg\" data-orig-size=\"2000,1333\" data-comments-opened=\"1\" data-image-meta=\"{&quot;aperture&quot;:&quot;2&quot;,&quot;credit&quot;:&quot;&quot;,&quot;camera&quot;:&quot;TG-4&quot;,&quot;caption&quot;:&quot;OLYMPUS DIGITAL CAMERA&quot;,&quot;created_timestamp&quot;:&quot;1495261136&quot;,&quot;copyright&quot;:&quot;&quot;,&quot;focal_length&quot;:&quot;4.5&quot;,&quot;iso&quot;:&quot;1600&quot;,&quot;shutter_speed&quot;:&quot;0.004&quot;,&quot;title&quot;:&quot;OLYMPUS DIGITAL CAMERA&quot;,&quot;orientation&quot;:&quot;1&quot;}\" data-image-title=\"Treffunkt Pankow Dietzgenstrasse um viertel nach sechs\" data-image-description=\"\" data-medium-file=\"https:\/\/i0.wp.com\/blog.kunstgriff.net\/wp-content\/uploads\/2017\/05\/Treffunkt-Pankow-Dietzgenstrasse-um-viertel-nach-sechs.jpg?fit=300%2C200&#038;ssl=1\" data-large-file=\"https:\/\/i0.wp.com\/blog.kunstgriff.net\/wp-content\/uploads\/2017\/05\/Treffunkt-Pankow-Dietzgenstrasse-um-viertel-nach-sechs.jpg?fit=1024%2C682&#038;ssl=1\" src=\"https:\/\/i0.wp.com\/blog.kunstgriff.net\/wp-content\/uploads\/2017\/05\/Treffunkt-Pankow-Dietzgenstrasse-um-viertel-nach-sechs.jpg?w=347&#038;h=231&#038;ssl=1\" srcset=\"https:\/\/i0.wp.com\/blog.kunstgriff.net\/wp-content\/uploads\/2017\/05\/Treffunkt-Pankow-Dietzgenstrasse-um-viertel-nach-sechs.jpg?w=2000&amp;ssl=1 2000w, https:\/\/i0.wp.com\/blog.kunstgriff.net\/wp-content\/uploads\/2017\/05\/Treffunkt-Pankow-Dietzgenstrasse-um-viertel-nach-sechs.jpg?resize=300%2C200&amp;ssl=1 300w, https:\/\/i0.wp.com\/blog.kunstgriff.net\/wp-content\/uploads\/2017\/05\/Treffunkt-Pankow-Dietzgenstrasse-um-viertel-nach-sechs.jpg?resize=768%2C512&amp;ssl=1 768w, https:\/\/i0.wp.com\/blog.kunstgriff.net\/wp-content\/uploads\/2017\/05\/Treffunkt-Pankow-Dietzgenstrasse-um-viertel-nach-sechs.jpg?resize=1024%2C682&amp;ssl=1 1024w, https:\/\/i0.wp.com\/blog.kunstgriff.net\/wp-content\/uploads\/2017\/05\/Treffunkt-Pankow-Dietzgenstrasse-um-viertel-nach-sechs.jpg?resize=450%2C300&amp;ssl=1 450w, https:\/\/i0.wp.com\/blog.kunstgriff.net\/wp-content\/uploads\/2017\/05\/Treffunkt-Pankow-Dietzgenstrasse-um-viertel-nach-sechs.jpg?w=1575&amp;ssl=1 1575w\" width=\"347\" height=\"231\" loading=\"lazy\" data-original-width=\"347\" data-original-height=\"231\" itemprop=\"http:\/\/schema.org\/image\" title=\"Treffunkt Pankow Dietzgenstrasse um viertel nach sechs\" alt=\"Treffunkt Pankow Dietzgenstrasse um viertel nach sechs\" style=\"width: 347px; height: 231px;\" \/> <\/a> <div class=\"tiled-gallery-caption\" itemprop=\"caption description\"> Treffunkt Pankow Dietzgenstrasse um viertel nach sechs <\/div> <\/div> <\/div> <!-- close group --> <div class=\"gallery-group images-2\" style=\"width: 174px; height: 235px;\" data-original-width=\"174\" data-original-height=\"235\" > <div class=\"tiled-gallery-item tiled-gallery-item-small\" itemprop=\"associatedMedia\" itemscope itemtype=\"http:\/\/schema.org\/ImageObject\"> <a href=\"https:\/\/i0.wp.com\/blog.kunstgriff.net\/wp-content\/uploads\/2017\/05\/Sch%C3%B6ne-Alleen-vor-Zehdenick.jpg?ssl=1\" border=\"0\" itemprop=\"url\"> <meta itemprop=\"width\" content=\"170\"> <meta itemprop=\"height\" content=\"114\"> <img decoding=\"async\" class=\"\" data-attachment-id=\"15589\" data-orig-file=\"https:\/\/blog.kunstgriff.net\/wp-content\/uploads\/2017\/05\/Sch\u00f6ne-Alleen-vor-Zehdenick.jpg\" data-orig-size=\"2000,1333\" data-comments-opened=\"1\" data-image-meta=\"{&quot;aperture&quot;:&quot;2&quot;,&quot;credit&quot;:&quot;&quot;,&quot;camera&quot;:&quot;TG-4&quot;,&quot;caption&quot;:&quot;OLYMPUS DIGITAL CAMERA&quot;,&quot;created_timestamp&quot;:&quot;1495267241&quot;,&quot;copyright&quot;:&quot;&quot;,&quot;focal_length&quot;:&quot;4.5&quot;,&quot;iso&quot;:&quot;500&quot;,&quot;shutter_speed&quot;:&quot;0.002&quot;,&quot;title&quot;:&quot;OLYMPUS DIGITAL CAMERA&quot;,&quot;orientation&quot;:&quot;1&quot;}\" data-image-title=\"Sch\u00f6ne Alleen vor Zehdenick\" data-image-description=\"\" data-medium-file=\"https:\/\/i0.wp.com\/blog.kunstgriff.net\/wp-content\/uploads\/2017\/05\/Sch%C3%B6ne-Alleen-vor-Zehdenick.jpg?fit=300%2C200&#038;ssl=1\" data-large-file=\"https:\/\/i0.wp.com\/blog.kunstgriff.net\/wp-content\/uploads\/2017\/05\/Sch%C3%B6ne-Alleen-vor-Zehdenick.jpg?fit=1024%2C682&#038;ssl=1\" src=\"https:\/\/i0.wp.com\/blog.kunstgriff.net\/wp-content\/uploads\/2017\/05\/Sch%C3%B6ne-Alleen-vor-Zehdenick.jpg?w=170&#038;h=114&#038;ssl=1\" width=\"170\" height=\"114\" loading=\"lazy\" data-original-width=\"170\" data-original-height=\"114\" itemprop=\"http:\/\/schema.org\/image\" title=\"Sch\u00f6ne Alleen vor Zehdenick\" alt=\"Sch\u00f6ne Alleen vor Zehdenick\" style=\"width: 170px; height: 114px;\" \/> <\/a> <div class=\"tiled-gallery-caption\" itemprop=\"caption description\"> Sch\u00f6ne Alleen vor Zehdenick <\/div> <\/div> <div class=\"tiled-gallery-item tiled-gallery-item-small\" itemprop=\"associatedMedia\" itemscope itemtype=\"http:\/\/schema.org\/ImageObject\"> <a href=\"https:\/\/i0.wp.com\/blog.kunstgriff.net\/wp-content\/uploads\/2017\/05\/Nun-ist-gut-radeln.jpg?ssl=1\" border=\"0\" itemprop=\"url\"> <meta itemprop=\"width\" content=\"170\"> <meta itemprop=\"height\" content=\"113\"> <img decoding=\"async\" class=\"\" data-attachment-id=\"15588\" data-orig-file=\"https:\/\/blog.kunstgriff.net\/wp-content\/uploads\/2017\/05\/Nun-ist-gut-radeln.jpg\" data-orig-size=\"2000,1333\" data-comments-opened=\"1\" data-image-meta=\"{&quot;aperture&quot;:&quot;2&quot;,&quot;credit&quot;:&quot;&quot;,&quot;camera&quot;:&quot;TG-4&quot;,&quot;caption&quot;:&quot;OLYMPUS DIGITAL CAMERA&quot;,&quot;created_timestamp&quot;:&quot;1495265462&quot;,&quot;copyright&quot;:&quot;&quot;,&quot;focal_length&quot;:&quot;4.5&quot;,&quot;iso&quot;:&quot;640&quot;,&quot;shutter_speed&quot;:&quot;0.002&quot;,&quot;title&quot;:&quot;OLYMPUS DIGITAL CAMERA&quot;,&quot;orientation&quot;:&quot;1&quot;}\" data-image-title=\"Nun ist gut radeln\" data-image-description=\"\" data-medium-file=\"https:\/\/i0.wp.com\/blog.kunstgriff.net\/wp-content\/uploads\/2017\/05\/Nun-ist-gut-radeln.jpg?fit=300%2C200&#038;ssl=1\" data-large-file=\"https:\/\/i0.wp.com\/blog.kunstgriff.net\/wp-content\/uploads\/2017\/05\/Nun-ist-gut-radeln.jpg?fit=1024%2C682&#038;ssl=1\" src=\"https:\/\/i0.wp.com\/blog.kunstgriff.net\/wp-content\/uploads\/2017\/05\/Nun-ist-gut-radeln.jpg?w=170&#038;h=113&#038;ssl=1\" srcset=\"https:\/\/i0.wp.com\/blog.kunstgriff.net\/wp-content\/uploads\/2017\/05\/Nun-ist-gut-radeln.jpg?w=2000&amp;ssl=1 2000w, https:\/\/i0.wp.com\/blog.kunstgriff.net\/wp-content\/uploads\/2017\/05\/Nun-ist-gut-radeln.jpg?resize=300%2C200&amp;ssl=1 300w, https:\/\/i0.wp.com\/blog.kunstgriff.net\/wp-content\/uploads\/2017\/05\/Nun-ist-gut-radeln.jpg?resize=768%2C512&amp;ssl=1 768w, https:\/\/i0.wp.com\/blog.kunstgriff.net\/wp-content\/uploads\/2017\/05\/Nun-ist-gut-radeln.jpg?resize=1024%2C682&amp;ssl=1 1024w, https:\/\/i0.wp.com\/blog.kunstgriff.net\/wp-content\/uploads\/2017\/05\/Nun-ist-gut-radeln.jpg?resize=450%2C300&amp;ssl=1 450w, https:\/\/i0.wp.com\/blog.kunstgriff.net\/wp-content\/uploads\/2017\/05\/Nun-ist-gut-radeln.jpg?w=1575&amp;ssl=1 1575w\" width=\"170\" height=\"113\" loading=\"lazy\" data-original-width=\"170\" data-original-height=\"113\" itemprop=\"http:\/\/schema.org\/image\" title=\"Nun ist gut radeln\" alt=\"Nun ist gut radeln\" style=\"width: 170px; height: 113px;\" \/> <\/a> <div class=\"tiled-gallery-caption\" itemprop=\"caption description\"> Nun ist gut radeln <\/div> <\/div> <\/div> <!-- close group --> <\/div> <!-- close row --> <div class=\"gallery-row\" style=\"width: 525px; height: 118px;\" data-original-width=\"525\" data-original-height=\"118\" > <div class=\"gallery-group images-1\" style=\"width: 175px; height: 118px;\" data-original-width=\"175\" data-original-height=\"118\" > <div class=\"tiled-gallery-item tiled-gallery-item-small\" itemprop=\"associatedMedia\" itemscope itemtype=\"http:\/\/schema.org\/ImageObject\"> <a href=\"https:\/\/i0.wp.com\/blog.kunstgriff.net\/wp-content\/uploads\/2017\/05\/Wellen-dr%C3%BCcken-mit-den-Damen.jpg?ssl=1\" border=\"0\" itemprop=\"url\"> <meta itemprop=\"width\" content=\"171\"> <meta itemprop=\"height\" content=\"114\"> <img decoding=\"async\" class=\"\" data-attachment-id=\"15592\" data-orig-file=\"https:\/\/blog.kunstgriff.net\/wp-content\/uploads\/2017\/05\/Wellen-dr\u00fccken-mit-den-Damen.jpg\" data-orig-size=\"2000,1333\" data-comments-opened=\"1\" data-image-meta=\"{&quot;aperture&quot;:&quot;2&quot;,&quot;credit&quot;:&quot;&quot;,&quot;camera&quot;:&quot;TG-4&quot;,&quot;caption&quot;:&quot;OLYMPUS DIGITAL CAMERA&quot;,&quot;created_timestamp&quot;:&quot;1495274824&quot;,&quot;copyright&quot;:&quot;&quot;,&quot;focal_length&quot;:&quot;4.5&quot;,&quot;iso&quot;:&quot;200&quot;,&quot;shutter_speed&quot;:&quot;0.002&quot;,&quot;title&quot;:&quot;OLYMPUS DIGITAL CAMERA&quot;,&quot;orientation&quot;:&quot;1&quot;}\" data-image-title=\"Wellen dr\u00fccken mit den Damen\" data-image-description=\"\" data-medium-file=\"https:\/\/i0.wp.com\/blog.kunstgriff.net\/wp-content\/uploads\/2017\/05\/Wellen-dr%C3%BCcken-mit-den-Damen.jpg?fit=300%2C200&#038;ssl=1\" data-large-file=\"https:\/\/i0.wp.com\/blog.kunstgriff.net\/wp-content\/uploads\/2017\/05\/Wellen-dr%C3%BCcken-mit-den-Damen.jpg?fit=1024%2C682&#038;ssl=1\" src=\"https:\/\/i0.wp.com\/blog.kunstgriff.net\/wp-content\/uploads\/2017\/05\/Wellen-dr%C3%BCcken-mit-den-Damen.jpg?w=171&#038;h=114&#038;ssl=1\" width=\"171\" height=\"114\" loading=\"lazy\" data-original-width=\"171\" data-original-height=\"114\" itemprop=\"http:\/\/schema.org\/image\" title=\"Wellen dr\u00fccken mit den Damen\" alt=\"Wellen dr\u00fccken mit den Damen\" style=\"width: 171px; height: 114px;\" \/> <\/a> <div class=\"tiled-gallery-caption\" itemprop=\"caption description\"> Wellen dr\u00fccken mit den Damen <\/div> <\/div> <\/div> <!-- close group --> <div class=\"gallery-group images-1\" style=\"width: 175px; height: 118px;\" data-original-width=\"175\" data-original-height=\"118\" > <div class=\"tiled-gallery-item tiled-gallery-item-small\" itemprop=\"associatedMedia\" itemscope itemtype=\"http:\/\/schema.org\/ImageObject\"> <a href=\"https:\/\/i0.wp.com\/blog.kunstgriff.net\/wp-content\/uploads\/2017\/05\/Kurzer-Riegel-Pausen-Stop-im-Rapsfeld.jpg?ssl=1\" border=\"0\" itemprop=\"url\"> <meta itemprop=\"width\" content=\"171\"> <meta itemprop=\"height\" content=\"114\"> <img decoding=\"async\" class=\"\" data-attachment-id=\"15585\" data-orig-file=\"https:\/\/blog.kunstgriff.net\/wp-content\/uploads\/2017\/05\/Kurzer-Riegel-Pausen-Stop-im-Rapsfeld.jpg\" data-orig-size=\"2000,1333\" data-comments-opened=\"1\" data-image-meta=\"{&quot;aperture&quot;:&quot;3.2&quot;,&quot;credit&quot;:&quot;&quot;,&quot;camera&quot;:&quot;TG-4&quot;,&quot;caption&quot;:&quot;OLYMPUS DIGITAL CAMERA&quot;,&quot;created_timestamp&quot;:&quot;1495276767&quot;,&quot;copyright&quot;:&quot;&quot;,&quot;focal_length&quot;:&quot;5.5&quot;,&quot;iso&quot;:&quot;200&quot;,&quot;shutter_speed&quot;:&quot;0.001&quot;,&quot;title&quot;:&quot;OLYMPUS DIGITAL CAMERA&quot;,&quot;orientation&quot;:&quot;1&quot;}\" data-image-title=\"Kurzer Riegel-Pausen-Stop im Rapsfeld\" data-image-description=\"\" data-medium-file=\"https:\/\/i0.wp.com\/blog.kunstgriff.net\/wp-content\/uploads\/2017\/05\/Kurzer-Riegel-Pausen-Stop-im-Rapsfeld.jpg?fit=300%2C200&#038;ssl=1\" data-large-file=\"https:\/\/i0.wp.com\/blog.kunstgriff.net\/wp-content\/uploads\/2017\/05\/Kurzer-Riegel-Pausen-Stop-im-Rapsfeld.jpg?fit=1024%2C682&#038;ssl=1\" src=\"https:\/\/i0.wp.com\/blog.kunstgriff.net\/wp-content\/uploads\/2017\/05\/Kurzer-Riegel-Pausen-Stop-im-Rapsfeld.jpg?w=171&#038;h=114&#038;ssl=1\" srcset=\"https:\/\/i0.wp.com\/blog.kunstgriff.net\/wp-content\/uploads\/2017\/05\/Kurzer-Riegel-Pausen-Stop-im-Rapsfeld.jpg?w=2000&amp;ssl=1 2000w, https:\/\/i0.wp.com\/blog.kunstgriff.net\/wp-content\/uploads\/2017\/05\/Kurzer-Riegel-Pausen-Stop-im-Rapsfeld.jpg?resize=300%2C200&amp;ssl=1 300w, https:\/\/i0.wp.com\/blog.kunstgriff.net\/wp-content\/uploads\/2017\/05\/Kurzer-Riegel-Pausen-Stop-im-Rapsfeld.jpg?resize=768%2C512&amp;ssl=1 768w, https:\/\/i0.wp.com\/blog.kunstgriff.net\/wp-content\/uploads\/2017\/05\/Kurzer-Riegel-Pausen-Stop-im-Rapsfeld.jpg?resize=1024%2C682&amp;ssl=1 1024w, https:\/\/i0.wp.com\/blog.kunstgriff.net\/wp-content\/uploads\/2017\/05\/Kurzer-Riegel-Pausen-Stop-im-Rapsfeld.jpg?resize=450%2C300&amp;ssl=1 450w, https:\/\/i0.wp.com\/blog.kunstgriff.net\/wp-content\/uploads\/2017\/05\/Kurzer-Riegel-Pausen-Stop-im-Rapsfeld.jpg?w=1575&amp;ssl=1 1575w\" width=\"171\" height=\"114\" loading=\"lazy\" data-original-width=\"171\" data-original-height=\"114\" itemprop=\"http:\/\/schema.org\/image\" title=\"Kurzer Riegel-Pausen-Stop im Rapsfeld\" alt=\"Kurzer Riegel-Pausen-Stop im Rapsfeld\" style=\"width: 171px; height: 114px;\" \/> <\/a> <div class=\"tiled-gallery-caption\" itemprop=\"caption description\"> Kurzer Riegel-Pausen-Stop im Rapsfeld <\/div> <\/div> <\/div> <!-- close group --> <div class=\"gallery-group images-1\" style=\"width: 175px; height: 118px;\" data-original-width=\"175\" data-original-height=\"118\" > <div class=\"tiled-gallery-item tiled-gallery-item-small\" itemprop=\"associatedMedia\" itemscope itemtype=\"http:\/\/schema.org\/ImageObject\"> <a href=\"https:\/\/i0.wp.com\/blog.kunstgriff.net\/wp-content\/uploads\/2017\/05\/Naturstrasse-auf-Usedom.jpg?ssl=1\" border=\"0\" itemprop=\"url\"> <meta itemprop=\"width\" content=\"171\"> <meta itemprop=\"height\" content=\"114\"> <img decoding=\"async\" class=\"\" data-attachment-id=\"15586\" data-orig-file=\"https:\/\/blog.kunstgriff.net\/wp-content\/uploads\/2017\/05\/Naturstrasse-auf-Usedom.jpg\" data-orig-size=\"2000,1333\" data-comments-opened=\"1\" data-image-meta=\"{&quot;aperture&quot;:&quot;2&quot;,&quot;credit&quot;:&quot;&quot;,&quot;camera&quot;:&quot;TG-4&quot;,&quot;caption&quot;:&quot;OLYMPUS DIGITAL CAMERA&quot;,&quot;created_timestamp&quot;:&quot;1495289192&quot;,&quot;copyright&quot;:&quot;&quot;,&quot;focal_length&quot;:&quot;4.5&quot;,&quot;iso&quot;:&quot;500&quot;,&quot;shutter_speed&quot;:&quot;0.002&quot;,&quot;title&quot;:&quot;OLYMPUS DIGITAL CAMERA&quot;,&quot;orientation&quot;:&quot;1&quot;}\" data-image-title=\"Naturstrasse auf Usedom\" data-image-description=\"\" data-medium-file=\"https:\/\/i0.wp.com\/blog.kunstgriff.net\/wp-content\/uploads\/2017\/05\/Naturstrasse-auf-Usedom.jpg?fit=300%2C200&#038;ssl=1\" data-large-file=\"https:\/\/i0.wp.com\/blog.kunstgriff.net\/wp-content\/uploads\/2017\/05\/Naturstrasse-auf-Usedom.jpg?fit=1024%2C682&#038;ssl=1\" src=\"https:\/\/i0.wp.com\/blog.kunstgriff.net\/wp-content\/uploads\/2017\/05\/Naturstrasse-auf-Usedom.jpg?w=171&#038;h=114&#038;ssl=1\" srcset=\"https:\/\/i0.wp.com\/blog.kunstgriff.net\/wp-content\/uploads\/2017\/05\/Naturstrasse-auf-Usedom.jpg?w=2000&amp;ssl=1 2000w, https:\/\/i0.wp.com\/blog.kunstgriff.net\/wp-content\/uploads\/2017\/05\/Naturstrasse-auf-Usedom.jpg?resize=300%2C200&amp;ssl=1 300w, https:\/\/i0.wp.com\/blog.kunstgriff.net\/wp-content\/uploads\/2017\/05\/Naturstrasse-auf-Usedom.jpg?resize=768%2C512&amp;ssl=1 768w, https:\/\/i0.wp.com\/blog.kunstgriff.net\/wp-content\/uploads\/2017\/05\/Naturstrasse-auf-Usedom.jpg?resize=1024%2C682&amp;ssl=1 1024w, https:\/\/i0.wp.com\/blog.kunstgriff.net\/wp-content\/uploads\/2017\/05\/Naturstrasse-auf-Usedom.jpg?resize=450%2C300&amp;ssl=1 450w, https:\/\/i0.wp.com\/blog.kunstgriff.net\/wp-content\/uploads\/2017\/05\/Naturstrasse-auf-Usedom.jpg?w=1575&amp;ssl=1 1575w\" width=\"171\" height=\"114\" loading=\"lazy\" data-original-width=\"171\" data-original-height=\"114\" itemprop=\"http:\/\/schema.org\/image\" title=\"Naturstrasse auf Usedom\" alt=\"Naturstrasse auf Usedom\" style=\"width: 171px; height: 114px;\" \/> <\/a> <div class=\"tiled-gallery-caption\" itemprop=\"caption description\"> Naturstrasse auf Usedom <\/div> <\/div> <\/div> <!-- close group --> <\/div> <!-- close row --> <div class=\"gallery-row\" style=\"width: 525px; height: 89px;\" data-original-width=\"525\" data-original-height=\"89\" > <div class=\"gallery-group images-1\" style=\"width: 132px; height: 89px;\" data-original-width=\"132\" data-original-height=\"89\" > <div class=\"tiled-gallery-item tiled-gallery-item-small\" itemprop=\"associatedMedia\" itemscope itemtype=\"http:\/\/schema.org\/ImageObject\"> <a href=\"https:\/\/i0.wp.com\/blog.kunstgriff.net\/wp-content\/uploads\/2017\/05\/Am-Deich-entlang.jpg?ssl=1\" border=\"0\" itemprop=\"url\"> <meta itemprop=\"width\" content=\"128\"> <meta itemprop=\"height\" content=\"85\"> <img decoding=\"async\" class=\"\" data-attachment-id=\"15583\" data-orig-file=\"https:\/\/blog.kunstgriff.net\/wp-content\/uploads\/2017\/05\/Am-Deich-entlang.jpg\" data-orig-size=\"2000,1333\" data-comments-opened=\"1\" data-image-meta=\"{&quot;aperture&quot;:&quot;2.8&quot;,&quot;credit&quot;:&quot;&quot;,&quot;camera&quot;:&quot;TG-4&quot;,&quot;caption&quot;:&quot;OLYMPUS DIGITAL CAMERA&quot;,&quot;created_timestamp&quot;:&quot;1495289920&quot;,&quot;copyright&quot;:&quot;&quot;,&quot;focal_length&quot;:&quot;4.5&quot;,&quot;iso&quot;:&quot;200&quot;,&quot;shutter_speed&quot;:&quot;0.000625&quot;,&quot;title&quot;:&quot;OLYMPUS DIGITAL CAMERA&quot;,&quot;orientation&quot;:&quot;1&quot;}\" data-image-title=\"Am Deich entlang\" data-image-description=\"\" data-medium-file=\"https:\/\/i0.wp.com\/blog.kunstgriff.net\/wp-content\/uploads\/2017\/05\/Am-Deich-entlang.jpg?fit=300%2C200&#038;ssl=1\" data-large-file=\"https:\/\/i0.wp.com\/blog.kunstgriff.net\/wp-content\/uploads\/2017\/05\/Am-Deich-entlang.jpg?fit=1024%2C682&#038;ssl=1\" src=\"https:\/\/i0.wp.com\/blog.kunstgriff.net\/wp-content\/uploads\/2017\/05\/Am-Deich-entlang.jpg?w=128&#038;h=85&#038;ssl=1\" srcset=\"https:\/\/i0.wp.com\/blog.kunstgriff.net\/wp-content\/uploads\/2017\/05\/Am-Deich-entlang.jpg?w=2000&amp;ssl=1 2000w, https:\/\/i0.wp.com\/blog.kunstgriff.net\/wp-content\/uploads\/2017\/05\/Am-Deich-entlang.jpg?resize=300%2C200&amp;ssl=1 300w, https:\/\/i0.wp.com\/blog.kunstgriff.net\/wp-content\/uploads\/2017\/05\/Am-Deich-entlang.jpg?resize=768%2C512&amp;ssl=1 768w, https:\/\/i0.wp.com\/blog.kunstgriff.net\/wp-content\/uploads\/2017\/05\/Am-Deich-entlang.jpg?resize=1024%2C682&amp;ssl=1 1024w, https:\/\/i0.wp.com\/blog.kunstgriff.net\/wp-content\/uploads\/2017\/05\/Am-Deich-entlang.jpg?resize=450%2C300&amp;ssl=1 450w, https:\/\/i0.wp.com\/blog.kunstgriff.net\/wp-content\/uploads\/2017\/05\/Am-Deich-entlang.jpg?w=1575&amp;ssl=1 1575w\" width=\"128\" height=\"85\" loading=\"lazy\" data-original-width=\"128\" data-original-height=\"85\" itemprop=\"http:\/\/schema.org\/image\" title=\"Am Deich entlang\" alt=\"Am Deich entlang\" style=\"width: 128px; height: 85px;\" \/> <\/a> <div class=\"tiled-gallery-caption\" itemprop=\"caption description\"> Am Deich entlang <\/div> <\/div> <\/div> <!-- close group --> <div class=\"gallery-group images-1\" style=\"width: 131px; height: 89px;\" data-original-width=\"131\" data-original-height=\"89\" > <div class=\"tiled-gallery-item tiled-gallery-item-small\" itemprop=\"associatedMedia\" itemscope itemtype=\"http:\/\/schema.org\/ImageObject\"> <a href=\"https:\/\/i0.wp.com\/blog.kunstgriff.net\/wp-content\/uploads\/2017\/05\/Geschafft-in-Utkieck.jpg?ssl=1\" border=\"0\" itemprop=\"url\"> <meta itemprop=\"width\" content=\"127\"> <meta itemprop=\"height\" content=\"85\"> <img decoding=\"async\" class=\"\" data-attachment-id=\"15584\" data-orig-file=\"https:\/\/blog.kunstgriff.net\/wp-content\/uploads\/2017\/05\/Geschafft-in-Utkieck.jpg\" data-orig-size=\"2000,1333\" data-comments-opened=\"1\" data-image-meta=\"{&quot;aperture&quot;:&quot;8&quot;,&quot;credit&quot;:&quot;&quot;,&quot;camera&quot;:&quot;TG-4&quot;,&quot;caption&quot;:&quot;OLYMPUS DIGITAL CAMERA&quot;,&quot;created_timestamp&quot;:&quot;1495293371&quot;,&quot;copyright&quot;:&quot;&quot;,&quot;focal_length&quot;:&quot;4.5&quot;,&quot;iso&quot;:&quot;250&quot;,&quot;shutter_speed&quot;:&quot;0.002&quot;,&quot;title&quot;:&quot;OLYMPUS DIGITAL CAMERA&quot;,&quot;orientation&quot;:&quot;1&quot;}\" data-image-title=\"Geschafft in Utkieck\" data-image-description=\"\" data-medium-file=\"https:\/\/i0.wp.com\/blog.kunstgriff.net\/wp-content\/uploads\/2017\/05\/Geschafft-in-Utkieck.jpg?fit=300%2C200&#038;ssl=1\" data-large-file=\"https:\/\/i0.wp.com\/blog.kunstgriff.net\/wp-content\/uploads\/2017\/05\/Geschafft-in-Utkieck.jpg?fit=1024%2C682&#038;ssl=1\" src=\"https:\/\/i0.wp.com\/blog.kunstgriff.net\/wp-content\/uploads\/2017\/05\/Geschafft-in-Utkieck.jpg?w=127&#038;h=85&#038;ssl=1\" srcset=\"https:\/\/i0.wp.com\/blog.kunstgriff.net\/wp-content\/uploads\/2017\/05\/Geschafft-in-Utkieck.jpg?w=2000&amp;ssl=1 2000w, https:\/\/i0.wp.com\/blog.kunstgriff.net\/wp-content\/uploads\/2017\/05\/Geschafft-in-Utkieck.jpg?resize=300%2C200&amp;ssl=1 300w, https:\/\/i0.wp.com\/blog.kunstgriff.net\/wp-content\/uploads\/2017\/05\/Geschafft-in-Utkieck.jpg?resize=768%2C512&amp;ssl=1 768w, https:\/\/i0.wp.com\/blog.kunstgriff.net\/wp-content\/uploads\/2017\/05\/Geschafft-in-Utkieck.jpg?resize=1024%2C682&amp;ssl=1 1024w, https:\/\/i0.wp.com\/blog.kunstgriff.net\/wp-content\/uploads\/2017\/05\/Geschafft-in-Utkieck.jpg?resize=450%2C300&amp;ssl=1 450w, https:\/\/i0.wp.com\/blog.kunstgriff.net\/wp-content\/uploads\/2017\/05\/Geschafft-in-Utkieck.jpg?w=1575&amp;ssl=1 1575w\" width=\"127\" height=\"85\" loading=\"lazy\" data-original-width=\"127\" data-original-height=\"85\" itemprop=\"http:\/\/schema.org\/image\" title=\"Geschafft in Utkieck\" alt=\"Geschafft in Utkieck\" style=\"width: 127px; height: 85px;\" \/> <\/a> <div class=\"tiled-gallery-caption\" itemprop=\"caption description\"> Geschafft in Utkieck <\/div> <\/div> <\/div> <!-- close group --> <div class=\"gallery-group images-1\" style=\"width: 131px; height: 89px;\" data-original-width=\"131\" data-original-height=\"89\" > <div class=\"tiled-gallery-item tiled-gallery-item-small\" itemprop=\"associatedMedia\" itemscope itemtype=\"http:\/\/schema.org\/ImageObject\"> <a href=\"https:\/\/i0.wp.com\/blog.kunstgriff.net\/wp-content\/uploads\/2017\/05\/Noch-haben-nicht-alle-ihr-Radler.jpg?ssl=1\" border=\"0\" itemprop=\"url\"> <meta itemprop=\"width\" content=\"127\"> <meta itemprop=\"height\" content=\"85\"> <img decoding=\"async\" class=\"\" data-attachment-id=\"15587\" data-orig-file=\"https:\/\/blog.kunstgriff.net\/wp-content\/uploads\/2017\/05\/Noch-haben-nicht-alle-ihr-Radler.jpg\" data-orig-size=\"2000,1333\" data-comments-opened=\"1\" data-image-meta=\"{&quot;aperture&quot;:&quot;8&quot;,&quot;credit&quot;:&quot;&quot;,&quot;camera&quot;:&quot;TG-4&quot;,&quot;caption&quot;:&quot;OLYMPUS DIGITAL CAMERA&quot;,&quot;created_timestamp&quot;:&quot;1495294323&quot;,&quot;copyright&quot;:&quot;&quot;,&quot;focal_length&quot;:&quot;4.5&quot;,&quot;iso&quot;:&quot;400&quot;,&quot;shutter_speed&quot;:&quot;0.002&quot;,&quot;title&quot;:&quot;OLYMPUS DIGITAL CAMERA&quot;,&quot;orientation&quot;:&quot;1&quot;}\" data-image-title=\"Noch haben nicht alle ihr Radler\" data-image-description=\"\" data-medium-file=\"https:\/\/i0.wp.com\/blog.kunstgriff.net\/wp-content\/uploads\/2017\/05\/Noch-haben-nicht-alle-ihr-Radler.jpg?fit=300%2C200&#038;ssl=1\" data-large-file=\"https:\/\/i0.wp.com\/blog.kunstgriff.net\/wp-content\/uploads\/2017\/05\/Noch-haben-nicht-alle-ihr-Radler.jpg?fit=1024%2C682&#038;ssl=1\" src=\"https:\/\/i0.wp.com\/blog.kunstgriff.net\/wp-content\/uploads\/2017\/05\/Noch-haben-nicht-alle-ihr-Radler.jpg?w=127&#038;h=85&#038;ssl=1\" srcset=\"https:\/\/i0.wp.com\/blog.kunstgriff.net\/wp-content\/uploads\/2017\/05\/Noch-haben-nicht-alle-ihr-Radler.jpg?w=2000&amp;ssl=1 2000w, https:\/\/i0.wp.com\/blog.kunstgriff.net\/wp-content\/uploads\/2017\/05\/Noch-haben-nicht-alle-ihr-Radler.jpg?resize=300%2C200&amp;ssl=1 300w, https:\/\/i0.wp.com\/blog.kunstgriff.net\/wp-content\/uploads\/2017\/05\/Noch-haben-nicht-alle-ihr-Radler.jpg?resize=768%2C512&amp;ssl=1 768w, https:\/\/i0.wp.com\/blog.kunstgriff.net\/wp-content\/uploads\/2017\/05\/Noch-haben-nicht-alle-ihr-Radler.jpg?resize=1024%2C682&amp;ssl=1 1024w, https:\/\/i0.wp.com\/blog.kunstgriff.net\/wp-content\/uploads\/2017\/05\/Noch-haben-nicht-alle-ihr-Radler.jpg?resize=450%2C300&amp;ssl=1 450w, https:\/\/i0.wp.com\/blog.kunstgriff.net\/wp-content\/uploads\/2017\/05\/Noch-haben-nicht-alle-ihr-Radler.jpg?w=1575&amp;ssl=1 1575w\" width=\"127\" height=\"85\" loading=\"lazy\" data-original-width=\"127\" data-original-height=\"85\" itemprop=\"http:\/\/schema.org\/image\" title=\"Noch haben nicht alle ihr Radler\" alt=\"Noch haben nicht alle ihr Radler\" style=\"width: 127px; height: 85px;\" \/> <\/a> <div class=\"tiled-gallery-caption\" itemprop=\"caption description\"> Noch haben nicht alle ihr Radler <\/div> <\/div> <\/div> <!-- close group --> <div class=\"gallery-group images-1\" style=\"width: 131px; height: 89px;\" data-original-width=\"131\" data-original-height=\"89\" > <div class=\"tiled-gallery-item tiled-gallery-item-small\" itemprop=\"associatedMedia\" itemscope itemtype=\"http:\/\/schema.org\/ImageObject\"> <a href=\"https:\/\/i0.wp.com\/blog.kunstgriff.net\/wp-content\/uploads\/2017\/05\/Warten-auf-den-Zug-nach-Hause.jpg?ssl=1\" border=\"0\" itemprop=\"url\"> <meta itemprop=\"width\" content=\"127\"> <meta itemprop=\"height\" content=\"85\"> <img decoding=\"async\" class=\"\" data-attachment-id=\"15591\" data-orig-file=\"https:\/\/blog.kunstgriff.net\/wp-content\/uploads\/2017\/05\/Warten-auf-den-Zug-nach-Hause.jpg\" data-orig-size=\"2000,1333\" data-comments-opened=\"1\" data-image-meta=\"{&quot;aperture&quot;:&quot;8&quot;,&quot;credit&quot;:&quot;&quot;,&quot;camera&quot;:&quot;TG-4&quot;,&quot;caption&quot;:&quot;OLYMPUS DIGITAL CAMERA&quot;,&quot;created_timestamp&quot;:&quot;1495306505&quot;,&quot;copyright&quot;:&quot;&quot;,&quot;focal_length&quot;:&quot;4.5&quot;,&quot;iso&quot;:&quot;200&quot;,&quot;shutter_speed&quot;:&quot;0.00125&quot;,&quot;title&quot;:&quot;OLYMPUS DIGITAL CAMERA&quot;,&quot;orientation&quot;:&quot;1&quot;}\" data-image-title=\"Warten auf den Zug nach Hause\" data-image-description=\"\" data-medium-file=\"https:\/\/i0.wp.com\/blog.kunstgriff.net\/wp-content\/uploads\/2017\/05\/Warten-auf-den-Zug-nach-Hause.jpg?fit=300%2C200&#038;ssl=1\" data-large-file=\"https:\/\/i0.wp.com\/blog.kunstgriff.net\/wp-content\/uploads\/2017\/05\/Warten-auf-den-Zug-nach-Hause.jpg?fit=1024%2C682&#038;ssl=1\" src=\"https:\/\/i0.wp.com\/blog.kunstgriff.net\/wp-content\/uploads\/2017\/05\/Warten-auf-den-Zug-nach-Hause.jpg?w=127&#038;h=85&#038;ssl=1\" srcset=\"https:\/\/i0.wp.com\/blog.kunstgriff.net\/wp-content\/uploads\/2017\/05\/Warten-auf-den-Zug-nach-Hause.jpg?w=2000&amp;ssl=1 2000w, https:\/\/i0.wp.com\/blog.kunstgriff.net\/wp-content\/uploads\/2017\/05\/Warten-auf-den-Zug-nach-Hause.jpg?resize=300%2C200&amp;ssl=1 300w, https:\/\/i0.wp.com\/blog.kunstgriff.net\/wp-content\/uploads\/2017\/05\/Warten-auf-den-Zug-nach-Hause.jpg?resize=768%2C512&amp;ssl=1 768w, https:\/\/i0.wp.com\/blog.kunstgriff.net\/wp-content\/uploads\/2017\/05\/Warten-auf-den-Zug-nach-Hause.jpg?resize=1024%2C682&amp;ssl=1 1024w, https:\/\/i0.wp.com\/blog.kunstgriff.net\/wp-content\/uploads\/2017\/05\/Warten-auf-den-Zug-nach-Hause.jpg?resize=450%2C300&amp;ssl=1 450w, https:\/\/i0.wp.com\/blog.kunstgriff.net\/wp-content\/uploads\/2017\/05\/Warten-auf-den-Zug-nach-Hause.jpg?w=1575&amp;ssl=1 1575w\" width=\"127\" height=\"85\" loading=\"lazy\" data-original-width=\"127\" data-original-height=\"85\" itemprop=\"http:\/\/schema.org\/image\" title=\"Warten auf den Zug nach Hause\" alt=\"Warten auf den Zug nach Hause\" style=\"width: 127px; height: 85px;\" \/> <\/a> <div class=\"tiled-gallery-caption\" itemprop=\"caption description\"> Warten auf den Zug nach Hause <\/div> <\/div> <\/div> <!-- close group --> <\/div> <!-- close row --> <\/div>\n<p><iframe loading=\"lazy\" src=\"https:\/\/www.strava.com\/activities\/997543130\/embed\/3b99bb95e0ea99331c4c1a16cde2be8604d6a185\" width=\"590\" height=\"405\" frameborder=\"0\" scrolling=\"no\"><\/iframe><\/p>\n<div style=\"width: 525px;\" class=\"wp-video\"><video class=\"wp-video-shortcode\" id=\"video-15579-1\" width=\"525\" height=\"295\" preload=\"metadata\" controls=\"controls\"><source type=\"video\/mp4\" src=\"https:\/\/blog.kunstgriff.net\/wp-content\/uploads\/2017\/05\/Relive-Pankow-\u00dcckeritz-mit-der-\u00bbCakeG\u00e4ng\u00ab.mp4?_=1\" \/><a href=\"https:\/\/blog.kunstgriff.net\/wp-content\/uploads\/2017\/05\/Relive-Pankow-\u00dcckeritz-mit-der-\u00bbCakeG\u00e4ng\u00ab.mp4\">https:\/\/blog.kunstgriff.net\/wp-content\/uploads\/2017\/05\/Relive-Pankow-\u00dcckeritz-mit-der-\u00bbCakeG\u00e4ng\u00ab.mp4<\/a><\/video><\/div>\n","protected":false},"excerpt":{"rendered":"<p>\u00bbEin Tag am Meer\u00ab Die ganze Woche schon war ich nicht nur wegen meines Urlaubs voller Vorfreude, nein auch die legend\u00e4re Usedom-Tour stand am Samstag mit der \u00bbCakeG\u00e4ng\u00ab auf dem Programm. Um kurz nach vier erwachte ich v\u00f6llig ohne Wecker und voller Tatentdrang aus einer traumlosen Nacht. M\u00fcsli und Kaffee konsumieren, in die Rennradbuchse und &hellip; <\/p>\n<p class=\"link-more\"><a href=\"https:\/\/blog.kunstgriff.net\/?p=15579\" class=\"more-link\"><span class=\"screen-reader-text\">\u201ePankow \u2013 \u00dcckeritz mit der \u00bbCakeG\u00e4ng\u00ab\u201c <\/span>weiterlesen<\/a><\/p>\n","protected":false},"author":2,"featured_media":15592,"comment_status":"open","ping_status":"open","sticky":false,"template":"","format":"standard","meta":{"jetpack_post_was_ever_published":false,"_jetpack_newsletter_access":"","_jetpack_dont_email_post_to_subs":false,"_jetpack_newsletter_tier_id":0,"_jetpack_memberships_contains_paywalled_content":false,"_jetpack_memberships_contains_paid_content":false,"footnotes":""},"categories":[48,34,14,7],"tags":[],"class_list":["post-15579","post","type-post","status-publish","format-standard","has-post-thumbnail","hentry","category-200er","category-cake-ride","category-radfahren","category-rennradfahren"],"jetpack_featured_media_url":"https:\/\/i0.wp.com\/blog.kunstgriff.net\/wp-content\/uploads\/2017\/05\/Wellen-dr%C3%BCcken-mit-den-Damen.jpg?fit=2000%2C1333&ssl=1","jetpack_shortlink":"https:\/\/wp.me\/p8Cxe7-43h","jetpack-related-posts":[{"id":1934,"url":"https:\/\/blog.kunstgriff.net\/?p=1934","url_meta":{"origin":15579,"position":0},"title":"Nonne-> Pankow-> Niederfinow-> Eberswalde","author":"Georg","date":"Juli 3, 2010","format":false,"excerpt":"oder \"Warum fahren so viele bei Hitze ohne Helm?\"Um 8:26 Uhr bin ich zuhause aufgebrochen, um p\u00fcnktlich um 9 Uhr den Treffpunkt in Pankow zu erreichen. Dort traf ich auf Christoph R., Jan M., Wolfgang H. und Dirk S.. Wir brachen dann p\u00fcnktlich um f\u00fcnf nach Neun Richtung Panketal auf.\u2026","rel":"","context":"In &quot;Radfahren&quot;","block_context":{"text":"Radfahren","link":"https:\/\/blog.kunstgriff.net\/?cat=14"},"img":{"alt_text":"","src":"","width":0,"height":0},"classes":[]},{"id":16648,"url":"https:\/\/blog.kunstgriff.net\/?p=16648","url_meta":{"origin":15579,"position":1},"title":"Mit der Nordgruppe ins L\u00f6wenberger Land","author":"Georg","date":"September 3, 2017","format":false,"excerpt":"\u00bbGrosse Gruppe - flotte Runde\u00ab Schon seit Freitag freute ich mich auf diese Runde, denn Sascha T. lud in den Norden. Der Track war von Alex geplant und so war eine hohe Touren-Qualit\u00e4t gewiss. Mit Marc C. fuhr ich locker zum Treffpunkt in Pankow, wo wir uns um kurz nach\u2026","rel":"","context":"In &quot;Cake-Ride&quot;","block_context":{"text":"Cake-Ride","link":"https:\/\/blog.kunstgriff.net\/?cat=34"},"img":{"alt_text":"","src":"https:\/\/i0.wp.com\/blog.kunstgriff.net\/wp-content\/uploads\/2017\/09\/Treffpunkt-AGIP-Dietzgenstrasse.jpg?fit=1200%2C800&ssl=1&resize=350%2C200","width":350,"height":200,"srcset":"https:\/\/i0.wp.com\/blog.kunstgriff.net\/wp-content\/uploads\/2017\/09\/Treffpunkt-AGIP-Dietzgenstrasse.jpg?fit=1200%2C800&ssl=1&resize=350%2C200 1x, https:\/\/i0.wp.com\/blog.kunstgriff.net\/wp-content\/uploads\/2017\/09\/Treffpunkt-AGIP-Dietzgenstrasse.jpg?fit=1200%2C800&ssl=1&resize=525%2C300 1.5x, https:\/\/i0.wp.com\/blog.kunstgriff.net\/wp-content\/uploads\/2017\/09\/Treffpunkt-AGIP-Dietzgenstrasse.jpg?fit=1200%2C800&ssl=1&resize=700%2C400 2x, https:\/\/i0.wp.com\/blog.kunstgriff.net\/wp-content\/uploads\/2017\/09\/Treffpunkt-AGIP-Dietzgenstrasse.jpg?fit=1200%2C800&ssl=1&resize=1050%2C600 3x"},"classes":[]},{"id":16393,"url":"https:\/\/blog.kunstgriff.net\/?p=16393","url_meta":{"origin":15579,"position":2},"title":"Pankow \u2013 \u00dcckeritz \u2013 Usedom v2","author":"Georg","date":"Juli 8, 2017","format":false,"excerpt":"\u00bbHeute mal etwas beschwerlicher\u00ab Nachdem ich in 2017 schon mal mit der Cake-G\u00e4ng an die Ostsee gerollter war, schrie die Unternehmung nach einer Wiederholung. Alexander lud zum Ritt zu den Wellen und sechs starke Radler wollten es mal wieder wissen. Der Siebte war ich und es rollte erstmal gar nicht\u2026","rel":"","context":"In &quot;200er&quot;","block_context":{"text":"200er","link":"https:\/\/blog.kunstgriff.net\/?cat=48"},"img":{"alt_text":"","src":"https:\/\/i0.wp.com\/blog.kunstgriff.net\/wp-content\/uploads\/2017\/07\/Angekommen-in-Utkieck.jpg?fit=1200%2C800&ssl=1&resize=350%2C200","width":350,"height":200,"srcset":"https:\/\/i0.wp.com\/blog.kunstgriff.net\/wp-content\/uploads\/2017\/07\/Angekommen-in-Utkieck.jpg?fit=1200%2C800&ssl=1&resize=350%2C200 1x, https:\/\/i0.wp.com\/blog.kunstgriff.net\/wp-content\/uploads\/2017\/07\/Angekommen-in-Utkieck.jpg?fit=1200%2C800&ssl=1&resize=525%2C300 1.5x, https:\/\/i0.wp.com\/blog.kunstgriff.net\/wp-content\/uploads\/2017\/07\/Angekommen-in-Utkieck.jpg?fit=1200%2C800&ssl=1&resize=700%2C400 2x, https:\/\/i0.wp.com\/blog.kunstgriff.net\/wp-content\/uploads\/2017\/07\/Angekommen-in-Utkieck.jpg?fit=1200%2C800&ssl=1&resize=1050%2C600 3x"},"classes":[]},{"id":9091,"url":"https:\/\/blog.kunstgriff.net\/?p=9091","url_meta":{"origin":15579,"position":3},"title":"Niederfinow-Frau K\u00fchn-Tour","author":"Georg","date":"September 9, 2012","format":false,"excerpt":"oder \u00bbTolle Truppe & Wetter f\u00fcr eine perfekte Ausfahrt\u00ab Schon seit fast einem Jahr hatte ich dieses herrliche Ausflugsziel am Schiffshebewerk nicht mehr angeradelt und so war es endlich wieder einmal an der Zeit, Frau K\u00fchn und ihrer schmackhaften K\u00fcche einen Besuch abzustatten. Christian und ich hatten die Route und\u2026","rel":"","context":"In &quot;Radfahren&quot;","block_context":{"text":"Radfahren","link":"https:\/\/blog.kunstgriff.net\/?cat=14"},"img":{"alt_text":"","src":"https:\/\/i0.wp.com\/blog.kunstgriff.net\/wp-content\/uploads\/2012\/09\/Bei-Wandlitz-kurze-auf-den-Rest-gewartet.jpg?fit=1000%2C750&ssl=1&resize=350%2C200","width":350,"height":200,"srcset":"https:\/\/i0.wp.com\/blog.kunstgriff.net\/wp-content\/uploads\/2012\/09\/Bei-Wandlitz-kurze-auf-den-Rest-gewartet.jpg?fit=1000%2C750&ssl=1&resize=350%2C200 1x, https:\/\/i0.wp.com\/blog.kunstgriff.net\/wp-content\/uploads\/2012\/09\/Bei-Wandlitz-kurze-auf-den-Rest-gewartet.jpg?fit=1000%2C750&ssl=1&resize=525%2C300 1.5x, https:\/\/i0.wp.com\/blog.kunstgriff.net\/wp-content\/uploads\/2012\/09\/Bei-Wandlitz-kurze-auf-den-Rest-gewartet.jpg?fit=1000%2C750&ssl=1&resize=700%2C400 2x"},"classes":[]},{"id":529,"url":"https:\/\/blog.kunstgriff.net\/?p=529","url_meta":{"origin":15579,"position":4},"title":"lange Herbstrunde um den Werbelinsee","author":"Georg","date":"Dezember 5, 2009","format":false,"excerpt":"Irgendwie konnte ich mich fast gar nicht aufraffen um heute eine Tour zu fahren. Zum Einen liegt mir die Anfahrt nach Pankow durch die Stadt nicht sonderlich, zum Anderen machte der Blick auf den Au\u00dfenthermometer die Sache auch nicht einfacher: 2\u00b0C. Also ich dann um 9 Uhr zum B\u00e4cker ging\u2026","rel":"","context":"In &quot;Garmin&quot;","block_context":{"text":"Garmin","link":"https:\/\/blog.kunstgriff.net\/?cat=35"},"img":{"alt_text":"","src":"","width":0,"height":0},"classes":[]},{"id":12502,"url":"https:\/\/blog.kunstgriff.net\/?p=12502","url_meta":{"origin":15579,"position":5},"title":"Niederfinow-Schiffshebewerk-Tour","author":"Georg","date":"April 25, 2015","format":false,"excerpt":"oder \u00bbOhne Frau K\u00fchn in die Barnimer Heide\u00ab In Ermangelung besserer Touren Angebote\u00a0Da ich schon so lange nicht mehr oben raus gefahren bin und Alexander dankenswerter Weise eine Tour in die herrliche Barnimer Heide\u00a0angeboten hatte, musste ich nicht lange \u00fcberlegen, wo heute Rennrad gefahren werden sollte. Ne halbe Stunde Anfahrt\u2026","rel":"","context":"In &quot;Allgemein&quot;","block_context":{"text":"Allgemein","link":"https:\/\/blog.kunstgriff.net\/?cat=1"},"img":{"alt_text":"","src":"https:\/\/i0.wp.com\/blog.kunstgriff.net\/wp-content\/uploads\/2015\/04\/Diese-Bahnschranke-ist-immer-unten.jpg?fit=1200%2C900&ssl=1&resize=350%2C200","width":350,"height":200,"srcset":"https:\/\/i0.wp.com\/blog.kunstgriff.net\/wp-content\/uploads\/2015\/04\/Diese-Bahnschranke-ist-immer-unten.jpg?fit=1200%2C900&ssl=1&resize=350%2C200 1x, https:\/\/i0.wp.com\/blog.kunstgriff.net\/wp-content\/uploads\/2015\/04\/Diese-Bahnschranke-ist-immer-unten.jpg?fit=1200%2C900&ssl=1&resize=525%2C300 1.5x, https:\/\/i0.wp.com\/blog.kunstgriff.net\/wp-content\/uploads\/2015\/04\/Diese-Bahnschranke-ist-immer-unten.jpg?fit=1200%2C900&ssl=1&resize=700%2C400 2x, https:\/\/i0.wp.com\/blog.kunstgriff.net\/wp-content\/uploads\/2015\/04\/Diese-Bahnschranke-ist-immer-unten.jpg?fit=1200%2C900&ssl=1&resize=1050%2C600 3x"},"classes":[]}],"jetpack_likes_enabled":true,"jetpack_sharing_enabled":true,"_links":{"self":[{"href":"https:\/\/blog.kunstgriff.net\/index.php?rest_route=\/wp\/v2\/posts\/15579","targetHints":{"allow":["GET"]}}],"collection":[{"href":"https:\/\/blog.kunstgriff.net\/index.php?rest_route=\/wp\/v2\/posts"}],"about":[{"href":"https:\/\/blog.kunstgriff.net\/index.php?rest_route=\/wp\/v2\/types\/post"}],"author":[{"embeddable":true,"href":"https:\/\/blog.kunstgriff.net\/index.php?rest_route=\/wp\/v2\/users\/2"}],"replies":[{"embeddable":true,"href":"https:\/\/blog.kunstgriff.net\/index.php?rest_route=%2Fwp%2Fv2%2Fcomments&post=15579"}],"version-history":[{"count":0,"href":"https:\/\/blog.kunstgriff.net\/index.php?rest_route=\/wp\/v2\/posts\/15579\/revisions"}],"wp:featuredmedia":[{"embeddable":true,"href":"https:\/\/blog.kunstgriff.net\/index.php?rest_route=\/wp\/v2\/media\/15592"}],"wp:attachment":[{"href":"https:\/\/blog.kunstgriff.net\/index.php?rest_route=%2Fwp%2Fv2%2Fmedia&parent=15579"}],"wp:term":[{"taxonomy":"category","embeddable":true,"href":"https:\/\/blog.kunstgriff.net\/index.php?rest_route=%2Fwp%2Fv2%2Fcategories&post=15579"},{"taxonomy":"post_tag","embeddable":true,"href":"https:\/\/blog.kunstgriff.net\/index.php?rest_route=%2Fwp%2Fv2%2Ftags&post=15579"}],"curies":[{"name":"wp","href":"https:\/\/api.w.org\/{rel}","templated":true}]}}